{"id":1058,"date":"2019-09-20T16:36:42","date_gmt":"2019-09-20T16:36:42","guid":{"rendered":"https:\/\/eludementsusega.ee\/?p=1058"},"modified":"2019-09-20T16:36:42","modified_gmt":"2019-09-20T16:36:42","slug":"maailma-alzheimeri-uuring-2019-vaga-paljud-inimesed-kardavad-et-neil-voib-kunagi-areneda-dementsus","status":"publish","type":"post","link":"https:\/\/dementsus.ee\/en\/maailma-alzheimeri-uuring-2019-vaga-paljud-inimesed-kardavad-et-neil-voib-kunagi-areneda-dementsus\/","title":{"rendered":"Maailma Alzheimeri uuring 2019: dementsusest on palju valearvamusi!"},"content":{"rendered":"<p>T\u00e4na, p\u00e4ev enne 21. septembril t\u00e4histatavat rahvusvahelist Alzheimeri p\u00e4eva tutvustati <a href=\"https:\/\/www.alz.co.uk\/research\/world-report-2019\" target=\"_blank\" rel=\"noopener noreferrer\">Maailma Alzheimeri aruannet 2019 &#8220;Suhtumine dementsusesse&#8221;<\/a> , mis on suuremahulisem \u00fclemaailmselt l\u00e4bi viidud dementsusesse suhtumist anal\u00fc\u00fcsiv uuring. Uuringus osales 70 tuhat inimest 155-st erinevast riigist, vastajate hulgas oli nii dementsusega inimesi, omastehooldajaid, tervishoiu- ja sotsiaalhoolekande ning muude valdkondade spetsialiste. Aruande on kokku pannud <em><a href=\"http:\/\/www.lse.ac.uk\/\" target=\"_blank\" rel=\"noopener noreferrer\">London School of Economics and Political Science<\/a>, <\/em>selle tegemist on juhtinud rahvusvaheline organisatsioon<em><a href=\"https:\/\/www.alz.co.uk\/\" target=\"_blank\" rel=\"noopener noreferrer\"> Alzheimer\u00b4s Disease International<\/a>.\u00a0<\/em><\/p>\n<p>Olulisemad j\u00e4reldused:<\/p>\n<ul>\n<li><strong>95%<\/strong> tavakodanikest arvab, et neil v\u00f5ib kunagi areneda dementsus<\/li>\n<li><strong>1 <\/strong>inimene<strong> 4<\/strong>-st arvab, et dementsust ei ole v\u00f5imalik ennetada<\/li>\n<li><strong>2<\/strong> inimest <strong>3<\/strong>-st arvab, et dementsus on osa normaalsest vananemisest (see n\u00e4itab madalat tealdikkust, kuna ei otsita abi ja ei teata, et tegemist on haigusega. \u00d5igeaegne abi v\u00f5imaldab haiguse kulgu pidurdada ning parandada elukvaliteeti!)<\/li>\n<li>\u00fcle maailma<strong> 35%<\/strong>\u00a0 omastehooldajatest \u00fctlevad, et on varjanud oma pereliikme ees tema dementsuse diagnoosi<\/li>\n<li>\u00fcle<strong> 50%<\/strong> omastehooldajaid \u00fcle maailma \u00fctlevad, et nende tervis on hoolduskoormuse t\u00f5ttu kannatanud, isegi kui nad suhtuvad oma hooldaja rolli positiivselt<\/li>\n<li>peaaegu<strong> 62%<\/strong> tervishoiuteenuse osutajatest arvab, et dementsus on osa normaalsest vananemisest<\/li>\n<li><strong>40%<\/strong> tavakodanikest arvab, et arstid ja \u00f5ed eiravad dementsusega inimesi<\/li>\n<li><strong>40%<\/strong> tavakodanikest arvab, et dementsusega inimesi ja nende pereliikmeid toetavadi teenuseid ei ole piisavalt<\/li>\n<li><strong>91%<\/strong> vastanutest arvab, et inimesed ei peaks varjama oma dementsuse diagnoosi<\/li>\n<li>stigmatiseerivalt suhtub dementsusesse enam mehi kui naisi<\/li>\n<\/ul>\n<p>T\u00e4ispikk uuring on siin: <a href=\"https:\/\/www.alz.co.uk\/research\/WorldAlzheimerReport2019.pdf\" target=\"_blank\" rel=\"noopener noreferrer\">WORLD ALZHEIMER REPORT 2019<\/a><\/p>\n<p>Maailmas elab \u00fcle 50 miljoni dementsusega inimese ning aastaks 2050 prognoositakse dementsuse kolmekordistumist,\u00a0 kasvades 152 miljoni inimeseni. Alzheimeri t\u00f5bi ja teised dementsused on maailmas surma p\u00f5hjustavate haiguste hulgas <strong>5<\/strong>ndal kohal!<\/p>\n<p>2019 septembri kui rahvusvahelise Alzheimeri kuu kampaania s\u00f5numiks on &#8220;R\u00e4\u00e4gime dementsusest!&#8221;<\/p>\n<p>Soovime k\u00f5igile head Alzheimeri p\u00e4eva!<\/p>\n","protected":false},"excerpt":{"rendered":"<p>T\u00e4na, p\u00e4ev enne 21. septembril t\u00e4histatavat rahvusvahelist Alzheimeri p\u00e4eva tutvustati Maailma Alzheimeri aruannet 2019 &#8220;Suhtumine dementsusesse&#8221; , mis on suuremahulisem \u00fclemaailmselt l\u00e4bi viidud dementsusesse suhtumist anal\u00fc\u00fcsiv uuring. Uuringus osales 70 tuhat inimest 155-st erinevast riigist, vastajate hulgas oli nii dementsusega inimesi, omastehooldajaid, tervishoiu- ja sotsiaalhoolekande ning muude valdkondade spetsialiste. Aruande on kokku pannud London School [&hellip;]<\/p>\n","protected":false},"author":2,"featured_media":1068,"comment_status":"open","ping_status":"open","sticky":false,"template":"","format":"standard","meta":{"footnotes":""},"categories":[1],"tags":[],"autor":[],"class_list":["post-1058","post","type-post","status-publish","format-standard","has-post-thumbnail","hentry","category-maaratlemata"],"yoast_head":"<!-- This site is optimized with the Yoast SEO plugin v26.2 - https:\/\/yoast.com\/wordpress\/plugins\/seo\/ -->\n<title>Maailma Alzheimeri uuring 2019: dementsusest on palju valearvamusi! - Dementsuse Kompetentsikeskus<\/title>\n<meta name=\"robots\" content=\"index, follow, max-snippet:-1, max-image-preview:large, max-video-preview:-1\" \/>\n<link rel=\"canonical\" href=\"https:\/\/dementsus.ee\/en\/maailma-alzheimeri-uuring-2019-vaga-paljud-inimesed-kardavad-et-neil-voib-kunagi-areneda-dementsus\/\" \/>\n<meta property=\"og:locale\" content=\"en_US\" \/>\n<meta property=\"og:type\" content=\"article\" \/>\n<meta property=\"og:title\" content=\"Maailma Alzheimeri uuring 2019: dementsusest on palju valearvamusi! - Dementsuse Kompetentsikeskus\" \/>\n<meta property=\"og:description\" content=\"T\u00e4na, p\u00e4ev enne 21. septembril t\u00e4histatavat rahvusvahelist Alzheimeri p\u00e4eva tutvustati Maailma Alzheimeri aruannet 2019 &#8220;Suhtumine dementsusesse&#8221; , mis on suuremahulisem \u00fclemaailmselt l\u00e4bi viidud dementsusesse suhtumist anal\u00fc\u00fcsiv uuring. Uuringus osales 70 tuhat inimest 155-st erinevast riigist, vastajate hulgas oli nii dementsusega inimesi, omastehooldajaid, tervishoiu- ja sotsiaalhoolekande ning muude valdkondade spetsialiste. Aruande on kokku pannud London School [&hellip;]\" \/>\n<meta property=\"og:url\" content=\"https:\/\/dementsus.ee\/en\/maailma-alzheimeri-uuring-2019-vaga-paljud-inimesed-kardavad-et-neil-voib-kunagi-areneda-dementsus\/\" \/>\n<meta property=\"og:site_name\" content=\"Dementsuse Kompetentsikeskus\" \/>\n<meta property=\"article:published_time\" content=\"2019-09-20T16:36:42+00:00\" \/>\n<meta property=\"og:image\" content=\"https:\/\/dementsus.ee\/wp-content\/uploads\/2019\/09\/Allalaaditud-fail.png\" \/>\n\t<meta property=\"og:image:width\" content=\"225\" \/>\n\t<meta property=\"og:image:height\" content=\"225\" \/>\n\t<meta property=\"og:image:type\" content=\"image\/png\" \/>\n<meta name=\"author\" content=\"Kermo\" \/>\n<meta name=\"twitter:card\" content=\"summary_large_image\" \/>\n<meta name=\"twitter:label1\" content=\"Written by\" \/>\n\t<meta name=\"twitter:data1\" content=\"Kermo\" \/>\n\t<meta name=\"twitter:label2\" content=\"Est. reading time\" \/>\n\t<meta name=\"twitter:data2\" content=\"1 minute\" \/>\n<script type=\"application\/ld+json\" class=\"yoast-schema-graph\">{\"@context\":\"https:\/\/schema.org\",\"@graph\":[{\"@type\":\"Article\",\"@id\":\"https:\/\/dementsus.ee\/en\/maailma-alzheimeri-uuring-2019-vaga-paljud-inimesed-kardavad-et-neil-voib-kunagi-areneda-dementsus\/#article\",\"isPartOf\":{\"@id\":\"https:\/\/dementsus.ee\/en\/maailma-alzheimeri-uuring-2019-vaga-paljud-inimesed-kardavad-et-neil-voib-kunagi-areneda-dementsus\/\"},\"author\":{\"name\":\"Kermo\",\"@id\":\"https:\/\/dementsus.ee\/en\/#\/schema\/person\/dd93d64f20e6c5add626937f6b5931ed\"},\"headline\":\"Maailma Alzheimeri uuring 2019: dementsusest on palju valearvamusi!\",\"datePublished\":\"2019-09-20T16:36:42+00:00\",\"mainEntityOfPage\":{\"@id\":\"https:\/\/dementsus.ee\/en\/maailma-alzheimeri-uuring-2019-vaga-paljud-inimesed-kardavad-et-neil-voib-kunagi-areneda-dementsus\/\"},\"wordCount\":275,\"commentCount\":0,\"publisher\":{\"@id\":\"https:\/\/dementsus.ee\/en\/#organization\"},\"image\":{\"@id\":\"https:\/\/dementsus.ee\/en\/maailma-alzheimeri-uuring-2019-vaga-paljud-inimesed-kardavad-et-neil-voib-kunagi-areneda-dementsus\/#primaryimage\"},\"thumbnailUrl\":\"https:\/\/dementsus.ee\/wp-content\/uploads\/2019\/09\/Allalaaditud-fail.png\",\"articleSection\":[\"M\u00e4\u00e4ratlemata\"],\"inLanguage\":\"en-US\"},{\"@type\":\"WebPage\",\"@id\":\"https:\/\/dementsus.ee\/en\/maailma-alzheimeri-uuring-2019-vaga-paljud-inimesed-kardavad-et-neil-voib-kunagi-areneda-dementsus\/\",\"url\":\"https:\/\/dementsus.ee\/en\/maailma-alzheimeri-uuring-2019-vaga-paljud-inimesed-kardavad-et-neil-voib-kunagi-areneda-dementsus\/\",\"name\":\"Maailma Alzheimeri uuring 2019: dementsusest on palju valearvamusi! - Dementsuse Kompetentsikeskus\",\"isPartOf\":{\"@id\":\"https:\/\/dementsus.ee\/en\/#website\"},\"primaryImageOfPage\":{\"@id\":\"https:\/\/dementsus.ee\/en\/maailma-alzheimeri-uuring-2019-vaga-paljud-inimesed-kardavad-et-neil-voib-kunagi-areneda-dementsus\/#primaryimage\"},\"image\":{\"@id\":\"https:\/\/dementsus.ee\/en\/maailma-alzheimeri-uuring-2019-vaga-paljud-inimesed-kardavad-et-neil-voib-kunagi-areneda-dementsus\/#primaryimage\"},\"thumbnailUrl\":\"https:\/\/dementsus.ee\/wp-content\/uploads\/2019\/09\/Allalaaditud-fail.png\",\"datePublished\":\"2019-09-20T16:36:42+00:00\",\"breadcrumb\":{\"@id\":\"https:\/\/dementsus.ee\/en\/maailma-alzheimeri-uuring-2019-vaga-paljud-inimesed-kardavad-et-neil-voib-kunagi-areneda-dementsus\/#breadcrumb\"},\"inLanguage\":\"en-US\",\"potentialAction\":[{\"@type\":\"ReadAction\",\"target\":[\"https:\/\/dementsus.ee\/en\/maailma-alzheimeri-uuring-2019-vaga-paljud-inimesed-kardavad-et-neil-voib-kunagi-areneda-dementsus\/\"]}]},{\"@type\":\"ImageObject\",\"inLanguage\":\"en-US\",\"@id\":\"https:\/\/dementsus.ee\/en\/maailma-alzheimeri-uuring-2019-vaga-paljud-inimesed-kardavad-et-neil-voib-kunagi-areneda-dementsus\/#primaryimage\",\"url\":\"https:\/\/dementsus.ee\/wp-content\/uploads\/2019\/09\/Allalaaditud-fail.png\",\"contentUrl\":\"https:\/\/dementsus.ee\/wp-content\/uploads\/2019\/09\/Allalaaditud-fail.png\",\"width\":225,\"height\":225},{\"@type\":\"BreadcrumbList\",\"@id\":\"https:\/\/dementsus.ee\/en\/maailma-alzheimeri-uuring-2019-vaga-paljud-inimesed-kardavad-et-neil-voib-kunagi-areneda-dementsus\/#breadcrumb\",\"itemListElement\":[{\"@type\":\"ListItem\",\"position\":1,\"name\":\"Esileht\",\"item\":\"https:\/\/dementsus.ee\/en\/\"},{\"@type\":\"ListItem\",\"position\":2,\"name\":\"Maailma Alzheimeri uuring 2019: dementsusest on palju valearvamusi!\"}]},{\"@type\":\"WebSite\",\"@id\":\"https:\/\/dementsus.ee\/en\/#website\",\"url\":\"https:\/\/dementsus.ee\/en\/\",\"name\":\"Dementsuse Kompetentsikeskus\",\"description\":\"dementsuse info ja abi\",\"publisher\":{\"@id\":\"https:\/\/dementsus.ee\/en\/#organization\"},\"potentialAction\":[{\"@type\":\"SearchAction\",\"target\":{\"@type\":\"EntryPoint\",\"urlTemplate\":\"https:\/\/dementsus.ee\/en\/?s={search_term_string}\"},\"query-input\":{\"@type\":\"PropertyValueSpecification\",\"valueRequired\":true,\"valueName\":\"search_term_string\"}}],\"inLanguage\":\"en-US\"},{\"@type\":\"Organization\",\"@id\":\"https:\/\/dementsus.ee\/en\/#organization\",\"name\":\"Dementsuse Kompetentsikeskus\",\"url\":\"https:\/\/dementsus.ee\/en\/\",\"logo\":{\"@type\":\"ImageObject\",\"inLanguage\":\"en-US\",\"@id\":\"https:\/\/dementsus.ee\/en\/#\/schema\/logo\/image\/\",\"url\":\"https:\/\/dementsus.ee\/wp-content\/uploads\/2023\/07\/ED_logo_kodukale.svg\",\"contentUrl\":\"https:\/\/dementsus.ee\/wp-content\/uploads\/2023\/07\/ED_logo_kodukale.svg\",\"caption\":\"Dementsuse Kompetentsikeskus\"},\"image\":{\"@id\":\"https:\/\/dementsus.ee\/en\/#\/schema\/logo\/image\/\"}},{\"@type\":\"Person\",\"@id\":\"https:\/\/dementsus.ee\/en\/#\/schema\/person\/dd93d64f20e6c5add626937f6b5931ed\",\"name\":\"Kermo\",\"image\":{\"@type\":\"ImageObject\",\"inLanguage\":\"en-US\",\"@id\":\"https:\/\/dementsus.ee\/en\/#\/schema\/person\/image\/\",\"url\":\"https:\/\/secure.gravatar.com\/avatar\/b2f0128e9063b66b5c6e595d8f4c39037d52f729089f1ad5afc34656e1d58a64?s=96&d=mm&r=g\",\"contentUrl\":\"https:\/\/secure.gravatar.com\/avatar\/b2f0128e9063b66b5c6e595d8f4c39037d52f729089f1ad5afc34656e1d58a64?s=96&d=mm&r=g\",\"caption\":\"Kermo\"},\"url\":\"https:\/\/dementsus.ee\/en\/author\/kermo\/\"}]}<\/script>\n<!-- \/ Yoast SEO plugin. -->","yoast_head_json":{"title":"Maailma Alzheimeri uuring 2019: dementsusest on palju valearvamusi! - Dementsuse Kompetentsikeskus","robots":{"index":"index","follow":"follow","max-snippet":"max-snippet:-1","max-image-preview":"max-image-preview:large","max-video-preview":"max-video-preview:-1"},"canonical":"https:\/\/dementsus.ee\/en\/maailma-alzheimeri-uuring-2019-vaga-paljud-inimesed-kardavad-et-neil-voib-kunagi-areneda-dementsus\/","og_locale":"en_US","og_type":"article","og_title":"Maailma Alzheimeri uuring 2019: dementsusest on palju valearvamusi! - Dementsuse Kompetentsikeskus","og_description":"T\u00e4na, p\u00e4ev enne 21. septembril t\u00e4histatavat rahvusvahelist Alzheimeri p\u00e4eva tutvustati Maailma Alzheimeri aruannet 2019 &#8220;Suhtumine dementsusesse&#8221; , mis on suuremahulisem \u00fclemaailmselt l\u00e4bi viidud dementsusesse suhtumist anal\u00fc\u00fcsiv uuring. Uuringus osales 70 tuhat inimest 155-st erinevast riigist, vastajate hulgas oli nii dementsusega inimesi, omastehooldajaid, tervishoiu- ja sotsiaalhoolekande ning muude valdkondade spetsialiste. Aruande on kokku pannud London School [&hellip;]","og_url":"https:\/\/dementsus.ee\/en\/maailma-alzheimeri-uuring-2019-vaga-paljud-inimesed-kardavad-et-neil-voib-kunagi-areneda-dementsus\/","og_site_name":"Dementsuse Kompetentsikeskus","article_published_time":"2019-09-20T16:36:42+00:00","og_image":[{"width":225,"height":225,"url":"https:\/\/dementsus.ee\/wp-content\/uploads\/2019\/09\/Allalaaditud-fail.png","type":"image\/png"}],"author":"Kermo","twitter_card":"summary_large_image","twitter_misc":{"Written by":"Kermo","Est. reading time":"1 minute"},"schema":{"@context":"https:\/\/schema.org","@graph":[{"@type":"Article","@id":"https:\/\/dementsus.ee\/en\/maailma-alzheimeri-uuring-2019-vaga-paljud-inimesed-kardavad-et-neil-voib-kunagi-areneda-dementsus\/#article","isPartOf":{"@id":"https:\/\/dementsus.ee\/en\/maailma-alzheimeri-uuring-2019-vaga-paljud-inimesed-kardavad-et-neil-voib-kunagi-areneda-dementsus\/"},"author":{"name":"Kermo","@id":"https:\/\/dementsus.ee\/en\/#\/schema\/person\/dd93d64f20e6c5add626937f6b5931ed"},"headline":"Maailma Alzheimeri uuring 2019: dementsusest on palju valearvamusi!","datePublished":"2019-09-20T16:36:42+00:00","mainEntityOfPage":{"@id":"https:\/\/dementsus.ee\/en\/maailma-alzheimeri-uuring-2019-vaga-paljud-inimesed-kardavad-et-neil-voib-kunagi-areneda-dementsus\/"},"wordCount":275,"commentCount":0,"publisher":{"@id":"https:\/\/dementsus.ee\/en\/#organization"},"image":{"@id":"https:\/\/dementsus.ee\/en\/maailma-alzheimeri-uuring-2019-vaga-paljud-inimesed-kardavad-et-neil-voib-kunagi-areneda-dementsus\/#primaryimage"},"thumbnailUrl":"https:\/\/dementsus.ee\/wp-content\/uploads\/2019\/09\/Allalaaditud-fail.png","articleSection":["M\u00e4\u00e4ratlemata"],"inLanguage":"en-US"},{"@type":"WebPage","@id":"https:\/\/dementsus.ee\/en\/maailma-alzheimeri-uuring-2019-vaga-paljud-inimesed-kardavad-et-neil-voib-kunagi-areneda-dementsus\/","url":"https:\/\/dementsus.ee\/en\/maailma-alzheimeri-uuring-2019-vaga-paljud-inimesed-kardavad-et-neil-voib-kunagi-areneda-dementsus\/","name":"Maailma Alzheimeri uuring 2019: dementsusest on palju valearvamusi! - Dementsuse Kompetentsikeskus","isPartOf":{"@id":"https:\/\/dementsus.ee\/en\/#website"},"primaryImageOfPage":{"@id":"https:\/\/dementsus.ee\/en\/maailma-alzheimeri-uuring-2019-vaga-paljud-inimesed-kardavad-et-neil-voib-kunagi-areneda-dementsus\/#primaryimage"},"image":{"@id":"https:\/\/dementsus.ee\/en\/maailma-alzheimeri-uuring-2019-vaga-paljud-inimesed-kardavad-et-neil-voib-kunagi-areneda-dementsus\/#primaryimage"},"thumbnailUrl":"https:\/\/dementsus.ee\/wp-content\/uploads\/2019\/09\/Allalaaditud-fail.png","datePublished":"2019-09-20T16:36:42+00:00","breadcrumb":{"@id":"https:\/\/dementsus.ee\/en\/maailma-alzheimeri-uuring-2019-vaga-paljud-inimesed-kardavad-et-neil-voib-kunagi-areneda-dementsus\/#breadcrumb"},"inLanguage":"en-US","potentialAction":[{"@type":"ReadAction","target":["https:\/\/dementsus.ee\/en\/maailma-alzheimeri-uuring-2019-vaga-paljud-inimesed-kardavad-et-neil-voib-kunagi-areneda-dementsus\/"]}]},{"@type":"ImageObject","inLanguage":"en-US","@id":"https:\/\/dementsus.ee\/en\/maailma-alzheimeri-uuring-2019-vaga-paljud-inimesed-kardavad-et-neil-voib-kunagi-areneda-dementsus\/#primaryimage","url":"https:\/\/dementsus.ee\/wp-content\/uploads\/2019\/09\/Allalaaditud-fail.png","contentUrl":"https:\/\/dementsus.ee\/wp-content\/uploads\/2019\/09\/Allalaaditud-fail.png","width":225,"height":225},{"@type":"BreadcrumbList","@id":"https:\/\/dementsus.ee\/en\/maailma-alzheimeri-uuring-2019-vaga-paljud-inimesed-kardavad-et-neil-voib-kunagi-areneda-dementsus\/#breadcrumb","itemListElement":[{"@type":"ListItem","position":1,"name":"Esileht","item":"https:\/\/dementsus.ee\/en\/"},{"@type":"ListItem","position":2,"name":"Maailma Alzheimeri uuring 2019: dementsusest on palju valearvamusi!"}]},{"@type":"WebSite","@id":"https:\/\/dementsus.ee\/en\/#website","url":"https:\/\/dementsus.ee\/en\/","name":"Dementsuse Kompetentsikeskus","description":"dementsuse info ja abi","publisher":{"@id":"https:\/\/dementsus.ee\/en\/#organization"},"potentialAction":[{"@type":"SearchAction","target":{"@type":"EntryPoint","urlTemplate":"https:\/\/dementsus.ee\/en\/?s={search_term_string}"},"query-input":{"@type":"PropertyValueSpecification","valueRequired":true,"valueName":"search_term_string"}}],"inLanguage":"en-US"},{"@type":"Organization","@id":"https:\/\/dementsus.ee\/en\/#organization","name":"Dementsuse Kompetentsikeskus","url":"https:\/\/dementsus.ee\/en\/","logo":{"@type":"ImageObject","inLanguage":"en-US","@id":"https:\/\/dementsus.ee\/en\/#\/schema\/logo\/image\/","url":"https:\/\/dementsus.ee\/wp-content\/uploads\/2023\/07\/ED_logo_kodukale.svg","contentUrl":"https:\/\/dementsus.ee\/wp-content\/uploads\/2023\/07\/ED_logo_kodukale.svg","caption":"Dementsuse Kompetentsikeskus"},"image":{"@id":"https:\/\/dementsus.ee\/en\/#\/schema\/logo\/image\/"}},{"@type":"Person","@id":"https:\/\/dementsus.ee\/en\/#\/schema\/person\/dd93d64f20e6c5add626937f6b5931ed","name":"Kermo","image":{"@type":"ImageObject","inLanguage":"en-US","@id":"https:\/\/dementsus.ee\/en\/#\/schema\/person\/image\/","url":"https:\/\/secure.gravatar.com\/avatar\/b2f0128e9063b66b5c6e595d8f4c39037d52f729089f1ad5afc34656e1d58a64?s=96&d=mm&r=g","contentUrl":"https:\/\/secure.gravatar.com\/avatar\/b2f0128e9063b66b5c6e595d8f4c39037d52f729089f1ad5afc34656e1d58a64?s=96&d=mm&r=g","caption":"Kermo"},"url":"https:\/\/dementsus.ee\/en\/author\/kermo\/"}]}},"_links":{"self":[{"href":"https:\/\/dementsus.ee\/en\/wp-json\/wp\/v2\/posts\/1058","targetHints":{"allow":["GET"]}}],"collection":[{"href":"https:\/\/dementsus.ee\/en\/wp-json\/wp\/v2\/posts"}],"about":[{"href":"https:\/\/dementsus.ee\/en\/wp-json\/wp\/v2\/types\/post"}],"author":[{"embeddable":true,"href":"https:\/\/dementsus.ee\/en\/wp-json\/wp\/v2\/users\/2"}],"replies":[{"embeddable":true,"href":"https:\/\/dementsus.ee\/en\/wp-json\/wp\/v2\/comments?post=1058"}],"version-history":[{"count":0,"href":"https:\/\/dementsus.ee\/en\/wp-json\/wp\/v2\/posts\/1058\/revisions"}],"wp:featuredmedia":[{"embeddable":true,"href":"https:\/\/dementsus.ee\/en\/wp-json\/wp\/v2\/media\/1068"}],"wp:attachment":[{"href":"https:\/\/dementsus.ee\/en\/wp-json\/wp\/v2\/media?parent=1058"}],"wp:term":[{"taxonomy":"category","embeddable":true,"href":"https:\/\/dementsus.ee\/en\/wp-json\/wp\/v2\/categories?post=1058"},{"taxonomy":"post_tag","embeddable":true,"href":"https:\/\/dementsus.ee\/en\/wp-json\/wp\/v2\/tags?post=1058"},{"taxonomy":"autor","embeddable":true,"href":"https:\/\/dementsus.ee\/en\/wp-json\/wp\/v2\/autor?post=1058"}],"curies":[{"name":"wp","href":"https:\/\/api.w.org\/{rel}","templated":true}]}}