{"id":1161,"date":"2019-10-10T08:43:37","date_gmt":"2019-10-10T08:43:37","guid":{"rendered":"https:\/\/eludementsusega.ee\/?p=1161"},"modified":"2019-10-10T08:43:37","modified_gmt":"2019-10-10T08:43:37","slug":"ule-eesti-tegutseb-18-dementsusega-inimeste-lahedaste-tugigruppi","status":"publish","type":"post","link":"https:\/\/dementsus.ee\/en\/ule-eesti-tegutseb-18-dementsusega-inimeste-lahedaste-tugigruppi\/","title":{"rendered":"\u00dcle Eesti tegutseb 18 dementsusega inimeste l\u00e4hedaste tugigruppi"},"content":{"rendered":"<p>MT\u00dc Elu Dementsusega eestvedamisel tegutseb \u00fcle Eesti juba 18 tugigruppi. Tallinnas kogunevad dementsusega inimeste l\u00e4hedased viies erinevas paigas: Pirital, Mustam\u00e4el, Haaberstis, N\u00f5mmel ja Lasnam\u00e4el (venekeelne). Lisaks Tallinnale toimuvad tugigrupid\u00a0 Tartus, Viljandis, V\u00f5rus, Kuressaares, Paides, J\u00f5geval, Haapsalus, Keilas, Sauel, P\u00e4rnus, Raplas, Narvas (venekeelne) ja J\u00f5el\u00e4htmel.<\/p>\n<p>Kolme aasta jooksul on p\u00fc\u00fctud leida aktiivseid inimesi \u00fcle Eesti, kel oleks ettev\u00f5tlikust ja soovi vabatahtlikuna tugigruppi vedada. R\u00f5\u00f5m on t\u00f5deda, et aina rohkem leiavad inimesed meid ise \u00fcles ja soovivad, et ka nende kodupiirkonnas toimuks dementsusega inimeste l\u00e4hedastele m\u00f5eldud tugigrupp.<\/p>\n<p>Oktoobris alustas uus tugigrupp J\u00f5el\u00e4htme vallas Kostivere sotsiaalkeskuses. Novembris on plaanis j\u00f5uda dementsuse teemalise seminari ja l\u00e4hedastele m\u00f5eldud tugigrupiga ka Sillam\u00e4ele. Sillam\u00e4e tugigrupp on juba kolmas venekeelne tugigrupp. On t\u00e4htis, et iga inimene saab oma muredest ja r\u00f5\u00f5mudest r\u00e4\u00e4kida emakeeles, et \u00fckski mure ei j\u00e4\u00e4 lahenduseta v\u00f5i toetuseta keelebarj\u00e4\u00e4ri t\u00f5ttu.<\/p>\n<figure id=\"attachment_1164\" aria-describedby=\"caption-attachment-1164\" style=\"width: 1024px\" class=\"wp-caption alignnone\"><img fetchpriority=\"high\" decoding=\"async\" class=\"wp-image-1164 size-large\" src=\"https:\/\/eludementsusega.ee\/app\/uploads\/2019\/10\/MeelisTohver_DSC_0176__1570785075_36002-1024x683-1024x683.jpg\" alt=\"\" width=\"1024\" height=\"683\" \/><figcaption id=\"caption-attachment-1164\" class=\"wp-caption-text\">J\u00f5el\u00e4htme tugigrupi avamiseelsel seminaril r\u00e4\u00e4gib dementsusest Hanna-Stiina Heinmets FOTO: Andres Tohver<\/figcaption><\/figure>\n<p>Tavaks on saanud, et enne uue tugigrupi avamist toimub seminar, kuhu on oodatud kohaliku piirkonna spetsialistid, l\u00e4hedased ja kogukond. \u00a0Seminaril r\u00e4\u00e4gime, kuidas dementsust \u00e4ra tunda, kuhu p\u00f6\u00f6rduda diagnoosi saamiseks, h\u00e4iretest, mis v\u00f5ivad dementsusega kaasneda ja raviv\u00f5imalustest. Samuti r\u00e4\u00e4gitakse nii dementsusega inimeste kui nende l\u00e4hedaste ja hooldajate toimetuleku toetamisest. Seminaril tutvustatakse kohaliku piirkonna sotsiaalteenuseid, mis v\u00f5ivad abiks olla dementsusega inimesele v\u00f5i tema l\u00e4hedastele ning saab \u00fclevaate Dementsuse Kompetentsikeskuse teenustest ja tegevustest.<\/p>\n<p><strong>Milleks on tugigruppe vaja?<\/strong><\/p>\n<p>Tugigrupp toob kokku l\u00e4hedased, kellel on sarnased mured ja r\u00f5\u00f5mud, aitab suurendada eneset\u00f5husust ja parandab vaimset tervist.<\/p>\n<p>Tugigrupis k\u00e4ivad inimesed koos vabatahtlikult, seal saadakse emotsionaalset abi ja praktilist tuge l\u00e4bi oma kogemuse ja teadmiste jagamise. Inimestel on v\u00f5imalus\u00a0 vahetada infot ja m\u00f5tteid ning saada kinnitust, et nende tunded on tavap\u00e4rased, samuti aitab tugigrupp tulla toime ja v\u00e4hendada stressi, h\u00e4bitunnet ja muid negatiivseid emotsioone.<\/p>\n<p>Tugigrupis kehtib konfidentsiaalsus reegel, see t\u00e4hendab seda, et k\u00f5ik mis tugigrupis on r\u00e4\u00e4gitud j\u00e4\u00e4b tugigruppi. Me austame \u00fcksteist ja r\u00f5hu asetus on toetusel.<\/p>\n<p><strong>\u00a0<\/strong><strong>Tagasiside tugigrupis osalenud l\u00e4hedastelt<\/strong><\/p>\n<p>Tugigrupis osalenud inimesed on \u00f6elnud j\u00e4rgmist:<\/p>\n<p>\u201eMa olen nii t\u00e4nulik, et tugigrupp \u00a0on loodud, oleksin vajanud seda juba ammu &#8211; siis ei oleks ma asjadel lasknud nii kaugele areneda.\u201c<\/p>\n<p>\u201eMa ei ole enam oma murega \u00fcksi &#8211; olen leidnud s\u00f5brad.\u201c<\/p>\n<p>\u201eDementsusega inimesega koos elamine on nii keeruline &#8211; seda saab\u00a0 l\u00f5puni m\u00f5ista inimene, kes on samas olukorras elanud.\u201c<\/p>\n<p>\u201eMa elan tugigrupist &#8211; tugigrupini- sealt ammutan uut j\u00f5udu.\u201c<\/p>\n<p>\u201eTahan kindlasti edaspidi tugigruppi tulla, et teisi toetada, kuna ma ise olen saanud nii palju abi.\u201c<\/p>\n<p>Tugigrupid ja seminarid on tasuta ning neid korraldab Dementsuse Kompetentsikeskus ja MT\u00dc Elu Dementsusega. Kui oled oma piirkonda tugigrupi loomisest huvitatud, palun kirjuta info@eludementsusega.ee!<\/p>\n","protected":false},"excerpt":{"rendered":"<p>MT\u00dc Elu Dementsusega eestvedamisel tegutseb \u00fcle Eesti juba 18 tugigruppi. Tallinnas kogunevad dementsusega inimeste l\u00e4hedased viies erinevas paigas: Pirital, Mustam\u00e4el, Haaberstis, N\u00f5mmel ja Lasnam\u00e4el (venekeelne). Lisaks Tallinnale toimuvad tugigrupid\u00a0 Tartus, Viljandis, V\u00f5rus, Kuressaares, Paides, J\u00f5geval, Haapsalus, Keilas, Sauel, P\u00e4rnus, Raplas, Narvas (venekeelne) ja J\u00f5el\u00e4htmel. Kolme aasta jooksul on p\u00fc\u00fctud leida aktiivseid inimesi \u00fcle Eesti, kel [&hellip;]<\/p>\n","protected":false},"author":2,"featured_media":0,"comment_status":"open","ping_status":"open","sticky":false,"template":"","format":"standard","meta":{"footnotes":""},"categories":[1],"tags":[],"autor":[],"class_list":["post-1161","post","type-post","status-publish","format-standard","hentry","category-maaratlemata"],"yoast_head":"<!-- This site is optimized with the Yoast SEO plugin v26.2 - https:\/\/yoast.com\/wordpress\/plugins\/seo\/ -->\n<title>\u00dcle Eesti tegutseb 18 dementsusega inimeste l\u00e4hedaste tugigruppi - Dementsuse Kompetentsikeskus<\/title>\n<meta name=\"robots\" content=\"index, follow, max-snippet:-1, max-image-preview:large, max-video-preview:-1\" \/>\n<link rel=\"canonical\" href=\"https:\/\/dementsus.ee\/en\/ule-eesti-tegutseb-18-dementsusega-inimeste-lahedaste-tugigruppi\/\" \/>\n<meta property=\"og:locale\" content=\"en_US\" \/>\n<meta property=\"og:type\" content=\"article\" \/>\n<meta property=\"og:title\" content=\"\u00dcle Eesti tegutseb 18 dementsusega inimeste l\u00e4hedaste tugigruppi - Dementsuse Kompetentsikeskus\" \/>\n<meta property=\"og:description\" content=\"MT\u00dc Elu Dementsusega eestvedamisel tegutseb \u00fcle Eesti juba 18 tugigruppi. Tallinnas kogunevad dementsusega inimeste l\u00e4hedased viies erinevas paigas: Pirital, Mustam\u00e4el, Haaberstis, N\u00f5mmel ja Lasnam\u00e4el (venekeelne). Lisaks Tallinnale toimuvad tugigrupid\u00a0 Tartus, Viljandis, V\u00f5rus, Kuressaares, Paides, J\u00f5geval, Haapsalus, Keilas, Sauel, P\u00e4rnus, Raplas, Narvas (venekeelne) ja J\u00f5el\u00e4htmel. Kolme aasta jooksul on p\u00fc\u00fctud leida aktiivseid inimesi \u00fcle Eesti, kel [&hellip;]\" \/>\n<meta property=\"og:url\" content=\"https:\/\/dementsus.ee\/en\/ule-eesti-tegutseb-18-dementsusega-inimeste-lahedaste-tugigruppi\/\" \/>\n<meta property=\"og:site_name\" content=\"Dementsuse Kompetentsikeskus\" \/>\n<meta property=\"article:published_time\" content=\"2019-10-10T08:43:37+00:00\" \/>\n<meta property=\"og:image\" content=\"https:\/\/eludementsusega.ee\/app\/uploads\/2019\/10\/MeelisTohver_DSC_0176__1570785075_36002-1024x683-1024x683.jpg\" \/>\n<meta name=\"author\" content=\"Kermo\" \/>\n<meta name=\"twitter:card\" content=\"summary_large_image\" \/>\n<meta name=\"twitter:label1\" content=\"Written by\" \/>\n\t<meta name=\"twitter:data1\" content=\"Kermo\" \/>\n\t<meta name=\"twitter:label2\" content=\"Est. reading time\" \/>\n\t<meta name=\"twitter:data2\" content=\"2 minutes\" \/>\n<script type=\"application\/ld+json\" class=\"yoast-schema-graph\">{\"@context\":\"https:\/\/schema.org\",\"@graph\":[{\"@type\":\"Article\",\"@id\":\"https:\/\/dementsus.ee\/en\/ule-eesti-tegutseb-18-dementsusega-inimeste-lahedaste-tugigruppi\/#article\",\"isPartOf\":{\"@id\":\"https:\/\/dementsus.ee\/en\/ule-eesti-tegutseb-18-dementsusega-inimeste-lahedaste-tugigruppi\/\"},\"author\":{\"name\":\"Kermo\",\"@id\":\"https:\/\/dementsus.ee\/en\/#\/schema\/person\/dd93d64f20e6c5add626937f6b5931ed\"},\"headline\":\"\u00dcle Eesti tegutseb 18 dementsusega inimeste l\u00e4hedaste tugigruppi\",\"datePublished\":\"2019-10-10T08:43:37+00:00\",\"mainEntityOfPage\":{\"@id\":\"https:\/\/dementsus.ee\/en\/ule-eesti-tegutseb-18-dementsusega-inimeste-lahedaste-tugigruppi\/\"},\"wordCount\":497,\"commentCount\":0,\"publisher\":{\"@id\":\"https:\/\/dementsus.ee\/en\/#organization\"},\"image\":{\"@id\":\"https:\/\/dementsus.ee\/en\/ule-eesti-tegutseb-18-dementsusega-inimeste-lahedaste-tugigruppi\/#primaryimage\"},\"thumbnailUrl\":\"https:\/\/eludementsusega.ee\/app\/uploads\/2019\/10\/MeelisTohver_DSC_0176__1570785075_36002-1024x683-1024x683.jpg\",\"articleSection\":[\"M\u00e4\u00e4ratlemata\"],\"inLanguage\":\"en-US\"},{\"@type\":\"WebPage\",\"@id\":\"https:\/\/dementsus.ee\/en\/ule-eesti-tegutseb-18-dementsusega-inimeste-lahedaste-tugigruppi\/\",\"url\":\"https:\/\/dementsus.ee\/en\/ule-eesti-tegutseb-18-dementsusega-inimeste-lahedaste-tugigruppi\/\",\"name\":\"\u00dcle Eesti tegutseb 18 dementsusega inimeste l\u00e4hedaste tugigruppi - Dementsuse Kompetentsikeskus\",\"isPartOf\":{\"@id\":\"https:\/\/dementsus.ee\/en\/#website\"},\"primaryImageOfPage\":{\"@id\":\"https:\/\/dementsus.ee\/en\/ule-eesti-tegutseb-18-dementsusega-inimeste-lahedaste-tugigruppi\/#primaryimage\"},\"image\":{\"@id\":\"https:\/\/dementsus.ee\/en\/ule-eesti-tegutseb-18-dementsusega-inimeste-lahedaste-tugigruppi\/#primaryimage\"},\"thumbnailUrl\":\"https:\/\/eludementsusega.ee\/app\/uploads\/2019\/10\/MeelisTohver_DSC_0176__1570785075_36002-1024x683-1024x683.jpg\",\"datePublished\":\"2019-10-10T08:43:37+00:00\",\"breadcrumb\":{\"@id\":\"https:\/\/dementsus.ee\/en\/ule-eesti-tegutseb-18-dementsusega-inimeste-lahedaste-tugigruppi\/#breadcrumb\"},\"inLanguage\":\"en-US\",\"potentialAction\":[{\"@type\":\"ReadAction\",\"target\":[\"https:\/\/dementsus.ee\/en\/ule-eesti-tegutseb-18-dementsusega-inimeste-lahedaste-tugigruppi\/\"]}]},{\"@type\":\"ImageObject\",\"inLanguage\":\"en-US\",\"@id\":\"https:\/\/dementsus.ee\/en\/ule-eesti-tegutseb-18-dementsusega-inimeste-lahedaste-tugigruppi\/#primaryimage\",\"url\":\"https:\/\/eludementsusega.ee\/app\/uploads\/2019\/10\/MeelisTohver_DSC_0176__1570785075_36002-1024x683-1024x683.jpg\",\"contentUrl\":\"https:\/\/eludementsusega.ee\/app\/uploads\/2019\/10\/MeelisTohver_DSC_0176__1570785075_36002-1024x683-1024x683.jpg\"},{\"@type\":\"BreadcrumbList\",\"@id\":\"https:\/\/dementsus.ee\/en\/ule-eesti-tegutseb-18-dementsusega-inimeste-lahedaste-tugigruppi\/#breadcrumb\",\"itemListElement\":[{\"@type\":\"ListItem\",\"position\":1,\"name\":\"Esileht\",\"item\":\"https:\/\/dementsus.ee\/en\/\"},{\"@type\":\"ListItem\",\"position\":2,\"name\":\"\u00dcle Eesti tegutseb 18 dementsusega inimeste l\u00e4hedaste tugigruppi\"}]},{\"@type\":\"WebSite\",\"@id\":\"https:\/\/dementsus.ee\/en\/#website\",\"url\":\"https:\/\/dementsus.ee\/en\/\",\"name\":\"Dementsuse Kompetentsikeskus\",\"description\":\"dementsuse info ja abi\",\"publisher\":{\"@id\":\"https:\/\/dementsus.ee\/en\/#organization\"},\"potentialAction\":[{\"@type\":\"SearchAction\",\"target\":{\"@type\":\"EntryPoint\",\"urlTemplate\":\"https:\/\/dementsus.ee\/en\/?s={search_term_string}\"},\"query-input\":{\"@type\":\"PropertyValueSpecification\",\"valueRequired\":true,\"valueName\":\"search_term_string\"}}],\"inLanguage\":\"en-US\"},{\"@type\":\"Organization\",\"@id\":\"https:\/\/dementsus.ee\/en\/#organization\",\"name\":\"Dementsuse Kompetentsikeskus\",\"url\":\"https:\/\/dementsus.ee\/en\/\",\"logo\":{\"@type\":\"ImageObject\",\"inLanguage\":\"en-US\",\"@id\":\"https:\/\/dementsus.ee\/en\/#\/schema\/logo\/image\/\",\"url\":\"https:\/\/dementsus.ee\/wp-content\/uploads\/2023\/07\/ED_logo_kodukale.svg\",\"contentUrl\":\"https:\/\/dementsus.ee\/wp-content\/uploads\/2023\/07\/ED_logo_kodukale.svg\",\"caption\":\"Dementsuse Kompetentsikeskus\"},\"image\":{\"@id\":\"https:\/\/dementsus.ee\/en\/#\/schema\/logo\/image\/\"}},{\"@type\":\"Person\",\"@id\":\"https:\/\/dementsus.ee\/en\/#\/schema\/person\/dd93d64f20e6c5add626937f6b5931ed\",\"name\":\"Kermo\",\"image\":{\"@type\":\"ImageObject\",\"inLanguage\":\"en-US\",\"@id\":\"https:\/\/dementsus.ee\/en\/#\/schema\/person\/image\/\",\"url\":\"https:\/\/secure.gravatar.com\/avatar\/b2f0128e9063b66b5c6e595d8f4c39037d52f729089f1ad5afc34656e1d58a64?s=96&d=mm&r=g\",\"contentUrl\":\"https:\/\/secure.gravatar.com\/avatar\/b2f0128e9063b66b5c6e595d8f4c39037d52f729089f1ad5afc34656e1d58a64?s=96&d=mm&r=g\",\"caption\":\"Kermo\"},\"url\":\"https:\/\/dementsus.ee\/en\/author\/kermo\/\"}]}<\/script>\n<!-- \/ Yoast SEO plugin. -->","yoast_head_json":{"title":"\u00dcle Eesti tegutseb 18 dementsusega inimeste l\u00e4hedaste tugigruppi - Dementsuse Kompetentsikeskus","robots":{"index":"index","follow":"follow","max-snippet":"max-snippet:-1","max-image-preview":"max-image-preview:large","max-video-preview":"max-video-preview:-1"},"canonical":"https:\/\/dementsus.ee\/en\/ule-eesti-tegutseb-18-dementsusega-inimeste-lahedaste-tugigruppi\/","og_locale":"en_US","og_type":"article","og_title":"\u00dcle Eesti tegutseb 18 dementsusega inimeste l\u00e4hedaste tugigruppi - Dementsuse Kompetentsikeskus","og_description":"MT\u00dc Elu Dementsusega eestvedamisel tegutseb \u00fcle Eesti juba 18 tugigruppi. Tallinnas kogunevad dementsusega inimeste l\u00e4hedased viies erinevas paigas: Pirital, Mustam\u00e4el, Haaberstis, N\u00f5mmel ja Lasnam\u00e4el (venekeelne). Lisaks Tallinnale toimuvad tugigrupid\u00a0 Tartus, Viljandis, V\u00f5rus, Kuressaares, Paides, J\u00f5geval, Haapsalus, Keilas, Sauel, P\u00e4rnus, Raplas, Narvas (venekeelne) ja J\u00f5el\u00e4htmel. Kolme aasta jooksul on p\u00fc\u00fctud leida aktiivseid inimesi \u00fcle Eesti, kel [&hellip;]","og_url":"https:\/\/dementsus.ee\/en\/ule-eesti-tegutseb-18-dementsusega-inimeste-lahedaste-tugigruppi\/","og_site_name":"Dementsuse Kompetentsikeskus","article_published_time":"2019-10-10T08:43:37+00:00","og_image":[{"url":"https:\/\/eludementsusega.ee\/app\/uploads\/2019\/10\/MeelisTohver_DSC_0176__1570785075_36002-1024x683-1024x683.jpg","type":"","width":"","height":""}],"author":"Kermo","twitter_card":"summary_large_image","twitter_misc":{"Written by":"Kermo","Est. reading time":"2 minutes"},"schema":{"@context":"https:\/\/schema.org","@graph":[{"@type":"Article","@id":"https:\/\/dementsus.ee\/en\/ule-eesti-tegutseb-18-dementsusega-inimeste-lahedaste-tugigruppi\/#article","isPartOf":{"@id":"https:\/\/dementsus.ee\/en\/ule-eesti-tegutseb-18-dementsusega-inimeste-lahedaste-tugigruppi\/"},"author":{"name":"Kermo","@id":"https:\/\/dementsus.ee\/en\/#\/schema\/person\/dd93d64f20e6c5add626937f6b5931ed"},"headline":"\u00dcle Eesti tegutseb 18 dementsusega inimeste l\u00e4hedaste tugigruppi","datePublished":"2019-10-10T08:43:37+00:00","mainEntityOfPage":{"@id":"https:\/\/dementsus.ee\/en\/ule-eesti-tegutseb-18-dementsusega-inimeste-lahedaste-tugigruppi\/"},"wordCount":497,"commentCount":0,"publisher":{"@id":"https:\/\/dementsus.ee\/en\/#organization"},"image":{"@id":"https:\/\/dementsus.ee\/en\/ule-eesti-tegutseb-18-dementsusega-inimeste-lahedaste-tugigruppi\/#primaryimage"},"thumbnailUrl":"https:\/\/eludementsusega.ee\/app\/uploads\/2019\/10\/MeelisTohver_DSC_0176__1570785075_36002-1024x683-1024x683.jpg","articleSection":["M\u00e4\u00e4ratlemata"],"inLanguage":"en-US"},{"@type":"WebPage","@id":"https:\/\/dementsus.ee\/en\/ule-eesti-tegutseb-18-dementsusega-inimeste-lahedaste-tugigruppi\/","url":"https:\/\/dementsus.ee\/en\/ule-eesti-tegutseb-18-dementsusega-inimeste-lahedaste-tugigruppi\/","name":"\u00dcle Eesti tegutseb 18 dementsusega inimeste l\u00e4hedaste tugigruppi - Dementsuse Kompetentsikeskus","isPartOf":{"@id":"https:\/\/dementsus.ee\/en\/#website"},"primaryImageOfPage":{"@id":"https:\/\/dementsus.ee\/en\/ule-eesti-tegutseb-18-dementsusega-inimeste-lahedaste-tugigruppi\/#primaryimage"},"image":{"@id":"https:\/\/dementsus.ee\/en\/ule-eesti-tegutseb-18-dementsusega-inimeste-lahedaste-tugigruppi\/#primaryimage"},"thumbnailUrl":"https:\/\/eludementsusega.ee\/app\/uploads\/2019\/10\/MeelisTohver_DSC_0176__1570785075_36002-1024x683-1024x683.jpg","datePublished":"2019-10-10T08:43:37+00:00","breadcrumb":{"@id":"https:\/\/dementsus.ee\/en\/ule-eesti-tegutseb-18-dementsusega-inimeste-lahedaste-tugigruppi\/#breadcrumb"},"inLanguage":"en-US","potentialAction":[{"@type":"ReadAction","target":["https:\/\/dementsus.ee\/en\/ule-eesti-tegutseb-18-dementsusega-inimeste-lahedaste-tugigruppi\/"]}]},{"@type":"ImageObject","inLanguage":"en-US","@id":"https:\/\/dementsus.ee\/en\/ule-eesti-tegutseb-18-dementsusega-inimeste-lahedaste-tugigruppi\/#primaryimage","url":"https:\/\/eludementsusega.ee\/app\/uploads\/2019\/10\/MeelisTohver_DSC_0176__1570785075_36002-1024x683-1024x683.jpg","contentUrl":"https:\/\/eludementsusega.ee\/app\/uploads\/2019\/10\/MeelisTohver_DSC_0176__1570785075_36002-1024x683-1024x683.jpg"},{"@type":"BreadcrumbList","@id":"https:\/\/dementsus.ee\/en\/ule-eesti-tegutseb-18-dementsusega-inimeste-lahedaste-tugigruppi\/#breadcrumb","itemListElement":[{"@type":"ListItem","position":1,"name":"Esileht","item":"https:\/\/dementsus.ee\/en\/"},{"@type":"ListItem","position":2,"name":"\u00dcle Eesti tegutseb 18 dementsusega inimeste l\u00e4hedaste tugigruppi"}]},{"@type":"WebSite","@id":"https:\/\/dementsus.ee\/en\/#website","url":"https:\/\/dementsus.ee\/en\/","name":"Dementsuse Kompetentsikeskus","description":"dementsuse info ja abi","publisher":{"@id":"https:\/\/dementsus.ee\/en\/#organization"},"potentialAction":[{"@type":"SearchAction","target":{"@type":"EntryPoint","urlTemplate":"https:\/\/dementsus.ee\/en\/?s={search_term_string}"},"query-input":{"@type":"PropertyValueSpecification","valueRequired":true,"valueName":"search_term_string"}}],"inLanguage":"en-US"},{"@type":"Organization","@id":"https:\/\/dementsus.ee\/en\/#organization","name":"Dementsuse Kompetentsikeskus","url":"https:\/\/dementsus.ee\/en\/","logo":{"@type":"ImageObject","inLanguage":"en-US","@id":"https:\/\/dementsus.ee\/en\/#\/schema\/logo\/image\/","url":"https:\/\/dementsus.ee\/wp-content\/uploads\/2023\/07\/ED_logo_kodukale.svg","contentUrl":"https:\/\/dementsus.ee\/wp-content\/uploads\/2023\/07\/ED_logo_kodukale.svg","caption":"Dementsuse Kompetentsikeskus"},"image":{"@id":"https:\/\/dementsus.ee\/en\/#\/schema\/logo\/image\/"}},{"@type":"Person","@id":"https:\/\/dementsus.ee\/en\/#\/schema\/person\/dd93d64f20e6c5add626937f6b5931ed","name":"Kermo","image":{"@type":"ImageObject","inLanguage":"en-US","@id":"https:\/\/dementsus.ee\/en\/#\/schema\/person\/image\/","url":"https:\/\/secure.gravatar.com\/avatar\/b2f0128e9063b66b5c6e595d8f4c39037d52f729089f1ad5afc34656e1d58a64?s=96&d=mm&r=g","contentUrl":"https:\/\/secure.gravatar.com\/avatar\/b2f0128e9063b66b5c6e595d8f4c39037d52f729089f1ad5afc34656e1d58a64?s=96&d=mm&r=g","caption":"Kermo"},"url":"https:\/\/dementsus.ee\/en\/author\/kermo\/"}]}},"_links":{"self":[{"href":"https:\/\/dementsus.ee\/en\/wp-json\/wp\/v2\/posts\/1161","targetHints":{"allow":["GET"]}}],"collection":[{"href":"https:\/\/dementsus.ee\/en\/wp-json\/wp\/v2\/posts"}],"about":[{"href":"https:\/\/dementsus.ee\/en\/wp-json\/wp\/v2\/types\/post"}],"author":[{"embeddable":true,"href":"https:\/\/dementsus.ee\/en\/wp-json\/wp\/v2\/users\/2"}],"replies":[{"embeddable":true,"href":"https:\/\/dementsus.ee\/en\/wp-json\/wp\/v2\/comments?post=1161"}],"version-history":[{"count":0,"href":"https:\/\/dementsus.ee\/en\/wp-json\/wp\/v2\/posts\/1161\/revisions"}],"wp:attachment":[{"href":"https:\/\/dementsus.ee\/en\/wp-json\/wp\/v2\/media?parent=1161"}],"wp:term":[{"taxonomy":"category","embeddable":true,"href":"https:\/\/dementsus.ee\/en\/wp-json\/wp\/v2\/categories?post=1161"},{"taxonomy":"post_tag","embeddable":true,"href":"https:\/\/dementsus.ee\/en\/wp-json\/wp\/v2\/tags?post=1161"},{"taxonomy":"autor","embeddable":true,"href":"https:\/\/dementsus.ee\/en\/wp-json\/wp\/v2\/autor?post=1161"}],"curies":[{"name":"wp","href":"https:\/\/api.w.org\/{rel}","templated":true}]}}