{"id":1167,"date":"2019-10-09T09:37:44","date_gmt":"2019-10-09T09:37:44","guid":{"rendered":"https:\/\/eludementsusega.ee\/?p=1167"},"modified":"2019-10-09T09:37:44","modified_gmt":"2019-10-09T09:37:44","slug":"dementsuse-kompetentsikeskus-pakub-noustamisi-inimestele-ja-asutustele","status":"publish","type":"post","link":"https:\/\/dementsus.ee\/en\/dementsuse-kompetentsikeskus-pakub-noustamisi-inimestele-ja-asutustele\/","title":{"rendered":"Dementsuse Kompetentsikeskus pakub n\u00f5ustamisi inimestele ja asutustele"},"content":{"rendered":"<p><strong>Personaalse n\u00f5ustamise teenus<\/strong> on \u00a0dementsusega inimestele ja l\u00e4hedastele, kes vajavad p\u00f5hjalikumat \u00e4rakuulamist ja lahenduste leidmiseks v\u00f5ivad vajada ka spetsialistiga kohtumist. N\u00f5ustamist v\u00f5ib saada dementsusega inimene ise, tema pereliige, aga ka lihtsalt tuttav v\u00f5i naaber, kes on m\u00e4rganud probleemi ja soovib aidata v\u00f5i selgust saada. Personaalne n\u00f5ustamine on m\u00f5eldud ka spetsialistidele, kes igap\u00e4evaselt puutuvad kokku dementsuss\u00fcndroomiga inimestega. Personaalne n\u00f5ustamine v\u00f5ib toimuda telefoni teel, kirjavahetuses v\u00f5i inimesele sobivas kohas.<\/p>\n<p>Lihtsaim viis on helistada dementsuse info- ja usaldusliinile 644 6440, kust saab esmast n\u00f5u ja abi, kuid kui teema on komplekssem ja vajab lisaks teiste spetsialistide kaasamist, tegeletakse sellega edasi personaalse n\u00f5ustamisena. \u00a0\u00a0Teine v\u00f5imalus on kirjutada meile aadressil <a href=\"mailto:info@eludementsusega.ee\">info@eludementsusega.ee<\/a>.<\/p>\n<p>N\u00f5ustamine v\u00f5ib olla anon\u00fc\u00fcme, oluline ei ole see, kes on dementsuss\u00fcndroomiga inimene v\u00f5i ta l\u00e4hedane, vaid see, kuidas on v\u00f5imalik konkreetses olukorras aidata.<\/p>\n<p>2019 I poolaastal n\u00f5ustati personaalselt 31 inimest. \u00a0Teemade spekter oli lai, enim sooviti n\u00f5u, kuhu p\u00f6\u00f6rduda teenuste saamiseks ning kuidas leida sobiv hooldekodu. \u00a0Samuti oli korduvaks teemadeks ravimid,\u00a0 nende toimed ja meditsiiniline transport.<\/p>\n<p><strong>Ekspertn\u00f5ustamisteenust<\/strong> pakutakse dementsusega inimeste teenuseosutajatele: hoolekandeasutused, \u00f5endusabi, koduteenuse pakkujad, hooldajad, sostsiaalt\u00f6\u00f6tajad, tegevusterapeudid, p\u00e4evakeskused jt.\u00a0 Ekspertn\u00f5ustamine pakub tuge sotsiaal- ja tervishoiu t\u00f6\u00f6tajale, et leida \u00f5ige viis ja suund dementsusega seotud k\u00fcsimuse lahendamisel.<\/p>\n<p>N\u00f5u v\u00f5ib k\u00fcsida uute ettev\u00f5tmiste k\u00e4igus v\u00f5i olemasoleva teenuse arendamiseks. N\u00f5ustamine h\u00f5lmab soovitusi kohandamise, teenuste, abivahendite, teraapiate, personali kohta ja heade praktikate jagamist.<\/p>\n<p>Selle aasta esimeses poolaastas n\u00f5ustati 13 asutust v\u00f5i omavalitsust. Enim vajati soovitusi hooldekodu kohandamise osas, et muuta see sobivaks demetsusega inimestele.\u00a0 Peamised teemad olid ruumiplaneering, keskkonna kohandamine nt viidas\u00fcsteem, \u00f5ueala ja liikumisteede kujundamine, aga k\u00fcsiti n\u00f5u ka turvalisuse ja klientide riietuse teemadel.<\/p>\n<p>Ekspertn\u00f5ustamiseks lepitakse spetsialistiga kokku temale sobiv aeg ja viis kohtumiseks (sh virtuaalne). Esmaseks kontaktiv\u00f5tuks kirjutage meile: <a href=\"mailto:info@eludementsusega.ee\">info@eludementsusega.ee<\/a>.<\/p>\n","protected":false},"excerpt":{"rendered":"<p>Personaalse n\u00f5ustamise teenus on \u00a0dementsusega inimestele ja l\u00e4hedastele, kes vajavad p\u00f5hjalikumat \u00e4rakuulamist ja lahenduste leidmiseks v\u00f5ivad vajada ka spetsialistiga kohtumist. N\u00f5ustamist v\u00f5ib saada dementsusega inimene ise, tema pereliige, aga ka lihtsalt tuttav v\u00f5i naaber, kes on m\u00e4rganud probleemi ja soovib aidata v\u00f5i selgust saada. Personaalne n\u00f5ustamine on m\u00f5eldud ka spetsialistidele, kes igap\u00e4evaselt puutuvad kokku dementsuss\u00fcndroomiga [&hellip;]<\/p>\n","protected":false},"author":2,"featured_media":0,"comment_status":"open","ping_status":"open","sticky":false,"template":"","format":"standard","meta":{"footnotes":""},"categories":[1],"tags":[],"autor":[],"class_list":["post-1167","post","type-post","status-publish","format-standard","hentry","category-maaratlemata"],"yoast_head":"<!-- This site is optimized with the Yoast SEO plugin v26.2 - https:\/\/yoast.com\/wordpress\/plugins\/seo\/ -->\n<title>Dementsuse Kompetentsikeskus pakub n\u00f5ustamisi inimestele ja asutustele - Dementsuse Kompetentsikeskus<\/title>\n<meta name=\"robots\" content=\"index, follow, max-snippet:-1, max-image-preview:large, max-video-preview:-1\" \/>\n<link rel=\"canonical\" href=\"https:\/\/dementsus.ee\/en\/dementsuse-kompetentsikeskus-pakub-noustamisi-inimestele-ja-asutustele\/\" \/>\n<meta property=\"og:locale\" content=\"en_US\" \/>\n<meta property=\"og:type\" content=\"article\" \/>\n<meta property=\"og:title\" content=\"Dementsuse Kompetentsikeskus pakub n\u00f5ustamisi inimestele ja asutustele - Dementsuse Kompetentsikeskus\" \/>\n<meta property=\"og:description\" content=\"Personaalse n\u00f5ustamise teenus on \u00a0dementsusega inimestele ja l\u00e4hedastele, kes vajavad p\u00f5hjalikumat \u00e4rakuulamist ja lahenduste leidmiseks v\u00f5ivad vajada ka spetsialistiga kohtumist. N\u00f5ustamist v\u00f5ib saada dementsusega inimene ise, tema pereliige, aga ka lihtsalt tuttav v\u00f5i naaber, kes on m\u00e4rganud probleemi ja soovib aidata v\u00f5i selgust saada. Personaalne n\u00f5ustamine on m\u00f5eldud ka spetsialistidele, kes igap\u00e4evaselt puutuvad kokku dementsuss\u00fcndroomiga [&hellip;]\" \/>\n<meta property=\"og:url\" content=\"https:\/\/dementsus.ee\/en\/dementsuse-kompetentsikeskus-pakub-noustamisi-inimestele-ja-asutustele\/\" \/>\n<meta property=\"og:site_name\" content=\"Dementsuse Kompetentsikeskus\" \/>\n<meta property=\"article:published_time\" content=\"2019-10-09T09:37:44+00:00\" \/>\n<meta name=\"author\" content=\"Kermo\" \/>\n<meta name=\"twitter:card\" content=\"summary_large_image\" \/>\n<meta name=\"twitter:label1\" content=\"Written by\" \/>\n\t<meta name=\"twitter:data1\" content=\"Kermo\" \/>\n\t<meta name=\"twitter:label2\" content=\"Est. reading time\" \/>\n\t<meta name=\"twitter:data2\" content=\"2 minutes\" \/>\n<script type=\"application\/ld+json\" class=\"yoast-schema-graph\">{\"@context\":\"https:\/\/schema.org\",\"@graph\":[{\"@type\":\"Article\",\"@id\":\"https:\/\/dementsus.ee\/en\/dementsuse-kompetentsikeskus-pakub-noustamisi-inimestele-ja-asutustele\/#article\",\"isPartOf\":{\"@id\":\"https:\/\/dementsus.ee\/en\/dementsuse-kompetentsikeskus-pakub-noustamisi-inimestele-ja-asutustele\/\"},\"author\":{\"name\":\"Kermo\",\"@id\":\"https:\/\/dementsus.ee\/en\/#\/schema\/person\/dd93d64f20e6c5add626937f6b5931ed\"},\"headline\":\"Dementsuse Kompetentsikeskus pakub n\u00f5ustamisi inimestele ja asutustele\",\"datePublished\":\"2019-10-09T09:37:44+00:00\",\"mainEntityOfPage\":{\"@id\":\"https:\/\/dementsus.ee\/en\/dementsuse-kompetentsikeskus-pakub-noustamisi-inimestele-ja-asutustele\/\"},\"wordCount\":332,\"commentCount\":0,\"publisher\":{\"@id\":\"https:\/\/dementsus.ee\/en\/#organization\"},\"articleSection\":[\"M\u00e4\u00e4ratlemata\"],\"inLanguage\":\"en-US\"},{\"@type\":\"WebPage\",\"@id\":\"https:\/\/dementsus.ee\/en\/dementsuse-kompetentsikeskus-pakub-noustamisi-inimestele-ja-asutustele\/\",\"url\":\"https:\/\/dementsus.ee\/en\/dementsuse-kompetentsikeskus-pakub-noustamisi-inimestele-ja-asutustele\/\",\"name\":\"Dementsuse Kompetentsikeskus pakub n\u00f5ustamisi inimestele ja asutustele - Dementsuse Kompetentsikeskus\",\"isPartOf\":{\"@id\":\"https:\/\/dementsus.ee\/en\/#website\"},\"datePublished\":\"2019-10-09T09:37:44+00:00\",\"breadcrumb\":{\"@id\":\"https:\/\/dementsus.ee\/en\/dementsuse-kompetentsikeskus-pakub-noustamisi-inimestele-ja-asutustele\/#breadcrumb\"},\"inLanguage\":\"en-US\",\"potentialAction\":[{\"@type\":\"ReadAction\",\"target\":[\"https:\/\/dementsus.ee\/en\/dementsuse-kompetentsikeskus-pakub-noustamisi-inimestele-ja-asutustele\/\"]}]},{\"@type\":\"BreadcrumbList\",\"@id\":\"https:\/\/dementsus.ee\/en\/dementsuse-kompetentsikeskus-pakub-noustamisi-inimestele-ja-asutustele\/#breadcrumb\",\"itemListElement\":[{\"@type\":\"ListItem\",\"position\":1,\"name\":\"Esileht\",\"item\":\"https:\/\/dementsus.ee\/en\/\"},{\"@type\":\"ListItem\",\"position\":2,\"name\":\"Dementsuse Kompetentsikeskus pakub n\u00f5ustamisi inimestele ja asutustele\"}]},{\"@type\":\"WebSite\",\"@id\":\"https:\/\/dementsus.ee\/en\/#website\",\"url\":\"https:\/\/dementsus.ee\/en\/\",\"name\":\"Dementsuse Kompetentsikeskus\",\"description\":\"dementsuse info ja abi\",\"publisher\":{\"@id\":\"https:\/\/dementsus.ee\/en\/#organization\"},\"potentialAction\":[{\"@type\":\"SearchAction\",\"target\":{\"@type\":\"EntryPoint\",\"urlTemplate\":\"https:\/\/dementsus.ee\/en\/?s={search_term_string}\"},\"query-input\":{\"@type\":\"PropertyValueSpecification\",\"valueRequired\":true,\"valueName\":\"search_term_string\"}}],\"inLanguage\":\"en-US\"},{\"@type\":\"Organization\",\"@id\":\"https:\/\/dementsus.ee\/en\/#organization\",\"name\":\"Dementsuse Kompetentsikeskus\",\"url\":\"https:\/\/dementsus.ee\/en\/\",\"logo\":{\"@type\":\"ImageObject\",\"inLanguage\":\"en-US\",\"@id\":\"https:\/\/dementsus.ee\/en\/#\/schema\/logo\/image\/\",\"url\":\"https:\/\/dementsus.ee\/wp-content\/uploads\/2023\/07\/ED_logo_kodukale.svg\",\"contentUrl\":\"https:\/\/dementsus.ee\/wp-content\/uploads\/2023\/07\/ED_logo_kodukale.svg\",\"caption\":\"Dementsuse Kompetentsikeskus\"},\"image\":{\"@id\":\"https:\/\/dementsus.ee\/en\/#\/schema\/logo\/image\/\"}},{\"@type\":\"Person\",\"@id\":\"https:\/\/dementsus.ee\/en\/#\/schema\/person\/dd93d64f20e6c5add626937f6b5931ed\",\"name\":\"Kermo\",\"image\":{\"@type\":\"ImageObject\",\"inLanguage\":\"en-US\",\"@id\":\"https:\/\/dementsus.ee\/en\/#\/schema\/person\/image\/\",\"url\":\"https:\/\/secure.gravatar.com\/avatar\/b2f0128e9063b66b5c6e595d8f4c39037d52f729089f1ad5afc34656e1d58a64?s=96&d=mm&r=g\",\"contentUrl\":\"https:\/\/secure.gravatar.com\/avatar\/b2f0128e9063b66b5c6e595d8f4c39037d52f729089f1ad5afc34656e1d58a64?s=96&d=mm&r=g\",\"caption\":\"Kermo\"},\"url\":\"https:\/\/dementsus.ee\/en\/author\/kermo\/\"}]}<\/script>\n<!-- \/ Yoast SEO plugin. -->","yoast_head_json":{"title":"Dementsuse Kompetentsikeskus pakub n\u00f5ustamisi inimestele ja asutustele - Dementsuse Kompetentsikeskus","robots":{"index":"index","follow":"follow","max-snippet":"max-snippet:-1","max-image-preview":"max-image-preview:large","max-video-preview":"max-video-preview:-1"},"canonical":"https:\/\/dementsus.ee\/en\/dementsuse-kompetentsikeskus-pakub-noustamisi-inimestele-ja-asutustele\/","og_locale":"en_US","og_type":"article","og_title":"Dementsuse Kompetentsikeskus pakub n\u00f5ustamisi inimestele ja asutustele - Dementsuse Kompetentsikeskus","og_description":"Personaalse n\u00f5ustamise teenus on \u00a0dementsusega inimestele ja l\u00e4hedastele, kes vajavad p\u00f5hjalikumat \u00e4rakuulamist ja lahenduste leidmiseks v\u00f5ivad vajada ka spetsialistiga kohtumist. N\u00f5ustamist v\u00f5ib saada dementsusega inimene ise, tema pereliige, aga ka lihtsalt tuttav v\u00f5i naaber, kes on m\u00e4rganud probleemi ja soovib aidata v\u00f5i selgust saada. Personaalne n\u00f5ustamine on m\u00f5eldud ka spetsialistidele, kes igap\u00e4evaselt puutuvad kokku dementsuss\u00fcndroomiga [&hellip;]","og_url":"https:\/\/dementsus.ee\/en\/dementsuse-kompetentsikeskus-pakub-noustamisi-inimestele-ja-asutustele\/","og_site_name":"Dementsuse Kompetentsikeskus","article_published_time":"2019-10-09T09:37:44+00:00","author":"Kermo","twitter_card":"summary_large_image","twitter_misc":{"Written by":"Kermo","Est. reading time":"2 minutes"},"schema":{"@context":"https:\/\/schema.org","@graph":[{"@type":"Article","@id":"https:\/\/dementsus.ee\/en\/dementsuse-kompetentsikeskus-pakub-noustamisi-inimestele-ja-asutustele\/#article","isPartOf":{"@id":"https:\/\/dementsus.ee\/en\/dementsuse-kompetentsikeskus-pakub-noustamisi-inimestele-ja-asutustele\/"},"author":{"name":"Kermo","@id":"https:\/\/dementsus.ee\/en\/#\/schema\/person\/dd93d64f20e6c5add626937f6b5931ed"},"headline":"Dementsuse Kompetentsikeskus pakub n\u00f5ustamisi inimestele ja asutustele","datePublished":"2019-10-09T09:37:44+00:00","mainEntityOfPage":{"@id":"https:\/\/dementsus.ee\/en\/dementsuse-kompetentsikeskus-pakub-noustamisi-inimestele-ja-asutustele\/"},"wordCount":332,"commentCount":0,"publisher":{"@id":"https:\/\/dementsus.ee\/en\/#organization"},"articleSection":["M\u00e4\u00e4ratlemata"],"inLanguage":"en-US"},{"@type":"WebPage","@id":"https:\/\/dementsus.ee\/en\/dementsuse-kompetentsikeskus-pakub-noustamisi-inimestele-ja-asutustele\/","url":"https:\/\/dementsus.ee\/en\/dementsuse-kompetentsikeskus-pakub-noustamisi-inimestele-ja-asutustele\/","name":"Dementsuse Kompetentsikeskus pakub n\u00f5ustamisi inimestele ja asutustele - Dementsuse Kompetentsikeskus","isPartOf":{"@id":"https:\/\/dementsus.ee\/en\/#website"},"datePublished":"2019-10-09T09:37:44+00:00","breadcrumb":{"@id":"https:\/\/dementsus.ee\/en\/dementsuse-kompetentsikeskus-pakub-noustamisi-inimestele-ja-asutustele\/#breadcrumb"},"inLanguage":"en-US","potentialAction":[{"@type":"ReadAction","target":["https:\/\/dementsus.ee\/en\/dementsuse-kompetentsikeskus-pakub-noustamisi-inimestele-ja-asutustele\/"]}]},{"@type":"BreadcrumbList","@id":"https:\/\/dementsus.ee\/en\/dementsuse-kompetentsikeskus-pakub-noustamisi-inimestele-ja-asutustele\/#breadcrumb","itemListElement":[{"@type":"ListItem","position":1,"name":"Esileht","item":"https:\/\/dementsus.ee\/en\/"},{"@type":"ListItem","position":2,"name":"Dementsuse Kompetentsikeskus pakub n\u00f5ustamisi inimestele ja asutustele"}]},{"@type":"WebSite","@id":"https:\/\/dementsus.ee\/en\/#website","url":"https:\/\/dementsus.ee\/en\/","name":"Dementsuse Kompetentsikeskus","description":"dementsuse info ja abi","publisher":{"@id":"https:\/\/dementsus.ee\/en\/#organization"},"potentialAction":[{"@type":"SearchAction","target":{"@type":"EntryPoint","urlTemplate":"https:\/\/dementsus.ee\/en\/?s={search_term_string}"},"query-input":{"@type":"PropertyValueSpecification","valueRequired":true,"valueName":"search_term_string"}}],"inLanguage":"en-US"},{"@type":"Organization","@id":"https:\/\/dementsus.ee\/en\/#organization","name":"Dementsuse Kompetentsikeskus","url":"https:\/\/dementsus.ee\/en\/","logo":{"@type":"ImageObject","inLanguage":"en-US","@id":"https:\/\/dementsus.ee\/en\/#\/schema\/logo\/image\/","url":"https:\/\/dementsus.ee\/wp-content\/uploads\/2023\/07\/ED_logo_kodukale.svg","contentUrl":"https:\/\/dementsus.ee\/wp-content\/uploads\/2023\/07\/ED_logo_kodukale.svg","caption":"Dementsuse Kompetentsikeskus"},"image":{"@id":"https:\/\/dementsus.ee\/en\/#\/schema\/logo\/image\/"}},{"@type":"Person","@id":"https:\/\/dementsus.ee\/en\/#\/schema\/person\/dd93d64f20e6c5add626937f6b5931ed","name":"Kermo","image":{"@type":"ImageObject","inLanguage":"en-US","@id":"https:\/\/dementsus.ee\/en\/#\/schema\/person\/image\/","url":"https:\/\/secure.gravatar.com\/avatar\/b2f0128e9063b66b5c6e595d8f4c39037d52f729089f1ad5afc34656e1d58a64?s=96&d=mm&r=g","contentUrl":"https:\/\/secure.gravatar.com\/avatar\/b2f0128e9063b66b5c6e595d8f4c39037d52f729089f1ad5afc34656e1d58a64?s=96&d=mm&r=g","caption":"Kermo"},"url":"https:\/\/dementsus.ee\/en\/author\/kermo\/"}]}},"_links":{"self":[{"href":"https:\/\/dementsus.ee\/en\/wp-json\/wp\/v2\/posts\/1167","targetHints":{"allow":["GET"]}}],"collection":[{"href":"https:\/\/dementsus.ee\/en\/wp-json\/wp\/v2\/posts"}],"about":[{"href":"https:\/\/dementsus.ee\/en\/wp-json\/wp\/v2\/types\/post"}],"author":[{"embeddable":true,"href":"https:\/\/dementsus.ee\/en\/wp-json\/wp\/v2\/users\/2"}],"replies":[{"embeddable":true,"href":"https:\/\/dementsus.ee\/en\/wp-json\/wp\/v2\/comments?post=1167"}],"version-history":[{"count":0,"href":"https:\/\/dementsus.ee\/en\/wp-json\/wp\/v2\/posts\/1167\/revisions"}],"wp:attachment":[{"href":"https:\/\/dementsus.ee\/en\/wp-json\/wp\/v2\/media?parent=1167"}],"wp:term":[{"taxonomy":"category","embeddable":true,"href":"https:\/\/dementsus.ee\/en\/wp-json\/wp\/v2\/categories?post=1167"},{"taxonomy":"post_tag","embeddable":true,"href":"https:\/\/dementsus.ee\/en\/wp-json\/wp\/v2\/tags?post=1167"},{"taxonomy":"autor","embeddable":true,"href":"https:\/\/dementsus.ee\/en\/wp-json\/wp\/v2\/autor?post=1167"}],"curies":[{"name":"wp","href":"https:\/\/api.w.org\/{rel}","templated":true}]}}