{"id":16268,"date":"2024-05-31T18:32:23","date_gmt":"2024-05-31T15:32:23","guid":{"rendered":"https:\/\/dementsus.ee\/?p=16268"},"modified":"2024-05-31T18:32:23","modified_gmt":"2024-05-31T15:32:23","slug":"ulevaade-suvekuudel-toimuvast","status":"publish","type":"post","link":"https:\/\/dementsus.ee\/en\/ulevaade-suvekuudel-toimuvast\/","title":{"rendered":"\u00dclevaade suvekuudel toimuvast"},"content":{"rendered":"<figure id=\"attachment_16269\" aria-describedby=\"caption-attachment-16269\" style=\"width: 300px\" class=\"wp-caption alignright\"><img fetchpriority=\"high\" decoding=\"async\" class=\"wp-image-16269 size-medium\" src=\"https:\/\/dementsus.ee\/wp-content\/uploads\/2024\/05\/Flower-quotes-300x300.png\" alt=\"\" width=\"300\" height=\"300\" srcset=\"https:\/\/dementsus.ee\/wp-content\/uploads\/2024\/05\/Flower-quotes-300x300.png 300w, https:\/\/dementsus.ee\/wp-content\/uploads\/2024\/05\/Flower-quotes-1024x1024.png 1024w, https:\/\/dementsus.ee\/wp-content\/uploads\/2024\/05\/Flower-quotes-150x150.png 150w, https:\/\/dementsus.ee\/wp-content\/uploads\/2024\/05\/Flower-quotes-768x768.png 768w, https:\/\/dementsus.ee\/wp-content\/uploads\/2024\/05\/Flower-quotes-600x600.png 600w, https:\/\/dementsus.ee\/wp-content\/uploads\/2024\/05\/Flower-quotes-100x100.png 100w, https:\/\/dementsus.ee\/wp-content\/uploads\/2024\/05\/Flower-quotes.png 1080w\" sizes=\"(max-width: 300px) 100vw, 300px\" \/><figcaption id=\"caption-attachment-16269\" class=\"wp-caption-text\">Foto: canva.com<\/figcaption><\/figure>\n<p class=\"x_MsoNormal\">V\u00e4ljas on juba suviselt soe ilm, kuid t\u00f6\u00f6 dementsusega inimeste, nende pereliikmete ja ka spetsialistidega j\u00e4tkub t\u00e4ie hooga. Juunikuus toimuvad mitmel pool \u00fcle Eesti dementsusega inimeste l\u00e4hedaste tugigrupid, toimuvad m\u00e4lukohvikud, j\u00e4tkuvad personaalsed ning ekspertn\u00f5ustamised. M\u00f5ned n\u00e4ited suvel toimuvatest \u00fcritustest.<\/p>\n<p class=\"x_MsoNormal\"><em>M\u00e4lukohvik (Memory Cafe) on alguse saanud Inglismaalt, kus pakutakse koosk\u00e4imise v\u00f5imalust m\u00e4luh\u00e4iretega inimestele ja nende peredele. M<\/em><i>\u00e4lukohvikusse on\u00a0<em>oodatud eakad inimesed ja k\u00f5ik, kes soovivad m\u00e4luh\u00e4irega inimestele ja nende l\u00e4hedastele seltskonda pakkuda.<\/em><\/i><\/p>\n<p class=\"x_MsoNormal\">Mustam\u00e4e m\u00e4lukohvik toimub\u00a0<b>3. juunil kell 14.00 Mustam\u00e4e P\u00e4evakeskuses<\/b>, aadressil Ehitajate tee 82. Mustam\u00e4e m\u00e4lukohviku teemaks on seekord \u201eKoer\u201c \u2013 tulemas on ka \u00fcllatusk\u00fclaline. Vinni m\u00e4lukohvik toimub\u00a0<b>6. juunil kell 15.00 \u00d5endus-hoolduskeskuses Loojang<\/b>, aadressil Tiigi tn 1. Vinni m\u00e4lukohviku teemaks on seekord \u201eMetsak\u00fcmblus \u2013 looduse tervendav m\u00f5ju\u201c.<\/p>\n<p class=\"x_MsoNormal\"><em>Kui pereliikmel esinevad m\u00e4luh\u00e4ired v\u00f5i on dementsuss\u00fcndroom, siis vajavad l\u00e4hedased tihti toetust, n\u00f5u, \u00e4rakuulamist ja oskusi, et igap\u00e4evatoimingutega toime tulla. Selliseks kohaks, kust seda saab, on l\u00e4hedaste tugigrupp. Juunikuus toimub \u00fcle Eesti 14 tugigruppi, millest m\u00f5nega v\u00f5ib liituda ka veebi teel. K\u00f5ikide \u00fcrituste, sh ka tugigruppide, kohta leiab rohkem info\u00a0<\/em><a href=\"https:\/\/dementsus.ee\/sundmused\/\" data-auth=\"NotApplicable\" data-linkindex=\"0\">s\u00fcndmuste kalendrist<\/a>.\u00a0<em>Kui l\u00e4hedal ei ole veel toimivat tugigruppi, siis saab interneti olemasolul virtuaalse tugigrupiga \u00fchendust ka veebi vahendusel. Virtuaalsed tugigrupid toimuvad\u00a0<b>19. juunil, 10.juulil ja 13.augustil.<\/b><\/em><b><\/b><\/p>\n<p class=\"x_MsoNormal\"><em>Kui tugigrupini on veel aega, kuid mure on suur, siis saab \u00fchendust v\u00f5tta info- ja usaldustelefoniga numbril\u00a0<b>644 6440.<\/b>\u00a0Telefoniliin on avatud igal\u00a0<b>t\u00f6\u00f6p\u00e4eval kella 9.00-16.00<\/b>. Telefonile vastavad kogenud spetsialistid ja kui vaja, siis edastavad helistaja abivajaduse konsultandile.<\/em><\/p>\n<p class=\"x_MsoNormal\"><em>Info- ja usaldustelefoni teel saavad abi ka spetsilistid ja t\u00f6\u00f6tajad, kes igap\u00e4evat\u00f6\u00f6s puutuvad kokku dementsusega inimestega. P\u00fc\u00fcame koos aru saada ja m\u00f5ista, mis dementsusega inimesega toimub ning kuidas oleks v\u00f5imalik aidata tal oma igap\u00e4evaste toimingutega hakkama saada.<\/em><\/p>\n<p class=\"x_MsoNormal\" aria-hidden=\"true\">\n","protected":false},"excerpt":{"rendered":"<p>V\u00e4ljas on juba suviselt soe ilm, kuid t\u00f6\u00f6 dementsusega inimeste, nende pereliikmete ja ka spetsialistidega j\u00e4tkub t\u00e4ie hooga. Juunikuus toimuvad mitmel pool \u00fcle Eesti dementsusega inimeste l\u00e4hedaste tugigrupid, toimuvad m\u00e4lukohvikud, j\u00e4tkuvad personaalsed ning ekspertn\u00f5ustamised. M\u00f5ned n\u00e4ited suvel toimuvatest \u00fcritustest. M\u00e4lukohvik (Memory Cafe) on alguse saanud Inglismaalt, kus pakutakse koosk\u00e4imise v\u00f5imalust m\u00e4luh\u00e4iretega inimestele ja nende peredele. [&hellip;]<\/p>\n","protected":false},"author":15,"featured_media":16269,"comment_status":"open","ping_status":"open","sticky":false,"template":"","format":"standard","meta":{"footnotes":""},"categories":[1],"tags":[],"autor":[],"class_list":["post-16268","post","type-post","status-publish","format-standard","has-post-thumbnail","hentry","category-maaratlemata"],"yoast_head":"<!-- This site is optimized with the Yoast SEO plugin v26.2 - https:\/\/yoast.com\/wordpress\/plugins\/seo\/ -->\n<title>\u00dclevaade suvekuudel toimuvast - Dementsuse Kompetentsikeskus<\/title>\n<meta name=\"robots\" content=\"index, follow, max-snippet:-1, max-image-preview:large, max-video-preview:-1\" \/>\n<link rel=\"canonical\" href=\"https:\/\/dementsus.ee\/en\/ulevaade-suvekuudel-toimuvast\/\" \/>\n<meta property=\"og:locale\" content=\"en_US\" \/>\n<meta property=\"og:type\" content=\"article\" \/>\n<meta property=\"og:title\" content=\"\u00dclevaade suvekuudel toimuvast - Dementsuse Kompetentsikeskus\" \/>\n<meta property=\"og:description\" content=\"V\u00e4ljas on juba suviselt soe ilm, kuid t\u00f6\u00f6 dementsusega inimeste, nende pereliikmete ja ka spetsialistidega j\u00e4tkub t\u00e4ie hooga. Juunikuus toimuvad mitmel pool \u00fcle Eesti dementsusega inimeste l\u00e4hedaste tugigrupid, toimuvad m\u00e4lukohvikud, j\u00e4tkuvad personaalsed ning ekspertn\u00f5ustamised. M\u00f5ned n\u00e4ited suvel toimuvatest \u00fcritustest. M\u00e4lukohvik (Memory Cafe) on alguse saanud Inglismaalt, kus pakutakse koosk\u00e4imise v\u00f5imalust m\u00e4luh\u00e4iretega inimestele ja nende peredele. [&hellip;]\" \/>\n<meta property=\"og:url\" content=\"https:\/\/dementsus.ee\/en\/ulevaade-suvekuudel-toimuvast\/\" \/>\n<meta property=\"og:site_name\" content=\"Dementsuse Kompetentsikeskus\" \/>\n<meta property=\"article:published_time\" content=\"2024-05-31T15:32:23+00:00\" \/>\n<meta property=\"og:image\" content=\"https:\/\/dementsus.ee\/wp-content\/uploads\/2024\/05\/Flower-quotes.png\" \/>\n\t<meta property=\"og:image:width\" content=\"1080\" \/>\n\t<meta property=\"og:image:height\" content=\"1080\" \/>\n\t<meta property=\"og:image:type\" content=\"image\/png\" \/>\n<meta name=\"author\" content=\"Ragne Heiste\" \/>\n<meta name=\"twitter:card\" content=\"summary_large_image\" \/>\n<meta name=\"twitter:label1\" content=\"Written by\" \/>\n\t<meta name=\"twitter:data1\" content=\"Ragne Heiste\" \/>\n\t<meta name=\"twitter:label2\" content=\"Est. reading time\" \/>\n\t<meta name=\"twitter:data2\" content=\"2 minutes\" \/>\n<script type=\"application\/ld+json\" class=\"yoast-schema-graph\">{\"@context\":\"https:\/\/schema.org\",\"@graph\":[{\"@type\":\"Article\",\"@id\":\"https:\/\/dementsus.ee\/en\/ulevaade-suvekuudel-toimuvast\/#article\",\"isPartOf\":{\"@id\":\"https:\/\/dementsus.ee\/en\/ulevaade-suvekuudel-toimuvast\/\"},\"author\":{\"name\":\"Ragne Heiste\",\"@id\":\"https:\/\/dementsus.ee\/en\/#\/schema\/person\/b61d220dad79260c276ba4eebc900400\"},\"headline\":\"\u00dclevaade suvekuudel toimuvast\",\"datePublished\":\"2024-05-31T15:32:23+00:00\",\"mainEntityOfPage\":{\"@id\":\"https:\/\/dementsus.ee\/en\/ulevaade-suvekuudel-toimuvast\/\"},\"wordCount\":324,\"commentCount\":0,\"publisher\":{\"@id\":\"https:\/\/dementsus.ee\/en\/#organization\"},\"image\":{\"@id\":\"https:\/\/dementsus.ee\/en\/ulevaade-suvekuudel-toimuvast\/#primaryimage\"},\"thumbnailUrl\":\"https:\/\/dementsus.ee\/wp-content\/uploads\/2024\/05\/Flower-quotes.png\",\"articleSection\":[\"M\u00e4\u00e4ratlemata\"],\"inLanguage\":\"en-US\"},{\"@type\":\"WebPage\",\"@id\":\"https:\/\/dementsus.ee\/en\/ulevaade-suvekuudel-toimuvast\/\",\"url\":\"https:\/\/dementsus.ee\/en\/ulevaade-suvekuudel-toimuvast\/\",\"name\":\"\u00dclevaade suvekuudel toimuvast - Dementsuse Kompetentsikeskus\",\"isPartOf\":{\"@id\":\"https:\/\/dementsus.ee\/en\/#website\"},\"primaryImageOfPage\":{\"@id\":\"https:\/\/dementsus.ee\/en\/ulevaade-suvekuudel-toimuvast\/#primaryimage\"},\"image\":{\"@id\":\"https:\/\/dementsus.ee\/en\/ulevaade-suvekuudel-toimuvast\/#primaryimage\"},\"thumbnailUrl\":\"https:\/\/dementsus.ee\/wp-content\/uploads\/2024\/05\/Flower-quotes.png\",\"datePublished\":\"2024-05-31T15:32:23+00:00\",\"breadcrumb\":{\"@id\":\"https:\/\/dementsus.ee\/en\/ulevaade-suvekuudel-toimuvast\/#breadcrumb\"},\"inLanguage\":\"en-US\",\"potentialAction\":[{\"@type\":\"ReadAction\",\"target\":[\"https:\/\/dementsus.ee\/en\/ulevaade-suvekuudel-toimuvast\/\"]}]},{\"@type\":\"ImageObject\",\"inLanguage\":\"en-US\",\"@id\":\"https:\/\/dementsus.ee\/en\/ulevaade-suvekuudel-toimuvast\/#primaryimage\",\"url\":\"https:\/\/dementsus.ee\/wp-content\/uploads\/2024\/05\/Flower-quotes.png\",\"contentUrl\":\"https:\/\/dementsus.ee\/wp-content\/uploads\/2024\/05\/Flower-quotes.png\",\"width\":1080,\"height\":1080},{\"@type\":\"BreadcrumbList\",\"@id\":\"https:\/\/dementsus.ee\/en\/ulevaade-suvekuudel-toimuvast\/#breadcrumb\",\"itemListElement\":[{\"@type\":\"ListItem\",\"position\":1,\"name\":\"Esileht\",\"item\":\"https:\/\/dementsus.ee\/en\/\"},{\"@type\":\"ListItem\",\"position\":2,\"name\":\"\u00dclevaade suvekuudel toimuvast\"}]},{\"@type\":\"WebSite\",\"@id\":\"https:\/\/dementsus.ee\/en\/#website\",\"url\":\"https:\/\/dementsus.ee\/en\/\",\"name\":\"Dementsuse Kompetentsikeskus\",\"description\":\"dementsuse info ja abi\",\"publisher\":{\"@id\":\"https:\/\/dementsus.ee\/en\/#organization\"},\"potentialAction\":[{\"@type\":\"SearchAction\",\"target\":{\"@type\":\"EntryPoint\",\"urlTemplate\":\"https:\/\/dementsus.ee\/en\/?s={search_term_string}\"},\"query-input\":{\"@type\":\"PropertyValueSpecification\",\"valueRequired\":true,\"valueName\":\"search_term_string\"}}],\"inLanguage\":\"en-US\"},{\"@type\":\"Organization\",\"@id\":\"https:\/\/dementsus.ee\/en\/#organization\",\"name\":\"Dementsuse Kompetentsikeskus\",\"url\":\"https:\/\/dementsus.ee\/en\/\",\"logo\":{\"@type\":\"ImageObject\",\"inLanguage\":\"en-US\",\"@id\":\"https:\/\/dementsus.ee\/en\/#\/schema\/logo\/image\/\",\"url\":\"https:\/\/dementsus.ee\/wp-content\/uploads\/2023\/07\/ED_logo_kodukale.svg\",\"contentUrl\":\"https:\/\/dementsus.ee\/wp-content\/uploads\/2023\/07\/ED_logo_kodukale.svg\",\"caption\":\"Dementsuse Kompetentsikeskus\"},\"image\":{\"@id\":\"https:\/\/dementsus.ee\/en\/#\/schema\/logo\/image\/\"}},{\"@type\":\"Person\",\"@id\":\"https:\/\/dementsus.ee\/en\/#\/schema\/person\/b61d220dad79260c276ba4eebc900400\",\"name\":\"Ragne Heiste\",\"image\":{\"@type\":\"ImageObject\",\"inLanguage\":\"en-US\",\"@id\":\"https:\/\/dementsus.ee\/en\/#\/schema\/person\/image\/\",\"url\":\"https:\/\/secure.gravatar.com\/avatar\/7cde9a72bac2fd9241de2d3854317c9226c6b434c5441cf82bfcef7aeed94442?s=96&d=mm&r=g\",\"contentUrl\":\"https:\/\/secure.gravatar.com\/avatar\/7cde9a72bac2fd9241de2d3854317c9226c6b434c5441cf82bfcef7aeed94442?s=96&d=mm&r=g\",\"caption\":\"Ragne Heiste\"},\"url\":\"https:\/\/dementsus.ee\/en\/author\/ragne\/\"}]}<\/script>\n<!-- \/ Yoast SEO plugin. -->","yoast_head_json":{"title":"\u00dclevaade suvekuudel toimuvast - Dementsuse Kompetentsikeskus","robots":{"index":"index","follow":"follow","max-snippet":"max-snippet:-1","max-image-preview":"max-image-preview:large","max-video-preview":"max-video-preview:-1"},"canonical":"https:\/\/dementsus.ee\/en\/ulevaade-suvekuudel-toimuvast\/","og_locale":"en_US","og_type":"article","og_title":"\u00dclevaade suvekuudel toimuvast - Dementsuse Kompetentsikeskus","og_description":"V\u00e4ljas on juba suviselt soe ilm, kuid t\u00f6\u00f6 dementsusega inimeste, nende pereliikmete ja ka spetsialistidega j\u00e4tkub t\u00e4ie hooga. Juunikuus toimuvad mitmel pool \u00fcle Eesti dementsusega inimeste l\u00e4hedaste tugigrupid, toimuvad m\u00e4lukohvikud, j\u00e4tkuvad personaalsed ning ekspertn\u00f5ustamised. M\u00f5ned n\u00e4ited suvel toimuvatest \u00fcritustest. M\u00e4lukohvik (Memory Cafe) on alguse saanud Inglismaalt, kus pakutakse koosk\u00e4imise v\u00f5imalust m\u00e4luh\u00e4iretega inimestele ja nende peredele. [&hellip;]","og_url":"https:\/\/dementsus.ee\/en\/ulevaade-suvekuudel-toimuvast\/","og_site_name":"Dementsuse Kompetentsikeskus","article_published_time":"2024-05-31T15:32:23+00:00","og_image":[{"width":1080,"height":1080,"url":"https:\/\/dementsus.ee\/wp-content\/uploads\/2024\/05\/Flower-quotes.png","type":"image\/png"}],"author":"Ragne Heiste","twitter_card":"summary_large_image","twitter_misc":{"Written by":"Ragne Heiste","Est. reading time":"2 minutes"},"schema":{"@context":"https:\/\/schema.org","@graph":[{"@type":"Article","@id":"https:\/\/dementsus.ee\/en\/ulevaade-suvekuudel-toimuvast\/#article","isPartOf":{"@id":"https:\/\/dementsus.ee\/en\/ulevaade-suvekuudel-toimuvast\/"},"author":{"name":"Ragne Heiste","@id":"https:\/\/dementsus.ee\/en\/#\/schema\/person\/b61d220dad79260c276ba4eebc900400"},"headline":"\u00dclevaade suvekuudel toimuvast","datePublished":"2024-05-31T15:32:23+00:00","mainEntityOfPage":{"@id":"https:\/\/dementsus.ee\/en\/ulevaade-suvekuudel-toimuvast\/"},"wordCount":324,"commentCount":0,"publisher":{"@id":"https:\/\/dementsus.ee\/en\/#organization"},"image":{"@id":"https:\/\/dementsus.ee\/en\/ulevaade-suvekuudel-toimuvast\/#primaryimage"},"thumbnailUrl":"https:\/\/dementsus.ee\/wp-content\/uploads\/2024\/05\/Flower-quotes.png","articleSection":["M\u00e4\u00e4ratlemata"],"inLanguage":"en-US"},{"@type":"WebPage","@id":"https:\/\/dementsus.ee\/en\/ulevaade-suvekuudel-toimuvast\/","url":"https:\/\/dementsus.ee\/en\/ulevaade-suvekuudel-toimuvast\/","name":"\u00dclevaade suvekuudel toimuvast - Dementsuse Kompetentsikeskus","isPartOf":{"@id":"https:\/\/dementsus.ee\/en\/#website"},"primaryImageOfPage":{"@id":"https:\/\/dementsus.ee\/en\/ulevaade-suvekuudel-toimuvast\/#primaryimage"},"image":{"@id":"https:\/\/dementsus.ee\/en\/ulevaade-suvekuudel-toimuvast\/#primaryimage"},"thumbnailUrl":"https:\/\/dementsus.ee\/wp-content\/uploads\/2024\/05\/Flower-quotes.png","datePublished":"2024-05-31T15:32:23+00:00","breadcrumb":{"@id":"https:\/\/dementsus.ee\/en\/ulevaade-suvekuudel-toimuvast\/#breadcrumb"},"inLanguage":"en-US","potentialAction":[{"@type":"ReadAction","target":["https:\/\/dementsus.ee\/en\/ulevaade-suvekuudel-toimuvast\/"]}]},{"@type":"ImageObject","inLanguage":"en-US","@id":"https:\/\/dementsus.ee\/en\/ulevaade-suvekuudel-toimuvast\/#primaryimage","url":"https:\/\/dementsus.ee\/wp-content\/uploads\/2024\/05\/Flower-quotes.png","contentUrl":"https:\/\/dementsus.ee\/wp-content\/uploads\/2024\/05\/Flower-quotes.png","width":1080,"height":1080},{"@type":"BreadcrumbList","@id":"https:\/\/dementsus.ee\/en\/ulevaade-suvekuudel-toimuvast\/#breadcrumb","itemListElement":[{"@type":"ListItem","position":1,"name":"Esileht","item":"https:\/\/dementsus.ee\/en\/"},{"@type":"ListItem","position":2,"name":"\u00dclevaade suvekuudel toimuvast"}]},{"@type":"WebSite","@id":"https:\/\/dementsus.ee\/en\/#website","url":"https:\/\/dementsus.ee\/en\/","name":"Dementsuse Kompetentsikeskus","description":"dementsuse info ja abi","publisher":{"@id":"https:\/\/dementsus.ee\/en\/#organization"},"potentialAction":[{"@type":"SearchAction","target":{"@type":"EntryPoint","urlTemplate":"https:\/\/dementsus.ee\/en\/?s={search_term_string}"},"query-input":{"@type":"PropertyValueSpecification","valueRequired":true,"valueName":"search_term_string"}}],"inLanguage":"en-US"},{"@type":"Organization","@id":"https:\/\/dementsus.ee\/en\/#organization","name":"Dementsuse Kompetentsikeskus","url":"https:\/\/dementsus.ee\/en\/","logo":{"@type":"ImageObject","inLanguage":"en-US","@id":"https:\/\/dementsus.ee\/en\/#\/schema\/logo\/image\/","url":"https:\/\/dementsus.ee\/wp-content\/uploads\/2023\/07\/ED_logo_kodukale.svg","contentUrl":"https:\/\/dementsus.ee\/wp-content\/uploads\/2023\/07\/ED_logo_kodukale.svg","caption":"Dementsuse Kompetentsikeskus"},"image":{"@id":"https:\/\/dementsus.ee\/en\/#\/schema\/logo\/image\/"}},{"@type":"Person","@id":"https:\/\/dementsus.ee\/en\/#\/schema\/person\/b61d220dad79260c276ba4eebc900400","name":"Ragne Heiste","image":{"@type":"ImageObject","inLanguage":"en-US","@id":"https:\/\/dementsus.ee\/en\/#\/schema\/person\/image\/","url":"https:\/\/secure.gravatar.com\/avatar\/7cde9a72bac2fd9241de2d3854317c9226c6b434c5441cf82bfcef7aeed94442?s=96&d=mm&r=g","contentUrl":"https:\/\/secure.gravatar.com\/avatar\/7cde9a72bac2fd9241de2d3854317c9226c6b434c5441cf82bfcef7aeed94442?s=96&d=mm&r=g","caption":"Ragne Heiste"},"url":"https:\/\/dementsus.ee\/en\/author\/ragne\/"}]}},"_links":{"self":[{"href":"https:\/\/dementsus.ee\/en\/wp-json\/wp\/v2\/posts\/16268","targetHints":{"allow":["GET"]}}],"collection":[{"href":"https:\/\/dementsus.ee\/en\/wp-json\/wp\/v2\/posts"}],"about":[{"href":"https:\/\/dementsus.ee\/en\/wp-json\/wp\/v2\/types\/post"}],"author":[{"embeddable":true,"href":"https:\/\/dementsus.ee\/en\/wp-json\/wp\/v2\/users\/15"}],"replies":[{"embeddable":true,"href":"https:\/\/dementsus.ee\/en\/wp-json\/wp\/v2\/comments?post=16268"}],"version-history":[{"count":1,"href":"https:\/\/dementsus.ee\/en\/wp-json\/wp\/v2\/posts\/16268\/revisions"}],"predecessor-version":[{"id":16272,"href":"https:\/\/dementsus.ee\/en\/wp-json\/wp\/v2\/posts\/16268\/revisions\/16272"}],"wp:featuredmedia":[{"embeddable":true,"href":"https:\/\/dementsus.ee\/en\/wp-json\/wp\/v2\/media\/16269"}],"wp:attachment":[{"href":"https:\/\/dementsus.ee\/en\/wp-json\/wp\/v2\/media?parent=16268"}],"wp:term":[{"taxonomy":"category","embeddable":true,"href":"https:\/\/dementsus.ee\/en\/wp-json\/wp\/v2\/categories?post=16268"},{"taxonomy":"post_tag","embeddable":true,"href":"https:\/\/dementsus.ee\/en\/wp-json\/wp\/v2\/tags?post=16268"},{"taxonomy":"autor","embeddable":true,"href":"https:\/\/dementsus.ee\/en\/wp-json\/wp\/v2\/autor?post=16268"}],"curies":[{"name":"wp","href":"https:\/\/api.w.org\/{rel}","templated":true}]}}