{"id":16801,"date":"2024-06-20T17:33:14","date_gmt":"2024-06-20T14:33:14","guid":{"rendered":"https:\/\/dementsus.ee\/?p=16801"},"modified":"2024-06-20T17:43:16","modified_gmt":"2024-06-20T14:43:16","slug":"dementsusega-inimeste-igapaevaelu-toetajad-kogunesid-viljandi-ja-johvi-seminaridele","status":"publish","type":"post","link":"https:\/\/dementsus.ee\/en\/dementsusega-inimeste-igapaevaelu-toetajad-kogunesid-viljandi-ja-johvi-seminaridele\/","title":{"rendered":"Dementsusega inimeste igap\u00e4evaelu toetajad kogunesid Viljandi ja J\u00f5hvi seminaridele"},"content":{"rendered":"<p><a href=\"https:\/\/dementsus.ee\/wp-content\/uploads\/2024\/06\/seminar_.jpg\"><img fetchpriority=\"high\" decoding=\"async\" class=\"wp-image-16809 alignleft\" src=\"https:\/\/dementsus.ee\/wp-content\/uploads\/2024\/06\/seminar_-300x223.jpg\" alt=\"\" width=\"338\" height=\"251\" srcset=\"https:\/\/dementsus.ee\/wp-content\/uploads\/2024\/06\/seminar_-300x223.jpg 300w, https:\/\/dementsus.ee\/wp-content\/uploads\/2024\/06\/seminar_-1024x760.jpg 1024w, https:\/\/dementsus.ee\/wp-content\/uploads\/2024\/06\/seminar_-768x570.jpg 768w, https:\/\/dementsus.ee\/wp-content\/uploads\/2024\/06\/seminar_-600x445.jpg 600w, https:\/\/dementsus.ee\/wp-content\/uploads\/2024\/06\/seminar_.jpg 1186w\" sizes=\"(max-width: 338px) 100vw, 338px\" \/><\/a>Eelmisel n\u00e4dalal toimusid Viljandis ja J\u00f5hvis olulised seminarid, mis t\u00f5id kokku hoolekandeasutuste t\u00f6\u00f6tajad, kohalike omavalitsuste sotsiaalt\u00f6\u00f6 spetsialistid ning paljud teised dementsusega inimeste igap\u00e4evaelu toetajad. Seminaridel jagasid oma teadmisi ja kogemusi kaks oma ala spetsialisti: Rini Blankers ja Hanna-Stiina Heinmets.<\/p>\n<p>Rini Blankers Hollandist, kes on spetsialiseerunud dementsusega inimeste k\u00e4itumisprobleemide anal\u00fc\u00fcsimisele ning asjakohaste sekkumiste leidmisele, esines seminaridel kvaliteetse hoolduse tagamise teemadel. Blankers, kes on olnud tegev Eesti tervishoius\u00fcsteemis juba \u00fcle 20 aasta, jagas oma hindamatuid kogemusi ja teadmisi. Lisaks viis ta l\u00e4bi erinevate juhtumite anal\u00fc\u00fcse ning harjutusi ja pakkus praktilisi n\u00f5uandeid.<\/p>\n<p>Hanna-Stiina Heinmets, tegevusterapeut ja Dementsuse Kompetentsikeskuse konsultant, keskendus oma ettekandes dementsusega inimeste seksuaalsuse ja l\u00e4heduse vajaduste m\u00f5istmisele. Heinmets on t\u00f6\u00f6tanud dementsuse valdkonnas 14 aastat ning tema teadmised ja kogemused on olnud olulised Dementsuse Kompetentsikeskuse arendamisel ning tugigrupis\u00fcsteemide k\u00e4ivitamisel l\u00e4hedastele.<a href=\"https:\/\/dementsus.ee\/wp-content\/uploads\/2024\/06\/448144183_1661408598019810_423064463346874624_n.jpg\"><img decoding=\"async\" class=\"wp-image-16802 alignright\" src=\"https:\/\/dementsus.ee\/wp-content\/uploads\/2024\/06\/448144183_1661408598019810_423064463346874624_n-300x225.jpg\" alt=\"\" width=\"339\" height=\"255\" srcset=\"https:\/\/dementsus.ee\/wp-content\/uploads\/2024\/06\/448144183_1661408598019810_423064463346874624_n-300x225.jpg 300w, https:\/\/dementsus.ee\/wp-content\/uploads\/2024\/06\/448144183_1661408598019810_423064463346874624_n-1024x768.jpg 1024w, https:\/\/dementsus.ee\/wp-content\/uploads\/2024\/06\/448144183_1661408598019810_423064463346874624_n-768x576.jpg 768w, https:\/\/dementsus.ee\/wp-content\/uploads\/2024\/06\/448144183_1661408598019810_423064463346874624_n-1536x1152.jpg 1536w, https:\/\/dementsus.ee\/wp-content\/uploads\/2024\/06\/448144183_1661408598019810_423064463346874624_n-1320x990.jpg 1320w, https:\/\/dementsus.ee\/wp-content\/uploads\/2024\/06\/448144183_1661408598019810_423064463346874624_n-600x450.jpg 600w, https:\/\/dementsus.ee\/wp-content\/uploads\/2024\/06\/448144183_1661408598019810_423064463346874624_n.jpg 2048w\" sizes=\"(max-width: 339px) 100vw, 339px\" \/><\/a><br \/>\nViljandi seminar toimus inglise keeles j\u00e4relt\u00f5lkega eesti keelde. J\u00f5hvi seminar toimus nii inglise kui eesti keeles, j\u00e4relt\u00f5lkega vene keelde.<\/p>\n<p>Seminarid olid suurep\u00e4rane v\u00f5imalus t\u00e4iendada oma teadmisi ja oskusi ning toetada oma igap\u00e4evat\u00f6\u00f6d praktiliste n\u00f5uannete ja uute teadmistega. T\u00e4name k\u00f5iki osalejaid ja esinejaid ning loodame, et taolised seminarid saavad edaspidigi toimuma, et pakkuda v\u00e4\u00e4rtuslikku t\u00e4iendkoolitust k\u00f5igile huvilistele.<\/p>\n<p>&nbsp;<\/p>\n","protected":false},"excerpt":{"rendered":"<p>Eelmisel n\u00e4dalal toimusid Viljandis ja J\u00f5hvis olulised seminarid, mis t\u00f5id kokku hoolekandeasutuste t\u00f6\u00f6tajad, kohalike omavalitsuste sotsiaalt\u00f6\u00f6 spetsialistid ning paljud teised dementsusega inimeste igap\u00e4evaelu toetajad. Seminaridel jagasid oma teadmisi ja kogemusi kaks oma ala spetsialisti: Rini Blankers ja Hanna-Stiina Heinmets. Rini Blankers Hollandist, kes on spetsialiseerunud dementsusega inimeste k\u00e4itumisprobleemide anal\u00fc\u00fcsimisele ning asjakohaste sekkumiste leidmisele, esines seminaridel [&hellip;]<\/p>\n","protected":false},"author":15,"featured_media":16812,"comment_status":"open","ping_status":"open","sticky":false,"template":"","format":"standard","meta":{"footnotes":""},"categories":[1],"tags":[],"autor":[31],"class_list":["post-16801","post","type-post","status-publish","format-standard","has-post-thumbnail","hentry","category-maaratlemata","autor-ragne-heiste"],"yoast_head":"<!-- This site is optimized with the Yoast SEO plugin v26.2 - https:\/\/yoast.com\/wordpress\/plugins\/seo\/ -->\n<title>Dementsusega inimeste igap\u00e4evaelu toetajad kogunesid Viljandi ja J\u00f5hvi seminaridele - Dementsuse Kompetentsikeskus<\/title>\n<meta name=\"robots\" content=\"index, follow, max-snippet:-1, max-image-preview:large, max-video-preview:-1\" \/>\n<link rel=\"canonical\" href=\"https:\/\/dementsus.ee\/en\/dementsusega-inimeste-igapaevaelu-toetajad-kogunesid-viljandi-ja-johvi-seminaridele\/\" \/>\n<meta property=\"og:locale\" content=\"en_US\" \/>\n<meta property=\"og:type\" content=\"article\" \/>\n<meta property=\"og:title\" content=\"Dementsusega inimeste igap\u00e4evaelu toetajad kogunesid Viljandi ja J\u00f5hvi seminaridele - Dementsuse Kompetentsikeskus\" \/>\n<meta property=\"og:description\" content=\"Eelmisel n\u00e4dalal toimusid Viljandis ja J\u00f5hvis olulised seminarid, mis t\u00f5id kokku hoolekandeasutuste t\u00f6\u00f6tajad, kohalike omavalitsuste sotsiaalt\u00f6\u00f6 spetsialistid ning paljud teised dementsusega inimeste igap\u00e4evaelu toetajad. Seminaridel jagasid oma teadmisi ja kogemusi kaks oma ala spetsialisti: Rini Blankers ja Hanna-Stiina Heinmets. Rini Blankers Hollandist, kes on spetsialiseerunud dementsusega inimeste k\u00e4itumisprobleemide anal\u00fc\u00fcsimisele ning asjakohaste sekkumiste leidmisele, esines seminaridel [&hellip;]\" \/>\n<meta property=\"og:url\" content=\"https:\/\/dementsus.ee\/en\/dementsusega-inimeste-igapaevaelu-toetajad-kogunesid-viljandi-ja-johvi-seminaridele\/\" \/>\n<meta property=\"og:site_name\" content=\"Dementsuse Kompetentsikeskus\" \/>\n<meta property=\"article:published_time\" content=\"2024-06-20T14:33:14+00:00\" \/>\n<meta property=\"article:modified_time\" content=\"2024-06-20T14:43:16+00:00\" \/>\n<meta property=\"og:image\" content=\"https:\/\/dementsus.ee\/wp-content\/uploads\/2024\/06\/rini.jpg\" \/>\n\t<meta property=\"og:image:width\" content=\"2048\" \/>\n\t<meta property=\"og:image:height\" content=\"1536\" \/>\n\t<meta property=\"og:image:type\" content=\"image\/jpeg\" \/>\n<meta name=\"author\" content=\"Ragne Heiste\" \/>\n<meta name=\"twitter:card\" content=\"summary_large_image\" \/>\n<meta name=\"twitter:label1\" content=\"Written by\" \/>\n\t<meta name=\"twitter:data1\" content=\"Ragne Heiste\" \/>\n\t<meta name=\"twitter:label2\" content=\"Est. reading time\" \/>\n\t<meta name=\"twitter:data2\" content=\"2 minutes\" \/>\n<script type=\"application\/ld+json\" class=\"yoast-schema-graph\">{\"@context\":\"https:\/\/schema.org\",\"@graph\":[{\"@type\":\"Article\",\"@id\":\"https:\/\/dementsus.ee\/en\/dementsusega-inimeste-igapaevaelu-toetajad-kogunesid-viljandi-ja-johvi-seminaridele\/#article\",\"isPartOf\":{\"@id\":\"https:\/\/dementsus.ee\/en\/dementsusega-inimeste-igapaevaelu-toetajad-kogunesid-viljandi-ja-johvi-seminaridele\/\"},\"author\":{\"name\":\"Ragne Heiste\",\"@id\":\"https:\/\/dementsus.ee\/en\/#\/schema\/person\/b61d220dad79260c276ba4eebc900400\"},\"headline\":\"Dementsusega inimeste igap\u00e4evaelu toetajad kogunesid Viljandi ja J\u00f5hvi seminaridele\",\"datePublished\":\"2024-06-20T14:33:14+00:00\",\"dateModified\":\"2024-06-20T14:43:16+00:00\",\"mainEntityOfPage\":{\"@id\":\"https:\/\/dementsus.ee\/en\/dementsusega-inimeste-igapaevaelu-toetajad-kogunesid-viljandi-ja-johvi-seminaridele\/\"},\"wordCount\":227,\"commentCount\":0,\"publisher\":{\"@id\":\"https:\/\/dementsus.ee\/en\/#organization\"},\"image\":{\"@id\":\"https:\/\/dementsus.ee\/en\/dementsusega-inimeste-igapaevaelu-toetajad-kogunesid-viljandi-ja-johvi-seminaridele\/#primaryimage\"},\"thumbnailUrl\":\"https:\/\/dementsus.ee\/wp-content\/uploads\/2024\/06\/rini.jpg\",\"articleSection\":[\"M\u00e4\u00e4ratlemata\"],\"inLanguage\":\"en-US\"},{\"@type\":\"WebPage\",\"@id\":\"https:\/\/dementsus.ee\/en\/dementsusega-inimeste-igapaevaelu-toetajad-kogunesid-viljandi-ja-johvi-seminaridele\/\",\"url\":\"https:\/\/dementsus.ee\/en\/dementsusega-inimeste-igapaevaelu-toetajad-kogunesid-viljandi-ja-johvi-seminaridele\/\",\"name\":\"Dementsusega inimeste igap\u00e4evaelu toetajad kogunesid Viljandi ja J\u00f5hvi seminaridele - Dementsuse Kompetentsikeskus\",\"isPartOf\":{\"@id\":\"https:\/\/dementsus.ee\/en\/#website\"},\"primaryImageOfPage\":{\"@id\":\"https:\/\/dementsus.ee\/en\/dementsusega-inimeste-igapaevaelu-toetajad-kogunesid-viljandi-ja-johvi-seminaridele\/#primaryimage\"},\"image\":{\"@id\":\"https:\/\/dementsus.ee\/en\/dementsusega-inimeste-igapaevaelu-toetajad-kogunesid-viljandi-ja-johvi-seminaridele\/#primaryimage\"},\"thumbnailUrl\":\"https:\/\/dementsus.ee\/wp-content\/uploads\/2024\/06\/rini.jpg\",\"datePublished\":\"2024-06-20T14:33:14+00:00\",\"dateModified\":\"2024-06-20T14:43:16+00:00\",\"breadcrumb\":{\"@id\":\"https:\/\/dementsus.ee\/en\/dementsusega-inimeste-igapaevaelu-toetajad-kogunesid-viljandi-ja-johvi-seminaridele\/#breadcrumb\"},\"inLanguage\":\"en-US\",\"potentialAction\":[{\"@type\":\"ReadAction\",\"target\":[\"https:\/\/dementsus.ee\/en\/dementsusega-inimeste-igapaevaelu-toetajad-kogunesid-viljandi-ja-johvi-seminaridele\/\"]}]},{\"@type\":\"ImageObject\",\"inLanguage\":\"en-US\",\"@id\":\"https:\/\/dementsus.ee\/en\/dementsusega-inimeste-igapaevaelu-toetajad-kogunesid-viljandi-ja-johvi-seminaridele\/#primaryimage\",\"url\":\"https:\/\/dementsus.ee\/wp-content\/uploads\/2024\/06\/rini.jpg\",\"contentUrl\":\"https:\/\/dementsus.ee\/wp-content\/uploads\/2024\/06\/rini.jpg\",\"width\":2048,\"height\":1536},{\"@type\":\"BreadcrumbList\",\"@id\":\"https:\/\/dementsus.ee\/en\/dementsusega-inimeste-igapaevaelu-toetajad-kogunesid-viljandi-ja-johvi-seminaridele\/#breadcrumb\",\"itemListElement\":[{\"@type\":\"ListItem\",\"position\":1,\"name\":\"Esileht\",\"item\":\"https:\/\/dementsus.ee\/en\/\"},{\"@type\":\"ListItem\",\"position\":2,\"name\":\"Dementsusega inimeste igap\u00e4evaelu toetajad kogunesid Viljandi ja J\u00f5hvi seminaridele\"}]},{\"@type\":\"WebSite\",\"@id\":\"https:\/\/dementsus.ee\/en\/#website\",\"url\":\"https:\/\/dementsus.ee\/en\/\",\"name\":\"Dementsuse Kompetentsikeskus\",\"description\":\"dementsuse info ja abi\",\"publisher\":{\"@id\":\"https:\/\/dementsus.ee\/en\/#organization\"},\"potentialAction\":[{\"@type\":\"SearchAction\",\"target\":{\"@type\":\"EntryPoint\",\"urlTemplate\":\"https:\/\/dementsus.ee\/en\/?s={search_term_string}\"},\"query-input\":{\"@type\":\"PropertyValueSpecification\",\"valueRequired\":true,\"valueName\":\"search_term_string\"}}],\"inLanguage\":\"en-US\"},{\"@type\":\"Organization\",\"@id\":\"https:\/\/dementsus.ee\/en\/#organization\",\"name\":\"Dementsuse Kompetentsikeskus\",\"url\":\"https:\/\/dementsus.ee\/en\/\",\"logo\":{\"@type\":\"ImageObject\",\"inLanguage\":\"en-US\",\"@id\":\"https:\/\/dementsus.ee\/en\/#\/schema\/logo\/image\/\",\"url\":\"https:\/\/dementsus.ee\/wp-content\/uploads\/2023\/07\/ED_logo_kodukale.svg\",\"contentUrl\":\"https:\/\/dementsus.ee\/wp-content\/uploads\/2023\/07\/ED_logo_kodukale.svg\",\"caption\":\"Dementsuse Kompetentsikeskus\"},\"image\":{\"@id\":\"https:\/\/dementsus.ee\/en\/#\/schema\/logo\/image\/\"}},{\"@type\":\"Person\",\"@id\":\"https:\/\/dementsus.ee\/en\/#\/schema\/person\/b61d220dad79260c276ba4eebc900400\",\"name\":\"Ragne Heiste\",\"image\":{\"@type\":\"ImageObject\",\"inLanguage\":\"en-US\",\"@id\":\"https:\/\/dementsus.ee\/en\/#\/schema\/person\/image\/\",\"url\":\"https:\/\/secure.gravatar.com\/avatar\/7cde9a72bac2fd9241de2d3854317c9226c6b434c5441cf82bfcef7aeed94442?s=96&d=mm&r=g\",\"contentUrl\":\"https:\/\/secure.gravatar.com\/avatar\/7cde9a72bac2fd9241de2d3854317c9226c6b434c5441cf82bfcef7aeed94442?s=96&d=mm&r=g\",\"caption\":\"Ragne Heiste\"},\"url\":\"https:\/\/dementsus.ee\/en\/author\/ragne\/\"}]}<\/script>\n<!-- \/ Yoast SEO plugin. -->","yoast_head_json":{"title":"Dementsusega inimeste igap\u00e4evaelu toetajad kogunesid Viljandi ja J\u00f5hvi seminaridele - Dementsuse Kompetentsikeskus","robots":{"index":"index","follow":"follow","max-snippet":"max-snippet:-1","max-image-preview":"max-image-preview:large","max-video-preview":"max-video-preview:-1"},"canonical":"https:\/\/dementsus.ee\/en\/dementsusega-inimeste-igapaevaelu-toetajad-kogunesid-viljandi-ja-johvi-seminaridele\/","og_locale":"en_US","og_type":"article","og_title":"Dementsusega inimeste igap\u00e4evaelu toetajad kogunesid Viljandi ja J\u00f5hvi seminaridele - Dementsuse Kompetentsikeskus","og_description":"Eelmisel n\u00e4dalal toimusid Viljandis ja J\u00f5hvis olulised seminarid, mis t\u00f5id kokku hoolekandeasutuste t\u00f6\u00f6tajad, kohalike omavalitsuste sotsiaalt\u00f6\u00f6 spetsialistid ning paljud teised dementsusega inimeste igap\u00e4evaelu toetajad. Seminaridel jagasid oma teadmisi ja kogemusi kaks oma ala spetsialisti: Rini Blankers ja Hanna-Stiina Heinmets. Rini Blankers Hollandist, kes on spetsialiseerunud dementsusega inimeste k\u00e4itumisprobleemide anal\u00fc\u00fcsimisele ning asjakohaste sekkumiste leidmisele, esines seminaridel [&hellip;]","og_url":"https:\/\/dementsus.ee\/en\/dementsusega-inimeste-igapaevaelu-toetajad-kogunesid-viljandi-ja-johvi-seminaridele\/","og_site_name":"Dementsuse Kompetentsikeskus","article_published_time":"2024-06-20T14:33:14+00:00","article_modified_time":"2024-06-20T14:43:16+00:00","og_image":[{"width":2048,"height":1536,"url":"https:\/\/dementsus.ee\/wp-content\/uploads\/2024\/06\/rini.jpg","type":"image\/jpeg"}],"author":"Ragne Heiste","twitter_card":"summary_large_image","twitter_misc":{"Written by":"Ragne Heiste","Est. reading time":"2 minutes"},"schema":{"@context":"https:\/\/schema.org","@graph":[{"@type":"Article","@id":"https:\/\/dementsus.ee\/en\/dementsusega-inimeste-igapaevaelu-toetajad-kogunesid-viljandi-ja-johvi-seminaridele\/#article","isPartOf":{"@id":"https:\/\/dementsus.ee\/en\/dementsusega-inimeste-igapaevaelu-toetajad-kogunesid-viljandi-ja-johvi-seminaridele\/"},"author":{"name":"Ragne Heiste","@id":"https:\/\/dementsus.ee\/en\/#\/schema\/person\/b61d220dad79260c276ba4eebc900400"},"headline":"Dementsusega inimeste igap\u00e4evaelu toetajad kogunesid Viljandi ja J\u00f5hvi seminaridele","datePublished":"2024-06-20T14:33:14+00:00","dateModified":"2024-06-20T14:43:16+00:00","mainEntityOfPage":{"@id":"https:\/\/dementsus.ee\/en\/dementsusega-inimeste-igapaevaelu-toetajad-kogunesid-viljandi-ja-johvi-seminaridele\/"},"wordCount":227,"commentCount":0,"publisher":{"@id":"https:\/\/dementsus.ee\/en\/#organization"},"image":{"@id":"https:\/\/dementsus.ee\/en\/dementsusega-inimeste-igapaevaelu-toetajad-kogunesid-viljandi-ja-johvi-seminaridele\/#primaryimage"},"thumbnailUrl":"https:\/\/dementsus.ee\/wp-content\/uploads\/2024\/06\/rini.jpg","articleSection":["M\u00e4\u00e4ratlemata"],"inLanguage":"en-US"},{"@type":"WebPage","@id":"https:\/\/dementsus.ee\/en\/dementsusega-inimeste-igapaevaelu-toetajad-kogunesid-viljandi-ja-johvi-seminaridele\/","url":"https:\/\/dementsus.ee\/en\/dementsusega-inimeste-igapaevaelu-toetajad-kogunesid-viljandi-ja-johvi-seminaridele\/","name":"Dementsusega inimeste igap\u00e4evaelu toetajad kogunesid Viljandi ja J\u00f5hvi seminaridele - Dementsuse Kompetentsikeskus","isPartOf":{"@id":"https:\/\/dementsus.ee\/en\/#website"},"primaryImageOfPage":{"@id":"https:\/\/dementsus.ee\/en\/dementsusega-inimeste-igapaevaelu-toetajad-kogunesid-viljandi-ja-johvi-seminaridele\/#primaryimage"},"image":{"@id":"https:\/\/dementsus.ee\/en\/dementsusega-inimeste-igapaevaelu-toetajad-kogunesid-viljandi-ja-johvi-seminaridele\/#primaryimage"},"thumbnailUrl":"https:\/\/dementsus.ee\/wp-content\/uploads\/2024\/06\/rini.jpg","datePublished":"2024-06-20T14:33:14+00:00","dateModified":"2024-06-20T14:43:16+00:00","breadcrumb":{"@id":"https:\/\/dementsus.ee\/en\/dementsusega-inimeste-igapaevaelu-toetajad-kogunesid-viljandi-ja-johvi-seminaridele\/#breadcrumb"},"inLanguage":"en-US","potentialAction":[{"@type":"ReadAction","target":["https:\/\/dementsus.ee\/en\/dementsusega-inimeste-igapaevaelu-toetajad-kogunesid-viljandi-ja-johvi-seminaridele\/"]}]},{"@type":"ImageObject","inLanguage":"en-US","@id":"https:\/\/dementsus.ee\/en\/dementsusega-inimeste-igapaevaelu-toetajad-kogunesid-viljandi-ja-johvi-seminaridele\/#primaryimage","url":"https:\/\/dementsus.ee\/wp-content\/uploads\/2024\/06\/rini.jpg","contentUrl":"https:\/\/dementsus.ee\/wp-content\/uploads\/2024\/06\/rini.jpg","width":2048,"height":1536},{"@type":"BreadcrumbList","@id":"https:\/\/dementsus.ee\/en\/dementsusega-inimeste-igapaevaelu-toetajad-kogunesid-viljandi-ja-johvi-seminaridele\/#breadcrumb","itemListElement":[{"@type":"ListItem","position":1,"name":"Esileht","item":"https:\/\/dementsus.ee\/en\/"},{"@type":"ListItem","position":2,"name":"Dementsusega inimeste igap\u00e4evaelu toetajad kogunesid Viljandi ja J\u00f5hvi seminaridele"}]},{"@type":"WebSite","@id":"https:\/\/dementsus.ee\/en\/#website","url":"https:\/\/dementsus.ee\/en\/","name":"Dementsuse Kompetentsikeskus","description":"dementsuse info ja abi","publisher":{"@id":"https:\/\/dementsus.ee\/en\/#organization"},"potentialAction":[{"@type":"SearchAction","target":{"@type":"EntryPoint","urlTemplate":"https:\/\/dementsus.ee\/en\/?s={search_term_string}"},"query-input":{"@type":"PropertyValueSpecification","valueRequired":true,"valueName":"search_term_string"}}],"inLanguage":"en-US"},{"@type":"Organization","@id":"https:\/\/dementsus.ee\/en\/#organization","name":"Dementsuse Kompetentsikeskus","url":"https:\/\/dementsus.ee\/en\/","logo":{"@type":"ImageObject","inLanguage":"en-US","@id":"https:\/\/dementsus.ee\/en\/#\/schema\/logo\/image\/","url":"https:\/\/dementsus.ee\/wp-content\/uploads\/2023\/07\/ED_logo_kodukale.svg","contentUrl":"https:\/\/dementsus.ee\/wp-content\/uploads\/2023\/07\/ED_logo_kodukale.svg","caption":"Dementsuse Kompetentsikeskus"},"image":{"@id":"https:\/\/dementsus.ee\/en\/#\/schema\/logo\/image\/"}},{"@type":"Person","@id":"https:\/\/dementsus.ee\/en\/#\/schema\/person\/b61d220dad79260c276ba4eebc900400","name":"Ragne Heiste","image":{"@type":"ImageObject","inLanguage":"en-US","@id":"https:\/\/dementsus.ee\/en\/#\/schema\/person\/image\/","url":"https:\/\/secure.gravatar.com\/avatar\/7cde9a72bac2fd9241de2d3854317c9226c6b434c5441cf82bfcef7aeed94442?s=96&d=mm&r=g","contentUrl":"https:\/\/secure.gravatar.com\/avatar\/7cde9a72bac2fd9241de2d3854317c9226c6b434c5441cf82bfcef7aeed94442?s=96&d=mm&r=g","caption":"Ragne Heiste"},"url":"https:\/\/dementsus.ee\/en\/author\/ragne\/"}]}},"_links":{"self":[{"href":"https:\/\/dementsus.ee\/en\/wp-json\/wp\/v2\/posts\/16801","targetHints":{"allow":["GET"]}}],"collection":[{"href":"https:\/\/dementsus.ee\/en\/wp-json\/wp\/v2\/posts"}],"about":[{"href":"https:\/\/dementsus.ee\/en\/wp-json\/wp\/v2\/types\/post"}],"author":[{"embeddable":true,"href":"https:\/\/dementsus.ee\/en\/wp-json\/wp\/v2\/users\/15"}],"replies":[{"embeddable":true,"href":"https:\/\/dementsus.ee\/en\/wp-json\/wp\/v2\/comments?post=16801"}],"version-history":[{"count":5,"href":"https:\/\/dementsus.ee\/en\/wp-json\/wp\/v2\/posts\/16801\/revisions"}],"predecessor-version":[{"id":16822,"href":"https:\/\/dementsus.ee\/en\/wp-json\/wp\/v2\/posts\/16801\/revisions\/16822"}],"wp:featuredmedia":[{"embeddable":true,"href":"https:\/\/dementsus.ee\/en\/wp-json\/wp\/v2\/media\/16812"}],"wp:attachment":[{"href":"https:\/\/dementsus.ee\/en\/wp-json\/wp\/v2\/media?parent=16801"}],"wp:term":[{"taxonomy":"category","embeddable":true,"href":"https:\/\/dementsus.ee\/en\/wp-json\/wp\/v2\/categories?post=16801"},{"taxonomy":"post_tag","embeddable":true,"href":"https:\/\/dementsus.ee\/en\/wp-json\/wp\/v2\/tags?post=16801"},{"taxonomy":"autor","embeddable":true,"href":"https:\/\/dementsus.ee\/en\/wp-json\/wp\/v2\/autor?post=16801"}],"curies":[{"name":"wp","href":"https:\/\/api.w.org\/{rel}","templated":true}]}}