{"id":17345,"date":"2024-08-08T11:24:59","date_gmt":"2024-08-08T08:24:59","guid":{"rendered":"https:\/\/dementsus.ee\/?p=17345"},"modified":"2024-08-08T11:38:49","modified_gmt":"2024-08-08T08:38:49","slug":"alzheimeri-tove-seos-unehairetega","status":"publish","type":"post","link":"https:\/\/dementsus.ee\/en\/alzheimeri-tove-seos-unehairetega\/","title":{"rendered":"Alzheimeri t\u00f5ve seos uneh\u00e4iretega"},"content":{"rendered":"<figure id=\"attachment_17346\" aria-describedby=\"caption-attachment-17346\" style=\"width: 389px\" class=\"wp-caption alignright\"><a href=\"https:\/\/dementsus.ee\/?attachment_id=17346\"><img fetchpriority=\"high\" decoding=\"async\" class=\"wp-image-17346\" src=\"https:\/\/dementsus.ee\/wp-content\/uploads\/2024\/08\/elder-woman-holding-clock-her-bed-scaled-e1723105326366-300x237.jpg\" alt=\"\" width=\"389\" height=\"307\" srcset=\"https:\/\/dementsus.ee\/wp-content\/uploads\/2024\/08\/elder-woman-holding-clock-her-bed-scaled-e1723105326366-300x237.jpg 300w, https:\/\/dementsus.ee\/wp-content\/uploads\/2024\/08\/elder-woman-holding-clock-her-bed-scaled-e1723105326366-1024x808.jpg 1024w, https:\/\/dementsus.ee\/wp-content\/uploads\/2024\/08\/elder-woman-holding-clock-her-bed-scaled-e1723105326366-768x606.jpg 768w, https:\/\/dementsus.ee\/wp-content\/uploads\/2024\/08\/elder-woman-holding-clock-her-bed-scaled-e1723105326366-1536x1212.jpg 1536w, https:\/\/dementsus.ee\/wp-content\/uploads\/2024\/08\/elder-woman-holding-clock-her-bed-scaled-e1723105326366-2048x1616.jpg 2048w, https:\/\/dementsus.ee\/wp-content\/uploads\/2024\/08\/elder-woman-holding-clock-her-bed-scaled-e1723105326366-600x474.jpg 600w\" sizes=\"(max-width: 389px) 100vw, 389px\" \/><\/a><figcaption id=\"caption-attachment-17346\" class=\"wp-caption-text\">Foto: freepik.com<\/figcaption><\/figure>\n<p>Kokkuv\u00f5te artiklist \u201e<em>The Link Between Alzheimer\u2019s and Sleep<\/em>\u201c (Alzheimeri t\u00f5ve seos uneh\u00e4iretega). Artikli autor on kliiniline ps\u00fchholoog, unemeditsiini ekspert Michael Breus, PhD.<\/p>\n<p>Artikkel avaldatud 30.04.2024. <a href=\"https:\/\/sleepdoctor.com\/physical-health\/alzheimers-and-sleep\/\">https:\/\/sleepdoctor.com\/physical-health\/alzheimers-and-sleep\/<\/a><\/p>\n<p>Kokkuv\u00f5tte koostaja Karin Lilienberg<\/p>\n<h3><\/h3>\n<h3><\/h3>\n<h3><strong>Alzheimeri t\u00f5ve seos uneh\u00e4iretega<\/strong><\/h3>\n<p>Alzheimeri t\u00f5vega (AT) inimestel on sageli uneh\u00e4ired. M\u00f5ned uuringud n\u00e4itavad, et muutused unemustrites, nt. s\u00fcgavas unes viibimise aja l\u00fchenemine, unetus ja obstruktiivne uneapnoe v\u00f5ivad p\u00f5hjustada muutusi ajukeemias ning suurendada Alzheimeri t\u00f5ve tekke t\u00f5en\u00e4osust.<\/p>\n<p>Ka normaalse vananemise korral v\u00f5ib uinumine v\u00f5tta kauem aega, sageneb \u00f6ine \u00e4rkamine ja norskamine, suureneb p\u00e4evauinaku soov. Aga AT korral on uneprobleemide esinemissagedus ja m\u00f5ju elukvaliteedile suurem. Uneh\u00e4ired ilmnevad sageli haiguse varajases staadiumis ning \u00a0s\u00fcvenevad AT progresseerumisel.<\/p>\n<p>Alzheimeri t\u00f5be p\u00f5devatel inimestel on sageli <strong>h\u00e4iritud \u00f6\u00f6p\u00e4evar\u00fctm<\/strong> &#8211; nad on \u00f6\u00f6sel aktiivsemad ja p\u00e4eval v\u00f5ivad palju magada. Nad kogevad rohkem ka ebaregulaarseid une-\u00e4rkveloleku r\u00fctme: magavad mitu korda p\u00e4evas ja l\u00fchemaid perioode, mitte \u00fcks pikem uneperiood \u00f6\u00f6sel.<\/p>\n<p>Ekspertide s\u00f5nul v\u00f5ivad need Alzheimeri t\u00f5ve muutused olla tingitud igap\u00e4evaseid kehar\u00fctme kontrolliva ajustruktuuri <em>suprahiasmaatiline tuum<\/em> degeneratsioonist. Samuti on t\u00e4heldatud, et AT-ga inimestel on madalam unisust esile kutsuva hormooni melatoniini tase. \u00d6\u00f6p\u00e4evar\u00fctmi segavad ka valguse tajumise h\u00e4ired vananemisega seotud n\u00e4gemisprobleemid korral.<\/p>\n<p>AT-ga isikutel on <strong>h\u00e4iritud unere\u017eiim. <\/strong>S\u00fcgava unefaasi (REM-uni) pikkus l\u00fcheneb, mist\u00f5ttu v\u00e4heneb aeg, mis kulub aju kahjulikest valkudest puhastamisele. REM-une kadumine v\u00f5ib m\u00f5jutada m\u00e4lu ja kiiret aju degeneratsiooni. Lisaks v\u00f5ib AT-ga inimestel olla uni killustatud, st. nad \u00e4rkavad sagedamini. On ka v\u00f5imalus, et k\u00f5rgenenud beeta-am\u00fcloidi tase p\u00f5hjustab une killustumist ja muid uneh\u00e4ireid.<\/p>\n<p>REM-une faasi iseloomustab silmade kiire liikumine ja unen\u00e4gude n\u00e4gemine, aga lihased sellel ajal ei liigu. <strong>REM-une k\u00e4itumish\u00e4ire<\/strong> korral r\u00e4\u00e4givad ja liiguvad inimesed REM-unes ringi, elades f\u00fc\u00fcsiliselt l\u00e4bi unen\u00e4gu. REM-une k\u00e4itumish\u00e4ire on tugevamalt seotud teiste n\u00e4rvis\u00fcsteemi degeneratiivsete haigustega, nagu Parkinsoni t\u00f5ve v\u00f5i Lewy kehakeste dementsusega.<\/p>\n<p>Uuringud n\u00e4itavad, et 40\u201370% AT-ga inimestel esineb hingamisprobleem <strong>obstruktiivne uneapnoe <\/strong>(OA) ja dementsuse raskusaste v\u00f5ib olla seotud hingamisprobleemide t\u00f5sidusega. AT-ga inimestel on viis korda suurem t\u00f5en\u00e4osus haigestuda OA-sse. Obstruktiivne uneapnoe v\u00f5ib s\u00fcvendada p\u00e4evaseid AD s\u00fcmptomeid, nagu t\u00e4helepanu- ja m\u00e4luprobleemid.<\/p>\n<p>Dementsusega inimesed kogevad sageli n\u00e4htust, mida nimetatakse &#8220;<strong>p\u00e4ikeseloojangu s\u00fcndroomiks<\/strong>&#8220;. Seda iseloomustab rahutuse, segaduse ja \u00e4rrituvuse suurenemine \u00f5htul, kui p\u00e4ike loojub. See s\u00fcndroom esineb eriti dementsusega inimestel, kellel on h\u00e4iritud une-\u00e4rkveloleku ts\u00fckkel. Teadlaste s\u00f5nul v\u00f5ib p\u00f5hjuseks olla \u00f6\u00f6p\u00e4evar\u00fctmi ja une-\u00e4rkveloleku ts\u00fcklit kontrolliva ajuosa \u201esuprahiasmaatiline tuum\u201c kahjustus.<\/p>\n<p><strong>Une parandamise mittefarmakoloogilised strateegiatena <\/strong>soovitatakse<\/p>\n<ol>\n<li style=\"text-align: left;\">Parandada unekeskkonda:\u00a0 \u00a0hoida magamiskoht \u00f6\u00f6sel pimedas ja p\u00e4eval eredalt valgustatud. Valgus on k\u00f5ige olulisem, et hoida inimeste igap\u00e4evast une-\u00e4rkveloleku ts\u00fcklit \u00f5igel teel.<\/li>\n<li>K\u00f5rvaldada m\u00fcra ja h\u00e4irivad tegurid: hoida magamisruum vaikne. V\u00e4ltida v\u00f5i piirata AT-ga inimese \u00e4ratamist \u00f6\u00f6sel meditsiinilistel p\u00f5hjustel, n\u00e4iteks ravimite andmiseks v\u00f5i anal\u00fc\u00fcside v\u00f5tmiseks.<\/li>\n<li>Harjutada head uneh\u00fcgieeni: j\u00e4rgida regulaarset magamamineku ja \u00e4rkamisaega, piirata kofeiini tarbimist, treenida p\u00e4evasel ajal ja v\u00e4ltida suuri s\u00f6\u00f6gikordi \u00f5htusel ajal.<\/li>\n<li>Piirata uinakuid: \u00f6ist und saab hooldaja parandada, piirates hooldatava p\u00e4evaseid uinakuid, eriti p\u00e4rast kella 15.00. Kuigi liigne p\u00e4evane unisus on AT-ga inimestel tavaline, v\u00f5ib liigne hiline uinak h\u00e4irida \u00f6\u00f6sel magama j\u00e4\u00e4mist.<\/li>\n<\/ol>\n<p>&nbsp;<\/p>\n<p><strong>Kasutatud artiklid:<\/strong><\/p>\n<ol>\n<li>Sadeghmousavi S. <em>et al<\/em>. (2020). The effect of insomnia on development of Alzheimer&#8217;s disease. J Neuroinflammation. 2020 Oct 6;17(1):289. doi: 10.1186\/s12974-020-01960-9.<\/li>\n<li>Omonigho M. B. <em>et al.<\/em> (2020). Obstructive sleep apnea, cognition and Alzheimer&#8217;s disease: A systematic review integrating three decades of multidisciplinary research. Sleep Med Rev. 2020 Apr:50:101250. doi: 10.1016\/j.smrv.2019.101250. Epub 2019 Dec 12.<\/li>\n<li>Reddy O.C. <em>et al.<\/em> (2020). The Sleeping Brain: Harnessing the Power of the Glymphatic System through Lifestyle Choices. Brain Sci. 2020 Nov 17;10(11):868. doi: 10.3390\/brainsci10110868.<\/li>\n<li>Sharma A. <em>et al<\/em>. (2021). Circadian Rhythm Disruption and Alzheimer&#8217;s Disease: The Dynamics of a Vicious Cycle. Curr Neuropharmacol. 2021;19(2):248-264. doi: 10.2174\/1570159X18666200429013041.<\/li>\n<\/ol>\n","protected":false},"excerpt":{"rendered":"<p>Kokkuv\u00f5te artiklist \u201eThe Link Between Alzheimer\u2019s and Sleep\u201c (Alzheimeri t\u00f5ve seos uneh\u00e4iretega). Artikli autor on kliiniline ps\u00fchholoog, unemeditsiini ekspert Michael Breus, PhD. Artikkel avaldatud 30.04.2024. https:\/\/sleepdoctor.com\/physical-health\/alzheimers-and-sleep\/ Kokkuv\u00f5tte koostaja Karin Lilienberg Alzheimeri t\u00f5ve seos uneh\u00e4iretega Alzheimeri t\u00f5vega (AT) inimestel on sageli uneh\u00e4ired. M\u00f5ned uuringud n\u00e4itavad, et muutused unemustrites, nt. s\u00fcgavas unes viibimise aja l\u00fchenemine, unetus ja [&hellip;]<\/p>\n","protected":false},"author":15,"featured_media":17346,"comment_status":"open","ping_status":"open","sticky":false,"template":"","format":"standard","meta":{"footnotes":""},"categories":[1],"tags":[],"autor":[31],"class_list":["post-17345","post","type-post","status-publish","format-standard","has-post-thumbnail","hentry","category-maaratlemata","autor-ragne-heiste"],"yoast_head":"<!-- This site is optimized with the Yoast SEO plugin v26.2 - https:\/\/yoast.com\/wordpress\/plugins\/seo\/ -->\n<title>Alzheimeri t\u00f5ve seos uneh\u00e4iretega - Dementsuse Kompetentsikeskus<\/title>\n<meta name=\"robots\" content=\"index, follow, max-snippet:-1, max-image-preview:large, max-video-preview:-1\" \/>\n<link rel=\"canonical\" href=\"https:\/\/dementsus.ee\/en\/alzheimeri-tove-seos-unehairetega\/\" \/>\n<meta property=\"og:locale\" content=\"en_US\" \/>\n<meta property=\"og:type\" content=\"article\" \/>\n<meta property=\"og:title\" content=\"Alzheimeri t\u00f5ve seos uneh\u00e4iretega - Dementsuse Kompetentsikeskus\" \/>\n<meta property=\"og:description\" content=\"Kokkuv\u00f5te artiklist \u201eThe Link Between Alzheimer\u2019s and Sleep\u201c (Alzheimeri t\u00f5ve seos uneh\u00e4iretega). Artikli autor on kliiniline ps\u00fchholoog, unemeditsiini ekspert Michael Breus, PhD. Artikkel avaldatud 30.04.2024. https:\/\/sleepdoctor.com\/physical-health\/alzheimers-and-sleep\/ Kokkuv\u00f5tte koostaja Karin Lilienberg Alzheimeri t\u00f5ve seos uneh\u00e4iretega Alzheimeri t\u00f5vega (AT) inimestel on sageli uneh\u00e4ired. M\u00f5ned uuringud n\u00e4itavad, et muutused unemustrites, nt. s\u00fcgavas unes viibimise aja l\u00fchenemine, unetus ja [&hellip;]\" \/>\n<meta property=\"og:url\" content=\"https:\/\/dementsus.ee\/en\/alzheimeri-tove-seos-unehairetega\/\" \/>\n<meta property=\"og:site_name\" content=\"Dementsuse Kompetentsikeskus\" \/>\n<meta property=\"article:published_time\" content=\"2024-08-08T08:24:59+00:00\" \/>\n<meta property=\"article:modified_time\" content=\"2024-08-08T08:38:49+00:00\" \/>\n<meta property=\"og:image\" content=\"https:\/\/dementsus.ee\/wp-content\/uploads\/2024\/08\/elder-woman-holding-clock-her-bed-scaled-e1723105326366.jpg\" \/>\n\t<meta property=\"og:image:width\" content=\"2150\" \/>\n\t<meta property=\"og:image:height\" content=\"1697\" \/>\n\t<meta property=\"og:image:type\" content=\"image\/jpeg\" \/>\n<meta name=\"author\" content=\"Ragne Heiste\" \/>\n<meta name=\"twitter:card\" content=\"summary_large_image\" \/>\n<meta name=\"twitter:label1\" content=\"Written by\" \/>\n\t<meta name=\"twitter:data1\" content=\"Ragne Heiste\" \/>\n\t<meta name=\"twitter:label2\" content=\"Est. reading time\" \/>\n\t<meta name=\"twitter:data2\" content=\"4 minutes\" \/>\n<script type=\"application\/ld+json\" class=\"yoast-schema-graph\">{\"@context\":\"https:\/\/schema.org\",\"@graph\":[{\"@type\":\"Article\",\"@id\":\"https:\/\/dementsus.ee\/en\/alzheimeri-tove-seos-unehairetega\/#article\",\"isPartOf\":{\"@id\":\"https:\/\/dementsus.ee\/en\/alzheimeri-tove-seos-unehairetega\/\"},\"author\":{\"name\":\"Ragne Heiste\",\"@id\":\"https:\/\/dementsus.ee\/en\/#\/schema\/person\/b61d220dad79260c276ba4eebc900400\"},\"headline\":\"Alzheimeri t\u00f5ve seos uneh\u00e4iretega\",\"datePublished\":\"2024-08-08T08:24:59+00:00\",\"dateModified\":\"2024-08-08T08:38:49+00:00\",\"mainEntityOfPage\":{\"@id\":\"https:\/\/dementsus.ee\/en\/alzheimeri-tove-seos-unehairetega\/\"},\"wordCount\":707,\"commentCount\":0,\"publisher\":{\"@id\":\"https:\/\/dementsus.ee\/en\/#organization\"},\"image\":{\"@id\":\"https:\/\/dementsus.ee\/en\/alzheimeri-tove-seos-unehairetega\/#primaryimage\"},\"thumbnailUrl\":\"https:\/\/dementsus.ee\/wp-content\/uploads\/2024\/08\/elder-woman-holding-clock-her-bed-scaled-e1723105326366.jpg\",\"articleSection\":[\"M\u00e4\u00e4ratlemata\"],\"inLanguage\":\"en-US\"},{\"@type\":\"WebPage\",\"@id\":\"https:\/\/dementsus.ee\/en\/alzheimeri-tove-seos-unehairetega\/\",\"url\":\"https:\/\/dementsus.ee\/en\/alzheimeri-tove-seos-unehairetega\/\",\"name\":\"Alzheimeri t\u00f5ve seos uneh\u00e4iretega - Dementsuse Kompetentsikeskus\",\"isPartOf\":{\"@id\":\"https:\/\/dementsus.ee\/en\/#website\"},\"primaryImageOfPage\":{\"@id\":\"https:\/\/dementsus.ee\/en\/alzheimeri-tove-seos-unehairetega\/#primaryimage\"},\"image\":{\"@id\":\"https:\/\/dementsus.ee\/en\/alzheimeri-tove-seos-unehairetega\/#primaryimage\"},\"thumbnailUrl\":\"https:\/\/dementsus.ee\/wp-content\/uploads\/2024\/08\/elder-woman-holding-clock-her-bed-scaled-e1723105326366.jpg\",\"datePublished\":\"2024-08-08T08:24:59+00:00\",\"dateModified\":\"2024-08-08T08:38:49+00:00\",\"breadcrumb\":{\"@id\":\"https:\/\/dementsus.ee\/en\/alzheimeri-tove-seos-unehairetega\/#breadcrumb\"},\"inLanguage\":\"en-US\",\"potentialAction\":[{\"@type\":\"ReadAction\",\"target\":[\"https:\/\/dementsus.ee\/en\/alzheimeri-tove-seos-unehairetega\/\"]}]},{\"@type\":\"ImageObject\",\"inLanguage\":\"en-US\",\"@id\":\"https:\/\/dementsus.ee\/en\/alzheimeri-tove-seos-unehairetega\/#primaryimage\",\"url\":\"https:\/\/dementsus.ee\/wp-content\/uploads\/2024\/08\/elder-woman-holding-clock-her-bed-scaled-e1723105326366.jpg\",\"contentUrl\":\"https:\/\/dementsus.ee\/wp-content\/uploads\/2024\/08\/elder-woman-holding-clock-her-bed-scaled-e1723105326366.jpg\",\"width\":2150,\"height\":1697,\"caption\":\"freepik.com\"},{\"@type\":\"BreadcrumbList\",\"@id\":\"https:\/\/dementsus.ee\/en\/alzheimeri-tove-seos-unehairetega\/#breadcrumb\",\"itemListElement\":[{\"@type\":\"ListItem\",\"position\":1,\"name\":\"Esileht\",\"item\":\"https:\/\/dementsus.ee\/en\/\"},{\"@type\":\"ListItem\",\"position\":2,\"name\":\"Alzheimeri t\u00f5ve seos uneh\u00e4iretega\"}]},{\"@type\":\"WebSite\",\"@id\":\"https:\/\/dementsus.ee\/en\/#website\",\"url\":\"https:\/\/dementsus.ee\/en\/\",\"name\":\"Dementsuse Kompetentsikeskus\",\"description\":\"dementsuse info ja abi\",\"publisher\":{\"@id\":\"https:\/\/dementsus.ee\/en\/#organization\"},\"potentialAction\":[{\"@type\":\"SearchAction\",\"target\":{\"@type\":\"EntryPoint\",\"urlTemplate\":\"https:\/\/dementsus.ee\/en\/?s={search_term_string}\"},\"query-input\":{\"@type\":\"PropertyValueSpecification\",\"valueRequired\":true,\"valueName\":\"search_term_string\"}}],\"inLanguage\":\"en-US\"},{\"@type\":\"Organization\",\"@id\":\"https:\/\/dementsus.ee\/en\/#organization\",\"name\":\"Dementsuse Kompetentsikeskus\",\"url\":\"https:\/\/dementsus.ee\/en\/\",\"logo\":{\"@type\":\"ImageObject\",\"inLanguage\":\"en-US\",\"@id\":\"https:\/\/dementsus.ee\/en\/#\/schema\/logo\/image\/\",\"url\":\"https:\/\/dementsus.ee\/wp-content\/uploads\/2023\/07\/ED_logo_kodukale.svg\",\"contentUrl\":\"https:\/\/dementsus.ee\/wp-content\/uploads\/2023\/07\/ED_logo_kodukale.svg\",\"caption\":\"Dementsuse Kompetentsikeskus\"},\"image\":{\"@id\":\"https:\/\/dementsus.ee\/en\/#\/schema\/logo\/image\/\"}},{\"@type\":\"Person\",\"@id\":\"https:\/\/dementsus.ee\/en\/#\/schema\/person\/b61d220dad79260c276ba4eebc900400\",\"name\":\"Ragne Heiste\",\"image\":{\"@type\":\"ImageObject\",\"inLanguage\":\"en-US\",\"@id\":\"https:\/\/dementsus.ee\/en\/#\/schema\/person\/image\/\",\"url\":\"https:\/\/secure.gravatar.com\/avatar\/7cde9a72bac2fd9241de2d3854317c9226c6b434c5441cf82bfcef7aeed94442?s=96&d=mm&r=g\",\"contentUrl\":\"https:\/\/secure.gravatar.com\/avatar\/7cde9a72bac2fd9241de2d3854317c9226c6b434c5441cf82bfcef7aeed94442?s=96&d=mm&r=g\",\"caption\":\"Ragne Heiste\"},\"url\":\"https:\/\/dementsus.ee\/en\/author\/ragne\/\"}]}<\/script>\n<!-- \/ Yoast SEO plugin. -->","yoast_head_json":{"title":"Alzheimeri t\u00f5ve seos uneh\u00e4iretega - Dementsuse Kompetentsikeskus","robots":{"index":"index","follow":"follow","max-snippet":"max-snippet:-1","max-image-preview":"max-image-preview:large","max-video-preview":"max-video-preview:-1"},"canonical":"https:\/\/dementsus.ee\/en\/alzheimeri-tove-seos-unehairetega\/","og_locale":"en_US","og_type":"article","og_title":"Alzheimeri t\u00f5ve seos uneh\u00e4iretega - Dementsuse Kompetentsikeskus","og_description":"Kokkuv\u00f5te artiklist \u201eThe Link Between Alzheimer\u2019s and Sleep\u201c (Alzheimeri t\u00f5ve seos uneh\u00e4iretega). Artikli autor on kliiniline ps\u00fchholoog, unemeditsiini ekspert Michael Breus, PhD. Artikkel avaldatud 30.04.2024. https:\/\/sleepdoctor.com\/physical-health\/alzheimers-and-sleep\/ Kokkuv\u00f5tte koostaja Karin Lilienberg Alzheimeri t\u00f5ve seos uneh\u00e4iretega Alzheimeri t\u00f5vega (AT) inimestel on sageli uneh\u00e4ired. M\u00f5ned uuringud n\u00e4itavad, et muutused unemustrites, nt. s\u00fcgavas unes viibimise aja l\u00fchenemine, unetus ja [&hellip;]","og_url":"https:\/\/dementsus.ee\/en\/alzheimeri-tove-seos-unehairetega\/","og_site_name":"Dementsuse Kompetentsikeskus","article_published_time":"2024-08-08T08:24:59+00:00","article_modified_time":"2024-08-08T08:38:49+00:00","og_image":[{"width":2150,"height":1697,"url":"https:\/\/dementsus.ee\/wp-content\/uploads\/2024\/08\/elder-woman-holding-clock-her-bed-scaled-e1723105326366.jpg","type":"image\/jpeg"}],"author":"Ragne Heiste","twitter_card":"summary_large_image","twitter_misc":{"Written by":"Ragne Heiste","Est. reading time":"4 minutes"},"schema":{"@context":"https:\/\/schema.org","@graph":[{"@type":"Article","@id":"https:\/\/dementsus.ee\/en\/alzheimeri-tove-seos-unehairetega\/#article","isPartOf":{"@id":"https:\/\/dementsus.ee\/en\/alzheimeri-tove-seos-unehairetega\/"},"author":{"name":"Ragne Heiste","@id":"https:\/\/dementsus.ee\/en\/#\/schema\/person\/b61d220dad79260c276ba4eebc900400"},"headline":"Alzheimeri t\u00f5ve seos uneh\u00e4iretega","datePublished":"2024-08-08T08:24:59+00:00","dateModified":"2024-08-08T08:38:49+00:00","mainEntityOfPage":{"@id":"https:\/\/dementsus.ee\/en\/alzheimeri-tove-seos-unehairetega\/"},"wordCount":707,"commentCount":0,"publisher":{"@id":"https:\/\/dementsus.ee\/en\/#organization"},"image":{"@id":"https:\/\/dementsus.ee\/en\/alzheimeri-tove-seos-unehairetega\/#primaryimage"},"thumbnailUrl":"https:\/\/dementsus.ee\/wp-content\/uploads\/2024\/08\/elder-woman-holding-clock-her-bed-scaled-e1723105326366.jpg","articleSection":["M\u00e4\u00e4ratlemata"],"inLanguage":"en-US"},{"@type":"WebPage","@id":"https:\/\/dementsus.ee\/en\/alzheimeri-tove-seos-unehairetega\/","url":"https:\/\/dementsus.ee\/en\/alzheimeri-tove-seos-unehairetega\/","name":"Alzheimeri t\u00f5ve seos uneh\u00e4iretega - Dementsuse Kompetentsikeskus","isPartOf":{"@id":"https:\/\/dementsus.ee\/en\/#website"},"primaryImageOfPage":{"@id":"https:\/\/dementsus.ee\/en\/alzheimeri-tove-seos-unehairetega\/#primaryimage"},"image":{"@id":"https:\/\/dementsus.ee\/en\/alzheimeri-tove-seos-unehairetega\/#primaryimage"},"thumbnailUrl":"https:\/\/dementsus.ee\/wp-content\/uploads\/2024\/08\/elder-woman-holding-clock-her-bed-scaled-e1723105326366.jpg","datePublished":"2024-08-08T08:24:59+00:00","dateModified":"2024-08-08T08:38:49+00:00","breadcrumb":{"@id":"https:\/\/dementsus.ee\/en\/alzheimeri-tove-seos-unehairetega\/#breadcrumb"},"inLanguage":"en-US","potentialAction":[{"@type":"ReadAction","target":["https:\/\/dementsus.ee\/en\/alzheimeri-tove-seos-unehairetega\/"]}]},{"@type":"ImageObject","inLanguage":"en-US","@id":"https:\/\/dementsus.ee\/en\/alzheimeri-tove-seos-unehairetega\/#primaryimage","url":"https:\/\/dementsus.ee\/wp-content\/uploads\/2024\/08\/elder-woman-holding-clock-her-bed-scaled-e1723105326366.jpg","contentUrl":"https:\/\/dementsus.ee\/wp-content\/uploads\/2024\/08\/elder-woman-holding-clock-her-bed-scaled-e1723105326366.jpg","width":2150,"height":1697,"caption":"freepik.com"},{"@type":"BreadcrumbList","@id":"https:\/\/dementsus.ee\/en\/alzheimeri-tove-seos-unehairetega\/#breadcrumb","itemListElement":[{"@type":"ListItem","position":1,"name":"Esileht","item":"https:\/\/dementsus.ee\/en\/"},{"@type":"ListItem","position":2,"name":"Alzheimeri t\u00f5ve seos uneh\u00e4iretega"}]},{"@type":"WebSite","@id":"https:\/\/dementsus.ee\/en\/#website","url":"https:\/\/dementsus.ee\/en\/","name":"Dementsuse Kompetentsikeskus","description":"dementsuse info ja abi","publisher":{"@id":"https:\/\/dementsus.ee\/en\/#organization"},"potentialAction":[{"@type":"SearchAction","target":{"@type":"EntryPoint","urlTemplate":"https:\/\/dementsus.ee\/en\/?s={search_term_string}"},"query-input":{"@type":"PropertyValueSpecification","valueRequired":true,"valueName":"search_term_string"}}],"inLanguage":"en-US"},{"@type":"Organization","@id":"https:\/\/dementsus.ee\/en\/#organization","name":"Dementsuse Kompetentsikeskus","url":"https:\/\/dementsus.ee\/en\/","logo":{"@type":"ImageObject","inLanguage":"en-US","@id":"https:\/\/dementsus.ee\/en\/#\/schema\/logo\/image\/","url":"https:\/\/dementsus.ee\/wp-content\/uploads\/2023\/07\/ED_logo_kodukale.svg","contentUrl":"https:\/\/dementsus.ee\/wp-content\/uploads\/2023\/07\/ED_logo_kodukale.svg","caption":"Dementsuse Kompetentsikeskus"},"image":{"@id":"https:\/\/dementsus.ee\/en\/#\/schema\/logo\/image\/"}},{"@type":"Person","@id":"https:\/\/dementsus.ee\/en\/#\/schema\/person\/b61d220dad79260c276ba4eebc900400","name":"Ragne Heiste","image":{"@type":"ImageObject","inLanguage":"en-US","@id":"https:\/\/dementsus.ee\/en\/#\/schema\/person\/image\/","url":"https:\/\/secure.gravatar.com\/avatar\/7cde9a72bac2fd9241de2d3854317c9226c6b434c5441cf82bfcef7aeed94442?s=96&d=mm&r=g","contentUrl":"https:\/\/secure.gravatar.com\/avatar\/7cde9a72bac2fd9241de2d3854317c9226c6b434c5441cf82bfcef7aeed94442?s=96&d=mm&r=g","caption":"Ragne Heiste"},"url":"https:\/\/dementsus.ee\/en\/author\/ragne\/"}]}},"_links":{"self":[{"href":"https:\/\/dementsus.ee\/en\/wp-json\/wp\/v2\/posts\/17345","targetHints":{"allow":["GET"]}}],"collection":[{"href":"https:\/\/dementsus.ee\/en\/wp-json\/wp\/v2\/posts"}],"about":[{"href":"https:\/\/dementsus.ee\/en\/wp-json\/wp\/v2\/types\/post"}],"author":[{"embeddable":true,"href":"https:\/\/dementsus.ee\/en\/wp-json\/wp\/v2\/users\/15"}],"replies":[{"embeddable":true,"href":"https:\/\/dementsus.ee\/en\/wp-json\/wp\/v2\/comments?post=17345"}],"version-history":[{"count":5,"href":"https:\/\/dementsus.ee\/en\/wp-json\/wp\/v2\/posts\/17345\/revisions"}],"predecessor-version":[{"id":17353,"href":"https:\/\/dementsus.ee\/en\/wp-json\/wp\/v2\/posts\/17345\/revisions\/17353"}],"wp:featuredmedia":[{"embeddable":true,"href":"https:\/\/dementsus.ee\/en\/wp-json\/wp\/v2\/media\/17346"}],"wp:attachment":[{"href":"https:\/\/dementsus.ee\/en\/wp-json\/wp\/v2\/media?parent=17345"}],"wp:term":[{"taxonomy":"category","embeddable":true,"href":"https:\/\/dementsus.ee\/en\/wp-json\/wp\/v2\/categories?post=17345"},{"taxonomy":"post_tag","embeddable":true,"href":"https:\/\/dementsus.ee\/en\/wp-json\/wp\/v2\/tags?post=17345"},{"taxonomy":"autor","embeddable":true,"href":"https:\/\/dementsus.ee\/en\/wp-json\/wp\/v2\/autor?post=17345"}],"curies":[{"name":"wp","href":"https:\/\/api.w.org\/{rel}","templated":true}]}}