{"id":17776,"date":"2024-09-10T15:04:33","date_gmt":"2024-09-10T12:04:33","guid":{"rendered":"https:\/\/dementsus.ee\/?p=17776"},"modified":"2024-09-10T15:57:10","modified_gmt":"2024-09-10T12:57:10","slug":"september-alzheimeri-kuus-uritused-ja-konverents-dementsuse-teadlikkuse-tostmiseks","status":"publish","type":"post","link":"https:\/\/dementsus.ee\/en\/september-alzheimeri-kuus-uritused-ja-konverents-dementsuse-teadlikkuse-tostmiseks\/","title":{"rendered":"September Alzheimeri kuus: \u00fcritused ja konverents dementsuse teadlikkuse t\u00f5stmiseks"},"content":{"rendered":"<h4 class=\"x_MsoNormal\">September on Alzheimeri kuu ja selle raames korraldab Dementsuse Kompetentsikeskus mitmeid \u00fcritusi, kuhu kutsume osalema l\u00e4hedasi, spetsialiste kui ka inimesi, kes soovivad olla lihtsalt rohkem teadlikud.<\/h4>\n<p class=\"x_MsoNormal\"><strong>11. septembril kell 12.00<\/strong>\u00a0 toimub veebikeskkonnas Zoom Dementsuse S\u00f5prade infotund ja on v\u00f5imalus saada Dementsuse S\u00f5braks. https:\/\/dementsus.ee\/sundmused\/dementsuse-soprade-infotund\/<\/p>\n<p class=\"x_MsoNormal\"><strong>18. septembril<\/strong> kutsume Kehra Sotsiaalkeskusesse, kus avame M\u00e4lukohviku ning selle raames viime l\u00e4bi Dementsuse S\u00f5prade infotunni.<\/p>\n<p class=\"x_MsoNormal\"><a href=\"https:\/\/dementsus.ee\/sundmused\/malukohvik-ja-dementsuse-soprade-infotund-kehra-sotsiaalkeskuses\/\">https:\/\/dementsus.ee\/sundmused\/malukohvik-ja-dementsuse-soprade-infotund-kehra-sotsiaalkeskuses\/<\/a><\/p>\n<p class=\"x_MsoNormal\">Loe Dementsuse S\u00f5pradest ja dementsuses\u00f5bralikust \u00fchiskonnast pikemalt juulis ilmunud TAI Sotsiaalt\u00f6\u00f6ajakirjast<\/p>\n<p class=\"x_MsoNormal\"><a href=\"https:\/\/www.tai.ee\/et\/sotsiaaltoo\/dementsussobralikkuse-kujundamine-eestis-ja-mujal?fbclid=IwY2xjawFMzyJleHRuA2FlbQIxMQABHSypcVcX6nyAYRfPrkSLWzaEq8K4qvNzbDiWYgFb4YoWd0tcgBSw2WNimg_aem_1ipEtva1upU9LgiOucgvYg\" data-auth=\"NotApplicable\" data-linkindex=\"0\">https:\/\/www.tai.ee\/et\/sotsiaaltoo\/dementsussobralikkuse-kujundamine-eestis-ja-mujal?fbclid=IwY2xjawFMzyJleHRuA2FlbQIxMQABHSypcVcX6nyAYRfPrkSLWzaEq8K4qvNzbDiWYgFb4YoWd0tcgBSw2WNimg_aem_1ipEtva1upU9LgiOucgvYg<\/a><\/p>\n<p class=\"x_MsoNormal\"><strong>26. septembril<\/strong> korraldame rahvusvahelise konverentsi, kuhu kutsume k\u00f5iki, kes on seotud dementsusega, kuid eelk\u00f5ige sotsiaal- ja tervishoiuvaldkonna spetsialiste. <strong>Pealkiri \u201c Ilma rohtudeta v\u00f5\u00f5ras linnas &#8211; kaasaegsed v\u00f5tted dementsusega inimeste heaolu tagamisel\u201c<\/strong> sai inspireeritud vajadusest t\u00f5sta teadlikkust sellest, mida peab arvestama t\u00f6\u00f6s dementsusega inimestega, kui esineb keerulist suhtlemist ja k\u00e4itumist. Eestis on probleemiks leida dementsusega inimesele teenust, eriti kui eakal esineb ajas ja kohas ekslemist, s\u00fc\u00fcdistamist, teiste asjade v\u00f5tmist, agiteeritust jm. Dementsuse Kompetentsikeskus soovib Eesti inimesteni tuua parimad praktikud nii Eestist kui ka v\u00e4ljastpoolt, kes on antud valdkonnas v\u00e4ga kogenud ja kes v\u00f5ivad kinnitada, et dementsusega inimestega t\u00f6\u00f6 on k\u00fcll v\u00e4ljakutseid pakkuv, kuid omades head meeskonda ja osates \u00f5igeid v\u00f5tteid, saab see t\u00f6\u00f6 olla ainult nauditav. T\u00f5stes t\u00f6\u00f6tajate kompetentsi, suurendame k\u00f5igi heaolu!<\/p>\n<p class=\"x_MsoNormal\">Tulge kuulama!<\/p>\n<p class=\"x_MsoNormal\"><a href=\"https:\/\/dementsus.ee\/konverents2024\/\" data-auth=\"NotApplicable\" data-linkindex=\"1\">https:\/\/dementsus.ee\/konverents2024\/<\/a><\/p>\n<p class=\"x_MsoNormal\">Septembris alustab uut hooaega muuseumiprogramm <strong>\u201eTaaskohtumised\u201c<\/strong> eakatele, m\u00e4luh\u00e4iretega inimestele ja dementsusega inimestele. Kohtumised toimuvad Adamson- Ericu muuseumis, Kumus ja Niguliste muuseumis ja on need on kaetud v\u00e4ga p\u00f5nevate teemadega, kus saab kuulata, kaasa r\u00e4\u00e4kida ja ka ise midagi luua.<\/p>\n<p class=\"x_MsoNormal\">Esimene kohtumine toimub <strong>28. septembril<\/strong> <strong>Adamson- Ericu muuseumis kell 13.00<\/strong>. Loe l\u00e4hemalt\u00a0<a href=\"http:\/\/www.dementsus.ee\/\" data-auth=\"NotApplicable\" data-linkindex=\"2\">www.dementsus.ee<\/a>\u00a0v\u00f5i\u00a0<a href=\"http:\/\/www.kumu.ee\/\" data-auth=\"NotApplicable\" data-linkindex=\"3\">www.kumu.ee<\/a><\/p>\n","protected":false},"excerpt":{"rendered":"<p>September on Alzheimeri kuu ja selle raames korraldab Dementsuse Kompetentsikeskus mitmeid \u00fcritusi, kuhu kutsume osalema l\u00e4hedasi, spetsialiste kui ka inimesi, kes soovivad olla lihtsalt rohkem teadlikud. 11. septembril kell 12.00\u00a0 toimub veebikeskkonnas Zoom Dementsuse S\u00f5prade infotund ja on v\u00f5imalus saada Dementsuse S\u00f5braks. https:\/\/dementsus.ee\/sundmused\/dementsuse-soprade-infotund\/ 18. septembril kutsume Kehra Sotsiaalkeskusesse, kus avame M\u00e4lukohviku ning selle raames viime [&hellip;]<\/p>\n","protected":false},"author":15,"featured_media":17788,"comment_status":"open","ping_status":"open","sticky":false,"template":"","format":"standard","meta":{"footnotes":""},"categories":[1],"tags":[],"autor":[],"class_list":["post-17776","post","type-post","status-publish","format-standard","has-post-thumbnail","hentry","category-maaratlemata"],"yoast_head":"<!-- This site is optimized with the Yoast SEO plugin v26.2 - https:\/\/yoast.com\/wordpress\/plugins\/seo\/ -->\n<title>September Alzheimeri kuus: \u00fcritused ja konverents dementsuse teadlikkuse t\u00f5stmiseks - Dementsuse Kompetentsikeskus<\/title>\n<meta name=\"robots\" content=\"index, follow, max-snippet:-1, max-image-preview:large, max-video-preview:-1\" \/>\n<link rel=\"canonical\" href=\"https:\/\/dementsus.ee\/en\/september-alzheimeri-kuus-uritused-ja-konverents-dementsuse-teadlikkuse-tostmiseks\/\" \/>\n<meta property=\"og:locale\" content=\"en_US\" \/>\n<meta property=\"og:type\" content=\"article\" \/>\n<meta property=\"og:title\" content=\"September Alzheimeri kuus: \u00fcritused ja konverents dementsuse teadlikkuse t\u00f5stmiseks\" \/>\n<meta property=\"og:description\" content=\"September on Alzheimeri kuu ja selle raames korraldab Dementsuse Kompetentsikeskus mitmeid \u00fcritusi, kuhu kutsume osalema l\u00e4hedasi, spetsialiste kui ka inimesi, kes soovivad olla lihtsalt rohkem teadlikud.\" \/>\n<meta property=\"og:url\" content=\"https:\/\/dementsus.ee\/en\/september-alzheimeri-kuus-uritused-ja-konverents-dementsuse-teadlikkuse-tostmiseks\/\" \/>\n<meta property=\"og:site_name\" content=\"Dementsuse Kompetentsikeskus\" \/>\n<meta property=\"article:published_time\" content=\"2024-09-10T12:04:33+00:00\" \/>\n<meta property=\"article:modified_time\" content=\"2024-09-10T12:57:10+00:00\" \/>\n<meta property=\"og:image\" content=\"https:\/\/dementsus.ee\/wp-content\/uploads\/2024\/09\/Untitled-2-23.png\" \/>\n\t<meta property=\"og:image:width\" content=\"1040\" \/>\n\t<meta property=\"og:image:height\" content=\"636\" \/>\n\t<meta property=\"og:image:type\" content=\"image\/png\" \/>\n<meta name=\"author\" content=\"Ragne Heiste\" \/>\n<meta name=\"twitter:card\" content=\"summary_large_image\" \/>\n<meta name=\"twitter:label1\" content=\"Written by\" \/>\n\t<meta name=\"twitter:data1\" content=\"Ragne Heiste\" \/>\n\t<meta name=\"twitter:label2\" content=\"Est. reading time\" \/>\n\t<meta name=\"twitter:data2\" content=\"2 minutes\" \/>\n<script type=\"application\/ld+json\" class=\"yoast-schema-graph\">{\"@context\":\"https:\/\/schema.org\",\"@graph\":[{\"@type\":\"Article\",\"@id\":\"https:\/\/dementsus.ee\/en\/september-alzheimeri-kuus-uritused-ja-konverents-dementsuse-teadlikkuse-tostmiseks\/#article\",\"isPartOf\":{\"@id\":\"https:\/\/dementsus.ee\/en\/september-alzheimeri-kuus-uritused-ja-konverents-dementsuse-teadlikkuse-tostmiseks\/\"},\"author\":{\"name\":\"Ragne Heiste\",\"@id\":\"https:\/\/dementsus.ee\/en\/#\/schema\/person\/b61d220dad79260c276ba4eebc900400\"},\"headline\":\"September Alzheimeri kuus: \u00fcritused ja konverents dementsuse teadlikkuse t\u00f5stmiseks\",\"datePublished\":\"2024-09-10T12:04:33+00:00\",\"dateModified\":\"2024-09-10T12:57:10+00:00\",\"mainEntityOfPage\":{\"@id\":\"https:\/\/dementsus.ee\/en\/september-alzheimeri-kuus-uritused-ja-konverents-dementsuse-teadlikkuse-tostmiseks\/\"},\"wordCount\":323,\"commentCount\":0,\"publisher\":{\"@id\":\"https:\/\/dementsus.ee\/en\/#organization\"},\"image\":{\"@id\":\"https:\/\/dementsus.ee\/en\/september-alzheimeri-kuus-uritused-ja-konverents-dementsuse-teadlikkuse-tostmiseks\/#primaryimage\"},\"thumbnailUrl\":\"https:\/\/dementsus.ee\/wp-content\/uploads\/2024\/09\/Untitled-2-23.png\",\"articleSection\":[\"M\u00e4\u00e4ratlemata\"],\"inLanguage\":\"en-US\"},{\"@type\":\"WebPage\",\"@id\":\"https:\/\/dementsus.ee\/en\/september-alzheimeri-kuus-uritused-ja-konverents-dementsuse-teadlikkuse-tostmiseks\/\",\"url\":\"https:\/\/dementsus.ee\/en\/september-alzheimeri-kuus-uritused-ja-konverents-dementsuse-teadlikkuse-tostmiseks\/\",\"name\":\"September Alzheimeri kuus: \u00fcritused ja konverents dementsuse teadlikkuse t\u00f5stmiseks - Dementsuse Kompetentsikeskus\",\"isPartOf\":{\"@id\":\"https:\/\/dementsus.ee\/en\/#website\"},\"primaryImageOfPage\":{\"@id\":\"https:\/\/dementsus.ee\/en\/september-alzheimeri-kuus-uritused-ja-konverents-dementsuse-teadlikkuse-tostmiseks\/#primaryimage\"},\"image\":{\"@id\":\"https:\/\/dementsus.ee\/en\/september-alzheimeri-kuus-uritused-ja-konverents-dementsuse-teadlikkuse-tostmiseks\/#primaryimage\"},\"thumbnailUrl\":\"https:\/\/dementsus.ee\/wp-content\/uploads\/2024\/09\/Untitled-2-23.png\",\"datePublished\":\"2024-09-10T12:04:33+00:00\",\"dateModified\":\"2024-09-10T12:57:10+00:00\",\"breadcrumb\":{\"@id\":\"https:\/\/dementsus.ee\/en\/september-alzheimeri-kuus-uritused-ja-konverents-dementsuse-teadlikkuse-tostmiseks\/#breadcrumb\"},\"inLanguage\":\"en-US\",\"potentialAction\":[{\"@type\":\"ReadAction\",\"target\":[\"https:\/\/dementsus.ee\/en\/september-alzheimeri-kuus-uritused-ja-konverents-dementsuse-teadlikkuse-tostmiseks\/\"]}]},{\"@type\":\"ImageObject\",\"inLanguage\":\"en-US\",\"@id\":\"https:\/\/dementsus.ee\/en\/september-alzheimeri-kuus-uritused-ja-konverents-dementsuse-teadlikkuse-tostmiseks\/#primaryimage\",\"url\":\"https:\/\/dementsus.ee\/wp-content\/uploads\/2024\/09\/Untitled-2-23.png\",\"contentUrl\":\"https:\/\/dementsus.ee\/wp-content\/uploads\/2024\/09\/Untitled-2-23.png\",\"width\":1040,\"height\":636},{\"@type\":\"BreadcrumbList\",\"@id\":\"https:\/\/dementsus.ee\/en\/september-alzheimeri-kuus-uritused-ja-konverents-dementsuse-teadlikkuse-tostmiseks\/#breadcrumb\",\"itemListElement\":[{\"@type\":\"ListItem\",\"position\":1,\"name\":\"Esileht\",\"item\":\"https:\/\/dementsus.ee\/en\/\"},{\"@type\":\"ListItem\",\"position\":2,\"name\":\"September Alzheimeri kuus: \u00fcritused ja konverents dementsuse teadlikkuse t\u00f5stmiseks\"}]},{\"@type\":\"WebSite\",\"@id\":\"https:\/\/dementsus.ee\/en\/#website\",\"url\":\"https:\/\/dementsus.ee\/en\/\",\"name\":\"Dementsuse Kompetentsikeskus\",\"description\":\"dementsuse info ja abi\",\"publisher\":{\"@id\":\"https:\/\/dementsus.ee\/en\/#organization\"},\"potentialAction\":[{\"@type\":\"SearchAction\",\"target\":{\"@type\":\"EntryPoint\",\"urlTemplate\":\"https:\/\/dementsus.ee\/en\/?s={search_term_string}\"},\"query-input\":{\"@type\":\"PropertyValueSpecification\",\"valueRequired\":true,\"valueName\":\"search_term_string\"}}],\"inLanguage\":\"en-US\"},{\"@type\":\"Organization\",\"@id\":\"https:\/\/dementsus.ee\/en\/#organization\",\"name\":\"Dementsuse Kompetentsikeskus\",\"url\":\"https:\/\/dementsus.ee\/en\/\",\"logo\":{\"@type\":\"ImageObject\",\"inLanguage\":\"en-US\",\"@id\":\"https:\/\/dementsus.ee\/en\/#\/schema\/logo\/image\/\",\"url\":\"https:\/\/dementsus.ee\/wp-content\/uploads\/2023\/07\/ED_logo_kodukale.svg\",\"contentUrl\":\"https:\/\/dementsus.ee\/wp-content\/uploads\/2023\/07\/ED_logo_kodukale.svg\",\"caption\":\"Dementsuse Kompetentsikeskus\"},\"image\":{\"@id\":\"https:\/\/dementsus.ee\/en\/#\/schema\/logo\/image\/\"}},{\"@type\":\"Person\",\"@id\":\"https:\/\/dementsus.ee\/en\/#\/schema\/person\/b61d220dad79260c276ba4eebc900400\",\"name\":\"Ragne Heiste\",\"image\":{\"@type\":\"ImageObject\",\"inLanguage\":\"en-US\",\"@id\":\"https:\/\/dementsus.ee\/en\/#\/schema\/person\/image\/\",\"url\":\"https:\/\/secure.gravatar.com\/avatar\/7cde9a72bac2fd9241de2d3854317c9226c6b434c5441cf82bfcef7aeed94442?s=96&d=mm&r=g\",\"contentUrl\":\"https:\/\/secure.gravatar.com\/avatar\/7cde9a72bac2fd9241de2d3854317c9226c6b434c5441cf82bfcef7aeed94442?s=96&d=mm&r=g\",\"caption\":\"Ragne Heiste\"},\"url\":\"https:\/\/dementsus.ee\/en\/author\/ragne\/\"}]}<\/script>\n<!-- \/ Yoast SEO plugin. -->","yoast_head_json":{"title":"September Alzheimeri kuus: \u00fcritused ja konverents dementsuse teadlikkuse t\u00f5stmiseks - Dementsuse Kompetentsikeskus","robots":{"index":"index","follow":"follow","max-snippet":"max-snippet:-1","max-image-preview":"max-image-preview:large","max-video-preview":"max-video-preview:-1"},"canonical":"https:\/\/dementsus.ee\/en\/september-alzheimeri-kuus-uritused-ja-konverents-dementsuse-teadlikkuse-tostmiseks\/","og_locale":"en_US","og_type":"article","og_title":"September Alzheimeri kuus: \u00fcritused ja konverents dementsuse teadlikkuse t\u00f5stmiseks","og_description":"September on Alzheimeri kuu ja selle raames korraldab Dementsuse Kompetentsikeskus mitmeid \u00fcritusi, kuhu kutsume osalema l\u00e4hedasi, spetsialiste kui ka inimesi, kes soovivad olla lihtsalt rohkem teadlikud.","og_url":"https:\/\/dementsus.ee\/en\/september-alzheimeri-kuus-uritused-ja-konverents-dementsuse-teadlikkuse-tostmiseks\/","og_site_name":"Dementsuse Kompetentsikeskus","article_published_time":"2024-09-10T12:04:33+00:00","article_modified_time":"2024-09-10T12:57:10+00:00","og_image":[{"width":1040,"height":636,"url":"https:\/\/dementsus.ee\/wp-content\/uploads\/2024\/09\/Untitled-2-23.png","type":"image\/png"}],"author":"Ragne Heiste","twitter_card":"summary_large_image","twitter_misc":{"Written by":"Ragne Heiste","Est. reading time":"2 minutes"},"schema":{"@context":"https:\/\/schema.org","@graph":[{"@type":"Article","@id":"https:\/\/dementsus.ee\/en\/september-alzheimeri-kuus-uritused-ja-konverents-dementsuse-teadlikkuse-tostmiseks\/#article","isPartOf":{"@id":"https:\/\/dementsus.ee\/en\/september-alzheimeri-kuus-uritused-ja-konverents-dementsuse-teadlikkuse-tostmiseks\/"},"author":{"name":"Ragne Heiste","@id":"https:\/\/dementsus.ee\/en\/#\/schema\/person\/b61d220dad79260c276ba4eebc900400"},"headline":"September Alzheimeri kuus: \u00fcritused ja konverents dementsuse teadlikkuse t\u00f5stmiseks","datePublished":"2024-09-10T12:04:33+00:00","dateModified":"2024-09-10T12:57:10+00:00","mainEntityOfPage":{"@id":"https:\/\/dementsus.ee\/en\/september-alzheimeri-kuus-uritused-ja-konverents-dementsuse-teadlikkuse-tostmiseks\/"},"wordCount":323,"commentCount":0,"publisher":{"@id":"https:\/\/dementsus.ee\/en\/#organization"},"image":{"@id":"https:\/\/dementsus.ee\/en\/september-alzheimeri-kuus-uritused-ja-konverents-dementsuse-teadlikkuse-tostmiseks\/#primaryimage"},"thumbnailUrl":"https:\/\/dementsus.ee\/wp-content\/uploads\/2024\/09\/Untitled-2-23.png","articleSection":["M\u00e4\u00e4ratlemata"],"inLanguage":"en-US"},{"@type":"WebPage","@id":"https:\/\/dementsus.ee\/en\/september-alzheimeri-kuus-uritused-ja-konverents-dementsuse-teadlikkuse-tostmiseks\/","url":"https:\/\/dementsus.ee\/en\/september-alzheimeri-kuus-uritused-ja-konverents-dementsuse-teadlikkuse-tostmiseks\/","name":"September Alzheimeri kuus: \u00fcritused ja konverents dementsuse teadlikkuse t\u00f5stmiseks - Dementsuse Kompetentsikeskus","isPartOf":{"@id":"https:\/\/dementsus.ee\/en\/#website"},"primaryImageOfPage":{"@id":"https:\/\/dementsus.ee\/en\/september-alzheimeri-kuus-uritused-ja-konverents-dementsuse-teadlikkuse-tostmiseks\/#primaryimage"},"image":{"@id":"https:\/\/dementsus.ee\/en\/september-alzheimeri-kuus-uritused-ja-konverents-dementsuse-teadlikkuse-tostmiseks\/#primaryimage"},"thumbnailUrl":"https:\/\/dementsus.ee\/wp-content\/uploads\/2024\/09\/Untitled-2-23.png","datePublished":"2024-09-10T12:04:33+00:00","dateModified":"2024-09-10T12:57:10+00:00","breadcrumb":{"@id":"https:\/\/dementsus.ee\/en\/september-alzheimeri-kuus-uritused-ja-konverents-dementsuse-teadlikkuse-tostmiseks\/#breadcrumb"},"inLanguage":"en-US","potentialAction":[{"@type":"ReadAction","target":["https:\/\/dementsus.ee\/en\/september-alzheimeri-kuus-uritused-ja-konverents-dementsuse-teadlikkuse-tostmiseks\/"]}]},{"@type":"ImageObject","inLanguage":"en-US","@id":"https:\/\/dementsus.ee\/en\/september-alzheimeri-kuus-uritused-ja-konverents-dementsuse-teadlikkuse-tostmiseks\/#primaryimage","url":"https:\/\/dementsus.ee\/wp-content\/uploads\/2024\/09\/Untitled-2-23.png","contentUrl":"https:\/\/dementsus.ee\/wp-content\/uploads\/2024\/09\/Untitled-2-23.png","width":1040,"height":636},{"@type":"BreadcrumbList","@id":"https:\/\/dementsus.ee\/en\/september-alzheimeri-kuus-uritused-ja-konverents-dementsuse-teadlikkuse-tostmiseks\/#breadcrumb","itemListElement":[{"@type":"ListItem","position":1,"name":"Esileht","item":"https:\/\/dementsus.ee\/en\/"},{"@type":"ListItem","position":2,"name":"September Alzheimeri kuus: \u00fcritused ja konverents dementsuse teadlikkuse t\u00f5stmiseks"}]},{"@type":"WebSite","@id":"https:\/\/dementsus.ee\/en\/#website","url":"https:\/\/dementsus.ee\/en\/","name":"Dementsuse Kompetentsikeskus","description":"dementsuse info ja abi","publisher":{"@id":"https:\/\/dementsus.ee\/en\/#organization"},"potentialAction":[{"@type":"SearchAction","target":{"@type":"EntryPoint","urlTemplate":"https:\/\/dementsus.ee\/en\/?s={search_term_string}"},"query-input":{"@type":"PropertyValueSpecification","valueRequired":true,"valueName":"search_term_string"}}],"inLanguage":"en-US"},{"@type":"Organization","@id":"https:\/\/dementsus.ee\/en\/#organization","name":"Dementsuse Kompetentsikeskus","url":"https:\/\/dementsus.ee\/en\/","logo":{"@type":"ImageObject","inLanguage":"en-US","@id":"https:\/\/dementsus.ee\/en\/#\/schema\/logo\/image\/","url":"https:\/\/dementsus.ee\/wp-content\/uploads\/2023\/07\/ED_logo_kodukale.svg","contentUrl":"https:\/\/dementsus.ee\/wp-content\/uploads\/2023\/07\/ED_logo_kodukale.svg","caption":"Dementsuse Kompetentsikeskus"},"image":{"@id":"https:\/\/dementsus.ee\/en\/#\/schema\/logo\/image\/"}},{"@type":"Person","@id":"https:\/\/dementsus.ee\/en\/#\/schema\/person\/b61d220dad79260c276ba4eebc900400","name":"Ragne Heiste","image":{"@type":"ImageObject","inLanguage":"en-US","@id":"https:\/\/dementsus.ee\/en\/#\/schema\/person\/image\/","url":"https:\/\/secure.gravatar.com\/avatar\/7cde9a72bac2fd9241de2d3854317c9226c6b434c5441cf82bfcef7aeed94442?s=96&d=mm&r=g","contentUrl":"https:\/\/secure.gravatar.com\/avatar\/7cde9a72bac2fd9241de2d3854317c9226c6b434c5441cf82bfcef7aeed94442?s=96&d=mm&r=g","caption":"Ragne Heiste"},"url":"https:\/\/dementsus.ee\/en\/author\/ragne\/"}]}},"_links":{"self":[{"href":"https:\/\/dementsus.ee\/en\/wp-json\/wp\/v2\/posts\/17776","targetHints":{"allow":["GET"]}}],"collection":[{"href":"https:\/\/dementsus.ee\/en\/wp-json\/wp\/v2\/posts"}],"about":[{"href":"https:\/\/dementsus.ee\/en\/wp-json\/wp\/v2\/types\/post"}],"author":[{"embeddable":true,"href":"https:\/\/dementsus.ee\/en\/wp-json\/wp\/v2\/users\/15"}],"replies":[{"embeddable":true,"href":"https:\/\/dementsus.ee\/en\/wp-json\/wp\/v2\/comments?post=17776"}],"version-history":[{"count":5,"href":"https:\/\/dementsus.ee\/en\/wp-json\/wp\/v2\/posts\/17776\/revisions"}],"predecessor-version":[{"id":17800,"href":"https:\/\/dementsus.ee\/en\/wp-json\/wp\/v2\/posts\/17776\/revisions\/17800"}],"wp:featuredmedia":[{"embeddable":true,"href":"https:\/\/dementsus.ee\/en\/wp-json\/wp\/v2\/media\/17788"}],"wp:attachment":[{"href":"https:\/\/dementsus.ee\/en\/wp-json\/wp\/v2\/media?parent=17776"}],"wp:term":[{"taxonomy":"category","embeddable":true,"href":"https:\/\/dementsus.ee\/en\/wp-json\/wp\/v2\/categories?post=17776"},{"taxonomy":"post_tag","embeddable":true,"href":"https:\/\/dementsus.ee\/en\/wp-json\/wp\/v2\/tags?post=17776"},{"taxonomy":"autor","embeddable":true,"href":"https:\/\/dementsus.ee\/en\/wp-json\/wp\/v2\/autor?post=17776"}],"curies":[{"name":"wp","href":"https:\/\/api.w.org\/{rel}","templated":true}]}}