{"id":1871,"date":"2020-03-26T17:26:43","date_gmt":"2020-03-26T17:26:43","guid":{"rendered":"https:\/\/eludementsusega.ee\/?p=1871"},"modified":"2020-03-26T17:26:43","modified_gmt":"2020-03-26T17:26:43","slug":"koroonaviirus-ja-dementsus-soovitused-riskide-vahendamiseks","status":"publish","type":"post","link":"https:\/\/dementsus.ee\/en\/koroonaviirus-ja-dementsus-soovitused-riskide-vahendamiseks\/","title":{"rendered":"Koroonaviirus ja dementsus: soovitused riskide v\u00e4hendamiseks"},"content":{"rendered":"<p>Koroonaviirusse nakatumise osas on ohustatud eesk\u00e4tt n\u00f5rgema immuuns\u00fcsteemiga inimesed ning haigestunute hulgas on kaitsetumad eriti eakad. Eestis elab <em>Alzheimer Europe<\/em>\u00b4i andmete p\u00f5hjal hinnanguliselt 22 942 dementsusega inimest, neist alla 60-aastaseid inimesi on ainult 677.<\/p>\n<p>Eriti haavatavaks teeb dementsusega inimesed koroonaviiruse suhtes lisaks juba vanusegrupi t\u00f5ttu riskigrupis olemisele veel see, et olenevalt dementsuse staadiumist <strong>ei pruugi\u00a0 dementsuss\u00fcndroomiga inimene osata ise enam k\u00e4si pesta, hoiduda oma suud-silmi ja nina katsumast, anda teada peavalust v\u00f5i muudest koroonaviiruse s\u00fcmptomitest ning \u00fcldisemalt teadlikult ennast ja teisi kaitsta koroonaviirusesse nakatumise ohtude eest.<\/strong><\/p>\n<p>Seet\u00f5ttu on v\u00e4ga oluline, et dementsusega inimesi \u00fcmbritsevad teised inimesed aitaksid riske v\u00e4hendada!<\/p>\n<p><strong>Soovitused<\/strong> (soovitused on m\u00f5eldud lisaks omastehooldajale ja pereliikmetele ka n\u00e4iteks koduteenust pakkuvale sotsiaalt\u00f6\u00f6tajale, naabrile, hoolekandeasutuse t\u00f6\u00f6tajale jne):<\/p>\n<ul>\n<li>kui dementsusega inimene elab veel iseseisvalt oma kodus, j\u00e4lgi, et tal oleks piisavalt h\u00fcgieenivahendeid (seep, tualettpaber, pabersalvr\u00e4tid);<\/li>\n<li>taga, et k\u00f5ik, kes dementsusega inimese kodu k\u00fclastavad, pesevad k\u00f5igepealt oma k\u00e4si, v\u00e4ldivad kallistamist ja k\u00e4ttpidi teretamist;<\/li>\n<li>aita puhastada\/puhasta enimkasutatavaid pindu ja esemeid \u2013 uksek\u00e4epidemeid, televiisoripulti, telefoni jm;<\/li>\n<li>kui karantiinis peab olema dementsusega inimene ja ka tema hooldaja \u2013 paku abi poest ja apteegist vajaliku (ukse taha) toomiseks;<\/li>\n<li>\u00e4ra j\u00e4ta dementsusega inimest ega tema hooldajat nende karantiinis olemise ajal t\u00e4helepanuta. Skype, telefon ja isegi tavaline posti teel saadetud kiri aitab leevendada \u00fcksindustunnet;<\/li>\n<li>aita dementsusega inimesel pesta k\u00e4si, kasuta sooja vett ja dementsusega inimese lemmikl\u00f5hnalist seepi. K\u00e4tepesu v\u00f5ib olla v\u00e4ljakutse, seda v\u00f5ib olla lihtsam teha meeldiva muusika ja miks ka mitte \u00fchislaulmise saatel. Selgita iga toimingut tehes, mida parasjagu teed;<\/li>\n<li>dementsusega inimene ei oska k\u00f6hides oma suud katta (varrukasse k\u00f6hida), ei pruugi osata ise nina nuusata. Seet\u00f5ttu tuleb arvestada, et hoolekandeasutuses, kus elab koos palju dementsusega inimesi, \u00a0v\u00f5ib viirus levida v\u00e4ga kiiresti.<\/li>\n<li>dementsusega inimene ei pruugi osata teada anda, kui tal pea valutab v\u00f5i on paha olla. J\u00e4lgi dementsusega inimese olemist t\u00e4helepanelikult. Kraadimiseks v\u00f5ib olla lihtsam kasutada otsmiku infrapuna termomeetrit, sellega kraadimine v\u00f5tab aega vaid paar sekundit;<\/li>\n<li>dementsusega inimesel v\u00f5ib tekkida televiisorist uudiseid kuuldes \u00e4revus \u2013 ta ei pruugi p\u00e4ris \u00f5igesti edastatavast informatsioonist aru saada. P\u00fc\u00fca koroonaviirusega seotud uudiste sisu selgitada, s\u00e4ilita ise kaine m\u00f5istus ja rahulikkus, seda ka oma kehahoiakus &#8211; dementsusega inimene loeb v\u00e4ga h\u00e4sti oma l\u00e4hedaste kehakeelt, hooldaja \u00e4revus suurendab ka dementsuss\u00fcndroomiga inimese \u00e4revust;<\/li>\n<li>Terviseamet on soovitanud alates 5. m\u00e4rtsist<a href=\"https:\/\/www.terviseamet.ee\/et\/uudised\/terviseamet-soovitab-hooldekodudel-piirata-kulastusi\"> piirata hooldekodudes k\u00fclastusi. <\/a>L\u00e4hedasena v\u00f5id tunda suurt igatsust oma hoolekandeasutuses elava dementsuss\u00fcndroomiga pereliikme j\u00e4rele, kuid tema ja teiste seal elavate inimeste tervise tagamiseks on k\u00fclastuspiirang vajalik. \u00a0Kui pereliige oskab veel telefoni teel suhelda, helista talle ning selgita p\u00f5hjuseid, miks ei saa teda k\u00fclastada. Kui ta ise enam ei oska telefonile vastata, siis palu temaga r\u00e4\u00e4kida, kindlasti tead hooldajate ja muu personali telefoninumbreid, kellelt saad k\u00fcsida, kuidas Su armsal pereliikmel l\u00e4heb. V\u00f5ib olla on m\u00f5ned hoolekandeasutused valmis ka skaibi teel suhtlemise aitamiseks;<\/li>\n<li>kui hoolekandeasutus palub viirushaiguste karantiini ajal l\u00e4hedastele pakke mitte tuua, tuleb sellesse suhtuda vastutustundlikult: paki tooja v\u00f5ib endale teadmata viirust levitada paki \u00fcleandmisel. Hoolekandeasutustes on toitu piisavalt, l\u00e4hedased ei pea s\u00f6\u00f6gi ja joogi p\u00e4rast muretsema;<\/li>\n<li>dementsuse infoliinilt saad abi ja n\u00f5ustamist 644 6440;<\/li>\n<li>koroonaviiruse kohta leiad pidevalt uueneva informatsiooni <a href=\"https:\/\/www.terviseamet.ee\/et\">Terviseameti kodulehelt<\/a> Koroonaviiruse haigus COVID-19 juhendid ja tr\u00fckimaterjalid leiad samuti <a href=\"https:\/\/www.terviseamet.ee\/et\/COVID-19-trukised\">Terviseameti kodulehelt;\u00a0<\/a><\/li>\n<li>koroonaviirusest ja dementsusega inimeste k\u00f5rgendatud riskidest soovitame vaatamiseks ingliskeelseid videoid:<\/li>\n<\/ul>\n<p><a href=\"https:\/\/www.youtube.com\/watch?time_continue=4&amp;v=kA_K7-phVnM&amp;feature=emb_title\">https:\/\/www.youtube.com\/watch?time_continue=4&amp;v=kA_K7-phVnM&amp;feature=emb_title<\/a><\/p>\n<p><a href=\"https:\/\/www.wmcactionnews5.com\/2020\/03\/10\/how-fighting-spread-coronavirus-affects-alzheimers-dementia-patients\/\">https:\/\/www.wmcactionnews5.com\/2020\/03\/10\/how-fighting-spread-coronavirus-affects-alzheimers-dementia-patients\/<\/a><\/p>\n<ul>\n<li>rahvusvaheliselt koondatud <a href=\"https:\/\/www.alz.co.uk\/news\/adi-offers-advice-and-support-during-covid-19\" target=\"_blank\" rel=\"noopener noreferrer\">materjal koroonaviiruse ja dementsuse kohta\u00a0<\/a><\/li>\n<\/ul>\n","protected":false},"excerpt":{"rendered":"<p>Koroonaviirusse nakatumise osas on ohustatud eesk\u00e4tt n\u00f5rgema immuuns\u00fcsteemiga inimesed ning haigestunute hulgas on kaitsetumad eriti eakad. Eestis elab Alzheimer Europe\u00b4i andmete p\u00f5hjal hinnanguliselt 22 942 dementsusega inimest, neist alla 60-aastaseid inimesi on ainult 677. Eriti haavatavaks teeb dementsusega inimesed koroonaviiruse suhtes lisaks juba vanusegrupi t\u00f5ttu riskigrupis olemisele veel see, et olenevalt dementsuse staadiumist ei pruugi\u00a0 [&hellip;]<\/p>\n","protected":false},"author":2,"featured_media":1873,"comment_status":"open","ping_status":"open","sticky":false,"template":"","format":"standard","meta":{"footnotes":""},"categories":[1],"tags":[],"autor":[],"class_list":["post-1871","post","type-post","status-publish","format-standard","has-post-thumbnail","hentry","category-maaratlemata"],"yoast_head":"<!-- This site is optimized with the Yoast SEO plugin v26.2 - https:\/\/yoast.com\/wordpress\/plugins\/seo\/ -->\n<title>Koroonaviirus ja dementsus: soovitused riskide v\u00e4hendamiseks - Dementsuse Kompetentsikeskus<\/title>\n<meta name=\"robots\" content=\"index, follow, max-snippet:-1, max-image-preview:large, max-video-preview:-1\" \/>\n<link rel=\"canonical\" href=\"https:\/\/dementsus.ee\/en\/koroonaviirus-ja-dementsus-soovitused-riskide-vahendamiseks\/\" \/>\n<meta property=\"og:locale\" content=\"en_US\" \/>\n<meta property=\"og:type\" content=\"article\" \/>\n<meta property=\"og:title\" content=\"Koroonaviirus ja dementsus: soovitused riskide v\u00e4hendamiseks - Dementsuse Kompetentsikeskus\" \/>\n<meta property=\"og:description\" content=\"Koroonaviirusse nakatumise osas on ohustatud eesk\u00e4tt n\u00f5rgema immuuns\u00fcsteemiga inimesed ning haigestunute hulgas on kaitsetumad eriti eakad. Eestis elab Alzheimer Europe\u00b4i andmete p\u00f5hjal hinnanguliselt 22 942 dementsusega inimest, neist alla 60-aastaseid inimesi on ainult 677. Eriti haavatavaks teeb dementsusega inimesed koroonaviiruse suhtes lisaks juba vanusegrupi t\u00f5ttu riskigrupis olemisele veel see, et olenevalt dementsuse staadiumist ei pruugi\u00a0 [&hellip;]\" \/>\n<meta property=\"og:url\" content=\"https:\/\/dementsus.ee\/en\/koroonaviirus-ja-dementsus-soovitused-riskide-vahendamiseks\/\" \/>\n<meta property=\"og:site_name\" content=\"Dementsuse Kompetentsikeskus\" \/>\n<meta property=\"article:published_time\" content=\"2020-03-26T17:26:43+00:00\" \/>\n<meta property=\"og:image\" content=\"https:\/\/dementsus.ee\/wp-content\/uploads\/2020\/03\/kodulehele_viiruste_hooajal.jpg\" \/>\n\t<meta property=\"og:image:width\" content=\"799\" \/>\n\t<meta property=\"og:image:height\" content=\"796\" \/>\n\t<meta property=\"og:image:type\" content=\"image\/jpeg\" \/>\n<meta name=\"author\" content=\"Kermo\" \/>\n<meta name=\"twitter:card\" content=\"summary_large_image\" \/>\n<meta name=\"twitter:label1\" content=\"Written by\" \/>\n\t<meta name=\"twitter:data1\" content=\"Kermo\" \/>\n\t<meta name=\"twitter:label2\" content=\"Est. reading time\" \/>\n\t<meta name=\"twitter:data2\" content=\"3 minutes\" \/>\n<script type=\"application\/ld+json\" class=\"yoast-schema-graph\">{\"@context\":\"https:\/\/schema.org\",\"@graph\":[{\"@type\":\"Article\",\"@id\":\"https:\/\/dementsus.ee\/en\/koroonaviirus-ja-dementsus-soovitused-riskide-vahendamiseks\/#article\",\"isPartOf\":{\"@id\":\"https:\/\/dementsus.ee\/en\/koroonaviirus-ja-dementsus-soovitused-riskide-vahendamiseks\/\"},\"author\":{\"name\":\"Kermo\",\"@id\":\"https:\/\/dementsus.ee\/en\/#\/schema\/person\/dd93d64f20e6c5add626937f6b5931ed\"},\"headline\":\"Koroonaviirus ja dementsus: soovitused riskide v\u00e4hendamiseks\",\"datePublished\":\"2020-03-26T17:26:43+00:00\",\"mainEntityOfPage\":{\"@id\":\"https:\/\/dementsus.ee\/en\/koroonaviirus-ja-dementsus-soovitused-riskide-vahendamiseks\/\"},\"wordCount\":620,\"commentCount\":0,\"publisher\":{\"@id\":\"https:\/\/dementsus.ee\/en\/#organization\"},\"image\":{\"@id\":\"https:\/\/dementsus.ee\/en\/koroonaviirus-ja-dementsus-soovitused-riskide-vahendamiseks\/#primaryimage\"},\"thumbnailUrl\":\"https:\/\/dementsus.ee\/wp-content\/uploads\/2020\/03\/kodulehele_viiruste_hooajal.jpg\",\"articleSection\":[\"M\u00e4\u00e4ratlemata\"],\"inLanguage\":\"en-US\"},{\"@type\":\"WebPage\",\"@id\":\"https:\/\/dementsus.ee\/en\/koroonaviirus-ja-dementsus-soovitused-riskide-vahendamiseks\/\",\"url\":\"https:\/\/dementsus.ee\/en\/koroonaviirus-ja-dementsus-soovitused-riskide-vahendamiseks\/\",\"name\":\"Koroonaviirus ja dementsus: soovitused riskide v\u00e4hendamiseks - Dementsuse Kompetentsikeskus\",\"isPartOf\":{\"@id\":\"https:\/\/dementsus.ee\/en\/#website\"},\"primaryImageOfPage\":{\"@id\":\"https:\/\/dementsus.ee\/en\/koroonaviirus-ja-dementsus-soovitused-riskide-vahendamiseks\/#primaryimage\"},\"image\":{\"@id\":\"https:\/\/dementsus.ee\/en\/koroonaviirus-ja-dementsus-soovitused-riskide-vahendamiseks\/#primaryimage\"},\"thumbnailUrl\":\"https:\/\/dementsus.ee\/wp-content\/uploads\/2020\/03\/kodulehele_viiruste_hooajal.jpg\",\"datePublished\":\"2020-03-26T17:26:43+00:00\",\"breadcrumb\":{\"@id\":\"https:\/\/dementsus.ee\/en\/koroonaviirus-ja-dementsus-soovitused-riskide-vahendamiseks\/#breadcrumb\"},\"inLanguage\":\"en-US\",\"potentialAction\":[{\"@type\":\"ReadAction\",\"target\":[\"https:\/\/dementsus.ee\/en\/koroonaviirus-ja-dementsus-soovitused-riskide-vahendamiseks\/\"]}]},{\"@type\":\"ImageObject\",\"inLanguage\":\"en-US\",\"@id\":\"https:\/\/dementsus.ee\/en\/koroonaviirus-ja-dementsus-soovitused-riskide-vahendamiseks\/#primaryimage\",\"url\":\"https:\/\/dementsus.ee\/wp-content\/uploads\/2020\/03\/kodulehele_viiruste_hooajal.jpg\",\"contentUrl\":\"https:\/\/dementsus.ee\/wp-content\/uploads\/2020\/03\/kodulehele_viiruste_hooajal.jpg\",\"width\":799,\"height\":796},{\"@type\":\"BreadcrumbList\",\"@id\":\"https:\/\/dementsus.ee\/en\/koroonaviirus-ja-dementsus-soovitused-riskide-vahendamiseks\/#breadcrumb\",\"itemListElement\":[{\"@type\":\"ListItem\",\"position\":1,\"name\":\"Esileht\",\"item\":\"https:\/\/dementsus.ee\/en\/\"},{\"@type\":\"ListItem\",\"position\":2,\"name\":\"Koroonaviirus ja dementsus: soovitused riskide v\u00e4hendamiseks\"}]},{\"@type\":\"WebSite\",\"@id\":\"https:\/\/dementsus.ee\/en\/#website\",\"url\":\"https:\/\/dementsus.ee\/en\/\",\"name\":\"Dementsuse Kompetentsikeskus\",\"description\":\"dementsuse info ja abi\",\"publisher\":{\"@id\":\"https:\/\/dementsus.ee\/en\/#organization\"},\"potentialAction\":[{\"@type\":\"SearchAction\",\"target\":{\"@type\":\"EntryPoint\",\"urlTemplate\":\"https:\/\/dementsus.ee\/en\/?s={search_term_string}\"},\"query-input\":{\"@type\":\"PropertyValueSpecification\",\"valueRequired\":true,\"valueName\":\"search_term_string\"}}],\"inLanguage\":\"en-US\"},{\"@type\":\"Organization\",\"@id\":\"https:\/\/dementsus.ee\/en\/#organization\",\"name\":\"Dementsuse Kompetentsikeskus\",\"url\":\"https:\/\/dementsus.ee\/en\/\",\"logo\":{\"@type\":\"ImageObject\",\"inLanguage\":\"en-US\",\"@id\":\"https:\/\/dementsus.ee\/en\/#\/schema\/logo\/image\/\",\"url\":\"https:\/\/dementsus.ee\/wp-content\/uploads\/2023\/07\/ED_logo_kodukale.svg\",\"contentUrl\":\"https:\/\/dementsus.ee\/wp-content\/uploads\/2023\/07\/ED_logo_kodukale.svg\",\"caption\":\"Dementsuse Kompetentsikeskus\"},\"image\":{\"@id\":\"https:\/\/dementsus.ee\/en\/#\/schema\/logo\/image\/\"}},{\"@type\":\"Person\",\"@id\":\"https:\/\/dementsus.ee\/en\/#\/schema\/person\/dd93d64f20e6c5add626937f6b5931ed\",\"name\":\"Kermo\",\"image\":{\"@type\":\"ImageObject\",\"inLanguage\":\"en-US\",\"@id\":\"https:\/\/dementsus.ee\/en\/#\/schema\/person\/image\/\",\"url\":\"https:\/\/secure.gravatar.com\/avatar\/b2f0128e9063b66b5c6e595d8f4c39037d52f729089f1ad5afc34656e1d58a64?s=96&d=mm&r=g\",\"contentUrl\":\"https:\/\/secure.gravatar.com\/avatar\/b2f0128e9063b66b5c6e595d8f4c39037d52f729089f1ad5afc34656e1d58a64?s=96&d=mm&r=g\",\"caption\":\"Kermo\"},\"url\":\"https:\/\/dementsus.ee\/en\/author\/kermo\/\"}]}<\/script>\n<!-- \/ Yoast SEO plugin. -->","yoast_head_json":{"title":"Koroonaviirus ja dementsus: soovitused riskide v\u00e4hendamiseks - Dementsuse Kompetentsikeskus","robots":{"index":"index","follow":"follow","max-snippet":"max-snippet:-1","max-image-preview":"max-image-preview:large","max-video-preview":"max-video-preview:-1"},"canonical":"https:\/\/dementsus.ee\/en\/koroonaviirus-ja-dementsus-soovitused-riskide-vahendamiseks\/","og_locale":"en_US","og_type":"article","og_title":"Koroonaviirus ja dementsus: soovitused riskide v\u00e4hendamiseks - Dementsuse Kompetentsikeskus","og_description":"Koroonaviirusse nakatumise osas on ohustatud eesk\u00e4tt n\u00f5rgema immuuns\u00fcsteemiga inimesed ning haigestunute hulgas on kaitsetumad eriti eakad. Eestis elab Alzheimer Europe\u00b4i andmete p\u00f5hjal hinnanguliselt 22 942 dementsusega inimest, neist alla 60-aastaseid inimesi on ainult 677. Eriti haavatavaks teeb dementsusega inimesed koroonaviiruse suhtes lisaks juba vanusegrupi t\u00f5ttu riskigrupis olemisele veel see, et olenevalt dementsuse staadiumist ei pruugi\u00a0 [&hellip;]","og_url":"https:\/\/dementsus.ee\/en\/koroonaviirus-ja-dementsus-soovitused-riskide-vahendamiseks\/","og_site_name":"Dementsuse Kompetentsikeskus","article_published_time":"2020-03-26T17:26:43+00:00","og_image":[{"width":799,"height":796,"url":"https:\/\/dementsus.ee\/wp-content\/uploads\/2020\/03\/kodulehele_viiruste_hooajal.jpg","type":"image\/jpeg"}],"author":"Kermo","twitter_card":"summary_large_image","twitter_misc":{"Written by":"Kermo","Est. reading time":"3 minutes"},"schema":{"@context":"https:\/\/schema.org","@graph":[{"@type":"Article","@id":"https:\/\/dementsus.ee\/en\/koroonaviirus-ja-dementsus-soovitused-riskide-vahendamiseks\/#article","isPartOf":{"@id":"https:\/\/dementsus.ee\/en\/koroonaviirus-ja-dementsus-soovitused-riskide-vahendamiseks\/"},"author":{"name":"Kermo","@id":"https:\/\/dementsus.ee\/en\/#\/schema\/person\/dd93d64f20e6c5add626937f6b5931ed"},"headline":"Koroonaviirus ja dementsus: soovitused riskide v\u00e4hendamiseks","datePublished":"2020-03-26T17:26:43+00:00","mainEntityOfPage":{"@id":"https:\/\/dementsus.ee\/en\/koroonaviirus-ja-dementsus-soovitused-riskide-vahendamiseks\/"},"wordCount":620,"commentCount":0,"publisher":{"@id":"https:\/\/dementsus.ee\/en\/#organization"},"image":{"@id":"https:\/\/dementsus.ee\/en\/koroonaviirus-ja-dementsus-soovitused-riskide-vahendamiseks\/#primaryimage"},"thumbnailUrl":"https:\/\/dementsus.ee\/wp-content\/uploads\/2020\/03\/kodulehele_viiruste_hooajal.jpg","articleSection":["M\u00e4\u00e4ratlemata"],"inLanguage":"en-US"},{"@type":"WebPage","@id":"https:\/\/dementsus.ee\/en\/koroonaviirus-ja-dementsus-soovitused-riskide-vahendamiseks\/","url":"https:\/\/dementsus.ee\/en\/koroonaviirus-ja-dementsus-soovitused-riskide-vahendamiseks\/","name":"Koroonaviirus ja dementsus: soovitused riskide v\u00e4hendamiseks - Dementsuse Kompetentsikeskus","isPartOf":{"@id":"https:\/\/dementsus.ee\/en\/#website"},"primaryImageOfPage":{"@id":"https:\/\/dementsus.ee\/en\/koroonaviirus-ja-dementsus-soovitused-riskide-vahendamiseks\/#primaryimage"},"image":{"@id":"https:\/\/dementsus.ee\/en\/koroonaviirus-ja-dementsus-soovitused-riskide-vahendamiseks\/#primaryimage"},"thumbnailUrl":"https:\/\/dementsus.ee\/wp-content\/uploads\/2020\/03\/kodulehele_viiruste_hooajal.jpg","datePublished":"2020-03-26T17:26:43+00:00","breadcrumb":{"@id":"https:\/\/dementsus.ee\/en\/koroonaviirus-ja-dementsus-soovitused-riskide-vahendamiseks\/#breadcrumb"},"inLanguage":"en-US","potentialAction":[{"@type":"ReadAction","target":["https:\/\/dementsus.ee\/en\/koroonaviirus-ja-dementsus-soovitused-riskide-vahendamiseks\/"]}]},{"@type":"ImageObject","inLanguage":"en-US","@id":"https:\/\/dementsus.ee\/en\/koroonaviirus-ja-dementsus-soovitused-riskide-vahendamiseks\/#primaryimage","url":"https:\/\/dementsus.ee\/wp-content\/uploads\/2020\/03\/kodulehele_viiruste_hooajal.jpg","contentUrl":"https:\/\/dementsus.ee\/wp-content\/uploads\/2020\/03\/kodulehele_viiruste_hooajal.jpg","width":799,"height":796},{"@type":"BreadcrumbList","@id":"https:\/\/dementsus.ee\/en\/koroonaviirus-ja-dementsus-soovitused-riskide-vahendamiseks\/#breadcrumb","itemListElement":[{"@type":"ListItem","position":1,"name":"Esileht","item":"https:\/\/dementsus.ee\/en\/"},{"@type":"ListItem","position":2,"name":"Koroonaviirus ja dementsus: soovitused riskide v\u00e4hendamiseks"}]},{"@type":"WebSite","@id":"https:\/\/dementsus.ee\/en\/#website","url":"https:\/\/dementsus.ee\/en\/","name":"Dementsuse Kompetentsikeskus","description":"dementsuse info ja abi","publisher":{"@id":"https:\/\/dementsus.ee\/en\/#organization"},"potentialAction":[{"@type":"SearchAction","target":{"@type":"EntryPoint","urlTemplate":"https:\/\/dementsus.ee\/en\/?s={search_term_string}"},"query-input":{"@type":"PropertyValueSpecification","valueRequired":true,"valueName":"search_term_string"}}],"inLanguage":"en-US"},{"@type":"Organization","@id":"https:\/\/dementsus.ee\/en\/#organization","name":"Dementsuse Kompetentsikeskus","url":"https:\/\/dementsus.ee\/en\/","logo":{"@type":"ImageObject","inLanguage":"en-US","@id":"https:\/\/dementsus.ee\/en\/#\/schema\/logo\/image\/","url":"https:\/\/dementsus.ee\/wp-content\/uploads\/2023\/07\/ED_logo_kodukale.svg","contentUrl":"https:\/\/dementsus.ee\/wp-content\/uploads\/2023\/07\/ED_logo_kodukale.svg","caption":"Dementsuse Kompetentsikeskus"},"image":{"@id":"https:\/\/dementsus.ee\/en\/#\/schema\/logo\/image\/"}},{"@type":"Person","@id":"https:\/\/dementsus.ee\/en\/#\/schema\/person\/dd93d64f20e6c5add626937f6b5931ed","name":"Kermo","image":{"@type":"ImageObject","inLanguage":"en-US","@id":"https:\/\/dementsus.ee\/en\/#\/schema\/person\/image\/","url":"https:\/\/secure.gravatar.com\/avatar\/b2f0128e9063b66b5c6e595d8f4c39037d52f729089f1ad5afc34656e1d58a64?s=96&d=mm&r=g","contentUrl":"https:\/\/secure.gravatar.com\/avatar\/b2f0128e9063b66b5c6e595d8f4c39037d52f729089f1ad5afc34656e1d58a64?s=96&d=mm&r=g","caption":"Kermo"},"url":"https:\/\/dementsus.ee\/en\/author\/kermo\/"}]}},"_links":{"self":[{"href":"https:\/\/dementsus.ee\/en\/wp-json\/wp\/v2\/posts\/1871","targetHints":{"allow":["GET"]}}],"collection":[{"href":"https:\/\/dementsus.ee\/en\/wp-json\/wp\/v2\/posts"}],"about":[{"href":"https:\/\/dementsus.ee\/en\/wp-json\/wp\/v2\/types\/post"}],"author":[{"embeddable":true,"href":"https:\/\/dementsus.ee\/en\/wp-json\/wp\/v2\/users\/2"}],"replies":[{"embeddable":true,"href":"https:\/\/dementsus.ee\/en\/wp-json\/wp\/v2\/comments?post=1871"}],"version-history":[{"count":0,"href":"https:\/\/dementsus.ee\/en\/wp-json\/wp\/v2\/posts\/1871\/revisions"}],"wp:featuredmedia":[{"embeddable":true,"href":"https:\/\/dementsus.ee\/en\/wp-json\/wp\/v2\/media\/1873"}],"wp:attachment":[{"href":"https:\/\/dementsus.ee\/en\/wp-json\/wp\/v2\/media?parent=1871"}],"wp:term":[{"taxonomy":"category","embeddable":true,"href":"https:\/\/dementsus.ee\/en\/wp-json\/wp\/v2\/categories?post=1871"},{"taxonomy":"post_tag","embeddable":true,"href":"https:\/\/dementsus.ee\/en\/wp-json\/wp\/v2\/tags?post=1871"},{"taxonomy":"autor","embeddable":true,"href":"https:\/\/dementsus.ee\/en\/wp-json\/wp\/v2\/autor?post=1871"}],"curies":[{"name":"wp","href":"https:\/\/api.w.org\/{rel}","templated":true}]}}