{"id":19112,"date":"2025-02-03T16:38:33","date_gmt":"2025-02-03T14:38:33","guid":{"rendered":"https:\/\/dementsus.ee\/?p=19112"},"modified":"2025-02-03T17:14:33","modified_gmt":"2025-02-03T15:14:33","slug":"kosel-avati-uus-dementsusega-inimeste-lahedaste-tugigrupp","status":"publish","type":"post","link":"https:\/\/dementsus.ee\/en\/kosel-avati-uus-dementsusega-inimeste-lahedaste-tugigrupp\/","title":{"rendered":"Kosel avati uus dementsusega inimeste l\u00e4hedaste tugigrupp"},"content":{"rendered":"<div>\n<p><a href=\"https:\/\/dementsus.ee\/wp-content\/uploads\/2025\/02\/kose2.jpg\"><img fetchpriority=\"high\" decoding=\"async\" class=\"alignright wp-image-19124 \" src=\"https:\/\/dementsus.ee\/wp-content\/uploads\/2025\/02\/kose2-300x134.jpg\" alt=\"\" width=\"580\" height=\"259\" data-wp-editing=\"1\" srcset=\"https:\/\/dementsus.ee\/wp-content\/uploads\/2025\/02\/kose2-300x134.jpg 300w, https:\/\/dementsus.ee\/wp-content\/uploads\/2025\/02\/kose2-1024x456.jpg 1024w, https:\/\/dementsus.ee\/wp-content\/uploads\/2025\/02\/kose2-768x342.jpg 768w, https:\/\/dementsus.ee\/wp-content\/uploads\/2025\/02\/kose2-600x267.jpg 600w, https:\/\/dementsus.ee\/wp-content\/uploads\/2025\/02\/kose2.jpg 1285w\" sizes=\"(max-width: 580px) 100vw, 580px\" \/><\/a><\/p>\n<p class=\"x_MsoNormal\">30. jaanuaril avati Kosel uus dementsusega inimeste l\u00e4hedaste tugigrupp. Dementsuse Kompetentsikeskuse tugiv\u00f5rgustikku kuulub n\u00fc\u00fcd <strong>kokku 28 kohapealset ja 3 virtuaalset tugigruppi<\/strong>, mis pakuvad turvalist ja toetavat keskkonda l\u00e4hedastele. Need tugigrupid annavad v\u00f5imaluse jagada kogemusi, saada m\u00f5istmist ning leida praktilisi lahendusi igap\u00e4evastele v\u00e4ljakutsetele. Tugigrupi kohtumised on konfidentsiaalsed ning osalemine tasuta. <strong>Kose tugigruppi hakkavad juhtima Merike Pihla ja Tiina Purgas.<\/strong><\/p>\n<\/div>\n<div>\n<p class=\"x_MsoNormal\">Tugigrupi avamise puhul korraldati seminar teemal &#8220;Dementsus \u2013 mida see t\u00e4hendab ja kuidas saame toetada?&#8221;, kus osales kokku 35 huvilist. Seminar t\u00f5i kokku dementsusega inimeste l\u00e4hedased, sotsiaalt\u00f6\u00f6tajad, tervishoiut\u00f6\u00f6tajad ning teised valdkonna spetsialistid.<\/p>\n<\/div>\n<div>\n<p class=\"x_MsoNormal\">Seminaril r\u00e4\u00e4giti dementsuse s\u00fcmptomitest ja toimetuleku toetamisest, aidates osalejatel m\u00f5ista, kuidas igap\u00e4evaelus dementsusega inimest toetada. Lisaks tutvustati Dementsuse Kompetentsikeskuse teenuseid ning selgitati, millist abi ja tuge on v\u00f5imalik saada. Samuti anti \u00fclevaade Kose valla sotsiaalteenustest ja sellest, millised kohaliku tasandi v\u00f5imalused on olemas l\u00e4hedaste toetamiseks.<\/p>\n<\/div>\n<div>\n<p class=\"x_MsoNormal\">Lisaks jagati seminaril ka\u00a0 infomaterjale, et toetada l\u00e4hedasi nende hooldusrollis ning aidata neil paremini m\u00f5ista dementsusega seotud v\u00e4ljakutseid.<\/p>\n<\/div>\n<div>\n<p class=\"x_MsoNormal\">T\u00e4name k\u00f5iki osalejaid ja korraldajaid kes andsid oma panuse uue tugigrupi loomisse. Lisainfot tugigrupi kohtumiste kohta leiab Dementsuse Kompetentsikeskuse kodulehelt www.dementsus.ee<\/p>\n<p data-pm-slice=\"1 1 []\"><strong>Tulekul s\u00fcndmused Kosel:<\/strong> \u00a0<strong>17. veebruar kell 14.00<\/strong> \u2013 <em>M\u00e4lukohvik<\/em> koost\u00f6\u00f6s MT\u00dc-ga Looja. <strong>Teema:<\/strong> <em>Heli L\u00e4\u00e4tse m\u00e4lestuste laegas<\/em> \u2013 <a href=\"https:\/\/dementsus.ee\/sundmused\/uus-malukohvik-kosel-teema-heli-laatse-malestuste-laegas\/\">Rohkem infot<\/a><\/p>\n<p data-pm-slice=\"1 1 []\"><strong>13. m\u00e4rts kell 14.00<\/strong> \u2013 <em>M\u00e4lukohvik<\/em>, <strong>teema:<\/strong> <em>Muuseum tuleb k\u00fclla<\/em> \u2013 <a href=\"https:\/\/dementsus.ee\/sundmused\/malukohvik-kosel-teema-muuseum-tuleb-kulla\/\">Rohkem infot<\/a><\/p>\n<p data-pm-slice=\"1 1 []\"><strong>13. m\u00e4rts kell 16.30<\/strong> \u2013 <em>Dementsusega inimeste l\u00e4hedaste tugigrupp<\/em>. <a href=\"https:\/\/dementsus.ee\/sundmused\/dementsusega-inimeste-lahedaste-tugigrupp-kosel\/\">Rohkem infot<\/a><\/p>\n<p>Ootame k\u00f5iki huvilisi osalema ja \u00fcheskoos toetavat v\u00f5rgustikku looma!<\/p>\n<\/div>\n","protected":false},"excerpt":{"rendered":"<p>30. jaanuaril avati Kosel uus dementsusega inimeste l\u00e4hedaste tugigrupp. Dementsuse Kompetentsikeskuse tugiv\u00f5rgustikku kuulub n\u00fc\u00fcd kokku 28 kohapealset ja 3 virtuaalset tugigruppi, mis pakuvad turvalist ja toetavat keskkonda l\u00e4hedastele. Need tugigrupid annavad v\u00f5imaluse jagada kogemusi, saada m\u00f5istmist ning leida praktilisi lahendusi igap\u00e4evastele v\u00e4ljakutsetele. Tugigrupi kohtumised on konfidentsiaalsed ning osalemine tasuta. Kose tugigruppi hakkavad juhtima Merike Pihla [&hellip;]<\/p>\n","protected":false},"author":15,"featured_media":19124,"comment_status":"closed","ping_status":"closed","sticky":false,"template":"","format":"standard","meta":{"footnotes":""},"categories":[1],"tags":[],"autor":[],"class_list":["post-19112","post","type-post","status-publish","format-standard","has-post-thumbnail","hentry","category-maaratlemata"],"yoast_head":"<!-- This site is optimized with the Yoast SEO plugin v26.2 - https:\/\/yoast.com\/wordpress\/plugins\/seo\/ -->\n<title>Kosel avati uus dementsusega inimeste l\u00e4hedaste tugigrupp - Dementsuse Kompetentsikeskus<\/title>\n<meta name=\"robots\" content=\"index, follow, max-snippet:-1, max-image-preview:large, max-video-preview:-1\" \/>\n<link rel=\"canonical\" href=\"https:\/\/dementsus.ee\/en\/kosel-avati-uus-dementsusega-inimeste-lahedaste-tugigrupp\/\" \/>\n<meta property=\"og:locale\" content=\"en_US\" \/>\n<meta property=\"og:type\" content=\"article\" \/>\n<meta property=\"og:title\" content=\"Kosel avati uus dementsusega inimeste l\u00e4hedaste tugigrupp - Dementsuse Kompetentsikeskus\" \/>\n<meta property=\"og:description\" content=\"30. jaanuaril avati Kosel uus dementsusega inimeste l\u00e4hedaste tugigrupp. Dementsuse Kompetentsikeskuse tugiv\u00f5rgustikku kuulub n\u00fc\u00fcd kokku 28 kohapealset ja 3 virtuaalset tugigruppi, mis pakuvad turvalist ja toetavat keskkonda l\u00e4hedastele. Need tugigrupid annavad v\u00f5imaluse jagada kogemusi, saada m\u00f5istmist ning leida praktilisi lahendusi igap\u00e4evastele v\u00e4ljakutsetele. Tugigrupi kohtumised on konfidentsiaalsed ning osalemine tasuta. Kose tugigruppi hakkavad juhtima Merike Pihla [&hellip;]\" \/>\n<meta property=\"og:url\" content=\"https:\/\/dementsus.ee\/en\/kosel-avati-uus-dementsusega-inimeste-lahedaste-tugigrupp\/\" \/>\n<meta property=\"og:site_name\" content=\"Dementsuse Kompetentsikeskus\" \/>\n<meta property=\"article:published_time\" content=\"2025-02-03T14:38:33+00:00\" \/>\n<meta property=\"article:modified_time\" content=\"2025-02-03T15:14:33+00:00\" \/>\n<meta property=\"og:image\" content=\"https:\/\/dementsus.ee\/wp-content\/uploads\/2025\/02\/kose2.jpg\" \/>\n\t<meta property=\"og:image:width\" content=\"1285\" \/>\n\t<meta property=\"og:image:height\" content=\"572\" \/>\n\t<meta property=\"og:image:type\" content=\"image\/jpeg\" \/>\n<meta name=\"author\" content=\"Ragne Heiste\" \/>\n<meta name=\"twitter:card\" content=\"summary_large_image\" \/>\n<meta name=\"twitter:label1\" content=\"Written by\" \/>\n\t<meta name=\"twitter:data1\" content=\"Ragne Heiste\" \/>\n\t<meta name=\"twitter:label2\" content=\"Est. reading time\" \/>\n\t<meta name=\"twitter:data2\" content=\"2 minutes\" \/>\n<script type=\"application\/ld+json\" class=\"yoast-schema-graph\">{\"@context\":\"https:\/\/schema.org\",\"@graph\":[{\"@type\":\"Article\",\"@id\":\"https:\/\/dementsus.ee\/en\/kosel-avati-uus-dementsusega-inimeste-lahedaste-tugigrupp\/#article\",\"isPartOf\":{\"@id\":\"https:\/\/dementsus.ee\/en\/kosel-avati-uus-dementsusega-inimeste-lahedaste-tugigrupp\/\"},\"author\":{\"name\":\"Ragne Heiste\",\"@id\":\"https:\/\/dementsus.ee\/en\/#\/schema\/person\/b61d220dad79260c276ba4eebc900400\"},\"headline\":\"Kosel avati uus dementsusega inimeste l\u00e4hedaste tugigrupp\",\"datePublished\":\"2025-02-03T14:38:33+00:00\",\"dateModified\":\"2025-02-03T15:14:33+00:00\",\"mainEntityOfPage\":{\"@id\":\"https:\/\/dementsus.ee\/en\/kosel-avati-uus-dementsusega-inimeste-lahedaste-tugigrupp\/\"},\"wordCount\":259,\"publisher\":{\"@id\":\"https:\/\/dementsus.ee\/en\/#organization\"},\"image\":{\"@id\":\"https:\/\/dementsus.ee\/en\/kosel-avati-uus-dementsusega-inimeste-lahedaste-tugigrupp\/#primaryimage\"},\"thumbnailUrl\":\"https:\/\/dementsus.ee\/wp-content\/uploads\/2025\/02\/kose2.jpg\",\"articleSection\":[\"M\u00e4\u00e4ratlemata\"],\"inLanguage\":\"en-US\"},{\"@type\":\"WebPage\",\"@id\":\"https:\/\/dementsus.ee\/en\/kosel-avati-uus-dementsusega-inimeste-lahedaste-tugigrupp\/\",\"url\":\"https:\/\/dementsus.ee\/en\/kosel-avati-uus-dementsusega-inimeste-lahedaste-tugigrupp\/\",\"name\":\"Kosel avati uus dementsusega inimeste l\u00e4hedaste tugigrupp - Dementsuse Kompetentsikeskus\",\"isPartOf\":{\"@id\":\"https:\/\/dementsus.ee\/en\/#website\"},\"primaryImageOfPage\":{\"@id\":\"https:\/\/dementsus.ee\/en\/kosel-avati-uus-dementsusega-inimeste-lahedaste-tugigrupp\/#primaryimage\"},\"image\":{\"@id\":\"https:\/\/dementsus.ee\/en\/kosel-avati-uus-dementsusega-inimeste-lahedaste-tugigrupp\/#primaryimage\"},\"thumbnailUrl\":\"https:\/\/dementsus.ee\/wp-content\/uploads\/2025\/02\/kose2.jpg\",\"datePublished\":\"2025-02-03T14:38:33+00:00\",\"dateModified\":\"2025-02-03T15:14:33+00:00\",\"breadcrumb\":{\"@id\":\"https:\/\/dementsus.ee\/en\/kosel-avati-uus-dementsusega-inimeste-lahedaste-tugigrupp\/#breadcrumb\"},\"inLanguage\":\"en-US\",\"potentialAction\":[{\"@type\":\"ReadAction\",\"target\":[\"https:\/\/dementsus.ee\/en\/kosel-avati-uus-dementsusega-inimeste-lahedaste-tugigrupp\/\"]}]},{\"@type\":\"ImageObject\",\"inLanguage\":\"en-US\",\"@id\":\"https:\/\/dementsus.ee\/en\/kosel-avati-uus-dementsusega-inimeste-lahedaste-tugigrupp\/#primaryimage\",\"url\":\"https:\/\/dementsus.ee\/wp-content\/uploads\/2025\/02\/kose2.jpg\",\"contentUrl\":\"https:\/\/dementsus.ee\/wp-content\/uploads\/2025\/02\/kose2.jpg\",\"width\":1285,\"height\":572},{\"@type\":\"BreadcrumbList\",\"@id\":\"https:\/\/dementsus.ee\/en\/kosel-avati-uus-dementsusega-inimeste-lahedaste-tugigrupp\/#breadcrumb\",\"itemListElement\":[{\"@type\":\"ListItem\",\"position\":1,\"name\":\"Esileht\",\"item\":\"https:\/\/dementsus.ee\/en\/\"},{\"@type\":\"ListItem\",\"position\":2,\"name\":\"Kosel avati uus dementsusega inimeste l\u00e4hedaste tugigrupp\"}]},{\"@type\":\"WebSite\",\"@id\":\"https:\/\/dementsus.ee\/en\/#website\",\"url\":\"https:\/\/dementsus.ee\/en\/\",\"name\":\"Dementsuse Kompetentsikeskus\",\"description\":\"dementsuse info ja abi\",\"publisher\":{\"@id\":\"https:\/\/dementsus.ee\/en\/#organization\"},\"potentialAction\":[{\"@type\":\"SearchAction\",\"target\":{\"@type\":\"EntryPoint\",\"urlTemplate\":\"https:\/\/dementsus.ee\/en\/?s={search_term_string}\"},\"query-input\":{\"@type\":\"PropertyValueSpecification\",\"valueRequired\":true,\"valueName\":\"search_term_string\"}}],\"inLanguage\":\"en-US\"},{\"@type\":\"Organization\",\"@id\":\"https:\/\/dementsus.ee\/en\/#organization\",\"name\":\"Dementsuse Kompetentsikeskus\",\"url\":\"https:\/\/dementsus.ee\/en\/\",\"logo\":{\"@type\":\"ImageObject\",\"inLanguage\":\"en-US\",\"@id\":\"https:\/\/dementsus.ee\/en\/#\/schema\/logo\/image\/\",\"url\":\"https:\/\/dementsus.ee\/wp-content\/uploads\/2023\/07\/ED_logo_kodukale.svg\",\"contentUrl\":\"https:\/\/dementsus.ee\/wp-content\/uploads\/2023\/07\/ED_logo_kodukale.svg\",\"caption\":\"Dementsuse Kompetentsikeskus\"},\"image\":{\"@id\":\"https:\/\/dementsus.ee\/en\/#\/schema\/logo\/image\/\"}},{\"@type\":\"Person\",\"@id\":\"https:\/\/dementsus.ee\/en\/#\/schema\/person\/b61d220dad79260c276ba4eebc900400\",\"name\":\"Ragne Heiste\",\"image\":{\"@type\":\"ImageObject\",\"inLanguage\":\"en-US\",\"@id\":\"https:\/\/dementsus.ee\/en\/#\/schema\/person\/image\/\",\"url\":\"https:\/\/secure.gravatar.com\/avatar\/7cde9a72bac2fd9241de2d3854317c9226c6b434c5441cf82bfcef7aeed94442?s=96&d=mm&r=g\",\"contentUrl\":\"https:\/\/secure.gravatar.com\/avatar\/7cde9a72bac2fd9241de2d3854317c9226c6b434c5441cf82bfcef7aeed94442?s=96&d=mm&r=g\",\"caption\":\"Ragne Heiste\"},\"url\":\"https:\/\/dementsus.ee\/en\/author\/ragne\/\"}]}<\/script>\n<!-- \/ Yoast SEO plugin. -->","yoast_head_json":{"title":"Kosel avati uus dementsusega inimeste l\u00e4hedaste tugigrupp - Dementsuse Kompetentsikeskus","robots":{"index":"index","follow":"follow","max-snippet":"max-snippet:-1","max-image-preview":"max-image-preview:large","max-video-preview":"max-video-preview:-1"},"canonical":"https:\/\/dementsus.ee\/en\/kosel-avati-uus-dementsusega-inimeste-lahedaste-tugigrupp\/","og_locale":"en_US","og_type":"article","og_title":"Kosel avati uus dementsusega inimeste l\u00e4hedaste tugigrupp - Dementsuse Kompetentsikeskus","og_description":"30. jaanuaril avati Kosel uus dementsusega inimeste l\u00e4hedaste tugigrupp. Dementsuse Kompetentsikeskuse tugiv\u00f5rgustikku kuulub n\u00fc\u00fcd kokku 28 kohapealset ja 3 virtuaalset tugigruppi, mis pakuvad turvalist ja toetavat keskkonda l\u00e4hedastele. Need tugigrupid annavad v\u00f5imaluse jagada kogemusi, saada m\u00f5istmist ning leida praktilisi lahendusi igap\u00e4evastele v\u00e4ljakutsetele. Tugigrupi kohtumised on konfidentsiaalsed ning osalemine tasuta. Kose tugigruppi hakkavad juhtima Merike Pihla [&hellip;]","og_url":"https:\/\/dementsus.ee\/en\/kosel-avati-uus-dementsusega-inimeste-lahedaste-tugigrupp\/","og_site_name":"Dementsuse Kompetentsikeskus","article_published_time":"2025-02-03T14:38:33+00:00","article_modified_time":"2025-02-03T15:14:33+00:00","og_image":[{"width":1285,"height":572,"url":"https:\/\/dementsus.ee\/wp-content\/uploads\/2025\/02\/kose2.jpg","type":"image\/jpeg"}],"author":"Ragne Heiste","twitter_card":"summary_large_image","twitter_misc":{"Written by":"Ragne Heiste","Est. reading time":"2 minutes"},"schema":{"@context":"https:\/\/schema.org","@graph":[{"@type":"Article","@id":"https:\/\/dementsus.ee\/en\/kosel-avati-uus-dementsusega-inimeste-lahedaste-tugigrupp\/#article","isPartOf":{"@id":"https:\/\/dementsus.ee\/en\/kosel-avati-uus-dementsusega-inimeste-lahedaste-tugigrupp\/"},"author":{"name":"Ragne Heiste","@id":"https:\/\/dementsus.ee\/en\/#\/schema\/person\/b61d220dad79260c276ba4eebc900400"},"headline":"Kosel avati uus dementsusega inimeste l\u00e4hedaste tugigrupp","datePublished":"2025-02-03T14:38:33+00:00","dateModified":"2025-02-03T15:14:33+00:00","mainEntityOfPage":{"@id":"https:\/\/dementsus.ee\/en\/kosel-avati-uus-dementsusega-inimeste-lahedaste-tugigrupp\/"},"wordCount":259,"publisher":{"@id":"https:\/\/dementsus.ee\/en\/#organization"},"image":{"@id":"https:\/\/dementsus.ee\/en\/kosel-avati-uus-dementsusega-inimeste-lahedaste-tugigrupp\/#primaryimage"},"thumbnailUrl":"https:\/\/dementsus.ee\/wp-content\/uploads\/2025\/02\/kose2.jpg","articleSection":["M\u00e4\u00e4ratlemata"],"inLanguage":"en-US"},{"@type":"WebPage","@id":"https:\/\/dementsus.ee\/en\/kosel-avati-uus-dementsusega-inimeste-lahedaste-tugigrupp\/","url":"https:\/\/dementsus.ee\/en\/kosel-avati-uus-dementsusega-inimeste-lahedaste-tugigrupp\/","name":"Kosel avati uus dementsusega inimeste l\u00e4hedaste tugigrupp - Dementsuse Kompetentsikeskus","isPartOf":{"@id":"https:\/\/dementsus.ee\/en\/#website"},"primaryImageOfPage":{"@id":"https:\/\/dementsus.ee\/en\/kosel-avati-uus-dementsusega-inimeste-lahedaste-tugigrupp\/#primaryimage"},"image":{"@id":"https:\/\/dementsus.ee\/en\/kosel-avati-uus-dementsusega-inimeste-lahedaste-tugigrupp\/#primaryimage"},"thumbnailUrl":"https:\/\/dementsus.ee\/wp-content\/uploads\/2025\/02\/kose2.jpg","datePublished":"2025-02-03T14:38:33+00:00","dateModified":"2025-02-03T15:14:33+00:00","breadcrumb":{"@id":"https:\/\/dementsus.ee\/en\/kosel-avati-uus-dementsusega-inimeste-lahedaste-tugigrupp\/#breadcrumb"},"inLanguage":"en-US","potentialAction":[{"@type":"ReadAction","target":["https:\/\/dementsus.ee\/en\/kosel-avati-uus-dementsusega-inimeste-lahedaste-tugigrupp\/"]}]},{"@type":"ImageObject","inLanguage":"en-US","@id":"https:\/\/dementsus.ee\/en\/kosel-avati-uus-dementsusega-inimeste-lahedaste-tugigrupp\/#primaryimage","url":"https:\/\/dementsus.ee\/wp-content\/uploads\/2025\/02\/kose2.jpg","contentUrl":"https:\/\/dementsus.ee\/wp-content\/uploads\/2025\/02\/kose2.jpg","width":1285,"height":572},{"@type":"BreadcrumbList","@id":"https:\/\/dementsus.ee\/en\/kosel-avati-uus-dementsusega-inimeste-lahedaste-tugigrupp\/#breadcrumb","itemListElement":[{"@type":"ListItem","position":1,"name":"Esileht","item":"https:\/\/dementsus.ee\/en\/"},{"@type":"ListItem","position":2,"name":"Kosel avati uus dementsusega inimeste l\u00e4hedaste tugigrupp"}]},{"@type":"WebSite","@id":"https:\/\/dementsus.ee\/en\/#website","url":"https:\/\/dementsus.ee\/en\/","name":"Dementsuse Kompetentsikeskus","description":"dementsuse info ja abi","publisher":{"@id":"https:\/\/dementsus.ee\/en\/#organization"},"potentialAction":[{"@type":"SearchAction","target":{"@type":"EntryPoint","urlTemplate":"https:\/\/dementsus.ee\/en\/?s={search_term_string}"},"query-input":{"@type":"PropertyValueSpecification","valueRequired":true,"valueName":"search_term_string"}}],"inLanguage":"en-US"},{"@type":"Organization","@id":"https:\/\/dementsus.ee\/en\/#organization","name":"Dementsuse Kompetentsikeskus","url":"https:\/\/dementsus.ee\/en\/","logo":{"@type":"ImageObject","inLanguage":"en-US","@id":"https:\/\/dementsus.ee\/en\/#\/schema\/logo\/image\/","url":"https:\/\/dementsus.ee\/wp-content\/uploads\/2023\/07\/ED_logo_kodukale.svg","contentUrl":"https:\/\/dementsus.ee\/wp-content\/uploads\/2023\/07\/ED_logo_kodukale.svg","caption":"Dementsuse Kompetentsikeskus"},"image":{"@id":"https:\/\/dementsus.ee\/en\/#\/schema\/logo\/image\/"}},{"@type":"Person","@id":"https:\/\/dementsus.ee\/en\/#\/schema\/person\/b61d220dad79260c276ba4eebc900400","name":"Ragne Heiste","image":{"@type":"ImageObject","inLanguage":"en-US","@id":"https:\/\/dementsus.ee\/en\/#\/schema\/person\/image\/","url":"https:\/\/secure.gravatar.com\/avatar\/7cde9a72bac2fd9241de2d3854317c9226c6b434c5441cf82bfcef7aeed94442?s=96&d=mm&r=g","contentUrl":"https:\/\/secure.gravatar.com\/avatar\/7cde9a72bac2fd9241de2d3854317c9226c6b434c5441cf82bfcef7aeed94442?s=96&d=mm&r=g","caption":"Ragne Heiste"},"url":"https:\/\/dementsus.ee\/en\/author\/ragne\/"}]}},"_links":{"self":[{"href":"https:\/\/dementsus.ee\/en\/wp-json\/wp\/v2\/posts\/19112","targetHints":{"allow":["GET"]}}],"collection":[{"href":"https:\/\/dementsus.ee\/en\/wp-json\/wp\/v2\/posts"}],"about":[{"href":"https:\/\/dementsus.ee\/en\/wp-json\/wp\/v2\/types\/post"}],"author":[{"embeddable":true,"href":"https:\/\/dementsus.ee\/en\/wp-json\/wp\/v2\/users\/15"}],"replies":[{"embeddable":true,"href":"https:\/\/dementsus.ee\/en\/wp-json\/wp\/v2\/comments?post=19112"}],"version-history":[{"count":5,"href":"https:\/\/dementsus.ee\/en\/wp-json\/wp\/v2\/posts\/19112\/revisions"}],"predecessor-version":[{"id":19137,"href":"https:\/\/dementsus.ee\/en\/wp-json\/wp\/v2\/posts\/19112\/revisions\/19137"}],"wp:featuredmedia":[{"embeddable":true,"href":"https:\/\/dementsus.ee\/en\/wp-json\/wp\/v2\/media\/19124"}],"wp:attachment":[{"href":"https:\/\/dementsus.ee\/en\/wp-json\/wp\/v2\/media?parent=19112"}],"wp:term":[{"taxonomy":"category","embeddable":true,"href":"https:\/\/dementsus.ee\/en\/wp-json\/wp\/v2\/categories?post=19112"},{"taxonomy":"post_tag","embeddable":true,"href":"https:\/\/dementsus.ee\/en\/wp-json\/wp\/v2\/tags?post=19112"},{"taxonomy":"autor","embeddable":true,"href":"https:\/\/dementsus.ee\/en\/wp-json\/wp\/v2\/autor?post=19112"}],"curies":[{"name":"wp","href":"https:\/\/api.w.org\/{rel}","templated":true}]}}