{"id":20976,"date":"2026-03-17T16:31:06","date_gmt":"2026-03-17T14:31:06","guid":{"rendered":"https:\/\/dementsus.ee\/?p=20976"},"modified":"2026-03-17T16:31:45","modified_gmt":"2026-03-17T14:31:45","slug":"dementsuse-kompetentsikeskus-rahvusvahelises-nordplusi-koostooprojektis","status":"publish","type":"post","link":"https:\/\/dementsus.ee\/en\/dementsuse-kompetentsikeskus-rahvusvahelises-nordplusi-koostooprojektis\/","title":{"rendered":"Dementsuse Kompetentsikeskus rahvusvahelises Nordplusi koost\u00f6\u00f6projektis"},"content":{"rendered":"<p><img fetchpriority=\"high\" decoding=\"async\" class=\"wp-image-20977 alignright\" src=\"https:\/\/dementsus.ee\/wp-content\/uploads\/2026\/03\/19-scaled.jpg\" alt=\"https:\/\/failiem.lv\/\" width=\"451\" height=\"339\" srcset=\"https:\/\/dementsus.ee\/wp-content\/uploads\/2026\/03\/19-scaled.jpg 2560w, https:\/\/dementsus.ee\/wp-content\/uploads\/2026\/03\/19-300x225.jpg 300w, https:\/\/dementsus.ee\/wp-content\/uploads\/2026\/03\/19-1024x768.jpg 1024w, https:\/\/dementsus.ee\/wp-content\/uploads\/2026\/03\/19-768x576.jpg 768w, https:\/\/dementsus.ee\/wp-content\/uploads\/2026\/03\/19-1536x1152.jpg 1536w, https:\/\/dementsus.ee\/wp-content\/uploads\/2026\/03\/19-2048x1536.jpg 2048w, https:\/\/dementsus.ee\/wp-content\/uploads\/2026\/03\/19-600x450.jpg 600w\" sizes=\"(max-width: 451px) 100vw, 451px\" \/><\/p>\n<div dir=\"auto\">Dementsuse Kompetentsikeskus osaleb 1,5 aasta kestvas Nordpus projektis, kus kolleegidega L\u00e4tist ja Leedust tehakse koost\u00f6\u00f6d ja jagatakse kogemusi. L\u00e4ti eestvedamisel kuid ka meie \u00fchisel j\u00f5ul toimus 5. m\u00e4rtsil rahvusvaheline dementsuse konverents, kus osales 1200 inimest. Informatsioon levis rahvustelevisioonis ja ka kohapeal oli meedia, poliitikud ja \u00f5iguskantsler ja palju teisi. Nordplusi projekti raames saame tugevdada rahvusvahelist koost\u00f6\u00f6d ja s\u00f5prussuhteid ja laiendada dementsusealast kompetentsiv\u00f5rgustikku.<\/div>\n<div dir=\"auto\">Eesti tugigrupis\u00fcsteem \u00e4ratas j\u00e4tkuvalt palju huvi \u2013 selle taga on aastatepikkune vabatahtlike panus, koost\u00f6\u00f6 ning hoolimine dementsusega inimeste ja nende perede vastu. Koos naabritega on energiat seda t\u00f6\u00f6d edasi teha veelgi rohkem.<\/div>\n","protected":false},"excerpt":{"rendered":"<p>Dementsuse Kompetentsikeskus osaleb 1,5 aasta kestvas Nordpus projektis, kus kolleegidega L\u00e4tist ja Leedust tehakse koost\u00f6\u00f6d ja jagatakse kogemusi. L\u00e4ti eestvedamisel kuid ka meie \u00fchisel j\u00f5ul toimus 5. m\u00e4rtsil rahvusvaheline dementsuse konverents, kus osales 1200 inimest. Informatsioon levis rahvustelevisioonis ja ka kohapeal oli meedia, poliitikud ja \u00f5iguskantsler ja palju teisi. Nordplusi projekti raames saame tugevdada rahvusvahelist [&hellip;]<\/p>\n","protected":false},"author":15,"featured_media":20977,"comment_status":"closed","ping_status":"closed","sticky":false,"template":"","format":"standard","meta":{"footnotes":""},"categories":[1],"tags":[],"autor":[],"class_list":["post-20976","post","type-post","status-publish","format-standard","has-post-thumbnail","hentry","category-maaratlemata"],"yoast_head":"<!-- This site is optimized with the Yoast SEO plugin v26.2 - https:\/\/yoast.com\/wordpress\/plugins\/seo\/ -->\n<title>Dementsuse Kompetentsikeskus rahvusvahelises Nordplusi koost\u00f6\u00f6projektis - Dementsuse Kompetentsikeskus<\/title>\n<meta name=\"robots\" content=\"index, follow, max-snippet:-1, max-image-preview:large, max-video-preview:-1\" \/>\n<link rel=\"canonical\" href=\"https:\/\/dementsus.ee\/en\/dementsuse-kompetentsikeskus-rahvusvahelises-nordplusi-koostooprojektis\/\" \/>\n<meta property=\"og:locale\" content=\"en_US\" \/>\n<meta property=\"og:type\" content=\"article\" \/>\n<meta property=\"og:title\" content=\"Dementsuse Kompetentsikeskus rahvusvahelises Nordplusi koost\u00f6\u00f6projektis - Dementsuse Kompetentsikeskus\" \/>\n<meta property=\"og:description\" content=\"Dementsuse Kompetentsikeskus osaleb 1,5 aasta kestvas Nordpus projektis, kus kolleegidega L\u00e4tist ja Leedust tehakse koost\u00f6\u00f6d ja jagatakse kogemusi.\" \/>\n<meta property=\"og:url\" content=\"https:\/\/dementsus.ee\/en\/dementsuse-kompetentsikeskus-rahvusvahelises-nordplusi-koostooprojektis\/\" \/>\n<meta property=\"og:site_name\" content=\"Dementsuse Kompetentsikeskus\" \/>\n<meta property=\"article:published_time\" content=\"2026-03-17T14:31:06+00:00\" \/>\n<meta property=\"article:modified_time\" content=\"2026-03-17T14:31:45+00:00\" \/>\n<meta property=\"og:image\" content=\"https:\/\/dementsus.ee\/wp-content\/uploads\/2026\/03\/19-scaled.jpg\" \/>\n\t<meta property=\"og:image:width\" content=\"2560\" \/>\n\t<meta property=\"og:image:height\" content=\"1920\" \/>\n\t<meta property=\"og:image:type\" content=\"image\/jpeg\" \/>\n<meta name=\"author\" content=\"Ragne Heiste\" \/>\n<meta name=\"twitter:card\" content=\"summary_large_image\" \/>\n<meta name=\"twitter:label1\" content=\"Written by\" \/>\n\t<meta name=\"twitter:data1\" content=\"Ragne Heiste\" \/>\n\t<meta name=\"twitter:label2\" content=\"Est. reading time\" \/>\n\t<meta name=\"twitter:data2\" content=\"1 minute\" \/>\n<script type=\"application\/ld+json\" class=\"yoast-schema-graph\">{\"@context\":\"https:\/\/schema.org\",\"@graph\":[{\"@type\":\"Article\",\"@id\":\"https:\/\/dementsus.ee\/en\/dementsuse-kompetentsikeskus-rahvusvahelises-nordplusi-koostooprojektis\/#article\",\"isPartOf\":{\"@id\":\"https:\/\/dementsus.ee\/en\/dementsuse-kompetentsikeskus-rahvusvahelises-nordplusi-koostooprojektis\/\"},\"author\":{\"name\":\"Ragne Heiste\",\"@id\":\"https:\/\/dementsus.ee\/en\/#\/schema\/person\/b61d220dad79260c276ba4eebc900400\"},\"headline\":\"Dementsuse Kompetentsikeskus rahvusvahelises Nordplusi koost\u00f6\u00f6projektis\",\"datePublished\":\"2026-03-17T14:31:06+00:00\",\"dateModified\":\"2026-03-17T14:31:45+00:00\",\"mainEntityOfPage\":{\"@id\":\"https:\/\/dementsus.ee\/en\/dementsuse-kompetentsikeskus-rahvusvahelises-nordplusi-koostooprojektis\/\"},\"wordCount\":107,\"publisher\":{\"@id\":\"https:\/\/dementsus.ee\/en\/#organization\"},\"image\":{\"@id\":\"https:\/\/dementsus.ee\/en\/dementsuse-kompetentsikeskus-rahvusvahelises-nordplusi-koostooprojektis\/#primaryimage\"},\"thumbnailUrl\":\"https:\/\/dementsus.ee\/wp-content\/uploads\/2026\/03\/19-scaled.jpg\",\"articleSection\":[\"M\u00e4\u00e4ratlemata\"],\"inLanguage\":\"en-US\"},{\"@type\":\"WebPage\",\"@id\":\"https:\/\/dementsus.ee\/en\/dementsuse-kompetentsikeskus-rahvusvahelises-nordplusi-koostooprojektis\/\",\"url\":\"https:\/\/dementsus.ee\/en\/dementsuse-kompetentsikeskus-rahvusvahelises-nordplusi-koostooprojektis\/\",\"name\":\"Dementsuse Kompetentsikeskus rahvusvahelises Nordplusi koost\u00f6\u00f6projektis - Dementsuse Kompetentsikeskus\",\"isPartOf\":{\"@id\":\"https:\/\/dementsus.ee\/en\/#website\"},\"primaryImageOfPage\":{\"@id\":\"https:\/\/dementsus.ee\/en\/dementsuse-kompetentsikeskus-rahvusvahelises-nordplusi-koostooprojektis\/#primaryimage\"},\"image\":{\"@id\":\"https:\/\/dementsus.ee\/en\/dementsuse-kompetentsikeskus-rahvusvahelises-nordplusi-koostooprojektis\/#primaryimage\"},\"thumbnailUrl\":\"https:\/\/dementsus.ee\/wp-content\/uploads\/2026\/03\/19-scaled.jpg\",\"datePublished\":\"2026-03-17T14:31:06+00:00\",\"dateModified\":\"2026-03-17T14:31:45+00:00\",\"breadcrumb\":{\"@id\":\"https:\/\/dementsus.ee\/en\/dementsuse-kompetentsikeskus-rahvusvahelises-nordplusi-koostooprojektis\/#breadcrumb\"},\"inLanguage\":\"en-US\",\"potentialAction\":[{\"@type\":\"ReadAction\",\"target\":[\"https:\/\/dementsus.ee\/en\/dementsuse-kompetentsikeskus-rahvusvahelises-nordplusi-koostooprojektis\/\"]}]},{\"@type\":\"ImageObject\",\"inLanguage\":\"en-US\",\"@id\":\"https:\/\/dementsus.ee\/en\/dementsuse-kompetentsikeskus-rahvusvahelises-nordplusi-koostooprojektis\/#primaryimage\",\"url\":\"https:\/\/dementsus.ee\/wp-content\/uploads\/2026\/03\/19-scaled.jpg\",\"contentUrl\":\"https:\/\/dementsus.ee\/wp-content\/uploads\/2026\/03\/19-scaled.jpg\",\"width\":2560,\"height\":1920},{\"@type\":\"BreadcrumbList\",\"@id\":\"https:\/\/dementsus.ee\/en\/dementsuse-kompetentsikeskus-rahvusvahelises-nordplusi-koostooprojektis\/#breadcrumb\",\"itemListElement\":[{\"@type\":\"ListItem\",\"position\":1,\"name\":\"Esileht\",\"item\":\"https:\/\/dementsus.ee\/en\/\"},{\"@type\":\"ListItem\",\"position\":2,\"name\":\"Dementsuse Kompetentsikeskus rahvusvahelises Nordplusi koost\u00f6\u00f6projektis\"}]},{\"@type\":\"WebSite\",\"@id\":\"https:\/\/dementsus.ee\/en\/#website\",\"url\":\"https:\/\/dementsus.ee\/en\/\",\"name\":\"Dementsuse Kompetentsikeskus\",\"description\":\"dementsuse info ja abi\",\"publisher\":{\"@id\":\"https:\/\/dementsus.ee\/en\/#organization\"},\"potentialAction\":[{\"@type\":\"SearchAction\",\"target\":{\"@type\":\"EntryPoint\",\"urlTemplate\":\"https:\/\/dementsus.ee\/en\/?s={search_term_string}\"},\"query-input\":{\"@type\":\"PropertyValueSpecification\",\"valueRequired\":true,\"valueName\":\"search_term_string\"}}],\"inLanguage\":\"en-US\"},{\"@type\":\"Organization\",\"@id\":\"https:\/\/dementsus.ee\/en\/#organization\",\"name\":\"Dementsuse Kompetentsikeskus\",\"url\":\"https:\/\/dementsus.ee\/en\/\",\"logo\":{\"@type\":\"ImageObject\",\"inLanguage\":\"en-US\",\"@id\":\"https:\/\/dementsus.ee\/en\/#\/schema\/logo\/image\/\",\"url\":\"https:\/\/dementsus.ee\/wp-content\/uploads\/2023\/07\/ED_logo_kodukale.svg\",\"contentUrl\":\"https:\/\/dementsus.ee\/wp-content\/uploads\/2023\/07\/ED_logo_kodukale.svg\",\"caption\":\"Dementsuse Kompetentsikeskus\"},\"image\":{\"@id\":\"https:\/\/dementsus.ee\/en\/#\/schema\/logo\/image\/\"}},{\"@type\":\"Person\",\"@id\":\"https:\/\/dementsus.ee\/en\/#\/schema\/person\/b61d220dad79260c276ba4eebc900400\",\"name\":\"Ragne Heiste\",\"image\":{\"@type\":\"ImageObject\",\"inLanguage\":\"en-US\",\"@id\":\"https:\/\/dementsus.ee\/en\/#\/schema\/person\/image\/\",\"url\":\"https:\/\/secure.gravatar.com\/avatar\/7cde9a72bac2fd9241de2d3854317c9226c6b434c5441cf82bfcef7aeed94442?s=96&d=mm&r=g\",\"contentUrl\":\"https:\/\/secure.gravatar.com\/avatar\/7cde9a72bac2fd9241de2d3854317c9226c6b434c5441cf82bfcef7aeed94442?s=96&d=mm&r=g\",\"caption\":\"Ragne Heiste\"},\"url\":\"https:\/\/dementsus.ee\/en\/author\/ragne\/\"}]}<\/script>\n<!-- \/ Yoast SEO plugin. -->","yoast_head_json":{"title":"Dementsuse Kompetentsikeskus rahvusvahelises Nordplusi koost\u00f6\u00f6projektis - Dementsuse Kompetentsikeskus","robots":{"index":"index","follow":"follow","max-snippet":"max-snippet:-1","max-image-preview":"max-image-preview:large","max-video-preview":"max-video-preview:-1"},"canonical":"https:\/\/dementsus.ee\/en\/dementsuse-kompetentsikeskus-rahvusvahelises-nordplusi-koostooprojektis\/","og_locale":"en_US","og_type":"article","og_title":"Dementsuse Kompetentsikeskus rahvusvahelises Nordplusi koost\u00f6\u00f6projektis - Dementsuse Kompetentsikeskus","og_description":"Dementsuse Kompetentsikeskus osaleb 1,5 aasta kestvas Nordpus projektis, kus kolleegidega L\u00e4tist ja Leedust tehakse koost\u00f6\u00f6d ja jagatakse kogemusi.","og_url":"https:\/\/dementsus.ee\/en\/dementsuse-kompetentsikeskus-rahvusvahelises-nordplusi-koostooprojektis\/","og_site_name":"Dementsuse Kompetentsikeskus","article_published_time":"2026-03-17T14:31:06+00:00","article_modified_time":"2026-03-17T14:31:45+00:00","og_image":[{"width":2560,"height":1920,"url":"https:\/\/dementsus.ee\/wp-content\/uploads\/2026\/03\/19-scaled.jpg","type":"image\/jpeg"}],"author":"Ragne Heiste","twitter_card":"summary_large_image","twitter_misc":{"Written by":"Ragne Heiste","Est. reading time":"1 minute"},"schema":{"@context":"https:\/\/schema.org","@graph":[{"@type":"Article","@id":"https:\/\/dementsus.ee\/en\/dementsuse-kompetentsikeskus-rahvusvahelises-nordplusi-koostooprojektis\/#article","isPartOf":{"@id":"https:\/\/dementsus.ee\/en\/dementsuse-kompetentsikeskus-rahvusvahelises-nordplusi-koostooprojektis\/"},"author":{"name":"Ragne Heiste","@id":"https:\/\/dementsus.ee\/en\/#\/schema\/person\/b61d220dad79260c276ba4eebc900400"},"headline":"Dementsuse Kompetentsikeskus rahvusvahelises Nordplusi koost\u00f6\u00f6projektis","datePublished":"2026-03-17T14:31:06+00:00","dateModified":"2026-03-17T14:31:45+00:00","mainEntityOfPage":{"@id":"https:\/\/dementsus.ee\/en\/dementsuse-kompetentsikeskus-rahvusvahelises-nordplusi-koostooprojektis\/"},"wordCount":107,"publisher":{"@id":"https:\/\/dementsus.ee\/en\/#organization"},"image":{"@id":"https:\/\/dementsus.ee\/en\/dementsuse-kompetentsikeskus-rahvusvahelises-nordplusi-koostooprojektis\/#primaryimage"},"thumbnailUrl":"https:\/\/dementsus.ee\/wp-content\/uploads\/2026\/03\/19-scaled.jpg","articleSection":["M\u00e4\u00e4ratlemata"],"inLanguage":"en-US"},{"@type":"WebPage","@id":"https:\/\/dementsus.ee\/en\/dementsuse-kompetentsikeskus-rahvusvahelises-nordplusi-koostooprojektis\/","url":"https:\/\/dementsus.ee\/en\/dementsuse-kompetentsikeskus-rahvusvahelises-nordplusi-koostooprojektis\/","name":"Dementsuse Kompetentsikeskus rahvusvahelises Nordplusi koost\u00f6\u00f6projektis - Dementsuse Kompetentsikeskus","isPartOf":{"@id":"https:\/\/dementsus.ee\/en\/#website"},"primaryImageOfPage":{"@id":"https:\/\/dementsus.ee\/en\/dementsuse-kompetentsikeskus-rahvusvahelises-nordplusi-koostooprojektis\/#primaryimage"},"image":{"@id":"https:\/\/dementsus.ee\/en\/dementsuse-kompetentsikeskus-rahvusvahelises-nordplusi-koostooprojektis\/#primaryimage"},"thumbnailUrl":"https:\/\/dementsus.ee\/wp-content\/uploads\/2026\/03\/19-scaled.jpg","datePublished":"2026-03-17T14:31:06+00:00","dateModified":"2026-03-17T14:31:45+00:00","breadcrumb":{"@id":"https:\/\/dementsus.ee\/en\/dementsuse-kompetentsikeskus-rahvusvahelises-nordplusi-koostooprojektis\/#breadcrumb"},"inLanguage":"en-US","potentialAction":[{"@type":"ReadAction","target":["https:\/\/dementsus.ee\/en\/dementsuse-kompetentsikeskus-rahvusvahelises-nordplusi-koostooprojektis\/"]}]},{"@type":"ImageObject","inLanguage":"en-US","@id":"https:\/\/dementsus.ee\/en\/dementsuse-kompetentsikeskus-rahvusvahelises-nordplusi-koostooprojektis\/#primaryimage","url":"https:\/\/dementsus.ee\/wp-content\/uploads\/2026\/03\/19-scaled.jpg","contentUrl":"https:\/\/dementsus.ee\/wp-content\/uploads\/2026\/03\/19-scaled.jpg","width":2560,"height":1920},{"@type":"BreadcrumbList","@id":"https:\/\/dementsus.ee\/en\/dementsuse-kompetentsikeskus-rahvusvahelises-nordplusi-koostooprojektis\/#breadcrumb","itemListElement":[{"@type":"ListItem","position":1,"name":"Esileht","item":"https:\/\/dementsus.ee\/en\/"},{"@type":"ListItem","position":2,"name":"Dementsuse Kompetentsikeskus rahvusvahelises Nordplusi koost\u00f6\u00f6projektis"}]},{"@type":"WebSite","@id":"https:\/\/dementsus.ee\/en\/#website","url":"https:\/\/dementsus.ee\/en\/","name":"Dementsuse Kompetentsikeskus","description":"dementsuse info ja abi","publisher":{"@id":"https:\/\/dementsus.ee\/en\/#organization"},"potentialAction":[{"@type":"SearchAction","target":{"@type":"EntryPoint","urlTemplate":"https:\/\/dementsus.ee\/en\/?s={search_term_string}"},"query-input":{"@type":"PropertyValueSpecification","valueRequired":true,"valueName":"search_term_string"}}],"inLanguage":"en-US"},{"@type":"Organization","@id":"https:\/\/dementsus.ee\/en\/#organization","name":"Dementsuse Kompetentsikeskus","url":"https:\/\/dementsus.ee\/en\/","logo":{"@type":"ImageObject","inLanguage":"en-US","@id":"https:\/\/dementsus.ee\/en\/#\/schema\/logo\/image\/","url":"https:\/\/dementsus.ee\/wp-content\/uploads\/2023\/07\/ED_logo_kodukale.svg","contentUrl":"https:\/\/dementsus.ee\/wp-content\/uploads\/2023\/07\/ED_logo_kodukale.svg","caption":"Dementsuse Kompetentsikeskus"},"image":{"@id":"https:\/\/dementsus.ee\/en\/#\/schema\/logo\/image\/"}},{"@type":"Person","@id":"https:\/\/dementsus.ee\/en\/#\/schema\/person\/b61d220dad79260c276ba4eebc900400","name":"Ragne Heiste","image":{"@type":"ImageObject","inLanguage":"en-US","@id":"https:\/\/dementsus.ee\/en\/#\/schema\/person\/image\/","url":"https:\/\/secure.gravatar.com\/avatar\/7cde9a72bac2fd9241de2d3854317c9226c6b434c5441cf82bfcef7aeed94442?s=96&d=mm&r=g","contentUrl":"https:\/\/secure.gravatar.com\/avatar\/7cde9a72bac2fd9241de2d3854317c9226c6b434c5441cf82bfcef7aeed94442?s=96&d=mm&r=g","caption":"Ragne Heiste"},"url":"https:\/\/dementsus.ee\/en\/author\/ragne\/"}]}},"_links":{"self":[{"href":"https:\/\/dementsus.ee\/en\/wp-json\/wp\/v2\/posts\/20976","targetHints":{"allow":["GET"]}}],"collection":[{"href":"https:\/\/dementsus.ee\/en\/wp-json\/wp\/v2\/posts"}],"about":[{"href":"https:\/\/dementsus.ee\/en\/wp-json\/wp\/v2\/types\/post"}],"author":[{"embeddable":true,"href":"https:\/\/dementsus.ee\/en\/wp-json\/wp\/v2\/users\/15"}],"replies":[{"embeddable":true,"href":"https:\/\/dementsus.ee\/en\/wp-json\/wp\/v2\/comments?post=20976"}],"version-history":[{"count":2,"href":"https:\/\/dementsus.ee\/en\/wp-json\/wp\/v2\/posts\/20976\/revisions"}],"predecessor-version":[{"id":20981,"href":"https:\/\/dementsus.ee\/en\/wp-json\/wp\/v2\/posts\/20976\/revisions\/20981"}],"wp:featuredmedia":[{"embeddable":true,"href":"https:\/\/dementsus.ee\/en\/wp-json\/wp\/v2\/media\/20977"}],"wp:attachment":[{"href":"https:\/\/dementsus.ee\/en\/wp-json\/wp\/v2\/media?parent=20976"}],"wp:term":[{"taxonomy":"category","embeddable":true,"href":"https:\/\/dementsus.ee\/en\/wp-json\/wp\/v2\/categories?post=20976"},{"taxonomy":"post_tag","embeddable":true,"href":"https:\/\/dementsus.ee\/en\/wp-json\/wp\/v2\/tags?post=20976"},{"taxonomy":"autor","embeddable":true,"href":"https:\/\/dementsus.ee\/en\/wp-json\/wp\/v2\/autor?post=20976"}],"curies":[{"name":"wp","href":"https:\/\/api.w.org\/{rel}","templated":true}]}}