{"id":2099,"date":"2020-04-07T13:02:52","date_gmt":"2020-04-07T13:02:52","guid":{"rendered":"https:\/\/eludementsusega.ee\/?p=2099"},"modified":"2020-04-07T13:02:52","modified_gmt":"2020-04-07T13:02:52","slug":"10-soovitust-kuidas-olla-abiks-uksi-elavale-dementsusega-inimesele","status":"publish","type":"post","link":"https:\/\/dementsus.ee\/en\/10-soovitust-kuidas-olla-abiks-uksi-elavale-dementsusega-inimesele\/","title":{"rendered":"10 soovitust, kuidas olla abiks \u00fcksi elavale dementsusega inimesele"},"content":{"rendered":"<h4>Kuidas koroonaviiruse levikust tingitud eriolukorra ajal paremini hakkama saada:<\/h4>\n<ul>\n<li style=\"font-weight: 400;\"><span style=\"font-weight: 400;\">Haiguse t\u00f5ttu ei pruugi dementsuss\u00fcndroomiga inimene koroonaviiruse epideemiast teadlik olla ega selle t\u00f5sidusest aru saada.\u00a0<\/span><\/li>\n<li style=\"font-weight: 400;\"><span style=\"font-weight: 400;\">J\u00e4ta v\u00e4lisuksele ja teistesse h\u00e4sti m\u00e4rgatavatesse kohtadesse sildikesi \u2013 n\u00e4iteks \u201cPese tihti oma k\u00e4si\u201d, \u201e\u00c4ra palun mine \u00f5ue\u201c.<\/span><\/li>\n<li style=\"font-weight: 400;\"><span style=\"font-weight: 400;\">R\u00e4\u00e4gi naabritega, et ka nemad p\u00f6\u00f6raksid \u00fcksi elava l\u00e4hedase k\u00e4ikudele t\u00e4helepanu. J\u00e4ta neile oma telefoninumber, et nad sinuga vajadusel \u00fchendust saaksid v\u00f5tta.\u00a0<\/span><\/li>\n<li style=\"font-weight: 400;\"><span style=\"font-weight: 400;\">Helista v\u00f5imalikult sagedasti, r\u00e4\u00e4gi rahulikult ja s\u00f5bralikult. Proovi vestluse k\u00e4igus suunata oma l\u00e4hedast koju j\u00e4\u00e4ma, \u00fctle, et ta poodi ei l\u00e4heks, kuna tood talle ise k\u00f5ik vajaliku.<\/span><\/li>\n<li style=\"font-weight: 400;\"><span style=\"font-weight: 400;\">Veendu, et su l\u00e4hedasel on k\u00f5ik h\u00e4davajalik kodus olemas. Varusta teda piisava hulga toidu, h\u00fcgieeni- ja desovahenditega ning muu vajalikuga.<\/span><\/li>\n<li style=\"font-weight: 400;\"><span style=\"font-weight: 400;\">Aita osta ette piisav retseptiravimite ja palavikualandajate varu ning soeta oma l\u00e4hedasele kontaktivaba kraadiklaas.\u00a0\u00a0<\/span><\/li>\n<li style=\"font-weight: 400;\"><span style=\"font-weight: 400;\">Ole kannatlik ning julgusta teda kodus v\u00f5imalikult aktiivne olema.<\/span><\/li>\n<li style=\"font-weight: 400;\"><span style=\"font-weight: 400;\">Hoolitse, et ta saab kodus erinevaid tegevusi teha (joonistada, raamatuid lugeda, kududa, rists\u00f5nu lahendada, televiisorit vaadata, raadiot kuulata, telefoniga suhelda) ja k\u00f5ik vajaminev selleks on olemas ja t\u00f6\u00f6korras.<\/span><\/li>\n<li style=\"font-weight: 400;\"><span style=\"font-weight: 400;\">Dementsuss\u00fcndroomiga inimese kodu peaks olema v\u00f5imalikult mugav. V\u00f5tmed, kingad, \u00fcleriided ja teised asjad, mis v\u00f5iksid viia teda m\u00f5ttele kodust lahkuda, peaks olema silma alt \u00e4ra pandud.<\/span><\/li>\n<li style=\"font-weight: 400;\"><span style=\"font-weight: 400;\">Kui m\u00e4luh\u00e4iretega inimesel ei ole eriolukorra ajal \u00fcksinda kodus turvaline elada, siis organiseeri nii, et ta saab ajutiselt sinu juures elada v\u00f5i koli m\u00f5neks ajaks tema juurde elama.<\/span><\/li>\n<\/ul>\n","protected":false},"excerpt":{"rendered":"<p>Kuidas koroonaviiruse levikust tingitud eriolukorra ajal paremini hakkama saada: Haiguse t\u00f5ttu ei pruugi dementsuss\u00fcndroomiga inimene koroonaviiruse epideemiast teadlik olla ega selle t\u00f5sidusest aru saada.\u00a0 J\u00e4ta v\u00e4lisuksele ja teistesse h\u00e4sti m\u00e4rgatavatesse kohtadesse sildikesi \u2013 n\u00e4iteks \u201cPese tihti oma k\u00e4si\u201d, \u201e\u00c4ra palun mine \u00f5ue\u201c. R\u00e4\u00e4gi naabritega, et ka nemad p\u00f6\u00f6raksid \u00fcksi elava l\u00e4hedase k\u00e4ikudele t\u00e4helepanu. J\u00e4ta neile [&hellip;]<\/p>\n","protected":false},"author":2,"featured_media":2098,"comment_status":"open","ping_status":"open","sticky":false,"template":"","format":"standard","meta":{"footnotes":""},"categories":[1],"tags":[],"autor":[],"class_list":["post-2099","post","type-post","status-publish","format-standard","has-post-thumbnail","hentry","category-maaratlemata"],"yoast_head":"<!-- This site is optimized with the Yoast SEO plugin v26.2 - https:\/\/yoast.com\/wordpress\/plugins\/seo\/ -->\n<title>10 soovitust, kuidas olla abiks \u00fcksi elavale dementsusega inimesele - Dementsuse Kompetentsikeskus<\/title>\n<meta name=\"robots\" content=\"index, follow, max-snippet:-1, max-image-preview:large, max-video-preview:-1\" \/>\n<link rel=\"canonical\" href=\"https:\/\/dementsus.ee\/en\/10-soovitust-kuidas-olla-abiks-uksi-elavale-dementsusega-inimesele\/\" \/>\n<meta property=\"og:locale\" content=\"en_US\" \/>\n<meta property=\"og:type\" content=\"article\" \/>\n<meta property=\"og:title\" content=\"10 soovitust, kuidas olla abiks \u00fcksi elavale dementsusega inimesele - Dementsuse Kompetentsikeskus\" \/>\n<meta property=\"og:description\" content=\"Kuidas koroonaviiruse levikust tingitud eriolukorra ajal paremini hakkama saada: Haiguse t\u00f5ttu ei pruugi dementsuss\u00fcndroomiga inimene koroonaviiruse epideemiast teadlik olla ega selle t\u00f5sidusest aru saada.\u00a0 J\u00e4ta v\u00e4lisuksele ja teistesse h\u00e4sti m\u00e4rgatavatesse kohtadesse sildikesi \u2013 n\u00e4iteks \u201cPese tihti oma k\u00e4si\u201d, \u201e\u00c4ra palun mine \u00f5ue\u201c. R\u00e4\u00e4gi naabritega, et ka nemad p\u00f6\u00f6raksid \u00fcksi elava l\u00e4hedase k\u00e4ikudele t\u00e4helepanu. J\u00e4ta neile [&hellip;]\" \/>\n<meta property=\"og:url\" content=\"https:\/\/dementsus.ee\/en\/10-soovitust-kuidas-olla-abiks-uksi-elavale-dementsusega-inimesele\/\" \/>\n<meta property=\"og:site_name\" content=\"Dementsuse Kompetentsikeskus\" \/>\n<meta property=\"article:published_time\" content=\"2020-04-07T13:02:52+00:00\" \/>\n<meta property=\"og:image\" content=\"https:\/\/dementsus.ee\/wp-content\/uploads\/2020\/04\/10-soovitust-nr-2.jpg\" \/>\n\t<meta property=\"og:image:width\" content=\"940\" \/>\n\t<meta property=\"og:image:height\" content=\"788\" \/>\n\t<meta property=\"og:image:type\" content=\"image\/jpeg\" \/>\n<meta name=\"author\" content=\"Kermo\" \/>\n<meta name=\"twitter:card\" content=\"summary_large_image\" \/>\n<meta name=\"twitter:label1\" content=\"Written by\" \/>\n\t<meta name=\"twitter:data1\" content=\"Kermo\" \/>\n\t<meta name=\"twitter:label2\" content=\"Est. reading time\" \/>\n\t<meta name=\"twitter:data2\" content=\"1 minute\" \/>\n<script type=\"application\/ld+json\" class=\"yoast-schema-graph\">{\"@context\":\"https:\/\/schema.org\",\"@graph\":[{\"@type\":\"Article\",\"@id\":\"https:\/\/dementsus.ee\/en\/10-soovitust-kuidas-olla-abiks-uksi-elavale-dementsusega-inimesele\/#article\",\"isPartOf\":{\"@id\":\"https:\/\/dementsus.ee\/en\/10-soovitust-kuidas-olla-abiks-uksi-elavale-dementsusega-inimesele\/\"},\"author\":{\"name\":\"Kermo\",\"@id\":\"https:\/\/dementsus.ee\/en\/#\/schema\/person\/dd93d64f20e6c5add626937f6b5931ed\"},\"headline\":\"10 soovitust, kuidas olla abiks \u00fcksi elavale dementsusega inimesele\",\"datePublished\":\"2020-04-07T13:02:52+00:00\",\"mainEntityOfPage\":{\"@id\":\"https:\/\/dementsus.ee\/en\/10-soovitust-kuidas-olla-abiks-uksi-elavale-dementsusega-inimesele\/\"},\"wordCount\":265,\"commentCount\":0,\"publisher\":{\"@id\":\"https:\/\/dementsus.ee\/en\/#organization\"},\"image\":{\"@id\":\"https:\/\/dementsus.ee\/en\/10-soovitust-kuidas-olla-abiks-uksi-elavale-dementsusega-inimesele\/#primaryimage\"},\"thumbnailUrl\":\"https:\/\/dementsus.ee\/wp-content\/uploads\/2020\/04\/10-soovitust-nr-2.jpg\",\"articleSection\":[\"M\u00e4\u00e4ratlemata\"],\"inLanguage\":\"en-US\"},{\"@type\":\"WebPage\",\"@id\":\"https:\/\/dementsus.ee\/en\/10-soovitust-kuidas-olla-abiks-uksi-elavale-dementsusega-inimesele\/\",\"url\":\"https:\/\/dementsus.ee\/en\/10-soovitust-kuidas-olla-abiks-uksi-elavale-dementsusega-inimesele\/\",\"name\":\"10 soovitust, kuidas olla abiks \u00fcksi elavale dementsusega inimesele - Dementsuse Kompetentsikeskus\",\"isPartOf\":{\"@id\":\"https:\/\/dementsus.ee\/en\/#website\"},\"primaryImageOfPage\":{\"@id\":\"https:\/\/dementsus.ee\/en\/10-soovitust-kuidas-olla-abiks-uksi-elavale-dementsusega-inimesele\/#primaryimage\"},\"image\":{\"@id\":\"https:\/\/dementsus.ee\/en\/10-soovitust-kuidas-olla-abiks-uksi-elavale-dementsusega-inimesele\/#primaryimage\"},\"thumbnailUrl\":\"https:\/\/dementsus.ee\/wp-content\/uploads\/2020\/04\/10-soovitust-nr-2.jpg\",\"datePublished\":\"2020-04-07T13:02:52+00:00\",\"breadcrumb\":{\"@id\":\"https:\/\/dementsus.ee\/en\/10-soovitust-kuidas-olla-abiks-uksi-elavale-dementsusega-inimesele\/#breadcrumb\"},\"inLanguage\":\"en-US\",\"potentialAction\":[{\"@type\":\"ReadAction\",\"target\":[\"https:\/\/dementsus.ee\/en\/10-soovitust-kuidas-olla-abiks-uksi-elavale-dementsusega-inimesele\/\"]}]},{\"@type\":\"ImageObject\",\"inLanguage\":\"en-US\",\"@id\":\"https:\/\/dementsus.ee\/en\/10-soovitust-kuidas-olla-abiks-uksi-elavale-dementsusega-inimesele\/#primaryimage\",\"url\":\"https:\/\/dementsus.ee\/wp-content\/uploads\/2020\/04\/10-soovitust-nr-2.jpg\",\"contentUrl\":\"https:\/\/dementsus.ee\/wp-content\/uploads\/2020\/04\/10-soovitust-nr-2.jpg\",\"width\":940,\"height\":788},{\"@type\":\"BreadcrumbList\",\"@id\":\"https:\/\/dementsus.ee\/en\/10-soovitust-kuidas-olla-abiks-uksi-elavale-dementsusega-inimesele\/#breadcrumb\",\"itemListElement\":[{\"@type\":\"ListItem\",\"position\":1,\"name\":\"Esileht\",\"item\":\"https:\/\/dementsus.ee\/en\/\"},{\"@type\":\"ListItem\",\"position\":2,\"name\":\"10 soovitust, kuidas olla abiks \u00fcksi elavale dementsusega inimesele\"}]},{\"@type\":\"WebSite\",\"@id\":\"https:\/\/dementsus.ee\/en\/#website\",\"url\":\"https:\/\/dementsus.ee\/en\/\",\"name\":\"Dementsuse Kompetentsikeskus\",\"description\":\"dementsuse info ja abi\",\"publisher\":{\"@id\":\"https:\/\/dementsus.ee\/en\/#organization\"},\"potentialAction\":[{\"@type\":\"SearchAction\",\"target\":{\"@type\":\"EntryPoint\",\"urlTemplate\":\"https:\/\/dementsus.ee\/en\/?s={search_term_string}\"},\"query-input\":{\"@type\":\"PropertyValueSpecification\",\"valueRequired\":true,\"valueName\":\"search_term_string\"}}],\"inLanguage\":\"en-US\"},{\"@type\":\"Organization\",\"@id\":\"https:\/\/dementsus.ee\/en\/#organization\",\"name\":\"Dementsuse Kompetentsikeskus\",\"url\":\"https:\/\/dementsus.ee\/en\/\",\"logo\":{\"@type\":\"ImageObject\",\"inLanguage\":\"en-US\",\"@id\":\"https:\/\/dementsus.ee\/en\/#\/schema\/logo\/image\/\",\"url\":\"https:\/\/dementsus.ee\/wp-content\/uploads\/2023\/07\/ED_logo_kodukale.svg\",\"contentUrl\":\"https:\/\/dementsus.ee\/wp-content\/uploads\/2023\/07\/ED_logo_kodukale.svg\",\"caption\":\"Dementsuse Kompetentsikeskus\"},\"image\":{\"@id\":\"https:\/\/dementsus.ee\/en\/#\/schema\/logo\/image\/\"}},{\"@type\":\"Person\",\"@id\":\"https:\/\/dementsus.ee\/en\/#\/schema\/person\/dd93d64f20e6c5add626937f6b5931ed\",\"name\":\"Kermo\",\"image\":{\"@type\":\"ImageObject\",\"inLanguage\":\"en-US\",\"@id\":\"https:\/\/dementsus.ee\/en\/#\/schema\/person\/image\/\",\"url\":\"https:\/\/secure.gravatar.com\/avatar\/b2f0128e9063b66b5c6e595d8f4c39037d52f729089f1ad5afc34656e1d58a64?s=96&d=mm&r=g\",\"contentUrl\":\"https:\/\/secure.gravatar.com\/avatar\/b2f0128e9063b66b5c6e595d8f4c39037d52f729089f1ad5afc34656e1d58a64?s=96&d=mm&r=g\",\"caption\":\"Kermo\"},\"url\":\"https:\/\/dementsus.ee\/en\/author\/kermo\/\"}]}<\/script>\n<!-- \/ Yoast SEO plugin. -->","yoast_head_json":{"title":"10 soovitust, kuidas olla abiks \u00fcksi elavale dementsusega inimesele - Dementsuse Kompetentsikeskus","robots":{"index":"index","follow":"follow","max-snippet":"max-snippet:-1","max-image-preview":"max-image-preview:large","max-video-preview":"max-video-preview:-1"},"canonical":"https:\/\/dementsus.ee\/en\/10-soovitust-kuidas-olla-abiks-uksi-elavale-dementsusega-inimesele\/","og_locale":"en_US","og_type":"article","og_title":"10 soovitust, kuidas olla abiks \u00fcksi elavale dementsusega inimesele - Dementsuse Kompetentsikeskus","og_description":"Kuidas koroonaviiruse levikust tingitud eriolukorra ajal paremini hakkama saada: Haiguse t\u00f5ttu ei pruugi dementsuss\u00fcndroomiga inimene koroonaviiruse epideemiast teadlik olla ega selle t\u00f5sidusest aru saada.\u00a0 J\u00e4ta v\u00e4lisuksele ja teistesse h\u00e4sti m\u00e4rgatavatesse kohtadesse sildikesi \u2013 n\u00e4iteks \u201cPese tihti oma k\u00e4si\u201d, \u201e\u00c4ra palun mine \u00f5ue\u201c. R\u00e4\u00e4gi naabritega, et ka nemad p\u00f6\u00f6raksid \u00fcksi elava l\u00e4hedase k\u00e4ikudele t\u00e4helepanu. J\u00e4ta neile [&hellip;]","og_url":"https:\/\/dementsus.ee\/en\/10-soovitust-kuidas-olla-abiks-uksi-elavale-dementsusega-inimesele\/","og_site_name":"Dementsuse Kompetentsikeskus","article_published_time":"2020-04-07T13:02:52+00:00","og_image":[{"width":940,"height":788,"url":"https:\/\/dementsus.ee\/wp-content\/uploads\/2020\/04\/10-soovitust-nr-2.jpg","type":"image\/jpeg"}],"author":"Kermo","twitter_card":"summary_large_image","twitter_misc":{"Written by":"Kermo","Est. reading time":"1 minute"},"schema":{"@context":"https:\/\/schema.org","@graph":[{"@type":"Article","@id":"https:\/\/dementsus.ee\/en\/10-soovitust-kuidas-olla-abiks-uksi-elavale-dementsusega-inimesele\/#article","isPartOf":{"@id":"https:\/\/dementsus.ee\/en\/10-soovitust-kuidas-olla-abiks-uksi-elavale-dementsusega-inimesele\/"},"author":{"name":"Kermo","@id":"https:\/\/dementsus.ee\/en\/#\/schema\/person\/dd93d64f20e6c5add626937f6b5931ed"},"headline":"10 soovitust, kuidas olla abiks \u00fcksi elavale dementsusega inimesele","datePublished":"2020-04-07T13:02:52+00:00","mainEntityOfPage":{"@id":"https:\/\/dementsus.ee\/en\/10-soovitust-kuidas-olla-abiks-uksi-elavale-dementsusega-inimesele\/"},"wordCount":265,"commentCount":0,"publisher":{"@id":"https:\/\/dementsus.ee\/en\/#organization"},"image":{"@id":"https:\/\/dementsus.ee\/en\/10-soovitust-kuidas-olla-abiks-uksi-elavale-dementsusega-inimesele\/#primaryimage"},"thumbnailUrl":"https:\/\/dementsus.ee\/wp-content\/uploads\/2020\/04\/10-soovitust-nr-2.jpg","articleSection":["M\u00e4\u00e4ratlemata"],"inLanguage":"en-US"},{"@type":"WebPage","@id":"https:\/\/dementsus.ee\/en\/10-soovitust-kuidas-olla-abiks-uksi-elavale-dementsusega-inimesele\/","url":"https:\/\/dementsus.ee\/en\/10-soovitust-kuidas-olla-abiks-uksi-elavale-dementsusega-inimesele\/","name":"10 soovitust, kuidas olla abiks \u00fcksi elavale dementsusega inimesele - Dementsuse Kompetentsikeskus","isPartOf":{"@id":"https:\/\/dementsus.ee\/en\/#website"},"primaryImageOfPage":{"@id":"https:\/\/dementsus.ee\/en\/10-soovitust-kuidas-olla-abiks-uksi-elavale-dementsusega-inimesele\/#primaryimage"},"image":{"@id":"https:\/\/dementsus.ee\/en\/10-soovitust-kuidas-olla-abiks-uksi-elavale-dementsusega-inimesele\/#primaryimage"},"thumbnailUrl":"https:\/\/dementsus.ee\/wp-content\/uploads\/2020\/04\/10-soovitust-nr-2.jpg","datePublished":"2020-04-07T13:02:52+00:00","breadcrumb":{"@id":"https:\/\/dementsus.ee\/en\/10-soovitust-kuidas-olla-abiks-uksi-elavale-dementsusega-inimesele\/#breadcrumb"},"inLanguage":"en-US","potentialAction":[{"@type":"ReadAction","target":["https:\/\/dementsus.ee\/en\/10-soovitust-kuidas-olla-abiks-uksi-elavale-dementsusega-inimesele\/"]}]},{"@type":"ImageObject","inLanguage":"en-US","@id":"https:\/\/dementsus.ee\/en\/10-soovitust-kuidas-olla-abiks-uksi-elavale-dementsusega-inimesele\/#primaryimage","url":"https:\/\/dementsus.ee\/wp-content\/uploads\/2020\/04\/10-soovitust-nr-2.jpg","contentUrl":"https:\/\/dementsus.ee\/wp-content\/uploads\/2020\/04\/10-soovitust-nr-2.jpg","width":940,"height":788},{"@type":"BreadcrumbList","@id":"https:\/\/dementsus.ee\/en\/10-soovitust-kuidas-olla-abiks-uksi-elavale-dementsusega-inimesele\/#breadcrumb","itemListElement":[{"@type":"ListItem","position":1,"name":"Esileht","item":"https:\/\/dementsus.ee\/en\/"},{"@type":"ListItem","position":2,"name":"10 soovitust, kuidas olla abiks \u00fcksi elavale dementsusega inimesele"}]},{"@type":"WebSite","@id":"https:\/\/dementsus.ee\/en\/#website","url":"https:\/\/dementsus.ee\/en\/","name":"Dementsuse Kompetentsikeskus","description":"dementsuse info ja abi","publisher":{"@id":"https:\/\/dementsus.ee\/en\/#organization"},"potentialAction":[{"@type":"SearchAction","target":{"@type":"EntryPoint","urlTemplate":"https:\/\/dementsus.ee\/en\/?s={search_term_string}"},"query-input":{"@type":"PropertyValueSpecification","valueRequired":true,"valueName":"search_term_string"}}],"inLanguage":"en-US"},{"@type":"Organization","@id":"https:\/\/dementsus.ee\/en\/#organization","name":"Dementsuse Kompetentsikeskus","url":"https:\/\/dementsus.ee\/en\/","logo":{"@type":"ImageObject","inLanguage":"en-US","@id":"https:\/\/dementsus.ee\/en\/#\/schema\/logo\/image\/","url":"https:\/\/dementsus.ee\/wp-content\/uploads\/2023\/07\/ED_logo_kodukale.svg","contentUrl":"https:\/\/dementsus.ee\/wp-content\/uploads\/2023\/07\/ED_logo_kodukale.svg","caption":"Dementsuse Kompetentsikeskus"},"image":{"@id":"https:\/\/dementsus.ee\/en\/#\/schema\/logo\/image\/"}},{"@type":"Person","@id":"https:\/\/dementsus.ee\/en\/#\/schema\/person\/dd93d64f20e6c5add626937f6b5931ed","name":"Kermo","image":{"@type":"ImageObject","inLanguage":"en-US","@id":"https:\/\/dementsus.ee\/en\/#\/schema\/person\/image\/","url":"https:\/\/secure.gravatar.com\/avatar\/b2f0128e9063b66b5c6e595d8f4c39037d52f729089f1ad5afc34656e1d58a64?s=96&d=mm&r=g","contentUrl":"https:\/\/secure.gravatar.com\/avatar\/b2f0128e9063b66b5c6e595d8f4c39037d52f729089f1ad5afc34656e1d58a64?s=96&d=mm&r=g","caption":"Kermo"},"url":"https:\/\/dementsus.ee\/en\/author\/kermo\/"}]}},"_links":{"self":[{"href":"https:\/\/dementsus.ee\/en\/wp-json\/wp\/v2\/posts\/2099","targetHints":{"allow":["GET"]}}],"collection":[{"href":"https:\/\/dementsus.ee\/en\/wp-json\/wp\/v2\/posts"}],"about":[{"href":"https:\/\/dementsus.ee\/en\/wp-json\/wp\/v2\/types\/post"}],"author":[{"embeddable":true,"href":"https:\/\/dementsus.ee\/en\/wp-json\/wp\/v2\/users\/2"}],"replies":[{"embeddable":true,"href":"https:\/\/dementsus.ee\/en\/wp-json\/wp\/v2\/comments?post=2099"}],"version-history":[{"count":0,"href":"https:\/\/dementsus.ee\/en\/wp-json\/wp\/v2\/posts\/2099\/revisions"}],"wp:featuredmedia":[{"embeddable":true,"href":"https:\/\/dementsus.ee\/en\/wp-json\/wp\/v2\/media\/2098"}],"wp:attachment":[{"href":"https:\/\/dementsus.ee\/en\/wp-json\/wp\/v2\/media?parent=2099"}],"wp:term":[{"taxonomy":"category","embeddable":true,"href":"https:\/\/dementsus.ee\/en\/wp-json\/wp\/v2\/categories?post=2099"},{"taxonomy":"post_tag","embeddable":true,"href":"https:\/\/dementsus.ee\/en\/wp-json\/wp\/v2\/tags?post=2099"},{"taxonomy":"autor","embeddable":true,"href":"https:\/\/dementsus.ee\/en\/wp-json\/wp\/v2\/autor?post=2099"}],"curies":[{"name":"wp","href":"https:\/\/api.w.org\/{rel}","templated":true}]}}