{"id":21568,"date":"2026-09-03T18:13:35","date_gmt":"2026-09-03T15:13:35","guid":{"rendered":"https:\/\/dementsus.ee\/?p=21568"},"modified":"2026-09-03T18:13:35","modified_gmt":"2026-09-03T15:13:35","slug":"rahvusvaheliselt-tunnustatud-dementsuse-eestkoneleja-teun-toebes-tuleb-eestisse","status":"publish","type":"post","link":"https:\/\/dementsus.ee\/en\/rahvusvaheliselt-tunnustatud-dementsuse-eestkoneleja-teun-toebes-tuleb-eestisse\/","title":{"rendered":"Rahvusvaheliselt tunnustatud dementsuse eestk\u00f5neleja Teun Toebes tuleb Eestisse"},"content":{"rendered":"<div class=\"x_elementToProof\">\n<p class=\"x_elementToProof\"><span data-olk-copy-source=\"MessageBody\"><img fetchpriority=\"high\" decoding=\"async\" class=\" wp-image-21324 alignright\" src=\"https:\/\/dementsus.ee\/wp-content\/uploads\/2026\/07\/Poster-Human-Forever-1-198x300.webp\" alt=\"\" width=\"385\" height=\"583\" srcset=\"https:\/\/dementsus.ee\/wp-content\/uploads\/2026\/07\/Poster-Human-Forever-1-198x300.webp 198w, https:\/\/dementsus.ee\/wp-content\/uploads\/2026\/07\/Poster-Human-Forever-1.webp 558w\" sizes=\"(max-width: 385px) 100vw, 385px\" \/>22. septembril tuleb Dementsuse Kompetentsikeskuse kutsel Eestisse rahvusvaheliselt tunnustatud Hollandi dementsuse eestk\u00f5neleja ja humanitaaraktivist Teun Toebes, kes osaleb Paide Muusika- ja Teatrimajas Dementsuse Kompetentsikeskuse korraldataval dokumentaalfilmi \u201eHuman Forever\u201c linastusel. Koos filmitegija Jonathan de Jongiga juhatab ta filmi sisse ning vastab p\u00e4rast linastust publiku k\u00fcsimustele.<\/span><\/p>\n<\/div>\n<div class=\"x_elementToProof\">\n<p class=\"x_elementToProof\">Teun Toebesi missioon on parandada dementsusega inimeste elukvaliteeti ning muuta seda, kuidas \u00fchiskond dementsusega inimesi n\u00e4eb ja toetab. 21-aastaselt asus ta elama hooldekodu kinnisesse osakonda, kus elas dementsusega inimestega koos \u00fcle kolme aasta. Sellest kogemusest s\u00fcndis koost\u00f6\u00f6s tema hea s\u00f5bra, filmitegija Jonathan de Jongiga dokumentaalfilm \u201eHuman Forever\u201c.<\/p>\n<\/div>\n<div class=\"x_elementToProof\">\n<p class=\"x_elementToProof\">Filmi keskmes on k\u00fcsimus, kuidas luua dementsusega inimestele tulevik, kus t\u00e4helepanu ei ole \u00fcksnes turvalisusel ja\u00a0hooldusel, vaid ka inimese vabadusel, v\u00e4\u00e4rikusel, suhetel ning v\u00f5imalusel elada t\u00e4henduslikku elu. Kolmeaastase teekonna jooksul k\u00fclastasid Toebes ja de Jong 11 riiki neljal mandril, et uurida, kuidas eri kultuurides dementsust m\u00f5istetakse ja milliseid lahendusi kasutatakse. Film p\u00e4lvis 2024. aastal Hollandi filmiauhinna Golden Calf ning on j\u00f5udnud vaatajateni enam kui 30 riigis.<\/p>\n<\/div>\n<div class=\"x_elementToProof\">\n<p class=\"x_elementToProof\">\u201eMe t\u00f5esti p\u00fc\u00fcdsime anda oma filmis dementsusega inimestele h\u00e4\u00e4le, lastes neil endil r\u00e4\u00e4kida,\u201c \u00fctles Toebes Dementsuse Kompetentsikeskusele antud intervjuus. Filmi keskse s\u00f5numina t\u00f5i ta esile \u00fche filmis osalenud dementsusega naise m\u00f5tte: \u201eK\u00f5ige t\u00e4htsam on alati n\u00e4ha enda ees inimest.\u201c Toebes r\u00f5hutas, et filmi p\u00f5his\u00f5numit ei m\u00f5elnud selle loojad ise v\u00e4lja, vaid selle edastasid dementsusega inimesed. Toebesi s\u00f5nul n\u00e4hakse dementsusega inimese puhul liiga sageli esmalt diagnoosi ja kaotatud v\u00f5imeid, mitte inimest ennast, tema soove ja vajadusi.<\/p>\n<\/div>\n<div class=\"x_elementToProof\">\n<p class=\"x_elementToProof\">Toebesi s\u00f5num ulatub hooldekodudest kaugemale. Tema hinnangul tuleb k\u00fcsida, millist \u00fchiskonda me dementsusega inimestele loome ning kuidas toetada nende v\u00f5imalust j\u00e4\u00e4da kogukonna ja tavap\u00e4rase elu osaks.<\/p>\n<\/div>\n<div class=\"x_elementToProof\">\n<p class=\"x_elementToProof\">Toebesi s\u00f5nul on Hollandis enam kui 500 hooldekodus seni kinnisena hoitud osakonnad n\u00fc\u00fcd avatud. Tema hinnangul on \u201eHuman Forever\u201c aidanud kaasa avalikule arutelule dementsuse k\u00e4sitluse ja hoolduspraktikate \u00fcle.<\/p>\n<\/div>\n<div class=\"x_elementToProof\">\n<p class=\"x_elementToProof\">Paides toimuvale s\u00fcndmusele on oodatud sotsiaal- ja tervishoiuvaldkonna spetsialistid, hoolekandeasutuste juhid ja t\u00f6\u00f6tajad, tudengid, \u00f5ppej\u00f5ud ning k\u00f5ik teised teemast huvitatud inimesed.<\/p>\n<\/div>\n<div class=\"x_elementToProof\">\n<p class=\"x_elementToProof\">S\u00fcndmus toimub rahvusvahelise Alzheimeri kuu raames ning selle eesm\u00e4rk on suurendada teadlikkust dementsusest ja tuua t\u00e4helepanu keskmesse dementsusega inimeste v\u00e4\u00e4rikus, elukvaliteet ning inimkeskse\u00a0hoolduse p\u00f5him\u00f5tted.<\/p>\n<\/div>\n<p class=\"x_elementToProof\"><b>\u00dcrituse info<\/b><\/p>\n<p class=\"x_elementToProof\">Dokumentaalfilmi \u201eHuman Forever\u201c linastus ja kohtumine filmi autoritega<\/p>\n<p class=\"x_elementToProof\">22. september 2026 kell 14.00\u201316.15<\/p>\n<p class=\"x_elementToProof\">Paide Muusika- ja Teatrimaja<\/p>\n<div class=\"x_elementToProof\">\n<p class=\"x_elementToProof\">S\u00fcndmus algab kell 14.00. Kell 14.10 juhatavad Teun Toebes ja Jonathan de Jong filmi sisse ning kell 14.25 algab dokumentaalfilm \u201eHuman Forever\u201c. P\u00e4rast linastust toimub kell 15.45\u201316.15 k\u00fcsimuste ja vastuste osa.<\/p>\n<\/div>\n<div class=\"x_elementToProof\">\n<p class=\"x_elementToProof\">Film linastub eestikeelsete subtiitritega. Osalemine on TASUTA, kuid vajalik on eelregistreerimine ja kohtade arv on piiratud.<\/p>\n<\/div>\n<div class=\"x_elementToProof\">\n<p class=\"x_elementToProof\">Lisainfo ja registreerimine:<\/p>\n<\/div>\n<div class=\"x_elementToProof\">\n<p class=\"x_elementToProof\"><a id=\"OWA8e4364f3-0d99-6ca2-ad27-02c8dca05eb6\" class=\"x_OWAAutoLink\" title=\"https:\/\/dementsus.ee\/alzheimeri-kuu-erisundmus-human-forever\/\" href=\"https:\/\/dementsus.ee\/alzheimeri-kuu-erisundmus-human-forever\/\" data-auth=\"NotApplicable\" data-linkindex=\"1\"><u>https:\/\/dementsus.ee\/alzheimeri-kuu-erisundmus-human-forever\/<\/u><\/a><\/p>\n<\/div>\n<div class=\"x_elementToProof\"><\/div>\n<div class=\"x_elementToProof\">\n<p class=\"x_elementToProof\"><b>Dementsuse Kompetentsikeskusest<\/b><\/p>\n<\/div>\n<div class=\"x_elementToProof\">\n<p class=\"x_elementToProof\">Dementsuse Kompetentsikeskuse missioon on parandada dementsusega inimeste ja nende l\u00e4hedaste toimetulekut ning elukvaliteeti, suurendades teadlikkust dementsusest ja abi saamise v\u00f5imalustest ning toetades tervishoiu- ja hoolekandeteenuste kvaliteedi arengut.<\/p>\n<\/div>\n<div class=\"x_elementToProof\">\n<p class=\"x_elementToProof\">Kontakt<\/p>\n<\/div>\n<p class=\"x_elementToProof\"><a id=\"OWA3a509d7f-6908-ac50-2bbe-4713f9965dc9\" class=\"x_OWAAutoLink\" title=\"http:\/\/www.dementsus.ee\/\" href=\"http:\/\/www.dementsus.ee\/\" data-auth=\"NotApplicable\" data-linkindex=\"2\"><u>www.dementsus.ee<\/u><\/a><br \/>\n<a id=\"OWA9632beea-ecde-c890-8d96-a74614e2431f\" class=\"x_OWAAutoLink\" title=\"mailto:info@dementsus.ee\" href=\"mailto:info@dementsus.ee\" data-linkindex=\"3\"><u>info@dementsus.ee<\/u><\/a><br \/>\n+372 5814 2984<\/p>\n","protected":false},"excerpt":{"rendered":"<p>22. septembril tuleb Dementsuse Kompetentsikeskuse kutsel Eestisse rahvusvaheliselt tunnustatud Hollandi dementsuse eestk\u00f5neleja ja humanitaaraktivist Teun Toebes, kes osaleb Paide Muusika- ja Teatrimajas Dementsuse Kompetentsikeskuse korraldataval dokumentaalfilmi \u201eHuman Forever\u201c linastusel. Koos filmitegija Jonathan de Jongiga juhatab ta filmi sisse ning vastab p\u00e4rast linastust publiku k\u00fcsimustele. Teun Toebesi missioon on parandada dementsusega inimeste elukvaliteeti ning muuta seda, [&hellip;]<\/p>\n","protected":false},"author":15,"featured_media":21324,"comment_status":"closed","ping_status":"closed","sticky":false,"template":"","format":"standard","meta":{"footnotes":""},"categories":[1],"tags":[],"autor":[],"class_list":["post-21568","post","type-post","status-publish","format-standard","has-post-thumbnail","hentry","category-maaratlemata"],"yoast_head":"<!-- This site is optimized with the Yoast SEO plugin v26.2 - https:\/\/yoast.com\/wordpress\/plugins\/seo\/ -->\n<title>Rahvusvaheliselt tunnustatud dementsuse eestk\u00f5neleja Teun Toebes tuleb Eestisse - Dementsuse Kompetentsikeskus<\/title>\n<meta name=\"robots\" content=\"index, follow, max-snippet:-1, max-image-preview:large, max-video-preview:-1\" \/>\n<link rel=\"canonical\" href=\"https:\/\/dementsus.ee\/en\/rahvusvaheliselt-tunnustatud-dementsuse-eestkoneleja-teun-toebes-tuleb-eestisse\/\" \/>\n<meta property=\"og:locale\" content=\"en_US\" \/>\n<meta property=\"og:type\" content=\"article\" \/>\n<meta property=\"og:title\" content=\"Rahvusvaheliselt tunnustatud dementsuse eestk\u00f5neleja Teun Toebes tuleb Eestisse - Dementsuse Kompetentsikeskus\" \/>\n<meta property=\"og:description\" content=\"22. septembril tuleb Dementsuse Kompetentsikeskuse kutsel Eestisse rahvusvaheliselt tunnustatud Hollandi dementsuse eestk\u00f5neleja ja humanitaaraktivist Teun Toebes, kes osaleb Paide Muusika- ja Teatrimajas Dementsuse Kompetentsikeskuse korraldataval dokumentaalfilmi \u201eHuman Forever\u201c linastusel. Koos filmitegija Jonathan de Jongiga juhatab ta filmi sisse ning vastab p\u00e4rast linastust publiku k\u00fcsimustele. Teun Toebesi missioon on parandada dementsusega inimeste elukvaliteeti ning muuta seda, [&hellip;]\" \/>\n<meta property=\"og:url\" content=\"https:\/\/dementsus.ee\/en\/rahvusvaheliselt-tunnustatud-dementsuse-eestkoneleja-teun-toebes-tuleb-eestisse\/\" \/>\n<meta property=\"og:site_name\" content=\"Dementsuse Kompetentsikeskus\" \/>\n<meta property=\"article:published_time\" content=\"2026-09-03T15:13:35+00:00\" \/>\n<meta property=\"og:image\" content=\"https:\/\/dementsus.ee\/wp-content\/uploads\/2026\/07\/Poster-Human-Forever-1.webp\" \/>\n\t<meta property=\"og:image:width\" content=\"558\" \/>\n\t<meta property=\"og:image:height\" content=\"846\" \/>\n\t<meta property=\"og:image:type\" content=\"image\/webp\" \/>\n<meta name=\"author\" content=\"Ragne Heiste\" \/>\n<meta name=\"twitter:card\" content=\"summary_large_image\" \/>\n<meta name=\"twitter:label1\" content=\"Written by\" \/>\n\t<meta name=\"twitter:data1\" content=\"Ragne Heiste\" \/>\n\t<meta name=\"twitter:label2\" content=\"Est. reading time\" \/>\n\t<meta name=\"twitter:data2\" content=\"3 minutes\" \/>\n<script type=\"application\/ld+json\" class=\"yoast-schema-graph\">{\"@context\":\"https:\/\/schema.org\",\"@graph\":[{\"@type\":\"Article\",\"@id\":\"https:\/\/dementsus.ee\/en\/rahvusvaheliselt-tunnustatud-dementsuse-eestkoneleja-teun-toebes-tuleb-eestisse\/#article\",\"isPartOf\":{\"@id\":\"https:\/\/dementsus.ee\/en\/rahvusvaheliselt-tunnustatud-dementsuse-eestkoneleja-teun-toebes-tuleb-eestisse\/\"},\"author\":{\"name\":\"Ragne Heiste\",\"@id\":\"https:\/\/dementsus.ee\/en\/#\/schema\/person\/b61d220dad79260c276ba4eebc900400\"},\"headline\":\"Rahvusvaheliselt tunnustatud dementsuse eestk\u00f5neleja Teun Toebes tuleb Eestisse\",\"datePublished\":\"2026-09-03T15:13:35+00:00\",\"mainEntityOfPage\":{\"@id\":\"https:\/\/dementsus.ee\/en\/rahvusvaheliselt-tunnustatud-dementsuse-eestkoneleja-teun-toebes-tuleb-eestisse\/\"},\"wordCount\":496,\"publisher\":{\"@id\":\"https:\/\/dementsus.ee\/en\/#organization\"},\"image\":{\"@id\":\"https:\/\/dementsus.ee\/en\/rahvusvaheliselt-tunnustatud-dementsuse-eestkoneleja-teun-toebes-tuleb-eestisse\/#primaryimage\"},\"thumbnailUrl\":\"https:\/\/dementsus.ee\/wp-content\/uploads\/2026\/07\/Poster-Human-Forever-1.webp\",\"articleSection\":[\"M\u00e4\u00e4ratlemata\"],\"inLanguage\":\"en-US\"},{\"@type\":\"WebPage\",\"@id\":\"https:\/\/dementsus.ee\/en\/rahvusvaheliselt-tunnustatud-dementsuse-eestkoneleja-teun-toebes-tuleb-eestisse\/\",\"url\":\"https:\/\/dementsus.ee\/en\/rahvusvaheliselt-tunnustatud-dementsuse-eestkoneleja-teun-toebes-tuleb-eestisse\/\",\"name\":\"Rahvusvaheliselt tunnustatud dementsuse eestk\u00f5neleja Teun Toebes tuleb Eestisse - Dementsuse Kompetentsikeskus\",\"isPartOf\":{\"@id\":\"https:\/\/dementsus.ee\/en\/#website\"},\"primaryImageOfPage\":{\"@id\":\"https:\/\/dementsus.ee\/en\/rahvusvaheliselt-tunnustatud-dementsuse-eestkoneleja-teun-toebes-tuleb-eestisse\/#primaryimage\"},\"image\":{\"@id\":\"https:\/\/dementsus.ee\/en\/rahvusvaheliselt-tunnustatud-dementsuse-eestkoneleja-teun-toebes-tuleb-eestisse\/#primaryimage\"},\"thumbnailUrl\":\"https:\/\/dementsus.ee\/wp-content\/uploads\/2026\/07\/Poster-Human-Forever-1.webp\",\"datePublished\":\"2026-09-03T15:13:35+00:00\",\"breadcrumb\":{\"@id\":\"https:\/\/dementsus.ee\/en\/rahvusvaheliselt-tunnustatud-dementsuse-eestkoneleja-teun-toebes-tuleb-eestisse\/#breadcrumb\"},\"inLanguage\":\"en-US\",\"potentialAction\":[{\"@type\":\"ReadAction\",\"target\":[\"https:\/\/dementsus.ee\/en\/rahvusvaheliselt-tunnustatud-dementsuse-eestkoneleja-teun-toebes-tuleb-eestisse\/\"]}]},{\"@type\":\"ImageObject\",\"inLanguage\":\"en-US\",\"@id\":\"https:\/\/dementsus.ee\/en\/rahvusvaheliselt-tunnustatud-dementsuse-eestkoneleja-teun-toebes-tuleb-eestisse\/#primaryimage\",\"url\":\"https:\/\/dementsus.ee\/wp-content\/uploads\/2026\/07\/Poster-Human-Forever-1.webp\",\"contentUrl\":\"https:\/\/dementsus.ee\/wp-content\/uploads\/2026\/07\/Poster-Human-Forever-1.webp\",\"width\":558,\"height\":846},{\"@type\":\"BreadcrumbList\",\"@id\":\"https:\/\/dementsus.ee\/en\/rahvusvaheliselt-tunnustatud-dementsuse-eestkoneleja-teun-toebes-tuleb-eestisse\/#breadcrumb\",\"itemListElement\":[{\"@type\":\"ListItem\",\"position\":1,\"name\":\"Esileht\",\"item\":\"https:\/\/dementsus.ee\/en\/\"},{\"@type\":\"ListItem\",\"position\":2,\"name\":\"Rahvusvaheliselt tunnustatud dementsuse eestk\u00f5neleja Teun Toebes tuleb Eestisse\"}]},{\"@type\":\"WebSite\",\"@id\":\"https:\/\/dementsus.ee\/en\/#website\",\"url\":\"https:\/\/dementsus.ee\/en\/\",\"name\":\"Dementsuse Kompetentsikeskus\",\"description\":\"dementsuse info ja abi\",\"publisher\":{\"@id\":\"https:\/\/dementsus.ee\/en\/#organization\"},\"potentialAction\":[{\"@type\":\"SearchAction\",\"target\":{\"@type\":\"EntryPoint\",\"urlTemplate\":\"https:\/\/dementsus.ee\/en\/?s={search_term_string}\"},\"query-input\":{\"@type\":\"PropertyValueSpecification\",\"valueRequired\":true,\"valueName\":\"search_term_string\"}}],\"inLanguage\":\"en-US\"},{\"@type\":\"Organization\",\"@id\":\"https:\/\/dementsus.ee\/en\/#organization\",\"name\":\"Dementsuse Kompetentsikeskus\",\"url\":\"https:\/\/dementsus.ee\/en\/\",\"logo\":{\"@type\":\"ImageObject\",\"inLanguage\":\"en-US\",\"@id\":\"https:\/\/dementsus.ee\/en\/#\/schema\/logo\/image\/\",\"url\":\"https:\/\/dementsus.ee\/wp-content\/uploads\/2023\/07\/ED_logo_kodukale.svg\",\"contentUrl\":\"https:\/\/dementsus.ee\/wp-content\/uploads\/2023\/07\/ED_logo_kodukale.svg\",\"caption\":\"Dementsuse Kompetentsikeskus\"},\"image\":{\"@id\":\"https:\/\/dementsus.ee\/en\/#\/schema\/logo\/image\/\"}},{\"@type\":\"Person\",\"@id\":\"https:\/\/dementsus.ee\/en\/#\/schema\/person\/b61d220dad79260c276ba4eebc900400\",\"name\":\"Ragne Heiste\",\"image\":{\"@type\":\"ImageObject\",\"inLanguage\":\"en-US\",\"@id\":\"https:\/\/dementsus.ee\/en\/#\/schema\/person\/image\/\",\"url\":\"https:\/\/secure.gravatar.com\/avatar\/7cde9a72bac2fd9241de2d3854317c9226c6b434c5441cf82bfcef7aeed94442?s=96&d=mm&r=g\",\"contentUrl\":\"https:\/\/secure.gravatar.com\/avatar\/7cde9a72bac2fd9241de2d3854317c9226c6b434c5441cf82bfcef7aeed94442?s=96&d=mm&r=g\",\"caption\":\"Ragne Heiste\"},\"url\":\"https:\/\/dementsus.ee\/en\/author\/ragne\/\"}]}<\/script>\n<!-- \/ Yoast SEO plugin. -->","yoast_head_json":{"title":"Rahvusvaheliselt tunnustatud dementsuse eestk\u00f5neleja Teun Toebes tuleb Eestisse - Dementsuse Kompetentsikeskus","robots":{"index":"index","follow":"follow","max-snippet":"max-snippet:-1","max-image-preview":"max-image-preview:large","max-video-preview":"max-video-preview:-1"},"canonical":"https:\/\/dementsus.ee\/en\/rahvusvaheliselt-tunnustatud-dementsuse-eestkoneleja-teun-toebes-tuleb-eestisse\/","og_locale":"en_US","og_type":"article","og_title":"Rahvusvaheliselt tunnustatud dementsuse eestk\u00f5neleja Teun Toebes tuleb Eestisse - Dementsuse Kompetentsikeskus","og_description":"22. septembril tuleb Dementsuse Kompetentsikeskuse kutsel Eestisse rahvusvaheliselt tunnustatud Hollandi dementsuse eestk\u00f5neleja ja humanitaaraktivist Teun Toebes, kes osaleb Paide Muusika- ja Teatrimajas Dementsuse Kompetentsikeskuse korraldataval dokumentaalfilmi \u201eHuman Forever\u201c linastusel. Koos filmitegija Jonathan de Jongiga juhatab ta filmi sisse ning vastab p\u00e4rast linastust publiku k\u00fcsimustele. Teun Toebesi missioon on parandada dementsusega inimeste elukvaliteeti ning muuta seda, [&hellip;]","og_url":"https:\/\/dementsus.ee\/en\/rahvusvaheliselt-tunnustatud-dementsuse-eestkoneleja-teun-toebes-tuleb-eestisse\/","og_site_name":"Dementsuse Kompetentsikeskus","article_published_time":"2026-09-03T15:13:35+00:00","og_image":[{"width":558,"height":846,"url":"https:\/\/dementsus.ee\/wp-content\/uploads\/2026\/07\/Poster-Human-Forever-1.webp","type":"image\/webp"}],"author":"Ragne Heiste","twitter_card":"summary_large_image","twitter_misc":{"Written by":"Ragne Heiste","Est. reading time":"3 minutes"},"schema":{"@context":"https:\/\/schema.org","@graph":[{"@type":"Article","@id":"https:\/\/dementsus.ee\/en\/rahvusvaheliselt-tunnustatud-dementsuse-eestkoneleja-teun-toebes-tuleb-eestisse\/#article","isPartOf":{"@id":"https:\/\/dementsus.ee\/en\/rahvusvaheliselt-tunnustatud-dementsuse-eestkoneleja-teun-toebes-tuleb-eestisse\/"},"author":{"name":"Ragne Heiste","@id":"https:\/\/dementsus.ee\/en\/#\/schema\/person\/b61d220dad79260c276ba4eebc900400"},"headline":"Rahvusvaheliselt tunnustatud dementsuse eestk\u00f5neleja Teun Toebes tuleb Eestisse","datePublished":"2026-09-03T15:13:35+00:00","mainEntityOfPage":{"@id":"https:\/\/dementsus.ee\/en\/rahvusvaheliselt-tunnustatud-dementsuse-eestkoneleja-teun-toebes-tuleb-eestisse\/"},"wordCount":496,"publisher":{"@id":"https:\/\/dementsus.ee\/en\/#organization"},"image":{"@id":"https:\/\/dementsus.ee\/en\/rahvusvaheliselt-tunnustatud-dementsuse-eestkoneleja-teun-toebes-tuleb-eestisse\/#primaryimage"},"thumbnailUrl":"https:\/\/dementsus.ee\/wp-content\/uploads\/2026\/07\/Poster-Human-Forever-1.webp","articleSection":["M\u00e4\u00e4ratlemata"],"inLanguage":"en-US"},{"@type":"WebPage","@id":"https:\/\/dementsus.ee\/en\/rahvusvaheliselt-tunnustatud-dementsuse-eestkoneleja-teun-toebes-tuleb-eestisse\/","url":"https:\/\/dementsus.ee\/en\/rahvusvaheliselt-tunnustatud-dementsuse-eestkoneleja-teun-toebes-tuleb-eestisse\/","name":"Rahvusvaheliselt tunnustatud dementsuse eestk\u00f5neleja Teun Toebes tuleb Eestisse - Dementsuse Kompetentsikeskus","isPartOf":{"@id":"https:\/\/dementsus.ee\/en\/#website"},"primaryImageOfPage":{"@id":"https:\/\/dementsus.ee\/en\/rahvusvaheliselt-tunnustatud-dementsuse-eestkoneleja-teun-toebes-tuleb-eestisse\/#primaryimage"},"image":{"@id":"https:\/\/dementsus.ee\/en\/rahvusvaheliselt-tunnustatud-dementsuse-eestkoneleja-teun-toebes-tuleb-eestisse\/#primaryimage"},"thumbnailUrl":"https:\/\/dementsus.ee\/wp-content\/uploads\/2026\/07\/Poster-Human-Forever-1.webp","datePublished":"2026-09-03T15:13:35+00:00","breadcrumb":{"@id":"https:\/\/dementsus.ee\/en\/rahvusvaheliselt-tunnustatud-dementsuse-eestkoneleja-teun-toebes-tuleb-eestisse\/#breadcrumb"},"inLanguage":"en-US","potentialAction":[{"@type":"ReadAction","target":["https:\/\/dementsus.ee\/en\/rahvusvaheliselt-tunnustatud-dementsuse-eestkoneleja-teun-toebes-tuleb-eestisse\/"]}]},{"@type":"ImageObject","inLanguage":"en-US","@id":"https:\/\/dementsus.ee\/en\/rahvusvaheliselt-tunnustatud-dementsuse-eestkoneleja-teun-toebes-tuleb-eestisse\/#primaryimage","url":"https:\/\/dementsus.ee\/wp-content\/uploads\/2026\/07\/Poster-Human-Forever-1.webp","contentUrl":"https:\/\/dementsus.ee\/wp-content\/uploads\/2026\/07\/Poster-Human-Forever-1.webp","width":558,"height":846},{"@type":"BreadcrumbList","@id":"https:\/\/dementsus.ee\/en\/rahvusvaheliselt-tunnustatud-dementsuse-eestkoneleja-teun-toebes-tuleb-eestisse\/#breadcrumb","itemListElement":[{"@type":"ListItem","position":1,"name":"Esileht","item":"https:\/\/dementsus.ee\/en\/"},{"@type":"ListItem","position":2,"name":"Rahvusvaheliselt tunnustatud dementsuse eestk\u00f5neleja Teun Toebes tuleb Eestisse"}]},{"@type":"WebSite","@id":"https:\/\/dementsus.ee\/en\/#website","url":"https:\/\/dementsus.ee\/en\/","name":"Dementsuse Kompetentsikeskus","description":"dementsuse info ja abi","publisher":{"@id":"https:\/\/dementsus.ee\/en\/#organization"},"potentialAction":[{"@type":"SearchAction","target":{"@type":"EntryPoint","urlTemplate":"https:\/\/dementsus.ee\/en\/?s={search_term_string}"},"query-input":{"@type":"PropertyValueSpecification","valueRequired":true,"valueName":"search_term_string"}}],"inLanguage":"en-US"},{"@type":"Organization","@id":"https:\/\/dementsus.ee\/en\/#organization","name":"Dementsuse Kompetentsikeskus","url":"https:\/\/dementsus.ee\/en\/","logo":{"@type":"ImageObject","inLanguage":"en-US","@id":"https:\/\/dementsus.ee\/en\/#\/schema\/logo\/image\/","url":"https:\/\/dementsus.ee\/wp-content\/uploads\/2023\/07\/ED_logo_kodukale.svg","contentUrl":"https:\/\/dementsus.ee\/wp-content\/uploads\/2023\/07\/ED_logo_kodukale.svg","caption":"Dementsuse Kompetentsikeskus"},"image":{"@id":"https:\/\/dementsus.ee\/en\/#\/schema\/logo\/image\/"}},{"@type":"Person","@id":"https:\/\/dementsus.ee\/en\/#\/schema\/person\/b61d220dad79260c276ba4eebc900400","name":"Ragne Heiste","image":{"@type":"ImageObject","inLanguage":"en-US","@id":"https:\/\/dementsus.ee\/en\/#\/schema\/person\/image\/","url":"https:\/\/secure.gravatar.com\/avatar\/7cde9a72bac2fd9241de2d3854317c9226c6b434c5441cf82bfcef7aeed94442?s=96&d=mm&r=g","contentUrl":"https:\/\/secure.gravatar.com\/avatar\/7cde9a72bac2fd9241de2d3854317c9226c6b434c5441cf82bfcef7aeed94442?s=96&d=mm&r=g","caption":"Ragne Heiste"},"url":"https:\/\/dementsus.ee\/en\/author\/ragne\/"}]}},"_links":{"self":[{"href":"https:\/\/dementsus.ee\/en\/wp-json\/wp\/v2\/posts\/21568","targetHints":{"allow":["GET"]}}],"collection":[{"href":"https:\/\/dementsus.ee\/en\/wp-json\/wp\/v2\/posts"}],"about":[{"href":"https:\/\/dementsus.ee\/en\/wp-json\/wp\/v2\/types\/post"}],"author":[{"embeddable":true,"href":"https:\/\/dementsus.ee\/en\/wp-json\/wp\/v2\/users\/15"}],"replies":[{"embeddable":true,"href":"https:\/\/dementsus.ee\/en\/wp-json\/wp\/v2\/comments?post=21568"}],"version-history":[{"count":1,"href":"https:\/\/dementsus.ee\/en\/wp-json\/wp\/v2\/posts\/21568\/revisions"}],"predecessor-version":[{"id":21569,"href":"https:\/\/dementsus.ee\/en\/wp-json\/wp\/v2\/posts\/21568\/revisions\/21569"}],"wp:featuredmedia":[{"embeddable":true,"href":"https:\/\/dementsus.ee\/en\/wp-json\/wp\/v2\/media\/21324"}],"wp:attachment":[{"href":"https:\/\/dementsus.ee\/en\/wp-json\/wp\/v2\/media?parent=21568"}],"wp:term":[{"taxonomy":"category","embeddable":true,"href":"https:\/\/dementsus.ee\/en\/wp-json\/wp\/v2\/categories?post=21568"},{"taxonomy":"post_tag","embeddable":true,"href":"https:\/\/dementsus.ee\/en\/wp-json\/wp\/v2\/tags?post=21568"},{"taxonomy":"autor","embeddable":true,"href":"https:\/\/dementsus.ee\/en\/wp-json\/wp\/v2\/autor?post=21568"}],"curies":[{"name":"wp","href":"https:\/\/api.w.org\/{rel}","templated":true}]}}