{"id":2348,"date":"2020-05-29T13:09:43","date_gmt":"2020-05-29T13:09:43","guid":{"rendered":"https:\/\/eludementsusega.ee\/?p=2348"},"modified":"2020-05-29T13:09:43","modified_gmt":"2020-05-29T13:09:43","slug":"dementsuse-kompetentsikeskus-alustab-videoloengutega","status":"publish","type":"post","link":"https:\/\/dementsus.ee\/en\/dementsuse-kompetentsikeskus-alustab-videoloengutega\/","title":{"rendered":"Esimesed dementsuseteemalised videoloengud \u00f5petavad suhtlemistehnikaid"},"content":{"rendered":"<p>Dementsuse Kompetentsikeskusel on valminud esimesed videoloengud \u2013 l\u00fchikesed, 10\u201320-minutilised videoampsud, kus eksperdid v\u00f5tavad dementsuse teema vaatluse alla erinevate nurkade alt.<\/p>\n<p>Videoloengute sarja avab Tartu Tervishoiu K\u00f5rgkooli \u00f5ppej\u00f5ud Janika Pael kolmeosalise k\u00e4sitlusega &#8220;Suhtlemistehnikad dementsusega inimesega&#8221;. Kuidas suhelda kerge, m\u00f5\u00f5duka ning raske ja s\u00fcgava dementsusega inimesega, on vaatamiseks siin: <a href=\"https:\/\/eludementsusega.ee\/videod\/\">https:\/\/eludementsusega.ee\/videod\/<\/a>.<\/p>\n<p>Videoloengute rubriigil tasub silma peal hoida \u2013 juba l\u00e4hin\u00e4dalatel lisame uusi ning valik t\u00e4ieneb ajapikku.<\/p>\n<p>&nbsp;<\/p>\n","protected":false},"excerpt":{"rendered":"<p>Dementsuse Kompetentsikeskusel on valminud esimesed videoloengud \u2013 l\u00fchikesed, 10\u201320-minutilised videoampsud, kus eksperdid v\u00f5tavad dementsuse teema vaatluse alla erinevate nurkade alt. Videoloengute sarja avab Tartu Tervishoiu K\u00f5rgkooli \u00f5ppej\u00f5ud Janika Pael kolmeosalise k\u00e4sitlusega &#8220;Suhtlemistehnikad dementsusega inimesega&#8221;. Kuidas suhelda kerge, m\u00f5\u00f5duka ning raske ja s\u00fcgava dementsusega inimesega, on vaatamiseks siin: https:\/\/eludementsusega.ee\/videod\/. Videoloengute rubriigil tasub silma peal hoida \u2013 [&hellip;]<\/p>\n","protected":false},"author":2,"featured_media":812,"comment_status":"open","ping_status":"open","sticky":false,"template":"","format":"standard","meta":{"footnotes":""},"categories":[1],"tags":[],"autor":[],"class_list":["post-2348","post","type-post","status-publish","format-standard","has-post-thumbnail","hentry","category-maaratlemata"],"yoast_head":"<!-- This site is optimized with the Yoast SEO plugin v26.2 - https:\/\/yoast.com\/wordpress\/plugins\/seo\/ -->\n<title>Esimesed dementsuseteemalised videoloengud \u00f5petavad suhtlemistehnikaid - Dementsuse Kompetentsikeskus<\/title>\n<meta name=\"robots\" content=\"index, follow, max-snippet:-1, max-image-preview:large, max-video-preview:-1\" \/>\n<link rel=\"canonical\" href=\"https:\/\/dementsus.ee\/en\/dementsuse-kompetentsikeskus-alustab-videoloengutega\/\" \/>\n<meta property=\"og:locale\" content=\"en_US\" \/>\n<meta property=\"og:type\" content=\"article\" \/>\n<meta property=\"og:title\" content=\"Esimesed dementsuseteemalised videoloengud \u00f5petavad suhtlemistehnikaid - Dementsuse Kompetentsikeskus\" \/>\n<meta property=\"og:description\" content=\"Dementsuse Kompetentsikeskusel on valminud esimesed videoloengud \u2013 l\u00fchikesed, 10\u201320-minutilised videoampsud, kus eksperdid v\u00f5tavad dementsuse teema vaatluse alla erinevate nurkade alt. Videoloengute sarja avab Tartu Tervishoiu K\u00f5rgkooli \u00f5ppej\u00f5ud Janika Pael kolmeosalise k\u00e4sitlusega &#8220;Suhtlemistehnikad dementsusega inimesega&#8221;. Kuidas suhelda kerge, m\u00f5\u00f5duka ning raske ja s\u00fcgava dementsusega inimesega, on vaatamiseks siin: https:\/\/eludementsusega.ee\/videod\/. Videoloengute rubriigil tasub silma peal hoida \u2013 [&hellip;]\" \/>\n<meta property=\"og:url\" content=\"https:\/\/dementsus.ee\/en\/dementsuse-kompetentsikeskus-alustab-videoloengutega\/\" \/>\n<meta property=\"og:site_name\" content=\"Dementsuse Kompetentsikeskus\" \/>\n<meta property=\"article:published_time\" content=\"2020-05-29T13:09:43+00:00\" \/>\n<meta property=\"og:image\" content=\"https:\/\/dementsus.ee\/wp-content\/uploads\/2019\/07\/featured_image.jpg\" \/>\n\t<meta property=\"og:image:width\" content=\"920\" \/>\n\t<meta property=\"og:image:height\" content=\"620\" \/>\n\t<meta property=\"og:image:type\" content=\"image\/jpeg\" \/>\n<meta name=\"author\" content=\"Kermo\" \/>\n<meta name=\"twitter:card\" content=\"summary_large_image\" \/>\n<meta name=\"twitter:label1\" content=\"Written by\" \/>\n\t<meta name=\"twitter:data1\" content=\"Kermo\" \/>\n<script type=\"application\/ld+json\" class=\"yoast-schema-graph\">{\"@context\":\"https:\/\/schema.org\",\"@graph\":[{\"@type\":\"Article\",\"@id\":\"https:\/\/dementsus.ee\/en\/dementsuse-kompetentsikeskus-alustab-videoloengutega\/#article\",\"isPartOf\":{\"@id\":\"https:\/\/dementsus.ee\/en\/dementsuse-kompetentsikeskus-alustab-videoloengutega\/\"},\"author\":{\"name\":\"Kermo\",\"@id\":\"https:\/\/dementsus.ee\/en\/#\/schema\/person\/dd93d64f20e6c5add626937f6b5931ed\"},\"headline\":\"Esimesed dementsuseteemalised videoloengud \u00f5petavad suhtlemistehnikaid\",\"datePublished\":\"2020-05-29T13:09:43+00:00\",\"mainEntityOfPage\":{\"@id\":\"https:\/\/dementsus.ee\/en\/dementsuse-kompetentsikeskus-alustab-videoloengutega\/\"},\"wordCount\":80,\"commentCount\":0,\"publisher\":{\"@id\":\"https:\/\/dementsus.ee\/en\/#organization\"},\"image\":{\"@id\":\"https:\/\/dementsus.ee\/en\/dementsuse-kompetentsikeskus-alustab-videoloengutega\/#primaryimage\"},\"thumbnailUrl\":\"https:\/\/dementsus.ee\/wp-content\/uploads\/2019\/07\/featured_image.jpg\",\"articleSection\":[\"M\u00e4\u00e4ratlemata\"],\"inLanguage\":\"en-US\"},{\"@type\":\"WebPage\",\"@id\":\"https:\/\/dementsus.ee\/en\/dementsuse-kompetentsikeskus-alustab-videoloengutega\/\",\"url\":\"https:\/\/dementsus.ee\/en\/dementsuse-kompetentsikeskus-alustab-videoloengutega\/\",\"name\":\"Esimesed dementsuseteemalised videoloengud \u00f5petavad suhtlemistehnikaid - Dementsuse Kompetentsikeskus\",\"isPartOf\":{\"@id\":\"https:\/\/dementsus.ee\/en\/#website\"},\"primaryImageOfPage\":{\"@id\":\"https:\/\/dementsus.ee\/en\/dementsuse-kompetentsikeskus-alustab-videoloengutega\/#primaryimage\"},\"image\":{\"@id\":\"https:\/\/dementsus.ee\/en\/dementsuse-kompetentsikeskus-alustab-videoloengutega\/#primaryimage\"},\"thumbnailUrl\":\"https:\/\/dementsus.ee\/wp-content\/uploads\/2019\/07\/featured_image.jpg\",\"datePublished\":\"2020-05-29T13:09:43+00:00\",\"breadcrumb\":{\"@id\":\"https:\/\/dementsus.ee\/en\/dementsuse-kompetentsikeskus-alustab-videoloengutega\/#breadcrumb\"},\"inLanguage\":\"en-US\",\"potentialAction\":[{\"@type\":\"ReadAction\",\"target\":[\"https:\/\/dementsus.ee\/en\/dementsuse-kompetentsikeskus-alustab-videoloengutega\/\"]}]},{\"@type\":\"ImageObject\",\"inLanguage\":\"en-US\",\"@id\":\"https:\/\/dementsus.ee\/en\/dementsuse-kompetentsikeskus-alustab-videoloengutega\/#primaryimage\",\"url\":\"https:\/\/dementsus.ee\/wp-content\/uploads\/2019\/07\/featured_image.jpg\",\"contentUrl\":\"https:\/\/dementsus.ee\/wp-content\/uploads\/2019\/07\/featured_image.jpg\",\"width\":920,\"height\":620},{\"@type\":\"BreadcrumbList\",\"@id\":\"https:\/\/dementsus.ee\/en\/dementsuse-kompetentsikeskus-alustab-videoloengutega\/#breadcrumb\",\"itemListElement\":[{\"@type\":\"ListItem\",\"position\":1,\"name\":\"Esileht\",\"item\":\"https:\/\/dementsus.ee\/en\/\"},{\"@type\":\"ListItem\",\"position\":2,\"name\":\"Esimesed dementsuseteemalised videoloengud \u00f5petavad suhtlemistehnikaid\"}]},{\"@type\":\"WebSite\",\"@id\":\"https:\/\/dementsus.ee\/en\/#website\",\"url\":\"https:\/\/dementsus.ee\/en\/\",\"name\":\"Dementsuse Kompetentsikeskus\",\"description\":\"dementsuse info ja abi\",\"publisher\":{\"@id\":\"https:\/\/dementsus.ee\/en\/#organization\"},\"potentialAction\":[{\"@type\":\"SearchAction\",\"target\":{\"@type\":\"EntryPoint\",\"urlTemplate\":\"https:\/\/dementsus.ee\/en\/?s={search_term_string}\"},\"query-input\":{\"@type\":\"PropertyValueSpecification\",\"valueRequired\":true,\"valueName\":\"search_term_string\"}}],\"inLanguage\":\"en-US\"},{\"@type\":\"Organization\",\"@id\":\"https:\/\/dementsus.ee\/en\/#organization\",\"name\":\"Dementsuse Kompetentsikeskus\",\"url\":\"https:\/\/dementsus.ee\/en\/\",\"logo\":{\"@type\":\"ImageObject\",\"inLanguage\":\"en-US\",\"@id\":\"https:\/\/dementsus.ee\/en\/#\/schema\/logo\/image\/\",\"url\":\"https:\/\/dementsus.ee\/wp-content\/uploads\/2023\/07\/ED_logo_kodukale.svg\",\"contentUrl\":\"https:\/\/dementsus.ee\/wp-content\/uploads\/2023\/07\/ED_logo_kodukale.svg\",\"caption\":\"Dementsuse Kompetentsikeskus\"},\"image\":{\"@id\":\"https:\/\/dementsus.ee\/en\/#\/schema\/logo\/image\/\"}},{\"@type\":\"Person\",\"@id\":\"https:\/\/dementsus.ee\/en\/#\/schema\/person\/dd93d64f20e6c5add626937f6b5931ed\",\"name\":\"Kermo\",\"image\":{\"@type\":\"ImageObject\",\"inLanguage\":\"en-US\",\"@id\":\"https:\/\/dementsus.ee\/en\/#\/schema\/person\/image\/\",\"url\":\"https:\/\/secure.gravatar.com\/avatar\/b2f0128e9063b66b5c6e595d8f4c39037d52f729089f1ad5afc34656e1d58a64?s=96&d=mm&r=g\",\"contentUrl\":\"https:\/\/secure.gravatar.com\/avatar\/b2f0128e9063b66b5c6e595d8f4c39037d52f729089f1ad5afc34656e1d58a64?s=96&d=mm&r=g\",\"caption\":\"Kermo\"},\"url\":\"https:\/\/dementsus.ee\/en\/author\/kermo\/\"}]}<\/script>\n<!-- \/ Yoast SEO plugin. -->","yoast_head_json":{"title":"Esimesed dementsuseteemalised videoloengud \u00f5petavad suhtlemistehnikaid - Dementsuse Kompetentsikeskus","robots":{"index":"index","follow":"follow","max-snippet":"max-snippet:-1","max-image-preview":"max-image-preview:large","max-video-preview":"max-video-preview:-1"},"canonical":"https:\/\/dementsus.ee\/en\/dementsuse-kompetentsikeskus-alustab-videoloengutega\/","og_locale":"en_US","og_type":"article","og_title":"Esimesed dementsuseteemalised videoloengud \u00f5petavad suhtlemistehnikaid - Dementsuse Kompetentsikeskus","og_description":"Dementsuse Kompetentsikeskusel on valminud esimesed videoloengud \u2013 l\u00fchikesed, 10\u201320-minutilised videoampsud, kus eksperdid v\u00f5tavad dementsuse teema vaatluse alla erinevate nurkade alt. Videoloengute sarja avab Tartu Tervishoiu K\u00f5rgkooli \u00f5ppej\u00f5ud Janika Pael kolmeosalise k\u00e4sitlusega &#8220;Suhtlemistehnikad dementsusega inimesega&#8221;. Kuidas suhelda kerge, m\u00f5\u00f5duka ning raske ja s\u00fcgava dementsusega inimesega, on vaatamiseks siin: https:\/\/eludementsusega.ee\/videod\/. Videoloengute rubriigil tasub silma peal hoida \u2013 [&hellip;]","og_url":"https:\/\/dementsus.ee\/en\/dementsuse-kompetentsikeskus-alustab-videoloengutega\/","og_site_name":"Dementsuse Kompetentsikeskus","article_published_time":"2020-05-29T13:09:43+00:00","og_image":[{"width":920,"height":620,"url":"https:\/\/dementsus.ee\/wp-content\/uploads\/2019\/07\/featured_image.jpg","type":"image\/jpeg"}],"author":"Kermo","twitter_card":"summary_large_image","twitter_misc":{"Written by":"Kermo"},"schema":{"@context":"https:\/\/schema.org","@graph":[{"@type":"Article","@id":"https:\/\/dementsus.ee\/en\/dementsuse-kompetentsikeskus-alustab-videoloengutega\/#article","isPartOf":{"@id":"https:\/\/dementsus.ee\/en\/dementsuse-kompetentsikeskus-alustab-videoloengutega\/"},"author":{"name":"Kermo","@id":"https:\/\/dementsus.ee\/en\/#\/schema\/person\/dd93d64f20e6c5add626937f6b5931ed"},"headline":"Esimesed dementsuseteemalised videoloengud \u00f5petavad suhtlemistehnikaid","datePublished":"2020-05-29T13:09:43+00:00","mainEntityOfPage":{"@id":"https:\/\/dementsus.ee\/en\/dementsuse-kompetentsikeskus-alustab-videoloengutega\/"},"wordCount":80,"commentCount":0,"publisher":{"@id":"https:\/\/dementsus.ee\/en\/#organization"},"image":{"@id":"https:\/\/dementsus.ee\/en\/dementsuse-kompetentsikeskus-alustab-videoloengutega\/#primaryimage"},"thumbnailUrl":"https:\/\/dementsus.ee\/wp-content\/uploads\/2019\/07\/featured_image.jpg","articleSection":["M\u00e4\u00e4ratlemata"],"inLanguage":"en-US"},{"@type":"WebPage","@id":"https:\/\/dementsus.ee\/en\/dementsuse-kompetentsikeskus-alustab-videoloengutega\/","url":"https:\/\/dementsus.ee\/en\/dementsuse-kompetentsikeskus-alustab-videoloengutega\/","name":"Esimesed dementsuseteemalised videoloengud \u00f5petavad suhtlemistehnikaid - Dementsuse Kompetentsikeskus","isPartOf":{"@id":"https:\/\/dementsus.ee\/en\/#website"},"primaryImageOfPage":{"@id":"https:\/\/dementsus.ee\/en\/dementsuse-kompetentsikeskus-alustab-videoloengutega\/#primaryimage"},"image":{"@id":"https:\/\/dementsus.ee\/en\/dementsuse-kompetentsikeskus-alustab-videoloengutega\/#primaryimage"},"thumbnailUrl":"https:\/\/dementsus.ee\/wp-content\/uploads\/2019\/07\/featured_image.jpg","datePublished":"2020-05-29T13:09:43+00:00","breadcrumb":{"@id":"https:\/\/dementsus.ee\/en\/dementsuse-kompetentsikeskus-alustab-videoloengutega\/#breadcrumb"},"inLanguage":"en-US","potentialAction":[{"@type":"ReadAction","target":["https:\/\/dementsus.ee\/en\/dementsuse-kompetentsikeskus-alustab-videoloengutega\/"]}]},{"@type":"ImageObject","inLanguage":"en-US","@id":"https:\/\/dementsus.ee\/en\/dementsuse-kompetentsikeskus-alustab-videoloengutega\/#primaryimage","url":"https:\/\/dementsus.ee\/wp-content\/uploads\/2019\/07\/featured_image.jpg","contentUrl":"https:\/\/dementsus.ee\/wp-content\/uploads\/2019\/07\/featured_image.jpg","width":920,"height":620},{"@type":"BreadcrumbList","@id":"https:\/\/dementsus.ee\/en\/dementsuse-kompetentsikeskus-alustab-videoloengutega\/#breadcrumb","itemListElement":[{"@type":"ListItem","position":1,"name":"Esileht","item":"https:\/\/dementsus.ee\/en\/"},{"@type":"ListItem","position":2,"name":"Esimesed dementsuseteemalised videoloengud \u00f5petavad suhtlemistehnikaid"}]},{"@type":"WebSite","@id":"https:\/\/dementsus.ee\/en\/#website","url":"https:\/\/dementsus.ee\/en\/","name":"Dementsuse Kompetentsikeskus","description":"dementsuse info ja abi","publisher":{"@id":"https:\/\/dementsus.ee\/en\/#organization"},"potentialAction":[{"@type":"SearchAction","target":{"@type":"EntryPoint","urlTemplate":"https:\/\/dementsus.ee\/en\/?s={search_term_string}"},"query-input":{"@type":"PropertyValueSpecification","valueRequired":true,"valueName":"search_term_string"}}],"inLanguage":"en-US"},{"@type":"Organization","@id":"https:\/\/dementsus.ee\/en\/#organization","name":"Dementsuse Kompetentsikeskus","url":"https:\/\/dementsus.ee\/en\/","logo":{"@type":"ImageObject","inLanguage":"en-US","@id":"https:\/\/dementsus.ee\/en\/#\/schema\/logo\/image\/","url":"https:\/\/dementsus.ee\/wp-content\/uploads\/2023\/07\/ED_logo_kodukale.svg","contentUrl":"https:\/\/dementsus.ee\/wp-content\/uploads\/2023\/07\/ED_logo_kodukale.svg","caption":"Dementsuse Kompetentsikeskus"},"image":{"@id":"https:\/\/dementsus.ee\/en\/#\/schema\/logo\/image\/"}},{"@type":"Person","@id":"https:\/\/dementsus.ee\/en\/#\/schema\/person\/dd93d64f20e6c5add626937f6b5931ed","name":"Kermo","image":{"@type":"ImageObject","inLanguage":"en-US","@id":"https:\/\/dementsus.ee\/en\/#\/schema\/person\/image\/","url":"https:\/\/secure.gravatar.com\/avatar\/b2f0128e9063b66b5c6e595d8f4c39037d52f729089f1ad5afc34656e1d58a64?s=96&d=mm&r=g","contentUrl":"https:\/\/secure.gravatar.com\/avatar\/b2f0128e9063b66b5c6e595d8f4c39037d52f729089f1ad5afc34656e1d58a64?s=96&d=mm&r=g","caption":"Kermo"},"url":"https:\/\/dementsus.ee\/en\/author\/kermo\/"}]}},"_links":{"self":[{"href":"https:\/\/dementsus.ee\/en\/wp-json\/wp\/v2\/posts\/2348","targetHints":{"allow":["GET"]}}],"collection":[{"href":"https:\/\/dementsus.ee\/en\/wp-json\/wp\/v2\/posts"}],"about":[{"href":"https:\/\/dementsus.ee\/en\/wp-json\/wp\/v2\/types\/post"}],"author":[{"embeddable":true,"href":"https:\/\/dementsus.ee\/en\/wp-json\/wp\/v2\/users\/2"}],"replies":[{"embeddable":true,"href":"https:\/\/dementsus.ee\/en\/wp-json\/wp\/v2\/comments?post=2348"}],"version-history":[{"count":0,"href":"https:\/\/dementsus.ee\/en\/wp-json\/wp\/v2\/posts\/2348\/revisions"}],"wp:featuredmedia":[{"embeddable":true,"href":"https:\/\/dementsus.ee\/en\/wp-json\/wp\/v2\/media\/812"}],"wp:attachment":[{"href":"https:\/\/dementsus.ee\/en\/wp-json\/wp\/v2\/media?parent=2348"}],"wp:term":[{"taxonomy":"category","embeddable":true,"href":"https:\/\/dementsus.ee\/en\/wp-json\/wp\/v2\/categories?post=2348"},{"taxonomy":"post_tag","embeddable":true,"href":"https:\/\/dementsus.ee\/en\/wp-json\/wp\/v2\/tags?post=2348"},{"taxonomy":"autor","embeddable":true,"href":"https:\/\/dementsus.ee\/en\/wp-json\/wp\/v2\/autor?post=2348"}],"curies":[{"name":"wp","href":"https:\/\/api.w.org\/{rel}","templated":true}]}}