{"id":2412,"date":"2020-06-15T05:31:35","date_gmt":"2020-06-15T05:31:35","guid":{"rendered":"https:\/\/eludementsusega.ee\/?p=2412"},"modified":"2020-06-15T05:31:35","modified_gmt":"2020-06-15T05:31:35","slug":"teenuste-kattesaadavus-ja-hinnad-on-kohalikes-omavalitsustes-vaga-erinevad","status":"publish","type":"post","link":"https:\/\/dementsus.ee\/en\/teenuste-kattesaadavus-ja-hinnad-on-kohalikes-omavalitsustes-vaga-erinevad\/","title":{"rendered":"Teenuste k\u00e4ttesaadavus ja hinnad on kohalikes omavalitsustes v\u00e4ga erinevad"},"content":{"rendered":"<p>Dementsuse Kompetentsikeskus (DKK) koostas <a href=\"https:\/\/eludementsusega.ee\/app\/uploads\/2020\/06\/DKK-KOV-teenuste-kaardistus-juuni-2020.xlsx\" target=\"_blank\" rel=\"noopener noreferrer\">kaardistuse<\/a> dementsusega inimestele sobivate teenuste kohta kohalikes omavalitsustes. Kaardistuse alusel on tehtud\u00a0<a href=\"https:\/\/eludementsusega.ee\/app\/uploads\/2020\/06\/DKK-Anal%C3%BC%C3%BCs-kohalike-omavalitsuste-sotsiaalteenustest-2020.pdf\" target=\"_blank\" rel=\"noopener noreferrer\">anal\u00fc\u00fcs<\/a> teenuste k\u00e4ttesaadavusest, peamistest probleemidest ja headest praktikatest. Kaardistus n\u00e4itab, et teenuste k\u00e4ttesaadavus s\u00f5ltub paljuski teenust vajava inimese kohalikust omavalitsusest. Kindlasti ei saa \u00f6elda, et teenuste k\u00e4ttesaadavus on \u00fchtlaselt tagatud. Dementsusega inimene elab sageli perekonnas ning p\u00f5him\u00f5te, mida paljud omavalitsused rakendavad, et sel juhul puudub abi- ja hooldusvajadusega isikul ja ta perel \u00f5igus saada teenuseid, on j\u00e4tnud paljud pered h\u00e4tta. DKK poole p\u00f6\u00f6rdutakse, kui olukord on pere jaoks juba v\u00e4ljap\u00e4\u00e4smatult keeruline. Teatud roll v\u00f5ib olla ka madalal teadlikkusel teenustest ning usaldamatus omavalitsuste suhtes. Teenused on paremini k\u00e4ttesaadavad omavalitsustes, kes l\u00e4htuvad teenus pakkumisel sisulisest abivajadusest ning ei kaasa teenuste osutamisse v\u00f5i rahastamisse perekonda. Teenuste pakett on \u00fchek\u00fclgne ja teenuseid ei kombineerita.<\/p>\n<p>Kaardistuse aluseks on omavalitsuste sotsiaalteenuseid reguleerivad korrad ning kodulehtedel olev info aprillikuu 2020 seisuga. T\u00fchi lahter tabelis t\u00e4hendab, et info teenuse kohta ei olnud sel ajahetkel leitav. Kui omavalitsus soovib teha t\u00e4pustusi oma teenuste kohta, siis palun andke sellest teada aadressil info@eludementsusega.ee.<\/p>\n","protected":false},"excerpt":{"rendered":"<p>Dementsuse Kompetentsikeskus (DKK) koostas kaardistuse dementsusega inimestele sobivate teenuste kohta kohalikes omavalitsustes. Kaardistuse alusel on tehtud\u00a0anal\u00fc\u00fcs teenuste k\u00e4ttesaadavusest, peamistest probleemidest ja headest praktikatest. Kaardistus n\u00e4itab, et teenuste k\u00e4ttesaadavus s\u00f5ltub paljuski teenust vajava inimese kohalikust omavalitsusest. Kindlasti ei saa \u00f6elda, et teenuste k\u00e4ttesaadavus on \u00fchtlaselt tagatud. Dementsusega inimene elab sageli perekonnas ning p\u00f5him\u00f5te, mida paljud omavalitsused [&hellip;]<\/p>\n","protected":false},"author":2,"featured_media":812,"comment_status":"open","ping_status":"open","sticky":false,"template":"","format":"standard","meta":{"footnotes":""},"categories":[1],"tags":[],"autor":[],"class_list":["post-2412","post","type-post","status-publish","format-standard","has-post-thumbnail","hentry","category-maaratlemata"],"yoast_head":"<!-- This site is optimized with the Yoast SEO plugin v26.2 - https:\/\/yoast.com\/wordpress\/plugins\/seo\/ -->\n<title>Teenuste k\u00e4ttesaadavus ja hinnad on kohalikes omavalitsustes v\u00e4ga erinevad - Dementsuse Kompetentsikeskus<\/title>\n<meta name=\"robots\" content=\"index, follow, max-snippet:-1, max-image-preview:large, max-video-preview:-1\" \/>\n<link rel=\"canonical\" href=\"https:\/\/dementsus.ee\/en\/teenuste-kattesaadavus-ja-hinnad-on-kohalikes-omavalitsustes-vaga-erinevad\/\" \/>\n<meta property=\"og:locale\" content=\"en_US\" \/>\n<meta property=\"og:type\" content=\"article\" \/>\n<meta property=\"og:title\" content=\"Teenuste k\u00e4ttesaadavus ja hinnad on kohalikes omavalitsustes v\u00e4ga erinevad - Dementsuse Kompetentsikeskus\" \/>\n<meta property=\"og:description\" content=\"Dementsuse Kompetentsikeskus (DKK) koostas kaardistuse dementsusega inimestele sobivate teenuste kohta kohalikes omavalitsustes. Kaardistuse alusel on tehtud\u00a0anal\u00fc\u00fcs teenuste k\u00e4ttesaadavusest, peamistest probleemidest ja headest praktikatest. Kaardistus n\u00e4itab, et teenuste k\u00e4ttesaadavus s\u00f5ltub paljuski teenust vajava inimese kohalikust omavalitsusest. Kindlasti ei saa \u00f6elda, et teenuste k\u00e4ttesaadavus on \u00fchtlaselt tagatud. Dementsusega inimene elab sageli perekonnas ning p\u00f5him\u00f5te, mida paljud omavalitsused [&hellip;]\" \/>\n<meta property=\"og:url\" content=\"https:\/\/dementsus.ee\/en\/teenuste-kattesaadavus-ja-hinnad-on-kohalikes-omavalitsustes-vaga-erinevad\/\" \/>\n<meta property=\"og:site_name\" content=\"Dementsuse Kompetentsikeskus\" \/>\n<meta property=\"article:published_time\" content=\"2020-06-15T05:31:35+00:00\" \/>\n<meta property=\"og:image\" content=\"https:\/\/dementsus.ee\/wp-content\/uploads\/2019\/07\/featured_image.jpg\" \/>\n\t<meta property=\"og:image:width\" content=\"920\" \/>\n\t<meta property=\"og:image:height\" content=\"620\" \/>\n\t<meta property=\"og:image:type\" content=\"image\/jpeg\" \/>\n<meta name=\"author\" content=\"Kermo\" \/>\n<meta name=\"twitter:card\" content=\"summary_large_image\" \/>\n<meta name=\"twitter:label1\" content=\"Written by\" \/>\n\t<meta name=\"twitter:data1\" content=\"Kermo\" \/>\n\t<meta name=\"twitter:label2\" content=\"Est. reading time\" \/>\n\t<meta name=\"twitter:data2\" content=\"1 minute\" \/>\n<script type=\"application\/ld+json\" class=\"yoast-schema-graph\">{\"@context\":\"https:\/\/schema.org\",\"@graph\":[{\"@type\":\"Article\",\"@id\":\"https:\/\/dementsus.ee\/en\/teenuste-kattesaadavus-ja-hinnad-on-kohalikes-omavalitsustes-vaga-erinevad\/#article\",\"isPartOf\":{\"@id\":\"https:\/\/dementsus.ee\/en\/teenuste-kattesaadavus-ja-hinnad-on-kohalikes-omavalitsustes-vaga-erinevad\/\"},\"author\":{\"name\":\"Kermo\",\"@id\":\"https:\/\/dementsus.ee\/en\/#\/schema\/person\/dd93d64f20e6c5add626937f6b5931ed\"},\"headline\":\"Teenuste k\u00e4ttesaadavus ja hinnad on kohalikes omavalitsustes v\u00e4ga erinevad\",\"datePublished\":\"2020-06-15T05:31:35+00:00\",\"mainEntityOfPage\":{\"@id\":\"https:\/\/dementsus.ee\/en\/teenuste-kattesaadavus-ja-hinnad-on-kohalikes-omavalitsustes-vaga-erinevad\/\"},\"wordCount\":201,\"commentCount\":0,\"publisher\":{\"@id\":\"https:\/\/dementsus.ee\/en\/#organization\"},\"image\":{\"@id\":\"https:\/\/dementsus.ee\/en\/teenuste-kattesaadavus-ja-hinnad-on-kohalikes-omavalitsustes-vaga-erinevad\/#primaryimage\"},\"thumbnailUrl\":\"https:\/\/dementsus.ee\/wp-content\/uploads\/2019\/07\/featured_image.jpg\",\"articleSection\":[\"M\u00e4\u00e4ratlemata\"],\"inLanguage\":\"en-US\"},{\"@type\":\"WebPage\",\"@id\":\"https:\/\/dementsus.ee\/en\/teenuste-kattesaadavus-ja-hinnad-on-kohalikes-omavalitsustes-vaga-erinevad\/\",\"url\":\"https:\/\/dementsus.ee\/en\/teenuste-kattesaadavus-ja-hinnad-on-kohalikes-omavalitsustes-vaga-erinevad\/\",\"name\":\"Teenuste k\u00e4ttesaadavus ja hinnad on kohalikes omavalitsustes v\u00e4ga erinevad - Dementsuse Kompetentsikeskus\",\"isPartOf\":{\"@id\":\"https:\/\/dementsus.ee\/en\/#website\"},\"primaryImageOfPage\":{\"@id\":\"https:\/\/dementsus.ee\/en\/teenuste-kattesaadavus-ja-hinnad-on-kohalikes-omavalitsustes-vaga-erinevad\/#primaryimage\"},\"image\":{\"@id\":\"https:\/\/dementsus.ee\/en\/teenuste-kattesaadavus-ja-hinnad-on-kohalikes-omavalitsustes-vaga-erinevad\/#primaryimage\"},\"thumbnailUrl\":\"https:\/\/dementsus.ee\/wp-content\/uploads\/2019\/07\/featured_image.jpg\",\"datePublished\":\"2020-06-15T05:31:35+00:00\",\"breadcrumb\":{\"@id\":\"https:\/\/dementsus.ee\/en\/teenuste-kattesaadavus-ja-hinnad-on-kohalikes-omavalitsustes-vaga-erinevad\/#breadcrumb\"},\"inLanguage\":\"en-US\",\"potentialAction\":[{\"@type\":\"ReadAction\",\"target\":[\"https:\/\/dementsus.ee\/en\/teenuste-kattesaadavus-ja-hinnad-on-kohalikes-omavalitsustes-vaga-erinevad\/\"]}]},{\"@type\":\"ImageObject\",\"inLanguage\":\"en-US\",\"@id\":\"https:\/\/dementsus.ee\/en\/teenuste-kattesaadavus-ja-hinnad-on-kohalikes-omavalitsustes-vaga-erinevad\/#primaryimage\",\"url\":\"https:\/\/dementsus.ee\/wp-content\/uploads\/2019\/07\/featured_image.jpg\",\"contentUrl\":\"https:\/\/dementsus.ee\/wp-content\/uploads\/2019\/07\/featured_image.jpg\",\"width\":920,\"height\":620},{\"@type\":\"BreadcrumbList\",\"@id\":\"https:\/\/dementsus.ee\/en\/teenuste-kattesaadavus-ja-hinnad-on-kohalikes-omavalitsustes-vaga-erinevad\/#breadcrumb\",\"itemListElement\":[{\"@type\":\"ListItem\",\"position\":1,\"name\":\"Esileht\",\"item\":\"https:\/\/dementsus.ee\/en\/\"},{\"@type\":\"ListItem\",\"position\":2,\"name\":\"Teenuste k\u00e4ttesaadavus ja hinnad on kohalikes omavalitsustes v\u00e4ga erinevad\"}]},{\"@type\":\"WebSite\",\"@id\":\"https:\/\/dementsus.ee\/en\/#website\",\"url\":\"https:\/\/dementsus.ee\/en\/\",\"name\":\"Dementsuse Kompetentsikeskus\",\"description\":\"dementsuse info ja abi\",\"publisher\":{\"@id\":\"https:\/\/dementsus.ee\/en\/#organization\"},\"potentialAction\":[{\"@type\":\"SearchAction\",\"target\":{\"@type\":\"EntryPoint\",\"urlTemplate\":\"https:\/\/dementsus.ee\/en\/?s={search_term_string}\"},\"query-input\":{\"@type\":\"PropertyValueSpecification\",\"valueRequired\":true,\"valueName\":\"search_term_string\"}}],\"inLanguage\":\"en-US\"},{\"@type\":\"Organization\",\"@id\":\"https:\/\/dementsus.ee\/en\/#organization\",\"name\":\"Dementsuse Kompetentsikeskus\",\"url\":\"https:\/\/dementsus.ee\/en\/\",\"logo\":{\"@type\":\"ImageObject\",\"inLanguage\":\"en-US\",\"@id\":\"https:\/\/dementsus.ee\/en\/#\/schema\/logo\/image\/\",\"url\":\"https:\/\/dementsus.ee\/wp-content\/uploads\/2023\/07\/ED_logo_kodukale.svg\",\"contentUrl\":\"https:\/\/dementsus.ee\/wp-content\/uploads\/2023\/07\/ED_logo_kodukale.svg\",\"caption\":\"Dementsuse Kompetentsikeskus\"},\"image\":{\"@id\":\"https:\/\/dementsus.ee\/en\/#\/schema\/logo\/image\/\"}},{\"@type\":\"Person\",\"@id\":\"https:\/\/dementsus.ee\/en\/#\/schema\/person\/dd93d64f20e6c5add626937f6b5931ed\",\"name\":\"Kermo\",\"image\":{\"@type\":\"ImageObject\",\"inLanguage\":\"en-US\",\"@id\":\"https:\/\/dementsus.ee\/en\/#\/schema\/person\/image\/\",\"url\":\"https:\/\/secure.gravatar.com\/avatar\/b2f0128e9063b66b5c6e595d8f4c39037d52f729089f1ad5afc34656e1d58a64?s=96&d=mm&r=g\",\"contentUrl\":\"https:\/\/secure.gravatar.com\/avatar\/b2f0128e9063b66b5c6e595d8f4c39037d52f729089f1ad5afc34656e1d58a64?s=96&d=mm&r=g\",\"caption\":\"Kermo\"},\"url\":\"https:\/\/dementsus.ee\/en\/author\/kermo\/\"}]}<\/script>\n<!-- \/ Yoast SEO plugin. -->","yoast_head_json":{"title":"Teenuste k\u00e4ttesaadavus ja hinnad on kohalikes omavalitsustes v\u00e4ga erinevad - Dementsuse Kompetentsikeskus","robots":{"index":"index","follow":"follow","max-snippet":"max-snippet:-1","max-image-preview":"max-image-preview:large","max-video-preview":"max-video-preview:-1"},"canonical":"https:\/\/dementsus.ee\/en\/teenuste-kattesaadavus-ja-hinnad-on-kohalikes-omavalitsustes-vaga-erinevad\/","og_locale":"en_US","og_type":"article","og_title":"Teenuste k\u00e4ttesaadavus ja hinnad on kohalikes omavalitsustes v\u00e4ga erinevad - Dementsuse Kompetentsikeskus","og_description":"Dementsuse Kompetentsikeskus (DKK) koostas kaardistuse dementsusega inimestele sobivate teenuste kohta kohalikes omavalitsustes. Kaardistuse alusel on tehtud\u00a0anal\u00fc\u00fcs teenuste k\u00e4ttesaadavusest, peamistest probleemidest ja headest praktikatest. Kaardistus n\u00e4itab, et teenuste k\u00e4ttesaadavus s\u00f5ltub paljuski teenust vajava inimese kohalikust omavalitsusest. Kindlasti ei saa \u00f6elda, et teenuste k\u00e4ttesaadavus on \u00fchtlaselt tagatud. Dementsusega inimene elab sageli perekonnas ning p\u00f5him\u00f5te, mida paljud omavalitsused [&hellip;]","og_url":"https:\/\/dementsus.ee\/en\/teenuste-kattesaadavus-ja-hinnad-on-kohalikes-omavalitsustes-vaga-erinevad\/","og_site_name":"Dementsuse Kompetentsikeskus","article_published_time":"2020-06-15T05:31:35+00:00","og_image":[{"width":920,"height":620,"url":"https:\/\/dementsus.ee\/wp-content\/uploads\/2019\/07\/featured_image.jpg","type":"image\/jpeg"}],"author":"Kermo","twitter_card":"summary_large_image","twitter_misc":{"Written by":"Kermo","Est. reading time":"1 minute"},"schema":{"@context":"https:\/\/schema.org","@graph":[{"@type":"Article","@id":"https:\/\/dementsus.ee\/en\/teenuste-kattesaadavus-ja-hinnad-on-kohalikes-omavalitsustes-vaga-erinevad\/#article","isPartOf":{"@id":"https:\/\/dementsus.ee\/en\/teenuste-kattesaadavus-ja-hinnad-on-kohalikes-omavalitsustes-vaga-erinevad\/"},"author":{"name":"Kermo","@id":"https:\/\/dementsus.ee\/en\/#\/schema\/person\/dd93d64f20e6c5add626937f6b5931ed"},"headline":"Teenuste k\u00e4ttesaadavus ja hinnad on kohalikes omavalitsustes v\u00e4ga erinevad","datePublished":"2020-06-15T05:31:35+00:00","mainEntityOfPage":{"@id":"https:\/\/dementsus.ee\/en\/teenuste-kattesaadavus-ja-hinnad-on-kohalikes-omavalitsustes-vaga-erinevad\/"},"wordCount":201,"commentCount":0,"publisher":{"@id":"https:\/\/dementsus.ee\/en\/#organization"},"image":{"@id":"https:\/\/dementsus.ee\/en\/teenuste-kattesaadavus-ja-hinnad-on-kohalikes-omavalitsustes-vaga-erinevad\/#primaryimage"},"thumbnailUrl":"https:\/\/dementsus.ee\/wp-content\/uploads\/2019\/07\/featured_image.jpg","articleSection":["M\u00e4\u00e4ratlemata"],"inLanguage":"en-US"},{"@type":"WebPage","@id":"https:\/\/dementsus.ee\/en\/teenuste-kattesaadavus-ja-hinnad-on-kohalikes-omavalitsustes-vaga-erinevad\/","url":"https:\/\/dementsus.ee\/en\/teenuste-kattesaadavus-ja-hinnad-on-kohalikes-omavalitsustes-vaga-erinevad\/","name":"Teenuste k\u00e4ttesaadavus ja hinnad on kohalikes omavalitsustes v\u00e4ga erinevad - Dementsuse Kompetentsikeskus","isPartOf":{"@id":"https:\/\/dementsus.ee\/en\/#website"},"primaryImageOfPage":{"@id":"https:\/\/dementsus.ee\/en\/teenuste-kattesaadavus-ja-hinnad-on-kohalikes-omavalitsustes-vaga-erinevad\/#primaryimage"},"image":{"@id":"https:\/\/dementsus.ee\/en\/teenuste-kattesaadavus-ja-hinnad-on-kohalikes-omavalitsustes-vaga-erinevad\/#primaryimage"},"thumbnailUrl":"https:\/\/dementsus.ee\/wp-content\/uploads\/2019\/07\/featured_image.jpg","datePublished":"2020-06-15T05:31:35+00:00","breadcrumb":{"@id":"https:\/\/dementsus.ee\/en\/teenuste-kattesaadavus-ja-hinnad-on-kohalikes-omavalitsustes-vaga-erinevad\/#breadcrumb"},"inLanguage":"en-US","potentialAction":[{"@type":"ReadAction","target":["https:\/\/dementsus.ee\/en\/teenuste-kattesaadavus-ja-hinnad-on-kohalikes-omavalitsustes-vaga-erinevad\/"]}]},{"@type":"ImageObject","inLanguage":"en-US","@id":"https:\/\/dementsus.ee\/en\/teenuste-kattesaadavus-ja-hinnad-on-kohalikes-omavalitsustes-vaga-erinevad\/#primaryimage","url":"https:\/\/dementsus.ee\/wp-content\/uploads\/2019\/07\/featured_image.jpg","contentUrl":"https:\/\/dementsus.ee\/wp-content\/uploads\/2019\/07\/featured_image.jpg","width":920,"height":620},{"@type":"BreadcrumbList","@id":"https:\/\/dementsus.ee\/en\/teenuste-kattesaadavus-ja-hinnad-on-kohalikes-omavalitsustes-vaga-erinevad\/#breadcrumb","itemListElement":[{"@type":"ListItem","position":1,"name":"Esileht","item":"https:\/\/dementsus.ee\/en\/"},{"@type":"ListItem","position":2,"name":"Teenuste k\u00e4ttesaadavus ja hinnad on kohalikes omavalitsustes v\u00e4ga erinevad"}]},{"@type":"WebSite","@id":"https:\/\/dementsus.ee\/en\/#website","url":"https:\/\/dementsus.ee\/en\/","name":"Dementsuse Kompetentsikeskus","description":"dementsuse info ja abi","publisher":{"@id":"https:\/\/dementsus.ee\/en\/#organization"},"potentialAction":[{"@type":"SearchAction","target":{"@type":"EntryPoint","urlTemplate":"https:\/\/dementsus.ee\/en\/?s={search_term_string}"},"query-input":{"@type":"PropertyValueSpecification","valueRequired":true,"valueName":"search_term_string"}}],"inLanguage":"en-US"},{"@type":"Organization","@id":"https:\/\/dementsus.ee\/en\/#organization","name":"Dementsuse Kompetentsikeskus","url":"https:\/\/dementsus.ee\/en\/","logo":{"@type":"ImageObject","inLanguage":"en-US","@id":"https:\/\/dementsus.ee\/en\/#\/schema\/logo\/image\/","url":"https:\/\/dementsus.ee\/wp-content\/uploads\/2023\/07\/ED_logo_kodukale.svg","contentUrl":"https:\/\/dementsus.ee\/wp-content\/uploads\/2023\/07\/ED_logo_kodukale.svg","caption":"Dementsuse Kompetentsikeskus"},"image":{"@id":"https:\/\/dementsus.ee\/en\/#\/schema\/logo\/image\/"}},{"@type":"Person","@id":"https:\/\/dementsus.ee\/en\/#\/schema\/person\/dd93d64f20e6c5add626937f6b5931ed","name":"Kermo","image":{"@type":"ImageObject","inLanguage":"en-US","@id":"https:\/\/dementsus.ee\/en\/#\/schema\/person\/image\/","url":"https:\/\/secure.gravatar.com\/avatar\/b2f0128e9063b66b5c6e595d8f4c39037d52f729089f1ad5afc34656e1d58a64?s=96&d=mm&r=g","contentUrl":"https:\/\/secure.gravatar.com\/avatar\/b2f0128e9063b66b5c6e595d8f4c39037d52f729089f1ad5afc34656e1d58a64?s=96&d=mm&r=g","caption":"Kermo"},"url":"https:\/\/dementsus.ee\/en\/author\/kermo\/"}]}},"_links":{"self":[{"href":"https:\/\/dementsus.ee\/en\/wp-json\/wp\/v2\/posts\/2412","targetHints":{"allow":["GET"]}}],"collection":[{"href":"https:\/\/dementsus.ee\/en\/wp-json\/wp\/v2\/posts"}],"about":[{"href":"https:\/\/dementsus.ee\/en\/wp-json\/wp\/v2\/types\/post"}],"author":[{"embeddable":true,"href":"https:\/\/dementsus.ee\/en\/wp-json\/wp\/v2\/users\/2"}],"replies":[{"embeddable":true,"href":"https:\/\/dementsus.ee\/en\/wp-json\/wp\/v2\/comments?post=2412"}],"version-history":[{"count":0,"href":"https:\/\/dementsus.ee\/en\/wp-json\/wp\/v2\/posts\/2412\/revisions"}],"wp:featuredmedia":[{"embeddable":true,"href":"https:\/\/dementsus.ee\/en\/wp-json\/wp\/v2\/media\/812"}],"wp:attachment":[{"href":"https:\/\/dementsus.ee\/en\/wp-json\/wp\/v2\/media?parent=2412"}],"wp:term":[{"taxonomy":"category","embeddable":true,"href":"https:\/\/dementsus.ee\/en\/wp-json\/wp\/v2\/categories?post=2412"},{"taxonomy":"post_tag","embeddable":true,"href":"https:\/\/dementsus.ee\/en\/wp-json\/wp\/v2\/tags?post=2412"},{"taxonomy":"autor","embeddable":true,"href":"https:\/\/dementsus.ee\/en\/wp-json\/wp\/v2\/autor?post=2412"}],"curies":[{"name":"wp","href":"https:\/\/api.w.org\/{rel}","templated":true}]}}