{"id":2571,"date":"2020-07-10T12:35:50","date_gmt":"2020-07-10T12:35:50","guid":{"rendered":"https:\/\/eludementsusega.ee\/?p=2571"},"modified":"2020-07-10T12:35:50","modified_gmt":"2020-07-10T12:35:50","slug":"unehaire-dementsuse-pohjus-voi-tagajarg","status":"publish","type":"post","link":"https:\/\/dementsus.ee\/en\/unehaire-dementsuse-pohjus-voi-tagajarg\/","title":{"rendered":"Uneh\u00e4ire \u2013 dementsuse p\u00f5hjus v\u00f5i tagaj\u00e4rg?"},"content":{"rendered":"<p>Uni on keerukas, aktiivselt reguleeritud f\u00fcsioloogiline protsess. Kuigi \u00f6\u00f6p\u00e4evar\u00fctmi ts\u00fcklilist vaheldumist on t\u00e4heldatud k\u00f5igis keharakkudes ja uni on tunnistatud ka ainevahetuslikult ja immunoloogiliselt oluliseks, seostub une p\u00f5hiline funktsioon siiski ajutegevusega. Ajutegevuse raskeim p\u00f6\u00f6rdumatu progresseeruv h\u00e4ire, dementsus, on kujunemas k\u00f5igis maailma riikides \u00fcha s\u00fcvenevaks rahvatervise probleemiks. Kuiv\u00f5rd dementsuse ravi on ka kaasajal peamiselt s\u00fcmptomaatiline, mitte p\u00f5hjuslik, on teadlaste ja arstide huvi p\u00f6\u00f6rdunud muuhulgas une kui m\u00e4lu- ja \u00f5ppimisv\u00f5ime parandamisega seostuva ennetus- ja ravisihtm\u00e4rgi poole.<\/p>\n<h3>Sissejuhatus: une funktsioonid organismi tasandil<\/h3>\n<p>Uni ja \u00e4rkvelolek on kogu organismi kaks v\u00e4ga erinevat olekut, mida reguleerivad erinevad ajuosad ja keemilised virgatsained. Uni jaguneb nn aeglaste ajulainetega ehk mitte-REM ning REM-uneks (ingl k <em>rapid eye movement<\/em>) vastavalt kiirete silmaliigutuste puudumisele v\u00f5i esinemisele. REM-unefaasiga kaasnevad unen\u00e4od. Une k\u00f5iki f\u00fcsioloogilisi funktsioone ei ole l\u00f5puni v\u00e4lja selgitatud, kuigi aju tasandil on unel kindel roll taastumisprotsessides ning \u00f5pitu kinnistamises. Keha \u00f6\u00f6p\u00e4evar\u00fctmi reguleerib nn bioloogilise kellana h\u00fcpotalamus, mis edastab s\u00fcnkroniseerivaid signaale ajju ja mujale organitesse vastavalt silma kaudu sisenenud valguse hulgale (Mohawk <em>et al<\/em>., 2012). Inimesel alluvad f\u00fcsioloogilised ja k\u00e4itumuslikud ts\u00fcklid 24-tunnise perioodi r\u00fctmile (Musiek, 2015).<\/p>\n<h3>Unestruktuuri muutused vananedes<\/h3>\n<p>Normip\u00e4rast vananemist iseloomustavad muutused une struktuuris ja kvaliteedis. Une kvaliteet langeb peale 60. eluaastat keskmiselt 3% aastak\u00fcmne kohta, samas kui muudatused unestruktuuris leiavad aset j\u00e4rkj\u00e4rguliselt ning hakkavad ilmnema juba noores t\u00e4iskasvanueas. Vanemaks saades v\u00e4heneb s\u00fcgava une ja REM-une osakaal; sagenevad uneaegsed \u00e4rkamised, mis killustavad und (Lyashenko <em>et al<\/em>., 2016). Osaliselt on see seotud pimeduse hormooni melatoniini \u00f5htuse erituse v\u00e4henemisega. Nii uinumise kui \u00e4rkamise kellaaeg (unefaas) v\u00f5ib vanemas eas nihkuda varasemaks, mis t\u00f5en\u00e4oliselt peegeldab &#8220;normaalset&#8221;, f\u00fcsioloogilist vananemist (Bliwise, 1993). P\u00e4evast tukastamist peetakse vanusega kaasnevaks muutuseks. Liigunisust aga, mis v\u00f5ib avalduda p\u00e4evaste uinakutena, esineb tervetel eakatel oluliselt harvem kui kaasuvate kehaliste ja vaimsete haigustega vanuritel (Lyashenko <em>et al<\/em>., 2016).<\/p>\n<p>Tuleb r\u00f5hutada, et k\u00f5rgem vanus on ka meeleoluh\u00e4irete riskiteguriks. Depressiooni aga, millega kaasnevad sageli erinevad unekaebused (eriti unetus v\u00f5i liigunisus), v\u00f5ib olla raske eristada kergest kognitiivsest h\u00e4irest ning varasest dementsusest. Praktikas esineb depressiooni sageli just dementsuse algstaadiumis. On isegi \u00fcllatav, et depressiooni puhune unestruktuuri h\u00e4irumine eakatel v\u00f5ib olla isegi s\u00fcgavam kui dementsuse puhul, nagu 65 aastat tagasi esmakordselt kirjeldati (Ginzberg et al., 1955). Hilisemad uuringud on seda kinnitanud (Reynolds <em>et al.,<\/em> 1983). Seega v\u00f5ib eakal isikul, kellel esinevad depressiooni, kognitiivsete v\u00f5imete languse ja uneh\u00e4irete s\u00fcmptomid, olla \u00f5igustatud esmalt meeleoluh\u00e4ire ravi koos vastava unen\u00f5ustamisega.<\/p>\n<h3>Une h\u00e4irumine neurodegeneratiivsete haiguste korral<\/h3>\n<p>Unestruktuuri ja une-\u00e4rkveloleku ts\u00fckli h\u00e4ired on tavap\u00e4raseks varaseks dementsusega kulgevate neurodegeneratiivsete haiguste (Alzheimeri t\u00f5bi, Parkinsoni t\u00f5bi, Huntigtnoni t\u00f5bi, multis\u00fcsteemne atroofia, dementsus Lewy kehakestega jm) s\u00fcmptomiks. Uneh\u00e4irete aluseks nende haiguste puhul on und ja \u00e4rkvelolekut juhtivate ajurakkude aeglane, kuid p\u00f6\u00f6rdumatu h\u00e4ving (Abbott &amp; Videnovic, 2016). On n\u00e4idatud, et ka dementsust mitte p\u00f5devatel vanemaealistel on m\u00e4lu h\u00e4irumine ja teatud ajukoore osade \u00f5henemine seotud s\u00fcgava une v\u00e4henemisega (Mander <em>et al.<\/em>, 2013).<\/p>\n<p>Alzheimeri t\u00f5bi (AT) on sagedaseim dementsust p\u00f5hjustav neurodegeneratiivne haigus. Progresseeruva haigusena p\u00f5hjustab AT j\u00e4rkj\u00e4rgulist m\u00e4lu, igap\u00e4evaste oskuste, visuaalruumiliste v\u00f5imete ja isiksuse h\u00e4\u00e4bumist. \u00d6iseid \u00e4rkamisi ja \u00f6\u00f6p\u00e4evar\u00fctmi h\u00e4irumist peetakse lisaks m\u00e4luprobleemidele samuti AT p\u00f5his\u00fcmptomeiks. Need v\u00f5ivad avalduda juba AT varases faasis ning edaspidi on nende raskusaste seoses dementsuse raskusastmega, p\u00f5hjustades probleeme l\u00e4hedastele ja hooldajatele. Kuni 82%-l AT patsientidest on sagedasi \u00f6iseid \u00e4rkamisi ning 34% patsientidest \u00e4rkab \u00f6\u00f6sel veendumusega, et on p\u00e4ev (Lyashenko <em>et al<\/em>., 2016). S\u00fcgava AT-ga haigetele on omane t\u00e4iesti ebaregulaarne une-\u00e4rkveloleku ts\u00fckkel (nt kolm v\u00f5i neli \u00e4rkvelolekuga vahelduvat pikemat uneperioodi 24 tunni jooksul). Iseloomulik on ka nn p\u00e4ikeseloojangu fenomen (ingl k <em>sundowning<\/em>), mis t\u00e4hendab segasuse ja arevuse s\u00fcvenemist \u00f5htupoolikul. Unere\u017eiimi s\u00fcgav h\u00e4irumine nagu ka pikem voodis veedetud aeg ennustab AT puhul negatiivset \u00fcldist prognoosi (Abbott &amp; Videnovic, 2016).<\/p>\n<p>Ka nt Parkinsoni ja Huntingtoni t\u00f5ve kliinilises pildis on uneh\u00e4ired iseloomulikud. Parkinsoni t\u00f5ve (PT) korral esineb uneh\u00e4ireid kuni 90%-l patsientidest (Abbott &amp; Videnovic, 2016). Sagedasemateks uneh\u00e4ireteks PT puhul on REM-uneaegne k\u00e4itumish\u00e4ire (ingl k<em> REM-sleep behaviour disorder<\/em> e RBD), p\u00e4evane liigunisus (uneatakid) ja une killustumine. Parkinsoni t\u00f5vega haiged v\u00f5ivad unen\u00e4gusid v\u00e4lja elades end v\u00f5i voodikaaslast vigastada, kuna normip\u00e4rane lihastoonuse kadu REM-une ajal on neil h\u00e4irunud. PT-puhune p\u00e4evane liigunisus v\u00f5ib olla tingitud nii haigusest kui ravimitest ravimitest. Une killustumises m\u00e4ngivad PT puhul rolli \u00f6ine j\u00e4ikus ja ravimid, aga ka kaasuvad meeleoluh\u00e4ired, valu jm s\u00fcmptomid (Lyashenko <em>et al<\/em>., 2016).<\/p>\n<h3>Uneh\u00e4ired kui dementsuse riskitegur<\/h3>\n<p>Epidemioloogilised uuringud viitavad, et \u00f6\u00f6p\u00e4evar\u00fctmide madaldumine vanemas eas v\u00f5ib ette ennustada dementsuse kujunemist (Tranah <em>et al.,<\/em> 2011). Sellest tulenevalt on s\u00f5nastatud oletus uneh\u00e4iretest kui dementsusega kulgevate haiguste mehhanismi \u00fchest osast.<\/p>\n<p>Unetus ehk insomnia on statistiliselt seotud suurenenud dementsuse riskiga (Hung <em>et al.,<\/em> 2018), kuid selle mehhanismid on olnud pikka aega ebaselged. Suurt elevust ja huvi unetuse ja Alzheimeri t\u00f5ve seoste vastu on tekitanud aju nn gl\u00fcmfaatilise s\u00fcsteemi (nimetus on tuletatud analoogiast l\u00fcmfis\u00fcsteemiga) hiljutine avastamine (Iliff <em>et al.,<\/em> 2012). Gl\u00fcmfaatiline s\u00fcsteem v\u00f5imaldab peaajuvedeliku ehk liikvori abil ajust v\u00e4lja transportida n\u00e4rvirakkude vahelisest vedelikust toksilisi ainevahetuse j\u00e4\u00e4ke nagu \u03b2-am\u00fcloidpeptiid ja tau-valk. Huvitaval kombel toimib gl\u00fcmfaatiline s\u00fcsteem \u00e4rkvelolekus kuni kaks korda aeglasemalt kui unes (Abbott &amp; Videnovic, 2016). Kuna enamik dementsuseni viivaid neurodegeneratiivseid haigusi kulgeb toksiliste valkude kuhjumisega ajus, r\u00f5hutab antud avastus nii t\u00e4isv\u00e4\u00e4rtusliku une potentsiaalset rolli n\u00e4rvihaiguste ennetuses kui ka viitab v\u00f5imalikele seni avastamata haigusmehhanismidele.<\/p>\n<p>Ka teised uneh\u00e4ired v\u00f5ivad m\u00f5jutada kognitiivseid v\u00f5imeid. Obstruktiivne uneapnoe e unel\u00e4mbust\u00f5bi on levinud uneh\u00e4ire, mille all kannatab kuni 19% mehi ja kuni 15% naisi. \u00dclemiste hingamisteede osalise v\u00f5i t\u00e4ieliku sulgumiste t\u00f5ttu p\u00f5hjustab uneapnoe \u00f6iseid hapnikuvaeguse episoode ning \u00f6iseid \u00e4rkamisi. Nendest teguritest tingitud une h\u00e4irumise ja p\u00e4evase v\u00e4simus p\u00e4rsivad m\u00f5tlemisv\u00f5imet ja t\u00e4helepanu v\u00f5rreldavalt unepuudusega. Pikaajaline ravimata uneapnoe v\u00f5ib p\u00f5hjustada oluliste ajustruktuuride, sh hipokampuse mahu v\u00e4henemist ja \u00f5ppimisv\u00f5ime ning m\u00e4lu halvenemist. Osaliselt on need muutused raviga taasp\u00f6\u00f6rduvad (Abbott &amp; Videnovic, 2016).<\/p>\n<p>Huvitaval kombel on ka uinutite pikaajalist kasutamist seostatud kognitiivsete h\u00e4iretega. Keskealistel unetuse all kannatavatel isikutel (vanuses 50-65), kes kasutavad pikatoimelisi uinuteid suurtes annustes, t\u00f5useb dementsuse risk (Chen <em>et al<\/em>., 2012).<\/p>\n<h3>Kokkuv\u00f5tteks<\/h3>\n<p>Vananemisega kaasnevad muutused unestruktuuris peegeldavad f\u00fcsioloogilisi protsesse. Neurodegeneratiivsete haigustega kaasneva une-\u00e4rkveloleku r\u00fctmi h\u00e4irumine ja une killustumine v\u00f5ivad olla n\u00e4rvihaiguse varaseks s\u00fcmptomiks. Neurodegeneratsiooni v\u00f5imendavaiks tegureiks v\u00f5ivad olla nii primaarsed uneh\u00e4ired kui uinutid.<\/p>\n<h3>Kirjandus:<\/h3>\n<ol>\n<li><a href=\"https:\/\/www.ncbi.nlm.nih.gov\/pubmed\/?term=Abbott%20SM%5BAuthor%5D&amp;cauthor=true&amp;cauthor_uid=26869817\" target=\"_blank\" rel=\"noopener noreferrer\">Abbott\u00a0SM<\/a>,\u00a0<a href=\"https:\/\/www.ncbi.nlm.nih.gov\/pubmed\/?term=Videnovic%20A%5BAuthor%5D&amp;cauthor=true&amp;cauthor_uid=26869817\" target=\"_blank\" rel=\"noopener noreferrer\">Videnovic\u00a0A<\/a>. Chronic sleep disturbance and neural injury: links to neurodegenerative disease. <a href=\"https:\/\/www.ncbi.nlm.nih.gov\/pubmed\/26869817\">Nat Sci Sleep. <\/a>2016 Jan 25;8:55-61<\/li>\n<li>Bliwise D. Sleep in Normal Aging and Dementia. Sleep 16 (1): 40-81<\/li>\n<li><a href=\"https:\/\/www.ncbi.nlm.nih.gov\/pubmed\/?term=Chen%20PL%5BAuthor%5D&amp;cauthor=true&amp;cauthor_uid=23145088\" target=\"_blank\" rel=\"noopener noreferrer\">Chen PL<\/a>,\u00a0<a href=\"https:\/\/www.ncbi.nlm.nih.gov\/pubmed\/?term=Lee%20WJ%5BAuthor%5D&amp;cauthor=true&amp;cauthor_uid=23145088\" target=\"_blank\" rel=\"noopener noreferrer\">Lee WJ<\/a>,\u00a0<a href=\"https:\/\/www.ncbi.nlm.nih.gov\/pubmed\/?term=Sun%20WZ%5BAuthor%5D&amp;cauthor=true&amp;cauthor_uid=23145088\" target=\"_blank\" rel=\"noopener noreferrer\">Sun WZ<\/a>,\u00a0<a href=\"https:\/\/www.ncbi.nlm.nih.gov\/pubmed\/?term=Oyang%20YJ%5BAuthor%5D&amp;cauthor=true&amp;cauthor_uid=23145088\" target=\"_blank\" rel=\"noopener noreferrer\">Oyang YJ<\/a>,\u00a0<a href=\"https:\/\/www.ncbi.nlm.nih.gov\/pubmed\/?term=Fuh%20JL%5BAuthor%5D&amp;cauthor=true&amp;cauthor_uid=23145088\" target=\"_blank\" rel=\"noopener noreferrer\">Fuh JL<\/a>. Risk of dementia in patients with insomnia and long-term use of hypnotics: a population-based retrospective cohort study. 2012;7(11): e49113<\/li>\n<li>Chiu HY, Lin EY, Wei L, et al. Hypnotics use but not insomnia increased the risk of dementia in traumatic brain injury patients. Eur Neuropsychopharmacol. Epub 2015<\/li>\n<li>Sleep and sleep disturbance in geriatric psychiatry. JAm Geriatr Soc 1955; 3:493-511<\/li>\n<li>Hung CM et al. Risk of dementia in patients with primary insomnia: a nationwide population-based case-control study. BMC Psychiatry (2018) 18:38<\/li>\n<li>Iliff JJ, Chen MJ, Plog BA, et al. Impairment of glymphatic pathway function promotes tau pathology after traumatic brain injury. J Neurosci. 2014; 34:16180\u201316193.10.1523\/JNEUROSCI. 3020-14.2014<\/li>\n<li>Lyashenko E, Poluektov M, Levin O, Pchelina P. Age-related Sleep Changes and its Implication in Neurodegenerative Diseases. Current Aging Science, 2016, 9, 26-33<\/li>\n<li>Mander, B. A.<em>et al<\/em>. Prefrontal atrophy, disrupted NREM slow waves and impaired hippocampal-dependent memory in aging.\u00a0<em>Nature Neurosci.<\/em>\u00a0<a href=\"http:\/\/dx.doi.org\/10.1038\/nn.3324\" target=\"_blank\" rel=\"noopener noreferrer\">http:\/\/dx.doi.org\/10.1038\/nn.3324<\/a>\u00a0(2013)<\/li>\n<li>Musiek E. Circadian clock disruption in neurodegenerative diseases: cause and effect? Pharmacol., 27 February 2015<\/li>\n<li>Reynolds CF III, Spiker DG, Hanin I, Kupfer DJ. Electroencephalographic sleep, aging, and psychopathology: new data and state of the art. BioI Psychiatry 1983;18:139-55<\/li>\n<li>Tranah G et al. Circadian activity rhythms and risk of incident dementia and MCI in older women. Ann Neurol. 2011 November; 70(5): 722\u2013732<\/li>\n<\/ol>\n<p>&nbsp;<\/p>\n<p>&nbsp;<\/p>\n<p>&nbsp;<\/p>\n","protected":false},"excerpt":{"rendered":"<p>Uni on keerukas, aktiivselt reguleeritud f\u00fcsioloogiline protsess. Kuigi \u00f6\u00f6p\u00e4evar\u00fctmi ts\u00fcklilist vaheldumist on t\u00e4heldatud k\u00f5igis keharakkudes ja uni on tunnistatud ka ainevahetuslikult ja immunoloogiliselt oluliseks, seostub une p\u00f5hiline funktsioon siiski ajutegevusega. Ajutegevuse raskeim p\u00f6\u00f6rdumatu progresseeruv h\u00e4ire, dementsus, on kujunemas k\u00f5igis maailma riikides \u00fcha s\u00fcvenevaks rahvatervise probleemiks. Kuiv\u00f5rd dementsuse ravi on ka kaasajal peamiselt s\u00fcmptomaatiline, mitte p\u00f5hjuslik, [&hellip;]<\/p>\n","protected":false},"author":2,"featured_media":0,"comment_status":"open","ping_status":"open","sticky":false,"template":"","format":"standard","meta":{"footnotes":""},"categories":[1],"tags":[],"autor":[],"class_list":["post-2571","post","type-post","status-publish","format-standard","hentry","category-maaratlemata"],"yoast_head":"<!-- This site is optimized with the Yoast SEO plugin v26.2 - https:\/\/yoast.com\/wordpress\/plugins\/seo\/ -->\n<title>Uneh\u00e4ire \u2013 dementsuse p\u00f5hjus v\u00f5i tagaj\u00e4rg? - Dementsuse Kompetentsikeskus<\/title>\n<meta name=\"robots\" content=\"index, follow, max-snippet:-1, max-image-preview:large, max-video-preview:-1\" \/>\n<link rel=\"canonical\" href=\"https:\/\/dementsus.ee\/en\/unehaire-dementsuse-pohjus-voi-tagajarg\/\" \/>\n<meta property=\"og:locale\" content=\"en_US\" \/>\n<meta property=\"og:type\" content=\"article\" \/>\n<meta property=\"og:title\" content=\"Uneh\u00e4ire \u2013 dementsuse p\u00f5hjus v\u00f5i tagaj\u00e4rg? - Dementsuse Kompetentsikeskus\" \/>\n<meta property=\"og:description\" content=\"Uni on keerukas, aktiivselt reguleeritud f\u00fcsioloogiline protsess. Kuigi \u00f6\u00f6p\u00e4evar\u00fctmi ts\u00fcklilist vaheldumist on t\u00e4heldatud k\u00f5igis keharakkudes ja uni on tunnistatud ka ainevahetuslikult ja immunoloogiliselt oluliseks, seostub une p\u00f5hiline funktsioon siiski ajutegevusega. Ajutegevuse raskeim p\u00f6\u00f6rdumatu progresseeruv h\u00e4ire, dementsus, on kujunemas k\u00f5igis maailma riikides \u00fcha s\u00fcvenevaks rahvatervise probleemiks. Kuiv\u00f5rd dementsuse ravi on ka kaasajal peamiselt s\u00fcmptomaatiline, mitte p\u00f5hjuslik, [&hellip;]\" \/>\n<meta property=\"og:url\" content=\"https:\/\/dementsus.ee\/en\/unehaire-dementsuse-pohjus-voi-tagajarg\/\" \/>\n<meta property=\"og:site_name\" content=\"Dementsuse Kompetentsikeskus\" \/>\n<meta property=\"article:published_time\" content=\"2020-07-10T12:35:50+00:00\" \/>\n<meta name=\"author\" content=\"Kermo\" \/>\n<meta name=\"twitter:card\" content=\"summary_large_image\" \/>\n<meta name=\"twitter:label1\" content=\"Written by\" \/>\n\t<meta name=\"twitter:data1\" content=\"Kermo\" \/>\n\t<meta name=\"twitter:label2\" content=\"Est. reading time\" \/>\n\t<meta name=\"twitter:data2\" content=\"7 minutes\" \/>\n<script type=\"application\/ld+json\" class=\"yoast-schema-graph\">{\"@context\":\"https:\/\/schema.org\",\"@graph\":[{\"@type\":\"Article\",\"@id\":\"https:\/\/dementsus.ee\/en\/unehaire-dementsuse-pohjus-voi-tagajarg\/#article\",\"isPartOf\":{\"@id\":\"https:\/\/dementsus.ee\/en\/unehaire-dementsuse-pohjus-voi-tagajarg\/\"},\"author\":{\"name\":\"Kermo\",\"@id\":\"https:\/\/dementsus.ee\/en\/#\/schema\/person\/dd93d64f20e6c5add626937f6b5931ed\"},\"headline\":\"Uneh\u00e4ire \u2013 dementsuse p\u00f5hjus v\u00f5i tagaj\u00e4rg?\",\"datePublished\":\"2020-07-10T12:35:50+00:00\",\"mainEntityOfPage\":{\"@id\":\"https:\/\/dementsus.ee\/en\/unehaire-dementsuse-pohjus-voi-tagajarg\/\"},\"wordCount\":1384,\"commentCount\":0,\"publisher\":{\"@id\":\"https:\/\/dementsus.ee\/en\/#organization\"},\"articleSection\":[\"M\u00e4\u00e4ratlemata\"],\"inLanguage\":\"en-US\"},{\"@type\":\"WebPage\",\"@id\":\"https:\/\/dementsus.ee\/en\/unehaire-dementsuse-pohjus-voi-tagajarg\/\",\"url\":\"https:\/\/dementsus.ee\/en\/unehaire-dementsuse-pohjus-voi-tagajarg\/\",\"name\":\"Uneh\u00e4ire \u2013 dementsuse p\u00f5hjus v\u00f5i tagaj\u00e4rg? - Dementsuse Kompetentsikeskus\",\"isPartOf\":{\"@id\":\"https:\/\/dementsus.ee\/en\/#website\"},\"datePublished\":\"2020-07-10T12:35:50+00:00\",\"breadcrumb\":{\"@id\":\"https:\/\/dementsus.ee\/en\/unehaire-dementsuse-pohjus-voi-tagajarg\/#breadcrumb\"},\"inLanguage\":\"en-US\",\"potentialAction\":[{\"@type\":\"ReadAction\",\"target\":[\"https:\/\/dementsus.ee\/en\/unehaire-dementsuse-pohjus-voi-tagajarg\/\"]}]},{\"@type\":\"BreadcrumbList\",\"@id\":\"https:\/\/dementsus.ee\/en\/unehaire-dementsuse-pohjus-voi-tagajarg\/#breadcrumb\",\"itemListElement\":[{\"@type\":\"ListItem\",\"position\":1,\"name\":\"Esileht\",\"item\":\"https:\/\/dementsus.ee\/en\/\"},{\"@type\":\"ListItem\",\"position\":2,\"name\":\"Uneh\u00e4ire \u2013 dementsuse p\u00f5hjus v\u00f5i tagaj\u00e4rg?\"}]},{\"@type\":\"WebSite\",\"@id\":\"https:\/\/dementsus.ee\/en\/#website\",\"url\":\"https:\/\/dementsus.ee\/en\/\",\"name\":\"Dementsuse Kompetentsikeskus\",\"description\":\"dementsuse info ja abi\",\"publisher\":{\"@id\":\"https:\/\/dementsus.ee\/en\/#organization\"},\"potentialAction\":[{\"@type\":\"SearchAction\",\"target\":{\"@type\":\"EntryPoint\",\"urlTemplate\":\"https:\/\/dementsus.ee\/en\/?s={search_term_string}\"},\"query-input\":{\"@type\":\"PropertyValueSpecification\",\"valueRequired\":true,\"valueName\":\"search_term_string\"}}],\"inLanguage\":\"en-US\"},{\"@type\":\"Organization\",\"@id\":\"https:\/\/dementsus.ee\/en\/#organization\",\"name\":\"Dementsuse Kompetentsikeskus\",\"url\":\"https:\/\/dementsus.ee\/en\/\",\"logo\":{\"@type\":\"ImageObject\",\"inLanguage\":\"en-US\",\"@id\":\"https:\/\/dementsus.ee\/en\/#\/schema\/logo\/image\/\",\"url\":\"https:\/\/dementsus.ee\/wp-content\/uploads\/2023\/07\/ED_logo_kodukale.svg\",\"contentUrl\":\"https:\/\/dementsus.ee\/wp-content\/uploads\/2023\/07\/ED_logo_kodukale.svg\",\"caption\":\"Dementsuse Kompetentsikeskus\"},\"image\":{\"@id\":\"https:\/\/dementsus.ee\/en\/#\/schema\/logo\/image\/\"}},{\"@type\":\"Person\",\"@id\":\"https:\/\/dementsus.ee\/en\/#\/schema\/person\/dd93d64f20e6c5add626937f6b5931ed\",\"name\":\"Kermo\",\"image\":{\"@type\":\"ImageObject\",\"inLanguage\":\"en-US\",\"@id\":\"https:\/\/dementsus.ee\/en\/#\/schema\/person\/image\/\",\"url\":\"https:\/\/secure.gravatar.com\/avatar\/b2f0128e9063b66b5c6e595d8f4c39037d52f729089f1ad5afc34656e1d58a64?s=96&d=mm&r=g\",\"contentUrl\":\"https:\/\/secure.gravatar.com\/avatar\/b2f0128e9063b66b5c6e595d8f4c39037d52f729089f1ad5afc34656e1d58a64?s=96&d=mm&r=g\",\"caption\":\"Kermo\"},\"url\":\"https:\/\/dementsus.ee\/en\/author\/kermo\/\"}]}<\/script>\n<!-- \/ Yoast SEO plugin. -->","yoast_head_json":{"title":"Uneh\u00e4ire \u2013 dementsuse p\u00f5hjus v\u00f5i tagaj\u00e4rg? - Dementsuse Kompetentsikeskus","robots":{"index":"index","follow":"follow","max-snippet":"max-snippet:-1","max-image-preview":"max-image-preview:large","max-video-preview":"max-video-preview:-1"},"canonical":"https:\/\/dementsus.ee\/en\/unehaire-dementsuse-pohjus-voi-tagajarg\/","og_locale":"en_US","og_type":"article","og_title":"Uneh\u00e4ire \u2013 dementsuse p\u00f5hjus v\u00f5i tagaj\u00e4rg? - Dementsuse Kompetentsikeskus","og_description":"Uni on keerukas, aktiivselt reguleeritud f\u00fcsioloogiline protsess. Kuigi \u00f6\u00f6p\u00e4evar\u00fctmi ts\u00fcklilist vaheldumist on t\u00e4heldatud k\u00f5igis keharakkudes ja uni on tunnistatud ka ainevahetuslikult ja immunoloogiliselt oluliseks, seostub une p\u00f5hiline funktsioon siiski ajutegevusega. Ajutegevuse raskeim p\u00f6\u00f6rdumatu progresseeruv h\u00e4ire, dementsus, on kujunemas k\u00f5igis maailma riikides \u00fcha s\u00fcvenevaks rahvatervise probleemiks. Kuiv\u00f5rd dementsuse ravi on ka kaasajal peamiselt s\u00fcmptomaatiline, mitte p\u00f5hjuslik, [&hellip;]","og_url":"https:\/\/dementsus.ee\/en\/unehaire-dementsuse-pohjus-voi-tagajarg\/","og_site_name":"Dementsuse Kompetentsikeskus","article_published_time":"2020-07-10T12:35:50+00:00","author":"Kermo","twitter_card":"summary_large_image","twitter_misc":{"Written by":"Kermo","Est. reading time":"7 minutes"},"schema":{"@context":"https:\/\/schema.org","@graph":[{"@type":"Article","@id":"https:\/\/dementsus.ee\/en\/unehaire-dementsuse-pohjus-voi-tagajarg\/#article","isPartOf":{"@id":"https:\/\/dementsus.ee\/en\/unehaire-dementsuse-pohjus-voi-tagajarg\/"},"author":{"name":"Kermo","@id":"https:\/\/dementsus.ee\/en\/#\/schema\/person\/dd93d64f20e6c5add626937f6b5931ed"},"headline":"Uneh\u00e4ire \u2013 dementsuse p\u00f5hjus v\u00f5i tagaj\u00e4rg?","datePublished":"2020-07-10T12:35:50+00:00","mainEntityOfPage":{"@id":"https:\/\/dementsus.ee\/en\/unehaire-dementsuse-pohjus-voi-tagajarg\/"},"wordCount":1384,"commentCount":0,"publisher":{"@id":"https:\/\/dementsus.ee\/en\/#organization"},"articleSection":["M\u00e4\u00e4ratlemata"],"inLanguage":"en-US"},{"@type":"WebPage","@id":"https:\/\/dementsus.ee\/en\/unehaire-dementsuse-pohjus-voi-tagajarg\/","url":"https:\/\/dementsus.ee\/en\/unehaire-dementsuse-pohjus-voi-tagajarg\/","name":"Uneh\u00e4ire \u2013 dementsuse p\u00f5hjus v\u00f5i tagaj\u00e4rg? - Dementsuse Kompetentsikeskus","isPartOf":{"@id":"https:\/\/dementsus.ee\/en\/#website"},"datePublished":"2020-07-10T12:35:50+00:00","breadcrumb":{"@id":"https:\/\/dementsus.ee\/en\/unehaire-dementsuse-pohjus-voi-tagajarg\/#breadcrumb"},"inLanguage":"en-US","potentialAction":[{"@type":"ReadAction","target":["https:\/\/dementsus.ee\/en\/unehaire-dementsuse-pohjus-voi-tagajarg\/"]}]},{"@type":"BreadcrumbList","@id":"https:\/\/dementsus.ee\/en\/unehaire-dementsuse-pohjus-voi-tagajarg\/#breadcrumb","itemListElement":[{"@type":"ListItem","position":1,"name":"Esileht","item":"https:\/\/dementsus.ee\/en\/"},{"@type":"ListItem","position":2,"name":"Uneh\u00e4ire \u2013 dementsuse p\u00f5hjus v\u00f5i tagaj\u00e4rg?"}]},{"@type":"WebSite","@id":"https:\/\/dementsus.ee\/en\/#website","url":"https:\/\/dementsus.ee\/en\/","name":"Dementsuse Kompetentsikeskus","description":"dementsuse info ja abi","publisher":{"@id":"https:\/\/dementsus.ee\/en\/#organization"},"potentialAction":[{"@type":"SearchAction","target":{"@type":"EntryPoint","urlTemplate":"https:\/\/dementsus.ee\/en\/?s={search_term_string}"},"query-input":{"@type":"PropertyValueSpecification","valueRequired":true,"valueName":"search_term_string"}}],"inLanguage":"en-US"},{"@type":"Organization","@id":"https:\/\/dementsus.ee\/en\/#organization","name":"Dementsuse Kompetentsikeskus","url":"https:\/\/dementsus.ee\/en\/","logo":{"@type":"ImageObject","inLanguage":"en-US","@id":"https:\/\/dementsus.ee\/en\/#\/schema\/logo\/image\/","url":"https:\/\/dementsus.ee\/wp-content\/uploads\/2023\/07\/ED_logo_kodukale.svg","contentUrl":"https:\/\/dementsus.ee\/wp-content\/uploads\/2023\/07\/ED_logo_kodukale.svg","caption":"Dementsuse Kompetentsikeskus"},"image":{"@id":"https:\/\/dementsus.ee\/en\/#\/schema\/logo\/image\/"}},{"@type":"Person","@id":"https:\/\/dementsus.ee\/en\/#\/schema\/person\/dd93d64f20e6c5add626937f6b5931ed","name":"Kermo","image":{"@type":"ImageObject","inLanguage":"en-US","@id":"https:\/\/dementsus.ee\/en\/#\/schema\/person\/image\/","url":"https:\/\/secure.gravatar.com\/avatar\/b2f0128e9063b66b5c6e595d8f4c39037d52f729089f1ad5afc34656e1d58a64?s=96&d=mm&r=g","contentUrl":"https:\/\/secure.gravatar.com\/avatar\/b2f0128e9063b66b5c6e595d8f4c39037d52f729089f1ad5afc34656e1d58a64?s=96&d=mm&r=g","caption":"Kermo"},"url":"https:\/\/dementsus.ee\/en\/author\/kermo\/"}]}},"_links":{"self":[{"href":"https:\/\/dementsus.ee\/en\/wp-json\/wp\/v2\/posts\/2571","targetHints":{"allow":["GET"]}}],"collection":[{"href":"https:\/\/dementsus.ee\/en\/wp-json\/wp\/v2\/posts"}],"about":[{"href":"https:\/\/dementsus.ee\/en\/wp-json\/wp\/v2\/types\/post"}],"author":[{"embeddable":true,"href":"https:\/\/dementsus.ee\/en\/wp-json\/wp\/v2\/users\/2"}],"replies":[{"embeddable":true,"href":"https:\/\/dementsus.ee\/en\/wp-json\/wp\/v2\/comments?post=2571"}],"version-history":[{"count":0,"href":"https:\/\/dementsus.ee\/en\/wp-json\/wp\/v2\/posts\/2571\/revisions"}],"wp:attachment":[{"href":"https:\/\/dementsus.ee\/en\/wp-json\/wp\/v2\/media?parent=2571"}],"wp:term":[{"taxonomy":"category","embeddable":true,"href":"https:\/\/dementsus.ee\/en\/wp-json\/wp\/v2\/categories?post=2571"},{"taxonomy":"post_tag","embeddable":true,"href":"https:\/\/dementsus.ee\/en\/wp-json\/wp\/v2\/tags?post=2571"},{"taxonomy":"autor","embeddable":true,"href":"https:\/\/dementsus.ee\/en\/wp-json\/wp\/v2\/autor?post=2571"}],"curies":[{"name":"wp","href":"https:\/\/api.w.org\/{rel}","templated":true}]}}