{"id":2663,"date":"2020-08-07T12:36:53","date_gmt":"2020-08-07T12:36:53","guid":{"rendered":"https:\/\/eludementsusega.ee\/?p=2663"},"modified":"2020-08-07T12:36:53","modified_gmt":"2020-08-07T12:36:53","slug":"sotsiaalkindlustusameti-veebiseminaril-raagiti-elust-dementsusega","status":"publish","type":"post","link":"https:\/\/dementsus.ee\/en\/sotsiaalkindlustusameti-veebiseminaril-raagiti-elust-dementsusega\/","title":{"rendered":"Sotsiaalkindlustusameti veebiseminaril r\u00e4\u00e4giti elust dementsusega"},"content":{"rendered":"<p class=\"v1MsoNormal\">29.07.2020 toimus Sotsiaalkindlustusameti Kohalike omavalitsuse n\u00f5ustamis\u00fcksuse korraldatav kuues kohalike omavalitsuste sotsiaalt\u00f6\u00f6tajatele suunatud veebiseminar, mille teemaks oli \u201eElu dementsusega&#8221;. Veebiseminaril osalesid Sotsiaalkindlustusameti Kohaliku omavalitsuse n\u00f5ustamis\u00fcksuse n\u00f5ustaja Anu \u00d5un ja Dementsuse Kompetentsikeskuse esindaja Miret Tuur. R\u00e4\u00e4giti dementsuss\u00fcndroomist ja anti \u00fclevaade Dementsuse Kompetentsikeskuse tegevustest ja teenustest.<\/p>\n<p class=\"v1MsoNormal\">Veebiseminari <a href=\"https:\/\/www.youtube.com\/watch?v=uktrYHXfR60&amp;feature=youtu.be\" target=\"_blank\" rel=\"noopener noreferrer\">salvestus ja esitlus<\/a> on leitavad Sotsiaalkindlustusameti <a href=\"https:\/\/www.sotsiaalkindlustusamet.ee\/et\/kvaliteet-jarelevalve\/kohaliku-omavalitsuse-noustamisuksus#teematunnid\" target=\"_blank\" rel=\"noopener noreferrer\">kodulehel.<\/a><\/p>\n","protected":false},"excerpt":{"rendered":"<p>29.07.2020 toimus Sotsiaalkindlustusameti Kohalike omavalitsuse n\u00f5ustamis\u00fcksuse korraldatav kuues kohalike omavalitsuste sotsiaalt\u00f6\u00f6tajatele suunatud veebiseminar, mille teemaks oli \u201eElu dementsusega&#8221;. Veebiseminaril osalesid Sotsiaalkindlustusameti Kohaliku omavalitsuse n\u00f5ustamis\u00fcksuse n\u00f5ustaja Anu \u00d5un ja Dementsuse Kompetentsikeskuse esindaja Miret Tuur. R\u00e4\u00e4giti dementsuss\u00fcndroomist ja anti \u00fclevaade Dementsuse Kompetentsikeskuse tegevustest ja teenustest. Veebiseminari salvestus ja esitlus on leitavad Sotsiaalkindlustusameti kodulehel.<\/p>\n","protected":false},"author":2,"featured_media":2664,"comment_status":"open","ping_status":"open","sticky":false,"template":"","format":"standard","meta":{"footnotes":""},"categories":[1],"tags":[],"autor":[],"class_list":["post-2663","post","type-post","status-publish","format-standard","has-post-thumbnail","hentry","category-maaratlemata"],"yoast_head":"<!-- This site is optimized with the Yoast SEO plugin v26.2 - https:\/\/yoast.com\/wordpress\/plugins\/seo\/ -->\n<title>Sotsiaalkindlustusameti veebiseminaril r\u00e4\u00e4giti elust dementsusega - Dementsuse Kompetentsikeskus<\/title>\n<meta name=\"robots\" content=\"index, follow, max-snippet:-1, max-image-preview:large, max-video-preview:-1\" \/>\n<link rel=\"canonical\" href=\"https:\/\/dementsus.ee\/en\/sotsiaalkindlustusameti-veebiseminaril-raagiti-elust-dementsusega\/\" \/>\n<meta property=\"og:locale\" content=\"en_US\" \/>\n<meta property=\"og:type\" content=\"article\" \/>\n<meta property=\"og:title\" content=\"Sotsiaalkindlustusameti veebiseminaril r\u00e4\u00e4giti elust dementsusega - Dementsuse Kompetentsikeskus\" \/>\n<meta property=\"og:description\" content=\"29.07.2020 toimus Sotsiaalkindlustusameti Kohalike omavalitsuse n\u00f5ustamis\u00fcksuse korraldatav kuues kohalike omavalitsuste sotsiaalt\u00f6\u00f6tajatele suunatud veebiseminar, mille teemaks oli \u201eElu dementsusega&#8221;. Veebiseminaril osalesid Sotsiaalkindlustusameti Kohaliku omavalitsuse n\u00f5ustamis\u00fcksuse n\u00f5ustaja Anu \u00d5un ja Dementsuse Kompetentsikeskuse esindaja Miret Tuur. R\u00e4\u00e4giti dementsuss\u00fcndroomist ja anti \u00fclevaade Dementsuse Kompetentsikeskuse tegevustest ja teenustest. Veebiseminari salvestus ja esitlus on leitavad Sotsiaalkindlustusameti kodulehel.\" \/>\n<meta property=\"og:url\" content=\"https:\/\/dementsus.ee\/en\/sotsiaalkindlustusameti-veebiseminaril-raagiti-elust-dementsusega\/\" \/>\n<meta property=\"og:site_name\" content=\"Dementsuse Kompetentsikeskus\" \/>\n<meta property=\"article:published_time\" content=\"2020-08-07T12:36:53+00:00\" \/>\n<meta property=\"og:image\" content=\"https:\/\/dementsus.ee\/wp-content\/uploads\/2020\/08\/pilvepusle_2.jpg\" \/>\n\t<meta property=\"og:image:width\" content=\"1200\" \/>\n\t<meta property=\"og:image:height\" content=\"216\" \/>\n\t<meta property=\"og:image:type\" content=\"image\/jpeg\" \/>\n<meta name=\"author\" content=\"Kermo\" \/>\n<meta name=\"twitter:card\" content=\"summary_large_image\" \/>\n<meta name=\"twitter:label1\" content=\"Written by\" \/>\n\t<meta name=\"twitter:data1\" content=\"Kermo\" \/>\n<script type=\"application\/ld+json\" class=\"yoast-schema-graph\">{\"@context\":\"https:\/\/schema.org\",\"@graph\":[{\"@type\":\"Article\",\"@id\":\"https:\/\/dementsus.ee\/en\/sotsiaalkindlustusameti-veebiseminaril-raagiti-elust-dementsusega\/#article\",\"isPartOf\":{\"@id\":\"https:\/\/dementsus.ee\/en\/sotsiaalkindlustusameti-veebiseminaril-raagiti-elust-dementsusega\/\"},\"author\":{\"name\":\"Kermo\",\"@id\":\"https:\/\/dementsus.ee\/en\/#\/schema\/person\/dd93d64f20e6c5add626937f6b5931ed\"},\"headline\":\"Sotsiaalkindlustusameti veebiseminaril r\u00e4\u00e4giti elust dementsusega\",\"datePublished\":\"2020-08-07T12:36:53+00:00\",\"mainEntityOfPage\":{\"@id\":\"https:\/\/dementsus.ee\/en\/sotsiaalkindlustusameti-veebiseminaril-raagiti-elust-dementsusega\/\"},\"wordCount\":64,\"commentCount\":0,\"publisher\":{\"@id\":\"https:\/\/dementsus.ee\/en\/#organization\"},\"image\":{\"@id\":\"https:\/\/dementsus.ee\/en\/sotsiaalkindlustusameti-veebiseminaril-raagiti-elust-dementsusega\/#primaryimage\"},\"thumbnailUrl\":\"https:\/\/dementsus.ee\/wp-content\/uploads\/2020\/08\/pilvepusle_2.jpg\",\"articleSection\":[\"M\u00e4\u00e4ratlemata\"],\"inLanguage\":\"en-US\"},{\"@type\":\"WebPage\",\"@id\":\"https:\/\/dementsus.ee\/en\/sotsiaalkindlustusameti-veebiseminaril-raagiti-elust-dementsusega\/\",\"url\":\"https:\/\/dementsus.ee\/en\/sotsiaalkindlustusameti-veebiseminaril-raagiti-elust-dementsusega\/\",\"name\":\"Sotsiaalkindlustusameti veebiseminaril r\u00e4\u00e4giti elust dementsusega - Dementsuse Kompetentsikeskus\",\"isPartOf\":{\"@id\":\"https:\/\/dementsus.ee\/en\/#website\"},\"primaryImageOfPage\":{\"@id\":\"https:\/\/dementsus.ee\/en\/sotsiaalkindlustusameti-veebiseminaril-raagiti-elust-dementsusega\/#primaryimage\"},\"image\":{\"@id\":\"https:\/\/dementsus.ee\/en\/sotsiaalkindlustusameti-veebiseminaril-raagiti-elust-dementsusega\/#primaryimage\"},\"thumbnailUrl\":\"https:\/\/dementsus.ee\/wp-content\/uploads\/2020\/08\/pilvepusle_2.jpg\",\"datePublished\":\"2020-08-07T12:36:53+00:00\",\"breadcrumb\":{\"@id\":\"https:\/\/dementsus.ee\/en\/sotsiaalkindlustusameti-veebiseminaril-raagiti-elust-dementsusega\/#breadcrumb\"},\"inLanguage\":\"en-US\",\"potentialAction\":[{\"@type\":\"ReadAction\",\"target\":[\"https:\/\/dementsus.ee\/en\/sotsiaalkindlustusameti-veebiseminaril-raagiti-elust-dementsusega\/\"]}]},{\"@type\":\"ImageObject\",\"inLanguage\":\"en-US\",\"@id\":\"https:\/\/dementsus.ee\/en\/sotsiaalkindlustusameti-veebiseminaril-raagiti-elust-dementsusega\/#primaryimage\",\"url\":\"https:\/\/dementsus.ee\/wp-content\/uploads\/2020\/08\/pilvepusle_2.jpg\",\"contentUrl\":\"https:\/\/dementsus.ee\/wp-content\/uploads\/2020\/08\/pilvepusle_2.jpg\",\"width\":1200,\"height\":216},{\"@type\":\"BreadcrumbList\",\"@id\":\"https:\/\/dementsus.ee\/en\/sotsiaalkindlustusameti-veebiseminaril-raagiti-elust-dementsusega\/#breadcrumb\",\"itemListElement\":[{\"@type\":\"ListItem\",\"position\":1,\"name\":\"Esileht\",\"item\":\"https:\/\/dementsus.ee\/en\/\"},{\"@type\":\"ListItem\",\"position\":2,\"name\":\"Sotsiaalkindlustusameti veebiseminaril r\u00e4\u00e4giti elust dementsusega\"}]},{\"@type\":\"WebSite\",\"@id\":\"https:\/\/dementsus.ee\/en\/#website\",\"url\":\"https:\/\/dementsus.ee\/en\/\",\"name\":\"Dementsuse Kompetentsikeskus\",\"description\":\"dementsuse info ja abi\",\"publisher\":{\"@id\":\"https:\/\/dementsus.ee\/en\/#organization\"},\"potentialAction\":[{\"@type\":\"SearchAction\",\"target\":{\"@type\":\"EntryPoint\",\"urlTemplate\":\"https:\/\/dementsus.ee\/en\/?s={search_term_string}\"},\"query-input\":{\"@type\":\"PropertyValueSpecification\",\"valueRequired\":true,\"valueName\":\"search_term_string\"}}],\"inLanguage\":\"en-US\"},{\"@type\":\"Organization\",\"@id\":\"https:\/\/dementsus.ee\/en\/#organization\",\"name\":\"Dementsuse Kompetentsikeskus\",\"url\":\"https:\/\/dementsus.ee\/en\/\",\"logo\":{\"@type\":\"ImageObject\",\"inLanguage\":\"en-US\",\"@id\":\"https:\/\/dementsus.ee\/en\/#\/schema\/logo\/image\/\",\"url\":\"https:\/\/dementsus.ee\/wp-content\/uploads\/2023\/07\/ED_logo_kodukale.svg\",\"contentUrl\":\"https:\/\/dementsus.ee\/wp-content\/uploads\/2023\/07\/ED_logo_kodukale.svg\",\"caption\":\"Dementsuse Kompetentsikeskus\"},\"image\":{\"@id\":\"https:\/\/dementsus.ee\/en\/#\/schema\/logo\/image\/\"}},{\"@type\":\"Person\",\"@id\":\"https:\/\/dementsus.ee\/en\/#\/schema\/person\/dd93d64f20e6c5add626937f6b5931ed\",\"name\":\"Kermo\",\"image\":{\"@type\":\"ImageObject\",\"inLanguage\":\"en-US\",\"@id\":\"https:\/\/dementsus.ee\/en\/#\/schema\/person\/image\/\",\"url\":\"https:\/\/secure.gravatar.com\/avatar\/b2f0128e9063b66b5c6e595d8f4c39037d52f729089f1ad5afc34656e1d58a64?s=96&d=mm&r=g\",\"contentUrl\":\"https:\/\/secure.gravatar.com\/avatar\/b2f0128e9063b66b5c6e595d8f4c39037d52f729089f1ad5afc34656e1d58a64?s=96&d=mm&r=g\",\"caption\":\"Kermo\"},\"url\":\"https:\/\/dementsus.ee\/en\/author\/kermo\/\"}]}<\/script>\n<!-- \/ Yoast SEO plugin. -->","yoast_head_json":{"title":"Sotsiaalkindlustusameti veebiseminaril r\u00e4\u00e4giti elust dementsusega - Dementsuse Kompetentsikeskus","robots":{"index":"index","follow":"follow","max-snippet":"max-snippet:-1","max-image-preview":"max-image-preview:large","max-video-preview":"max-video-preview:-1"},"canonical":"https:\/\/dementsus.ee\/en\/sotsiaalkindlustusameti-veebiseminaril-raagiti-elust-dementsusega\/","og_locale":"en_US","og_type":"article","og_title":"Sotsiaalkindlustusameti veebiseminaril r\u00e4\u00e4giti elust dementsusega - Dementsuse Kompetentsikeskus","og_description":"29.07.2020 toimus Sotsiaalkindlustusameti Kohalike omavalitsuse n\u00f5ustamis\u00fcksuse korraldatav kuues kohalike omavalitsuste sotsiaalt\u00f6\u00f6tajatele suunatud veebiseminar, mille teemaks oli \u201eElu dementsusega&#8221;. Veebiseminaril osalesid Sotsiaalkindlustusameti Kohaliku omavalitsuse n\u00f5ustamis\u00fcksuse n\u00f5ustaja Anu \u00d5un ja Dementsuse Kompetentsikeskuse esindaja Miret Tuur. R\u00e4\u00e4giti dementsuss\u00fcndroomist ja anti \u00fclevaade Dementsuse Kompetentsikeskuse tegevustest ja teenustest. Veebiseminari salvestus ja esitlus on leitavad Sotsiaalkindlustusameti kodulehel.","og_url":"https:\/\/dementsus.ee\/en\/sotsiaalkindlustusameti-veebiseminaril-raagiti-elust-dementsusega\/","og_site_name":"Dementsuse Kompetentsikeskus","article_published_time":"2020-08-07T12:36:53+00:00","og_image":[{"width":1200,"height":216,"url":"https:\/\/dementsus.ee\/wp-content\/uploads\/2020\/08\/pilvepusle_2.jpg","type":"image\/jpeg"}],"author":"Kermo","twitter_card":"summary_large_image","twitter_misc":{"Written by":"Kermo"},"schema":{"@context":"https:\/\/schema.org","@graph":[{"@type":"Article","@id":"https:\/\/dementsus.ee\/en\/sotsiaalkindlustusameti-veebiseminaril-raagiti-elust-dementsusega\/#article","isPartOf":{"@id":"https:\/\/dementsus.ee\/en\/sotsiaalkindlustusameti-veebiseminaril-raagiti-elust-dementsusega\/"},"author":{"name":"Kermo","@id":"https:\/\/dementsus.ee\/en\/#\/schema\/person\/dd93d64f20e6c5add626937f6b5931ed"},"headline":"Sotsiaalkindlustusameti veebiseminaril r\u00e4\u00e4giti elust dementsusega","datePublished":"2020-08-07T12:36:53+00:00","mainEntityOfPage":{"@id":"https:\/\/dementsus.ee\/en\/sotsiaalkindlustusameti-veebiseminaril-raagiti-elust-dementsusega\/"},"wordCount":64,"commentCount":0,"publisher":{"@id":"https:\/\/dementsus.ee\/en\/#organization"},"image":{"@id":"https:\/\/dementsus.ee\/en\/sotsiaalkindlustusameti-veebiseminaril-raagiti-elust-dementsusega\/#primaryimage"},"thumbnailUrl":"https:\/\/dementsus.ee\/wp-content\/uploads\/2020\/08\/pilvepusle_2.jpg","articleSection":["M\u00e4\u00e4ratlemata"],"inLanguage":"en-US"},{"@type":"WebPage","@id":"https:\/\/dementsus.ee\/en\/sotsiaalkindlustusameti-veebiseminaril-raagiti-elust-dementsusega\/","url":"https:\/\/dementsus.ee\/en\/sotsiaalkindlustusameti-veebiseminaril-raagiti-elust-dementsusega\/","name":"Sotsiaalkindlustusameti veebiseminaril r\u00e4\u00e4giti elust dementsusega - Dementsuse Kompetentsikeskus","isPartOf":{"@id":"https:\/\/dementsus.ee\/en\/#website"},"primaryImageOfPage":{"@id":"https:\/\/dementsus.ee\/en\/sotsiaalkindlustusameti-veebiseminaril-raagiti-elust-dementsusega\/#primaryimage"},"image":{"@id":"https:\/\/dementsus.ee\/en\/sotsiaalkindlustusameti-veebiseminaril-raagiti-elust-dementsusega\/#primaryimage"},"thumbnailUrl":"https:\/\/dementsus.ee\/wp-content\/uploads\/2020\/08\/pilvepusle_2.jpg","datePublished":"2020-08-07T12:36:53+00:00","breadcrumb":{"@id":"https:\/\/dementsus.ee\/en\/sotsiaalkindlustusameti-veebiseminaril-raagiti-elust-dementsusega\/#breadcrumb"},"inLanguage":"en-US","potentialAction":[{"@type":"ReadAction","target":["https:\/\/dementsus.ee\/en\/sotsiaalkindlustusameti-veebiseminaril-raagiti-elust-dementsusega\/"]}]},{"@type":"ImageObject","inLanguage":"en-US","@id":"https:\/\/dementsus.ee\/en\/sotsiaalkindlustusameti-veebiseminaril-raagiti-elust-dementsusega\/#primaryimage","url":"https:\/\/dementsus.ee\/wp-content\/uploads\/2020\/08\/pilvepusle_2.jpg","contentUrl":"https:\/\/dementsus.ee\/wp-content\/uploads\/2020\/08\/pilvepusle_2.jpg","width":1200,"height":216},{"@type":"BreadcrumbList","@id":"https:\/\/dementsus.ee\/en\/sotsiaalkindlustusameti-veebiseminaril-raagiti-elust-dementsusega\/#breadcrumb","itemListElement":[{"@type":"ListItem","position":1,"name":"Esileht","item":"https:\/\/dementsus.ee\/en\/"},{"@type":"ListItem","position":2,"name":"Sotsiaalkindlustusameti veebiseminaril r\u00e4\u00e4giti elust dementsusega"}]},{"@type":"WebSite","@id":"https:\/\/dementsus.ee\/en\/#website","url":"https:\/\/dementsus.ee\/en\/","name":"Dementsuse Kompetentsikeskus","description":"dementsuse info ja abi","publisher":{"@id":"https:\/\/dementsus.ee\/en\/#organization"},"potentialAction":[{"@type":"SearchAction","target":{"@type":"EntryPoint","urlTemplate":"https:\/\/dementsus.ee\/en\/?s={search_term_string}"},"query-input":{"@type":"PropertyValueSpecification","valueRequired":true,"valueName":"search_term_string"}}],"inLanguage":"en-US"},{"@type":"Organization","@id":"https:\/\/dementsus.ee\/en\/#organization","name":"Dementsuse Kompetentsikeskus","url":"https:\/\/dementsus.ee\/en\/","logo":{"@type":"ImageObject","inLanguage":"en-US","@id":"https:\/\/dementsus.ee\/en\/#\/schema\/logo\/image\/","url":"https:\/\/dementsus.ee\/wp-content\/uploads\/2023\/07\/ED_logo_kodukale.svg","contentUrl":"https:\/\/dementsus.ee\/wp-content\/uploads\/2023\/07\/ED_logo_kodukale.svg","caption":"Dementsuse Kompetentsikeskus"},"image":{"@id":"https:\/\/dementsus.ee\/en\/#\/schema\/logo\/image\/"}},{"@type":"Person","@id":"https:\/\/dementsus.ee\/en\/#\/schema\/person\/dd93d64f20e6c5add626937f6b5931ed","name":"Kermo","image":{"@type":"ImageObject","inLanguage":"en-US","@id":"https:\/\/dementsus.ee\/en\/#\/schema\/person\/image\/","url":"https:\/\/secure.gravatar.com\/avatar\/b2f0128e9063b66b5c6e595d8f4c39037d52f729089f1ad5afc34656e1d58a64?s=96&d=mm&r=g","contentUrl":"https:\/\/secure.gravatar.com\/avatar\/b2f0128e9063b66b5c6e595d8f4c39037d52f729089f1ad5afc34656e1d58a64?s=96&d=mm&r=g","caption":"Kermo"},"url":"https:\/\/dementsus.ee\/en\/author\/kermo\/"}]}},"_links":{"self":[{"href":"https:\/\/dementsus.ee\/en\/wp-json\/wp\/v2\/posts\/2663","targetHints":{"allow":["GET"]}}],"collection":[{"href":"https:\/\/dementsus.ee\/en\/wp-json\/wp\/v2\/posts"}],"about":[{"href":"https:\/\/dementsus.ee\/en\/wp-json\/wp\/v2\/types\/post"}],"author":[{"embeddable":true,"href":"https:\/\/dementsus.ee\/en\/wp-json\/wp\/v2\/users\/2"}],"replies":[{"embeddable":true,"href":"https:\/\/dementsus.ee\/en\/wp-json\/wp\/v2\/comments?post=2663"}],"version-history":[{"count":0,"href":"https:\/\/dementsus.ee\/en\/wp-json\/wp\/v2\/posts\/2663\/revisions"}],"wp:featuredmedia":[{"embeddable":true,"href":"https:\/\/dementsus.ee\/en\/wp-json\/wp\/v2\/media\/2664"}],"wp:attachment":[{"href":"https:\/\/dementsus.ee\/en\/wp-json\/wp\/v2\/media?parent=2663"}],"wp:term":[{"taxonomy":"category","embeddable":true,"href":"https:\/\/dementsus.ee\/en\/wp-json\/wp\/v2\/categories?post=2663"},{"taxonomy":"post_tag","embeddable":true,"href":"https:\/\/dementsus.ee\/en\/wp-json\/wp\/v2\/tags?post=2663"},{"taxonomy":"autor","embeddable":true,"href":"https:\/\/dementsus.ee\/en\/wp-json\/wp\/v2\/autor?post=2663"}],"curies":[{"name":"wp","href":"https:\/\/api.w.org\/{rel}","templated":true}]}}