{"id":2791,"date":"2020-09-21T18:47:12","date_gmt":"2020-09-21T18:47:12","guid":{"rendered":"https:\/\/eludementsusega.ee\/?p=2791"},"modified":"2020-09-21T18:47:12","modified_gmt":"2020-09-21T18:47:12","slug":"adi_aruanne_2020","status":"publish","type":"post","link":"https:\/\/dementsus.ee\/en\/adi_aruanne_2020\/","title":{"rendered":"Dementsusega inimest toetav keskkond tuleb viia tasemele nagu seda on f\u00fc\u00fcsilisi puudeid arvestav keskkond \u00a0"},"content":{"rendered":"<p>Palju enam on riikidel vaja keskkondade kujundamisel arvesse v\u00f5tta dementsusega inimeste vajadusi, \u00f6eldi t\u00e4na, rahvusvahelisel Alzheimeri p\u00e4eval <em>Alzheimer\u00b4s Disease Internationali<\/em> (edaspidi ADI) pressikonverentsil, mis tutvustas ADI 2020. aasta aruannet \u201eDisain, v\u00e4\u00e4rikus, dementsus; dementsust arvestav disain ja keskkond.\u201c \u00a0Riike kutsutakse \u00fcles tunnustama dementsust kui puuet ning lisama keskkondade kohandamise teema riiklikesse dementsuse arengukavadesse. Kohandatud keskkond kodus, hoolekandeasutuses, haiglas, \u00fchiskondlikes hoonetes ja ruumides tagab dementsusega inimeste heaolu ja v\u00e4\u00e4rikuse.<\/p>\n<p>2050. aastaks elab maailmas eeldatavalt 152 miljonit dementsusega inimest, dementsus on hetkel viies surma p\u00f5hjustav haigus, kuid keskkond, mis arvestaks dementsusega inimeste vajadusi, on paljudes riikides olematu, tuuakse v\u00e4lja t\u00e4nases ADI pressiteates.<\/p>\n<p>Tunnustades dementsust kui puuet, tagatakse dementsust arvestavate keskkondade kujundamise arengus samasugune l\u00e4bimurre nagu 30 aastat tagasi toimus see f\u00fc\u00fcsiliste isikute vajadusi arvesse v\u00f5tvate keskkondade kohandamisel: ratastoolidele ligip\u00e4\u00e4setavad liftid, ohutumad \u00fclek\u00e4igurajad ja muu, mis on muutunud \u00fclemaailmselt tavap\u00e4raseks. Dementsusega arvestava keskkonna kohandamine ei tohiks olla ni\u0161\u0161, vaid tavap\u00e4rane disaini osa. Ei tohiks minna ka sellesse \u00e4\u00e4rmusesse, et disainitaksegi k\u00f5ike ainult dementsuslikult ja luuakse tehiskeskkondi. Inimene, kas dementsusega v\u00f5i ilma, tahab elada keskkonnas, mis on tema jaoks t\u00e4henduslik.<\/p>\n<p>Vaja on dementsusega inimeste keskkondade kohandamise juhendeid nagu need on v\u00e4lja t\u00f6\u00f6tatud f\u00fc\u00fcsiliste puuetega inimeste jaoks. Dementsusest tulenev puue on tihtipeale v\u00e4hem m\u00e4rgatav kui see on f\u00fc\u00fcsilise puude puhul. Keskkonna kohandamine ei ole kallis, alustada saab lihtsatest asjadest nagu n\u00e4iteks vaibad (nt mustad laigud vaipades tunduvad dementsusega inimese jaoks nagu augud p\u00f5randas ja nad ei julge vaibale astuda) ja dekoor, ohtlike esemete k\u00f5rvaldamine, selge viitade s\u00fcsteem \u2013 need on vahendid, mis v\u00e4hendavad \u00e4revust ja agitatsiooni ning parandavad sotsiaalset suhtlemist.<\/p>\n<p>Dementsusega inimeste vajadusi arvestav keskkonna kohandamine peab algama uue ehitise v\u00f5i piirkonna projekti planeerimise faasis, mitte siis, kui ehitis v\u00f5i piirkond on juba valmis. Seet\u00f5ttu on vajalik dementsuse keskkonna kujundamine lisada arhitektide ja disainerite \u00f5ppekavadesse. Vajalik on kaasata keskkonna kujundamise protsessi ka dementsusega inimesed ise.<\/p>\n<p>Dementsusega arvestava keskkonna kujundamise p\u00f5him\u00f5tted:<\/p>\n<ul>\n<li><strong>Riskide v\u00e4hendamine: <\/strong>v\u00e4henda ohtlikke riske (nagu n\u00e4iteks trepiastmed), taga turvalisus nii, et kasutatavad vahendid sulanduksid v\u00f5imalikult keskkonda (ei ole liiga silmapaistvad).<\/li>\n<li><strong>Inimlikud m\u00f5\u00f5tmed: hoonete suurus\/laiuvus<\/strong> v\u00f5ib m\u00f5jutada dementsusega inimese k\u00e4itumist. Hoonetel peaksid olema inimlikud m\u00f5\u00f5tmeid, milles on turvaline ja mugav liikuda.<\/li>\n<li><strong>V\u00f5imaldage inimestel n\u00e4ha ja olla n\u00e4htaval: <\/strong>hoone lihtsus v\u00e4hendab \u00e4revust.<\/li>\n<li><strong>V\u00e4hendage mittevajalikku stimulatsiooni: <\/strong>keskkonna kohandamine peab v\u00e4hendama mitteolulist stimulatsiooni nagu n\u00e4iteks segavad helid, mittevajalikud plakatid, viidad jne.<\/li>\n<li><strong>Suurendage kasulikku stimulatsiooni: <\/strong>v\u00f5imaldage dementsusega inimesel n\u00e4ha, kuulda ja nuusutada asju, andes vihjeid selle kohta, kus nad on ja mida nad v\u00f5ivad teha. See v\u00e4hendab nende \u00e4revust ja ebakindlust.<\/li>\n<li><strong>Toetage liikumist ja kaasatust: <\/strong>luues h\u00e4sti eristuva ja ohutu liikumisala, toetad dementsusega inimese kaasatust ja v\u00f5imalusi tegutseda.<\/li>\n<li><strong>Looge tuttavlik keskkond: <\/strong>tuttava hoonekujunduse, m\u00f6\u00f6bli, furnituuri ja v\u00e4rvide kasutamine annab dementsusega inimesele v\u00f5imaluse s\u00e4ilitada oma oskused.<\/li>\n<li><strong>Looge v\u00f5imalused olla \u00fcksi v\u00f5i koos teistega: <\/strong>erinevad ruumid v\u00f5i sopid ruumides, m\u00f5ned neist privaatse vestluse jaoks, teised grupit\u00f6\u00f6deks, samuti v\u00f5imalus omaette olemiseks. Oluline on anda dementsusega inimesele v\u00f5imalus valida, kuidas ta veedab oma aega.<\/li>\n<li><strong>Side kogukonnaga:\u00a0<\/strong>keskkond peaks k\u00fclastajal v\u00f5imaldama mugavalt k\u00fclas olla ja toetama interaktiivsust. Perega koos olemine s\u00e4ilitab dementsusega inimese identiteedi.<\/li>\n<li><strong>Disain toetab elustiili: <\/strong>keskkonna kujundamine toetab elustiili kontseptsiooni \u2013 n\u00e4iteks hoolekandeasutuses v\u00f5ib olla keskkond, kus nt s\u00fc\u00fca ja muid igap\u00e4evaseid tegevusi tehakse koos. Keskkond peab andma selge s\u00f5numi, mis toetab elustiili ja on arusaadav nii selle elanikele kui personalile. <strong>\u00a0<\/strong><\/li>\n<\/ul>\n<p>ADI 2020. aasta aruanne on koostatud kahe osana. Esimeses osas (248 lk) on antud \u00fclevaade aruande koostamisest, kasutatud kirjandusest, keskkonna kujundamise ajaloost, erinevatest disaini printsiipidest ning aruande l\u00f5pus on anal\u00fc\u00fcsitu p\u00f5hjal toodud soovitused. Aruande teises osas (264 lk) on \u00fclevaade 27 riigi 84 heast dementsusega inimesele loodud keskkonna praktikast koos rohke illustreeriva materjaliga.<\/p>\n<p><a href=\"https:\/\/www.alz.co.uk\/u\/WorldAlzheimerReport2020Vol1.pdf\" target=\"_blank\" rel=\"noopener noreferrer\">World Alzheimer Report 2020. Volume 1<\/a>.<\/p>\n<p><a href=\"https:\/\/www.alz.co.uk\/u\/WorldAlzheimerReport2020Vol2.pdf\" target=\"_blank\" rel=\"noopener noreferrer\">World Alzheimer Report 2020. Volume 2. Case studies. (<\/a>Lk 129-130 on toodud n\u00e4ited ka Eesti heast praktikast &#8211; SA Koeru Hooldekeskuses tehtud kohandustest dementsusega inimestele).<\/p>\n<p>Olulised punktid, mida v\u00f5iks \u00fcldistavalt aruandest meelde j\u00e4tta:<\/p>\n<ul>\n<li>Dementsusega inimeste vajadusi arvestav keskkondade kujundamine on f\u00fc\u00fcsiliste puuetega inimeste vajadusi arvesse v\u00f5tva keskkonnaga v\u00f5rreldes 30 aastat arengust maas<\/li>\n<li>Dementsusega inimeste keskkonna kohandamine peaks olema riiklikes arengukavades ja tulenema puuetega inimeste \u00f5iguste konventsioonist<\/li>\n<li>Dementsusega inimestele kohandatud keskkonna disain j\u00e4rgib lihtsaid p\u00f5him\u00f5tteid, on kuluefektiivne ja parandab m\u00e4rkimisv\u00e4\u00e4rselt dementsusega inimeste heaolu ja turvalisust<\/li>\n<li>Keskkonna kohandamine v\u00f5imaldab inimestel elada oma kodudes ja kogukondades v\u00f5imalikult kaua<\/li>\n<\/ul>\n<p>&nbsp;<\/p>\n","protected":false},"excerpt":{"rendered":"<p>Palju enam on riikidel vaja keskkondade kujundamisel arvesse v\u00f5tta dementsusega inimeste vajadusi, \u00f6eldi t\u00e4na, rahvusvahelisel Alzheimeri p\u00e4eval Alzheimer\u00b4s Disease Internationali (edaspidi ADI) pressikonverentsil, mis tutvustas ADI 2020. aasta aruannet \u201eDisain, v\u00e4\u00e4rikus, dementsus; dementsust arvestav disain ja keskkond.\u201c \u00a0Riike kutsutakse \u00fcles tunnustama dementsust kui puuet ning lisama keskkondade kohandamise teema riiklikesse dementsuse arengukavadesse. Kohandatud keskkond kodus, [&hellip;]<\/p>\n","protected":false},"author":2,"featured_media":0,"comment_status":"open","ping_status":"open","sticky":false,"template":"","format":"standard","meta":{"footnotes":""},"categories":[1],"tags":[],"autor":[],"class_list":["post-2791","post","type-post","status-publish","format-standard","hentry","category-maaratlemata"],"yoast_head":"<!-- This site is optimized with the Yoast SEO plugin v26.2 - https:\/\/yoast.com\/wordpress\/plugins\/seo\/ -->\n<title>Dementsusega inimest toetav keskkond tuleb viia tasemele nagu seda on f\u00fc\u00fcsilisi puudeid arvestav keskkond \u00a0 - Dementsuse Kompetentsikeskus<\/title>\n<meta name=\"robots\" content=\"index, follow, max-snippet:-1, max-image-preview:large, max-video-preview:-1\" \/>\n<link rel=\"canonical\" href=\"https:\/\/dementsus.ee\/en\/adi_aruanne_2020\/\" \/>\n<meta property=\"og:locale\" content=\"en_US\" \/>\n<meta property=\"og:type\" content=\"article\" \/>\n<meta property=\"og:title\" content=\"Dementsusega inimest toetav keskkond tuleb viia tasemele nagu seda on f\u00fc\u00fcsilisi puudeid arvestav keskkond \u00a0 - Dementsuse Kompetentsikeskus\" \/>\n<meta property=\"og:description\" content=\"Palju enam on riikidel vaja keskkondade kujundamisel arvesse v\u00f5tta dementsusega inimeste vajadusi, \u00f6eldi t\u00e4na, rahvusvahelisel Alzheimeri p\u00e4eval Alzheimer\u00b4s Disease Internationali (edaspidi ADI) pressikonverentsil, mis tutvustas ADI 2020. aasta aruannet \u201eDisain, v\u00e4\u00e4rikus, dementsus; dementsust arvestav disain ja keskkond.\u201c \u00a0Riike kutsutakse \u00fcles tunnustama dementsust kui puuet ning lisama keskkondade kohandamise teema riiklikesse dementsuse arengukavadesse. Kohandatud keskkond kodus, [&hellip;]\" \/>\n<meta property=\"og:url\" content=\"https:\/\/dementsus.ee\/en\/adi_aruanne_2020\/\" \/>\n<meta property=\"og:site_name\" content=\"Dementsuse Kompetentsikeskus\" \/>\n<meta property=\"article:published_time\" content=\"2020-09-21T18:47:12+00:00\" \/>\n<meta name=\"author\" content=\"Kermo\" \/>\n<meta name=\"twitter:card\" content=\"summary_large_image\" \/>\n<meta name=\"twitter:label1\" content=\"Written by\" \/>\n\t<meta name=\"twitter:data1\" content=\"Kermo\" \/>\n\t<meta name=\"twitter:label2\" content=\"Est. reading time\" \/>\n\t<meta name=\"twitter:data2\" content=\"4 minutes\" \/>\n<script type=\"application\/ld+json\" class=\"yoast-schema-graph\">{\"@context\":\"https:\/\/schema.org\",\"@graph\":[{\"@type\":\"Article\",\"@id\":\"https:\/\/dementsus.ee\/en\/adi_aruanne_2020\/#article\",\"isPartOf\":{\"@id\":\"https:\/\/dementsus.ee\/en\/adi_aruanne_2020\/\"},\"author\":{\"name\":\"Kermo\",\"@id\":\"https:\/\/dementsus.ee\/en\/#\/schema\/person\/dd93d64f20e6c5add626937f6b5931ed\"},\"headline\":\"Dementsusega inimest toetav keskkond tuleb viia tasemele nagu seda on f\u00fc\u00fcsilisi puudeid arvestav keskkond \u00a0\",\"datePublished\":\"2020-09-21T18:47:12+00:00\",\"mainEntityOfPage\":{\"@id\":\"https:\/\/dementsus.ee\/en\/adi_aruanne_2020\/\"},\"wordCount\":776,\"commentCount\":0,\"publisher\":{\"@id\":\"https:\/\/dementsus.ee\/en\/#organization\"},\"articleSection\":[\"M\u00e4\u00e4ratlemata\"],\"inLanguage\":\"en-US\"},{\"@type\":\"WebPage\",\"@id\":\"https:\/\/dementsus.ee\/en\/adi_aruanne_2020\/\",\"url\":\"https:\/\/dementsus.ee\/en\/adi_aruanne_2020\/\",\"name\":\"Dementsusega inimest toetav keskkond tuleb viia tasemele nagu seda on f\u00fc\u00fcsilisi puudeid arvestav keskkond \u00a0 - Dementsuse Kompetentsikeskus\",\"isPartOf\":{\"@id\":\"https:\/\/dementsus.ee\/en\/#website\"},\"datePublished\":\"2020-09-21T18:47:12+00:00\",\"breadcrumb\":{\"@id\":\"https:\/\/dementsus.ee\/en\/adi_aruanne_2020\/#breadcrumb\"},\"inLanguage\":\"en-US\",\"potentialAction\":[{\"@type\":\"ReadAction\",\"target\":[\"https:\/\/dementsus.ee\/en\/adi_aruanne_2020\/\"]}]},{\"@type\":\"BreadcrumbList\",\"@id\":\"https:\/\/dementsus.ee\/en\/adi_aruanne_2020\/#breadcrumb\",\"itemListElement\":[{\"@type\":\"ListItem\",\"position\":1,\"name\":\"Esileht\",\"item\":\"https:\/\/dementsus.ee\/en\/\"},{\"@type\":\"ListItem\",\"position\":2,\"name\":\"Dementsusega inimest toetav keskkond tuleb viia tasemele nagu seda on f\u00fc\u00fcsilisi puudeid arvestav keskkond \u00a0\"}]},{\"@type\":\"WebSite\",\"@id\":\"https:\/\/dementsus.ee\/en\/#website\",\"url\":\"https:\/\/dementsus.ee\/en\/\",\"name\":\"Dementsuse Kompetentsikeskus\",\"description\":\"dementsuse info ja abi\",\"publisher\":{\"@id\":\"https:\/\/dementsus.ee\/en\/#organization\"},\"potentialAction\":[{\"@type\":\"SearchAction\",\"target\":{\"@type\":\"EntryPoint\",\"urlTemplate\":\"https:\/\/dementsus.ee\/en\/?s={search_term_string}\"},\"query-input\":{\"@type\":\"PropertyValueSpecification\",\"valueRequired\":true,\"valueName\":\"search_term_string\"}}],\"inLanguage\":\"en-US\"},{\"@type\":\"Organization\",\"@id\":\"https:\/\/dementsus.ee\/en\/#organization\",\"name\":\"Dementsuse Kompetentsikeskus\",\"url\":\"https:\/\/dementsus.ee\/en\/\",\"logo\":{\"@type\":\"ImageObject\",\"inLanguage\":\"en-US\",\"@id\":\"https:\/\/dementsus.ee\/en\/#\/schema\/logo\/image\/\",\"url\":\"https:\/\/dementsus.ee\/wp-content\/uploads\/2023\/07\/ED_logo_kodukale.svg\",\"contentUrl\":\"https:\/\/dementsus.ee\/wp-content\/uploads\/2023\/07\/ED_logo_kodukale.svg\",\"caption\":\"Dementsuse Kompetentsikeskus\"},\"image\":{\"@id\":\"https:\/\/dementsus.ee\/en\/#\/schema\/logo\/image\/\"}},{\"@type\":\"Person\",\"@id\":\"https:\/\/dementsus.ee\/en\/#\/schema\/person\/dd93d64f20e6c5add626937f6b5931ed\",\"name\":\"Kermo\",\"image\":{\"@type\":\"ImageObject\",\"inLanguage\":\"en-US\",\"@id\":\"https:\/\/dementsus.ee\/en\/#\/schema\/person\/image\/\",\"url\":\"https:\/\/secure.gravatar.com\/avatar\/b2f0128e9063b66b5c6e595d8f4c39037d52f729089f1ad5afc34656e1d58a64?s=96&d=mm&r=g\",\"contentUrl\":\"https:\/\/secure.gravatar.com\/avatar\/b2f0128e9063b66b5c6e595d8f4c39037d52f729089f1ad5afc34656e1d58a64?s=96&d=mm&r=g\",\"caption\":\"Kermo\"},\"url\":\"https:\/\/dementsus.ee\/en\/author\/kermo\/\"}]}<\/script>\n<!-- \/ Yoast SEO plugin. -->","yoast_head_json":{"title":"Dementsusega inimest toetav keskkond tuleb viia tasemele nagu seda on f\u00fc\u00fcsilisi puudeid arvestav keskkond \u00a0 - Dementsuse Kompetentsikeskus","robots":{"index":"index","follow":"follow","max-snippet":"max-snippet:-1","max-image-preview":"max-image-preview:large","max-video-preview":"max-video-preview:-1"},"canonical":"https:\/\/dementsus.ee\/en\/adi_aruanne_2020\/","og_locale":"en_US","og_type":"article","og_title":"Dementsusega inimest toetav keskkond tuleb viia tasemele nagu seda on f\u00fc\u00fcsilisi puudeid arvestav keskkond \u00a0 - Dementsuse Kompetentsikeskus","og_description":"Palju enam on riikidel vaja keskkondade kujundamisel arvesse v\u00f5tta dementsusega inimeste vajadusi, \u00f6eldi t\u00e4na, rahvusvahelisel Alzheimeri p\u00e4eval Alzheimer\u00b4s Disease Internationali (edaspidi ADI) pressikonverentsil, mis tutvustas ADI 2020. aasta aruannet \u201eDisain, v\u00e4\u00e4rikus, dementsus; dementsust arvestav disain ja keskkond.\u201c \u00a0Riike kutsutakse \u00fcles tunnustama dementsust kui puuet ning lisama keskkondade kohandamise teema riiklikesse dementsuse arengukavadesse. Kohandatud keskkond kodus, [&hellip;]","og_url":"https:\/\/dementsus.ee\/en\/adi_aruanne_2020\/","og_site_name":"Dementsuse Kompetentsikeskus","article_published_time":"2020-09-21T18:47:12+00:00","author":"Kermo","twitter_card":"summary_large_image","twitter_misc":{"Written by":"Kermo","Est. reading time":"4 minutes"},"schema":{"@context":"https:\/\/schema.org","@graph":[{"@type":"Article","@id":"https:\/\/dementsus.ee\/en\/adi_aruanne_2020\/#article","isPartOf":{"@id":"https:\/\/dementsus.ee\/en\/adi_aruanne_2020\/"},"author":{"name":"Kermo","@id":"https:\/\/dementsus.ee\/en\/#\/schema\/person\/dd93d64f20e6c5add626937f6b5931ed"},"headline":"Dementsusega inimest toetav keskkond tuleb viia tasemele nagu seda on f\u00fc\u00fcsilisi puudeid arvestav keskkond \u00a0","datePublished":"2020-09-21T18:47:12+00:00","mainEntityOfPage":{"@id":"https:\/\/dementsus.ee\/en\/adi_aruanne_2020\/"},"wordCount":776,"commentCount":0,"publisher":{"@id":"https:\/\/dementsus.ee\/en\/#organization"},"articleSection":["M\u00e4\u00e4ratlemata"],"inLanguage":"en-US"},{"@type":"WebPage","@id":"https:\/\/dementsus.ee\/en\/adi_aruanne_2020\/","url":"https:\/\/dementsus.ee\/en\/adi_aruanne_2020\/","name":"Dementsusega inimest toetav keskkond tuleb viia tasemele nagu seda on f\u00fc\u00fcsilisi puudeid arvestav keskkond \u00a0 - Dementsuse Kompetentsikeskus","isPartOf":{"@id":"https:\/\/dementsus.ee\/en\/#website"},"datePublished":"2020-09-21T18:47:12+00:00","breadcrumb":{"@id":"https:\/\/dementsus.ee\/en\/adi_aruanne_2020\/#breadcrumb"},"inLanguage":"en-US","potentialAction":[{"@type":"ReadAction","target":["https:\/\/dementsus.ee\/en\/adi_aruanne_2020\/"]}]},{"@type":"BreadcrumbList","@id":"https:\/\/dementsus.ee\/en\/adi_aruanne_2020\/#breadcrumb","itemListElement":[{"@type":"ListItem","position":1,"name":"Esileht","item":"https:\/\/dementsus.ee\/en\/"},{"@type":"ListItem","position":2,"name":"Dementsusega inimest toetav keskkond tuleb viia tasemele nagu seda on f\u00fc\u00fcsilisi puudeid arvestav keskkond \u00a0"}]},{"@type":"WebSite","@id":"https:\/\/dementsus.ee\/en\/#website","url":"https:\/\/dementsus.ee\/en\/","name":"Dementsuse Kompetentsikeskus","description":"dementsuse info ja abi","publisher":{"@id":"https:\/\/dementsus.ee\/en\/#organization"},"potentialAction":[{"@type":"SearchAction","target":{"@type":"EntryPoint","urlTemplate":"https:\/\/dementsus.ee\/en\/?s={search_term_string}"},"query-input":{"@type":"PropertyValueSpecification","valueRequired":true,"valueName":"search_term_string"}}],"inLanguage":"en-US"},{"@type":"Organization","@id":"https:\/\/dementsus.ee\/en\/#organization","name":"Dementsuse Kompetentsikeskus","url":"https:\/\/dementsus.ee\/en\/","logo":{"@type":"ImageObject","inLanguage":"en-US","@id":"https:\/\/dementsus.ee\/en\/#\/schema\/logo\/image\/","url":"https:\/\/dementsus.ee\/wp-content\/uploads\/2023\/07\/ED_logo_kodukale.svg","contentUrl":"https:\/\/dementsus.ee\/wp-content\/uploads\/2023\/07\/ED_logo_kodukale.svg","caption":"Dementsuse Kompetentsikeskus"},"image":{"@id":"https:\/\/dementsus.ee\/en\/#\/schema\/logo\/image\/"}},{"@type":"Person","@id":"https:\/\/dementsus.ee\/en\/#\/schema\/person\/dd93d64f20e6c5add626937f6b5931ed","name":"Kermo","image":{"@type":"ImageObject","inLanguage":"en-US","@id":"https:\/\/dementsus.ee\/en\/#\/schema\/person\/image\/","url":"https:\/\/secure.gravatar.com\/avatar\/b2f0128e9063b66b5c6e595d8f4c39037d52f729089f1ad5afc34656e1d58a64?s=96&d=mm&r=g","contentUrl":"https:\/\/secure.gravatar.com\/avatar\/b2f0128e9063b66b5c6e595d8f4c39037d52f729089f1ad5afc34656e1d58a64?s=96&d=mm&r=g","caption":"Kermo"},"url":"https:\/\/dementsus.ee\/en\/author\/kermo\/"}]}},"_links":{"self":[{"href":"https:\/\/dementsus.ee\/en\/wp-json\/wp\/v2\/posts\/2791","targetHints":{"allow":["GET"]}}],"collection":[{"href":"https:\/\/dementsus.ee\/en\/wp-json\/wp\/v2\/posts"}],"about":[{"href":"https:\/\/dementsus.ee\/en\/wp-json\/wp\/v2\/types\/post"}],"author":[{"embeddable":true,"href":"https:\/\/dementsus.ee\/en\/wp-json\/wp\/v2\/users\/2"}],"replies":[{"embeddable":true,"href":"https:\/\/dementsus.ee\/en\/wp-json\/wp\/v2\/comments?post=2791"}],"version-history":[{"count":0,"href":"https:\/\/dementsus.ee\/en\/wp-json\/wp\/v2\/posts\/2791\/revisions"}],"wp:attachment":[{"href":"https:\/\/dementsus.ee\/en\/wp-json\/wp\/v2\/media?parent=2791"}],"wp:term":[{"taxonomy":"category","embeddable":true,"href":"https:\/\/dementsus.ee\/en\/wp-json\/wp\/v2\/categories?post=2791"},{"taxonomy":"post_tag","embeddable":true,"href":"https:\/\/dementsus.ee\/en\/wp-json\/wp\/v2\/tags?post=2791"},{"taxonomy":"autor","embeddable":true,"href":"https:\/\/dementsus.ee\/en\/wp-json\/wp\/v2\/autor?post=2791"}],"curies":[{"name":"wp","href":"https:\/\/api.w.org\/{rel}","templated":true}]}}