{"id":2983,"date":"2020-10-27T09:12:23","date_gmt":"2020-10-27T09:12:23","guid":{"rendered":"https:\/\/eludementsusega.ee\/?p=2983"},"modified":"2020-10-27T09:12:23","modified_gmt":"2020-10-27T09:12:23","slug":"kuidas-saada-dementsuse-sobraks","status":"publish","type":"post","link":"https:\/\/dementsus.ee\/en\/kuidas-saada-dementsuse-sobraks\/","title":{"rendered":"Millest r\u00e4\u00e4gib keedupott vanaema k\u00f6\u00f6gis?"},"content":{"rendered":"<p>\u00dchel minu keskkooliaegsel klassikaaslasel ja s\u00f5brannal oli \u00fcpris omamoodi vanaema. Sattusime aeg-ajalt vanaemale k\u00fclla ja sageli tulime sealt elevust tekitavate muljetega, mis meid tol ajal 18-aastastena imestama ja muidugi ka itsitama ajasid. Vanaema \u00e4\u00e4rmuslik s\u00e4\u00e4stlikkus ja originaalsed majapidamisnipid nagu toidu\u00f5liga saabaste \u201cviksimine\u201d&#8230; v\u00f5i siis peaaegu paranoiline pisikukartus, mis v\u00e4ljendus n\u00e4iteks poest ostetud \u00f5unte p\u00f5hjalikult seebiga k\u00fc\u00fcrimises&#8230; v\u00f5i vihikute kaupa \u00fclidetailseid s\u00fcnoptilisi m\u00e4rkmeid tuulesuuna ja sademete hulga kohta \u2013 ja niimoodi aastak\u00fcmneid&#8230;<\/p>\n<p>Aga mis meile t\u00f5eliselt nalja tegi, oli \u00fcks suur keedupott pliidil ja selle kaanel olev m\u00e4rgis\u00fcsteem. Nimelt lebas potikaanel alati \u00fcks v\u00e4ike papit\u00fckk, mille \u00fchele poolele oli kirjutatud \u201c-mata vesi\u201d ja teisele poole \u201c-tud vesi\u201d. \u00dches\u00f5naga, kui potis oli keetmata vesi, siis oli kaane peal silt \u201c-mata vesi\u201d, ja kui potis oli keedetud vesi, siis v\u00f5is lugeda spikrilt \u201c-tud vesi\u201d. Aastal 1998 tundus selline l\u00e4henemine meile p\u00e4ris hea huumor, ja ei midagi muud. Me s\u00f5brannaga ei m\u00f5elnud kordagi, et \u00e4kki r\u00e4\u00e4gib \u201c-tud\u201d- ja \u201c-mata\u201d-vesi meile veel midagi \u2013 vanaema m\u00e4lu kohta\u2026 Alles n\u00fc\u00fcd, palju aastaid hiljem hakkasin selles loos n\u00e4gema rohkemat, kui oskasin m\u00e4rgata keskkoolit\u00fcdrukuna.<\/p>\n<p>Septembrikuus 2020 pani Dementsuse Kompetentsikeskus k\u00e4ima Dementsuse S\u00f5prade vabatahtlike programmi. Meie tegevus Eestis on tegelikult osa suurest \u00fclemaailmsest liikumisest, et kujundada inimeste arusaama dementsusest. 2013. aastal Suurbritannias alguse saanud kampaania on t\u00e4naseks kaasa t\u00f5mmanud \u00fcle poolesaja riigi, kus selle aasta jaanuari seisuga tegutses 18 miljonit Dementsuse S\u00f5pra.<\/p>\n<p>Mis on Dementsuse S\u00f5prade algatuse m\u00f5te? See on avaram viis n\u00e4ha maailma. Vaatenurk, millest ei j\u00e4\u00e4 v\u00e4lja inimesed, kelle k\u00e4itumine v\u00f5ib tunduda esmapilgul kummastav v\u00f5i arusaamatu mingite harjumusp\u00e4raste t\u00f5lgenduste j\u00e4rgi. Dementsuse S\u00f5ber oskab paremini m\u00f5ista, milline on elu dementsusega, ning m\u00e4rgata ja aidata dementsusega inimesi pere- ja tutvusringkonnas, t\u00e4naval ja kogukonnas. Iga Dementsuse S\u00f5ber annab \u00fche omapoolse lubaduse, mida tema kavatseb ise ette v\u00f5tta, et suurendada teadlikkust v\u00f5i et dementsusega inimeste ellu rohkem hoolivust ja tuge tuua.<\/p>\n<p>Kuidas saab Dementsuse S\u00f5braks? Selleks tuleb l\u00e4bi teha infotund. Infotunnis arutletakse rohkete n\u00e4idete varal, milline on elu dementsusega. See on 60 minutit kaasam\u00f5tlemist, -r\u00e4\u00e4kimist, -tegutsemist \u2013 nagu intensiivkursus dementsuse teemal. Infotunnis osalenu saab Dementsuse S\u00f5prade m\u00e4rgi ning t\u00e4idab tegevuskaardi, valides endale \u00fche tegevuse, kuidas ise edaspidi kaasa aidata dementsuses\u00f5bralikuma \u00fchiskonna loomisel.<\/p>\n<p>Minu lubadus Dementsuse S\u00f5brana on n\u00e4ha ja kuulata, millist lugu r\u00e4\u00e4gib keedupott vanaema k\u00f6\u00f6gis.<\/p>\n<p>Kui soovid saada Dementsuse S\u00f5braks, hoia silm peal <a href=\"http:\/\/www.eludementsusega.ee\/\" target=\"_blank\" rel=\"noopener noreferrer\">www.eludementsusega.ee<\/a> s\u00fcndmustekalendril v\u00f5i <a href=\"https:\/\/www.facebook.com\/DementsuseSobrad\/\" target=\"_blank\" rel=\"noopener noreferrer\">Dementsuse S\u00f5prade Facebooki<\/a> lehel.<\/p>\n","protected":false},"excerpt":{"rendered":"<p>\u00dchel minu keskkooliaegsel klassikaaslasel ja s\u00f5brannal oli \u00fcpris omamoodi vanaema. Sattusime aeg-ajalt vanaemale k\u00fclla ja sageli tulime sealt elevust tekitavate muljetega, mis meid tol ajal 18-aastastena imestama ja muidugi ka itsitama ajasid. Vanaema \u00e4\u00e4rmuslik s\u00e4\u00e4stlikkus ja originaalsed majapidamisnipid nagu toidu\u00f5liga saabaste \u201cviksimine\u201d&#8230; v\u00f5i siis peaaegu paranoiline pisikukartus, mis v\u00e4ljendus n\u00e4iteks poest ostetud \u00f5unte p\u00f5hjalikult seebiga [&hellip;]<\/p>\n","protected":false},"author":2,"featured_media":0,"comment_status":"open","ping_status":"open","sticky":false,"template":"","format":"standard","meta":{"footnotes":""},"categories":[1],"tags":[],"autor":[],"class_list":["post-2983","post","type-post","status-publish","format-standard","hentry","category-maaratlemata"],"yoast_head":"<!-- This site is optimized with the Yoast SEO plugin v26.2 - https:\/\/yoast.com\/wordpress\/plugins\/seo\/ -->\n<title>Millest r\u00e4\u00e4gib keedupott vanaema k\u00f6\u00f6gis? - Dementsuse Kompetentsikeskus<\/title>\n<meta name=\"robots\" content=\"index, follow, max-snippet:-1, max-image-preview:large, max-video-preview:-1\" \/>\n<link rel=\"canonical\" href=\"https:\/\/dementsus.ee\/en\/kuidas-saada-dementsuse-sobraks\/\" \/>\n<meta property=\"og:locale\" content=\"en_US\" \/>\n<meta property=\"og:type\" content=\"article\" \/>\n<meta property=\"og:title\" content=\"Millest r\u00e4\u00e4gib keedupott vanaema k\u00f6\u00f6gis? - Dementsuse Kompetentsikeskus\" \/>\n<meta property=\"og:description\" content=\"\u00dchel minu keskkooliaegsel klassikaaslasel ja s\u00f5brannal oli \u00fcpris omamoodi vanaema. Sattusime aeg-ajalt vanaemale k\u00fclla ja sageli tulime sealt elevust tekitavate muljetega, mis meid tol ajal 18-aastastena imestama ja muidugi ka itsitama ajasid. Vanaema \u00e4\u00e4rmuslik s\u00e4\u00e4stlikkus ja originaalsed majapidamisnipid nagu toidu\u00f5liga saabaste \u201cviksimine\u201d&#8230; v\u00f5i siis peaaegu paranoiline pisikukartus, mis v\u00e4ljendus n\u00e4iteks poest ostetud \u00f5unte p\u00f5hjalikult seebiga [&hellip;]\" \/>\n<meta property=\"og:url\" content=\"https:\/\/dementsus.ee\/en\/kuidas-saada-dementsuse-sobraks\/\" \/>\n<meta property=\"og:site_name\" content=\"Dementsuse Kompetentsikeskus\" \/>\n<meta property=\"article:published_time\" content=\"2020-10-27T09:12:23+00:00\" \/>\n<meta name=\"author\" content=\"Kermo\" \/>\n<meta name=\"twitter:card\" content=\"summary_large_image\" \/>\n<meta name=\"twitter:label1\" content=\"Written by\" \/>\n\t<meta name=\"twitter:data1\" content=\"Kermo\" \/>\n\t<meta name=\"twitter:label2\" content=\"Est. reading time\" \/>\n\t<meta name=\"twitter:data2\" content=\"2 minutes\" \/>\n<script type=\"application\/ld+json\" class=\"yoast-schema-graph\">{\"@context\":\"https:\/\/schema.org\",\"@graph\":[{\"@type\":\"Article\",\"@id\":\"https:\/\/dementsus.ee\/en\/kuidas-saada-dementsuse-sobraks\/#article\",\"isPartOf\":{\"@id\":\"https:\/\/dementsus.ee\/en\/kuidas-saada-dementsuse-sobraks\/\"},\"author\":{\"name\":\"Kermo\",\"@id\":\"https:\/\/dementsus.ee\/en\/#\/schema\/person\/dd93d64f20e6c5add626937f6b5931ed\"},\"headline\":\"Millest r\u00e4\u00e4gib keedupott vanaema k\u00f6\u00f6gis?\",\"datePublished\":\"2020-10-27T09:12:23+00:00\",\"mainEntityOfPage\":{\"@id\":\"https:\/\/dementsus.ee\/en\/kuidas-saada-dementsuse-sobraks\/\"},\"wordCount\":452,\"commentCount\":0,\"publisher\":{\"@id\":\"https:\/\/dementsus.ee\/en\/#organization\"},\"articleSection\":[\"M\u00e4\u00e4ratlemata\"],\"inLanguage\":\"en-US\"},{\"@type\":\"WebPage\",\"@id\":\"https:\/\/dementsus.ee\/en\/kuidas-saada-dementsuse-sobraks\/\",\"url\":\"https:\/\/dementsus.ee\/en\/kuidas-saada-dementsuse-sobraks\/\",\"name\":\"Millest r\u00e4\u00e4gib keedupott vanaema k\u00f6\u00f6gis? - Dementsuse Kompetentsikeskus\",\"isPartOf\":{\"@id\":\"https:\/\/dementsus.ee\/en\/#website\"},\"datePublished\":\"2020-10-27T09:12:23+00:00\",\"breadcrumb\":{\"@id\":\"https:\/\/dementsus.ee\/en\/kuidas-saada-dementsuse-sobraks\/#breadcrumb\"},\"inLanguage\":\"en-US\",\"potentialAction\":[{\"@type\":\"ReadAction\",\"target\":[\"https:\/\/dementsus.ee\/en\/kuidas-saada-dementsuse-sobraks\/\"]}]},{\"@type\":\"BreadcrumbList\",\"@id\":\"https:\/\/dementsus.ee\/en\/kuidas-saada-dementsuse-sobraks\/#breadcrumb\",\"itemListElement\":[{\"@type\":\"ListItem\",\"position\":1,\"name\":\"Esileht\",\"item\":\"https:\/\/dementsus.ee\/en\/\"},{\"@type\":\"ListItem\",\"position\":2,\"name\":\"Millest r\u00e4\u00e4gib keedupott vanaema k\u00f6\u00f6gis?\"}]},{\"@type\":\"WebSite\",\"@id\":\"https:\/\/dementsus.ee\/en\/#website\",\"url\":\"https:\/\/dementsus.ee\/en\/\",\"name\":\"Dementsuse Kompetentsikeskus\",\"description\":\"dementsuse info ja abi\",\"publisher\":{\"@id\":\"https:\/\/dementsus.ee\/en\/#organization\"},\"potentialAction\":[{\"@type\":\"SearchAction\",\"target\":{\"@type\":\"EntryPoint\",\"urlTemplate\":\"https:\/\/dementsus.ee\/en\/?s={search_term_string}\"},\"query-input\":{\"@type\":\"PropertyValueSpecification\",\"valueRequired\":true,\"valueName\":\"search_term_string\"}}],\"inLanguage\":\"en-US\"},{\"@type\":\"Organization\",\"@id\":\"https:\/\/dementsus.ee\/en\/#organization\",\"name\":\"Dementsuse Kompetentsikeskus\",\"url\":\"https:\/\/dementsus.ee\/en\/\",\"logo\":{\"@type\":\"ImageObject\",\"inLanguage\":\"en-US\",\"@id\":\"https:\/\/dementsus.ee\/en\/#\/schema\/logo\/image\/\",\"url\":\"https:\/\/dementsus.ee\/wp-content\/uploads\/2023\/07\/ED_logo_kodukale.svg\",\"contentUrl\":\"https:\/\/dementsus.ee\/wp-content\/uploads\/2023\/07\/ED_logo_kodukale.svg\",\"caption\":\"Dementsuse Kompetentsikeskus\"},\"image\":{\"@id\":\"https:\/\/dementsus.ee\/en\/#\/schema\/logo\/image\/\"}},{\"@type\":\"Person\",\"@id\":\"https:\/\/dementsus.ee\/en\/#\/schema\/person\/dd93d64f20e6c5add626937f6b5931ed\",\"name\":\"Kermo\",\"image\":{\"@type\":\"ImageObject\",\"inLanguage\":\"en-US\",\"@id\":\"https:\/\/dementsus.ee\/en\/#\/schema\/person\/image\/\",\"url\":\"https:\/\/secure.gravatar.com\/avatar\/b2f0128e9063b66b5c6e595d8f4c39037d52f729089f1ad5afc34656e1d58a64?s=96&d=mm&r=g\",\"contentUrl\":\"https:\/\/secure.gravatar.com\/avatar\/b2f0128e9063b66b5c6e595d8f4c39037d52f729089f1ad5afc34656e1d58a64?s=96&d=mm&r=g\",\"caption\":\"Kermo\"},\"url\":\"https:\/\/dementsus.ee\/en\/author\/kermo\/\"}]}<\/script>\n<!-- \/ Yoast SEO plugin. -->","yoast_head_json":{"title":"Millest r\u00e4\u00e4gib keedupott vanaema k\u00f6\u00f6gis? - Dementsuse Kompetentsikeskus","robots":{"index":"index","follow":"follow","max-snippet":"max-snippet:-1","max-image-preview":"max-image-preview:large","max-video-preview":"max-video-preview:-1"},"canonical":"https:\/\/dementsus.ee\/en\/kuidas-saada-dementsuse-sobraks\/","og_locale":"en_US","og_type":"article","og_title":"Millest r\u00e4\u00e4gib keedupott vanaema k\u00f6\u00f6gis? - Dementsuse Kompetentsikeskus","og_description":"\u00dchel minu keskkooliaegsel klassikaaslasel ja s\u00f5brannal oli \u00fcpris omamoodi vanaema. Sattusime aeg-ajalt vanaemale k\u00fclla ja sageli tulime sealt elevust tekitavate muljetega, mis meid tol ajal 18-aastastena imestama ja muidugi ka itsitama ajasid. Vanaema \u00e4\u00e4rmuslik s\u00e4\u00e4stlikkus ja originaalsed majapidamisnipid nagu toidu\u00f5liga saabaste \u201cviksimine\u201d&#8230; v\u00f5i siis peaaegu paranoiline pisikukartus, mis v\u00e4ljendus n\u00e4iteks poest ostetud \u00f5unte p\u00f5hjalikult seebiga [&hellip;]","og_url":"https:\/\/dementsus.ee\/en\/kuidas-saada-dementsuse-sobraks\/","og_site_name":"Dementsuse Kompetentsikeskus","article_published_time":"2020-10-27T09:12:23+00:00","author":"Kermo","twitter_card":"summary_large_image","twitter_misc":{"Written by":"Kermo","Est. reading time":"2 minutes"},"schema":{"@context":"https:\/\/schema.org","@graph":[{"@type":"Article","@id":"https:\/\/dementsus.ee\/en\/kuidas-saada-dementsuse-sobraks\/#article","isPartOf":{"@id":"https:\/\/dementsus.ee\/en\/kuidas-saada-dementsuse-sobraks\/"},"author":{"name":"Kermo","@id":"https:\/\/dementsus.ee\/en\/#\/schema\/person\/dd93d64f20e6c5add626937f6b5931ed"},"headline":"Millest r\u00e4\u00e4gib keedupott vanaema k\u00f6\u00f6gis?","datePublished":"2020-10-27T09:12:23+00:00","mainEntityOfPage":{"@id":"https:\/\/dementsus.ee\/en\/kuidas-saada-dementsuse-sobraks\/"},"wordCount":452,"commentCount":0,"publisher":{"@id":"https:\/\/dementsus.ee\/en\/#organization"},"articleSection":["M\u00e4\u00e4ratlemata"],"inLanguage":"en-US"},{"@type":"WebPage","@id":"https:\/\/dementsus.ee\/en\/kuidas-saada-dementsuse-sobraks\/","url":"https:\/\/dementsus.ee\/en\/kuidas-saada-dementsuse-sobraks\/","name":"Millest r\u00e4\u00e4gib keedupott vanaema k\u00f6\u00f6gis? - Dementsuse Kompetentsikeskus","isPartOf":{"@id":"https:\/\/dementsus.ee\/en\/#website"},"datePublished":"2020-10-27T09:12:23+00:00","breadcrumb":{"@id":"https:\/\/dementsus.ee\/en\/kuidas-saada-dementsuse-sobraks\/#breadcrumb"},"inLanguage":"en-US","potentialAction":[{"@type":"ReadAction","target":["https:\/\/dementsus.ee\/en\/kuidas-saada-dementsuse-sobraks\/"]}]},{"@type":"BreadcrumbList","@id":"https:\/\/dementsus.ee\/en\/kuidas-saada-dementsuse-sobraks\/#breadcrumb","itemListElement":[{"@type":"ListItem","position":1,"name":"Esileht","item":"https:\/\/dementsus.ee\/en\/"},{"@type":"ListItem","position":2,"name":"Millest r\u00e4\u00e4gib keedupott vanaema k\u00f6\u00f6gis?"}]},{"@type":"WebSite","@id":"https:\/\/dementsus.ee\/en\/#website","url":"https:\/\/dementsus.ee\/en\/","name":"Dementsuse Kompetentsikeskus","description":"dementsuse info ja abi","publisher":{"@id":"https:\/\/dementsus.ee\/en\/#organization"},"potentialAction":[{"@type":"SearchAction","target":{"@type":"EntryPoint","urlTemplate":"https:\/\/dementsus.ee\/en\/?s={search_term_string}"},"query-input":{"@type":"PropertyValueSpecification","valueRequired":true,"valueName":"search_term_string"}}],"inLanguage":"en-US"},{"@type":"Organization","@id":"https:\/\/dementsus.ee\/en\/#organization","name":"Dementsuse Kompetentsikeskus","url":"https:\/\/dementsus.ee\/en\/","logo":{"@type":"ImageObject","inLanguage":"en-US","@id":"https:\/\/dementsus.ee\/en\/#\/schema\/logo\/image\/","url":"https:\/\/dementsus.ee\/wp-content\/uploads\/2023\/07\/ED_logo_kodukale.svg","contentUrl":"https:\/\/dementsus.ee\/wp-content\/uploads\/2023\/07\/ED_logo_kodukale.svg","caption":"Dementsuse Kompetentsikeskus"},"image":{"@id":"https:\/\/dementsus.ee\/en\/#\/schema\/logo\/image\/"}},{"@type":"Person","@id":"https:\/\/dementsus.ee\/en\/#\/schema\/person\/dd93d64f20e6c5add626937f6b5931ed","name":"Kermo","image":{"@type":"ImageObject","inLanguage":"en-US","@id":"https:\/\/dementsus.ee\/en\/#\/schema\/person\/image\/","url":"https:\/\/secure.gravatar.com\/avatar\/b2f0128e9063b66b5c6e595d8f4c39037d52f729089f1ad5afc34656e1d58a64?s=96&d=mm&r=g","contentUrl":"https:\/\/secure.gravatar.com\/avatar\/b2f0128e9063b66b5c6e595d8f4c39037d52f729089f1ad5afc34656e1d58a64?s=96&d=mm&r=g","caption":"Kermo"},"url":"https:\/\/dementsus.ee\/en\/author\/kermo\/"}]}},"_links":{"self":[{"href":"https:\/\/dementsus.ee\/en\/wp-json\/wp\/v2\/posts\/2983","targetHints":{"allow":["GET"]}}],"collection":[{"href":"https:\/\/dementsus.ee\/en\/wp-json\/wp\/v2\/posts"}],"about":[{"href":"https:\/\/dementsus.ee\/en\/wp-json\/wp\/v2\/types\/post"}],"author":[{"embeddable":true,"href":"https:\/\/dementsus.ee\/en\/wp-json\/wp\/v2\/users\/2"}],"replies":[{"embeddable":true,"href":"https:\/\/dementsus.ee\/en\/wp-json\/wp\/v2\/comments?post=2983"}],"version-history":[{"count":0,"href":"https:\/\/dementsus.ee\/en\/wp-json\/wp\/v2\/posts\/2983\/revisions"}],"wp:attachment":[{"href":"https:\/\/dementsus.ee\/en\/wp-json\/wp\/v2\/media?parent=2983"}],"wp:term":[{"taxonomy":"category","embeddable":true,"href":"https:\/\/dementsus.ee\/en\/wp-json\/wp\/v2\/categories?post=2983"},{"taxonomy":"post_tag","embeddable":true,"href":"https:\/\/dementsus.ee\/en\/wp-json\/wp\/v2\/tags?post=2983"},{"taxonomy":"autor","embeddable":true,"href":"https:\/\/dementsus.ee\/en\/wp-json\/wp\/v2\/autor?post=2983"}],"curies":[{"name":"wp","href":"https:\/\/api.w.org\/{rel}","templated":true}]}}