{"id":3491,"date":"2021-04-06T12:31:08","date_gmt":"2021-04-06T12:31:08","guid":{"rendered":"https:\/\/eludementsusega.ee\/?p=3491"},"modified":"2021-04-06T12:31:08","modified_gmt":"2021-04-06T12:31:08","slug":"hooldekodu-ja-perehoolduse-alternatiivid","status":"publish","type":"post","link":"https:\/\/dementsus.ee\/en\/hooldekodu-ja-perehoolduse-alternatiivid\/","title":{"rendered":"Millised on hooldekodu ja perehoolduse alternatiivid?"},"content":{"rendered":"<p>Iiri gerontoloogide eestvedamisel peetud vananemise teemaline veebiseminar t\u00f5i fookusesse vajaduse j\u00e4tkupideva hoolduse ning hooldekodu asemel pakutavate erinevate teenuste j\u00e4rgi. Kas kodus hooldamise ja hooldekodu vahele mahub veel midagi, mis \u00fchelt poolt on kodulik ja toetab iseseisvust, teiselt poolt pakub aga vajalikku abi hakkamasaamisel?<\/p>\n<p>Pikaajalise hoolduse teema on aktuaalne kogu Euroopas, sest hooldusteenuseid vajavate inimeste osakaal elanikkonnas suureneb. Kui hooldusteenuseid pakub kohalik omavalitsus, siis on kohapeal vaja teadmisi demograafilisest olukorrast ja prognoosidest, et saaks hinnata hooldusteenuste vajadust l\u00e4hi- ja keskpikas tulevikus.<\/p>\n<p>Millised on institutsionaalse hoolduse alternatiivid, nii et kogu hoolduskoormus ei langeks sel juhul perele? Tavap\u00e4rasteks lahendusteks paljudes riikides on universaalse disaini kasutamine, koduteenuste ja kodu kohanduste pakkumine dementsusega inimestele. Koduhoolduse j\u00e4tkuks on toetatud elamine ja sobivate tehnoloogiate kasutamine kodus, sealt edasi koduliku institutsionaalse hoolduse pakkumine, mis toetab v\u00f5imalikult iseseisvat ja t\u00e4henduslikku elu ja tavap\u00e4raste tegevuste j\u00e4tkamist.<\/p>\n<p>Pikaajalise hoolduse klientidel on n.\u00f6 murdepunktid v\u00f5i siirdepunktid, kus hooldusvajadus \u00e4kitselt muutub suuremaks \u2013 nendel ajahetkedel vajab pere uusi teenuseid ja suuremat tuge, kusjuures emotsionaalne tugi perele on sama oluline kui muude teenuste pakkumine. Kodus elamise j\u00e4tkamisel on oluline sellised siirdepunktid \u00e4ra tabada \u2013 need on hetked, kus kliendi vajadused olulisel m\u00e4\u00e4ral muutuvad, kas halvenenud tervise v\u00f5i muude asjaolude t\u00f5ttu. Sellistel aegadel vajab teenustepakett \u00fcmber vaatamist.<\/p>\n<p><em>Diagnoosij\u00e4rgsed tegevused ja nende planeerimine Iirimaa n\u00e4itel<\/em><\/p>\n<p>Kui inimesel on diagnoositud m\u00e4luh\u00e4ire v\u00f5i dementsus, siis m\u00f5eldake l\u00e4bi kliendi tegevuskava, mis h\u00f5lmab nii tervishoiu-, sotsiaal-, \u00a0kui kogukonnateenuseid. Tegevuskava h\u00f5lmab mitmeid valdkondi, sh hoodlusprofiili loomist, hoolduse ja tervishoiuteenuste planeerimiste; kogukonnategevusi kontakti hoidmiseks pere ja kogukonnaga: n\u00e4iteks elulooraamat, abistavad tehnoloogiad, m\u00e4lukohvikud. Eraldi t\u00e4helepanu all on tervise ja kognitsiooni hoidmine \u2013 see h\u00f5lmab \u00a0f\u00fc\u00fcsilist ja vaimset tervist toetavaid tegevusi, harjutusi, m\u00f5testatud tegevusi, tegevusteraapiat. Ning viimane, kuid mitte v\u00e4het\u00e4htis, on emotsionaalse heaolu toetamine l\u00e4bi n\u00f5ustamiste ning erinevate teraapiate.<\/p>\n<p>Iirimaal on peredele k\u00e4ttesaadavad dementsusalased n\u00f5ustajad ning demotoad \u00fcle riigi, kus n\u00e4idatakse erinevaid tehnoloogilisi lahendusi ja abivahendeid ning n\u00f5ustatakse nende kasutamise osas. Abivahendid puudutavad n\u00e4iteks m\u00e4lu abivahendeid, kadumise ennetamise abivahendeid, aga ka vaba aja veetmise vahendeid. R\u00f5hku pannakse sellele, et m\u00e4luprobleemidega inimene saab j\u00e4tkata nende tegevuste tegemist, mida ta senini on teinud.<\/p>\n<p><em>Kuhu t\u00fc\u00fcrib Eesti?<\/em><\/p>\n<p>Euroopa riikide v\u00f5rdluses j\u00e4i Eesti silma kui madala kodus elamist toetavate teenuste osakaaluga riik. See v\u00e4ljendub juba uskumuses, et kodus elamist toetavaid teenuseid ei ole ja neid pole m\u00f5tet k\u00fcsidagi. Samal ajal on meile eeskujuks riigid, mis panevad r\u00f5hu iseseisvale elule, toetatud elamisele ja vajaminevate teenuste pakkumisele kodus. Nendes riikides, (nt Prantsusmaa, Holland)\u00a0 on olemas ka mitut t\u00fc\u00fcpi hooldusasutusi, alates toetatud elamist pakkuvatest kuni hooldushaiglateni. Hollandis ongi koduhoolduse ja institutsionaalse hoolduse piirid h\u00e4gused ja toetatud elamine on nende kahe v\u00f5imaluse kombinatsioon.<\/p>\n<p>Kodus elamise j\u00e4tkamise eelduseks on avaliku rahastuse olemasolu.\u00a0 Hooldusteenuste j\u00e4tkupidevuse tagamisel on oluline teenuste rahastusmudel, mille kaudu saab suunata omavalitsusi pakkuma kodus elamise toetamist institutsiooni asemel.<\/p>\n<p><em><a href=\"https:\/\/www.irishgerontology.com\/\" target=\"_blank\" rel=\"noopener\">Iiri Gerontoloogia \u00dchingu<\/a> veebiseminar toimus 11. m\u00e4rtsil, m\u00f5tted pani kirja Dementsuse Kompetentsikeskuse sotsiaalhoolekande arendusjuht Katre Pall.\u00a0<\/em><\/p>\n","protected":false},"excerpt":{"rendered":"<p>Iiri gerontoloogide eestvedamisel peetud vananemise teemaline veebiseminar t\u00f5i fookusesse vajaduse j\u00e4tkupideva hoolduse ning hooldekodu asemel pakutavate erinevate teenuste j\u00e4rgi. Kas kodus hooldamise ja hooldekodu vahele mahub veel midagi, mis \u00fchelt poolt on kodulik ja toetab iseseisvust, teiselt poolt pakub aga vajalikku abi hakkamasaamisel? Pikaajalise hoolduse teema on aktuaalne kogu Euroopas, sest hooldusteenuseid vajavate inimeste osakaal [&hellip;]<\/p>\n","protected":false},"author":2,"featured_media":0,"comment_status":"open","ping_status":"open","sticky":false,"template":"","format":"standard","meta":{"footnotes":""},"categories":[1],"tags":[],"autor":[],"class_list":["post-3491","post","type-post","status-publish","format-standard","hentry","category-maaratlemata"],"yoast_head":"<!-- This site is optimized with the Yoast SEO plugin v26.2 - https:\/\/yoast.com\/wordpress\/plugins\/seo\/ -->\n<title>Millised on hooldekodu ja perehoolduse alternatiivid? - Dementsuse Kompetentsikeskus<\/title>\n<meta name=\"robots\" content=\"index, follow, max-snippet:-1, max-image-preview:large, max-video-preview:-1\" \/>\n<link rel=\"canonical\" href=\"https:\/\/dementsus.ee\/en\/hooldekodu-ja-perehoolduse-alternatiivid\/\" \/>\n<meta property=\"og:locale\" content=\"en_US\" \/>\n<meta property=\"og:type\" content=\"article\" \/>\n<meta property=\"og:title\" content=\"Millised on hooldekodu ja perehoolduse alternatiivid? - Dementsuse Kompetentsikeskus\" \/>\n<meta property=\"og:description\" content=\"Iiri gerontoloogide eestvedamisel peetud vananemise teemaline veebiseminar t\u00f5i fookusesse vajaduse j\u00e4tkupideva hoolduse ning hooldekodu asemel pakutavate erinevate teenuste j\u00e4rgi. Kas kodus hooldamise ja hooldekodu vahele mahub veel midagi, mis \u00fchelt poolt on kodulik ja toetab iseseisvust, teiselt poolt pakub aga vajalikku abi hakkamasaamisel? Pikaajalise hoolduse teema on aktuaalne kogu Euroopas, sest hooldusteenuseid vajavate inimeste osakaal [&hellip;]\" \/>\n<meta property=\"og:url\" content=\"https:\/\/dementsus.ee\/en\/hooldekodu-ja-perehoolduse-alternatiivid\/\" \/>\n<meta property=\"og:site_name\" content=\"Dementsuse Kompetentsikeskus\" \/>\n<meta property=\"article:published_time\" content=\"2021-04-06T12:31:08+00:00\" \/>\n<meta name=\"author\" content=\"Kermo\" \/>\n<meta name=\"twitter:card\" content=\"summary_large_image\" \/>\n<meta name=\"twitter:label1\" content=\"Written by\" \/>\n\t<meta name=\"twitter:data1\" content=\"Kermo\" \/>\n\t<meta name=\"twitter:label2\" content=\"Est. reading time\" \/>\n\t<meta name=\"twitter:data2\" content=\"3 minutes\" \/>\n<script type=\"application\/ld+json\" class=\"yoast-schema-graph\">{\"@context\":\"https:\/\/schema.org\",\"@graph\":[{\"@type\":\"Article\",\"@id\":\"https:\/\/dementsus.ee\/en\/hooldekodu-ja-perehoolduse-alternatiivid\/#article\",\"isPartOf\":{\"@id\":\"https:\/\/dementsus.ee\/en\/hooldekodu-ja-perehoolduse-alternatiivid\/\"},\"author\":{\"name\":\"Kermo\",\"@id\":\"https:\/\/dementsus.ee\/en\/#\/schema\/person\/dd93d64f20e6c5add626937f6b5931ed\"},\"headline\":\"Millised on hooldekodu ja perehoolduse alternatiivid?\",\"datePublished\":\"2021-04-06T12:31:08+00:00\",\"mainEntityOfPage\":{\"@id\":\"https:\/\/dementsus.ee\/en\/hooldekodu-ja-perehoolduse-alternatiivid\/\"},\"wordCount\":522,\"commentCount\":0,\"publisher\":{\"@id\":\"https:\/\/dementsus.ee\/en\/#organization\"},\"articleSection\":[\"M\u00e4\u00e4ratlemata\"],\"inLanguage\":\"en-US\"},{\"@type\":\"WebPage\",\"@id\":\"https:\/\/dementsus.ee\/en\/hooldekodu-ja-perehoolduse-alternatiivid\/\",\"url\":\"https:\/\/dementsus.ee\/en\/hooldekodu-ja-perehoolduse-alternatiivid\/\",\"name\":\"Millised on hooldekodu ja perehoolduse alternatiivid? - Dementsuse Kompetentsikeskus\",\"isPartOf\":{\"@id\":\"https:\/\/dementsus.ee\/en\/#website\"},\"datePublished\":\"2021-04-06T12:31:08+00:00\",\"breadcrumb\":{\"@id\":\"https:\/\/dementsus.ee\/en\/hooldekodu-ja-perehoolduse-alternatiivid\/#breadcrumb\"},\"inLanguage\":\"en-US\",\"potentialAction\":[{\"@type\":\"ReadAction\",\"target\":[\"https:\/\/dementsus.ee\/en\/hooldekodu-ja-perehoolduse-alternatiivid\/\"]}]},{\"@type\":\"BreadcrumbList\",\"@id\":\"https:\/\/dementsus.ee\/en\/hooldekodu-ja-perehoolduse-alternatiivid\/#breadcrumb\",\"itemListElement\":[{\"@type\":\"ListItem\",\"position\":1,\"name\":\"Esileht\",\"item\":\"https:\/\/dementsus.ee\/en\/\"},{\"@type\":\"ListItem\",\"position\":2,\"name\":\"Millised on hooldekodu ja perehoolduse alternatiivid?\"}]},{\"@type\":\"WebSite\",\"@id\":\"https:\/\/dementsus.ee\/en\/#website\",\"url\":\"https:\/\/dementsus.ee\/en\/\",\"name\":\"Dementsuse Kompetentsikeskus\",\"description\":\"dementsuse info ja abi\",\"publisher\":{\"@id\":\"https:\/\/dementsus.ee\/en\/#organization\"},\"potentialAction\":[{\"@type\":\"SearchAction\",\"target\":{\"@type\":\"EntryPoint\",\"urlTemplate\":\"https:\/\/dementsus.ee\/en\/?s={search_term_string}\"},\"query-input\":{\"@type\":\"PropertyValueSpecification\",\"valueRequired\":true,\"valueName\":\"search_term_string\"}}],\"inLanguage\":\"en-US\"},{\"@type\":\"Organization\",\"@id\":\"https:\/\/dementsus.ee\/en\/#organization\",\"name\":\"Dementsuse Kompetentsikeskus\",\"url\":\"https:\/\/dementsus.ee\/en\/\",\"logo\":{\"@type\":\"ImageObject\",\"inLanguage\":\"en-US\",\"@id\":\"https:\/\/dementsus.ee\/en\/#\/schema\/logo\/image\/\",\"url\":\"https:\/\/dementsus.ee\/wp-content\/uploads\/2023\/07\/ED_logo_kodukale.svg\",\"contentUrl\":\"https:\/\/dementsus.ee\/wp-content\/uploads\/2023\/07\/ED_logo_kodukale.svg\",\"caption\":\"Dementsuse Kompetentsikeskus\"},\"image\":{\"@id\":\"https:\/\/dementsus.ee\/en\/#\/schema\/logo\/image\/\"}},{\"@type\":\"Person\",\"@id\":\"https:\/\/dementsus.ee\/en\/#\/schema\/person\/dd93d64f20e6c5add626937f6b5931ed\",\"name\":\"Kermo\",\"image\":{\"@type\":\"ImageObject\",\"inLanguage\":\"en-US\",\"@id\":\"https:\/\/dementsus.ee\/en\/#\/schema\/person\/image\/\",\"url\":\"https:\/\/secure.gravatar.com\/avatar\/b2f0128e9063b66b5c6e595d8f4c39037d52f729089f1ad5afc34656e1d58a64?s=96&d=mm&r=g\",\"contentUrl\":\"https:\/\/secure.gravatar.com\/avatar\/b2f0128e9063b66b5c6e595d8f4c39037d52f729089f1ad5afc34656e1d58a64?s=96&d=mm&r=g\",\"caption\":\"Kermo\"},\"url\":\"https:\/\/dementsus.ee\/en\/author\/kermo\/\"}]}<\/script>\n<!-- \/ Yoast SEO plugin. -->","yoast_head_json":{"title":"Millised on hooldekodu ja perehoolduse alternatiivid? - Dementsuse Kompetentsikeskus","robots":{"index":"index","follow":"follow","max-snippet":"max-snippet:-1","max-image-preview":"max-image-preview:large","max-video-preview":"max-video-preview:-1"},"canonical":"https:\/\/dementsus.ee\/en\/hooldekodu-ja-perehoolduse-alternatiivid\/","og_locale":"en_US","og_type":"article","og_title":"Millised on hooldekodu ja perehoolduse alternatiivid? - Dementsuse Kompetentsikeskus","og_description":"Iiri gerontoloogide eestvedamisel peetud vananemise teemaline veebiseminar t\u00f5i fookusesse vajaduse j\u00e4tkupideva hoolduse ning hooldekodu asemel pakutavate erinevate teenuste j\u00e4rgi. Kas kodus hooldamise ja hooldekodu vahele mahub veel midagi, mis \u00fchelt poolt on kodulik ja toetab iseseisvust, teiselt poolt pakub aga vajalikku abi hakkamasaamisel? Pikaajalise hoolduse teema on aktuaalne kogu Euroopas, sest hooldusteenuseid vajavate inimeste osakaal [&hellip;]","og_url":"https:\/\/dementsus.ee\/en\/hooldekodu-ja-perehoolduse-alternatiivid\/","og_site_name":"Dementsuse Kompetentsikeskus","article_published_time":"2021-04-06T12:31:08+00:00","author":"Kermo","twitter_card":"summary_large_image","twitter_misc":{"Written by":"Kermo","Est. reading time":"3 minutes"},"schema":{"@context":"https:\/\/schema.org","@graph":[{"@type":"Article","@id":"https:\/\/dementsus.ee\/en\/hooldekodu-ja-perehoolduse-alternatiivid\/#article","isPartOf":{"@id":"https:\/\/dementsus.ee\/en\/hooldekodu-ja-perehoolduse-alternatiivid\/"},"author":{"name":"Kermo","@id":"https:\/\/dementsus.ee\/en\/#\/schema\/person\/dd93d64f20e6c5add626937f6b5931ed"},"headline":"Millised on hooldekodu ja perehoolduse alternatiivid?","datePublished":"2021-04-06T12:31:08+00:00","mainEntityOfPage":{"@id":"https:\/\/dementsus.ee\/en\/hooldekodu-ja-perehoolduse-alternatiivid\/"},"wordCount":522,"commentCount":0,"publisher":{"@id":"https:\/\/dementsus.ee\/en\/#organization"},"articleSection":["M\u00e4\u00e4ratlemata"],"inLanguage":"en-US"},{"@type":"WebPage","@id":"https:\/\/dementsus.ee\/en\/hooldekodu-ja-perehoolduse-alternatiivid\/","url":"https:\/\/dementsus.ee\/en\/hooldekodu-ja-perehoolduse-alternatiivid\/","name":"Millised on hooldekodu ja perehoolduse alternatiivid? - Dementsuse Kompetentsikeskus","isPartOf":{"@id":"https:\/\/dementsus.ee\/en\/#website"},"datePublished":"2021-04-06T12:31:08+00:00","breadcrumb":{"@id":"https:\/\/dementsus.ee\/en\/hooldekodu-ja-perehoolduse-alternatiivid\/#breadcrumb"},"inLanguage":"en-US","potentialAction":[{"@type":"ReadAction","target":["https:\/\/dementsus.ee\/en\/hooldekodu-ja-perehoolduse-alternatiivid\/"]}]},{"@type":"BreadcrumbList","@id":"https:\/\/dementsus.ee\/en\/hooldekodu-ja-perehoolduse-alternatiivid\/#breadcrumb","itemListElement":[{"@type":"ListItem","position":1,"name":"Esileht","item":"https:\/\/dementsus.ee\/en\/"},{"@type":"ListItem","position":2,"name":"Millised on hooldekodu ja perehoolduse alternatiivid?"}]},{"@type":"WebSite","@id":"https:\/\/dementsus.ee\/en\/#website","url":"https:\/\/dementsus.ee\/en\/","name":"Dementsuse Kompetentsikeskus","description":"dementsuse info ja abi","publisher":{"@id":"https:\/\/dementsus.ee\/en\/#organization"},"potentialAction":[{"@type":"SearchAction","target":{"@type":"EntryPoint","urlTemplate":"https:\/\/dementsus.ee\/en\/?s={search_term_string}"},"query-input":{"@type":"PropertyValueSpecification","valueRequired":true,"valueName":"search_term_string"}}],"inLanguage":"en-US"},{"@type":"Organization","@id":"https:\/\/dementsus.ee\/en\/#organization","name":"Dementsuse Kompetentsikeskus","url":"https:\/\/dementsus.ee\/en\/","logo":{"@type":"ImageObject","inLanguage":"en-US","@id":"https:\/\/dementsus.ee\/en\/#\/schema\/logo\/image\/","url":"https:\/\/dementsus.ee\/wp-content\/uploads\/2023\/07\/ED_logo_kodukale.svg","contentUrl":"https:\/\/dementsus.ee\/wp-content\/uploads\/2023\/07\/ED_logo_kodukale.svg","caption":"Dementsuse Kompetentsikeskus"},"image":{"@id":"https:\/\/dementsus.ee\/en\/#\/schema\/logo\/image\/"}},{"@type":"Person","@id":"https:\/\/dementsus.ee\/en\/#\/schema\/person\/dd93d64f20e6c5add626937f6b5931ed","name":"Kermo","image":{"@type":"ImageObject","inLanguage":"en-US","@id":"https:\/\/dementsus.ee\/en\/#\/schema\/person\/image\/","url":"https:\/\/secure.gravatar.com\/avatar\/b2f0128e9063b66b5c6e595d8f4c39037d52f729089f1ad5afc34656e1d58a64?s=96&d=mm&r=g","contentUrl":"https:\/\/secure.gravatar.com\/avatar\/b2f0128e9063b66b5c6e595d8f4c39037d52f729089f1ad5afc34656e1d58a64?s=96&d=mm&r=g","caption":"Kermo"},"url":"https:\/\/dementsus.ee\/en\/author\/kermo\/"}]}},"_links":{"self":[{"href":"https:\/\/dementsus.ee\/en\/wp-json\/wp\/v2\/posts\/3491","targetHints":{"allow":["GET"]}}],"collection":[{"href":"https:\/\/dementsus.ee\/en\/wp-json\/wp\/v2\/posts"}],"about":[{"href":"https:\/\/dementsus.ee\/en\/wp-json\/wp\/v2\/types\/post"}],"author":[{"embeddable":true,"href":"https:\/\/dementsus.ee\/en\/wp-json\/wp\/v2\/users\/2"}],"replies":[{"embeddable":true,"href":"https:\/\/dementsus.ee\/en\/wp-json\/wp\/v2\/comments?post=3491"}],"version-history":[{"count":0,"href":"https:\/\/dementsus.ee\/en\/wp-json\/wp\/v2\/posts\/3491\/revisions"}],"wp:attachment":[{"href":"https:\/\/dementsus.ee\/en\/wp-json\/wp\/v2\/media?parent=3491"}],"wp:term":[{"taxonomy":"category","embeddable":true,"href":"https:\/\/dementsus.ee\/en\/wp-json\/wp\/v2\/categories?post=3491"},{"taxonomy":"post_tag","embeddable":true,"href":"https:\/\/dementsus.ee\/en\/wp-json\/wp\/v2\/tags?post=3491"},{"taxonomy":"autor","embeddable":true,"href":"https:\/\/dementsus.ee\/en\/wp-json\/wp\/v2\/autor?post=3491"}],"curies":[{"name":"wp","href":"https:\/\/api.w.org\/{rel}","templated":true}]}}