{"id":3728,"date":"2021-06-17T18:05:04","date_gmt":"2021-06-17T18:05:04","guid":{"rendered":"https:\/\/eludementsusega.ee\/?p=3728"},"modified":"2021-06-17T18:05:04","modified_gmt":"2021-06-17T18:05:04","slug":"tehnoloogia-on-hea-aga-ei-asenda-inimest","status":"publish","type":"post","link":"https:\/\/dementsus.ee\/en\/tehnoloogia-on-hea-aga-ei-asenda-inimest\/","title":{"rendered":"Tehnoloogia on hea, aga ei asenda inimest"},"content":{"rendered":"<p>25. mail toimunud konverentsi \u201e<strong>Tehnoloogiad ja keskkond dementsusega inimese igap\u00e4evaelu toetajana<\/strong>\u201c eesm\u00e4rgiks oli pakkuda lahendusi, kuidas hooldusvajadusega inimesed saaksid olla v\u00f5imalikult kaua iseseisvad ja aktiivsed. Iseseisev elu on see, mis aitab dementsuse s\u00fcmptomeid pidurdada. Tehnoloogia on elu osa, seda ka dementsuse ja hoolduse valdkonnas. Konverentsil uuriti vastuseid k\u00fcsimustele, kas ja kuidas saavad tehnoloogiad aidata pereliikmeid, kas tehnoloogia saab asendada inimest, kas see \u00fcldse peaks asendama inimest?<\/p>\n<p><em>Kuidas t\u00e4iendada IKEA m\u00f6\u00f6blit, et see muudaks dementsusega inimese elu lihtsamaks<\/em><\/p>\n<p>Konverentsi avaesineja oli<strong> Hunn Wai<\/strong>, disainer ja disainifirma Lanzavecchia + Wai kaasasutaja Singapurist, kes jagas nippe, kuidas muuta oma armas kodu selliseks, et see ei tekita dementsusega inimeses segadust, seal oleks m\u00f5nus ja seal saaks k\u00f5ike teha. Singapuri disainifirma p\u00e4rusmaa on dementsuses\u00f5bralik disain m\u00f6\u00f6blis, n\u00f5udes ja mujal. Kodu kohandamisega saab teha oma vanema v\u00f5i vanavanema elu lihtsamaks, v\u00f5ttes aluseks \u00fcle maailma levinud, tuntud ja k\u00e4ttesaadava IKEA m\u00f6\u00f6bli ja IKEA tooted.<\/p>\n<figure id=\"attachment_3733\" aria-describedby=\"caption-attachment-3733\" style=\"width: 200px\" class=\"wp-caption alignleft\"><img fetchpriority=\"high\" decoding=\"async\" class=\"wp-image-3733 size-medium\" src=\"https:\/\/eludementsusega.ee\/app\/uploads\/2021\/06\/22LanzavecchiaWai_2017-1-200x300.jpg\" alt=\"\" width=\"200\" height=\"300\" srcset=\"https:\/\/dementsus.ee\/wp-content\/uploads\/2021\/06\/22LanzavecchiaWai_2017-1-200x300.jpg 200w, https:\/\/dementsus.ee\/wp-content\/uploads\/2021\/06\/22LanzavecchiaWai_2017-1.jpg 600w\" sizes=\"(max-width: 200px) 100vw, 200px\" \/><figcaption id=\"caption-attachment-3733\" class=\"wp-caption-text\">Disainerid Hunn Wai ja Francesca Lanzavecchia<\/figcaption><\/figure>\n<p><a href=\"https:\/\/hackcare.sg\/\" target=\"_blank\" rel=\"noopener\">Hack Care kataloog<\/a> \u00f5petab, kuidas teha IKEA toodetest dementsuses\u00f5bralikud tooted. IKEA m\u00f6\u00f6bli kokkupanemisega on paljudel kogemus ja sellega saadakse h\u00f5lpsasti hakkama. Samuti saadakse hakkama t\u00e4iendustega, mis teevad m\u00f6\u00f6bli sobilikuks just dementsuss\u00fcndroomiga l\u00e4hdastele. N\u00e4iteks IKEA toolile on lisatud peatugi ning topelt k\u00e4etoed, et istumine oleks mugavam ning toolilt p\u00fcstisaamine h\u00f5lpsam.\u00a0 Lisaks saab luua sobivaid valguslahendusi ning lahendusi selleks, et m\u00e4luh\u00e4irega inimene saaks aru, mis aeg on. \u00a0Kuigi Hack Care\u00a0 kataloog ja l\u00e4henemine on IKEA-st inspireeritud ning nende tooted on h\u00f5lpsasti kombineeritavad IKEA toodetega, siis siiski puudub neil otsene side IKEA-ga ning IKEA kauplustest Hack Care tooteid otsida pole m\u00f5tet. \u00a0Hack Care kataloogil on praegu ligikaudu 4 miljonit j\u00e4lgijat.<\/p>\n<p>Disainerid soovivad leida lahendusi elulistele probleemidele ning kogu keskkond, sh arhitektuur, saavad kaasa aidata inimeste toimetulekule eakana, leidis Hunn Wai. Tuleb osata ette kujutada olukordi, kus sa ei suuda teha asju, mida praegu t\u00e4helegi ei pane: t\u00f5sta asju p\u00f5randalt \u00fcles, t\u00f5usta toolilt p\u00fcsti, n\u00e4ha h\u00e4maras jne. Kui ajufunktsioonid muutuvad, vajab muutusi ka \u00fcmbritsev keskkond.<\/p>\n<p>J\u00e4rgmise v\u00e4ljakutsena n\u00e4eb disainer kohviku disainimist eakatele, kus on lisaks sobivale keskkonnale aeglane toit ja rahulik teeninduse tempo.<\/p>\n<p><em>Sotsiaalsed robotid pakuvad t\u00e4henduslikke<\/em> tegevusi<\/p>\n<p>Kellele arendatakse sotsiaalseid roboteid, kas robot saab asendada hooldajat, mis on roboti roll ja kus teda kasutada \u2013 neid k\u00fcsimusi k\u00fcsis dr <strong>Dympna Casey<\/strong> Iiri Riiklikust \u00dclikoolist.<\/p>\n<p>Sotsiaalsed robotid on eesk\u00e4tt kaaslased, kes leevendavad \u00fcksindust ja isolatsiooni, mille all dementsusega inimesed sageli kannatavad. Stiimulitevaba keskkond toob kaasa igavuse, t\u00fcdimuse, \u00fcksilduse ja depressiooni, mis k\u00f5ik aitavad kaasa dementsuse progresseerumisele. Sotsiaalsete robotite roll on t\u00e4henduslike tegevuste pakkumine dementsusega inimestele.<\/p>\n<p>K\u00f5ikv\u00f5imalikud robotloomad: koerad, kaelkirjakud jne reageerivad r\u00e4\u00e4kimisele ja hoolitsusele<\/p>\n<figure id=\"attachment_3734\" aria-describedby=\"caption-attachment-3734\" style=\"width: 300px\" class=\"wp-caption alignright\"><img decoding=\"async\" class=\"wp-image-3734 size-medium\" style=\"font-size: 1.125rem;\" src=\"https:\/\/eludementsusega.ee\/app\/uploads\/2021\/06\/Robot-300x178.jpg\" alt=\"\" width=\"300\" height=\"178\" srcset=\"https:\/\/dementsus.ee\/wp-content\/uploads\/2021\/06\/Robot-300x178.jpg 300w, https:\/\/dementsus.ee\/wp-content\/uploads\/2021\/06\/Robot.jpg 590w\" sizes=\"(max-width: 300px) 100vw, 300px\" \/><figcaption id=\"caption-attachment-3734\" class=\"wp-caption-text\">Robot Mario aitab suhelda<\/figcaption><\/figure>\n<p>ning on armsad. Robot v\u00f5ib pakkuda ka m\u00e4lestusi, muusikat, m\u00e4nge, uudiseid jm. Sotsiaalse roboti eesm\u00e4rk ei ole teiste inimeste asendamine, vaid aja sisustamine ja stimulatsioon.\u00a0 Sotsiaalsed robotid aitavad hooldataval suhelda hooldajaga, parandavad und, v\u00e4hendavad valuvaigistite ja ravimite v\u00f5tmist. Siiski, uuringute kohaselt ei ole t\u00f5endatud, et need tulemused on statistiliselt olulised.\u00a0 Robot ei asenda inimest, sest ta pole (veel) empaatiline ja kaastundlik. \u00a0Robotitega k\u00e4ivad kaasas k\u00fcsimused ohutusest ja privaatsusest. Kas robotid muutuvad tulevikus rohkem inimesesarnaseks ning kas nad muudavad seda, kuidas inimestega suheldakse, nendele k\u00fcsimustele veel vastuseid ei ole.\u00a0 Kas hinnalt kalliv\u00f5itu tehnoloogiad hoopis suurendavad l\u00f5hesid kvaliteetse hoolduse pakkumisel vaesemate ja rikkamate klientide vahel \u2013 see on robotite ja tehnoloogia kasutuselev\u00f5tu \u00fcks m\u00f5ttekoht.<\/p>\n<p><em>Koeru Hooldekeskuses saab dementsusega inimese elu h\u00f5lbustava tehnoloogiaga tutvuda<\/em><\/p>\n<figure id=\"attachment_3735\" aria-describedby=\"caption-attachment-3735\" style=\"width: 349px\" class=\"wp-caption alignleft\"><img decoding=\"async\" class=\"wp-image-3735 \" src=\"https:\/\/eludementsusega.ee\/app\/uploads\/2021\/06\/Screenshot-32-300x170.png\" alt=\"\" width=\"349\" height=\"197\" srcset=\"https:\/\/dementsus.ee\/wp-content\/uploads\/2021\/06\/Screenshot-32-300x170.png 300w, https:\/\/dementsus.ee\/wp-content\/uploads\/2021\/06\/Screenshot-32-600x341.png 600w, https:\/\/dementsus.ee\/wp-content\/uploads\/2021\/06\/Screenshot-32-1024x581.png 1024w, https:\/\/dementsus.ee\/wp-content\/uploads\/2021\/06\/Screenshot-32-768x436.png 768w, https:\/\/dementsus.ee\/wp-content\/uploads\/2021\/06\/Screenshot-32.png 1110w\" sizes=\"(max-width: 349px) 100vw, 349px\" \/><figcaption id=\"caption-attachment-3735\" class=\"wp-caption-text\">Terje Teder tutvustab libisemisvastaseid sokke<\/figcaption><\/figure>\n<p>Esimene sotsiaalne robot on j\u00f5udnud ka Eestisse, t\u00e4psemalt on Koeru Hooldekeskuses \u201et\u00f6\u00f6l\u201c roboth\u00fcljes Paro, keda n\u00e4itas hooldekeskuse juht <strong>Terje Teder<\/strong>. Teraapiarobot reageerib h\u00e4\u00e4lele, puudutustele, temperatuurile ja suhtleb inimesele vastu h\u00e4\u00e4litsedes.<\/p>\n<p>Nutikad abilised hoolekandes saavad olla ka lihtsad ja v\u00e4ikesed lahendused, nt viidad ja m\u00e4rgistused. Neid saab kasutada nii kodus kui asutuses, aga\u00a0 tuleb arvestada, et eakas inimene ei pruugi aru saada kaasaegsest m\u00e4rgis\u00fcsteemist. M\u00e4rk olgu ikka arusaadav. M\u00f6\u00f6bel peab eristuma p\u00f5randast ja seintest, erksad v\u00e4rvid tulevad kasuks tualettruumides. Head \u00f5hkkonda loovad vana aja pildid.\u00a0 Koeru Hooldekeskuses on 50 teenuskohta dementsusega inimestele ja asutus sai eelmisel aastal dementsuses\u00f5braliku asutuse m\u00e4rgise.<\/p>\n<p>Tehnoloogiad ei ole alati kallid, lihtsaid liikumisele reageerivaid valguslahendusi saab h\u00f5lpsasti kasutada kodudes. Valgusteraapilised lahendused aitavad luua rahulikku meeleolu, valgusega saab aidata ka voodikekseid inimesi. Hingavad ja liigutavad teraapilised m\u00e4nguloomad aitavad v\u00e4hendada \u00e4revust ja stressi, ergutavad suhtlemist ja tekitavad h\u00e4id emotsioone. Kadumise ennetamiseks ja turvalisuse tagamiseks on erinevad GPS-s\u00fcsteemid, mis on head ja lihtsad kasutada kodus.<\/p>\n<p>Koeru saab n\u00e4idatud lahendusi ka vaatama minna. Selleks tuleb kokku leppida kohtumisaeg aadressil <a href=\"mailto:info@koeruhk.ee\">info@koeruhk.ee<\/a>.<\/p>\n<p><em>Tehnoloogiatoad Iirimaal <\/em><\/p>\n<p>M\u00e4lu toetavate tehnoloogiate tube Iirimaal tutvustas <strong>Aisling Flynn<\/strong>, tegevusterapeut ja doktorant, kes on ise sellises toas ka t\u00f6\u00f6tanud. Tehnoloogiatoa m\u00f5iste v\u00f5ib m\u00f5juda eksitavalt, sest lisaks abistavate tehnoloogiate tutvustamisele pakuvad toad ka tasuta hindamist ja n\u00f5ustamist. Tegevusterapeut l\u00e4htub iga kliendi isikup\u00e4rast, et otsustada, millised tehnoloogilised abivahendid ning pisikesed kohandused kodus v\u00f5iksid just talle abiks olla. Lisaks n\u00f5uannetele j\u00e4rgneb vajaduse korral\u00a0 edasisuunamine ning j\u00e4relhindamine.\u00a0 M\u00e4lu toetavate tehnoloogiate tuppa v\u00f5ib kliendi saata arst v\u00f5i \u00f5de, sotsiaalt\u00f6\u00f6taja, aga inimene v\u00f5i ta pereliige v\u00f5ivad p\u00f6\u00f6rduda ka ise.<\/p>\n<p>Tulevik vaatab juba, kuidas kasutada virtuaalset reaalsust dementsusega inimestega suhtlemisel. Edukad lahendused on need, mis on disainitud koos dementsuss\u00fcndroomiga inimestega ja nende l\u00e4hedastega algusest peale.<\/p>\n<p><em>Dokumentaalfilm n\u00e4itab elu l\u00e4bi dementsusega inimese silmade<\/em><\/p>\n<p><strong>Kimberley Littlemore<\/strong> on dokumentalist Suurbritanniast, kes \u00a0jagas oma v\u00e4ga isiklikku kogemust. Ta filmis oma dementsuss\u00fcndroomiga vanemaid, et teised inimesed saaksid n\u00e4ha kodust elu l\u00e4bi dementsusega inimese silmade.<\/p>\n<figure id=\"attachment_3736\" aria-describedby=\"caption-attachment-3736\" style=\"width: 300px\" class=\"wp-caption alignleft\"><img loading=\"lazy\" decoding=\"async\" class=\"wp-image-3736 size-medium\" src=\"https:\/\/eludementsusega.ee\/app\/uploads\/2021\/06\/GuestBlog1-768x434-1-300x170.png\" alt=\"\" width=\"300\" height=\"170\" srcset=\"https:\/\/dementsus.ee\/wp-content\/uploads\/2021\/06\/GuestBlog1-768x434-1-300x170.png 300w, https:\/\/dementsus.ee\/wp-content\/uploads\/2021\/06\/GuestBlog1-768x434-1-600x339.png 600w, https:\/\/dementsus.ee\/wp-content\/uploads\/2021\/06\/GuestBlog1-768x434-1.png 768w\" sizes=\"(max-width: 300px) 100vw, 300px\" \/><figcaption id=\"caption-attachment-3736\" class=\"wp-caption-text\">Kimberley Littlemore\u00b4i film: Seeing Through My Father\u2019s Eyes: Reframing Dementia<\/figcaption><\/figure>\n<p>Vanemad andsid filmimiseks n\u00f5usoleku, sest see t\u00e4idab suure\u00a0 t\u00fchimiku \u2013 kuidas m\u00f5ista dementsusega inimesi ja aru saada, millega selle s\u00fcndroomiga inimesed rinda pistavad. Alzheimeri t\u00f5bi ei ole ainult m\u00e4lu halvenemine, see m\u00f5jutab t\u00f5siselt seda, kuidas inimene n\u00e4eb ja tajub esemeid ja ruumi. Kui keeruline v\u00f5ib olla tassikese tee tegemine, kui ruumis on palju esemeid, mis on \u00fchelt poolt eristamatud ning teiselt poolt hajutavad t\u00e4helepanu? Kui ei m\u00e4leta, milleks mis eset kasutatakse v\u00f5i ei tee vahet t\u00fchjal ja t\u00e4is tassil. Valged pesuruumid ja WC-d ei aita dementsusega inimest, sest sama v\u00e4rvi esemed on tema jaoks eristamatud.<\/p>\n<p><em>Dementsusega inimese kodu tuleb muuta ohutumaks ja kadumist ennetada <\/em><\/p>\n<p>P\u00e4\u00e4steameti pagasis on v\u00e4ga paljud l\u00e4bianal\u00fc\u00fcsitud \u00f5nnetused, mille pinnalt tegeletakse edasiste v\u00f5imalike \u00f5nnetuste ennetamisega. \u00c4raunustamine v\u00f5ib olla \u00f5nnetuse p\u00f5hjuseks, desorienteeritus ei aita \u00f5nnetuse olukorras kaasa \u00f5nnelikule l\u00f5pule. Seet\u00f5ttu on dementsuss\u00fcndroomiga inimesed riskiolukorras ka oma kodus. <strong>Viktor Saaremets<\/strong>, P\u00e4\u00e4steameti ennetust\u00f6\u00f6 osakonna juhtaja, r\u00e4\u00e4kis, et uskumus \u201emu kodu on minu kindlus\u201c on tegelikult m\u00fc\u00fct.\u00a0 Kodu ohutumaks muutmine on v\u00f5imalik, selleks on erinevaid tehnoloogilisi abivahendeid\u00a0 ning n\u00f5u saab k\u00fcsida P\u00e4\u00e4steameti spetsialistilt. Lisaks \u00fcldteada tulekustutitele ja suitsuanduritele on olemas liikumis-, temperatuuri jm andurid, pliidivalvurid, libisemisvastased p\u00f5randakatted, raskesti s\u00fcttivad voodiriided, evakuatsioonivalgustus.<\/p>\n<p>M\u00e4luh\u00e4irega pereliikme kadumisoht paneb l\u00e4hedased soetama endalegi nutitelefone, sest j\u00e4lgimisseadmete kasutuselev\u00f5tt seda n\u00f5uab.\u00a0 L\u00e4hedane <strong>Ene J\u00f5eveer<\/strong> jagas oma kasutajakogemust. Linnaruumis on GPS-seadmel omad piirangud, see ei pruugi t\u00f6\u00f6tada \u00fchistranspordis v\u00f5i maja trepikojas, t\u00e4navate r\u00e4gastikus muutub asukoha n\u00e4itamise t\u00e4psus v\u00e4ga oluliseks.<\/p>\n<p><em>Eas\u00f5bralik Tartu arvestab eakate vajadustega<\/em><\/p>\n<p>Kui kogu linn panustab sellesse, et eakate vajadustega arvestatakse, on tegemist eas\u00f5braliku linnaga. Tartu on v\u00f5tnud suuna saada aastaks 2030 eas\u00f5bralikuks linnaks. K\u00f5ik tartlased v\u00f5iksid oma kodulinnas elada v\u00f5imalikult pika, iseseisva ja t\u00e4isv\u00e4\u00e4rtusliku elu, leidis abilinnapea <strong>Mihkel Lees<\/strong>. Omavalitsus ei saa keskenduda ainult tulekahju kustutamisele keskenduvatele teenustele, vaid peab varakult m\u00f5tlema ka abivajaduse ennetusele. H\u00e4sti kujundatud linnaruum aitab sellele kaasa. Uued teenused panustavadki ennetusele, nt heaolumeistrid, kes aitavad eakate kodusid turvalisemaks muuta. Hoolduskoordinaatorite \u00fclesanne on j\u00e4lgida, et inimesed ei kukuks ja j\u00e4\u00e4ks \u00fcksi sotsiaal- ja tervishoius\u00fcsteemi vahelistesse l\u00f5hedesse. Kokku puudutab eas\u00f5bralikkus kaheksat linnaelu valdkonda: linnaruum ja hooned, rohelus ja puhkekohad; ligip\u00e4\u00e4setavus, sh k\u00e4ttesaadav transport; kohandatud kodud, et kodus saaks elada v\u00f5imalikult kaua; info k\u00e4ttesaadavus; t\u00f6\u00f6 ja osalus \u00fchiskonnas; tervishoiu ja kogukonnateenused; v\u00e4\u00e4rtustamine ja kuuluvus.\u00a0 \u00dcle maailma juba tegutseb mitu tuhat eas\u00f5bralikku linna, aga k\u00f5ige suuremad eksperdid sellise linna kujundamisel on ikka linnaelanikud ise.<\/p>\n<p><em>L\u00e4hedased jagasid oma kogemusi<\/em><\/p>\n<p><strong>L\u00e4hedased<\/strong> said konverentsil s\u00f5na mitmel korral. L\u00e4hedasi tuleb kuulata ja nende kogemused on suure v\u00e4\u00e4rtusega. Dementsuse s\u00fcmptomite m\u00e4rkamisel tuleb kohe tegutsema hakata ja algusest peale tegutseda \u00f5igesti, sest nii saab s\u00fcmptomite kulgu pidurdada. L\u00e4hedased t\u00f5id v\u00e4lja, et dementsusega inimest aitavad asjad, mille kasutamist ta m\u00e4letab, mis on tema pikaajalises m\u00e4lus. See v\u00f5ib olla vanamoodne lauatelefon v\u00f5i suurte nuppudega telekapult, klassikaline v\u00f5ti v\u00f5i muu tarbeese, mida inimene on kasutanud.<\/p>\n<p><em>Tehnoloogia on hea, aga ei asenda inimest<\/em><\/p>\n<p>Moderaator <strong>Tiina Tambaum<\/strong> v\u00f5ttis konverentsip\u00e4eva kokku nii: \u201eMa soovin, et robotid saavad abivahenditeks, mis paneks inimest teise inimese k\u00e4est k\u00fcsima \u2013 mis Su nimi on? Kuidas me saame \u00fcksteist aidata? Mida me v\u00f5iks koos teha?\u201c.<\/p>\n<p>Tiina \u00fctles, et dementsusega inimene soovib j\u00e4tkata oma tavap\u00e4rast elu, temast ei ole saanud laps, kuigi ta m\u00e4letab paremini neid asju, kui ta oli noor v\u00f5i laps. Sest ajus p\u00fcsib k\u00f5ige kindlamalt see, mis on omandatud lapsena ja nooremana. Dementsusega inimene siiski teab, et tal on oskused ja teadmised ja ta tahab teha t\u00e4henduslikke tegevusi. Dementsusega inimene on nagu iga inimene, \u00a0mitte \u00fcksi tema vajadustest ei kao lihtsalt seep\u00e4rast, et aju veab alt. Ta tahab suhelda. Ta tahab kuulda oma nime, tahab tunda puudutusi. Asjad v\u00f5ib minna lasta. Inimene on t\u00e4htis. L\u00e4hedus on t\u00e4htis. Head suhted on t\u00e4htsad. Keskkond \u2013 \u00adruumid ning inimesed \u2013 peavad andma v\u00f5imaluse seda kasutada, mis ajus olemas on. Tehnoloogiad v\u00f5ivad aidata, aga need ei v\u00f5ta \u00fcle inimese poolt pakutavat hooldust.<\/p>\n<p>Konverentsi korraldas Dementsuse Kompetentsikeskus. Konverentsi on augusti l\u00f5puni v\u00f5imalik j\u00e4relvaadata, loe lisainformatsiooni <a href=\"https:\/\/eludementsusega.ee\/25-05-2021-veebikonverents-tehnoloogiad-ja-keskkond-dementsusega-inimese-igapaevaelu-toetajana\/\" target=\"_blank\" rel=\"noopener\">siit<\/a>.<\/p>\n","protected":false},"excerpt":{"rendered":"<p>25. mail toimunud konverentsi \u201eTehnoloogiad ja keskkond dementsusega inimese igap\u00e4evaelu toetajana\u201c eesm\u00e4rgiks oli pakkuda lahendusi, kuidas hooldusvajadusega inimesed saaksid olla v\u00f5imalikult kaua iseseisvad ja aktiivsed. Iseseisev elu on see, mis aitab dementsuse s\u00fcmptomeid pidurdada. Tehnoloogia on elu osa, seda ka dementsuse ja hoolduse valdkonnas. Konverentsil uuriti vastuseid k\u00fcsimustele, kas ja kuidas saavad tehnoloogiad aidata pereliikmeid, [&hellip;]<\/p>\n","protected":false},"author":2,"featured_media":0,"comment_status":"open","ping_status":"open","sticky":false,"template":"","format":"standard","meta":{"footnotes":""},"categories":[1],"tags":[],"autor":[],"class_list":["post-3728","post","type-post","status-publish","format-standard","hentry","category-maaratlemata"],"yoast_head":"<!-- This site is optimized with the Yoast SEO plugin v26.2 - https:\/\/yoast.com\/wordpress\/plugins\/seo\/ -->\n<title>Tehnoloogia on hea, aga ei asenda inimest - Dementsuse Kompetentsikeskus<\/title>\n<meta name=\"robots\" content=\"index, follow, max-snippet:-1, max-image-preview:large, max-video-preview:-1\" \/>\n<link rel=\"canonical\" href=\"https:\/\/dementsus.ee\/en\/tehnoloogia-on-hea-aga-ei-asenda-inimest\/\" \/>\n<meta property=\"og:locale\" content=\"en_US\" \/>\n<meta property=\"og:type\" content=\"article\" \/>\n<meta property=\"og:title\" content=\"Tehnoloogia on hea, aga ei asenda inimest - Dementsuse Kompetentsikeskus\" \/>\n<meta property=\"og:description\" content=\"25. mail toimunud konverentsi \u201eTehnoloogiad ja keskkond dementsusega inimese igap\u00e4evaelu toetajana\u201c eesm\u00e4rgiks oli pakkuda lahendusi, kuidas hooldusvajadusega inimesed saaksid olla v\u00f5imalikult kaua iseseisvad ja aktiivsed. Iseseisev elu on see, mis aitab dementsuse s\u00fcmptomeid pidurdada. Tehnoloogia on elu osa, seda ka dementsuse ja hoolduse valdkonnas. Konverentsil uuriti vastuseid k\u00fcsimustele, kas ja kuidas saavad tehnoloogiad aidata pereliikmeid, [&hellip;]\" \/>\n<meta property=\"og:url\" content=\"https:\/\/dementsus.ee\/en\/tehnoloogia-on-hea-aga-ei-asenda-inimest\/\" \/>\n<meta property=\"og:site_name\" content=\"Dementsuse Kompetentsikeskus\" \/>\n<meta property=\"article:published_time\" content=\"2021-06-17T18:05:04+00:00\" \/>\n<meta property=\"og:image\" content=\"https:\/\/eludementsusega.ee\/app\/uploads\/2021\/06\/22LanzavecchiaWai_2017-1-200x300.jpg\" \/>\n<meta name=\"author\" content=\"Kermo\" \/>\n<meta name=\"twitter:card\" content=\"summary_large_image\" \/>\n<meta name=\"twitter:label1\" content=\"Written by\" \/>\n\t<meta name=\"twitter:data1\" content=\"Kermo\" \/>\n\t<meta name=\"twitter:label2\" content=\"Est. reading time\" \/>\n\t<meta name=\"twitter:data2\" content=\"9 minutes\" \/>\n<script type=\"application\/ld+json\" class=\"yoast-schema-graph\">{\"@context\":\"https:\/\/schema.org\",\"@graph\":[{\"@type\":\"Article\",\"@id\":\"https:\/\/dementsus.ee\/en\/tehnoloogia-on-hea-aga-ei-asenda-inimest\/#article\",\"isPartOf\":{\"@id\":\"https:\/\/dementsus.ee\/en\/tehnoloogia-on-hea-aga-ei-asenda-inimest\/\"},\"author\":{\"name\":\"Kermo\",\"@id\":\"https:\/\/dementsus.ee\/en\/#\/schema\/person\/dd93d64f20e6c5add626937f6b5931ed\"},\"headline\":\"Tehnoloogia on hea, aga ei asenda inimest\",\"datePublished\":\"2021-06-17T18:05:04+00:00\",\"mainEntityOfPage\":{\"@id\":\"https:\/\/dementsus.ee\/en\/tehnoloogia-on-hea-aga-ei-asenda-inimest\/\"},\"wordCount\":1757,\"commentCount\":0,\"publisher\":{\"@id\":\"https:\/\/dementsus.ee\/en\/#organization\"},\"image\":{\"@id\":\"https:\/\/dementsus.ee\/en\/tehnoloogia-on-hea-aga-ei-asenda-inimest\/#primaryimage\"},\"thumbnailUrl\":\"https:\/\/eludementsusega.ee\/app\/uploads\/2021\/06\/22LanzavecchiaWai_2017-1-200x300.jpg\",\"articleSection\":[\"M\u00e4\u00e4ratlemata\"],\"inLanguage\":\"en-US\"},{\"@type\":\"WebPage\",\"@id\":\"https:\/\/dementsus.ee\/en\/tehnoloogia-on-hea-aga-ei-asenda-inimest\/\",\"url\":\"https:\/\/dementsus.ee\/en\/tehnoloogia-on-hea-aga-ei-asenda-inimest\/\",\"name\":\"Tehnoloogia on hea, aga ei asenda inimest - Dementsuse Kompetentsikeskus\",\"isPartOf\":{\"@id\":\"https:\/\/dementsus.ee\/en\/#website\"},\"primaryImageOfPage\":{\"@id\":\"https:\/\/dementsus.ee\/en\/tehnoloogia-on-hea-aga-ei-asenda-inimest\/#primaryimage\"},\"image\":{\"@id\":\"https:\/\/dementsus.ee\/en\/tehnoloogia-on-hea-aga-ei-asenda-inimest\/#primaryimage\"},\"thumbnailUrl\":\"https:\/\/eludementsusega.ee\/app\/uploads\/2021\/06\/22LanzavecchiaWai_2017-1-200x300.jpg\",\"datePublished\":\"2021-06-17T18:05:04+00:00\",\"breadcrumb\":{\"@id\":\"https:\/\/dementsus.ee\/en\/tehnoloogia-on-hea-aga-ei-asenda-inimest\/#breadcrumb\"},\"inLanguage\":\"en-US\",\"potentialAction\":[{\"@type\":\"ReadAction\",\"target\":[\"https:\/\/dementsus.ee\/en\/tehnoloogia-on-hea-aga-ei-asenda-inimest\/\"]}]},{\"@type\":\"ImageObject\",\"inLanguage\":\"en-US\",\"@id\":\"https:\/\/dementsus.ee\/en\/tehnoloogia-on-hea-aga-ei-asenda-inimest\/#primaryimage\",\"url\":\"https:\/\/eludementsusega.ee\/app\/uploads\/2021\/06\/22LanzavecchiaWai_2017-1-200x300.jpg\",\"contentUrl\":\"https:\/\/eludementsusega.ee\/app\/uploads\/2021\/06\/22LanzavecchiaWai_2017-1-200x300.jpg\"},{\"@type\":\"BreadcrumbList\",\"@id\":\"https:\/\/dementsus.ee\/en\/tehnoloogia-on-hea-aga-ei-asenda-inimest\/#breadcrumb\",\"itemListElement\":[{\"@type\":\"ListItem\",\"position\":1,\"name\":\"Esileht\",\"item\":\"https:\/\/dementsus.ee\/en\/\"},{\"@type\":\"ListItem\",\"position\":2,\"name\":\"Tehnoloogia on hea, aga ei asenda inimest\"}]},{\"@type\":\"WebSite\",\"@id\":\"https:\/\/dementsus.ee\/en\/#website\",\"url\":\"https:\/\/dementsus.ee\/en\/\",\"name\":\"Dementsuse Kompetentsikeskus\",\"description\":\"dementsuse info ja abi\",\"publisher\":{\"@id\":\"https:\/\/dementsus.ee\/en\/#organization\"},\"potentialAction\":[{\"@type\":\"SearchAction\",\"target\":{\"@type\":\"EntryPoint\",\"urlTemplate\":\"https:\/\/dementsus.ee\/en\/?s={search_term_string}\"},\"query-input\":{\"@type\":\"PropertyValueSpecification\",\"valueRequired\":true,\"valueName\":\"search_term_string\"}}],\"inLanguage\":\"en-US\"},{\"@type\":\"Organization\",\"@id\":\"https:\/\/dementsus.ee\/en\/#organization\",\"name\":\"Dementsuse Kompetentsikeskus\",\"url\":\"https:\/\/dementsus.ee\/en\/\",\"logo\":{\"@type\":\"ImageObject\",\"inLanguage\":\"en-US\",\"@id\":\"https:\/\/dementsus.ee\/en\/#\/schema\/logo\/image\/\",\"url\":\"https:\/\/dementsus.ee\/wp-content\/uploads\/2023\/07\/ED_logo_kodukale.svg\",\"contentUrl\":\"https:\/\/dementsus.ee\/wp-content\/uploads\/2023\/07\/ED_logo_kodukale.svg\",\"caption\":\"Dementsuse Kompetentsikeskus\"},\"image\":{\"@id\":\"https:\/\/dementsus.ee\/en\/#\/schema\/logo\/image\/\"}},{\"@type\":\"Person\",\"@id\":\"https:\/\/dementsus.ee\/en\/#\/schema\/person\/dd93d64f20e6c5add626937f6b5931ed\",\"name\":\"Kermo\",\"image\":{\"@type\":\"ImageObject\",\"inLanguage\":\"en-US\",\"@id\":\"https:\/\/dementsus.ee\/en\/#\/schema\/person\/image\/\",\"url\":\"https:\/\/secure.gravatar.com\/avatar\/b2f0128e9063b66b5c6e595d8f4c39037d52f729089f1ad5afc34656e1d58a64?s=96&d=mm&r=g\",\"contentUrl\":\"https:\/\/secure.gravatar.com\/avatar\/b2f0128e9063b66b5c6e595d8f4c39037d52f729089f1ad5afc34656e1d58a64?s=96&d=mm&r=g\",\"caption\":\"Kermo\"},\"url\":\"https:\/\/dementsus.ee\/en\/author\/kermo\/\"}]}<\/script>\n<!-- \/ Yoast SEO plugin. -->","yoast_head_json":{"title":"Tehnoloogia on hea, aga ei asenda inimest - Dementsuse Kompetentsikeskus","robots":{"index":"index","follow":"follow","max-snippet":"max-snippet:-1","max-image-preview":"max-image-preview:large","max-video-preview":"max-video-preview:-1"},"canonical":"https:\/\/dementsus.ee\/en\/tehnoloogia-on-hea-aga-ei-asenda-inimest\/","og_locale":"en_US","og_type":"article","og_title":"Tehnoloogia on hea, aga ei asenda inimest - Dementsuse Kompetentsikeskus","og_description":"25. mail toimunud konverentsi \u201eTehnoloogiad ja keskkond dementsusega inimese igap\u00e4evaelu toetajana\u201c eesm\u00e4rgiks oli pakkuda lahendusi, kuidas hooldusvajadusega inimesed saaksid olla v\u00f5imalikult kaua iseseisvad ja aktiivsed. Iseseisev elu on see, mis aitab dementsuse s\u00fcmptomeid pidurdada. Tehnoloogia on elu osa, seda ka dementsuse ja hoolduse valdkonnas. Konverentsil uuriti vastuseid k\u00fcsimustele, kas ja kuidas saavad tehnoloogiad aidata pereliikmeid, [&hellip;]","og_url":"https:\/\/dementsus.ee\/en\/tehnoloogia-on-hea-aga-ei-asenda-inimest\/","og_site_name":"Dementsuse Kompetentsikeskus","article_published_time":"2021-06-17T18:05:04+00:00","og_image":[{"url":"https:\/\/eludementsusega.ee\/app\/uploads\/2021\/06\/22LanzavecchiaWai_2017-1-200x300.jpg","type":"","width":"","height":""}],"author":"Kermo","twitter_card":"summary_large_image","twitter_misc":{"Written by":"Kermo","Est. reading time":"9 minutes"},"schema":{"@context":"https:\/\/schema.org","@graph":[{"@type":"Article","@id":"https:\/\/dementsus.ee\/en\/tehnoloogia-on-hea-aga-ei-asenda-inimest\/#article","isPartOf":{"@id":"https:\/\/dementsus.ee\/en\/tehnoloogia-on-hea-aga-ei-asenda-inimest\/"},"author":{"name":"Kermo","@id":"https:\/\/dementsus.ee\/en\/#\/schema\/person\/dd93d64f20e6c5add626937f6b5931ed"},"headline":"Tehnoloogia on hea, aga ei asenda inimest","datePublished":"2021-06-17T18:05:04+00:00","mainEntityOfPage":{"@id":"https:\/\/dementsus.ee\/en\/tehnoloogia-on-hea-aga-ei-asenda-inimest\/"},"wordCount":1757,"commentCount":0,"publisher":{"@id":"https:\/\/dementsus.ee\/en\/#organization"},"image":{"@id":"https:\/\/dementsus.ee\/en\/tehnoloogia-on-hea-aga-ei-asenda-inimest\/#primaryimage"},"thumbnailUrl":"https:\/\/eludementsusega.ee\/app\/uploads\/2021\/06\/22LanzavecchiaWai_2017-1-200x300.jpg","articleSection":["M\u00e4\u00e4ratlemata"],"inLanguage":"en-US"},{"@type":"WebPage","@id":"https:\/\/dementsus.ee\/en\/tehnoloogia-on-hea-aga-ei-asenda-inimest\/","url":"https:\/\/dementsus.ee\/en\/tehnoloogia-on-hea-aga-ei-asenda-inimest\/","name":"Tehnoloogia on hea, aga ei asenda inimest - Dementsuse Kompetentsikeskus","isPartOf":{"@id":"https:\/\/dementsus.ee\/en\/#website"},"primaryImageOfPage":{"@id":"https:\/\/dementsus.ee\/en\/tehnoloogia-on-hea-aga-ei-asenda-inimest\/#primaryimage"},"image":{"@id":"https:\/\/dementsus.ee\/en\/tehnoloogia-on-hea-aga-ei-asenda-inimest\/#primaryimage"},"thumbnailUrl":"https:\/\/eludementsusega.ee\/app\/uploads\/2021\/06\/22LanzavecchiaWai_2017-1-200x300.jpg","datePublished":"2021-06-17T18:05:04+00:00","breadcrumb":{"@id":"https:\/\/dementsus.ee\/en\/tehnoloogia-on-hea-aga-ei-asenda-inimest\/#breadcrumb"},"inLanguage":"en-US","potentialAction":[{"@type":"ReadAction","target":["https:\/\/dementsus.ee\/en\/tehnoloogia-on-hea-aga-ei-asenda-inimest\/"]}]},{"@type":"ImageObject","inLanguage":"en-US","@id":"https:\/\/dementsus.ee\/en\/tehnoloogia-on-hea-aga-ei-asenda-inimest\/#primaryimage","url":"https:\/\/eludementsusega.ee\/app\/uploads\/2021\/06\/22LanzavecchiaWai_2017-1-200x300.jpg","contentUrl":"https:\/\/eludementsusega.ee\/app\/uploads\/2021\/06\/22LanzavecchiaWai_2017-1-200x300.jpg"},{"@type":"BreadcrumbList","@id":"https:\/\/dementsus.ee\/en\/tehnoloogia-on-hea-aga-ei-asenda-inimest\/#breadcrumb","itemListElement":[{"@type":"ListItem","position":1,"name":"Esileht","item":"https:\/\/dementsus.ee\/en\/"},{"@type":"ListItem","position":2,"name":"Tehnoloogia on hea, aga ei asenda inimest"}]},{"@type":"WebSite","@id":"https:\/\/dementsus.ee\/en\/#website","url":"https:\/\/dementsus.ee\/en\/","name":"Dementsuse Kompetentsikeskus","description":"dementsuse info ja abi","publisher":{"@id":"https:\/\/dementsus.ee\/en\/#organization"},"potentialAction":[{"@type":"SearchAction","target":{"@type":"EntryPoint","urlTemplate":"https:\/\/dementsus.ee\/en\/?s={search_term_string}"},"query-input":{"@type":"PropertyValueSpecification","valueRequired":true,"valueName":"search_term_string"}}],"inLanguage":"en-US"},{"@type":"Organization","@id":"https:\/\/dementsus.ee\/en\/#organization","name":"Dementsuse Kompetentsikeskus","url":"https:\/\/dementsus.ee\/en\/","logo":{"@type":"ImageObject","inLanguage":"en-US","@id":"https:\/\/dementsus.ee\/en\/#\/schema\/logo\/image\/","url":"https:\/\/dementsus.ee\/wp-content\/uploads\/2023\/07\/ED_logo_kodukale.svg","contentUrl":"https:\/\/dementsus.ee\/wp-content\/uploads\/2023\/07\/ED_logo_kodukale.svg","caption":"Dementsuse Kompetentsikeskus"},"image":{"@id":"https:\/\/dementsus.ee\/en\/#\/schema\/logo\/image\/"}},{"@type":"Person","@id":"https:\/\/dementsus.ee\/en\/#\/schema\/person\/dd93d64f20e6c5add626937f6b5931ed","name":"Kermo","image":{"@type":"ImageObject","inLanguage":"en-US","@id":"https:\/\/dementsus.ee\/en\/#\/schema\/person\/image\/","url":"https:\/\/secure.gravatar.com\/avatar\/b2f0128e9063b66b5c6e595d8f4c39037d52f729089f1ad5afc34656e1d58a64?s=96&d=mm&r=g","contentUrl":"https:\/\/secure.gravatar.com\/avatar\/b2f0128e9063b66b5c6e595d8f4c39037d52f729089f1ad5afc34656e1d58a64?s=96&d=mm&r=g","caption":"Kermo"},"url":"https:\/\/dementsus.ee\/en\/author\/kermo\/"}]}},"_links":{"self":[{"href":"https:\/\/dementsus.ee\/en\/wp-json\/wp\/v2\/posts\/3728","targetHints":{"allow":["GET"]}}],"collection":[{"href":"https:\/\/dementsus.ee\/en\/wp-json\/wp\/v2\/posts"}],"about":[{"href":"https:\/\/dementsus.ee\/en\/wp-json\/wp\/v2\/types\/post"}],"author":[{"embeddable":true,"href":"https:\/\/dementsus.ee\/en\/wp-json\/wp\/v2\/users\/2"}],"replies":[{"embeddable":true,"href":"https:\/\/dementsus.ee\/en\/wp-json\/wp\/v2\/comments?post=3728"}],"version-history":[{"count":0,"href":"https:\/\/dementsus.ee\/en\/wp-json\/wp\/v2\/posts\/3728\/revisions"}],"wp:attachment":[{"href":"https:\/\/dementsus.ee\/en\/wp-json\/wp\/v2\/media?parent=3728"}],"wp:term":[{"taxonomy":"category","embeddable":true,"href":"https:\/\/dementsus.ee\/en\/wp-json\/wp\/v2\/categories?post=3728"},{"taxonomy":"post_tag","embeddable":true,"href":"https:\/\/dementsus.ee\/en\/wp-json\/wp\/v2\/tags?post=3728"},{"taxonomy":"autor","embeddable":true,"href":"https:\/\/dementsus.ee\/en\/wp-json\/wp\/v2\/autor?post=3728"}],"curies":[{"name":"wp","href":"https:\/\/api.w.org\/{rel}","templated":true}]}}