{"id":3789,"date":"2021-06-29T12:21:55","date_gmt":"2021-06-29T12:21:55","guid":{"rendered":"https:\/\/eludementsusega.ee\/?p=3789"},"modified":"2021-06-29T12:21:55","modified_gmt":"2021-06-29T12:21:55","slug":"covid-19-kiirendab-kognitiivsete-voimete-langust","status":"publish","type":"post","link":"https:\/\/dementsus.ee\/en\/covid-19-kiirendab-kognitiivsete-voimete-langust\/","title":{"rendered":"Covid-19 kiirendab kognitiivsete v\u00f5imete langust"},"content":{"rendered":"<p>Mai l\u00f5pus tutvustas \u00fclemaailmne dementsuss\u00fcndroomiga inimeste ja nende l\u00e4hedaste huve esindav organisatsioon Alzheimer\u00b4s Disease International aruannet <a href=\"https:\/\/www.alzint.org\/u\/From-Plan-to-Impact-IV.pdf\" target=\"_blank\" rel=\"noopener\">\u201ePlaneerimisest m\u00f5jude avaldumiseni\u201c( From Plan to Impact).<\/a> Neljas samateemaline aruanne anal\u00fc\u00fcsib Maailma Terviseorganisatsiooni (edaspidi WHO) poolt eesm\u00e4rgistatud dementsuse tegevusplaani 2017-2025 t\u00e4itmise hetkeseisu ning toob v\u00e4lja Covid-19 pandeemia m\u00f5ju dementsusele.<\/p>\n<p>WHO maailma tegevusplaani kohaselt peab aastaks 2025 olema 146-s riigis riiklik dementsuse strateegia v\u00f5i tegevusplaan. Hetkel on dementsuse teema riiklikult eesm\u00e4rgistatud 40-s riigis.<\/p>\n<p><strong>Riikide enesehindamise kaudu kujuneb \u00fclevaade dementsuse valdkonna olukorrast maailmas <\/strong><\/p>\n<p>2017. aastal hakkas WHO pidama dementsuse andmeseire platvormi (The Global Dementia Observatory ehk GDO), kuhu riigid annavad informatsiooni oma riigi dementsuse olukorra kohta kindla struktuuri ja n\u00e4itajate alusel. GDO annab v\u00f5imaluse hinnata riikide dementsuse valdkonna arendamise taset ning riikidel enesehinnangu kaudu seada uusi eesm\u00e4rke. Hinnatakse seitset tegevusvaldkonda:<\/p>\n<ol>\n<li>Dementsust kui rahvatervise prioriteeti<\/li>\n<li>Teadlikkust ja dementsuss\u00f5bralikkust<\/li>\n<li>Dementsuse ennetust<\/li>\n<li>Diagnoosimist, ravi, toetust ja teenuseid<\/li>\n<li>Tuge ja teenuseid dementsusega inimeste omastehooldajatele<\/li>\n<li>Dementsuse valdkonna toetavaid IT s\u00fcsteeme ja lahendusi<\/li>\n<li>Dementsuse uuringuid ja teadusalast tegevust<\/li>\n<\/ol>\n<p>WHO tegevuskava kohaselt peavad riigid nendes tegevusvaldkondades seadma strateegilisi eesm\u00e4rke ning need ellu viima. Neljas aruanne anal\u00fc\u00fcsibki hetkeolukorda ning n\u00e4itab erinevate riikide n\u00e4idete p\u00f5hjal, kuidas neid tegevusvaldkondi ellu viidud on.<\/p>\n<p><strong>Covid-19 pandeemia v\u00f5ib kaasa tuua dementsusega inimeste arvu suurenemise<\/strong><\/p>\n<p>Neljandas aruandes vaadatakse ka COVID-19 pandeemia m\u00f5jusid dementsusega inimestele ja nende l\u00e4hedastele ning pandeemia m\u00f5ju riiklike dementsusstrateegiate ellu viimisele.<\/p>\n<p>Covid-19 pandeemia m\u00f5ju dementsuse valdkonnale on v\u00e4ga suur. Dementsusega inimesi on Covid-19 p\u00f5hjustatud surmade kogustatistika hulgas olnud \u00fclemaailmselt ligikaudu 25%.\u00a0 Isolatsioon, v\u00e4hene sotsiaalne suhtlus ja pandeemia t\u00f5ttu v\u00e4iksemal m\u00e4\u00e4ral osutatud teenused on kiirendanud dementsusega inimeste kognitsiooni langust. Suurenenud on nii dementsusega inimeste kui ka nende l\u00e4hedaste depressioon ja \u00e4revus. \u00a0Dementsusega inimeste arstiabi saamine \u2013 nii diagnoosimine kui ka s\u00fcmptomite ravi &#8211; on olnud eriarstiabi piirangute t\u00f5ttu v\u00e4he k\u00e4ttesaadavad ning muutnud dementsusega inimeste ja nende l\u00e4hedaste olukorra veelgi keerulisemaks.<\/p>\n<p>Dementsusega tegelevad teadusasutused on hakanud uurima Covid-19 pikaajalist m\u00f5ju ajule ja ollakse mures, kuna Covid-19 kognitiivse h\u00e4ire esinemise t\u00f5us k\u00f5ikides vanusegruppides on n\u00e4idanud, et tulevikus v\u00f5ib COVID-19 t\u00f5ttu olla veelgi rohkem inimesi, kellel v\u00f5ib areneda dementsus. Vajadus riiklike dementsuse strateegiate j\u00e4rele suureneb veelgi.<\/p>\n<p><strong>Diagnoosimine ja diagnoosij\u00e4rgsed teenused muutuvad v\u00f5tmes\u00f5naks<\/strong><\/p>\n<p>Oluline viimase aasta muutus on see, et \u00fcha enam muutub oluliseks \u00f5igeaegne (varajane) diagnoos, kuna arenevad teraapilised sekkumised, mis aitavad kognitsiooni taset hoida. Samas diagnoosi saanud inimeste arv on v\u00e4ga v\u00e4ike ja diagnoosij\u00e4rgsed v\u00f5imalused kesised.<\/p>\n<p><strong>\u00d5pik dementsusega inimeste hooldajatele<\/strong><\/p>\n<p>Uuringus on informatsioon WHO poolt koostatud dementsusega inimeste (omaste)hooldajatele m\u00f5eldud \u00f5pikust \u201e<a href=\"https:\/\/www.who.int\/publications\/i\/item\/9789241515863\" target=\"_blank\" rel=\"noopener\">iSupport<\/a>\u201c. \u00d5pikus r\u00e4\u00e4gitakse, mis on dementsus, kuidas pakkuda abi ja hoolt, kuidas teha igap\u00e4evaseid hooldustoiminguid ja hakkama saada k\u00e4itumuslike muutustega. Selgitavad ja \u00f5petlikud peat\u00fckid vahelduvad praktiliste harjutustega.<\/p>\n<p>Eesti on aruande l\u00f5pus toodud riikide arenguetappide v\u00f5rdluse tabelis t\u00e4histatud riigina, \u00a0kus panustatakse m\u00f5ningaid ressursse 7 tegevusvaldkonna arenguks, kuid eraldi riiklikku dementsuse strateegiat ei ole.<\/p>\n<p>Maailmas elab \u00fcle 50 miljoni dementsusega inimese. 2030. aastaks kasvab dementsusega inimeste arv 82 miljonini ning 2050. aastaks 152 miljonini. Hetkel on dementsusega seotud kulud 1 triljon USA dollarit, kulude kasv kahekordistub 2030. aastaks.<\/p>\n","protected":false},"excerpt":{"rendered":"<p>Mai l\u00f5pus tutvustas \u00fclemaailmne dementsuss\u00fcndroomiga inimeste ja nende l\u00e4hedaste huve esindav organisatsioon Alzheimer\u00b4s Disease International aruannet \u201ePlaneerimisest m\u00f5jude avaldumiseni\u201c( From Plan to Impact). Neljas samateemaline aruanne anal\u00fc\u00fcsib Maailma Terviseorganisatsiooni (edaspidi WHO) poolt eesm\u00e4rgistatud dementsuse tegevusplaani 2017-2025 t\u00e4itmise hetkeseisu ning toob v\u00e4lja Covid-19 pandeemia m\u00f5ju dementsusele. WHO maailma tegevusplaani kohaselt peab aastaks 2025 olema 146-s riigis [&hellip;]<\/p>\n","protected":false},"author":2,"featured_media":0,"comment_status":"open","ping_status":"open","sticky":false,"template":"","format":"standard","meta":{"footnotes":""},"categories":[1],"tags":[],"autor":[],"class_list":["post-3789","post","type-post","status-publish","format-standard","hentry","category-maaratlemata"],"yoast_head":"<!-- This site is optimized with the Yoast SEO plugin v26.2 - https:\/\/yoast.com\/wordpress\/plugins\/seo\/ -->\n<title>Covid-19 kiirendab kognitiivsete v\u00f5imete langust - Dementsuse Kompetentsikeskus<\/title>\n<meta name=\"robots\" content=\"index, follow, max-snippet:-1, max-image-preview:large, max-video-preview:-1\" \/>\n<link rel=\"canonical\" href=\"https:\/\/dementsus.ee\/en\/covid-19-kiirendab-kognitiivsete-voimete-langust\/\" \/>\n<meta property=\"og:locale\" content=\"en_US\" \/>\n<meta property=\"og:type\" content=\"article\" \/>\n<meta property=\"og:title\" content=\"Covid-19 kiirendab kognitiivsete v\u00f5imete langust - Dementsuse Kompetentsikeskus\" \/>\n<meta property=\"og:description\" content=\"Mai l\u00f5pus tutvustas \u00fclemaailmne dementsuss\u00fcndroomiga inimeste ja nende l\u00e4hedaste huve esindav organisatsioon Alzheimer\u00b4s Disease International aruannet \u201ePlaneerimisest m\u00f5jude avaldumiseni\u201c( From Plan to Impact). Neljas samateemaline aruanne anal\u00fc\u00fcsib Maailma Terviseorganisatsiooni (edaspidi WHO) poolt eesm\u00e4rgistatud dementsuse tegevusplaani 2017-2025 t\u00e4itmise hetkeseisu ning toob v\u00e4lja Covid-19 pandeemia m\u00f5ju dementsusele. WHO maailma tegevusplaani kohaselt peab aastaks 2025 olema 146-s riigis [&hellip;]\" \/>\n<meta property=\"og:url\" content=\"https:\/\/dementsus.ee\/en\/covid-19-kiirendab-kognitiivsete-voimete-langust\/\" \/>\n<meta property=\"og:site_name\" content=\"Dementsuse Kompetentsikeskus\" \/>\n<meta property=\"article:published_time\" content=\"2021-06-29T12:21:55+00:00\" \/>\n<meta name=\"author\" content=\"Kermo\" \/>\n<meta name=\"twitter:card\" content=\"summary_large_image\" \/>\n<meta name=\"twitter:label1\" content=\"Written by\" \/>\n\t<meta name=\"twitter:data1\" content=\"Kermo\" \/>\n\t<meta name=\"twitter:label2\" content=\"Est. reading time\" \/>\n\t<meta name=\"twitter:data2\" content=\"3 minutes\" \/>\n<script type=\"application\/ld+json\" class=\"yoast-schema-graph\">{\"@context\":\"https:\/\/schema.org\",\"@graph\":[{\"@type\":\"Article\",\"@id\":\"https:\/\/dementsus.ee\/en\/covid-19-kiirendab-kognitiivsete-voimete-langust\/#article\",\"isPartOf\":{\"@id\":\"https:\/\/dementsus.ee\/en\/covid-19-kiirendab-kognitiivsete-voimete-langust\/\"},\"author\":{\"name\":\"Kermo\",\"@id\":\"https:\/\/dementsus.ee\/en\/#\/schema\/person\/dd93d64f20e6c5add626937f6b5931ed\"},\"headline\":\"Covid-19 kiirendab kognitiivsete v\u00f5imete langust\",\"datePublished\":\"2021-06-29T12:21:55+00:00\",\"mainEntityOfPage\":{\"@id\":\"https:\/\/dementsus.ee\/en\/covid-19-kiirendab-kognitiivsete-voimete-langust\/\"},\"wordCount\":536,\"commentCount\":0,\"publisher\":{\"@id\":\"https:\/\/dementsus.ee\/en\/#organization\"},\"articleSection\":[\"M\u00e4\u00e4ratlemata\"],\"inLanguage\":\"en-US\"},{\"@type\":\"WebPage\",\"@id\":\"https:\/\/dementsus.ee\/en\/covid-19-kiirendab-kognitiivsete-voimete-langust\/\",\"url\":\"https:\/\/dementsus.ee\/en\/covid-19-kiirendab-kognitiivsete-voimete-langust\/\",\"name\":\"Covid-19 kiirendab kognitiivsete v\u00f5imete langust - Dementsuse Kompetentsikeskus\",\"isPartOf\":{\"@id\":\"https:\/\/dementsus.ee\/en\/#website\"},\"datePublished\":\"2021-06-29T12:21:55+00:00\",\"breadcrumb\":{\"@id\":\"https:\/\/dementsus.ee\/en\/covid-19-kiirendab-kognitiivsete-voimete-langust\/#breadcrumb\"},\"inLanguage\":\"en-US\",\"potentialAction\":[{\"@type\":\"ReadAction\",\"target\":[\"https:\/\/dementsus.ee\/en\/covid-19-kiirendab-kognitiivsete-voimete-langust\/\"]}]},{\"@type\":\"BreadcrumbList\",\"@id\":\"https:\/\/dementsus.ee\/en\/covid-19-kiirendab-kognitiivsete-voimete-langust\/#breadcrumb\",\"itemListElement\":[{\"@type\":\"ListItem\",\"position\":1,\"name\":\"Esileht\",\"item\":\"https:\/\/dementsus.ee\/en\/\"},{\"@type\":\"ListItem\",\"position\":2,\"name\":\"Covid-19 kiirendab kognitiivsete v\u00f5imete langust\"}]},{\"@type\":\"WebSite\",\"@id\":\"https:\/\/dementsus.ee\/en\/#website\",\"url\":\"https:\/\/dementsus.ee\/en\/\",\"name\":\"Dementsuse Kompetentsikeskus\",\"description\":\"dementsuse info ja abi\",\"publisher\":{\"@id\":\"https:\/\/dementsus.ee\/en\/#organization\"},\"potentialAction\":[{\"@type\":\"SearchAction\",\"target\":{\"@type\":\"EntryPoint\",\"urlTemplate\":\"https:\/\/dementsus.ee\/en\/?s={search_term_string}\"},\"query-input\":{\"@type\":\"PropertyValueSpecification\",\"valueRequired\":true,\"valueName\":\"search_term_string\"}}],\"inLanguage\":\"en-US\"},{\"@type\":\"Organization\",\"@id\":\"https:\/\/dementsus.ee\/en\/#organization\",\"name\":\"Dementsuse Kompetentsikeskus\",\"url\":\"https:\/\/dementsus.ee\/en\/\",\"logo\":{\"@type\":\"ImageObject\",\"inLanguage\":\"en-US\",\"@id\":\"https:\/\/dementsus.ee\/en\/#\/schema\/logo\/image\/\",\"url\":\"https:\/\/dementsus.ee\/wp-content\/uploads\/2023\/07\/ED_logo_kodukale.svg\",\"contentUrl\":\"https:\/\/dementsus.ee\/wp-content\/uploads\/2023\/07\/ED_logo_kodukale.svg\",\"caption\":\"Dementsuse Kompetentsikeskus\"},\"image\":{\"@id\":\"https:\/\/dementsus.ee\/en\/#\/schema\/logo\/image\/\"}},{\"@type\":\"Person\",\"@id\":\"https:\/\/dementsus.ee\/en\/#\/schema\/person\/dd93d64f20e6c5add626937f6b5931ed\",\"name\":\"Kermo\",\"image\":{\"@type\":\"ImageObject\",\"inLanguage\":\"en-US\",\"@id\":\"https:\/\/dementsus.ee\/en\/#\/schema\/person\/image\/\",\"url\":\"https:\/\/secure.gravatar.com\/avatar\/b2f0128e9063b66b5c6e595d8f4c39037d52f729089f1ad5afc34656e1d58a64?s=96&d=mm&r=g\",\"contentUrl\":\"https:\/\/secure.gravatar.com\/avatar\/b2f0128e9063b66b5c6e595d8f4c39037d52f729089f1ad5afc34656e1d58a64?s=96&d=mm&r=g\",\"caption\":\"Kermo\"},\"url\":\"https:\/\/dementsus.ee\/en\/author\/kermo\/\"}]}<\/script>\n<!-- \/ Yoast SEO plugin. -->","yoast_head_json":{"title":"Covid-19 kiirendab kognitiivsete v\u00f5imete langust - Dementsuse Kompetentsikeskus","robots":{"index":"index","follow":"follow","max-snippet":"max-snippet:-1","max-image-preview":"max-image-preview:large","max-video-preview":"max-video-preview:-1"},"canonical":"https:\/\/dementsus.ee\/en\/covid-19-kiirendab-kognitiivsete-voimete-langust\/","og_locale":"en_US","og_type":"article","og_title":"Covid-19 kiirendab kognitiivsete v\u00f5imete langust - Dementsuse Kompetentsikeskus","og_description":"Mai l\u00f5pus tutvustas \u00fclemaailmne dementsuss\u00fcndroomiga inimeste ja nende l\u00e4hedaste huve esindav organisatsioon Alzheimer\u00b4s Disease International aruannet \u201ePlaneerimisest m\u00f5jude avaldumiseni\u201c( From Plan to Impact). Neljas samateemaline aruanne anal\u00fc\u00fcsib Maailma Terviseorganisatsiooni (edaspidi WHO) poolt eesm\u00e4rgistatud dementsuse tegevusplaani 2017-2025 t\u00e4itmise hetkeseisu ning toob v\u00e4lja Covid-19 pandeemia m\u00f5ju dementsusele. WHO maailma tegevusplaani kohaselt peab aastaks 2025 olema 146-s riigis [&hellip;]","og_url":"https:\/\/dementsus.ee\/en\/covid-19-kiirendab-kognitiivsete-voimete-langust\/","og_site_name":"Dementsuse Kompetentsikeskus","article_published_time":"2021-06-29T12:21:55+00:00","author":"Kermo","twitter_card":"summary_large_image","twitter_misc":{"Written by":"Kermo","Est. reading time":"3 minutes"},"schema":{"@context":"https:\/\/schema.org","@graph":[{"@type":"Article","@id":"https:\/\/dementsus.ee\/en\/covid-19-kiirendab-kognitiivsete-voimete-langust\/#article","isPartOf":{"@id":"https:\/\/dementsus.ee\/en\/covid-19-kiirendab-kognitiivsete-voimete-langust\/"},"author":{"name":"Kermo","@id":"https:\/\/dementsus.ee\/en\/#\/schema\/person\/dd93d64f20e6c5add626937f6b5931ed"},"headline":"Covid-19 kiirendab kognitiivsete v\u00f5imete langust","datePublished":"2021-06-29T12:21:55+00:00","mainEntityOfPage":{"@id":"https:\/\/dementsus.ee\/en\/covid-19-kiirendab-kognitiivsete-voimete-langust\/"},"wordCount":536,"commentCount":0,"publisher":{"@id":"https:\/\/dementsus.ee\/en\/#organization"},"articleSection":["M\u00e4\u00e4ratlemata"],"inLanguage":"en-US"},{"@type":"WebPage","@id":"https:\/\/dementsus.ee\/en\/covid-19-kiirendab-kognitiivsete-voimete-langust\/","url":"https:\/\/dementsus.ee\/en\/covid-19-kiirendab-kognitiivsete-voimete-langust\/","name":"Covid-19 kiirendab kognitiivsete v\u00f5imete langust - Dementsuse Kompetentsikeskus","isPartOf":{"@id":"https:\/\/dementsus.ee\/en\/#website"},"datePublished":"2021-06-29T12:21:55+00:00","breadcrumb":{"@id":"https:\/\/dementsus.ee\/en\/covid-19-kiirendab-kognitiivsete-voimete-langust\/#breadcrumb"},"inLanguage":"en-US","potentialAction":[{"@type":"ReadAction","target":["https:\/\/dementsus.ee\/en\/covid-19-kiirendab-kognitiivsete-voimete-langust\/"]}]},{"@type":"BreadcrumbList","@id":"https:\/\/dementsus.ee\/en\/covid-19-kiirendab-kognitiivsete-voimete-langust\/#breadcrumb","itemListElement":[{"@type":"ListItem","position":1,"name":"Esileht","item":"https:\/\/dementsus.ee\/en\/"},{"@type":"ListItem","position":2,"name":"Covid-19 kiirendab kognitiivsete v\u00f5imete langust"}]},{"@type":"WebSite","@id":"https:\/\/dementsus.ee\/en\/#website","url":"https:\/\/dementsus.ee\/en\/","name":"Dementsuse Kompetentsikeskus","description":"dementsuse info ja abi","publisher":{"@id":"https:\/\/dementsus.ee\/en\/#organization"},"potentialAction":[{"@type":"SearchAction","target":{"@type":"EntryPoint","urlTemplate":"https:\/\/dementsus.ee\/en\/?s={search_term_string}"},"query-input":{"@type":"PropertyValueSpecification","valueRequired":true,"valueName":"search_term_string"}}],"inLanguage":"en-US"},{"@type":"Organization","@id":"https:\/\/dementsus.ee\/en\/#organization","name":"Dementsuse Kompetentsikeskus","url":"https:\/\/dementsus.ee\/en\/","logo":{"@type":"ImageObject","inLanguage":"en-US","@id":"https:\/\/dementsus.ee\/en\/#\/schema\/logo\/image\/","url":"https:\/\/dementsus.ee\/wp-content\/uploads\/2023\/07\/ED_logo_kodukale.svg","contentUrl":"https:\/\/dementsus.ee\/wp-content\/uploads\/2023\/07\/ED_logo_kodukale.svg","caption":"Dementsuse Kompetentsikeskus"},"image":{"@id":"https:\/\/dementsus.ee\/en\/#\/schema\/logo\/image\/"}},{"@type":"Person","@id":"https:\/\/dementsus.ee\/en\/#\/schema\/person\/dd93d64f20e6c5add626937f6b5931ed","name":"Kermo","image":{"@type":"ImageObject","inLanguage":"en-US","@id":"https:\/\/dementsus.ee\/en\/#\/schema\/person\/image\/","url":"https:\/\/secure.gravatar.com\/avatar\/b2f0128e9063b66b5c6e595d8f4c39037d52f729089f1ad5afc34656e1d58a64?s=96&d=mm&r=g","contentUrl":"https:\/\/secure.gravatar.com\/avatar\/b2f0128e9063b66b5c6e595d8f4c39037d52f729089f1ad5afc34656e1d58a64?s=96&d=mm&r=g","caption":"Kermo"},"url":"https:\/\/dementsus.ee\/en\/author\/kermo\/"}]}},"_links":{"self":[{"href":"https:\/\/dementsus.ee\/en\/wp-json\/wp\/v2\/posts\/3789","targetHints":{"allow":["GET"]}}],"collection":[{"href":"https:\/\/dementsus.ee\/en\/wp-json\/wp\/v2\/posts"}],"about":[{"href":"https:\/\/dementsus.ee\/en\/wp-json\/wp\/v2\/types\/post"}],"author":[{"embeddable":true,"href":"https:\/\/dementsus.ee\/en\/wp-json\/wp\/v2\/users\/2"}],"replies":[{"embeddable":true,"href":"https:\/\/dementsus.ee\/en\/wp-json\/wp\/v2\/comments?post=3789"}],"version-history":[{"count":0,"href":"https:\/\/dementsus.ee\/en\/wp-json\/wp\/v2\/posts\/3789\/revisions"}],"wp:attachment":[{"href":"https:\/\/dementsus.ee\/en\/wp-json\/wp\/v2\/media?parent=3789"}],"wp:term":[{"taxonomy":"category","embeddable":true,"href":"https:\/\/dementsus.ee\/en\/wp-json\/wp\/v2\/categories?post=3789"},{"taxonomy":"post_tag","embeddable":true,"href":"https:\/\/dementsus.ee\/en\/wp-json\/wp\/v2\/tags?post=3789"},{"taxonomy":"autor","embeddable":true,"href":"https:\/\/dementsus.ee\/en\/wp-json\/wp\/v2\/autor?post=3789"}],"curies":[{"name":"wp","href":"https:\/\/api.w.org\/{rel}","templated":true}]}}