{"id":3801,"date":"2021-07-05T12:10:43","date_gmt":"2021-07-05T12:10:43","guid":{"rendered":"https:\/\/eludementsusega.ee\/?p=3801"},"modified":"2021-07-05T12:10:43","modified_gmt":"2021-07-05T12:10:43","slug":"paevahoiu-lugu-siit-nurgast-ja-sealt-nurgast-keskporandale-kokku","status":"publish","type":"post","link":"https:\/\/dementsus.ee\/en\/paevahoiu-lugu-siit-nurgast-ja-sealt-nurgast-keskporandale-kokku\/","title":{"rendered":"P\u00e4evahoiu lugu: Siit nurgast ja sealt nurgast, keskp\u00f5randale kokku!"},"content":{"rendered":"<h2><\/h2>\n<p>Alustuseks hakkab trepilt kostma sagivaid samme ja jutuvada. P\u00e4evahoiu prouad on saabunud sotsiaaltranspordiga majja, l\u00e4binud alumise korruse koridori ja asunud oma teekonnale trepist \u00fcles. Tavaliselt on t\u00f6\u00f6tajad Ada, Heli ja Vilja neid abistamas. T\u00e4na Viljat ei ole, tema on koduk\u00fclastustel. Kui prouasid on palju, on nad r\u00f5\u00f5muga ise ka \u00fcksteisele toeks, Friidal on liikumisega h\u00e4sti ja tema hoiab siis tavaliselt Valvet k\u00e4e alt ning aitab loendada trepiastmeid, mis on juba l\u00e4bitud. Valvel on nii kindlam tunne. Vahest viskavad t\u00f6\u00f6tajad nalja &#8211; Friida on nii palju abiks, et talle tuleks ka hakata palka maksma. Friida muheleb siis tavaliselt ja n\u00f5ustub, et v\u00f5iks k\u00fcll.<\/p>\n<p>Trepist tulekul hakkab Alma julgustuseks laulma: \u201eMina olen Juhan ja sina oled Jaan k\u00f5ik v\u00e4ravapostid ma pikali aan!\u201c \u00dcles teisele korrusele j\u00f5udes on juba \u00fcsna v\u00f5idukas tunne ning lauluks k\u00f5lab \u201eMa l\u00f5bus \u00f5llepruulija, h\u00f5issa ja h\u00f5issa!\u201c Almaga liitub ka \u00fcles j\u00f5udnud Loore.<\/p>\n<p>Kes jaksab, see tuleb trepist, et ennast vormis hoida. Kes on ratastoolis, rulaatoriga v\u00f5i lihtsalt ei jaksa, selle toob lift \u00fcles. Enne teise korruse avarasse tegevustuppa suundumist minnakse l\u00e4bi k\u00f5rvaltoast, kus on muuhulgas riidehoid \u2013 sinna j\u00e4\u00e4vad \u00fcleriided ja v\u00e4lisjalatsid. Kes vajab, saab n\u00fc\u00fcd tualetti kasutada, et oleks hea rahulik edasi toimetada.<\/p>\n<p>P\u00e4evahoiu tegevustuba on avar, suurte akende ning heledate seintega ruum ja seet\u00f5ttu v\u00e4ga valgusrohke. Akende \u00e4\u00e4res on lopsakad taimed pottides nii p\u00f5randal kui aknalaual: draakonipuud, t\u00e4\u00e4kliilia, kohev tups-rohtliilia kapi serval ning muud kenad rohelised taimeisendid \u2013 nad annavad ruumile koduse tunde. Hubasuse loomisel liituvad nendega koduse olemisega diivanid oma tikitud ja heegeldatud kaunistustes diivanipatjadega ning heegeldatud linikud laudadel ja kapiriiulites. Diivanil ja aknalaual on m\u00f5ned pehmed kaisuloomad, kelle eest hoolitseb Valve, neid s\u00fcles hoides ning paitades. P\u00e4evahoiu t\u00f6\u00f6taja Vilja ei pea paljuks suviti t\u00f6\u00f6le tulles oma lillerohkest aiast kaasa haarata v\u00e4rskeid \u00f5isi ning nii on siin suvel ka v\u00e4rviline lilleilu ja lillel\u00f5hn toas. Vilja on ise ka lahkete silmade ja p\u00e4ikselise olemisega ja annab seda endast tulevat helget tunnet edasi just seal kus parasjagu viibib.<\/p>\n<p>Tuba ise on jaotatud kaheks tegevusruumiks \u2013 \u00fchel pool on tugitoolid ja telekas, mida kasutatakse p\u00e4rastl\u00f5unase puhkepausi ajal &#8211; siis on m\u00f5nus poollamavas asendis pikutada ja leiba luusse lasta. Kes tahab, lebab niisama ja m\u00f5tleb omi m\u00f5tteid, kes tahab ja saab, loeb raamatut v\u00f5i sirvib ajakirja. M\u00f5nikord kuulatakse koos muusikat v\u00f5i vaadatakse m\u00f5nd telesaadet. Neile, kes p\u00e4riselt magada soovivad, on k\u00f5rvaltoas voodid. Enamus eelistab oma v\u00e4ikese tukastamise \u00e4ra teha siiski tugitoolis.<\/p>\n<p>K\u00f5rvaltoas on samuti kohvilaud ja diivanid ning kui keegi soovib omaette olla, siis seal on selleks hea v\u00f5imalus. See on hea koht ka hingehoiuks, mida on spetsiaalselt \u00f5ppinud ja h\u00e4sti oskab Ada. Sellise t\u00f6\u00f6 jaoks peab olema hea kuulaja ning Ada ongi just selline hea ja v\u00e4ga rahulik kuulaja. Ta oskab vaadata s\u00fcgavale silma ja aru saada, et k\u00f5ik pole p\u00e4riselt korras ning inimene vajaks oma murede kergendamist.<\/p>\n<p>Toa teine, suurem pool, on sisustatud elutoana. See on kasutusel ennel\u00f5unal ja ka peale p\u00e4rastl\u00f5unast pausi kui keha on saanud oma puhkuse. Keset seda ruumi on kohvilaud, mille \u00fcmber on diivanid. Just siin k\u00e4ib igahommikune kohvi ja tee joomine ning ajalehtede ettelugemine ja muidugi kommenteerimine.<\/p>\n<p>Kui k\u00f5ik on kohal ning ennast mugavasti kohvilaua \u00fcmber diivanitele istuma s\u00e4ttinud, on just hea aeg arutada kuidas kellegi n\u00e4dalavahetus l\u00e4ks, mida tehti ja kuidas keegi ennast tunneb. Sel n\u00e4dalavahetusel oli \u00fclest\u00f5usmisp\u00fcha ning sellega seoses \u00fcks lisapuhkep\u00e4ev. Prouad on t\u00e4na n\u00e4htavalt energilisemad kui tavaliselt. Kas selles on oma roll kevadp\u00e4ikesel v\u00f5i pikemal n\u00e4dalavahetusel, kes seda teab. Juttu ja laulu on igatahes palju.<\/p>\n<p>Iga etteloetava ajaleheartikli juures on k\u00f5igil \u00f5igus avaldada arvamust, oma m\u00f5tteid ja ka m\u00e4lestusi, mis looga seonduvad. Ette loetakse nii kohalikku lehte kui paari suuremat \u00fcleriigilist v\u00e4ljaannet, m\u00f5nikord ka ajakirju. Lugemise k\u00f5rvale naudib iga soovija teed v\u00f5i kohvi ja v\u00e4ikese suupiste. Kohvi on siin esmaklassiline nagu parimas kohvisalongis \u2013 soovijatele cappucino, latte v\u00f5i ka tavaline must kohv, alati v\u00e4rskelt jahvatatud ubadest. See on meie kohalik v\u00e4ike luksus ja \u00fcks proua tunnistas kord, et tema just selle kohvi p\u00e4rast siin k\u00e4ima hakkaski.<\/p>\n<p>\u00dckski istumine ei l\u00e4he ilma lauluta kui Alma kohal on. Alma on aastate raskuse all \u00fcsna k\u00fc\u00fcru vajunud ning k\u00e4ies ennast enam p\u00e4ris sirgeks ei saagi. Sellest, kas tal niimoodi valus olla on v\u00f5i mis muud mured teda vaevavad, ta ei k\u00f5nele, k\u00fcll aga on tema suul alati l\u00f5busad rahvatarkused, \u00fcldrahvalikud laulud ja palju vahvaid tuntud lorilaule. Tal on iga asja kohta midagi \u00f6elda. Kui Heli haarab harja, et p\u00f5randale pudisenud k\u00fcpsisepuru kokku l\u00fckata, tuleb Almalt kohe harja teemaline lauluke v\u00f5i rahvatarkus ning kui Ada paneb toas tule p\u00f5lema, et valgem oleks, on Almal midagi laulda pimeduse kohta nt kuidas teki all on pime. Alma lapsep\u00f5lv ja noorus j\u00e4\u00e4vad ajastusse kus naised kandsid seelikuid ja kleite ning kuna Alma pole n\u00f5us moodsa aja k\u00f5igi veidrustega kaasa minema, on ta alati kohal toreda pika vana aja seelikuga. Ta l\u00fckkab k\u00e4ega oma ikka veel \u00fcsna kohevad, kuid juba ammu hallid lokid n\u00e4o eest k\u00f5rvale ja v\u00f5tab entusiastlikult j\u00e4rgmise laulu \u00fcles. Temaga liitub Loore. Loore on k\u00fcll vaiksem, kuid laulu kuuldes l\u00e4heb temalgi kuraas sisse ja laulu l\u00f5ppu h\u00fc\u00fcatab ta reipalt: \u201eT\u0161a-t\u0161a-t\u0161a!\u201c Tema keskelt \u00fcle pea kammitud h\u00f5bedasi juukseid hoiab paigal peenepiiline vanaaegne kumer kamm. Selliseid poes ilmselt kahjuks enam ei m\u00fc\u00fcda. Proua ise on samuti n\u00e4inud igasugust elu ja aegu, kuid viimastest aastak\u00fcmnetest ta enam palju ei m\u00e4leta. Noorusm\u00e4lestused seevastu on selged ja klaarid.<\/p>\n<p>Kohvilaua algusteemaks on t\u00e4na muidugi p\u00fchad \u2013 kellele siis mis, kas \u00fclest\u00f5usmisp\u00fchad, lihav\u00f5tted v\u00f5i munadep\u00fchad. P\u00fchadest inspireeritult tuleb l\u00f5busaid ettepanekuid Eesti Vabariigile \u2013 \u00fclest\u00f5usmisp\u00fchade teine p\u00fcha v\u00f5iks ka vaba p\u00e4ev olla, \u00fcldse v\u00f5iks p\u00fchadega seoses vabu p\u00e4evi rohkem olla ja t\u00f6\u00f6n\u00e4dal v\u00f5iks olla neli p\u00e4eva pikk. Ikka rohkem puhkust ja r\u00f5\u00f5msaid asju ellu!<\/p>\n<p>T\u00f6\u00f6tajate jaoks on prouad nagu oma pere. Kliente pole palju ning k\u00f5igiga on v\u00e4ga personaalne suhtlus ja side. Iga\u00fchele elatakse kaasa tema tervisemuredes ja eluk\u00e4igus ning kui keegi l\u00e4heb teenuselt \u00e4ra nt hooldekodusse, siis on see ka t\u00f6\u00f6tajatele suur \u00fcleelamine. Pikalt on siis selle inimese j\u00e4rgi igatsus ja tunne, et tema on puudu seltskonnast. T\u00e4na on puudu Valve, kes sai eelmisel n\u00e4dalal vaktsiinis\u00fcsti ja veel toibub kodus sellest. Almal on juba m\u00f5lemad s\u00fcstid k\u00e4es, Loore ka. Friida veel l\u00e4heb teist saama aprillis.<\/p>\n<p>\u201eEsimene s\u00fcst ei olnud valus, seda ei tundnudki,\u201c \u00fctleb Alma, \u201eteist ikka tundsin, k\u00e4si oli valus\u201c. \u00a0\u201eKas oli imelik tunne k\u00e4es?\u201c k\u00fcsib Heli. Alma vastab krutskiliselt \u201eei, Kuslap ei olnud, oli Imelik,\u201c ja itsitab. Edasi loetleb Alma oma elutarkuse varasalvest rahvameditsiini vahendeid, mis abistaks valu ja haiguste puhul, siis vahetab teemat: \u201evanasti olid mul head ilusad lokkis juuksed, m\u00fc\u00fcsin teatri jaoks kaks parukajagu juukseid. Mul n\u00fc\u00fcd \u00e4bi r\u00e4\u00e4kidagi sellest. N\u00fc\u00fcd seal kaks naist k\u00e4ivad \u00fchesuguse parukaga. Kasvatasin kaks aastat &#8211; j\u00e4lle parukas valmis ja viidi minema. Lokiraha sai k\u00f5ik kommirahaks.\u201c<\/p>\n<p>Ada uurib, kas k\u00f5igil on mugav olla, \u201eLoore, kas sa kohvi tahad?\u201c<\/p>\n<p>Loore praegu ei taha. Alma v\u00f5tab j\u00e4lle laulu \u00fcles: \u201esiit nurgast ja sealt nurgast, keskp\u00f5randale kokku!\u201c.<\/p>\n<p>\u201eLeili sai eile 90! Plaan oli minna teda \u00f5nnitlema, kuidas teeme, kas l\u00e4hme t\u00e4na?\u201c k\u00fcsib Heli Adalt.<\/p>\n<p>Koroona on p\u00e4evahoiu elu segi p\u00f6\u00f6ranud, \u00f5igem oleks isegi \u00f6elda, et suure osa sellest elust \u00e4ra v\u00f5tnud. Enne koroonat peeti siin prouade s\u00fcnnip\u00e4evi ja juubeleid k\u00f5igiga koos. Oli l\u00f5bus, oli pidulik, oli seltskondlik. Praegu toimub k\u00f5ik vaikselt. Proua Leili ei k\u00e4i p\u00e4evahoius piirangute ajal kohal, tema juures k\u00e4ivad t\u00f6\u00f6tajad teda vajadusel abistamas ning temaga suhtlemas. T\u00e4na minnaksegi \u00f5htupoole kahekesi teda akna taha \u00f5nnitlema. Koroona v\u00f5i mitte, aga \u00e4ra ei unustata kedagi ja k\u00f5ik s\u00fcndmused saavad meeles peetud ning lilled ja \u00f5nnesoovid \u00fcle antud.<\/p>\n<p>Heli loeb lehest ette \u201e381 haigestunut ja L\u00e4\u00e4nemaal 11\u201c. Ilma koroona uudisteta ei m\u00f6\u00f6du ju p\u00e4evagi ning see on pidevalt ajalehtede esiuudis. P\u00e4evahoius on koroona osas praegu \u00f5nneks l\u00e4inud \u2013 keegi meie prouadest ega t\u00f6\u00f6tajatest pole pidanud oma elu ega tervist loovutama sellele kurjale haigusele.<\/p>\n<p>Kuna on vaja olla ettevaatlik ja kohalolijaid hajutada, siis piirangute ajal k\u00e4iakse p\u00e4evahoius kordam\u00f6\u00f6da \u2013 \u00fched kliendid on \u00fcks p\u00e4ev ja teised teine p\u00e4ev. M\u00f5ned, kes kodus paremini hakkama saavad, ei tulegi. Nende juures k\u00e4iakse kodus v\u00f5i jalutatakse nendega v\u00e4ljas. Ka t\u00f6\u00f6tajad on \u00e4ra jagatud \u2013 kes on kohapeal p\u00e4evahoius ja kes teeb n\u00f6 koduk\u00fclastusi. T\u00e4na on koduk\u00fclastustel Vilja.<\/p>\n<p>Kell on juba sealmaal, et Friida l\u00e4heb trena\u017e\u00f6\u00f6rile v\u00e4ntama. \u201eKas k\u00e4id Taeblas \u00e4ra rattaga?\u201c uurib Ada l\u00f5busalt. \u201eTule ikka tagasi siis\u201c. \u201eJa-jah,\u201c vastab Friida ja asub v\u00e4ntama.<\/p>\n<p>Kohalikus lehes on lugu peat\u00e4naval paiknevast suurest lagunenud villast, mis l\u00e4heb taastamisele. Arutletakse, kas prouad m\u00e4letavad seda maja ja kus see t\u00e4psemalt asub. Mitmete pakkumiste peale saab asukoht k\u00f5igile selgeks. Almale meenub veel, et \u00fcks l\u00f5bus k\u00f5rts oli enne keset Haapsalu linna, aga siis pandi sinna lasteaed. \u201eJah, nii see elu k\u00e4ib, aga Haapsalus on tore olla ning elada,\u201c nendib ta l\u00f5puks.<\/p>\n<p>Peale kohvi joomist on aeg tegudeks. P\u00e4evakavas on k\u00e4elised tegevused ja m\u00e4luharjutused.<\/p>\n<p>Kogunetakse kohvilaua k\u00f5rval oleva suure laua taha, kus saab teha k\u00e4sit\u00f6\u00f6d, panna puslesid, teha s\u00f5nam\u00e4nge ja numbrim\u00e4nge ning meisterdada mida parasjagu on tuju teha. Igal proual on omad eelistused ja lemmiktegevused, mida nad teha valivad. \u00d5htupoole on siinsamas laua taga meeleolukamad ja suuremat \u00f5hinat esile kutsuvad tegevused nt kaardim\u00e4ng. \u00dcks tavalisemaid on Must notsu. Tihti saab siis nalja ja aeg ajalt teeb keegi ikka sohki ka.<\/p>\n<p>K\u00e4sit\u00f6\u00f6 tegevuste osas saame olla muretud &#8211; pole vist asju, mida Heli ei oskaks meisterdada. Tema osavad k\u00e4ed ja t\u00e4helepanelik meel koguvad infot k\u00f5ikjalt kus ta on ning ta suudab teha ka k\u00f5ige n\u00f5udlikuma soovijaga koos kauni k\u00e4sit\u00f6\u00f6eseme. T\u00e4na on ta kaasa v\u00f5tnud p\u00f5nevaid materjale munade kaunistamiseks. See tegevus on plaanis p\u00e4rastl\u00f5unal. Heli juhendab sotsiaalmajas ka k\u00e4sit\u00f6\u00f6ringi. Ta on kiire ja tegus, r\u00f5\u00f5msa ning energilise meelelaadiga hea ja hoolitsev kaaslane. Hetkel teeb ta juba \u00fclehomseks plaane ning uurib, mida keegi men\u00fc\u00fcst tellida soovib. J\u00e4rgmiste p\u00e4evade toidud peab k\u00f6\u00f6gist ette tellima, sest kohvik on juba m\u00f5nda aega piirangutega seoses suletud. J\u00e4\u00e4b siis kalasupp v\u00f5i keeduliha?<\/p>\n<p>Friida on tulnud laua \u00e4\u00e4rde ning kohendab oma helehalli heelgeldatud kampsunit. Need tema k\u00e4sit\u00f6\u00f6na valminud kampsunid on alati laitmatult heas korras ja ilusate mustritega. P\u00fcksid on alati viigitud ja \u00fchegi kortsukeseta. H\u00f5behallid juuksed on kenasti s\u00e4titud. Friida on lahke ja tagasihoidlikuma loomuga. S\u00f5na v\u00f5tab ta harvemini ja pigem ikka siis kui on midagi \u00f6elda. Friida m\u00e4lu on v\u00e4ga hea ning kui tulevad jutuks Haapsalu inimesed ja kohad, siis teab ta omaltpoolt lisada. Ka liikumise ja kodus toimetamisega ei ole tal veel erilisi muresid, kuigi \u00fcksi poodi minna tundub kauge. Friidat vaevab kodus pigem suur \u00fcksindus, mis teeb meele kurvaks \u00a0ja nii k\u00e4ibki ta p\u00e4evahoius, et olla inimeste keskel ning leida tegevust. Ta on abivalmis ja v\u00e4ga kannatlik ka nende kaaslastega, kes iga m\u00f5ne minuti tagant k\u00fcsivad uuesti sama k\u00fcsimuse.<\/p>\n<p>Friidale meeldib mandalaid v\u00e4rvida ja selle t\u00f6\u00f6 ta t\u00e4na ette v\u00f5tabki. N\u00e4itab oma eelmisi t\u00f6id, mis on maitsekalt sobitatud v\u00e4rvidega nii, et tunduvad helged ja lausa ruumilised. Nii ilusad, et raami v\u00f5i \u00e4ra ja pane seinale.<\/p>\n<p>Lisaks mandalatele on veel palju tegevusi, millega ennast vormis hoida. N\u00e4iteks l\u00f5nga kerimine, kudumine, s\u00f5nam\u00e4ngud v\u00f5i ka numbrite kokkuajamine \u2013 nende vahele jooni t\u00f5mmates pildi joonistamine ja muu selline.<\/p>\n<p>Loorele meeldivad pusled ning kui ta k\u00f5rvalt m\u00e4rkab kedagi neid valesti kokku panemas, sekkub kohe ja korrigeerib. Seekord saab Loore esimese tegevusena numbrite m\u00e4ngu. Veidi aja p\u00e4rast uurib Ada, kuidas Loorel l\u00e4heb. Loore kurdab, et kaks on, aga kolme ei ole. Heli m\u00e4rkab k\u00f5rvalt \u201eKolm on seal, vaata!\u201c<\/p>\n<p>Ada k\u00fcsib, kuidas Almal n\u00e4ppudega on, kas s\u00fcgelevad ka. Alma n\u00f5ustub, et v\u00f5ib kududa k\u00fcll ning j\u00e4tkab pooleliolevat pikka salli.<\/p>\n<p>Tegevustoas on suur valge magnettahvel kuhu m\u00e4rgitakse t\u00e4nased kohalolijad ja kuup\u00e4ev.<\/p>\n<p>Ada laseb Friidal nimetada kohalolijad ning paneb nende nimedega sildikesed valgele tahvlile.<\/p>\n<p>\u201eAlma, mis aasta on?\u201c k\u00fcsib Heli.<\/p>\n<p>Alma vastab osavalt \u201e1932 olen s\u00fcndinud\u201c.<\/p>\n<p>Heli ei j\u00e4ta \u201eaga mis aasta praegu on?\u201c<\/p>\n<p>Alma natuke nuputab ja annab alla \u201ema kohe ei \u00fctlegi, ei tule meelde.\u201c<\/p>\n<p>Meenutatakse koos, siis Alma n\u00f5ustub, et v\u00f5ib olla 2021 k\u00fcll. Kes selles vanuses nende aastate \u00fcle ikka arvet pidada j\u00f5uab.<\/p>\n<p>Loore on saanud numbrite panemise peaaegu valmis. Igaks juhuks loetakse koos Heliga algusest peale numbrid \u00fcle &#8211; kas k\u00f5ik on olemas ja midagi vahele ei j\u00e4\u00e4nud. K\u00f5ik 21 numbrit on olemas.<\/p>\n<p>Kui on valmis saadud, tuleb pusle. Seda paneb Loore koos Adaga. Loore sobitab Ada antud puslet\u00fckid just neile m\u00f5eldud kohta. Koha leidmisega on tegemist ja pusimist ja k\u00fcll on hea tunne kui sobib. Seekord pannakse lennukite ja kopteritega pilti.<\/p>\n<p>Vahepeal p\u00f6\u00f6rduvad k\u00f5igi pilgud \u00f5ue, kus on t\u00e4na vihmane ja isegi tormine ilm. Suured k\u00fclmad vihmapiisad tulevad h\u00e4\u00e4lekalt vastu akent. M\u00f6\u00f6dunud n\u00e4dalavahetuse heledast p\u00e4ikesest pole midagi j\u00e4rel. Sellise ilmaga \u00f5ue minekut k\u00fcll ei ole. Ilusa ilma jaoks on maja sisehoovis seljatoega pingid ja laud. Liigse p\u00e4ikese varjab \u00e4ra suur kaheharuline kask, mis annab just parasjagu varju ja kaitset ka suvise kuumuse eest. Kes jaksab, nendega tehakse tavaliselt ka m\u00f5\u00f5dukas jalutusk\u00e4ik pealel\u00f5unal. Ja siis j\u00e4rgnebki puhkeaeg. Sellise vihmaga nagu t\u00e4na seda muidugi teha ei saa.<\/p>\n<p>Uutele tulijatele on p\u00e4evad alguses v\u00e4ga v\u00e4sitavad ja kohe viis p\u00e4eva j\u00e4rjest ei jaksagi siin olla. Esialgu harjutatakse pooliku p\u00e4eva kaupa ning vaid m\u00f5ne p\u00e4eva n\u00e4dalas. Kui r\u00fctm sisse saab ja harjub igap\u00e4evaselt k\u00e4ima, siis on p\u00e4evad just parasjagu nii v\u00e4sitavad et \u00f5htul tuleb hea uni ning p\u00e4eval hea isu. Reede \u00f5htuks on prouad tavaliselt v\u00e4ga v\u00e4sinud, alates p\u00e4rastl\u00f5unast oodatakse kojusaamist juba v\u00e4ga ning n\u00e4dalavahetus kulubki puhkamisele, et esmasp\u00e4eval j\u00e4lle uue energiaga tulla. Kui koroonat veel ei olnud, k\u00e4idi reede p\u00e4rastl\u00f5unati v\u00e4ljas\u00f5itudel \u2013 Promenaadil v\u00f5i muus ilusas kohas jalutamas, muuseumites. S\u00e4titi, et jalutamine oleks kohtades, kus on ka pinke istumiseks ja puhkamiseks. N\u00e4dala sees k\u00fclastati v\u00f5imalusel ka p\u00e4evasel ajal toimuvaid etendusi ja kinoseansse. Need on n\u00fc\u00fcd nagu kauged m\u00e4lestused &#8211; viimaseks kinoks j\u00e4i eelmise aasta alguses linastunud Sipsik. Sipsik t\u00f5i tookord m\u00f5nelegi meelde oma laste kasvatamise ja nooruse ajad.<\/p>\n<p>Kell on pool kaksteist. L\u00f5unas\u00f6\u00f6gini on veel terve tund aega. Kes n\u00fc\u00fcd \u00e4ra v\u00e4sib, l\u00e4heb m\u00f5neks ajaks tugitooli puhkama. \u00dcks tugitoolidest on massaa\u017eiaparaadiga. Seal k\u00e4ivad soovijad kordam\u00f6\u00f6da m\u00f5nulemas. T\u00f6\u00f6tajad oskavad ka ise massaa\u017ei ning teevad klientidele nii n\u00e4o kui k\u00e4temassaa\u017ei.<\/p>\n<p>P\u00e4evahoiu aknad avanevad sisehoovi, kus \u00fcsna akende l\u00e4hedal laiub mitmeharuline kask oma suure v\u00f5raga. Kase okstel tegutseb hulk v\u00e4ikeseid linde, kelle jaoks talvisel perioodil on akna taha pandud linnumaja. Seal toiduga toimetavaid tegelasi on tore j\u00e4lgida. Varblased, tihased, leevikesed, vahest on siia eksinud isegi r\u00e4hn. V\u00e4ikesed vilkad sulelised toovad v\u00e4rskendust talve sombustesse p\u00e4evadesse. Suvel on lindude asjaajamisi ning nende h\u00e4\u00e4litsemist mugav vaadata ja kuulata juba \u00f5ues, kase alla paigutatud seljatoega pinkidel istudes. Soojade ilmadega minnakse p\u00e4rastl\u00f5unati, aga vahest ka juba ennel\u00f5unal prouadega alla sisehoovi. Ka sinna saab ajalehed ja kohvi kaasa v\u00f5tta.<\/p>\n<p>L\u00f5unas\u00f6\u00f6k tuuakse \u00fcles p\u00e4evahoiutuppa. Varem k\u00e4idi all kohvikus, kuid n\u00fc\u00fcd tuleb v\u00e4ltida kontakte teiste majas liikuvate inimestega ja turvalisem on s\u00fc\u00fca siinsamas.<img fetchpriority=\"high\" decoding=\"async\" class=\"alignright size-medium wp-image-3807\" src=\"https:\/\/eludementsusega.ee\/app\/uploads\/2021\/07\/Munade-varvimine-300x169.jpg\" alt=\"\" width=\"300\" height=\"169\" srcset=\"https:\/\/dementsus.ee\/wp-content\/uploads\/2021\/07\/Munade-varvimine-300x169.jpg 300w, https:\/\/dementsus.ee\/wp-content\/uploads\/2021\/07\/Munade-varvimine-600x338.jpg 600w, https:\/\/dementsus.ee\/wp-content\/uploads\/2021\/07\/Munade-varvimine.jpg 768w\" sizes=\"(max-width: 300px) 100vw, 300px\" \/><\/p>\n<p>L\u00f5unas\u00f6\u00f6k s\u00f6\u00f6dud, l\u00e4heb teema j\u00e4rgmisele planeeritud tegevusele ehk kuidas mune v\u00e4rvida. Arvatakse, et tangu v\u00f5iks panna, mustikaid.<\/p>\n<p>Heli laob kotist munade v\u00e4rvimiseks vajalikke asju lauale ja uurib \u201ekuidas oli, kas koksisite nooruses ka v\u00e4rvilisi mune?\u201c<\/p>\n<p>Friida meenutab \u201ejah, koksisime k\u00fcll mune. Olid v\u00e4rvilised.\u201c<\/p>\n<p>Heli uurib edasi: \u201ekes siis v\u00f5itis?\u201c<\/p>\n<p>Loore vastab \u201esee ikka, kellel k\u00f5ige k\u00f5vemad munad olid\u201c.<\/p>\n<p>Heli on v\u00f5tnud munade kaunistamiseks \u00fcksjagu vahendeid kaasa: peterselli, rosmariini, kohviube, tangu, valge ja punase sibula koori ning marju. Oi, mustikate asemel on kotti pugenud hoopis musts\u00f5strad! T\u00f6\u00f6 k\u00e4igus selgub, et mustikaid oli ikka ka hulgas, millest saab ilusat sinist v\u00e4rvi munadele.<\/p>\n<p>Alma m\u00e4ssib taimelehekesi muna \u00fcmber, neile omakorda ajalehepaberi \u00fcmber ja siis paelaga kinni. Friida liitub ja asub usinalt oma muna m\u00e4ssima. Tema paneb sibulat, kohvioad ja peterselli &#8211; peaks saama kaunis ja v\u00e4rviline muna k\u00fcll. \u00d5hin on k\u00f5igil sees ja isegi laulmiseks pole mahti. Kas sai n\u00fc\u00fcd piisavalt erinevaid aineid kokku seotud muna \u00fcmber? Tahaks juba n\u00e4ha, kuidas need v\u00e4lja n\u00e4evad.<\/p>\n<p>Alma uurib, kas l\u00f5nga on ka, millega v\u00f5iks v\u00e4rvi anda. Heli arvab, et ei tea, aga v\u00f5iks proovida &#8211; \u00fcks punane l\u00f5ng on just seda n\u00e4gu, et v\u00f5iks v\u00e4rvi anda. Siis uurib ta, kas Friida pani punased marjad juba \u00e4ra. Jah, need on pandud.<\/p>\n<p>\u201eEelmine kord v\u00e4rvisin tatraga,\u201c \u00fctleb Heli ning r\u00e4\u00e4gib, et need olla andnud p\u00f5neva efekti \u2013 kolmnurksed laigud kohati. N\u00fc\u00fcd tahaks proovida tanguga, see peaks j\u00e4tma vahvad v\u00e4iksed triibud laikudesse.<\/p>\n<p>Ja hoia sa oma nahk kui sa mul v\u00e4rvi ei anna, \u00fctleb keegi kerides munale l\u00f5nga \u00fcmber.<\/p>\n<p>Ada tunnistab, et v\u00e4rvib esimest korda niimoodi sissem\u00e4ssimisega mune ning Friida n\u00f5ustub, et tema ka pani alati lihtsalt sibulakoored potti ja munad ka sinna. Ka Almal on sama kogemus ning olla v\u00e4ga ilusad j\u00e4\u00e4nud.<\/p>\n<p><img decoding=\"async\" class=\"alignleft size-medium wp-image-3806\" src=\"https:\/\/eludementsusega.ee\/app\/uploads\/2021\/07\/Enne-keetmist-300x169.jpg\" alt=\"\" width=\"300\" height=\"169\" srcset=\"https:\/\/dementsus.ee\/wp-content\/uploads\/2021\/07\/Enne-keetmist-300x169.jpg 300w, https:\/\/dementsus.ee\/wp-content\/uploads\/2021\/07\/Enne-keetmist-600x338.jpg 600w, https:\/\/dementsus.ee\/wp-content\/uploads\/2021\/07\/Enne-keetmist-768x432.jpg 768w, https:\/\/dementsus.ee\/wp-content\/uploads\/2021\/07\/Enne-keetmist.jpg 960w\" sizes=\"(max-width: 300px) 100vw, 300px\" \/>\u00dcks muna ongi veel j\u00e4\u00e4nud, k\u00f5ik \u00fclej\u00e4\u00e4nud on pakitud. \u201ePane siis ilusti k\u00f5ik keema,\u201c \u00fctleb Alma.<\/p>\n<p>Munad on l\u00e4inud potti, n\u00fc\u00fcd j\u00e4\u00e4b \u00fcle oodata. Laud kraamitakse materjalidest puhtaks ja Alma r\u00e4\u00e4gib, kuidas vanasti sai k\u00f5ik p\u00fchad \u00e4ra peetud, ka \u00fclest\u00f5usmisp\u00fchad. T\u00f6\u00f6d siis ei tehtud. Arutatakse, kas panna munad peale keetmist suurele klaaskandikule v\u00f5i kaussi. K\u00f5ik peavad v\u00e4lja paistma, siis ikkagi kandikule. J\u00e4relej\u00e4\u00e4nud mustikad ja musts\u00f5strad s\u00fc\u00fcakse \u00fchiselt \u00e4ra.<\/p>\n<p>J\u00e4rgneb laul: \u201ejuba linnukesed, v\u00e4ljas laulavad\u2026\u201c. Viimane salm ei taha h\u00e4sti meelde tulla. Sealt saab kevade teemal juttu edasi r\u00e4\u00e4kida. Ning l\u00e4heb j\u00e4lle suuremaks laulmiseks, Alma ees, Loore j\u00e4rel, vahepeal Ada lisab oma h\u00e4\u00e4le ka juurde. \u00dcks salm teise j\u00e4rel ja laul teise j\u00e4rel. Vanad rahvalaulud ja lorilaulud, mida lauldi rohkem m\u00f6\u00f6dunud sajandi keskpaiku ja teisel poolel.<\/p>\n<p>Heli masseerib vahepeal Alma selga.<\/p>\n<p>Kui m\u00f6\u00f6dunud aastal eriolukorra ajal p\u00e4evahoiu ruumid sotsiaalmajas suleti ja prouad mitmeks n\u00e4dalaks koju j\u00e4id, olid tulemused kurvad. Kuigi t\u00f6\u00f6tajad k\u00e4isid j\u00f5udum\u00f6\u00f6da iga\u00fche juures kodus v\u00f5i v\u00e4hemalt tegid pikemaid telefonik\u00f5nesid, oli kodus \u00fcksildane, tegevusi eriti polnud ning nii m\u00f5nigi istus terve p\u00e4eva lihtsalt akna all ja vaatas v\u00e4lja. Alati ei tulnud meelde s\u00f6\u00f6minegi. Siis oli p\u00e4rast eriolukorda t\u00fckk aega harjutamist, et uuesti liikuma saaks ja harjuks j\u00e4lle iga p\u00e4ev p\u00e4evahoius k\u00e4ima.<\/p>\n<p>Nii, munad on valmis saanud ja jahutatud. Pott pannakse keset lauda ja koos hakatakse mune lahti harutama. Seda on p\u00fcsti seistes isegi lihtsam teha. Liiga p\u00f5nev on, niismaa jutuajamiseks enam mahti pole. Keegi arvab, et taimed on v\u00e4he v\u00e4rvi andnud. Samas ollakse r\u00f5\u00f5msad, et kena hele v\u00e4rv.<\/p>\n<p>Puhastatud munad l\u00e4hevad kandikule. \u00dcks tuli keemise ajal natuke lahti, sellel on n\u00fc\u00fcd valge laik. L\u00f5ngaga v\u00e4rvitud muna lahti harutades k\u00f5lab pettumus &#8211; kui palju on l\u00f5nga \u00fcmber ja suts ka pole v\u00e4rvi tulnud!<\/p>\n<p>Munad saavadki otsa potist, k\u00f5ik harutatakse k\u00e4rmelt lahti ja kandik saab v\u00e4rvilisi mune t\u00e4is. N\u00e4e, tangutriibud on n\u00e4ha, aga kohvioa omad ei paista! Siin on pruunid t\u00e4pid, vaata! Nii v\u00e4he tumedaid, heledad on k\u00f5ik sibulakoortega tehtud! Heli paitab munad \u00f5lise k\u00e4ega \u00fcle ja saab l\u00e4ike ka juurde. N\u00fc\u00fcd j\u00e4rgneb munade imetlemine. \u201eLapsep\u00f5lves alati ootasime kui munad saaks v\u00e4rvitud ja siis koksisime,\u201c \u00fctleb keegi hella h\u00e4\u00e4lega.<\/p>\n<p><img decoding=\"async\" class=\"alignright size-medium wp-image-3809\" src=\"https:\/\/eludementsusega.ee\/app\/uploads\/2021\/07\/Prouad-Mune_koksimas-300x169.jpg\" alt=\"\" width=\"300\" height=\"169\" srcset=\"https:\/\/dementsus.ee\/wp-content\/uploads\/2021\/07\/Prouad-Mune_koksimas-300x169.jpg 300w, https:\/\/dementsus.ee\/wp-content\/uploads\/2021\/07\/Prouad-Mune_koksimas-600x338.jpg 600w, https:\/\/dementsus.ee\/wp-content\/uploads\/2021\/07\/Prouad-Mune_koksimas.jpg 768w\" sizes=\"(max-width: 300px) 100vw, 300px\" \/>L\u00f5puks l\u00e4hevad munad ikkagi klaaskaussi ja Ada otsib fotosessiooniks v\u00e4lja oma profikaamera. See kaamera on j\u00e4\u00e4dvustanud siin toredaid hetki ning ka palju v\u00e4ikseid sulelisi k\u00fclalisi akna taga. Ada k\u00e4e puudutusega teeb kaamera imet. Fotod p\u00fchademunadest on valmis veissbuukis jagamiseks ja ajalooarhiivis salvestamiseks.<\/p>\n<p>N\u00fc\u00fcd on prouad v\u00e4sinud, Alma tahab minna pikutama. Friida ja Loore tahavad minna natuke k\u00f5ndima v\u00f5imlemissaalis. J\u00e4rgneb vaikne tund lamamist tugitoolides. Tore, et nendel jalaosa ka t\u00f5sta saab, nii on ikka v\u00e4ga mugav.<\/p>\n<p>Viimane p\u00e4evakorrapunkt on teejoomine. Siin on juba tunda rahutust. Vilksamisi vaatavad prouad j\u00e4rjest tihedamalt kella. T\u00f6\u00f6p\u00e4ev, nagu prouad seda naljatamisi nimetavad, on olnud tegevusrohke ja tahaks juba koju. T\u00e4na olid prouad v\u00e4ga reipad ja energiat t\u00e4is, iga p\u00e4ev see nii ei ole. Vahest ollakse \u00fcsna v\u00e4sinud ja siis on rohkem puhkust ja v\u00e4hem tegevust. Reede \u00f5htuti on v\u00e4simus k\u00f5ige suurem. Toredamad on need p\u00e4evad, kus p\u00e4\u00e4seb p\u00e4eval ka \u00f5ue jalutama ja kui ei p\u00e4\u00e4se, tuntakse sellest puudust. T\u00e4na oli vihmane ning liigutati ennast v\u00f5imlemissaalis.<\/p>\n<p><img loading=\"lazy\" decoding=\"async\" class=\"alignleft size-medium wp-image-3815\" src=\"https:\/\/eludementsusega.ee\/app\/uploads\/2021\/07\/Varvitud_munad-300x169.jpg\" alt=\"\" width=\"300\" height=\"169\" \/>L\u00f5puks on kell sealmaal, et alustada j\u00e4lle teekonda, esialgu riietusruumi, siis trepist alla ja m\u00f6\u00f6da koridori autoni.<\/p>\n<p>\u201eHead aega ja emasp\u00e4eval siis j\u00e4lle t\u00f6\u00f6le!\u201c \u00fctlevad prouad rahulolevalt ning asutavad minekule.<\/p>\n<p><em>*artiklis on prouade nimed muudetud.<\/em><\/p>\n<p>&nbsp;<\/p>\n","protected":false},"excerpt":{"rendered":"<p>Alustuseks hakkab trepilt kostma sagivaid samme ja jutuvada. P\u00e4evahoiu prouad on saabunud sotsiaaltranspordiga majja, l\u00e4binud alumise korruse koridori ja asunud oma teekonnale trepist \u00fcles. Tavaliselt on t\u00f6\u00f6tajad Ada, Heli ja Vilja neid abistamas. T\u00e4na Viljat ei ole, tema on koduk\u00fclastustel. Kui prouasid on palju, on nad r\u00f5\u00f5muga ise ka \u00fcksteisele toeks, Friidal on liikumisega h\u00e4sti [&hellip;]<\/p>\n","protected":false},"author":2,"featured_media":0,"comment_status":"open","ping_status":"open","sticky":false,"template":"","format":"standard","meta":{"footnotes":""},"categories":[1],"tags":[],"autor":[],"class_list":["post-3801","post","type-post","status-publish","format-standard","hentry","category-maaratlemata"],"yoast_head":"<!-- This site is optimized with the Yoast SEO plugin v26.2 - https:\/\/yoast.com\/wordpress\/plugins\/seo\/ -->\n<title>P\u00e4evahoiu lugu: Siit nurgast ja sealt nurgast, keskp\u00f5randale kokku! - Dementsuse Kompetentsikeskus<\/title>\n<meta name=\"robots\" content=\"index, follow, max-snippet:-1, max-image-preview:large, max-video-preview:-1\" \/>\n<link rel=\"canonical\" href=\"https:\/\/dementsus.ee\/en\/paevahoiu-lugu-siit-nurgast-ja-sealt-nurgast-keskporandale-kokku\/\" \/>\n<meta property=\"og:locale\" content=\"en_US\" \/>\n<meta property=\"og:type\" content=\"article\" \/>\n<meta property=\"og:title\" content=\"P\u00e4evahoiu lugu: Siit nurgast ja sealt nurgast, keskp\u00f5randale kokku! - Dementsuse Kompetentsikeskus\" \/>\n<meta property=\"og:description\" content=\"Alustuseks hakkab trepilt kostma sagivaid samme ja jutuvada. P\u00e4evahoiu prouad on saabunud sotsiaaltranspordiga majja, l\u00e4binud alumise korruse koridori ja asunud oma teekonnale trepist \u00fcles. Tavaliselt on t\u00f6\u00f6tajad Ada, Heli ja Vilja neid abistamas. T\u00e4na Viljat ei ole, tema on koduk\u00fclastustel. Kui prouasid on palju, on nad r\u00f5\u00f5muga ise ka \u00fcksteisele toeks, Friidal on liikumisega h\u00e4sti [&hellip;]\" \/>\n<meta property=\"og:url\" content=\"https:\/\/dementsus.ee\/en\/paevahoiu-lugu-siit-nurgast-ja-sealt-nurgast-keskporandale-kokku\/\" \/>\n<meta property=\"og:site_name\" content=\"Dementsuse Kompetentsikeskus\" \/>\n<meta property=\"article:published_time\" content=\"2021-07-05T12:10:43+00:00\" \/>\n<meta property=\"og:image\" content=\"https:\/\/eludementsusega.ee\/app\/uploads\/2021\/07\/Munade-varvimine-300x169.jpg\" \/>\n<meta name=\"author\" content=\"Kermo\" \/>\n<meta name=\"twitter:card\" content=\"summary_large_image\" \/>\n<meta name=\"twitter:label1\" content=\"Written by\" \/>\n\t<meta name=\"twitter:data1\" content=\"Kermo\" \/>\n\t<meta name=\"twitter:label2\" content=\"Est. reading time\" \/>\n\t<meta name=\"twitter:data2\" content=\"19 minutes\" \/>\n<script type=\"application\/ld+json\" class=\"yoast-schema-graph\">{\"@context\":\"https:\/\/schema.org\",\"@graph\":[{\"@type\":\"Article\",\"@id\":\"https:\/\/dementsus.ee\/en\/paevahoiu-lugu-siit-nurgast-ja-sealt-nurgast-keskporandale-kokku\/#article\",\"isPartOf\":{\"@id\":\"https:\/\/dementsus.ee\/en\/paevahoiu-lugu-siit-nurgast-ja-sealt-nurgast-keskporandale-kokku\/\"},\"author\":{\"name\":\"Kermo\",\"@id\":\"https:\/\/dementsus.ee\/en\/#\/schema\/person\/dd93d64f20e6c5add626937f6b5931ed\"},\"headline\":\"P\u00e4evahoiu lugu: Siit nurgast ja sealt nurgast, keskp\u00f5randale kokku!\",\"datePublished\":\"2021-07-05T12:10:43+00:00\",\"mainEntityOfPage\":{\"@id\":\"https:\/\/dementsus.ee\/en\/paevahoiu-lugu-siit-nurgast-ja-sealt-nurgast-keskporandale-kokku\/\"},\"wordCount\":3787,\"commentCount\":0,\"publisher\":{\"@id\":\"https:\/\/dementsus.ee\/en\/#organization\"},\"image\":{\"@id\":\"https:\/\/dementsus.ee\/en\/paevahoiu-lugu-siit-nurgast-ja-sealt-nurgast-keskporandale-kokku\/#primaryimage\"},\"thumbnailUrl\":\"https:\/\/eludementsusega.ee\/app\/uploads\/2021\/07\/Munade-varvimine-300x169.jpg\",\"articleSection\":[\"M\u00e4\u00e4ratlemata\"],\"inLanguage\":\"en-US\"},{\"@type\":\"WebPage\",\"@id\":\"https:\/\/dementsus.ee\/en\/paevahoiu-lugu-siit-nurgast-ja-sealt-nurgast-keskporandale-kokku\/\",\"url\":\"https:\/\/dementsus.ee\/en\/paevahoiu-lugu-siit-nurgast-ja-sealt-nurgast-keskporandale-kokku\/\",\"name\":\"P\u00e4evahoiu lugu: Siit nurgast ja sealt nurgast, keskp\u00f5randale kokku! - Dementsuse Kompetentsikeskus\",\"isPartOf\":{\"@id\":\"https:\/\/dementsus.ee\/en\/#website\"},\"primaryImageOfPage\":{\"@id\":\"https:\/\/dementsus.ee\/en\/paevahoiu-lugu-siit-nurgast-ja-sealt-nurgast-keskporandale-kokku\/#primaryimage\"},\"image\":{\"@id\":\"https:\/\/dementsus.ee\/en\/paevahoiu-lugu-siit-nurgast-ja-sealt-nurgast-keskporandale-kokku\/#primaryimage\"},\"thumbnailUrl\":\"https:\/\/eludementsusega.ee\/app\/uploads\/2021\/07\/Munade-varvimine-300x169.jpg\",\"datePublished\":\"2021-07-05T12:10:43+00:00\",\"breadcrumb\":{\"@id\":\"https:\/\/dementsus.ee\/en\/paevahoiu-lugu-siit-nurgast-ja-sealt-nurgast-keskporandale-kokku\/#breadcrumb\"},\"inLanguage\":\"en-US\",\"potentialAction\":[{\"@type\":\"ReadAction\",\"target\":[\"https:\/\/dementsus.ee\/en\/paevahoiu-lugu-siit-nurgast-ja-sealt-nurgast-keskporandale-kokku\/\"]}]},{\"@type\":\"ImageObject\",\"inLanguage\":\"en-US\",\"@id\":\"https:\/\/dementsus.ee\/en\/paevahoiu-lugu-siit-nurgast-ja-sealt-nurgast-keskporandale-kokku\/#primaryimage\",\"url\":\"https:\/\/eludementsusega.ee\/app\/uploads\/2021\/07\/Munade-varvimine-300x169.jpg\",\"contentUrl\":\"https:\/\/eludementsusega.ee\/app\/uploads\/2021\/07\/Munade-varvimine-300x169.jpg\"},{\"@type\":\"BreadcrumbList\",\"@id\":\"https:\/\/dementsus.ee\/en\/paevahoiu-lugu-siit-nurgast-ja-sealt-nurgast-keskporandale-kokku\/#breadcrumb\",\"itemListElement\":[{\"@type\":\"ListItem\",\"position\":1,\"name\":\"Esileht\",\"item\":\"https:\/\/dementsus.ee\/en\/\"},{\"@type\":\"ListItem\",\"position\":2,\"name\":\"P\u00e4evahoiu lugu: Siit nurgast ja sealt nurgast, keskp\u00f5randale kokku!\"}]},{\"@type\":\"WebSite\",\"@id\":\"https:\/\/dementsus.ee\/en\/#website\",\"url\":\"https:\/\/dementsus.ee\/en\/\",\"name\":\"Dementsuse Kompetentsikeskus\",\"description\":\"dementsuse info ja abi\",\"publisher\":{\"@id\":\"https:\/\/dementsus.ee\/en\/#organization\"},\"potentialAction\":[{\"@type\":\"SearchAction\",\"target\":{\"@type\":\"EntryPoint\",\"urlTemplate\":\"https:\/\/dementsus.ee\/en\/?s={search_term_string}\"},\"query-input\":{\"@type\":\"PropertyValueSpecification\",\"valueRequired\":true,\"valueName\":\"search_term_string\"}}],\"inLanguage\":\"en-US\"},{\"@type\":\"Organization\",\"@id\":\"https:\/\/dementsus.ee\/en\/#organization\",\"name\":\"Dementsuse Kompetentsikeskus\",\"url\":\"https:\/\/dementsus.ee\/en\/\",\"logo\":{\"@type\":\"ImageObject\",\"inLanguage\":\"en-US\",\"@id\":\"https:\/\/dementsus.ee\/en\/#\/schema\/logo\/image\/\",\"url\":\"https:\/\/dementsus.ee\/wp-content\/uploads\/2023\/07\/ED_logo_kodukale.svg\",\"contentUrl\":\"https:\/\/dementsus.ee\/wp-content\/uploads\/2023\/07\/ED_logo_kodukale.svg\",\"caption\":\"Dementsuse Kompetentsikeskus\"},\"image\":{\"@id\":\"https:\/\/dementsus.ee\/en\/#\/schema\/logo\/image\/\"}},{\"@type\":\"Person\",\"@id\":\"https:\/\/dementsus.ee\/en\/#\/schema\/person\/dd93d64f20e6c5add626937f6b5931ed\",\"name\":\"Kermo\",\"image\":{\"@type\":\"ImageObject\",\"inLanguage\":\"en-US\",\"@id\":\"https:\/\/dementsus.ee\/en\/#\/schema\/person\/image\/\",\"url\":\"https:\/\/secure.gravatar.com\/avatar\/b2f0128e9063b66b5c6e595d8f4c39037d52f729089f1ad5afc34656e1d58a64?s=96&d=mm&r=g\",\"contentUrl\":\"https:\/\/secure.gravatar.com\/avatar\/b2f0128e9063b66b5c6e595d8f4c39037d52f729089f1ad5afc34656e1d58a64?s=96&d=mm&r=g\",\"caption\":\"Kermo\"},\"url\":\"https:\/\/dementsus.ee\/en\/author\/kermo\/\"}]}<\/script>\n<!-- \/ Yoast SEO plugin. -->","yoast_head_json":{"title":"P\u00e4evahoiu lugu: Siit nurgast ja sealt nurgast, keskp\u00f5randale kokku! - Dementsuse Kompetentsikeskus","robots":{"index":"index","follow":"follow","max-snippet":"max-snippet:-1","max-image-preview":"max-image-preview:large","max-video-preview":"max-video-preview:-1"},"canonical":"https:\/\/dementsus.ee\/en\/paevahoiu-lugu-siit-nurgast-ja-sealt-nurgast-keskporandale-kokku\/","og_locale":"en_US","og_type":"article","og_title":"P\u00e4evahoiu lugu: Siit nurgast ja sealt nurgast, keskp\u00f5randale kokku! - Dementsuse Kompetentsikeskus","og_description":"Alustuseks hakkab trepilt kostma sagivaid samme ja jutuvada. P\u00e4evahoiu prouad on saabunud sotsiaaltranspordiga majja, l\u00e4binud alumise korruse koridori ja asunud oma teekonnale trepist \u00fcles. Tavaliselt on t\u00f6\u00f6tajad Ada, Heli ja Vilja neid abistamas. T\u00e4na Viljat ei ole, tema on koduk\u00fclastustel. Kui prouasid on palju, on nad r\u00f5\u00f5muga ise ka \u00fcksteisele toeks, Friidal on liikumisega h\u00e4sti [&hellip;]","og_url":"https:\/\/dementsus.ee\/en\/paevahoiu-lugu-siit-nurgast-ja-sealt-nurgast-keskporandale-kokku\/","og_site_name":"Dementsuse Kompetentsikeskus","article_published_time":"2021-07-05T12:10:43+00:00","og_image":[{"url":"https:\/\/eludementsusega.ee\/app\/uploads\/2021\/07\/Munade-varvimine-300x169.jpg","type":"","width":"","height":""}],"author":"Kermo","twitter_card":"summary_large_image","twitter_misc":{"Written by":"Kermo","Est. reading time":"19 minutes"},"schema":{"@context":"https:\/\/schema.org","@graph":[{"@type":"Article","@id":"https:\/\/dementsus.ee\/en\/paevahoiu-lugu-siit-nurgast-ja-sealt-nurgast-keskporandale-kokku\/#article","isPartOf":{"@id":"https:\/\/dementsus.ee\/en\/paevahoiu-lugu-siit-nurgast-ja-sealt-nurgast-keskporandale-kokku\/"},"author":{"name":"Kermo","@id":"https:\/\/dementsus.ee\/en\/#\/schema\/person\/dd93d64f20e6c5add626937f6b5931ed"},"headline":"P\u00e4evahoiu lugu: Siit nurgast ja sealt nurgast, keskp\u00f5randale kokku!","datePublished":"2021-07-05T12:10:43+00:00","mainEntityOfPage":{"@id":"https:\/\/dementsus.ee\/en\/paevahoiu-lugu-siit-nurgast-ja-sealt-nurgast-keskporandale-kokku\/"},"wordCount":3787,"commentCount":0,"publisher":{"@id":"https:\/\/dementsus.ee\/en\/#organization"},"image":{"@id":"https:\/\/dementsus.ee\/en\/paevahoiu-lugu-siit-nurgast-ja-sealt-nurgast-keskporandale-kokku\/#primaryimage"},"thumbnailUrl":"https:\/\/eludementsusega.ee\/app\/uploads\/2021\/07\/Munade-varvimine-300x169.jpg","articleSection":["M\u00e4\u00e4ratlemata"],"inLanguage":"en-US"},{"@type":"WebPage","@id":"https:\/\/dementsus.ee\/en\/paevahoiu-lugu-siit-nurgast-ja-sealt-nurgast-keskporandale-kokku\/","url":"https:\/\/dementsus.ee\/en\/paevahoiu-lugu-siit-nurgast-ja-sealt-nurgast-keskporandale-kokku\/","name":"P\u00e4evahoiu lugu: Siit nurgast ja sealt nurgast, keskp\u00f5randale kokku! - Dementsuse Kompetentsikeskus","isPartOf":{"@id":"https:\/\/dementsus.ee\/en\/#website"},"primaryImageOfPage":{"@id":"https:\/\/dementsus.ee\/en\/paevahoiu-lugu-siit-nurgast-ja-sealt-nurgast-keskporandale-kokku\/#primaryimage"},"image":{"@id":"https:\/\/dementsus.ee\/en\/paevahoiu-lugu-siit-nurgast-ja-sealt-nurgast-keskporandale-kokku\/#primaryimage"},"thumbnailUrl":"https:\/\/eludementsusega.ee\/app\/uploads\/2021\/07\/Munade-varvimine-300x169.jpg","datePublished":"2021-07-05T12:10:43+00:00","breadcrumb":{"@id":"https:\/\/dementsus.ee\/en\/paevahoiu-lugu-siit-nurgast-ja-sealt-nurgast-keskporandale-kokku\/#breadcrumb"},"inLanguage":"en-US","potentialAction":[{"@type":"ReadAction","target":["https:\/\/dementsus.ee\/en\/paevahoiu-lugu-siit-nurgast-ja-sealt-nurgast-keskporandale-kokku\/"]}]},{"@type":"ImageObject","inLanguage":"en-US","@id":"https:\/\/dementsus.ee\/en\/paevahoiu-lugu-siit-nurgast-ja-sealt-nurgast-keskporandale-kokku\/#primaryimage","url":"https:\/\/eludementsusega.ee\/app\/uploads\/2021\/07\/Munade-varvimine-300x169.jpg","contentUrl":"https:\/\/eludementsusega.ee\/app\/uploads\/2021\/07\/Munade-varvimine-300x169.jpg"},{"@type":"BreadcrumbList","@id":"https:\/\/dementsus.ee\/en\/paevahoiu-lugu-siit-nurgast-ja-sealt-nurgast-keskporandale-kokku\/#breadcrumb","itemListElement":[{"@type":"ListItem","position":1,"name":"Esileht","item":"https:\/\/dementsus.ee\/en\/"},{"@type":"ListItem","position":2,"name":"P\u00e4evahoiu lugu: Siit nurgast ja sealt nurgast, keskp\u00f5randale kokku!"}]},{"@type":"WebSite","@id":"https:\/\/dementsus.ee\/en\/#website","url":"https:\/\/dementsus.ee\/en\/","name":"Dementsuse Kompetentsikeskus","description":"dementsuse info ja abi","publisher":{"@id":"https:\/\/dementsus.ee\/en\/#organization"},"potentialAction":[{"@type":"SearchAction","target":{"@type":"EntryPoint","urlTemplate":"https:\/\/dementsus.ee\/en\/?s={search_term_string}"},"query-input":{"@type":"PropertyValueSpecification","valueRequired":true,"valueName":"search_term_string"}}],"inLanguage":"en-US"},{"@type":"Organization","@id":"https:\/\/dementsus.ee\/en\/#organization","name":"Dementsuse Kompetentsikeskus","url":"https:\/\/dementsus.ee\/en\/","logo":{"@type":"ImageObject","inLanguage":"en-US","@id":"https:\/\/dementsus.ee\/en\/#\/schema\/logo\/image\/","url":"https:\/\/dementsus.ee\/wp-content\/uploads\/2023\/07\/ED_logo_kodukale.svg","contentUrl":"https:\/\/dementsus.ee\/wp-content\/uploads\/2023\/07\/ED_logo_kodukale.svg","caption":"Dementsuse Kompetentsikeskus"},"image":{"@id":"https:\/\/dementsus.ee\/en\/#\/schema\/logo\/image\/"}},{"@type":"Person","@id":"https:\/\/dementsus.ee\/en\/#\/schema\/person\/dd93d64f20e6c5add626937f6b5931ed","name":"Kermo","image":{"@type":"ImageObject","inLanguage":"en-US","@id":"https:\/\/dementsus.ee\/en\/#\/schema\/person\/image\/","url":"https:\/\/secure.gravatar.com\/avatar\/b2f0128e9063b66b5c6e595d8f4c39037d52f729089f1ad5afc34656e1d58a64?s=96&d=mm&r=g","contentUrl":"https:\/\/secure.gravatar.com\/avatar\/b2f0128e9063b66b5c6e595d8f4c39037d52f729089f1ad5afc34656e1d58a64?s=96&d=mm&r=g","caption":"Kermo"},"url":"https:\/\/dementsus.ee\/en\/author\/kermo\/"}]}},"_links":{"self":[{"href":"https:\/\/dementsus.ee\/en\/wp-json\/wp\/v2\/posts\/3801","targetHints":{"allow":["GET"]}}],"collection":[{"href":"https:\/\/dementsus.ee\/en\/wp-json\/wp\/v2\/posts"}],"about":[{"href":"https:\/\/dementsus.ee\/en\/wp-json\/wp\/v2\/types\/post"}],"author":[{"embeddable":true,"href":"https:\/\/dementsus.ee\/en\/wp-json\/wp\/v2\/users\/2"}],"replies":[{"embeddable":true,"href":"https:\/\/dementsus.ee\/en\/wp-json\/wp\/v2\/comments?post=3801"}],"version-history":[{"count":0,"href":"https:\/\/dementsus.ee\/en\/wp-json\/wp\/v2\/posts\/3801\/revisions"}],"wp:attachment":[{"href":"https:\/\/dementsus.ee\/en\/wp-json\/wp\/v2\/media?parent=3801"}],"wp:term":[{"taxonomy":"category","embeddable":true,"href":"https:\/\/dementsus.ee\/en\/wp-json\/wp\/v2\/categories?post=3801"},{"taxonomy":"post_tag","embeddable":true,"href":"https:\/\/dementsus.ee\/en\/wp-json\/wp\/v2\/tags?post=3801"},{"taxonomy":"autor","embeddable":true,"href":"https:\/\/dementsus.ee\/en\/wp-json\/wp\/v2\/autor?post=3801"}],"curies":[{"name":"wp","href":"https:\/\/api.w.org\/{rel}","templated":true}]}}