{"id":617,"date":"2019-08-05T08:15:20","date_gmt":"2019-08-05T08:15:20","guid":{"rendered":"http:\/\/eludementsusega.ee\/?p=617"},"modified":"2019-08-05T08:15:20","modified_gmt":"2019-08-05T08:15:20","slug":"dementsussobralik-keskkond-milline-ja-miks-koik-saavad-panustada-dementsuse-paneeldiskussioon-paide-arvamusfestivalil","status":"publish","type":"post","link":"https:\/\/dementsus.ee\/en\/dementsussobralik-keskkond-milline-ja-miks-koik-saavad-panustada-dementsuse-paneeldiskussioon-paide-arvamusfestivalil\/","title":{"rendered":"Arvamusfestivalil arutame dementsuss\u00f5braliku keskkonna kujundamise v\u00f5imalusi"},"content":{"rendered":"<p><strong>MT\u00dc Elu Dementsusega on juba teistkordselt Paide Arvamusfestivalil kaasamas \u00fchiskonda dementsuseteemalisse arutellu. Sellel aastal on arutelu teemaks \u00a0&#8220;Dementsuss\u00f5bralik keskkond &#8211; milline ja miks &#8211; k\u00f5ik saavad panustada&#8221;.\u00a0 L\u00e4bi kaasava arutelu soovime j\u00f5uda heade ideede ja m\u00f5teteni, kuidas \u00fchiselt meie elukeskkond dementsuss\u00f5bralikumaks muuta.<\/strong><\/p>\n<p>Dementsuss\u00fcndroomi teadvustamine aitab kaasa stigma ja h\u00e4bitunde v\u00e4hendamisele ja annab julgust dementsusega inimestele ja nende l\u00e4hedastele elada kvaliteetsemat elu. T\u00e4navusel arutelul keskendume rohkem inimese vaatele, ootustele ja vajadustele. Arutelu ellukutsujatena on meil ootus kinnitusele, et dementsuse teemaline teadlikkus vajab j\u00e4releaitamist ning leida ideid kuidas ja kellega seda koos teha.<\/p>\n<p>Dementsuseteemaline arutelu on kavas Tervise alal 10. augustil kell 12.00. Arutelu juhib MT\u00dc Elu Dementsusega liige Mari Rull, pikaaegse juhtimiskogemusega sotsiaals\u00fcsteemi ekspert. Arutlejateks oleme kutsunud sotsiaalteaduste doktorandi ja Sotsiaalministeeriumi hoolekande osakonna juhataja H\u00e4li Tarumi ja Andrus Vaariku, n\u00e4itleja, lavastaja ja noorpoliitiku, kellel on kogemusi, mida jagada. Arutelu idee ja korralduse juht on MT\u00dc Elu Dementsusega juhatuse liige Chris Ellermaa.<\/p>\n<p>Ootame rohket osav\u00f5ttu ja sisukat arutelu!<\/p>\n<p>Enne arutelu toimub Paides Treegeri kohvikus kl 10:00-11:30 m\u00e4lukohvik. \u00a0M\u00e4lukohvik on suurep\u00e4rane v\u00f5imalus dementsusega inimestele ja nende toetajatele turvaliseks kohtumiseks ja \u00fchiseks tegevuseks. M\u00e4lukohvikus ootab Sind s\u00f5bralik ja soe vastuv\u00f5tt kringli ja kohviga. M\u00e4lukohvikust siirdume koos arutelule.<\/p>\n<p>J\u00e4lgige meid\u00a0<a href=\"https:\/\/www.facebook.com\/eludementsusega\/\">Facebookis<\/a> ja toetage meie tegemisi annetuskeskkonnas <a href=\"https:\/\/www.armastanaidata.ee\/annetan\/tugev-uhiskond\/mtu-elu-dementsusega-tulevik-on-maletamist-vaart-koos-suudame-rohkem?fbclid=IwAR2lKxADe0l8mOfXTr7l7MvB7zaaL1BoDnFwEo4WgLorCZAOsRS3A3QqnYs\">ArmastanAidata<\/a>!<\/p>\n<p>Tutvu 9.-10. augustini toimuva Paide Arvamusfestivali <a href=\"https:\/\/www.arvamusfestival.ee\/kava\/\">kavaga.<\/a><\/p>\n<p>2018. aastal oli Arvamusfestivali dementsuse arutelu teemaks \u201eDementsus Eestis \u2013 aeg on \u00e4rgata\u201c. \u00dcheskoos t\u00f5deti, et peame kiiremini \u00e4rkama ja asuma sihikindlalt tegutsema. Dementsusega inimeste ja nende l\u00e4hedaste olukord on vajaminevate teenusteta ja stigmatiseeritud suhtumisega t\u00e4nap\u00e4eva \u00fchiskonnas lubamatu, vaja on riiklikku dementsuse strateegiat.<\/p>\n<p>Huvi korral vaata ka eelmise aasta diskussiooni <a href=\"http:\/\/eludementsusega.ee\/arvamusfestivalil-paides-todeti-et-vaja-on-riiklikku-dementsuse-strateegiat\/\">\u00fclevaadet.<\/a><\/p>\n","protected":false},"excerpt":{"rendered":"<p>MT\u00dc Elu Dementsusega on juba teistkordselt Paide Arvamusfestivalil kaasamas \u00fchiskonda dementsuseteemalisse arutellu. Sellel aastal on arutelu teemaks \u00a0&#8220;Dementsuss\u00f5bralik keskkond &#8211; milline ja miks &#8211; k\u00f5ik saavad panustada&#8221;.\u00a0 L\u00e4bi kaasava arutelu soovime j\u00f5uda heade ideede ja m\u00f5teteni, kuidas \u00fchiselt meie elukeskkond dementsuss\u00f5bralikumaks muuta. Dementsuss\u00fcndroomi teadvustamine aitab kaasa stigma ja h\u00e4bitunde v\u00e4hendamisele ja annab julgust dementsusega inimestele [&hellip;]<\/p>\n","protected":false},"author":2,"featured_media":0,"comment_status":"open","ping_status":"open","sticky":false,"template":"","format":"standard","meta":{"footnotes":""},"categories":[1],"tags":[],"autor":[],"class_list":["post-617","post","type-post","status-publish","format-standard","hentry","category-maaratlemata"],"yoast_head":"<!-- This site is optimized with the Yoast SEO plugin v26.2 - https:\/\/yoast.com\/wordpress\/plugins\/seo\/ -->\n<title>Arvamusfestivalil arutame dementsuss\u00f5braliku keskkonna kujundamise v\u00f5imalusi - Dementsuse Kompetentsikeskus<\/title>\n<meta name=\"robots\" content=\"index, follow, max-snippet:-1, max-image-preview:large, max-video-preview:-1\" \/>\n<link rel=\"canonical\" href=\"https:\/\/dementsus.ee\/en\/dementsussobralik-keskkond-milline-ja-miks-koik-saavad-panustada-dementsuse-paneeldiskussioon-paide-arvamusfestivalil\/\" \/>\n<meta property=\"og:locale\" content=\"en_US\" \/>\n<meta property=\"og:type\" content=\"article\" \/>\n<meta property=\"og:title\" content=\"Arvamusfestivalil arutame dementsuss\u00f5braliku keskkonna kujundamise v\u00f5imalusi - Dementsuse Kompetentsikeskus\" \/>\n<meta property=\"og:description\" content=\"MT\u00dc Elu Dementsusega on juba teistkordselt Paide Arvamusfestivalil kaasamas \u00fchiskonda dementsuseteemalisse arutellu. Sellel aastal on arutelu teemaks \u00a0&#8220;Dementsuss\u00f5bralik keskkond &#8211; milline ja miks &#8211; k\u00f5ik saavad panustada&#8221;.\u00a0 L\u00e4bi kaasava arutelu soovime j\u00f5uda heade ideede ja m\u00f5teteni, kuidas \u00fchiselt meie elukeskkond dementsuss\u00f5bralikumaks muuta. Dementsuss\u00fcndroomi teadvustamine aitab kaasa stigma ja h\u00e4bitunde v\u00e4hendamisele ja annab julgust dementsusega inimestele [&hellip;]\" \/>\n<meta property=\"og:url\" content=\"https:\/\/dementsus.ee\/en\/dementsussobralik-keskkond-milline-ja-miks-koik-saavad-panustada-dementsuse-paneeldiskussioon-paide-arvamusfestivalil\/\" \/>\n<meta property=\"og:site_name\" content=\"Dementsuse Kompetentsikeskus\" \/>\n<meta property=\"article:published_time\" content=\"2019-08-05T08:15:20+00:00\" \/>\n<meta name=\"author\" content=\"Kermo\" \/>\n<meta name=\"twitter:card\" content=\"summary_large_image\" \/>\n<meta name=\"twitter:label1\" content=\"Written by\" \/>\n\t<meta name=\"twitter:data1\" content=\"Kermo\" \/>\n\t<meta name=\"twitter:label2\" content=\"Est. reading time\" \/>\n\t<meta name=\"twitter:data2\" content=\"1 minute\" \/>\n<script type=\"application\/ld+json\" class=\"yoast-schema-graph\">{\"@context\":\"https:\/\/schema.org\",\"@graph\":[{\"@type\":\"Article\",\"@id\":\"https:\/\/dementsus.ee\/en\/dementsussobralik-keskkond-milline-ja-miks-koik-saavad-panustada-dementsuse-paneeldiskussioon-paide-arvamusfestivalil\/#article\",\"isPartOf\":{\"@id\":\"https:\/\/dementsus.ee\/en\/dementsussobralik-keskkond-milline-ja-miks-koik-saavad-panustada-dementsuse-paneeldiskussioon-paide-arvamusfestivalil\/\"},\"author\":{\"name\":\"Kermo\",\"@id\":\"https:\/\/dementsus.ee\/en\/#\/schema\/person\/dd93d64f20e6c5add626937f6b5931ed\"},\"headline\":\"Arvamusfestivalil arutame dementsuss\u00f5braliku keskkonna kujundamise v\u00f5imalusi\",\"datePublished\":\"2019-08-05T08:15:20+00:00\",\"mainEntityOfPage\":{\"@id\":\"https:\/\/dementsus.ee\/en\/dementsussobralik-keskkond-milline-ja-miks-koik-saavad-panustada-dementsuse-paneeldiskussioon-paide-arvamusfestivalil\/\"},\"wordCount\":293,\"commentCount\":0,\"publisher\":{\"@id\":\"https:\/\/dementsus.ee\/en\/#organization\"},\"articleSection\":[\"M\u00e4\u00e4ratlemata\"],\"inLanguage\":\"en-US\"},{\"@type\":\"WebPage\",\"@id\":\"https:\/\/dementsus.ee\/en\/dementsussobralik-keskkond-milline-ja-miks-koik-saavad-panustada-dementsuse-paneeldiskussioon-paide-arvamusfestivalil\/\",\"url\":\"https:\/\/dementsus.ee\/en\/dementsussobralik-keskkond-milline-ja-miks-koik-saavad-panustada-dementsuse-paneeldiskussioon-paide-arvamusfestivalil\/\",\"name\":\"Arvamusfestivalil arutame dementsuss\u00f5braliku keskkonna kujundamise v\u00f5imalusi - Dementsuse Kompetentsikeskus\",\"isPartOf\":{\"@id\":\"https:\/\/dementsus.ee\/en\/#website\"},\"datePublished\":\"2019-08-05T08:15:20+00:00\",\"breadcrumb\":{\"@id\":\"https:\/\/dementsus.ee\/en\/dementsussobralik-keskkond-milline-ja-miks-koik-saavad-panustada-dementsuse-paneeldiskussioon-paide-arvamusfestivalil\/#breadcrumb\"},\"inLanguage\":\"en-US\",\"potentialAction\":[{\"@type\":\"ReadAction\",\"target\":[\"https:\/\/dementsus.ee\/en\/dementsussobralik-keskkond-milline-ja-miks-koik-saavad-panustada-dementsuse-paneeldiskussioon-paide-arvamusfestivalil\/\"]}]},{\"@type\":\"BreadcrumbList\",\"@id\":\"https:\/\/dementsus.ee\/en\/dementsussobralik-keskkond-milline-ja-miks-koik-saavad-panustada-dementsuse-paneeldiskussioon-paide-arvamusfestivalil\/#breadcrumb\",\"itemListElement\":[{\"@type\":\"ListItem\",\"position\":1,\"name\":\"Esileht\",\"item\":\"https:\/\/dementsus.ee\/en\/\"},{\"@type\":\"ListItem\",\"position\":2,\"name\":\"Arvamusfestivalil arutame dementsuss\u00f5braliku keskkonna kujundamise v\u00f5imalusi\"}]},{\"@type\":\"WebSite\",\"@id\":\"https:\/\/dementsus.ee\/en\/#website\",\"url\":\"https:\/\/dementsus.ee\/en\/\",\"name\":\"Dementsuse Kompetentsikeskus\",\"description\":\"dementsuse info ja abi\",\"publisher\":{\"@id\":\"https:\/\/dementsus.ee\/en\/#organization\"},\"potentialAction\":[{\"@type\":\"SearchAction\",\"target\":{\"@type\":\"EntryPoint\",\"urlTemplate\":\"https:\/\/dementsus.ee\/en\/?s={search_term_string}\"},\"query-input\":{\"@type\":\"PropertyValueSpecification\",\"valueRequired\":true,\"valueName\":\"search_term_string\"}}],\"inLanguage\":\"en-US\"},{\"@type\":\"Organization\",\"@id\":\"https:\/\/dementsus.ee\/en\/#organization\",\"name\":\"Dementsuse Kompetentsikeskus\",\"url\":\"https:\/\/dementsus.ee\/en\/\",\"logo\":{\"@type\":\"ImageObject\",\"inLanguage\":\"en-US\",\"@id\":\"https:\/\/dementsus.ee\/en\/#\/schema\/logo\/image\/\",\"url\":\"https:\/\/dementsus.ee\/wp-content\/uploads\/2023\/07\/ED_logo_kodukale.svg\",\"contentUrl\":\"https:\/\/dementsus.ee\/wp-content\/uploads\/2023\/07\/ED_logo_kodukale.svg\",\"caption\":\"Dementsuse Kompetentsikeskus\"},\"image\":{\"@id\":\"https:\/\/dementsus.ee\/en\/#\/schema\/logo\/image\/\"}},{\"@type\":\"Person\",\"@id\":\"https:\/\/dementsus.ee\/en\/#\/schema\/person\/dd93d64f20e6c5add626937f6b5931ed\",\"name\":\"Kermo\",\"image\":{\"@type\":\"ImageObject\",\"inLanguage\":\"en-US\",\"@id\":\"https:\/\/dementsus.ee\/en\/#\/schema\/person\/image\/\",\"url\":\"https:\/\/secure.gravatar.com\/avatar\/b2f0128e9063b66b5c6e595d8f4c39037d52f729089f1ad5afc34656e1d58a64?s=96&d=mm&r=g\",\"contentUrl\":\"https:\/\/secure.gravatar.com\/avatar\/b2f0128e9063b66b5c6e595d8f4c39037d52f729089f1ad5afc34656e1d58a64?s=96&d=mm&r=g\",\"caption\":\"Kermo\"},\"url\":\"https:\/\/dementsus.ee\/en\/author\/kermo\/\"}]}<\/script>\n<!-- \/ Yoast SEO plugin. -->","yoast_head_json":{"title":"Arvamusfestivalil arutame dementsuss\u00f5braliku keskkonna kujundamise v\u00f5imalusi - Dementsuse Kompetentsikeskus","robots":{"index":"index","follow":"follow","max-snippet":"max-snippet:-1","max-image-preview":"max-image-preview:large","max-video-preview":"max-video-preview:-1"},"canonical":"https:\/\/dementsus.ee\/en\/dementsussobralik-keskkond-milline-ja-miks-koik-saavad-panustada-dementsuse-paneeldiskussioon-paide-arvamusfestivalil\/","og_locale":"en_US","og_type":"article","og_title":"Arvamusfestivalil arutame dementsuss\u00f5braliku keskkonna kujundamise v\u00f5imalusi - Dementsuse Kompetentsikeskus","og_description":"MT\u00dc Elu Dementsusega on juba teistkordselt Paide Arvamusfestivalil kaasamas \u00fchiskonda dementsuseteemalisse arutellu. Sellel aastal on arutelu teemaks \u00a0&#8220;Dementsuss\u00f5bralik keskkond &#8211; milline ja miks &#8211; k\u00f5ik saavad panustada&#8221;.\u00a0 L\u00e4bi kaasava arutelu soovime j\u00f5uda heade ideede ja m\u00f5teteni, kuidas \u00fchiselt meie elukeskkond dementsuss\u00f5bralikumaks muuta. Dementsuss\u00fcndroomi teadvustamine aitab kaasa stigma ja h\u00e4bitunde v\u00e4hendamisele ja annab julgust dementsusega inimestele [&hellip;]","og_url":"https:\/\/dementsus.ee\/en\/dementsussobralik-keskkond-milline-ja-miks-koik-saavad-panustada-dementsuse-paneeldiskussioon-paide-arvamusfestivalil\/","og_site_name":"Dementsuse Kompetentsikeskus","article_published_time":"2019-08-05T08:15:20+00:00","author":"Kermo","twitter_card":"summary_large_image","twitter_misc":{"Written by":"Kermo","Est. reading time":"1 minute"},"schema":{"@context":"https:\/\/schema.org","@graph":[{"@type":"Article","@id":"https:\/\/dementsus.ee\/en\/dementsussobralik-keskkond-milline-ja-miks-koik-saavad-panustada-dementsuse-paneeldiskussioon-paide-arvamusfestivalil\/#article","isPartOf":{"@id":"https:\/\/dementsus.ee\/en\/dementsussobralik-keskkond-milline-ja-miks-koik-saavad-panustada-dementsuse-paneeldiskussioon-paide-arvamusfestivalil\/"},"author":{"name":"Kermo","@id":"https:\/\/dementsus.ee\/en\/#\/schema\/person\/dd93d64f20e6c5add626937f6b5931ed"},"headline":"Arvamusfestivalil arutame dementsuss\u00f5braliku keskkonna kujundamise v\u00f5imalusi","datePublished":"2019-08-05T08:15:20+00:00","mainEntityOfPage":{"@id":"https:\/\/dementsus.ee\/en\/dementsussobralik-keskkond-milline-ja-miks-koik-saavad-panustada-dementsuse-paneeldiskussioon-paide-arvamusfestivalil\/"},"wordCount":293,"commentCount":0,"publisher":{"@id":"https:\/\/dementsus.ee\/en\/#organization"},"articleSection":["M\u00e4\u00e4ratlemata"],"inLanguage":"en-US"},{"@type":"WebPage","@id":"https:\/\/dementsus.ee\/en\/dementsussobralik-keskkond-milline-ja-miks-koik-saavad-panustada-dementsuse-paneeldiskussioon-paide-arvamusfestivalil\/","url":"https:\/\/dementsus.ee\/en\/dementsussobralik-keskkond-milline-ja-miks-koik-saavad-panustada-dementsuse-paneeldiskussioon-paide-arvamusfestivalil\/","name":"Arvamusfestivalil arutame dementsuss\u00f5braliku keskkonna kujundamise v\u00f5imalusi - Dementsuse Kompetentsikeskus","isPartOf":{"@id":"https:\/\/dementsus.ee\/en\/#website"},"datePublished":"2019-08-05T08:15:20+00:00","breadcrumb":{"@id":"https:\/\/dementsus.ee\/en\/dementsussobralik-keskkond-milline-ja-miks-koik-saavad-panustada-dementsuse-paneeldiskussioon-paide-arvamusfestivalil\/#breadcrumb"},"inLanguage":"en-US","potentialAction":[{"@type":"ReadAction","target":["https:\/\/dementsus.ee\/en\/dementsussobralik-keskkond-milline-ja-miks-koik-saavad-panustada-dementsuse-paneeldiskussioon-paide-arvamusfestivalil\/"]}]},{"@type":"BreadcrumbList","@id":"https:\/\/dementsus.ee\/en\/dementsussobralik-keskkond-milline-ja-miks-koik-saavad-panustada-dementsuse-paneeldiskussioon-paide-arvamusfestivalil\/#breadcrumb","itemListElement":[{"@type":"ListItem","position":1,"name":"Esileht","item":"https:\/\/dementsus.ee\/en\/"},{"@type":"ListItem","position":2,"name":"Arvamusfestivalil arutame dementsuss\u00f5braliku keskkonna kujundamise v\u00f5imalusi"}]},{"@type":"WebSite","@id":"https:\/\/dementsus.ee\/en\/#website","url":"https:\/\/dementsus.ee\/en\/","name":"Dementsuse Kompetentsikeskus","description":"dementsuse info ja abi","publisher":{"@id":"https:\/\/dementsus.ee\/en\/#organization"},"potentialAction":[{"@type":"SearchAction","target":{"@type":"EntryPoint","urlTemplate":"https:\/\/dementsus.ee\/en\/?s={search_term_string}"},"query-input":{"@type":"PropertyValueSpecification","valueRequired":true,"valueName":"search_term_string"}}],"inLanguage":"en-US"},{"@type":"Organization","@id":"https:\/\/dementsus.ee\/en\/#organization","name":"Dementsuse Kompetentsikeskus","url":"https:\/\/dementsus.ee\/en\/","logo":{"@type":"ImageObject","inLanguage":"en-US","@id":"https:\/\/dementsus.ee\/en\/#\/schema\/logo\/image\/","url":"https:\/\/dementsus.ee\/wp-content\/uploads\/2023\/07\/ED_logo_kodukale.svg","contentUrl":"https:\/\/dementsus.ee\/wp-content\/uploads\/2023\/07\/ED_logo_kodukale.svg","caption":"Dementsuse Kompetentsikeskus"},"image":{"@id":"https:\/\/dementsus.ee\/en\/#\/schema\/logo\/image\/"}},{"@type":"Person","@id":"https:\/\/dementsus.ee\/en\/#\/schema\/person\/dd93d64f20e6c5add626937f6b5931ed","name":"Kermo","image":{"@type":"ImageObject","inLanguage":"en-US","@id":"https:\/\/dementsus.ee\/en\/#\/schema\/person\/image\/","url":"https:\/\/secure.gravatar.com\/avatar\/b2f0128e9063b66b5c6e595d8f4c39037d52f729089f1ad5afc34656e1d58a64?s=96&d=mm&r=g","contentUrl":"https:\/\/secure.gravatar.com\/avatar\/b2f0128e9063b66b5c6e595d8f4c39037d52f729089f1ad5afc34656e1d58a64?s=96&d=mm&r=g","caption":"Kermo"},"url":"https:\/\/dementsus.ee\/en\/author\/kermo\/"}]}},"_links":{"self":[{"href":"https:\/\/dementsus.ee\/en\/wp-json\/wp\/v2\/posts\/617","targetHints":{"allow":["GET"]}}],"collection":[{"href":"https:\/\/dementsus.ee\/en\/wp-json\/wp\/v2\/posts"}],"about":[{"href":"https:\/\/dementsus.ee\/en\/wp-json\/wp\/v2\/types\/post"}],"author":[{"embeddable":true,"href":"https:\/\/dementsus.ee\/en\/wp-json\/wp\/v2\/users\/2"}],"replies":[{"embeddable":true,"href":"https:\/\/dementsus.ee\/en\/wp-json\/wp\/v2\/comments?post=617"}],"version-history":[{"count":0,"href":"https:\/\/dementsus.ee\/en\/wp-json\/wp\/v2\/posts\/617\/revisions"}],"wp:attachment":[{"href":"https:\/\/dementsus.ee\/en\/wp-json\/wp\/v2\/media?parent=617"}],"wp:term":[{"taxonomy":"category","embeddable":true,"href":"https:\/\/dementsus.ee\/en\/wp-json\/wp\/v2\/categories?post=617"},{"taxonomy":"post_tag","embeddable":true,"href":"https:\/\/dementsus.ee\/en\/wp-json\/wp\/v2\/tags?post=617"},{"taxonomy":"autor","embeddable":true,"href":"https:\/\/dementsus.ee\/en\/wp-json\/wp\/v2\/autor?post=617"}],"curies":[{"name":"wp","href":"https:\/\/api.w.org\/{rel}","templated":true}]}}