{"id":1032,"date":"2019-09-12T15:58:10","date_gmt":"2019-09-12T15:58:10","guid":{"rendered":"https:\/\/eludementsusega.ee\/?p=1032"},"modified":"2019-09-12T15:58:10","modified_gmt":"2019-09-12T15:58:10","slug":"raagime-dementsusest","status":"publish","type":"post","link":"https:\/\/dementsus.ee\/ru\/raagime-dementsusest\/","title":{"rendered":"R\u00e4\u00e4gime dementsusest!"},"content":{"rendered":"<p>September on rahvusvaheline Alzheimeri kuu. Septembris viiakse \u00fcle maailma ellu erinevaid kampaaniaid, mille eesm\u00e4rk on t\u00f5sta inimeste teadlikkust ning v\u00e4hendada dementsusega seotud stigmatiseeritust.\u00a0 Sellel aastal on kampaaniate p\u00f5his\u00f5numiks: &#171;R\u00e4\u00e4gime dementsusest!&#187;<\/p>\n<p>Eestis elab hinnanguliselt natuke \u00fcle 21 tuhande dementsusega inimese. Maailmas elab 50 miljonit dementsusega inimest ning iga 3 sekundi j\u00e4rel on maailmas kellelgi kujunemas dementsus.<\/p>\n<p>Septembris on ka Eestis palju dementsuse alaseid erinevaid \u00fcritusi ning dementsusega inimestele ja nende l\u00e4hedastele m\u00f5eldud v\u00f5imalusi tegevusteks.<\/p>\n<p>Dementsuse Kompetentsikeskus korraldab 19. septembril Narvas rahvusvahelise konverentsi &#171;Mis aasta meil on?&#187; ning 26. septembril konverentsi Viljandis &#171;Kerge kognitiivne h\u00e4ire&#187;.<\/p>\n<p>Dementsusega inimeste l\u00e4hedastele m\u00f5eldud tugigruppides saab osaleda 12. septembril Keilas, 13. septembril Tallinnas Pirital, 16. septembril Viljandis, 18. septembril P\u00e4rnus, 20. septembril Narvas (venekeelne!), 25. septembril Tallinnas Lasnam\u00e4el (venekeelne!). <a href=\"https:\/\/eludementsusega.ee\/app\/uploads\/2019\/09\/VIIMANETugigruppide_toimumiste_plaan_2019_II_PA.pdf\" target=\"_blank\" rel=\"noopener noreferrer\">Kodulehelt<\/a> leiate t\u00e4psema informatsioon tugigruppide toimumisaegadest ja kohtadest.<\/p>\n<p>21. septembril on MT\u00dc Elu Dementsusega ja Dementsuse Kompetentsikeskus infolauakesega <a href=\"https:\/\/m.facebook.com\/paunverevaljanaitusjalaat\/\" target=\"_blank\" rel=\"noopener noreferrer\">Suurel Paunvere v\u00e4ljan\u00e4itusel ja laadal<\/a>.<\/p>\n<p>22. septembril toimub Tartus Eesti Rahva Muuseumis m\u00e4lukohvik, t\u00e4psem informatsioon <a href=\"https:\/\/www.facebook.com\/events\/2569843863073194\/\" target=\"_blank\" rel=\"noopener noreferrer\">facebookis<\/a>.<\/p>\n<p>Toredad eraalgatused dementsusega inimestele ja omastehooldajatele &#8212; kunstiteraapia Tallinnas ja Tartus ning r\u00fctmikad tantsutunnid neljap\u00e4eviti Tallinnas Haabersti Sotsiaalkeskuses. Informatsiooni leiad j\u00e4llegi <a href=\"https:\/\/www.facebook.com\/eludementsusega\/\" target=\"_blank\" rel=\"noopener noreferrer\">facebookist<\/a>.<\/p>\n<p>Kumu kunstimuuseum koost\u00f6\u00f6s MT\u00dc Elu Dementsusega j\u00e4tkab dementsuss\u00fcndroomiga inimestele ja nende l\u00e4hedastele m\u00f5eldud programmiga \u201eTaaskohtumised\u201c. <a href=\"https:\/\/www.facebook.com\/events\/367504034164912\/?event_time_id=367504037498245\" target=\"_blank\" rel=\"noopener noreferrer\">Esimene s\u00fcgisene taaskohtumine toimub 28. septembril.\u00a0\u00a0<\/a><\/p>\n<p>K\u00fclastage oma dementsusega s\u00f5pru ja sugulasi, \u00e4rge unustage ka neid, kes elavad hoolekandeasutustes. Isegi kui dementsusega inimene teid enam \u00e4ra ei tunne v\u00f5i haiguse t\u00f5ttu ei saa r\u00e4\u00e4kida, annab iga k\u00fclask\u00e4ik positiivse emotsiooni &#8212; ja emotsioonid on dementsusega inimesel alati olemas, olenemata haiguse staadiumist!<\/p>\n<p>21. september on kogu septembri kuu jooksul k\u00f5ige erilisem, siis on rahvusvaheline Alzheimeri p\u00e4ev!<\/p>\n<p>R\u00e4\u00e4gime dementsusest! Seda ka p\u00e4rast septembrit!<\/p>\n","protected":false},"excerpt":{"rendered":"<p>September on rahvusvaheline Alzheimeri kuu. Septembris viiakse \u00fcle maailma ellu erinevaid kampaaniaid, mille eesm\u00e4rk on t\u00f5sta inimeste teadlikkust ning v\u00e4hendada dementsusega seotud stigmatiseeritust.\u00a0 Sellel aastal on kampaaniate p\u00f5his\u00f5numiks: &#171;R\u00e4\u00e4gime dementsusest!&#187; Eestis elab hinnanguliselt natuke \u00fcle 21 tuhande dementsusega inimese. Maailmas elab 50 miljonit dementsusega inimest ning iga 3 sekundi j\u00e4rel on maailmas kellelgi kujunemas dementsus. [&hellip;]<\/p>\n","protected":false},"author":2,"featured_media":1014,"comment_status":"open","ping_status":"open","sticky":false,"template":"","format":"standard","meta":{"footnotes":""},"categories":[1],"tags":[],"autor":[],"class_list":["post-1032","post","type-post","status-publish","format-standard","has-post-thumbnail","hentry","category-maaratlemata"],"yoast_head":"<!-- This site is optimized with the Yoast SEO plugin v26.2 - https:\/\/yoast.com\/wordpress\/plugins\/seo\/ -->\n<title>R\u00e4\u00e4gime dementsusest! - Dementsuse Kompetentsikeskus<\/title>\n<meta name=\"robots\" content=\"index, follow, max-snippet:-1, max-image-preview:large, max-video-preview:-1\" \/>\n<link rel=\"canonical\" href=\"https:\/\/dementsus.ee\/ru\/raagime-dementsusest\/\" \/>\n<meta property=\"og:locale\" content=\"ru_RU\" \/>\n<meta property=\"og:type\" content=\"article\" \/>\n<meta property=\"og:title\" content=\"R\u00e4\u00e4gime dementsusest! - Dementsuse Kompetentsikeskus\" \/>\n<meta property=\"og:description\" content=\"September on rahvusvaheline Alzheimeri kuu. Septembris viiakse \u00fcle maailma ellu erinevaid kampaaniaid, mille eesm\u00e4rk on t\u00f5sta inimeste teadlikkust ning v\u00e4hendada dementsusega seotud stigmatiseeritust.\u00a0 Sellel aastal on kampaaniate p\u00f5his\u00f5numiks: &#171;R\u00e4\u00e4gime dementsusest!&#187; Eestis elab hinnanguliselt natuke \u00fcle 21 tuhande dementsusega inimese. Maailmas elab 50 miljonit dementsusega inimest ning iga 3 sekundi j\u00e4rel on maailmas kellelgi kujunemas dementsus. [&hellip;]\" \/>\n<meta property=\"og:url\" content=\"https:\/\/dementsus.ee\/ru\/raagime-dementsusest\/\" \/>\n<meta property=\"og:site_name\" content=\"Dementsuse Kompetentsikeskus\" \/>\n<meta property=\"article:published_time\" content=\"2019-09-12T15:58:10+00:00\" \/>\n<meta property=\"og:image\" content=\"https:\/\/dementsus.ee\/wp-content\/uploads\/2019\/09\/RaagimeDementsusest_576x468px-100.jpg\" \/>\n\t<meta property=\"og:image:width\" content=\"576\" \/>\n\t<meta property=\"og:image:height\" content=\"468\" \/>\n\t<meta property=\"og:image:type\" content=\"image\/jpeg\" \/>\n<meta name=\"author\" content=\"Kermo\" \/>\n<meta name=\"twitter:card\" content=\"summary_large_image\" \/>\n<meta name=\"twitter:label1\" content=\"\u041d\u0430\u043f\u0438\u0441\u0430\u043d\u043e \u0430\u0432\u0442\u043e\u0440\u043e\u043c\" \/>\n\t<meta name=\"twitter:data1\" content=\"Kermo\" \/>\n\t<meta name=\"twitter:label2\" content=\"\u041f\u0440\u0438\u043c\u0435\u0440\u043d\u043e\u0435 \u0432\u0440\u0435\u043c\u044f \u0434\u043b\u044f \u0447\u0442\u0435\u043d\u0438\u044f\" \/>\n\t<meta name=\"twitter:data2\" content=\"1 \u043c\u0438\u043d\u0443\u0442\u0430\" \/>\n<script type=\"application\/ld+json\" class=\"yoast-schema-graph\">{\"@context\":\"https:\/\/schema.org\",\"@graph\":[{\"@type\":\"Article\",\"@id\":\"https:\/\/dementsus.ee\/ru\/raagime-dementsusest\/#article\",\"isPartOf\":{\"@id\":\"https:\/\/dementsus.ee\/ru\/raagime-dementsusest\/\"},\"author\":{\"name\":\"Kermo\",\"@id\":\"https:\/\/dementsus.ee\/ru\/#\/schema\/person\/dd93d64f20e6c5add626937f6b5931ed\"},\"headline\":\"R\u00e4\u00e4gime dementsusest!\",\"datePublished\":\"2019-09-12T15:58:10+00:00\",\"mainEntityOfPage\":{\"@id\":\"https:\/\/dementsus.ee\/ru\/raagime-dementsusest\/\"},\"wordCount\":291,\"commentCount\":0,\"publisher\":{\"@id\":\"https:\/\/dementsus.ee\/ru\/#organization\"},\"image\":{\"@id\":\"https:\/\/dementsus.ee\/ru\/raagime-dementsusest\/#primaryimage\"},\"thumbnailUrl\":\"https:\/\/dementsus.ee\/wp-content\/uploads\/2019\/09\/RaagimeDementsusest_576x468px-100.jpg\",\"articleSection\":[\"M\u00e4\u00e4ratlemata\"],\"inLanguage\":\"ru-RU\"},{\"@type\":\"WebPage\",\"@id\":\"https:\/\/dementsus.ee\/ru\/raagime-dementsusest\/\",\"url\":\"https:\/\/dementsus.ee\/ru\/raagime-dementsusest\/\",\"name\":\"R\u00e4\u00e4gime dementsusest! - Dementsuse Kompetentsikeskus\",\"isPartOf\":{\"@id\":\"https:\/\/dementsus.ee\/ru\/#website\"},\"primaryImageOfPage\":{\"@id\":\"https:\/\/dementsus.ee\/ru\/raagime-dementsusest\/#primaryimage\"},\"image\":{\"@id\":\"https:\/\/dementsus.ee\/ru\/raagime-dementsusest\/#primaryimage\"},\"thumbnailUrl\":\"https:\/\/dementsus.ee\/wp-content\/uploads\/2019\/09\/RaagimeDementsusest_576x468px-100.jpg\",\"datePublished\":\"2019-09-12T15:58:10+00:00\",\"breadcrumb\":{\"@id\":\"https:\/\/dementsus.ee\/ru\/raagime-dementsusest\/#breadcrumb\"},\"inLanguage\":\"ru-RU\",\"potentialAction\":[{\"@type\":\"ReadAction\",\"target\":[\"https:\/\/dementsus.ee\/ru\/raagime-dementsusest\/\"]}]},{\"@type\":\"ImageObject\",\"inLanguage\":\"ru-RU\",\"@id\":\"https:\/\/dementsus.ee\/ru\/raagime-dementsusest\/#primaryimage\",\"url\":\"https:\/\/dementsus.ee\/wp-content\/uploads\/2019\/09\/RaagimeDementsusest_576x468px-100.jpg\",\"contentUrl\":\"https:\/\/dementsus.ee\/wp-content\/uploads\/2019\/09\/RaagimeDementsusest_576x468px-100.jpg\",\"width\":576,\"height\":468},{\"@type\":\"BreadcrumbList\",\"@id\":\"https:\/\/dementsus.ee\/ru\/raagime-dementsusest\/#breadcrumb\",\"itemListElement\":[{\"@type\":\"ListItem\",\"position\":1,\"name\":\"Esileht\",\"item\":\"https:\/\/dementsus.ee\/ru\/\"},{\"@type\":\"ListItem\",\"position\":2,\"name\":\"R\u00e4\u00e4gime dementsusest!\"}]},{\"@type\":\"WebSite\",\"@id\":\"https:\/\/dementsus.ee\/ru\/#website\",\"url\":\"https:\/\/dementsus.ee\/ru\/\",\"name\":\"Dementsuse Kompetentsikeskus\",\"description\":\"dementsuse info ja abi\",\"publisher\":{\"@id\":\"https:\/\/dementsus.ee\/ru\/#organization\"},\"potentialAction\":[{\"@type\":\"SearchAction\",\"target\":{\"@type\":\"EntryPoint\",\"urlTemplate\":\"https:\/\/dementsus.ee\/ru\/?s={search_term_string}\"},\"query-input\":{\"@type\":\"PropertyValueSpecification\",\"valueRequired\":true,\"valueName\":\"search_term_string\"}}],\"inLanguage\":\"ru-RU\"},{\"@type\":\"Organization\",\"@id\":\"https:\/\/dementsus.ee\/ru\/#organization\",\"name\":\"Dementsuse Kompetentsikeskus\",\"url\":\"https:\/\/dementsus.ee\/ru\/\",\"logo\":{\"@type\":\"ImageObject\",\"inLanguage\":\"ru-RU\",\"@id\":\"https:\/\/dementsus.ee\/ru\/#\/schema\/logo\/image\/\",\"url\":\"https:\/\/dementsus.ee\/wp-content\/uploads\/2023\/07\/ED_logo_kodukale.svg\",\"contentUrl\":\"https:\/\/dementsus.ee\/wp-content\/uploads\/2023\/07\/ED_logo_kodukale.svg\",\"caption\":\"Dementsuse Kompetentsikeskus\"},\"image\":{\"@id\":\"https:\/\/dementsus.ee\/ru\/#\/schema\/logo\/image\/\"}},{\"@type\":\"Person\",\"@id\":\"https:\/\/dementsus.ee\/ru\/#\/schema\/person\/dd93d64f20e6c5add626937f6b5931ed\",\"name\":\"Kermo\",\"image\":{\"@type\":\"ImageObject\",\"inLanguage\":\"ru-RU\",\"@id\":\"https:\/\/dementsus.ee\/ru\/#\/schema\/person\/image\/\",\"url\":\"https:\/\/secure.gravatar.com\/avatar\/b2f0128e9063b66b5c6e595d8f4c39037d52f729089f1ad5afc34656e1d58a64?s=96&d=mm&r=g\",\"contentUrl\":\"https:\/\/secure.gravatar.com\/avatar\/b2f0128e9063b66b5c6e595d8f4c39037d52f729089f1ad5afc34656e1d58a64?s=96&d=mm&r=g\",\"caption\":\"Kermo\"},\"url\":\"https:\/\/dementsus.ee\/ru\/author\/kermo\/\"}]}<\/script>\n<!-- \/ Yoast SEO plugin. -->","yoast_head_json":{"title":"R\u00e4\u00e4gime dementsusest! - Dementsuse Kompetentsikeskus","robots":{"index":"index","follow":"follow","max-snippet":"max-snippet:-1","max-image-preview":"max-image-preview:large","max-video-preview":"max-video-preview:-1"},"canonical":"https:\/\/dementsus.ee\/ru\/raagime-dementsusest\/","og_locale":"ru_RU","og_type":"article","og_title":"R\u00e4\u00e4gime dementsusest! - Dementsuse Kompetentsikeskus","og_description":"September on rahvusvaheline Alzheimeri kuu. Septembris viiakse \u00fcle maailma ellu erinevaid kampaaniaid, mille eesm\u00e4rk on t\u00f5sta inimeste teadlikkust ning v\u00e4hendada dementsusega seotud stigmatiseeritust.\u00a0 Sellel aastal on kampaaniate p\u00f5his\u00f5numiks: &#171;R\u00e4\u00e4gime dementsusest!&#187; Eestis elab hinnanguliselt natuke \u00fcle 21 tuhande dementsusega inimese. Maailmas elab 50 miljonit dementsusega inimest ning iga 3 sekundi j\u00e4rel on maailmas kellelgi kujunemas dementsus. [&hellip;]","og_url":"https:\/\/dementsus.ee\/ru\/raagime-dementsusest\/","og_site_name":"Dementsuse Kompetentsikeskus","article_published_time":"2019-09-12T15:58:10+00:00","og_image":[{"width":576,"height":468,"url":"https:\/\/dementsus.ee\/wp-content\/uploads\/2019\/09\/RaagimeDementsusest_576x468px-100.jpg","type":"image\/jpeg"}],"author":"Kermo","twitter_card":"summary_large_image","twitter_misc":{"\u041d\u0430\u043f\u0438\u0441\u0430\u043d\u043e \u0430\u0432\u0442\u043e\u0440\u043e\u043c":"Kermo","\u041f\u0440\u0438\u043c\u0435\u0440\u043d\u043e\u0435 \u0432\u0440\u0435\u043c\u044f \u0434\u043b\u044f \u0447\u0442\u0435\u043d\u0438\u044f":"1 \u043c\u0438\u043d\u0443\u0442\u0430"},"schema":{"@context":"https:\/\/schema.org","@graph":[{"@type":"Article","@id":"https:\/\/dementsus.ee\/ru\/raagime-dementsusest\/#article","isPartOf":{"@id":"https:\/\/dementsus.ee\/ru\/raagime-dementsusest\/"},"author":{"name":"Kermo","@id":"https:\/\/dementsus.ee\/ru\/#\/schema\/person\/dd93d64f20e6c5add626937f6b5931ed"},"headline":"R\u00e4\u00e4gime dementsusest!","datePublished":"2019-09-12T15:58:10+00:00","mainEntityOfPage":{"@id":"https:\/\/dementsus.ee\/ru\/raagime-dementsusest\/"},"wordCount":291,"commentCount":0,"publisher":{"@id":"https:\/\/dementsus.ee\/ru\/#organization"},"image":{"@id":"https:\/\/dementsus.ee\/ru\/raagime-dementsusest\/#primaryimage"},"thumbnailUrl":"https:\/\/dementsus.ee\/wp-content\/uploads\/2019\/09\/RaagimeDementsusest_576x468px-100.jpg","articleSection":["M\u00e4\u00e4ratlemata"],"inLanguage":"ru-RU"},{"@type":"WebPage","@id":"https:\/\/dementsus.ee\/ru\/raagime-dementsusest\/","url":"https:\/\/dementsus.ee\/ru\/raagime-dementsusest\/","name":"R\u00e4\u00e4gime dementsusest! - Dementsuse Kompetentsikeskus","isPartOf":{"@id":"https:\/\/dementsus.ee\/ru\/#website"},"primaryImageOfPage":{"@id":"https:\/\/dementsus.ee\/ru\/raagime-dementsusest\/#primaryimage"},"image":{"@id":"https:\/\/dementsus.ee\/ru\/raagime-dementsusest\/#primaryimage"},"thumbnailUrl":"https:\/\/dementsus.ee\/wp-content\/uploads\/2019\/09\/RaagimeDementsusest_576x468px-100.jpg","datePublished":"2019-09-12T15:58:10+00:00","breadcrumb":{"@id":"https:\/\/dementsus.ee\/ru\/raagime-dementsusest\/#breadcrumb"},"inLanguage":"ru-RU","potentialAction":[{"@type":"ReadAction","target":["https:\/\/dementsus.ee\/ru\/raagime-dementsusest\/"]}]},{"@type":"ImageObject","inLanguage":"ru-RU","@id":"https:\/\/dementsus.ee\/ru\/raagime-dementsusest\/#primaryimage","url":"https:\/\/dementsus.ee\/wp-content\/uploads\/2019\/09\/RaagimeDementsusest_576x468px-100.jpg","contentUrl":"https:\/\/dementsus.ee\/wp-content\/uploads\/2019\/09\/RaagimeDementsusest_576x468px-100.jpg","width":576,"height":468},{"@type":"BreadcrumbList","@id":"https:\/\/dementsus.ee\/ru\/raagime-dementsusest\/#breadcrumb","itemListElement":[{"@type":"ListItem","position":1,"name":"Esileht","item":"https:\/\/dementsus.ee\/ru\/"},{"@type":"ListItem","position":2,"name":"R\u00e4\u00e4gime dementsusest!"}]},{"@type":"WebSite","@id":"https:\/\/dementsus.ee\/ru\/#website","url":"https:\/\/dementsus.ee\/ru\/","name":"Dementsuse Kompetentsikeskus","description":"dementsuse info ja abi","publisher":{"@id":"https:\/\/dementsus.ee\/ru\/#organization"},"potentialAction":[{"@type":"SearchAction","target":{"@type":"EntryPoint","urlTemplate":"https:\/\/dementsus.ee\/ru\/?s={search_term_string}"},"query-input":{"@type":"PropertyValueSpecification","valueRequired":true,"valueName":"search_term_string"}}],"inLanguage":"ru-RU"},{"@type":"Organization","@id":"https:\/\/dementsus.ee\/ru\/#organization","name":"Dementsuse Kompetentsikeskus","url":"https:\/\/dementsus.ee\/ru\/","logo":{"@type":"ImageObject","inLanguage":"ru-RU","@id":"https:\/\/dementsus.ee\/ru\/#\/schema\/logo\/image\/","url":"https:\/\/dementsus.ee\/wp-content\/uploads\/2023\/07\/ED_logo_kodukale.svg","contentUrl":"https:\/\/dementsus.ee\/wp-content\/uploads\/2023\/07\/ED_logo_kodukale.svg","caption":"Dementsuse Kompetentsikeskus"},"image":{"@id":"https:\/\/dementsus.ee\/ru\/#\/schema\/logo\/image\/"}},{"@type":"Person","@id":"https:\/\/dementsus.ee\/ru\/#\/schema\/person\/dd93d64f20e6c5add626937f6b5931ed","name":"Kermo","image":{"@type":"ImageObject","inLanguage":"ru-RU","@id":"https:\/\/dementsus.ee\/ru\/#\/schema\/person\/image\/","url":"https:\/\/secure.gravatar.com\/avatar\/b2f0128e9063b66b5c6e595d8f4c39037d52f729089f1ad5afc34656e1d58a64?s=96&d=mm&r=g","contentUrl":"https:\/\/secure.gravatar.com\/avatar\/b2f0128e9063b66b5c6e595d8f4c39037d52f729089f1ad5afc34656e1d58a64?s=96&d=mm&r=g","caption":"Kermo"},"url":"https:\/\/dementsus.ee\/ru\/author\/kermo\/"}]}},"_links":{"self":[{"href":"https:\/\/dementsus.ee\/ru\/wp-json\/wp\/v2\/posts\/1032","targetHints":{"allow":["GET"]}}],"collection":[{"href":"https:\/\/dementsus.ee\/ru\/wp-json\/wp\/v2\/posts"}],"about":[{"href":"https:\/\/dementsus.ee\/ru\/wp-json\/wp\/v2\/types\/post"}],"author":[{"embeddable":true,"href":"https:\/\/dementsus.ee\/ru\/wp-json\/wp\/v2\/users\/2"}],"replies":[{"embeddable":true,"href":"https:\/\/dementsus.ee\/ru\/wp-json\/wp\/v2\/comments?post=1032"}],"version-history":[{"count":0,"href":"https:\/\/dementsus.ee\/ru\/wp-json\/wp\/v2\/posts\/1032\/revisions"}],"wp:featuredmedia":[{"embeddable":true,"href":"https:\/\/dementsus.ee\/ru\/wp-json\/wp\/v2\/media\/1014"}],"wp:attachment":[{"href":"https:\/\/dementsus.ee\/ru\/wp-json\/wp\/v2\/media?parent=1032"}],"wp:term":[{"taxonomy":"category","embeddable":true,"href":"https:\/\/dementsus.ee\/ru\/wp-json\/wp\/v2\/categories?post=1032"},{"taxonomy":"post_tag","embeddable":true,"href":"https:\/\/dementsus.ee\/ru\/wp-json\/wp\/v2\/tags?post=1032"},{"taxonomy":"autor","embeddable":true,"href":"https:\/\/dementsus.ee\/ru\/wp-json\/wp\/v2\/autor?post=1032"}],"curies":[{"name":"wp","href":"https:\/\/api.w.org\/{rel}","templated":true}]}}