{"id":1130,"date":"2019-10-10T07:56:32","date_gmt":"2019-10-10T07:56:32","guid":{"rendered":"https:\/\/eludementsusega.ee\/?p=1130"},"modified":"2019-10-10T07:56:32","modified_gmt":"2019-10-10T07:56:32","slug":"mis-aasta-meil-on","status":"publish","type":"post","link":"https:\/\/dementsus.ee\/ru\/mis-aasta-meil-on\/","title":{"rendered":"Mis aasta meil on?"},"content":{"rendered":"<p>Rahvusvaheline konverents <strong>MIS AASTA MEIL ON?<\/strong>\u00a0 T\u00dc Narva kolled\u017eis 19. 09. 2019 pakkus dementsuse kultuuritundlikku k\u00e4sitlust, v\u00f5ttis ette tabuteemad eakate hoolduses ning tutvustas hoolduse praktikaid teistes riikides.<\/p>\n<p>Konverentsi esinejateks olid \u00fcle-Euroopalise v\u00f5rgustiku Kultuuridevaheline Eakate Hooldus (<a href=\"https:\/\/www.eniec.com\/\" target=\"_blank\" rel=\"noopener noreferrer\"><em>European Network on Intercultural Elderly Care<\/em><\/a>) liikmed. \u201eVananemine on ainus v\u00f5imalus pikaks eluks\u201c \u2013 on v\u00f5rgustiku moto ning l\u00e4htekohaks m\u00f5te, et inimeste v\u00f5imestamisel on vaja aru saada nende v\u00e4\u00e4rtustest ja kultuurist.<\/p>\n<figure id=\"attachment_1134\" aria-describedby=\"caption-attachment-1134\" style=\"width: 960px\" class=\"wp-caption alignnone\"><img fetchpriority=\"high\" decoding=\"async\" class=\"wp-image-1134 size-full\" src=\"https:\/\/eludementsusega.ee\/app\/uploads\/2019\/10\/71388281_545389049546588_1882067773052420096_n.jpg\" alt=\"\" width=\"960\" height=\"720\" srcset=\"https:\/\/dementsus.ee\/wp-content\/uploads\/2019\/10\/71388281_545389049546588_1882067773052420096_n.jpg 960w, https:\/\/dementsus.ee\/wp-content\/uploads\/2019\/10\/71388281_545389049546588_1882067773052420096_n-600x450.jpg 600w, https:\/\/dementsus.ee\/wp-content\/uploads\/2019\/10\/71388281_545389049546588_1882067773052420096_n-300x225.jpg 300w, https:\/\/dementsus.ee\/wp-content\/uploads\/2019\/10\/71388281_545389049546588_1882067773052420096_n-768x576.jpg 768w\" sizes=\"(max-width: 960px) 100vw, 960px\" \/><figcaption id=\"caption-attachment-1134\" class=\"wp-caption-text\">ENIECi meeskond Narvas<\/figcaption><\/figure>\n<p>Siiri Jaakson r\u00e4\u00e4kis oma ettekandes <strong>kultuuritundlikust l\u00e4henemisest m\u00e4lut\u00f6\u00f6s<\/strong> Soomes. Igap\u00e4evaselt tegeleb ta erinevatest rahvustest inimestega, keda puudutavad m\u00e4luprobleemid. Soomlased kasutavad dementsuse asemel s\u00f5nu, mis on seotud m\u00e4luga.<\/p>\n<p>Kultuuri-j\u00e4\u00e4m\u00e4gi koosneb veepealsest n\u00e4htavast ja veelausest n\u00e4htamatust osast. T\u00f6\u00f6s eri rahvusest inimestega tuleb teadlik olla m\u00f5lemast. Lihtne on m\u00e4rgata erinevat riietust, kuulda erinevat keelt v\u00f5i m\u00e4rgata kombeid, keerulisem on tabada teise rahvuse v\u00e4\u00e4rtusi, t\u00f5ekspidamisi, tabusid, hoiakuid, rituaale v\u00f5i usku.<\/p>\n<figure id=\"attachment_1133\" aria-describedby=\"caption-attachment-1133\" style=\"width: 960px\" class=\"wp-caption alignnone\"><img decoding=\"async\" class=\"wp-image-1133 size-full\" src=\"https:\/\/eludementsusega.ee\/app\/uploads\/2019\/10\/71111843_545390289546464_7082450875544764416_n.jpg\" alt=\"\" width=\"960\" height=\"720\" srcset=\"https:\/\/dementsus.ee\/wp-content\/uploads\/2019\/10\/71111843_545390289546464_7082450875544764416_n.jpg 960w, https:\/\/dementsus.ee\/wp-content\/uploads\/2019\/10\/71111843_545390289546464_7082450875544764416_n-600x450.jpg 600w, https:\/\/dementsus.ee\/wp-content\/uploads\/2019\/10\/71111843_545390289546464_7082450875544764416_n-300x225.jpg 300w, https:\/\/dementsus.ee\/wp-content\/uploads\/2019\/10\/71111843_545390289546464_7082450875544764416_n-768x576.jpg 768w\" sizes=\"(max-width: 960px) 100vw, 960px\" \/><figcaption id=\"caption-attachment-1133\" class=\"wp-caption-text\">Siiri Jaakson ja konverentsi moderaator Miret Tuur<\/figcaption><\/figure>\n<p>Esimene barj\u00e4\u00e4r on aga see, kuidas saab teisekeelne elanikkond informatsiooni tugis\u00fcsteemidest, teenustest ja v\u00f5imalustest. V\u00f5\u00f5rkeelse inimese, kellel on probleem, \u00fclesleidmine on esimene samm ja see pole lihtne. Ka edasine pole lihtne.\u00a0 Teises kultuuris v\u00f5ib-olla ei tuntagi sellist haigust nagu Alzheimeri t\u00f5bi, kuigi inimestel seda ikka esineb.\u00a0 Vahel pole isegi v\u00e4ljendeid, kuidas haigusest r\u00e4\u00e4kida. Soomes aitavad teise kultuuri- ja keeletaustaga inimesi testide l\u00e4biviimisel ja suhtlemisel m\u00e4lut\u00f5lgid.<\/p>\n<p>M\u00e4luh\u00e4ired ei s\u00f5ltu keelest, kultuurist ega rahvusest, \u00fctles Siiri Jaakson l\u00f5petuseks, k\u00fcll on aga vaja erilist l\u00e4henemist erinevatele rahvustele.<\/p>\n<p>Dr Jennifer R. van den Broeke teemaks oli <strong>standard- ja dementsushooldus inimestele, kelle tervisealane teadlikkus on madal<\/strong>.<\/p>\n<p>Hollandis on hooldus ja hoolduskulud tervishoius\u00fcsteemi osa,\u00a0 sotsiaals\u00fcsteem tuleb appi koduteenuste pakkumisel. Tervisealane teadlikkus v\u00f5i kirjaoskus ei ole omane k\u00f5igile, tervishoiut\u00f6\u00f6tajatest arusaamine ning teenustele p\u00e4\u00e4semine v\u00f5ib n\u00f5uda eelteadmisi, mida igal inimesel ei ole. Hinnatakse, et Hollandis on 1\/3 inimestest madal tervisealane teadlikkus.\u00a0 Seda arvestades t\u00f6\u00f6tati koos erinevate ekspertidega v\u00e4lja 25 soovitust, millised on head hooldusteenused dementsuse puhul. N\u00e4itena:\u00a0 igal dementsuss\u00fcndroomiga inimesel peab olema juhtumikorraldaja ehk \u00fcks n\u00f5ustaja, kelle poolde saab p\u00f6\u00f6rduda k\u00f5ikides hoolduse ja raviga seotud k\u00fcsimustes. Sama juhtumikorraldaja j\u00e4\u00e4b inimese ja tema perega aastateks, kuni elu l\u00f5puni. Dementsusega inimestele tehakse \u00fcks hooldus- ja eluplaan, mis h\u00f5lmab ravi- , hooldus- ja\u00a0 sotsiaalteenuseid.<\/p>\n<figure id=\"attachment_1139\" aria-describedby=\"caption-attachment-1139\" style=\"width: 1024px\" class=\"wp-caption alignnone\"><img decoding=\"async\" class=\"wp-image-1139 size-large\" src=\"https:\/\/eludementsusega.ee\/app\/uploads\/2019\/10\/IMG_1715-Edit-1024x683.jpg\" alt=\"\" width=\"1024\" height=\"683\" srcset=\"https:\/\/dementsus.ee\/wp-content\/uploads\/2019\/10\/IMG_1715-Edit-1024x683.jpg 1024w, https:\/\/dementsus.ee\/wp-content\/uploads\/2019\/10\/IMG_1715-Edit-600x400.jpg 600w, https:\/\/dementsus.ee\/wp-content\/uploads\/2019\/10\/IMG_1715-Edit-300x200.jpg 300w, https:\/\/dementsus.ee\/wp-content\/uploads\/2019\/10\/IMG_1715-Edit-768x512.jpg 768w, https:\/\/dementsus.ee\/wp-content\/uploads\/2019\/10\/IMG_1715-Edit-1536x1024.jpg 1536w, https:\/\/dementsus.ee\/wp-content\/uploads\/2019\/10\/IMG_1715-Edit.jpg 1920w\" sizes=\"(max-width: 1024px) 100vw, 1024px\" \/><figcaption id=\"caption-attachment-1139\" class=\"wp-caption-text\">Jennifer R. van den Broeke<\/figcaption><\/figure>\n<p>Soovitustega k\u00e4ivad kaasas kvaliteediindikaatorid, mille j\u00e4rgi\u00a0 iga teenusepakkuja saab oma teenuseid hinnata.<\/p>\n<p>Dr Frans R. Hoogeveen, kes on ps\u00fchholoog, \u00fctles alustuseks, et oluline on inimene, \u00fcksk\u00f5ik mis diagnoos tal on ning j\u00e4tkas teemadega, mis on tabudeks paljudes kultuurides ja riikides: <strong>intiimsus ja seksuaalsus<\/strong>.\u00a0\u00a0 Ometi on need kaks inimeste baasvajadused, s\u00f5ltumata vanusest, nahav\u00e4rvist, haigusest v\u00f5i v\u00e4ljan\u00e4gemisest.<\/p>\n<p>Vanas eas on intiimsus ja seksuaalsus enamasti keelatud teemad. Ometi on intiimsusvajadus endiselt olemas &#8212; vajadus puudutuste j\u00e4rele suureneb vanuse t\u00f5usuga, t\u00f5i eakas Hollandi vanapaar v\u00e4lja konverentsil n\u00e4idatud videoklipis. Enamgi veel &#8212; kaks dementsusus\u00fcndroomiga inimest hooldekodus v\u00f5ivad armuda ning see v\u00f5ib \u00e4ra v\u00f5tta depressiooni. K\u00fcsimus on, kuidas suhtuvad sellesse l\u00e4hedased, hooldekodu personal ning teised kliendid.<\/p>\n<p><img loading=\"lazy\" decoding=\"async\" class=\"alignnone wp-image-1135 size-large\" src=\"https:\/\/eludementsusega.ee\/app\/uploads\/2019\/10\/FBkaart-1024x683.jpg\" alt=\"\" width=\"1024\" height=\"683\" srcset=\"https:\/\/dementsus.ee\/wp-content\/uploads\/2019\/10\/FBkaart-1024x683.jpg 1024w, https:\/\/dementsus.ee\/wp-content\/uploads\/2019\/10\/FBkaart-600x400.jpg 600w, https:\/\/dementsus.ee\/wp-content\/uploads\/2019\/10\/FBkaart-300x200.jpg 300w, https:\/\/dementsus.ee\/wp-content\/uploads\/2019\/10\/FBkaart-768x512.jpg 768w, https:\/\/dementsus.ee\/wp-content\/uploads\/2019\/10\/FBkaart-1536x1024.jpg 1536w, https:\/\/dementsus.ee\/wp-content\/uploads\/2019\/10\/FBkaart.jpg 1920w\" sizes=\"(max-width: 1024px) 100vw, 1024px\" \/><\/p>\n<p>Esineja t\u00f5i n\u00e4ite oma dementsuss\u00fcndroomiga l\u00e4hedasest, kelle paanikahooge hooldekodus vaigistas teise dementsusega inimese l\u00e4hedus. Kas intiimsust peaks keelama v\u00f5i soodustama \u2013 see k\u00fcsimus on nii emotsionaalne, et ratsionaalsed argumendid tihti ei t\u00f6\u00f6ta.<\/p>\n<p>Conny van der Aalsvoort r\u00e4\u00e4kis <strong>dementsuss\u00fcndroomiga inimese hooldajast<\/strong> \u2013 ka teda ei saa \u00e4ra unustada.<\/p>\n<p>Palju dementsusega inimesi Hollandis j\u00e4tkab teenuste toel v\u00f5i hooldaja abil kodus elamist, hooldekodu on alles\u00a0 viimane samm. Hooldamine on emotsionaalselt raske ning hooldaja v\u00f5ib ise tunda end isoleerituna &#8212; keskmes on alati hooldust vajav inimene ja hooldaja mured j\u00e4\u00e4vad tema varju. Selleks, et\u00a0 omastehooldaja puhata saaks, tulevad appi vabatahtlikud. <em>Home instead<\/em> (kodu asendus\/asendaja) on teenus, kus tasustatud professionaal annab hooldajale puhkust. Hooldaja n\u00f5ustamiseks on olemas ka spetsiaalne konsultant, kes tegeleb \u00fcksnes hooldaja enda murede ja probleemidega. \u00a0\u00a0Hooldaja toetamisele p\u00f6\u00f6ratakse t\u00e4helepanu, puhkuse v\u00f5imaldamine on vajalik, oma muredest r\u00e4\u00e4kimine samuti.<\/p>\n<figure id=\"attachment_1141\" aria-describedby=\"caption-attachment-1141\" style=\"width: 1024px\" class=\"wp-caption alignnone\"><img loading=\"lazy\" decoding=\"async\" class=\"wp-image-1141 size-large\" src=\"https:\/\/eludementsusega.ee\/app\/uploads\/2019\/10\/IMG_1726-1024x683.jpg\" alt=\"\" width=\"1024\" height=\"683\" srcset=\"https:\/\/dementsus.ee\/wp-content\/uploads\/2019\/10\/IMG_1726-1024x683.jpg 1024w, https:\/\/dementsus.ee\/wp-content\/uploads\/2019\/10\/IMG_1726-600x400.jpg 600w, https:\/\/dementsus.ee\/wp-content\/uploads\/2019\/10\/IMG_1726-300x200.jpg 300w, https:\/\/dementsus.ee\/wp-content\/uploads\/2019\/10\/IMG_1726-768x512.jpg 768w, https:\/\/dementsus.ee\/wp-content\/uploads\/2019\/10\/IMG_1726-1536x1024.jpg 1536w, https:\/\/dementsus.ee\/wp-content\/uploads\/2019\/10\/IMG_1726.jpg 1920w\" sizes=\"(max-width: 1024px) 100vw, 1024px\" \/><figcaption id=\"caption-attachment-1141\" class=\"wp-caption-text\">Conny van der Aalsvoort<\/figcaption><\/figure>\n<p>Ka kogukond peab olema teadlik dementsuss\u00fcndroomi erip\u00e4radest, nt kui dementsusega inimene on desorienteeritud v\u00f5i ei leia teed. Kohalikud omvalitsused loovad dementsuss\u00f5bralikku naabruskonda, korraldavad m\u00e4lukohvikuid ja punuvad v\u00f5rgustikke. <em>Odensemajad<\/em> on kohad, kuhu saab minna n\u00f5u k\u00fcsima ja aega veetma. Inimkeskne hooldus t\u00e4hendab, et tuleb l\u00e4htuda hooldust vajavast inimesest, tema hooldajast ning t\u00f5sta teadlikkust kogukonnas.<\/p>\n<figure id=\"attachment_1138\" aria-describedby=\"caption-attachment-1138\" style=\"width: 1024px\" class=\"wp-caption alignnone\"><img loading=\"lazy\" decoding=\"async\" class=\"wp-image-1138 size-large\" src=\"https:\/\/eludementsusega.ee\/app\/uploads\/2019\/10\/IMG_1713-1024x683.jpg\" alt=\"\" width=\"1024\" height=\"683\" srcset=\"https:\/\/dementsus.ee\/wp-content\/uploads\/2019\/10\/IMG_1713-1024x683.jpg 1024w, https:\/\/dementsus.ee\/wp-content\/uploads\/2019\/10\/IMG_1713-600x400.jpg 600w, https:\/\/dementsus.ee\/wp-content\/uploads\/2019\/10\/IMG_1713-300x200.jpg 300w, https:\/\/dementsus.ee\/wp-content\/uploads\/2019\/10\/IMG_1713-768x512.jpg 768w, https:\/\/dementsus.ee\/wp-content\/uploads\/2019\/10\/IMG_1713-1536x1024.jpg 1536w, https:\/\/dementsus.ee\/wp-content\/uploads\/2019\/10\/IMG_1713.jpg 1920w\" sizes=\"(max-width: 1024px) 100vw, 1024px\" \/><figcaption id=\"caption-attachment-1138\" class=\"wp-caption-text\">Ren\u00e9 Randver<\/figcaption><\/figure>\n<p>Eesti esinejatest andis sotsiaalministeeriumi hoolekande osakonna n\u00f5unik Ren\u00e9 Randver \u00fclevaate riigi tegevustest, mis on seotud dementsusega, Dementsuse Kompetentsikeskuse tegevjuht Miret Tuur r\u00e4\u00e4kis kompetentsikeskuse tegemistest ning MT\u00dc Elu Dementsusega juhatuse esimees Hanna-Stiina Heinmets jagas tugigruppide ja m\u00e4lukohvikute tegemise kogemusi.<\/p>\n<figure id=\"attachment_1142\" aria-describedby=\"caption-attachment-1142\" style=\"width: 1024px\" class=\"wp-caption alignnone\"><img loading=\"lazy\" decoding=\"async\" class=\"wp-image-1142 size-large\" src=\"https:\/\/eludementsusega.ee\/app\/uploads\/2019\/10\/IMG_1730-1024x683.jpg\" alt=\"\" width=\"1024\" height=\"683\" srcset=\"https:\/\/dementsus.ee\/wp-content\/uploads\/2019\/10\/IMG_1730-1024x683.jpg 1024w, https:\/\/dementsus.ee\/wp-content\/uploads\/2019\/10\/IMG_1730-600x400.jpg 600w, https:\/\/dementsus.ee\/wp-content\/uploads\/2019\/10\/IMG_1730-300x200.jpg 300w, https:\/\/dementsus.ee\/wp-content\/uploads\/2019\/10\/IMG_1730-768x512.jpg 768w, https:\/\/dementsus.ee\/wp-content\/uploads\/2019\/10\/IMG_1730-1536x1024.jpg 1536w, https:\/\/dementsus.ee\/wp-content\/uploads\/2019\/10\/IMG_1730.jpg 1920w\" sizes=\"(max-width: 1024px) 100vw, 1024px\" \/><figcaption id=\"caption-attachment-1142\" class=\"wp-caption-text\">Hanna-Stiina Heinmets<\/figcaption><\/figure>\n","protected":false},"excerpt":{"rendered":"<p>Rahvusvaheline konverents MIS AASTA MEIL ON?\u00a0 T\u00dc Narva kolled\u017eis 19. 09. 2019 pakkus dementsuse kultuuritundlikku k\u00e4sitlust, v\u00f5ttis ette tabuteemad eakate hoolduses ning tutvustas hoolduse praktikaid teistes riikides. Konverentsi esinejateks olid \u00fcle-Euroopalise v\u00f5rgustiku Kultuuridevaheline Eakate Hooldus (European Network on Intercultural Elderly Care) liikmed. \u201eVananemine on ainus v\u00f5imalus pikaks eluks\u201c \u2013 on v\u00f5rgustiku moto ning l\u00e4htekohaks m\u00f5te, [&hellip;]<\/p>\n","protected":false},"author":2,"featured_media":1134,"comment_status":"open","ping_status":"open","sticky":false,"template":"","format":"standard","meta":{"footnotes":""},"categories":[1],"tags":[],"autor":[],"class_list":["post-1130","post","type-post","status-publish","format-standard","has-post-thumbnail","hentry","category-maaratlemata"],"yoast_head":"<!-- This site is optimized with the Yoast SEO plugin v26.2 - https:\/\/yoast.com\/wordpress\/plugins\/seo\/ -->\n<title>Mis aasta meil on? - Dementsuse Kompetentsikeskus<\/title>\n<meta name=\"robots\" content=\"index, follow, max-snippet:-1, max-image-preview:large, max-video-preview:-1\" \/>\n<link rel=\"canonical\" href=\"https:\/\/dementsus.ee\/ru\/mis-aasta-meil-on\/\" \/>\n<meta property=\"og:locale\" content=\"ru_RU\" \/>\n<meta property=\"og:type\" content=\"article\" \/>\n<meta property=\"og:title\" content=\"Mis aasta meil on? - Dementsuse Kompetentsikeskus\" \/>\n<meta property=\"og:description\" content=\"Rahvusvaheline konverents MIS AASTA MEIL ON?\u00a0 T\u00dc Narva kolled\u017eis 19. 09. 2019 pakkus dementsuse kultuuritundlikku k\u00e4sitlust, v\u00f5ttis ette tabuteemad eakate hoolduses ning tutvustas hoolduse praktikaid teistes riikides. Konverentsi esinejateks olid \u00fcle-Euroopalise v\u00f5rgustiku Kultuuridevaheline Eakate Hooldus (European Network on Intercultural Elderly Care) liikmed. \u201eVananemine on ainus v\u00f5imalus pikaks eluks\u201c \u2013 on v\u00f5rgustiku moto ning l\u00e4htekohaks m\u00f5te, [&hellip;]\" \/>\n<meta property=\"og:url\" content=\"https:\/\/dementsus.ee\/ru\/mis-aasta-meil-on\/\" \/>\n<meta property=\"og:site_name\" content=\"Dementsuse Kompetentsikeskus\" \/>\n<meta property=\"article:published_time\" content=\"2019-10-10T07:56:32+00:00\" \/>\n<meta property=\"og:image\" content=\"https:\/\/dementsus.ee\/wp-content\/uploads\/2019\/10\/71388281_545389049546588_1882067773052420096_n.jpg\" \/>\n\t<meta property=\"og:image:width\" content=\"960\" \/>\n\t<meta property=\"og:image:height\" content=\"720\" \/>\n\t<meta property=\"og:image:type\" content=\"image\/jpeg\" \/>\n<meta name=\"author\" content=\"Kermo\" \/>\n<meta name=\"twitter:card\" content=\"summary_large_image\" \/>\n<meta name=\"twitter:label1\" content=\"\u041d\u0430\u043f\u0438\u0441\u0430\u043d\u043e \u0430\u0432\u0442\u043e\u0440\u043e\u043c\" \/>\n\t<meta name=\"twitter:data1\" content=\"Kermo\" \/>\n\t<meta name=\"twitter:label2\" content=\"\u041f\u0440\u0438\u043c\u0435\u0440\u043d\u043e\u0435 \u0432\u0440\u0435\u043c\u044f \u0434\u043b\u044f \u0447\u0442\u0435\u043d\u0438\u044f\" \/>\n\t<meta name=\"twitter:data2\" content=\"4 \u043c\u0438\u043d\u0443\u0442\u044b\" \/>\n<script type=\"application\/ld+json\" class=\"yoast-schema-graph\">{\"@context\":\"https:\/\/schema.org\",\"@graph\":[{\"@type\":\"Article\",\"@id\":\"https:\/\/dementsus.ee\/ru\/mis-aasta-meil-on\/#article\",\"isPartOf\":{\"@id\":\"https:\/\/dementsus.ee\/ru\/mis-aasta-meil-on\/\"},\"author\":{\"name\":\"Kermo\",\"@id\":\"https:\/\/dementsus.ee\/ru\/#\/schema\/person\/dd93d64f20e6c5add626937f6b5931ed\"},\"headline\":\"Mis aasta meil on?\",\"datePublished\":\"2019-10-10T07:56:32+00:00\",\"mainEntityOfPage\":{\"@id\":\"https:\/\/dementsus.ee\/ru\/mis-aasta-meil-on\/\"},\"wordCount\":852,\"commentCount\":0,\"publisher\":{\"@id\":\"https:\/\/dementsus.ee\/ru\/#organization\"},\"image\":{\"@id\":\"https:\/\/dementsus.ee\/ru\/mis-aasta-meil-on\/#primaryimage\"},\"thumbnailUrl\":\"https:\/\/dementsus.ee\/wp-content\/uploads\/2019\/10\/71388281_545389049546588_1882067773052420096_n.jpg\",\"articleSection\":[\"M\u00e4\u00e4ratlemata\"],\"inLanguage\":\"ru-RU\"},{\"@type\":\"WebPage\",\"@id\":\"https:\/\/dementsus.ee\/ru\/mis-aasta-meil-on\/\",\"url\":\"https:\/\/dementsus.ee\/ru\/mis-aasta-meil-on\/\",\"name\":\"Mis aasta meil on? - Dementsuse Kompetentsikeskus\",\"isPartOf\":{\"@id\":\"https:\/\/dementsus.ee\/ru\/#website\"},\"primaryImageOfPage\":{\"@id\":\"https:\/\/dementsus.ee\/ru\/mis-aasta-meil-on\/#primaryimage\"},\"image\":{\"@id\":\"https:\/\/dementsus.ee\/ru\/mis-aasta-meil-on\/#primaryimage\"},\"thumbnailUrl\":\"https:\/\/dementsus.ee\/wp-content\/uploads\/2019\/10\/71388281_545389049546588_1882067773052420096_n.jpg\",\"datePublished\":\"2019-10-10T07:56:32+00:00\",\"breadcrumb\":{\"@id\":\"https:\/\/dementsus.ee\/ru\/mis-aasta-meil-on\/#breadcrumb\"},\"inLanguage\":\"ru-RU\",\"potentialAction\":[{\"@type\":\"ReadAction\",\"target\":[\"https:\/\/dementsus.ee\/ru\/mis-aasta-meil-on\/\"]}]},{\"@type\":\"ImageObject\",\"inLanguage\":\"ru-RU\",\"@id\":\"https:\/\/dementsus.ee\/ru\/mis-aasta-meil-on\/#primaryimage\",\"url\":\"https:\/\/dementsus.ee\/wp-content\/uploads\/2019\/10\/71388281_545389049546588_1882067773052420096_n.jpg\",\"contentUrl\":\"https:\/\/dementsus.ee\/wp-content\/uploads\/2019\/10\/71388281_545389049546588_1882067773052420096_n.jpg\",\"width\":960,\"height\":720},{\"@type\":\"BreadcrumbList\",\"@id\":\"https:\/\/dementsus.ee\/ru\/mis-aasta-meil-on\/#breadcrumb\",\"itemListElement\":[{\"@type\":\"ListItem\",\"position\":1,\"name\":\"Esileht\",\"item\":\"https:\/\/dementsus.ee\/ru\/\"},{\"@type\":\"ListItem\",\"position\":2,\"name\":\"Mis aasta meil on?\"}]},{\"@type\":\"WebSite\",\"@id\":\"https:\/\/dementsus.ee\/ru\/#website\",\"url\":\"https:\/\/dementsus.ee\/ru\/\",\"name\":\"Dementsuse Kompetentsikeskus\",\"description\":\"dementsuse info ja abi\",\"publisher\":{\"@id\":\"https:\/\/dementsus.ee\/ru\/#organization\"},\"potentialAction\":[{\"@type\":\"SearchAction\",\"target\":{\"@type\":\"EntryPoint\",\"urlTemplate\":\"https:\/\/dementsus.ee\/ru\/?s={search_term_string}\"},\"query-input\":{\"@type\":\"PropertyValueSpecification\",\"valueRequired\":true,\"valueName\":\"search_term_string\"}}],\"inLanguage\":\"ru-RU\"},{\"@type\":\"Organization\",\"@id\":\"https:\/\/dementsus.ee\/ru\/#organization\",\"name\":\"Dementsuse Kompetentsikeskus\",\"url\":\"https:\/\/dementsus.ee\/ru\/\",\"logo\":{\"@type\":\"ImageObject\",\"inLanguage\":\"ru-RU\",\"@id\":\"https:\/\/dementsus.ee\/ru\/#\/schema\/logo\/image\/\",\"url\":\"https:\/\/dementsus.ee\/wp-content\/uploads\/2023\/07\/ED_logo_kodukale.svg\",\"contentUrl\":\"https:\/\/dementsus.ee\/wp-content\/uploads\/2023\/07\/ED_logo_kodukale.svg\",\"caption\":\"Dementsuse Kompetentsikeskus\"},\"image\":{\"@id\":\"https:\/\/dementsus.ee\/ru\/#\/schema\/logo\/image\/\"}},{\"@type\":\"Person\",\"@id\":\"https:\/\/dementsus.ee\/ru\/#\/schema\/person\/dd93d64f20e6c5add626937f6b5931ed\",\"name\":\"Kermo\",\"image\":{\"@type\":\"ImageObject\",\"inLanguage\":\"ru-RU\",\"@id\":\"https:\/\/dementsus.ee\/ru\/#\/schema\/person\/image\/\",\"url\":\"https:\/\/secure.gravatar.com\/avatar\/b2f0128e9063b66b5c6e595d8f4c39037d52f729089f1ad5afc34656e1d58a64?s=96&d=mm&r=g\",\"contentUrl\":\"https:\/\/secure.gravatar.com\/avatar\/b2f0128e9063b66b5c6e595d8f4c39037d52f729089f1ad5afc34656e1d58a64?s=96&d=mm&r=g\",\"caption\":\"Kermo\"},\"url\":\"https:\/\/dementsus.ee\/ru\/author\/kermo\/\"}]}<\/script>\n<!-- \/ Yoast SEO plugin. -->","yoast_head_json":{"title":"Mis aasta meil on? - Dementsuse Kompetentsikeskus","robots":{"index":"index","follow":"follow","max-snippet":"max-snippet:-1","max-image-preview":"max-image-preview:large","max-video-preview":"max-video-preview:-1"},"canonical":"https:\/\/dementsus.ee\/ru\/mis-aasta-meil-on\/","og_locale":"ru_RU","og_type":"article","og_title":"Mis aasta meil on? - Dementsuse Kompetentsikeskus","og_description":"Rahvusvaheline konverents MIS AASTA MEIL ON?\u00a0 T\u00dc Narva kolled\u017eis 19. 09. 2019 pakkus dementsuse kultuuritundlikku k\u00e4sitlust, v\u00f5ttis ette tabuteemad eakate hoolduses ning tutvustas hoolduse praktikaid teistes riikides. Konverentsi esinejateks olid \u00fcle-Euroopalise v\u00f5rgustiku Kultuuridevaheline Eakate Hooldus (European Network on Intercultural Elderly Care) liikmed. \u201eVananemine on ainus v\u00f5imalus pikaks eluks\u201c \u2013 on v\u00f5rgustiku moto ning l\u00e4htekohaks m\u00f5te, [&hellip;]","og_url":"https:\/\/dementsus.ee\/ru\/mis-aasta-meil-on\/","og_site_name":"Dementsuse Kompetentsikeskus","article_published_time":"2019-10-10T07:56:32+00:00","og_image":[{"width":960,"height":720,"url":"https:\/\/dementsus.ee\/wp-content\/uploads\/2019\/10\/71388281_545389049546588_1882067773052420096_n.jpg","type":"image\/jpeg"}],"author":"Kermo","twitter_card":"summary_large_image","twitter_misc":{"\u041d\u0430\u043f\u0438\u0441\u0430\u043d\u043e \u0430\u0432\u0442\u043e\u0440\u043e\u043c":"Kermo","\u041f\u0440\u0438\u043c\u0435\u0440\u043d\u043e\u0435 \u0432\u0440\u0435\u043c\u044f \u0434\u043b\u044f \u0447\u0442\u0435\u043d\u0438\u044f":"4 \u043c\u0438\u043d\u0443\u0442\u044b"},"schema":{"@context":"https:\/\/schema.org","@graph":[{"@type":"Article","@id":"https:\/\/dementsus.ee\/ru\/mis-aasta-meil-on\/#article","isPartOf":{"@id":"https:\/\/dementsus.ee\/ru\/mis-aasta-meil-on\/"},"author":{"name":"Kermo","@id":"https:\/\/dementsus.ee\/ru\/#\/schema\/person\/dd93d64f20e6c5add626937f6b5931ed"},"headline":"Mis aasta meil on?","datePublished":"2019-10-10T07:56:32+00:00","mainEntityOfPage":{"@id":"https:\/\/dementsus.ee\/ru\/mis-aasta-meil-on\/"},"wordCount":852,"commentCount":0,"publisher":{"@id":"https:\/\/dementsus.ee\/ru\/#organization"},"image":{"@id":"https:\/\/dementsus.ee\/ru\/mis-aasta-meil-on\/#primaryimage"},"thumbnailUrl":"https:\/\/dementsus.ee\/wp-content\/uploads\/2019\/10\/71388281_545389049546588_1882067773052420096_n.jpg","articleSection":["M\u00e4\u00e4ratlemata"],"inLanguage":"ru-RU"},{"@type":"WebPage","@id":"https:\/\/dementsus.ee\/ru\/mis-aasta-meil-on\/","url":"https:\/\/dementsus.ee\/ru\/mis-aasta-meil-on\/","name":"Mis aasta meil on? - Dementsuse Kompetentsikeskus","isPartOf":{"@id":"https:\/\/dementsus.ee\/ru\/#website"},"primaryImageOfPage":{"@id":"https:\/\/dementsus.ee\/ru\/mis-aasta-meil-on\/#primaryimage"},"image":{"@id":"https:\/\/dementsus.ee\/ru\/mis-aasta-meil-on\/#primaryimage"},"thumbnailUrl":"https:\/\/dementsus.ee\/wp-content\/uploads\/2019\/10\/71388281_545389049546588_1882067773052420096_n.jpg","datePublished":"2019-10-10T07:56:32+00:00","breadcrumb":{"@id":"https:\/\/dementsus.ee\/ru\/mis-aasta-meil-on\/#breadcrumb"},"inLanguage":"ru-RU","potentialAction":[{"@type":"ReadAction","target":["https:\/\/dementsus.ee\/ru\/mis-aasta-meil-on\/"]}]},{"@type":"ImageObject","inLanguage":"ru-RU","@id":"https:\/\/dementsus.ee\/ru\/mis-aasta-meil-on\/#primaryimage","url":"https:\/\/dementsus.ee\/wp-content\/uploads\/2019\/10\/71388281_545389049546588_1882067773052420096_n.jpg","contentUrl":"https:\/\/dementsus.ee\/wp-content\/uploads\/2019\/10\/71388281_545389049546588_1882067773052420096_n.jpg","width":960,"height":720},{"@type":"BreadcrumbList","@id":"https:\/\/dementsus.ee\/ru\/mis-aasta-meil-on\/#breadcrumb","itemListElement":[{"@type":"ListItem","position":1,"name":"Esileht","item":"https:\/\/dementsus.ee\/ru\/"},{"@type":"ListItem","position":2,"name":"Mis aasta meil on?"}]},{"@type":"WebSite","@id":"https:\/\/dementsus.ee\/ru\/#website","url":"https:\/\/dementsus.ee\/ru\/","name":"Dementsuse Kompetentsikeskus","description":"dementsuse info ja abi","publisher":{"@id":"https:\/\/dementsus.ee\/ru\/#organization"},"potentialAction":[{"@type":"SearchAction","target":{"@type":"EntryPoint","urlTemplate":"https:\/\/dementsus.ee\/ru\/?s={search_term_string}"},"query-input":{"@type":"PropertyValueSpecification","valueRequired":true,"valueName":"search_term_string"}}],"inLanguage":"ru-RU"},{"@type":"Organization","@id":"https:\/\/dementsus.ee\/ru\/#organization","name":"Dementsuse Kompetentsikeskus","url":"https:\/\/dementsus.ee\/ru\/","logo":{"@type":"ImageObject","inLanguage":"ru-RU","@id":"https:\/\/dementsus.ee\/ru\/#\/schema\/logo\/image\/","url":"https:\/\/dementsus.ee\/wp-content\/uploads\/2023\/07\/ED_logo_kodukale.svg","contentUrl":"https:\/\/dementsus.ee\/wp-content\/uploads\/2023\/07\/ED_logo_kodukale.svg","caption":"Dementsuse Kompetentsikeskus"},"image":{"@id":"https:\/\/dementsus.ee\/ru\/#\/schema\/logo\/image\/"}},{"@type":"Person","@id":"https:\/\/dementsus.ee\/ru\/#\/schema\/person\/dd93d64f20e6c5add626937f6b5931ed","name":"Kermo","image":{"@type":"ImageObject","inLanguage":"ru-RU","@id":"https:\/\/dementsus.ee\/ru\/#\/schema\/person\/image\/","url":"https:\/\/secure.gravatar.com\/avatar\/b2f0128e9063b66b5c6e595d8f4c39037d52f729089f1ad5afc34656e1d58a64?s=96&d=mm&r=g","contentUrl":"https:\/\/secure.gravatar.com\/avatar\/b2f0128e9063b66b5c6e595d8f4c39037d52f729089f1ad5afc34656e1d58a64?s=96&d=mm&r=g","caption":"Kermo"},"url":"https:\/\/dementsus.ee\/ru\/author\/kermo\/"}]}},"_links":{"self":[{"href":"https:\/\/dementsus.ee\/ru\/wp-json\/wp\/v2\/posts\/1130","targetHints":{"allow":["GET"]}}],"collection":[{"href":"https:\/\/dementsus.ee\/ru\/wp-json\/wp\/v2\/posts"}],"about":[{"href":"https:\/\/dementsus.ee\/ru\/wp-json\/wp\/v2\/types\/post"}],"author":[{"embeddable":true,"href":"https:\/\/dementsus.ee\/ru\/wp-json\/wp\/v2\/users\/2"}],"replies":[{"embeddable":true,"href":"https:\/\/dementsus.ee\/ru\/wp-json\/wp\/v2\/comments?post=1130"}],"version-history":[{"count":0,"href":"https:\/\/dementsus.ee\/ru\/wp-json\/wp\/v2\/posts\/1130\/revisions"}],"wp:featuredmedia":[{"embeddable":true,"href":"https:\/\/dementsus.ee\/ru\/wp-json\/wp\/v2\/media\/1134"}],"wp:attachment":[{"href":"https:\/\/dementsus.ee\/ru\/wp-json\/wp\/v2\/media?parent=1130"}],"wp:term":[{"taxonomy":"category","embeddable":true,"href":"https:\/\/dementsus.ee\/ru\/wp-json\/wp\/v2\/categories?post=1130"},{"taxonomy":"post_tag","embeddable":true,"href":"https:\/\/dementsus.ee\/ru\/wp-json\/wp\/v2\/tags?post=1130"},{"taxonomy":"autor","embeddable":true,"href":"https:\/\/dementsus.ee\/ru\/wp-json\/wp\/v2\/autor?post=1130"}],"curies":[{"name":"wp","href":"https:\/\/api.w.org\/{rel}","templated":true}]}}