{"id":1159,"date":"2019-10-08T08:30:34","date_gmt":"2019-10-08T08:30:34","guid":{"rendered":"https:\/\/eludementsusega.ee\/?p=1159"},"modified":"2019-10-08T08:30:34","modified_gmt":"2019-10-08T08:30:34","slug":"hoolekandeasutuste-sisekoolitajate-dementsuseteemaline-koolitus","status":"publish","type":"post","link":"https:\/\/dementsus.ee\/ru\/hoolekandeasutuste-sisekoolitajate-dementsuseteemaline-koolitus\/","title":{"rendered":"Hoolekandeasutuste sisekoolitajate dementsuseteemaline koolitus"},"content":{"rendered":"<p>2018. aastal alustas Tervise Arengu Instituut dementsuseteemalise pilootkoolitusega hoolekandeasutuste t\u00f6\u00f6tajatele. Koolitusel osales 12 inimest kokku 6 hoolekandeasutusest, erinevatest Eesti piirkondadest.\u00a0 Hetkel toimuval koolitusel osaleb 8 hoolekandeasutust.<\/p>\n<p>Dementsusspetsiifilisel koolitusel on \u00fchendatud teoreetiline ja praktiline \u00f5pe, eesm\u00e4rgiks t\u00f5sta teenuse kvaliteeti kliendi jaoks. K\u00f5igi teemade puhul arvestatakse dementsuse spetsiifikaga, et pakkuda osalejatele v\u00f5imalikult palju tuge dementsusega inimestega t\u00f6\u00f6tamisel.<\/p>\n<p>Koolitus toimus 10 moodulis ning teemad, mida koolituse l\u00f5petanud valdavad, on: dementsuss\u00fcndroom, selle diagnoosimine ja ravi;\u00a0 kontakti loomine ja suhtlemine dementsusega kliendiga ning probleemse k\u00e4itumise ennetamine. Koolitusel antakse teadmiseid, kuidas v\u00f5tta klient vastu, koostada hooldusplaan, toetada toimetulekut ja aktiveerida. V\u00e4\u00e4rikas elukaare l\u00f5pp ja leinat\u00f6\u00f6 on samuti k\u00e4sitletud. Eraldi t\u00e4helepanu all on t\u00f6\u00f6eetika, l\u00e4hedaste kaasamine, hooldaja eneseabi ja \u00f5ppijate motiveerimine.<\/p>\n<p>Kodut\u00f6\u00f6na tuleb uued oskused praktikasse rakendada ja iga osaleja peab l\u00e4bi viima ka oma asutuses vastava \u00f5ppep\u00e4eva.\u00a0 Eelmisel aastal toimus asutustes 10 sisekoolitust ning lisaks 12-le koolitusel osalenule said 132 sisekoolitusel osalenud hoolekandeasutuse t\u00f6\u00f6tajat dementsusealaseid teadmisi.<\/p>\n<p>J\u00e4rgmine koolitus algab 2020. aasta esimesel poolel ning lisainfo ilmub l\u00e4hiajal <a href=\"https:\/\/tai.ee\/et\/\" target=\"_blank\" rel=\"noopener noreferrer\">Tervise Arengu Instituudi kodulehel<\/a>.<\/p>\n<p>Koolitus toimub Euroopa Sotsiaalfondi meetme \u201eT\u00f6\u00f6turul osalemist toetavad hoolekandeteenused\u201d raames ja selle maht on 160 tundi.<\/p>\n","protected":false},"excerpt":{"rendered":"<p>2018. aastal alustas Tervise Arengu Instituut dementsuseteemalise pilootkoolitusega hoolekandeasutuste t\u00f6\u00f6tajatele. Koolitusel osales 12 inimest kokku 6 hoolekandeasutusest, erinevatest Eesti piirkondadest.\u00a0 Hetkel toimuval koolitusel osaleb 8 hoolekandeasutust. Dementsusspetsiifilisel koolitusel on \u00fchendatud teoreetiline ja praktiline \u00f5pe, eesm\u00e4rgiks t\u00f5sta teenuse kvaliteeti kliendi jaoks. K\u00f5igi teemade puhul arvestatakse dementsuse spetsiifikaga, et pakkuda osalejatele v\u00f5imalikult palju tuge dementsusega inimestega t\u00f6\u00f6tamisel. [&hellip;]<\/p>\n","protected":false},"author":2,"featured_media":0,"comment_status":"open","ping_status":"open","sticky":false,"template":"","format":"standard","meta":{"footnotes":""},"categories":[1],"tags":[],"autor":[],"class_list":["post-1159","post","type-post","status-publish","format-standard","hentry","category-maaratlemata"],"yoast_head":"<!-- This site is optimized with the Yoast SEO plugin v26.2 - https:\/\/yoast.com\/wordpress\/plugins\/seo\/ -->\n<title>Hoolekandeasutuste sisekoolitajate dementsuseteemaline koolitus - Dementsuse Kompetentsikeskus<\/title>\n<meta name=\"robots\" content=\"index, follow, max-snippet:-1, max-image-preview:large, max-video-preview:-1\" \/>\n<link rel=\"canonical\" href=\"https:\/\/dementsus.ee\/ru\/hoolekandeasutuste-sisekoolitajate-dementsuseteemaline-koolitus\/\" \/>\n<meta property=\"og:locale\" content=\"ru_RU\" \/>\n<meta property=\"og:type\" content=\"article\" \/>\n<meta property=\"og:title\" content=\"Hoolekandeasutuste sisekoolitajate dementsuseteemaline koolitus - Dementsuse Kompetentsikeskus\" \/>\n<meta property=\"og:description\" content=\"2018. aastal alustas Tervise Arengu Instituut dementsuseteemalise pilootkoolitusega hoolekandeasutuste t\u00f6\u00f6tajatele. Koolitusel osales 12 inimest kokku 6 hoolekandeasutusest, erinevatest Eesti piirkondadest.\u00a0 Hetkel toimuval koolitusel osaleb 8 hoolekandeasutust. Dementsusspetsiifilisel koolitusel on \u00fchendatud teoreetiline ja praktiline \u00f5pe, eesm\u00e4rgiks t\u00f5sta teenuse kvaliteeti kliendi jaoks. K\u00f5igi teemade puhul arvestatakse dementsuse spetsiifikaga, et pakkuda osalejatele v\u00f5imalikult palju tuge dementsusega inimestega t\u00f6\u00f6tamisel. [&hellip;]\" \/>\n<meta property=\"og:url\" content=\"https:\/\/dementsus.ee\/ru\/hoolekandeasutuste-sisekoolitajate-dementsuseteemaline-koolitus\/\" \/>\n<meta property=\"og:site_name\" content=\"Dementsuse Kompetentsikeskus\" \/>\n<meta property=\"article:published_time\" content=\"2019-10-08T08:30:34+00:00\" \/>\n<meta name=\"author\" content=\"Kermo\" \/>\n<meta name=\"twitter:card\" content=\"summary_large_image\" \/>\n<meta name=\"twitter:label1\" content=\"\u041d\u0430\u043f\u0438\u0441\u0430\u043d\u043e \u0430\u0432\u0442\u043e\u0440\u043e\u043c\" \/>\n\t<meta name=\"twitter:data1\" content=\"Kermo\" \/>\n\t<meta name=\"twitter:label2\" content=\"\u041f\u0440\u0438\u043c\u0435\u0440\u043d\u043e\u0435 \u0432\u0440\u0435\u043c\u044f \u0434\u043b\u044f \u0447\u0442\u0435\u043d\u0438\u044f\" \/>\n\t<meta name=\"twitter:data2\" content=\"1 \u043c\u0438\u043d\u0443\u0442\u0430\" \/>\n<script type=\"application\/ld+json\" class=\"yoast-schema-graph\">{\"@context\":\"https:\/\/schema.org\",\"@graph\":[{\"@type\":\"Article\",\"@id\":\"https:\/\/dementsus.ee\/ru\/hoolekandeasutuste-sisekoolitajate-dementsuseteemaline-koolitus\/#article\",\"isPartOf\":{\"@id\":\"https:\/\/dementsus.ee\/ru\/hoolekandeasutuste-sisekoolitajate-dementsuseteemaline-koolitus\/\"},\"author\":{\"name\":\"Kermo\",\"@id\":\"https:\/\/dementsus.ee\/ru\/#\/schema\/person\/dd93d64f20e6c5add626937f6b5931ed\"},\"headline\":\"Hoolekandeasutuste sisekoolitajate dementsuseteemaline koolitus\",\"datePublished\":\"2019-10-08T08:30:34+00:00\",\"mainEntityOfPage\":{\"@id\":\"https:\/\/dementsus.ee\/ru\/hoolekandeasutuste-sisekoolitajate-dementsuseteemaline-koolitus\/\"},\"wordCount\":199,\"commentCount\":0,\"publisher\":{\"@id\":\"https:\/\/dementsus.ee\/ru\/#organization\"},\"articleSection\":[\"M\u00e4\u00e4ratlemata\"],\"inLanguage\":\"ru-RU\"},{\"@type\":\"WebPage\",\"@id\":\"https:\/\/dementsus.ee\/ru\/hoolekandeasutuste-sisekoolitajate-dementsuseteemaline-koolitus\/\",\"url\":\"https:\/\/dementsus.ee\/ru\/hoolekandeasutuste-sisekoolitajate-dementsuseteemaline-koolitus\/\",\"name\":\"Hoolekandeasutuste sisekoolitajate dementsuseteemaline koolitus - Dementsuse Kompetentsikeskus\",\"isPartOf\":{\"@id\":\"https:\/\/dementsus.ee\/ru\/#website\"},\"datePublished\":\"2019-10-08T08:30:34+00:00\",\"breadcrumb\":{\"@id\":\"https:\/\/dementsus.ee\/ru\/hoolekandeasutuste-sisekoolitajate-dementsuseteemaline-koolitus\/#breadcrumb\"},\"inLanguage\":\"ru-RU\",\"potentialAction\":[{\"@type\":\"ReadAction\",\"target\":[\"https:\/\/dementsus.ee\/ru\/hoolekandeasutuste-sisekoolitajate-dementsuseteemaline-koolitus\/\"]}]},{\"@type\":\"BreadcrumbList\",\"@id\":\"https:\/\/dementsus.ee\/ru\/hoolekandeasutuste-sisekoolitajate-dementsuseteemaline-koolitus\/#breadcrumb\",\"itemListElement\":[{\"@type\":\"ListItem\",\"position\":1,\"name\":\"Esileht\",\"item\":\"https:\/\/dementsus.ee\/ru\/\"},{\"@type\":\"ListItem\",\"position\":2,\"name\":\"Hoolekandeasutuste sisekoolitajate dementsuseteemaline koolitus\"}]},{\"@type\":\"WebSite\",\"@id\":\"https:\/\/dementsus.ee\/ru\/#website\",\"url\":\"https:\/\/dementsus.ee\/ru\/\",\"name\":\"Dementsuse Kompetentsikeskus\",\"description\":\"dementsuse info ja abi\",\"publisher\":{\"@id\":\"https:\/\/dementsus.ee\/ru\/#organization\"},\"potentialAction\":[{\"@type\":\"SearchAction\",\"target\":{\"@type\":\"EntryPoint\",\"urlTemplate\":\"https:\/\/dementsus.ee\/ru\/?s={search_term_string}\"},\"query-input\":{\"@type\":\"PropertyValueSpecification\",\"valueRequired\":true,\"valueName\":\"search_term_string\"}}],\"inLanguage\":\"ru-RU\"},{\"@type\":\"Organization\",\"@id\":\"https:\/\/dementsus.ee\/ru\/#organization\",\"name\":\"Dementsuse Kompetentsikeskus\",\"url\":\"https:\/\/dementsus.ee\/ru\/\",\"logo\":{\"@type\":\"ImageObject\",\"inLanguage\":\"ru-RU\",\"@id\":\"https:\/\/dementsus.ee\/ru\/#\/schema\/logo\/image\/\",\"url\":\"https:\/\/dementsus.ee\/wp-content\/uploads\/2023\/07\/ED_logo_kodukale.svg\",\"contentUrl\":\"https:\/\/dementsus.ee\/wp-content\/uploads\/2023\/07\/ED_logo_kodukale.svg\",\"caption\":\"Dementsuse Kompetentsikeskus\"},\"image\":{\"@id\":\"https:\/\/dementsus.ee\/ru\/#\/schema\/logo\/image\/\"}},{\"@type\":\"Person\",\"@id\":\"https:\/\/dementsus.ee\/ru\/#\/schema\/person\/dd93d64f20e6c5add626937f6b5931ed\",\"name\":\"Kermo\",\"image\":{\"@type\":\"ImageObject\",\"inLanguage\":\"ru-RU\",\"@id\":\"https:\/\/dementsus.ee\/ru\/#\/schema\/person\/image\/\",\"url\":\"https:\/\/secure.gravatar.com\/avatar\/b2f0128e9063b66b5c6e595d8f4c39037d52f729089f1ad5afc34656e1d58a64?s=96&d=mm&r=g\",\"contentUrl\":\"https:\/\/secure.gravatar.com\/avatar\/b2f0128e9063b66b5c6e595d8f4c39037d52f729089f1ad5afc34656e1d58a64?s=96&d=mm&r=g\",\"caption\":\"Kermo\"},\"url\":\"https:\/\/dementsus.ee\/ru\/author\/kermo\/\"}]}<\/script>\n<!-- \/ Yoast SEO plugin. -->","yoast_head_json":{"title":"Hoolekandeasutuste sisekoolitajate dementsuseteemaline koolitus - Dementsuse Kompetentsikeskus","robots":{"index":"index","follow":"follow","max-snippet":"max-snippet:-1","max-image-preview":"max-image-preview:large","max-video-preview":"max-video-preview:-1"},"canonical":"https:\/\/dementsus.ee\/ru\/hoolekandeasutuste-sisekoolitajate-dementsuseteemaline-koolitus\/","og_locale":"ru_RU","og_type":"article","og_title":"Hoolekandeasutuste sisekoolitajate dementsuseteemaline koolitus - Dementsuse Kompetentsikeskus","og_description":"2018. aastal alustas Tervise Arengu Instituut dementsuseteemalise pilootkoolitusega hoolekandeasutuste t\u00f6\u00f6tajatele. Koolitusel osales 12 inimest kokku 6 hoolekandeasutusest, erinevatest Eesti piirkondadest.\u00a0 Hetkel toimuval koolitusel osaleb 8 hoolekandeasutust. Dementsusspetsiifilisel koolitusel on \u00fchendatud teoreetiline ja praktiline \u00f5pe, eesm\u00e4rgiks t\u00f5sta teenuse kvaliteeti kliendi jaoks. K\u00f5igi teemade puhul arvestatakse dementsuse spetsiifikaga, et pakkuda osalejatele v\u00f5imalikult palju tuge dementsusega inimestega t\u00f6\u00f6tamisel. [&hellip;]","og_url":"https:\/\/dementsus.ee\/ru\/hoolekandeasutuste-sisekoolitajate-dementsuseteemaline-koolitus\/","og_site_name":"Dementsuse Kompetentsikeskus","article_published_time":"2019-10-08T08:30:34+00:00","author":"Kermo","twitter_card":"summary_large_image","twitter_misc":{"\u041d\u0430\u043f\u0438\u0441\u0430\u043d\u043e \u0430\u0432\u0442\u043e\u0440\u043e\u043c":"Kermo","\u041f\u0440\u0438\u043c\u0435\u0440\u043d\u043e\u0435 \u0432\u0440\u0435\u043c\u044f \u0434\u043b\u044f \u0447\u0442\u0435\u043d\u0438\u044f":"1 \u043c\u0438\u043d\u0443\u0442\u0430"},"schema":{"@context":"https:\/\/schema.org","@graph":[{"@type":"Article","@id":"https:\/\/dementsus.ee\/ru\/hoolekandeasutuste-sisekoolitajate-dementsuseteemaline-koolitus\/#article","isPartOf":{"@id":"https:\/\/dementsus.ee\/ru\/hoolekandeasutuste-sisekoolitajate-dementsuseteemaline-koolitus\/"},"author":{"name":"Kermo","@id":"https:\/\/dementsus.ee\/ru\/#\/schema\/person\/dd93d64f20e6c5add626937f6b5931ed"},"headline":"Hoolekandeasutuste sisekoolitajate dementsuseteemaline koolitus","datePublished":"2019-10-08T08:30:34+00:00","mainEntityOfPage":{"@id":"https:\/\/dementsus.ee\/ru\/hoolekandeasutuste-sisekoolitajate-dementsuseteemaline-koolitus\/"},"wordCount":199,"commentCount":0,"publisher":{"@id":"https:\/\/dementsus.ee\/ru\/#organization"},"articleSection":["M\u00e4\u00e4ratlemata"],"inLanguage":"ru-RU"},{"@type":"WebPage","@id":"https:\/\/dementsus.ee\/ru\/hoolekandeasutuste-sisekoolitajate-dementsuseteemaline-koolitus\/","url":"https:\/\/dementsus.ee\/ru\/hoolekandeasutuste-sisekoolitajate-dementsuseteemaline-koolitus\/","name":"Hoolekandeasutuste sisekoolitajate dementsuseteemaline koolitus - Dementsuse Kompetentsikeskus","isPartOf":{"@id":"https:\/\/dementsus.ee\/ru\/#website"},"datePublished":"2019-10-08T08:30:34+00:00","breadcrumb":{"@id":"https:\/\/dementsus.ee\/ru\/hoolekandeasutuste-sisekoolitajate-dementsuseteemaline-koolitus\/#breadcrumb"},"inLanguage":"ru-RU","potentialAction":[{"@type":"ReadAction","target":["https:\/\/dementsus.ee\/ru\/hoolekandeasutuste-sisekoolitajate-dementsuseteemaline-koolitus\/"]}]},{"@type":"BreadcrumbList","@id":"https:\/\/dementsus.ee\/ru\/hoolekandeasutuste-sisekoolitajate-dementsuseteemaline-koolitus\/#breadcrumb","itemListElement":[{"@type":"ListItem","position":1,"name":"Esileht","item":"https:\/\/dementsus.ee\/ru\/"},{"@type":"ListItem","position":2,"name":"Hoolekandeasutuste sisekoolitajate dementsuseteemaline koolitus"}]},{"@type":"WebSite","@id":"https:\/\/dementsus.ee\/ru\/#website","url":"https:\/\/dementsus.ee\/ru\/","name":"Dementsuse Kompetentsikeskus","description":"dementsuse info ja abi","publisher":{"@id":"https:\/\/dementsus.ee\/ru\/#organization"},"potentialAction":[{"@type":"SearchAction","target":{"@type":"EntryPoint","urlTemplate":"https:\/\/dementsus.ee\/ru\/?s={search_term_string}"},"query-input":{"@type":"PropertyValueSpecification","valueRequired":true,"valueName":"search_term_string"}}],"inLanguage":"ru-RU"},{"@type":"Organization","@id":"https:\/\/dementsus.ee\/ru\/#organization","name":"Dementsuse Kompetentsikeskus","url":"https:\/\/dementsus.ee\/ru\/","logo":{"@type":"ImageObject","inLanguage":"ru-RU","@id":"https:\/\/dementsus.ee\/ru\/#\/schema\/logo\/image\/","url":"https:\/\/dementsus.ee\/wp-content\/uploads\/2023\/07\/ED_logo_kodukale.svg","contentUrl":"https:\/\/dementsus.ee\/wp-content\/uploads\/2023\/07\/ED_logo_kodukale.svg","caption":"Dementsuse Kompetentsikeskus"},"image":{"@id":"https:\/\/dementsus.ee\/ru\/#\/schema\/logo\/image\/"}},{"@type":"Person","@id":"https:\/\/dementsus.ee\/ru\/#\/schema\/person\/dd93d64f20e6c5add626937f6b5931ed","name":"Kermo","image":{"@type":"ImageObject","inLanguage":"ru-RU","@id":"https:\/\/dementsus.ee\/ru\/#\/schema\/person\/image\/","url":"https:\/\/secure.gravatar.com\/avatar\/b2f0128e9063b66b5c6e595d8f4c39037d52f729089f1ad5afc34656e1d58a64?s=96&d=mm&r=g","contentUrl":"https:\/\/secure.gravatar.com\/avatar\/b2f0128e9063b66b5c6e595d8f4c39037d52f729089f1ad5afc34656e1d58a64?s=96&d=mm&r=g","caption":"Kermo"},"url":"https:\/\/dementsus.ee\/ru\/author\/kermo\/"}]}},"_links":{"self":[{"href":"https:\/\/dementsus.ee\/ru\/wp-json\/wp\/v2\/posts\/1159","targetHints":{"allow":["GET"]}}],"collection":[{"href":"https:\/\/dementsus.ee\/ru\/wp-json\/wp\/v2\/posts"}],"about":[{"href":"https:\/\/dementsus.ee\/ru\/wp-json\/wp\/v2\/types\/post"}],"author":[{"embeddable":true,"href":"https:\/\/dementsus.ee\/ru\/wp-json\/wp\/v2\/users\/2"}],"replies":[{"embeddable":true,"href":"https:\/\/dementsus.ee\/ru\/wp-json\/wp\/v2\/comments?post=1159"}],"version-history":[{"count":0,"href":"https:\/\/dementsus.ee\/ru\/wp-json\/wp\/v2\/posts\/1159\/revisions"}],"wp:attachment":[{"href":"https:\/\/dementsus.ee\/ru\/wp-json\/wp\/v2\/media?parent=1159"}],"wp:term":[{"taxonomy":"category","embeddable":true,"href":"https:\/\/dementsus.ee\/ru\/wp-json\/wp\/v2\/categories?post=1159"},{"taxonomy":"post_tag","embeddable":true,"href":"https:\/\/dementsus.ee\/ru\/wp-json\/wp\/v2\/tags?post=1159"},{"taxonomy":"autor","embeddable":true,"href":"https:\/\/dementsus.ee\/ru\/wp-json\/wp\/v2\/autor?post=1159"}],"curies":[{"name":"wp","href":"https:\/\/api.w.org\/{rel}","templated":true}]}}