{"id":1170,"date":"2019-10-16T10:08:04","date_gmt":"2019-10-16T10:08:04","guid":{"rendered":"https:\/\/eludementsusega.ee\/?p=1170"},"modified":"2019-10-16T10:08:04","modified_gmt":"2019-10-16T10:08:04","slug":"dementsussobralikud-malukohvikud-ja-muuseumiprogrammid","status":"publish","type":"post","link":"https:\/\/dementsus.ee\/ru\/dementsussobralikud-malukohvikud-ja-muuseumiprogrammid\/","title":{"rendered":"Dementsuss\u00f5bralikud m\u00e4lukohvikud ja muuseumiprogrammid"},"content":{"rendered":"<p>Igap\u00e4evases kiires elutempos ei m\u00e4rgata kui kiirelt ja organiseeritult me tegelikult tegutseme. Hommikul kiirelt riidesse, seej\u00e4rel ruttu autosse, kes kooli, lasteaeda v\u00f5i t\u00f6\u00f6le. K\u00f5iki tegevusi juhib aju: kogub infot, reageerib, m\u00e4letab, \u00f5pib, organiseerib, anal\u00fc\u00fcsib ja nii lakkamatult p\u00e4evast p\u00e4eva.<\/p>\n<p>Meie, kes me oleme terved, ei oska ette kujutadagi olukorda, mida tunnevad inimesed, kes on haigestunud n\u00e4iteks Alzheimeri haigusesse ning mille t\u00f5ttu m\u00f5tlemine ja tegutsemine hakkab j\u00e4rkj\u00e4rgult iseseisvust kaotama. Ebatavalised ei ole olukorrad, kus inimene ei m\u00e4leta, \u00a0kuidas ennast riietada. Tekkida v\u00f5ivad k\u00fcsimused, et kas see tuba ja voodi, kus ma \u00e4rkasin, on ikka minu kodu? Kuidas hommikul kohvivesi soojaks saada? Kas see naine\/mees, kes minuga hommikul koos kohvilauas istub, on ikka minu naine\/mees? Ma ei tunne teda. Kas mul on lapsed? Kas mu ema elab veel? Kas peaksin talle helistama v\u00f5i k\u00fclla minema? Kus ma peaksin praegu olema? Kas kodus v\u00f5i t\u00f6\u00f6l? Mis siin kapis on\u00a0 ja mis seal ukse taga on? Kuhu rahakott kadus, mis mul kunagi kasutusel oli? Mitte ei m\u00e4leta!<\/p>\n<p>Dementsuss\u00fcndroomiga inimese jaoks v\u00f5ib iga p\u00e4ev olla t\u00e4is kannatusi &#8212; teadmatust, segadust, abitust, t\u00f5rjutust, hirme jne. Paljud inimesed ei suudagi sellise olukorraga toime tulla, hakatakse l\u00e4hedasi s\u00fc\u00fcdistama ja t\u00f5rjuma, sulgutakse endasse v\u00f5i p\u00fc\u00fctakse kodust hoopis \u00e4ra minna.<\/p>\n<p>L\u00e4hedased, kes elavad dementsusega inimesega koos, kogevad ja n\u00e4evad neid igap\u00e4evaseid kannatusi ja ei pruugi osata aidata, k\u00e4ituda ega ka aru saad, kust l\u00e4heb piir normaalsuse ja haiguse vahelt. L\u00e4hedased vajavad abi ja tuge, et vastu pidada dementsusega inimesega koos elamisel. MT\u00dc Elu Dementsusega on loonud 18 tugigruppi, kuhu oodatakse l\u00e4hedasi, kes vajavad tuge ja n\u00f5ustamist.<\/p>\n<p>Dementsusega v\u00f5ivad kaasneda m\u00e4luh\u00e4ired ja ka k\u00e4itumish\u00e4ired. Inimene v\u00f5ib ebasobivaid s\u00f5nu kasutada v\u00f5i l\u00e4hedase jaoks piinlikuid olukordi p\u00f5hjustada poes v\u00f5i teatris. Normaalne elu, kus koos k\u00e4idi seltskonnas, kohvikus v\u00f5i kinos, on l\u00e4bi saanud.<\/p>\n<p><img fetchpriority=\"high\" decoding=\"async\" class=\"aligncenter wp-image-574 size-medium\" src=\"https:\/\/eludementsusega.ee\/app\/uploads\/2019\/07\/60933445_436642730470742_5034376869835702272_n-300x226.jpg\" alt=\"\" width=\"300\" height=\"226\" srcset=\"https:\/\/dementsus.ee\/wp-content\/uploads\/2019\/07\/60933445_436642730470742_5034376869835702272_n-300x226.jpg 300w, https:\/\/dementsus.ee\/wp-content\/uploads\/2019\/07\/60933445_436642730470742_5034376869835702272_n-600x453.jpg 600w, https:\/\/dementsus.ee\/wp-content\/uploads\/2019\/07\/60933445_436642730470742_5034376869835702272_n-1024x773.jpg 1024w, https:\/\/dementsus.ee\/wp-content\/uploads\/2019\/07\/60933445_436642730470742_5034376869835702272_n-768x580.jpg 768w, https:\/\/dementsus.ee\/wp-content\/uploads\/2019\/07\/60933445_436642730470742_5034376869835702272_n-1536x1159.jpg 1536w, https:\/\/dementsus.ee\/wp-content\/uploads\/2019\/07\/60933445_436642730470742_5034376869835702272_n.jpg 1920w\" sizes=\"(max-width: 300px) 100vw, 300px\" \/><\/p>\n<p>MT\u00dc Elu Dementsusega alustas 2019 aastal m\u00e4lukohvikute sarjaga, mis just eelk\u00f5ige on suunatud dementsusega inimestele ja nende l\u00e4hedastele. Sotsiaalne aktiivsus ja suhtlemine on v\u00e4ga olulised nii dementsusega inimesele kui tema l\u00e4hedastele. Kindlasti ei tohiks j\u00e4\u00e4da koju nelja seina vahele, sest see v\u00f5ib veelgi rohkem s\u00fcvendada depressiooni. M\u00e4lukohvik on turvaline keskkond, kuhu dementsusega \u00a0inimene saab tulla ja olla see, kes ta on. \u00a0Haigus on see, \u00a0mis inimese k\u00e4itumist muudab ja me keegi ei saa sinna midagi parata, kuid saame\u00a0 inimesi toetada. Turvaline ja s\u00f5bralik keskkond aitab dementsusega inimesel suhelda parimal viisil, see on koht, kus inimene tunneb ennast v\u00e4\u00e4rtuslikuna ja oodatuna.<\/p>\n<p>M\u00e4lukohvikusse oodatakse peale dementsusega inimeste ja nende l\u00e4hedaste ka kogukonda ja vabatahtlikuid &#8212; k\u00f5iki inimesi, kes soovivad dementsusega inimestega suhelda ja m\u00f5nusalt koos aega veeta. M\u00e4lukohvikus on tervitatav m\u00f5ni meelelahutuslik programm soodustades suhtlemist. Kohv ja suupiste loovad m\u00f5nusa olustiku vestluseks.<\/p>\n<p>Selle aasta esimesel poolel piloteerisime esimesi m\u00e4lukohvikuid Tallinna Teletornis, Kumu kunstimuuseumis ja Saue P\u00e4evakeskuses. See oli t\u00e4iesti uus ettev\u00f5tmine ja keegi ei osanud arvatagi, kuidas need 7 kohvikut \u00f5nnestuvad. Aga juba esimesel kohtumisel Tallinna Teletornis \u201eAjar\u00e4nnak k\u00f5rgustesse\u201c t\u00f5i kokku 25 inimest. K\u00f5ik j\u00e4rgnevad m\u00e4lukohvikud Kumus ja Saue P\u00e4evakeskuses olid samuti populaarsed ja rahvast j\u00e4tkus igale poole. Oluline on see, et k\u00f5ikides m\u00e4lukohvikutes olid dementsusega inimesed, kes nautisid \u00fcritusi t\u00e4iel rinnal.<\/p>\n<p>S\u00fcgisel hakkasid m\u00e4lukohvikud toimuma ka Tartus ERMis. Samuti j\u00e4tkub Kumu kunstimuuseumis kunstiprogramm dementsusega inimestele ja nende l\u00e4hedastele, kuid edaspidi kannab see programm nime \u201eTaaskohtumised\u201c.<\/p>\n<p>Teletorn r\u00f5\u00f5mustas dementsusega inimesi, l\u00e4hedasi, s\u00f5pru ja huvilisi dementsuss\u00f5braliku kinoga.<\/p>\n<p>&nbsp;<\/p>\n<p><img decoding=\"async\" class=\"aligncenter wp-image-1174 size-medium\" src=\"https:\/\/eludementsusega.ee\/app\/uploads\/2019\/10\/Pilt1-300x174.jpg\" alt=\"\" width=\"300\" height=\"174\" srcset=\"https:\/\/dementsus.ee\/wp-content\/uploads\/2019\/10\/Pilt1-300x174.jpg 300w, https:\/\/dementsus.ee\/wp-content\/uploads\/2019\/10\/Pilt1-600x349.jpg 600w, https:\/\/dementsus.ee\/wp-content\/uploads\/2019\/10\/Pilt1.jpg 630w\" sizes=\"(max-width: 300px) 100vw, 300px\" \/><\/p>\n<p>&nbsp;<\/p>\n","protected":false},"excerpt":{"rendered":"<p>Igap\u00e4evases kiires elutempos ei m\u00e4rgata kui kiirelt ja organiseeritult me tegelikult tegutseme. Hommikul kiirelt riidesse, seej\u00e4rel ruttu autosse, kes kooli, lasteaeda v\u00f5i t\u00f6\u00f6le. K\u00f5iki tegevusi juhib aju: kogub infot, reageerib, m\u00e4letab, \u00f5pib, organiseerib, anal\u00fc\u00fcsib ja nii lakkamatult p\u00e4evast p\u00e4eva. Meie, kes me oleme terved, ei oska ette kujutadagi olukorda, mida tunnevad inimesed, kes on haigestunud [&hellip;]<\/p>\n","protected":false},"author":2,"featured_media":1173,"comment_status":"open","ping_status":"open","sticky":false,"template":"","format":"standard","meta":{"footnotes":""},"categories":[1],"tags":[],"autor":[],"class_list":["post-1170","post","type-post","status-publish","format-standard","has-post-thumbnail","hentry","category-maaratlemata"],"yoast_head":"<!-- This site is optimized with the Yoast SEO plugin v26.2 - https:\/\/yoast.com\/wordpress\/plugins\/seo\/ -->\n<title>Dementsuss\u00f5bralikud m\u00e4lukohvikud ja muuseumiprogrammid - Dementsuse Kompetentsikeskus<\/title>\n<meta name=\"robots\" content=\"index, follow, max-snippet:-1, max-image-preview:large, max-video-preview:-1\" \/>\n<link rel=\"canonical\" href=\"https:\/\/dementsus.ee\/ru\/dementsussobralikud-malukohvikud-ja-muuseumiprogrammid\/\" \/>\n<meta property=\"og:locale\" content=\"ru_RU\" \/>\n<meta property=\"og:type\" content=\"article\" \/>\n<meta property=\"og:title\" content=\"Dementsuss\u00f5bralikud m\u00e4lukohvikud ja muuseumiprogrammid - Dementsuse Kompetentsikeskus\" \/>\n<meta property=\"og:description\" content=\"Igap\u00e4evases kiires elutempos ei m\u00e4rgata kui kiirelt ja organiseeritult me tegelikult tegutseme. Hommikul kiirelt riidesse, seej\u00e4rel ruttu autosse, kes kooli, lasteaeda v\u00f5i t\u00f6\u00f6le. K\u00f5iki tegevusi juhib aju: kogub infot, reageerib, m\u00e4letab, \u00f5pib, organiseerib, anal\u00fc\u00fcsib ja nii lakkamatult p\u00e4evast p\u00e4eva. Meie, kes me oleme terved, ei oska ette kujutadagi olukorda, mida tunnevad inimesed, kes on haigestunud [&hellip;]\" \/>\n<meta property=\"og:url\" content=\"https:\/\/dementsus.ee\/ru\/dementsussobralikud-malukohvikud-ja-muuseumiprogrammid\/\" \/>\n<meta property=\"og:site_name\" content=\"Dementsuse Kompetentsikeskus\" \/>\n<meta property=\"article:published_time\" content=\"2019-10-16T10:08:04+00:00\" \/>\n<meta property=\"og:image\" content=\"https:\/\/dementsus.ee\/wp-content\/uploads\/2019\/10\/uus_logo_ED_fb-profile_600px.png\" \/>\n\t<meta property=\"og:image:width\" content=\"600\" \/>\n\t<meta property=\"og:image:height\" content=\"600\" \/>\n\t<meta property=\"og:image:type\" content=\"image\/png\" \/>\n<meta name=\"author\" content=\"Kermo\" \/>\n<meta name=\"twitter:card\" content=\"summary_large_image\" \/>\n<meta name=\"twitter:label1\" content=\"\u041d\u0430\u043f\u0438\u0441\u0430\u043d\u043e \u0430\u0432\u0442\u043e\u0440\u043e\u043c\" \/>\n\t<meta name=\"twitter:data1\" content=\"Kermo\" \/>\n\t<meta name=\"twitter:label2\" content=\"\u041f\u0440\u0438\u043c\u0435\u0440\u043d\u043e\u0435 \u0432\u0440\u0435\u043c\u044f \u0434\u043b\u044f \u0447\u0442\u0435\u043d\u0438\u044f\" \/>\n\t<meta name=\"twitter:data2\" content=\"3 \u043c\u0438\u043d\u0443\u0442\u044b\" \/>\n<script type=\"application\/ld+json\" class=\"yoast-schema-graph\">{\"@context\":\"https:\/\/schema.org\",\"@graph\":[{\"@type\":\"Article\",\"@id\":\"https:\/\/dementsus.ee\/ru\/dementsussobralikud-malukohvikud-ja-muuseumiprogrammid\/#article\",\"isPartOf\":{\"@id\":\"https:\/\/dementsus.ee\/ru\/dementsussobralikud-malukohvikud-ja-muuseumiprogrammid\/\"},\"author\":{\"name\":\"Kermo\",\"@id\":\"https:\/\/dementsus.ee\/ru\/#\/schema\/person\/dd93d64f20e6c5add626937f6b5931ed\"},\"headline\":\"Dementsuss\u00f5bralikud m\u00e4lukohvikud ja muuseumiprogrammid\",\"datePublished\":\"2019-10-16T10:08:04+00:00\",\"mainEntityOfPage\":{\"@id\":\"https:\/\/dementsus.ee\/ru\/dementsussobralikud-malukohvikud-ja-muuseumiprogrammid\/\"},\"wordCount\":636,\"commentCount\":0,\"publisher\":{\"@id\":\"https:\/\/dementsus.ee\/ru\/#organization\"},\"image\":{\"@id\":\"https:\/\/dementsus.ee\/ru\/dementsussobralikud-malukohvikud-ja-muuseumiprogrammid\/#primaryimage\"},\"thumbnailUrl\":\"https:\/\/dementsus.ee\/wp-content\/uploads\/2019\/10\/uus_logo_ED_fb-profile_600px.png\",\"articleSection\":[\"M\u00e4\u00e4ratlemata\"],\"inLanguage\":\"ru-RU\"},{\"@type\":\"WebPage\",\"@id\":\"https:\/\/dementsus.ee\/ru\/dementsussobralikud-malukohvikud-ja-muuseumiprogrammid\/\",\"url\":\"https:\/\/dementsus.ee\/ru\/dementsussobralikud-malukohvikud-ja-muuseumiprogrammid\/\",\"name\":\"Dementsuss\u00f5bralikud m\u00e4lukohvikud ja muuseumiprogrammid - Dementsuse Kompetentsikeskus\",\"isPartOf\":{\"@id\":\"https:\/\/dementsus.ee\/ru\/#website\"},\"primaryImageOfPage\":{\"@id\":\"https:\/\/dementsus.ee\/ru\/dementsussobralikud-malukohvikud-ja-muuseumiprogrammid\/#primaryimage\"},\"image\":{\"@id\":\"https:\/\/dementsus.ee\/ru\/dementsussobralikud-malukohvikud-ja-muuseumiprogrammid\/#primaryimage\"},\"thumbnailUrl\":\"https:\/\/dementsus.ee\/wp-content\/uploads\/2019\/10\/uus_logo_ED_fb-profile_600px.png\",\"datePublished\":\"2019-10-16T10:08:04+00:00\",\"breadcrumb\":{\"@id\":\"https:\/\/dementsus.ee\/ru\/dementsussobralikud-malukohvikud-ja-muuseumiprogrammid\/#breadcrumb\"},\"inLanguage\":\"ru-RU\",\"potentialAction\":[{\"@type\":\"ReadAction\",\"target\":[\"https:\/\/dementsus.ee\/ru\/dementsussobralikud-malukohvikud-ja-muuseumiprogrammid\/\"]}]},{\"@type\":\"ImageObject\",\"inLanguage\":\"ru-RU\",\"@id\":\"https:\/\/dementsus.ee\/ru\/dementsussobralikud-malukohvikud-ja-muuseumiprogrammid\/#primaryimage\",\"url\":\"https:\/\/dementsus.ee\/wp-content\/uploads\/2019\/10\/uus_logo_ED_fb-profile_600px.png\",\"contentUrl\":\"https:\/\/dementsus.ee\/wp-content\/uploads\/2019\/10\/uus_logo_ED_fb-profile_600px.png\",\"width\":600,\"height\":600},{\"@type\":\"BreadcrumbList\",\"@id\":\"https:\/\/dementsus.ee\/ru\/dementsussobralikud-malukohvikud-ja-muuseumiprogrammid\/#breadcrumb\",\"itemListElement\":[{\"@type\":\"ListItem\",\"position\":1,\"name\":\"Esileht\",\"item\":\"https:\/\/dementsus.ee\/ru\/\"},{\"@type\":\"ListItem\",\"position\":2,\"name\":\"Dementsuss\u00f5bralikud m\u00e4lukohvikud ja muuseumiprogrammid\"}]},{\"@type\":\"WebSite\",\"@id\":\"https:\/\/dementsus.ee\/ru\/#website\",\"url\":\"https:\/\/dementsus.ee\/ru\/\",\"name\":\"Dementsuse Kompetentsikeskus\",\"description\":\"dementsuse info ja abi\",\"publisher\":{\"@id\":\"https:\/\/dementsus.ee\/ru\/#organization\"},\"potentialAction\":[{\"@type\":\"SearchAction\",\"target\":{\"@type\":\"EntryPoint\",\"urlTemplate\":\"https:\/\/dementsus.ee\/ru\/?s={search_term_string}\"},\"query-input\":{\"@type\":\"PropertyValueSpecification\",\"valueRequired\":true,\"valueName\":\"search_term_string\"}}],\"inLanguage\":\"ru-RU\"},{\"@type\":\"Organization\",\"@id\":\"https:\/\/dementsus.ee\/ru\/#organization\",\"name\":\"Dementsuse Kompetentsikeskus\",\"url\":\"https:\/\/dementsus.ee\/ru\/\",\"logo\":{\"@type\":\"ImageObject\",\"inLanguage\":\"ru-RU\",\"@id\":\"https:\/\/dementsus.ee\/ru\/#\/schema\/logo\/image\/\",\"url\":\"https:\/\/dementsus.ee\/wp-content\/uploads\/2023\/07\/ED_logo_kodukale.svg\",\"contentUrl\":\"https:\/\/dementsus.ee\/wp-content\/uploads\/2023\/07\/ED_logo_kodukale.svg\",\"caption\":\"Dementsuse Kompetentsikeskus\"},\"image\":{\"@id\":\"https:\/\/dementsus.ee\/ru\/#\/schema\/logo\/image\/\"}},{\"@type\":\"Person\",\"@id\":\"https:\/\/dementsus.ee\/ru\/#\/schema\/person\/dd93d64f20e6c5add626937f6b5931ed\",\"name\":\"Kermo\",\"image\":{\"@type\":\"ImageObject\",\"inLanguage\":\"ru-RU\",\"@id\":\"https:\/\/dementsus.ee\/ru\/#\/schema\/person\/image\/\",\"url\":\"https:\/\/secure.gravatar.com\/avatar\/b2f0128e9063b66b5c6e595d8f4c39037d52f729089f1ad5afc34656e1d58a64?s=96&d=mm&r=g\",\"contentUrl\":\"https:\/\/secure.gravatar.com\/avatar\/b2f0128e9063b66b5c6e595d8f4c39037d52f729089f1ad5afc34656e1d58a64?s=96&d=mm&r=g\",\"caption\":\"Kermo\"},\"url\":\"https:\/\/dementsus.ee\/ru\/author\/kermo\/\"}]}<\/script>\n<!-- \/ Yoast SEO plugin. -->","yoast_head_json":{"title":"Dementsuss\u00f5bralikud m\u00e4lukohvikud ja muuseumiprogrammid - Dementsuse Kompetentsikeskus","robots":{"index":"index","follow":"follow","max-snippet":"max-snippet:-1","max-image-preview":"max-image-preview:large","max-video-preview":"max-video-preview:-1"},"canonical":"https:\/\/dementsus.ee\/ru\/dementsussobralikud-malukohvikud-ja-muuseumiprogrammid\/","og_locale":"ru_RU","og_type":"article","og_title":"Dementsuss\u00f5bralikud m\u00e4lukohvikud ja muuseumiprogrammid - Dementsuse Kompetentsikeskus","og_description":"Igap\u00e4evases kiires elutempos ei m\u00e4rgata kui kiirelt ja organiseeritult me tegelikult tegutseme. Hommikul kiirelt riidesse, seej\u00e4rel ruttu autosse, kes kooli, lasteaeda v\u00f5i t\u00f6\u00f6le. K\u00f5iki tegevusi juhib aju: kogub infot, reageerib, m\u00e4letab, \u00f5pib, organiseerib, anal\u00fc\u00fcsib ja nii lakkamatult p\u00e4evast p\u00e4eva. Meie, kes me oleme terved, ei oska ette kujutadagi olukorda, mida tunnevad inimesed, kes on haigestunud [&hellip;]","og_url":"https:\/\/dementsus.ee\/ru\/dementsussobralikud-malukohvikud-ja-muuseumiprogrammid\/","og_site_name":"Dementsuse Kompetentsikeskus","article_published_time":"2019-10-16T10:08:04+00:00","og_image":[{"width":600,"height":600,"url":"https:\/\/dementsus.ee\/wp-content\/uploads\/2019\/10\/uus_logo_ED_fb-profile_600px.png","type":"image\/png"}],"author":"Kermo","twitter_card":"summary_large_image","twitter_misc":{"\u041d\u0430\u043f\u0438\u0441\u0430\u043d\u043e \u0430\u0432\u0442\u043e\u0440\u043e\u043c":"Kermo","\u041f\u0440\u0438\u043c\u0435\u0440\u043d\u043e\u0435 \u0432\u0440\u0435\u043c\u044f \u0434\u043b\u044f \u0447\u0442\u0435\u043d\u0438\u044f":"3 \u043c\u0438\u043d\u0443\u0442\u044b"},"schema":{"@context":"https:\/\/schema.org","@graph":[{"@type":"Article","@id":"https:\/\/dementsus.ee\/ru\/dementsussobralikud-malukohvikud-ja-muuseumiprogrammid\/#article","isPartOf":{"@id":"https:\/\/dementsus.ee\/ru\/dementsussobralikud-malukohvikud-ja-muuseumiprogrammid\/"},"author":{"name":"Kermo","@id":"https:\/\/dementsus.ee\/ru\/#\/schema\/person\/dd93d64f20e6c5add626937f6b5931ed"},"headline":"Dementsuss\u00f5bralikud m\u00e4lukohvikud ja muuseumiprogrammid","datePublished":"2019-10-16T10:08:04+00:00","mainEntityOfPage":{"@id":"https:\/\/dementsus.ee\/ru\/dementsussobralikud-malukohvikud-ja-muuseumiprogrammid\/"},"wordCount":636,"commentCount":0,"publisher":{"@id":"https:\/\/dementsus.ee\/ru\/#organization"},"image":{"@id":"https:\/\/dementsus.ee\/ru\/dementsussobralikud-malukohvikud-ja-muuseumiprogrammid\/#primaryimage"},"thumbnailUrl":"https:\/\/dementsus.ee\/wp-content\/uploads\/2019\/10\/uus_logo_ED_fb-profile_600px.png","articleSection":["M\u00e4\u00e4ratlemata"],"inLanguage":"ru-RU"},{"@type":"WebPage","@id":"https:\/\/dementsus.ee\/ru\/dementsussobralikud-malukohvikud-ja-muuseumiprogrammid\/","url":"https:\/\/dementsus.ee\/ru\/dementsussobralikud-malukohvikud-ja-muuseumiprogrammid\/","name":"Dementsuss\u00f5bralikud m\u00e4lukohvikud ja muuseumiprogrammid - Dementsuse Kompetentsikeskus","isPartOf":{"@id":"https:\/\/dementsus.ee\/ru\/#website"},"primaryImageOfPage":{"@id":"https:\/\/dementsus.ee\/ru\/dementsussobralikud-malukohvikud-ja-muuseumiprogrammid\/#primaryimage"},"image":{"@id":"https:\/\/dementsus.ee\/ru\/dementsussobralikud-malukohvikud-ja-muuseumiprogrammid\/#primaryimage"},"thumbnailUrl":"https:\/\/dementsus.ee\/wp-content\/uploads\/2019\/10\/uus_logo_ED_fb-profile_600px.png","datePublished":"2019-10-16T10:08:04+00:00","breadcrumb":{"@id":"https:\/\/dementsus.ee\/ru\/dementsussobralikud-malukohvikud-ja-muuseumiprogrammid\/#breadcrumb"},"inLanguage":"ru-RU","potentialAction":[{"@type":"ReadAction","target":["https:\/\/dementsus.ee\/ru\/dementsussobralikud-malukohvikud-ja-muuseumiprogrammid\/"]}]},{"@type":"ImageObject","inLanguage":"ru-RU","@id":"https:\/\/dementsus.ee\/ru\/dementsussobralikud-malukohvikud-ja-muuseumiprogrammid\/#primaryimage","url":"https:\/\/dementsus.ee\/wp-content\/uploads\/2019\/10\/uus_logo_ED_fb-profile_600px.png","contentUrl":"https:\/\/dementsus.ee\/wp-content\/uploads\/2019\/10\/uus_logo_ED_fb-profile_600px.png","width":600,"height":600},{"@type":"BreadcrumbList","@id":"https:\/\/dementsus.ee\/ru\/dementsussobralikud-malukohvikud-ja-muuseumiprogrammid\/#breadcrumb","itemListElement":[{"@type":"ListItem","position":1,"name":"Esileht","item":"https:\/\/dementsus.ee\/ru\/"},{"@type":"ListItem","position":2,"name":"Dementsuss\u00f5bralikud m\u00e4lukohvikud ja muuseumiprogrammid"}]},{"@type":"WebSite","@id":"https:\/\/dementsus.ee\/ru\/#website","url":"https:\/\/dementsus.ee\/ru\/","name":"Dementsuse Kompetentsikeskus","description":"dementsuse info ja abi","publisher":{"@id":"https:\/\/dementsus.ee\/ru\/#organization"},"potentialAction":[{"@type":"SearchAction","target":{"@type":"EntryPoint","urlTemplate":"https:\/\/dementsus.ee\/ru\/?s={search_term_string}"},"query-input":{"@type":"PropertyValueSpecification","valueRequired":true,"valueName":"search_term_string"}}],"inLanguage":"ru-RU"},{"@type":"Organization","@id":"https:\/\/dementsus.ee\/ru\/#organization","name":"Dementsuse Kompetentsikeskus","url":"https:\/\/dementsus.ee\/ru\/","logo":{"@type":"ImageObject","inLanguage":"ru-RU","@id":"https:\/\/dementsus.ee\/ru\/#\/schema\/logo\/image\/","url":"https:\/\/dementsus.ee\/wp-content\/uploads\/2023\/07\/ED_logo_kodukale.svg","contentUrl":"https:\/\/dementsus.ee\/wp-content\/uploads\/2023\/07\/ED_logo_kodukale.svg","caption":"Dementsuse Kompetentsikeskus"},"image":{"@id":"https:\/\/dementsus.ee\/ru\/#\/schema\/logo\/image\/"}},{"@type":"Person","@id":"https:\/\/dementsus.ee\/ru\/#\/schema\/person\/dd93d64f20e6c5add626937f6b5931ed","name":"Kermo","image":{"@type":"ImageObject","inLanguage":"ru-RU","@id":"https:\/\/dementsus.ee\/ru\/#\/schema\/person\/image\/","url":"https:\/\/secure.gravatar.com\/avatar\/b2f0128e9063b66b5c6e595d8f4c39037d52f729089f1ad5afc34656e1d58a64?s=96&d=mm&r=g","contentUrl":"https:\/\/secure.gravatar.com\/avatar\/b2f0128e9063b66b5c6e595d8f4c39037d52f729089f1ad5afc34656e1d58a64?s=96&d=mm&r=g","caption":"Kermo"},"url":"https:\/\/dementsus.ee\/ru\/author\/kermo\/"}]}},"_links":{"self":[{"href":"https:\/\/dementsus.ee\/ru\/wp-json\/wp\/v2\/posts\/1170","targetHints":{"allow":["GET"]}}],"collection":[{"href":"https:\/\/dementsus.ee\/ru\/wp-json\/wp\/v2\/posts"}],"about":[{"href":"https:\/\/dementsus.ee\/ru\/wp-json\/wp\/v2\/types\/post"}],"author":[{"embeddable":true,"href":"https:\/\/dementsus.ee\/ru\/wp-json\/wp\/v2\/users\/2"}],"replies":[{"embeddable":true,"href":"https:\/\/dementsus.ee\/ru\/wp-json\/wp\/v2\/comments?post=1170"}],"version-history":[{"count":0,"href":"https:\/\/dementsus.ee\/ru\/wp-json\/wp\/v2\/posts\/1170\/revisions"}],"wp:featuredmedia":[{"embeddable":true,"href":"https:\/\/dementsus.ee\/ru\/wp-json\/wp\/v2\/media\/1173"}],"wp:attachment":[{"href":"https:\/\/dementsus.ee\/ru\/wp-json\/wp\/v2\/media?parent=1170"}],"wp:term":[{"taxonomy":"category","embeddable":true,"href":"https:\/\/dementsus.ee\/ru\/wp-json\/wp\/v2\/categories?post=1170"},{"taxonomy":"post_tag","embeddable":true,"href":"https:\/\/dementsus.ee\/ru\/wp-json\/wp\/v2\/tags?post=1170"},{"taxonomy":"autor","embeddable":true,"href":"https:\/\/dementsus.ee\/ru\/wp-json\/wp\/v2\/autor?post=1170"}],"curies":[{"name":"wp","href":"https:\/\/api.w.org\/{rel}","templated":true}]}}