{"id":1370,"date":"2019-12-19T11:11:28","date_gmt":"2019-12-19T11:11:28","guid":{"rendered":"https:\/\/eludementsusega.ee\/?p=1370"},"modified":"2019-12-19T11:11:28","modified_gmt":"2019-12-19T11:11:28","slug":"venekeelne","status":"publish","type":"post","link":"https:\/\/dementsus.ee\/ru\/venekeelne\/","title":{"rendered":"Veebileht eludementsusega.ee n\u00fc\u00fcd ka venekeelne"},"content":{"rendered":"<p>T\u00e4nasest on v\u00f5imalik kodulehte eludementsusega.ee lugeda ka vene keeles. Vene keelde t\u00f5lkis ja venekeelset kodulehte toimetab MT\u00dc Elu Dementsusega aktiivne liige Anna Beznossova. Vene keelde on t\u00f5lgitud olulisemad kodulehe tekstid ning ajapikku lisandub neid juurde. Seega hetkel samas mahus nagu on eestikeelne koduleht, vene keeles seda lugeda ei saa.<\/p>\n<p>Kodulehe keelt saad vahetada, kui klikid \u00fcleval paremal olevale linnukesele kas EST v\u00f5i RUS!<\/p>\n<p>&nbsp;<\/p>\n<p>&nbsp;<\/p>\n","protected":false},"excerpt":{"rendered":"<p>T\u00e4nasest on v\u00f5imalik kodulehte eludementsusega.ee lugeda ka vene keeles. Vene keelde t\u00f5lkis ja venekeelset kodulehte toimetab MT\u00dc Elu Dementsusega aktiivne liige Anna Beznossova. Vene keelde on t\u00f5lgitud olulisemad kodulehe tekstid ning ajapikku lisandub neid juurde. Seega hetkel samas mahus nagu on eestikeelne koduleht, vene keeles seda lugeda ei saa. Kodulehe keelt saad vahetada, kui klikid [&hellip;]<\/p>\n","protected":false},"author":2,"featured_media":0,"comment_status":"open","ping_status":"open","sticky":false,"template":"","format":"standard","meta":{"footnotes":""},"categories":[1],"tags":[],"autor":[],"class_list":["post-1370","post","type-post","status-publish","format-standard","hentry","category-maaratlemata"],"yoast_head":"<!-- This site is optimized with the Yoast SEO plugin v26.2 - https:\/\/yoast.com\/wordpress\/plugins\/seo\/ -->\n<title>Veebileht eludementsusega.ee n\u00fc\u00fcd ka venekeelne - Dementsuse Kompetentsikeskus<\/title>\n<meta name=\"robots\" content=\"index, follow, max-snippet:-1, max-image-preview:large, max-video-preview:-1\" \/>\n<link rel=\"canonical\" href=\"https:\/\/dementsus.ee\/ru\/venekeelne\/\" \/>\n<meta property=\"og:locale\" content=\"ru_RU\" \/>\n<meta property=\"og:type\" content=\"article\" \/>\n<meta property=\"og:title\" content=\"Veebileht eludementsusega.ee n\u00fc\u00fcd ka venekeelne - Dementsuse Kompetentsikeskus\" \/>\n<meta property=\"og:description\" content=\"T\u00e4nasest on v\u00f5imalik kodulehte eludementsusega.ee lugeda ka vene keeles. Vene keelde t\u00f5lkis ja venekeelset kodulehte toimetab MT\u00dc Elu Dementsusega aktiivne liige Anna Beznossova. Vene keelde on t\u00f5lgitud olulisemad kodulehe tekstid ning ajapikku lisandub neid juurde. Seega hetkel samas mahus nagu on eestikeelne koduleht, vene keeles seda lugeda ei saa. Kodulehe keelt saad vahetada, kui klikid [&hellip;]\" \/>\n<meta property=\"og:url\" content=\"https:\/\/dementsus.ee\/ru\/venekeelne\/\" \/>\n<meta property=\"og:site_name\" content=\"Dementsuse Kompetentsikeskus\" \/>\n<meta property=\"article:published_time\" content=\"2019-12-19T11:11:28+00:00\" \/>\n<meta name=\"author\" content=\"Kermo\" \/>\n<meta name=\"twitter:card\" content=\"summary_large_image\" \/>\n<meta name=\"twitter:label1\" content=\"\u041d\u0430\u043f\u0438\u0441\u0430\u043d\u043e \u0430\u0432\u0442\u043e\u0440\u043e\u043c\" \/>\n\t<meta name=\"twitter:data1\" content=\"Kermo\" \/>\n<script type=\"application\/ld+json\" class=\"yoast-schema-graph\">{\"@context\":\"https:\/\/schema.org\",\"@graph\":[{\"@type\":\"Article\",\"@id\":\"https:\/\/dementsus.ee\/ru\/venekeelne\/#article\",\"isPartOf\":{\"@id\":\"https:\/\/dementsus.ee\/ru\/venekeelne\/\"},\"author\":{\"name\":\"Kermo\",\"@id\":\"https:\/\/dementsus.ee\/ru\/#\/schema\/person\/dd93d64f20e6c5add626937f6b5931ed\"},\"headline\":\"Veebileht eludementsusega.ee n\u00fc\u00fcd ka venekeelne\",\"datePublished\":\"2019-12-19T11:11:28+00:00\",\"mainEntityOfPage\":{\"@id\":\"https:\/\/dementsus.ee\/ru\/venekeelne\/\"},\"wordCount\":78,\"commentCount\":0,\"publisher\":{\"@id\":\"https:\/\/dementsus.ee\/ru\/#organization\"},\"articleSection\":[\"M\u00e4\u00e4ratlemata\"],\"inLanguage\":\"ru-RU\"},{\"@type\":\"WebPage\",\"@id\":\"https:\/\/dementsus.ee\/ru\/venekeelne\/\",\"url\":\"https:\/\/dementsus.ee\/ru\/venekeelne\/\",\"name\":\"Veebileht eludementsusega.ee n\u00fc\u00fcd ka venekeelne - Dementsuse Kompetentsikeskus\",\"isPartOf\":{\"@id\":\"https:\/\/dementsus.ee\/ru\/#website\"},\"datePublished\":\"2019-12-19T11:11:28+00:00\",\"breadcrumb\":{\"@id\":\"https:\/\/dementsus.ee\/ru\/venekeelne\/#breadcrumb\"},\"inLanguage\":\"ru-RU\",\"potentialAction\":[{\"@type\":\"ReadAction\",\"target\":[\"https:\/\/dementsus.ee\/ru\/venekeelne\/\"]}]},{\"@type\":\"BreadcrumbList\",\"@id\":\"https:\/\/dementsus.ee\/ru\/venekeelne\/#breadcrumb\",\"itemListElement\":[{\"@type\":\"ListItem\",\"position\":1,\"name\":\"Esileht\",\"item\":\"https:\/\/dementsus.ee\/ru\/\"},{\"@type\":\"ListItem\",\"position\":2,\"name\":\"Veebileht eludementsusega.ee n\u00fc\u00fcd ka venekeelne\"}]},{\"@type\":\"WebSite\",\"@id\":\"https:\/\/dementsus.ee\/ru\/#website\",\"url\":\"https:\/\/dementsus.ee\/ru\/\",\"name\":\"Dementsuse Kompetentsikeskus\",\"description\":\"dementsuse info ja abi\",\"publisher\":{\"@id\":\"https:\/\/dementsus.ee\/ru\/#organization\"},\"potentialAction\":[{\"@type\":\"SearchAction\",\"target\":{\"@type\":\"EntryPoint\",\"urlTemplate\":\"https:\/\/dementsus.ee\/ru\/?s={search_term_string}\"},\"query-input\":{\"@type\":\"PropertyValueSpecification\",\"valueRequired\":true,\"valueName\":\"search_term_string\"}}],\"inLanguage\":\"ru-RU\"},{\"@type\":\"Organization\",\"@id\":\"https:\/\/dementsus.ee\/ru\/#organization\",\"name\":\"Dementsuse Kompetentsikeskus\",\"url\":\"https:\/\/dementsus.ee\/ru\/\",\"logo\":{\"@type\":\"ImageObject\",\"inLanguage\":\"ru-RU\",\"@id\":\"https:\/\/dementsus.ee\/ru\/#\/schema\/logo\/image\/\",\"url\":\"https:\/\/dementsus.ee\/wp-content\/uploads\/2023\/07\/ED_logo_kodukale.svg\",\"contentUrl\":\"https:\/\/dementsus.ee\/wp-content\/uploads\/2023\/07\/ED_logo_kodukale.svg\",\"caption\":\"Dementsuse Kompetentsikeskus\"},\"image\":{\"@id\":\"https:\/\/dementsus.ee\/ru\/#\/schema\/logo\/image\/\"}},{\"@type\":\"Person\",\"@id\":\"https:\/\/dementsus.ee\/ru\/#\/schema\/person\/dd93d64f20e6c5add626937f6b5931ed\",\"name\":\"Kermo\",\"image\":{\"@type\":\"ImageObject\",\"inLanguage\":\"ru-RU\",\"@id\":\"https:\/\/dementsus.ee\/ru\/#\/schema\/person\/image\/\",\"url\":\"https:\/\/secure.gravatar.com\/avatar\/b2f0128e9063b66b5c6e595d8f4c39037d52f729089f1ad5afc34656e1d58a64?s=96&d=mm&r=g\",\"contentUrl\":\"https:\/\/secure.gravatar.com\/avatar\/b2f0128e9063b66b5c6e595d8f4c39037d52f729089f1ad5afc34656e1d58a64?s=96&d=mm&r=g\",\"caption\":\"Kermo\"},\"url\":\"https:\/\/dementsus.ee\/ru\/author\/kermo\/\"}]}<\/script>\n<!-- \/ Yoast SEO plugin. -->","yoast_head_json":{"title":"Veebileht eludementsusega.ee n\u00fc\u00fcd ka venekeelne - Dementsuse Kompetentsikeskus","robots":{"index":"index","follow":"follow","max-snippet":"max-snippet:-1","max-image-preview":"max-image-preview:large","max-video-preview":"max-video-preview:-1"},"canonical":"https:\/\/dementsus.ee\/ru\/venekeelne\/","og_locale":"ru_RU","og_type":"article","og_title":"Veebileht eludementsusega.ee n\u00fc\u00fcd ka venekeelne - Dementsuse Kompetentsikeskus","og_description":"T\u00e4nasest on v\u00f5imalik kodulehte eludementsusega.ee lugeda ka vene keeles. Vene keelde t\u00f5lkis ja venekeelset kodulehte toimetab MT\u00dc Elu Dementsusega aktiivne liige Anna Beznossova. Vene keelde on t\u00f5lgitud olulisemad kodulehe tekstid ning ajapikku lisandub neid juurde. Seega hetkel samas mahus nagu on eestikeelne koduleht, vene keeles seda lugeda ei saa. Kodulehe keelt saad vahetada, kui klikid [&hellip;]","og_url":"https:\/\/dementsus.ee\/ru\/venekeelne\/","og_site_name":"Dementsuse Kompetentsikeskus","article_published_time":"2019-12-19T11:11:28+00:00","author":"Kermo","twitter_card":"summary_large_image","twitter_misc":{"\u041d\u0430\u043f\u0438\u0441\u0430\u043d\u043e \u0430\u0432\u0442\u043e\u0440\u043e\u043c":"Kermo"},"schema":{"@context":"https:\/\/schema.org","@graph":[{"@type":"Article","@id":"https:\/\/dementsus.ee\/ru\/venekeelne\/#article","isPartOf":{"@id":"https:\/\/dementsus.ee\/ru\/venekeelne\/"},"author":{"name":"Kermo","@id":"https:\/\/dementsus.ee\/ru\/#\/schema\/person\/dd93d64f20e6c5add626937f6b5931ed"},"headline":"Veebileht eludementsusega.ee n\u00fc\u00fcd ka venekeelne","datePublished":"2019-12-19T11:11:28+00:00","mainEntityOfPage":{"@id":"https:\/\/dementsus.ee\/ru\/venekeelne\/"},"wordCount":78,"commentCount":0,"publisher":{"@id":"https:\/\/dementsus.ee\/ru\/#organization"},"articleSection":["M\u00e4\u00e4ratlemata"],"inLanguage":"ru-RU"},{"@type":"WebPage","@id":"https:\/\/dementsus.ee\/ru\/venekeelne\/","url":"https:\/\/dementsus.ee\/ru\/venekeelne\/","name":"Veebileht eludementsusega.ee n\u00fc\u00fcd ka venekeelne - Dementsuse Kompetentsikeskus","isPartOf":{"@id":"https:\/\/dementsus.ee\/ru\/#website"},"datePublished":"2019-12-19T11:11:28+00:00","breadcrumb":{"@id":"https:\/\/dementsus.ee\/ru\/venekeelne\/#breadcrumb"},"inLanguage":"ru-RU","potentialAction":[{"@type":"ReadAction","target":["https:\/\/dementsus.ee\/ru\/venekeelne\/"]}]},{"@type":"BreadcrumbList","@id":"https:\/\/dementsus.ee\/ru\/venekeelne\/#breadcrumb","itemListElement":[{"@type":"ListItem","position":1,"name":"Esileht","item":"https:\/\/dementsus.ee\/ru\/"},{"@type":"ListItem","position":2,"name":"Veebileht eludementsusega.ee n\u00fc\u00fcd ka venekeelne"}]},{"@type":"WebSite","@id":"https:\/\/dementsus.ee\/ru\/#website","url":"https:\/\/dementsus.ee\/ru\/","name":"Dementsuse Kompetentsikeskus","description":"dementsuse info ja abi","publisher":{"@id":"https:\/\/dementsus.ee\/ru\/#organization"},"potentialAction":[{"@type":"SearchAction","target":{"@type":"EntryPoint","urlTemplate":"https:\/\/dementsus.ee\/ru\/?s={search_term_string}"},"query-input":{"@type":"PropertyValueSpecification","valueRequired":true,"valueName":"search_term_string"}}],"inLanguage":"ru-RU"},{"@type":"Organization","@id":"https:\/\/dementsus.ee\/ru\/#organization","name":"Dementsuse Kompetentsikeskus","url":"https:\/\/dementsus.ee\/ru\/","logo":{"@type":"ImageObject","inLanguage":"ru-RU","@id":"https:\/\/dementsus.ee\/ru\/#\/schema\/logo\/image\/","url":"https:\/\/dementsus.ee\/wp-content\/uploads\/2023\/07\/ED_logo_kodukale.svg","contentUrl":"https:\/\/dementsus.ee\/wp-content\/uploads\/2023\/07\/ED_logo_kodukale.svg","caption":"Dementsuse Kompetentsikeskus"},"image":{"@id":"https:\/\/dementsus.ee\/ru\/#\/schema\/logo\/image\/"}},{"@type":"Person","@id":"https:\/\/dementsus.ee\/ru\/#\/schema\/person\/dd93d64f20e6c5add626937f6b5931ed","name":"Kermo","image":{"@type":"ImageObject","inLanguage":"ru-RU","@id":"https:\/\/dementsus.ee\/ru\/#\/schema\/person\/image\/","url":"https:\/\/secure.gravatar.com\/avatar\/b2f0128e9063b66b5c6e595d8f4c39037d52f729089f1ad5afc34656e1d58a64?s=96&d=mm&r=g","contentUrl":"https:\/\/secure.gravatar.com\/avatar\/b2f0128e9063b66b5c6e595d8f4c39037d52f729089f1ad5afc34656e1d58a64?s=96&d=mm&r=g","caption":"Kermo"},"url":"https:\/\/dementsus.ee\/ru\/author\/kermo\/"}]}},"_links":{"self":[{"href":"https:\/\/dementsus.ee\/ru\/wp-json\/wp\/v2\/posts\/1370","targetHints":{"allow":["GET"]}}],"collection":[{"href":"https:\/\/dementsus.ee\/ru\/wp-json\/wp\/v2\/posts"}],"about":[{"href":"https:\/\/dementsus.ee\/ru\/wp-json\/wp\/v2\/types\/post"}],"author":[{"embeddable":true,"href":"https:\/\/dementsus.ee\/ru\/wp-json\/wp\/v2\/users\/2"}],"replies":[{"embeddable":true,"href":"https:\/\/dementsus.ee\/ru\/wp-json\/wp\/v2\/comments?post=1370"}],"version-history":[{"count":0,"href":"https:\/\/dementsus.ee\/ru\/wp-json\/wp\/v2\/posts\/1370\/revisions"}],"wp:attachment":[{"href":"https:\/\/dementsus.ee\/ru\/wp-json\/wp\/v2\/media?parent=1370"}],"wp:term":[{"taxonomy":"category","embeddable":true,"href":"https:\/\/dementsus.ee\/ru\/wp-json\/wp\/v2\/categories?post=1370"},{"taxonomy":"post_tag","embeddable":true,"href":"https:\/\/dementsus.ee\/ru\/wp-json\/wp\/v2\/tags?post=1370"},{"taxonomy":"autor","embeddable":true,"href":"https:\/\/dementsus.ee\/ru\/wp-json\/wp\/v2\/autor?post=1370"}],"curies":[{"name":"wp","href":"https:\/\/api.w.org\/{rel}","templated":true}]}}