{"id":1407,"date":"2019-12-23T19:14:23","date_gmt":"2019-12-23T19:14:23","guid":{"rendered":"https:\/\/eludementsusega.ee\/?p=1407"},"modified":"2019-12-23T19:14:23","modified_gmt":"2019-12-23T19:14:23","slug":"joulud-dementsusega-inimese-peres","status":"publish","type":"post","link":"https:\/\/dementsus.ee\/ru\/joulud-dementsusega-inimese-peres\/","title":{"rendered":"J\u00f5ulud dementsusega inimese peres"},"content":{"rendered":"<p><strong>Naudi j\u00f5ule stressivabalt!<\/strong><\/p>\n<p>P\u00fchad on imeline aeg pere ja s\u00f5prade seltsis. Ka parimad ajad v\u00f5ivad olla r\u00f5huvad ja rasked. Hoolitsedes dementsust p\u00f5deva l\u00e4hedase eest v\u00f5ib tunduda, et k\u00f5ike on liiga palju. Samas m\u00f5ningase planeerimise ja kohandamisega v\u00f5ivad p\u00fchad olla meeldivad ja nauditavad k\u00f5igile.<\/p>\n<p><strong>Valmista dementsusega inimene p\u00fchadeks ette.<\/strong> S\u00fcgava dementsuse korral on soovitatav koostada individuaalne plaan j\u00f5ulude t\u00e4histamiseks \u2013 l\u00e4hedasena tead k\u00f5ige paremini, mis dementsusega pereliikmele meeldib v\u00f5i ei meeldi. Kerge dementsuse korral saad p\u00fchadest r\u00e4\u00e4kida ja p\u00fchade t\u00e4histamist planeerida koos dementsusega inimesega \u2013 pane kirja, mis talle r\u00f5\u00f5mu pakub. J\u00f5ulude ja aastavahetuse t\u00e4histamist ette planeerides saad teadlikult hoiduda stressi ja v\u00e4simust tekitavatest tegevustest.<\/p>\n<p><strong>Valmista teised pereliikmed ja s\u00f5brad haigega kohtumiseks ette<\/strong>, seda eriti siis, kui pole pikka aega \u00fcksteist n\u00e4inud ja dementsusega inimese seisund on vahepeal muutunud. Kerge dementsuse s\u00fcmptomeid ei pruugi s\u00f5brad ja sugulased m\u00e4rgata. Kuid ka kerge dementsusega inimesel v\u00f5ib olla raske vestlust j\u00e4lgida ja ta v\u00f5ib kippuda ennast kordama. Pereliikmed peaksid olema kannatlikud, hoiduma vestluse katkestamisest, mitte parandama ja andma aega m\u00f5te l\u00f5puni r\u00e4\u00e4kida.<\/p>\n<p>Raske dementsuse korral on k\u00e4itumise- ja m\u00e4luprobleemid suuremad ja hea, kui saad \u00a0k\u00fclalisi enne kokku saamist informeerida kas suuliselt v\u00f5i kirjalikult. Dementsuss\u00fcndroomi p\u00f5deva inimese v\u00e4limus v\u00f5ib olla muutunud ning tema k\u00e4itumine v\u00f5ib olla ettearvamatu. Ta ei pruugi k\u00fclalisi \u00e4ra tunda ja v\u00f5ib neid kellegi teisega segamini ajada. Palu k\u00fclalisi haigega k\u00e4ituda v\u00f5imalikult tavaliselt ja naeratada, julgustavalt puudutada \u00f5last v\u00f5i k\u00e4est.<\/p>\n<p><strong>Kuidas hooldajana ise p\u00fchade ajal r\u00f5\u00f5msat meelt s\u00e4ilitada?<\/strong><\/p>\n<p>Kui oled peo v\u00f5\u00f5rustaja, siis anna sugulastele ja s\u00f5pradele teada, et pead eelk\u00f5ige hoolitsema l\u00e4hedase eest ja ei suuda pakkuda p\u00fchadeks sama, millega k\u00fclalised olid eelnevatel aastatel harjunud. Selgita, et vajad abi ja sel aastal tuleb pidu teistsugune.<\/p>\n<p><strong>Tee p\u00fchadeks realistlikud plaanid.<\/strong> Kui tavaliselt oled j\u00f5ulu\u00f5htuks k\u00fclla kutsunud 15-20 inimest, siis hooldajana uues situatsioonis korralda asjad \u00fcmber ja paku v\u00e4hesematele inimestele lihtsat einet. Lase teistel toetada ja korraldada n\u00e4iteks \u00f5htus\u00f6\u00f6k v\u00f5i lase ennast \u00fcldse teiste poolt k\u00fclla kutsuda. \u00dclev\u00e4simuse ennetamiseks on hea, kui v\u00f5\u00f5rustad ise v\u00e4hem k\u00fclalisi.<\/p>\n<p>Kui dementsusega l\u00e4hedane on \u00f5htuti segaduses v\u00f5i agiteeritud, siis korralda asjad \u00fcmber nii, et kohtute p\u00fchade ajal pereliikmete ja s\u00f5pradega pigem hommikupoolsel v\u00f5i l\u00f5unas\u00f6\u00f6gi ajal.<\/p>\n<p>Kui pidu on ikka \u00f5htul, siis hoia toad valgustatud ja p\u00fc\u00fca s\u00e4\u00e4sta l\u00e4hedast igal v\u00f5imalikul moel.<\/p>\n<p><strong>Kaasa dementsusega inimene p\u00fchade tegemistesse.<\/strong> P\u00fc\u00fca aru saada, mis toob \u00a0dementsusega pereliikmele seoses j\u00f5uludega meeldivaid emotsioone \u2013 kas need on vanad j\u00f5ululaulud, vanad j\u00f5uluteemalised filmid v\u00f5i pildialbumid? Kui v\u00f5imalik, siis kaasa teda v\u00f5imetekohaselt toidu valmistamisel, kingituste pakkimisel, kuuse ja kodu kaunistamisel, laua katmisel. Dementsusega inimene saab n\u00e4iteks hakkama toiduainete ja j\u00f5ulukaunistuste ulatamisel jm. Ole ettevaatlik vilkuvate kaunistustega, need v\u00f5ivad ehmatada ja ole ettevaatlik ka toitu meenutavate kaunistustega, mida dementsusega inimene v\u00f5ib s\u00f6\u00f6giks pidada.<\/p>\n<p>P\u00fchade ajal on vajalik s\u00e4ilitada tavap\u00e4rane p\u00e4evare\u017eiim ning teha puhkepause ja uinakuid.<\/p>\n<p><strong>Kingitused<\/strong><\/p>\n<p>R\u00e4\u00e4gi k\u00fclalistega enne l\u00e4bi, soovitades dementsusega inimesele kinkida ohutuid ja vajalikke kingitusi, n\u00e4iteks nagu mugavad riided, lemmiktoit, fotoalbumid jm.<\/p>\n<p>Perel ja s\u00f5pradel tasub meeles pidada, et dementsusega inimese p\u00f5hilisele hooldajale on parimaks kingituseks vaba ja ainult talle kuuluv aeg! Head on ka kingitused, mis aitavad hooldajal endaga ja l\u00e4hedase hooldusega igap\u00e4evaselt paremini hakkama saada.<\/p>\n<p><strong>Kui l\u00e4hedane on hooldusasutuses<\/strong><\/p>\n<p>Osale koos l\u00e4hedasega j\u00f5ulu\u00fcritustel. Vii j\u00f5ulutoitu l\u00e4hedasele ja ka teistele hooldusasutuse elanikele. Laula p\u00fchade laule ja p\u00fc\u00fca ka teised kaasa haarata. Loe j\u00f5ululugusid ja luuletusi valjusti ette.<\/p>\n<p><strong>Soovitused p\u00fchadeks<\/strong><\/p>\n<ul>\n<li>Ootused olgu realistlikud, korraldus v\u00f5ib erineda varasematest, aga olla siiski nauditav;<\/li>\n<li>r\u00e4\u00e4gi l\u00e4hedasega, mida tema m\u00f5tleb p\u00fchadest ja kuidas ta soovib osaleda. Arvesta haiguseelset suhtumist p\u00fchadesse;<\/li>\n<li>m\u00f5tle, mida on v\u00f5imalik teha sellel aastal ja kuidas sa tahad seda teha;<\/li>\n<li>r\u00e4\u00e4gi \u00a0pereliikmete \u00a0ja \u00a0s\u00f5pradega, \u00a0mida \u00a0oleks vaja teha, et pidup\u00e4ev oleks sobiv k\u00f5igile;<\/li>\n<li>pea \u00a0meeles, \u00a0k\u00f5igil \u00a0pereliikmetel \u00a0ja \u00a0s\u00f5pradel \u00a0on p\u00fchade ajal vaba aega, r\u00e4\u00e4gi nendega, kuidas nad saavad aidata ja ka sulle puhkust anda;<\/li>\n<li>kindlusta ka rahvast t\u00e4is majas vaikne koht dementsusega inimesele kus puhata ja \u00fcksi olla;<\/li>\n<li>k\u00fcpsetamine ja p\u00fchade kaunistuste tegemine ja kuuse ehtimine on toredad \u00fchistegemised. Liigsed dekoratsioonid ja tuled v\u00f5ivad muutuda h\u00e4irivaks. J\u00e4\u00e4 m\u00f5\u00f5dukaks;<\/li>\n<li>m\u00f5tle tavap\u00e4rastele tegevustele p\u00fchade ajal, ka religioossetele. Soovib su l\u00e4hedane kuulata j\u00f5ululaule v\u00f5i minna kirikusse?;<\/li>\n<li>mitmed v\u00e4ikesed s\u00fcndmused v\u00f5ivad olla paremad kui \u00fcks suur pidu;<\/li>\n<li>proovige k\u00fclalisi ja k\u00fclastusi jagada;<\/li>\n<li>paljude k\u00fclaliste korral on hea, kui keegi on hooldatava k\u00f5rval ja aitab meenutada nimesid ja toetada vestlust;<\/li>\n<li>v\u00f5imalusel korralda perekondlik kokkusaamine tuttavas kohas. Kui see ei ole v\u00f5imalik, kaalu v\u00f5imalust juhiste (viitade) \u00fclespanemiseks nagu n\u00e4iteks k\u00f6\u00f6k, WC, vannituba jne;<\/li>\n<li>peop\u00e4eval kaasa dementsusega l\u00e4hedast ettevalmistustesse nagu n\u00e4iteks laua katmine, toidu valmistamine ja meeleolu loomisesse (koos laulmine);<\/li>\n<li>pane valmis fotod v\u00f5i muud m\u00e4lestusesemed, et lihtsustada p\u00f5lvkondade vahelist suhtlust;<\/li>\n<li>nautige head s\u00f6\u00f6ki ja jooki, aga \u00e4rge liialdage ei \u00fche ega teisega;<\/li>\n<li>jalutusk\u00e4ik v\u00e4rskes \u00f5hus on meeldiv vaheldus ja vajalik ning kasulik k\u00f5igile!<\/li>\n<\/ul>\n<p><strong>P\u00fchad on emotsioonide aeg<\/strong><\/p>\n<ul>\n<li>V\u00f5ta ega puhkuseks \u2013 puhka ise ja lase l\u00e4hedasel puhata;<\/li>\n<li>v\u00f5imalda endale aega meeldivate asjade tegemiseks;<\/li>\n<li>keskendu headele asjadele;<\/li>\n<li>naerata!;<\/li>\n<li>\u00f5nnitle ennast, et tuled toime l\u00e4hedase eest hoolitsemisega!<\/li>\n<\/ul>\n<p><strong>Kui su l\u00e4hedane on hooldusasutuses<\/strong><\/p>\n<ul>\n<li>R\u00e4\u00e4kige personaliga p\u00fchadest ja l\u00e4hedase eelistustest<u>;<\/u><\/li>\n<li>oluline on, et sa kohal oled, pidustused ei ole olulised;<\/li>\n<li><span style=\"font-size: 1.125rem;\">meenutused m\u00f6\u00f6dunud aegadest v\u00f5ivad olla m\u00e4\u00e4ravaks meeleolu loomisel;<\/span><\/li>\n<li>\u00a0laulmine ja muusika kuulamine v\u00f5ib olla meeldiv \u00fchine tegevus;<\/li>\n<li>\u00fchine piltide vaatamine ja lemmikraamatu lugemine aitab t\u00e4ita \u00fchist aega;<\/li>\n<li>k\u00e4e silitamine, juuste harjamine v\u00f5i aroomiteraapia on tegevused, mida s\u00fcgava dementsusega inimesed v\u00f5ivad nautida;<\/li>\n<li>kui n\u00e4ed, et l\u00e4hedane on v\u00e4sinud v\u00f5i t\u00fcdinud, siis l\u00f5peta oma k\u00fclask\u00e4ik.<\/li>\n<\/ul>\n<p>Tekstid on koostanud Ivi Normet ja Chris Ellermaa<\/p>\n","protected":false},"excerpt":{"rendered":"<p>Naudi j\u00f5ule stressivabalt! P\u00fchad on imeline aeg pere ja s\u00f5prade seltsis. Ka parimad ajad v\u00f5ivad olla r\u00f5huvad ja rasked. Hoolitsedes dementsust p\u00f5deva l\u00e4hedase eest v\u00f5ib tunduda, et k\u00f5ike on liiga palju. Samas m\u00f5ningase planeerimise ja kohandamisega v\u00f5ivad p\u00fchad olla meeldivad ja nauditavad k\u00f5igile. Valmista dementsusega inimene p\u00fchadeks ette. S\u00fcgava dementsuse korral on soovitatav koostada individuaalne [&hellip;]<\/p>\n","protected":false},"author":2,"featured_media":1413,"comment_status":"open","ping_status":"open","sticky":false,"template":"","format":"standard","meta":{"footnotes":""},"categories":[1],"tags":[],"autor":[],"class_list":["post-1407","post","type-post","status-publish","format-standard","has-post-thumbnail","hentry","category-maaratlemata"],"yoast_head":"<!-- This site is optimized with the Yoast SEO plugin v26.2 - https:\/\/yoast.com\/wordpress\/plugins\/seo\/ -->\n<title>J\u00f5ulud dementsusega inimese peres - Dementsuse Kompetentsikeskus<\/title>\n<meta name=\"robots\" content=\"index, follow, max-snippet:-1, max-image-preview:large, max-video-preview:-1\" \/>\n<link rel=\"canonical\" href=\"https:\/\/dementsus.ee\/ru\/joulud-dementsusega-inimese-peres\/\" \/>\n<meta property=\"og:locale\" content=\"ru_RU\" \/>\n<meta property=\"og:type\" content=\"article\" \/>\n<meta property=\"og:title\" content=\"J\u00f5ulud dementsusega inimese peres - Dementsuse Kompetentsikeskus\" \/>\n<meta property=\"og:description\" content=\"Naudi j\u00f5ule stressivabalt! P\u00fchad on imeline aeg pere ja s\u00f5prade seltsis. Ka parimad ajad v\u00f5ivad olla r\u00f5huvad ja rasked. Hoolitsedes dementsust p\u00f5deva l\u00e4hedase eest v\u00f5ib tunduda, et k\u00f5ike on liiga palju. Samas m\u00f5ningase planeerimise ja kohandamisega v\u00f5ivad p\u00fchad olla meeldivad ja nauditavad k\u00f5igile. Valmista dementsusega inimene p\u00fchadeks ette. S\u00fcgava dementsuse korral on soovitatav koostada individuaalne [&hellip;]\" \/>\n<meta property=\"og:url\" content=\"https:\/\/dementsus.ee\/ru\/joulud-dementsusega-inimese-peres\/\" \/>\n<meta property=\"og:site_name\" content=\"Dementsuse Kompetentsikeskus\" \/>\n<meta property=\"article:published_time\" content=\"2019-12-23T19:14:23+00:00\" \/>\n<meta property=\"og:image\" content=\"https:\/\/dementsus.ee\/wp-content\/uploads\/2019\/12\/2019_joulud.jpg\" \/>\n\t<meta property=\"og:image:width\" content=\"593\" \/>\n\t<meta property=\"og:image:height\" content=\"421\" \/>\n\t<meta property=\"og:image:type\" content=\"image\/jpeg\" \/>\n<meta name=\"author\" content=\"Kermo\" \/>\n<meta name=\"twitter:card\" content=\"summary_large_image\" \/>\n<meta name=\"twitter:label1\" content=\"\u041d\u0430\u043f\u0438\u0441\u0430\u043d\u043e \u0430\u0432\u0442\u043e\u0440\u043e\u043c\" \/>\n\t<meta name=\"twitter:data1\" content=\"Kermo\" \/>\n\t<meta name=\"twitter:label2\" content=\"\u041f\u0440\u0438\u043c\u0435\u0440\u043d\u043e\u0435 \u0432\u0440\u0435\u043c\u044f \u0434\u043b\u044f \u0447\u0442\u0435\u043d\u0438\u044f\" \/>\n\t<meta name=\"twitter:data2\" content=\"5 \u043c\u0438\u043d\u0443\u0442\" \/>\n<script type=\"application\/ld+json\" class=\"yoast-schema-graph\">{\"@context\":\"https:\/\/schema.org\",\"@graph\":[{\"@type\":\"Article\",\"@id\":\"https:\/\/dementsus.ee\/ru\/joulud-dementsusega-inimese-peres\/#article\",\"isPartOf\":{\"@id\":\"https:\/\/dementsus.ee\/ru\/joulud-dementsusega-inimese-peres\/\"},\"author\":{\"name\":\"Kermo\",\"@id\":\"https:\/\/dementsus.ee\/ru\/#\/schema\/person\/dd93d64f20e6c5add626937f6b5931ed\"},\"headline\":\"J\u00f5ulud dementsusega inimese peres\",\"datePublished\":\"2019-12-23T19:14:23+00:00\",\"mainEntityOfPage\":{\"@id\":\"https:\/\/dementsus.ee\/ru\/joulud-dementsusega-inimese-peres\/\"},\"wordCount\":1080,\"commentCount\":0,\"publisher\":{\"@id\":\"https:\/\/dementsus.ee\/ru\/#organization\"},\"image\":{\"@id\":\"https:\/\/dementsus.ee\/ru\/joulud-dementsusega-inimese-peres\/#primaryimage\"},\"thumbnailUrl\":\"https:\/\/dementsus.ee\/wp-content\/uploads\/2019\/12\/2019_joulud.jpg\",\"articleSection\":[\"M\u00e4\u00e4ratlemata\"],\"inLanguage\":\"ru-RU\"},{\"@type\":\"WebPage\",\"@id\":\"https:\/\/dementsus.ee\/ru\/joulud-dementsusega-inimese-peres\/\",\"url\":\"https:\/\/dementsus.ee\/ru\/joulud-dementsusega-inimese-peres\/\",\"name\":\"J\u00f5ulud dementsusega inimese peres - Dementsuse Kompetentsikeskus\",\"isPartOf\":{\"@id\":\"https:\/\/dementsus.ee\/ru\/#website\"},\"primaryImageOfPage\":{\"@id\":\"https:\/\/dementsus.ee\/ru\/joulud-dementsusega-inimese-peres\/#primaryimage\"},\"image\":{\"@id\":\"https:\/\/dementsus.ee\/ru\/joulud-dementsusega-inimese-peres\/#primaryimage\"},\"thumbnailUrl\":\"https:\/\/dementsus.ee\/wp-content\/uploads\/2019\/12\/2019_joulud.jpg\",\"datePublished\":\"2019-12-23T19:14:23+00:00\",\"breadcrumb\":{\"@id\":\"https:\/\/dementsus.ee\/ru\/joulud-dementsusega-inimese-peres\/#breadcrumb\"},\"inLanguage\":\"ru-RU\",\"potentialAction\":[{\"@type\":\"ReadAction\",\"target\":[\"https:\/\/dementsus.ee\/ru\/joulud-dementsusega-inimese-peres\/\"]}]},{\"@type\":\"ImageObject\",\"inLanguage\":\"ru-RU\",\"@id\":\"https:\/\/dementsus.ee\/ru\/joulud-dementsusega-inimese-peres\/#primaryimage\",\"url\":\"https:\/\/dementsus.ee\/wp-content\/uploads\/2019\/12\/2019_joulud.jpg\",\"contentUrl\":\"https:\/\/dementsus.ee\/wp-content\/uploads\/2019\/12\/2019_joulud.jpg\",\"width\":593,\"height\":421},{\"@type\":\"BreadcrumbList\",\"@id\":\"https:\/\/dementsus.ee\/ru\/joulud-dementsusega-inimese-peres\/#breadcrumb\",\"itemListElement\":[{\"@type\":\"ListItem\",\"position\":1,\"name\":\"Esileht\",\"item\":\"https:\/\/dementsus.ee\/ru\/\"},{\"@type\":\"ListItem\",\"position\":2,\"name\":\"J\u00f5ulud dementsusega inimese peres\"}]},{\"@type\":\"WebSite\",\"@id\":\"https:\/\/dementsus.ee\/ru\/#website\",\"url\":\"https:\/\/dementsus.ee\/ru\/\",\"name\":\"Dementsuse Kompetentsikeskus\",\"description\":\"dementsuse info ja abi\",\"publisher\":{\"@id\":\"https:\/\/dementsus.ee\/ru\/#organization\"},\"potentialAction\":[{\"@type\":\"SearchAction\",\"target\":{\"@type\":\"EntryPoint\",\"urlTemplate\":\"https:\/\/dementsus.ee\/ru\/?s={search_term_string}\"},\"query-input\":{\"@type\":\"PropertyValueSpecification\",\"valueRequired\":true,\"valueName\":\"search_term_string\"}}],\"inLanguage\":\"ru-RU\"},{\"@type\":\"Organization\",\"@id\":\"https:\/\/dementsus.ee\/ru\/#organization\",\"name\":\"Dementsuse Kompetentsikeskus\",\"url\":\"https:\/\/dementsus.ee\/ru\/\",\"logo\":{\"@type\":\"ImageObject\",\"inLanguage\":\"ru-RU\",\"@id\":\"https:\/\/dementsus.ee\/ru\/#\/schema\/logo\/image\/\",\"url\":\"https:\/\/dementsus.ee\/wp-content\/uploads\/2023\/07\/ED_logo_kodukale.svg\",\"contentUrl\":\"https:\/\/dementsus.ee\/wp-content\/uploads\/2023\/07\/ED_logo_kodukale.svg\",\"caption\":\"Dementsuse Kompetentsikeskus\"},\"image\":{\"@id\":\"https:\/\/dementsus.ee\/ru\/#\/schema\/logo\/image\/\"}},{\"@type\":\"Person\",\"@id\":\"https:\/\/dementsus.ee\/ru\/#\/schema\/person\/dd93d64f20e6c5add626937f6b5931ed\",\"name\":\"Kermo\",\"image\":{\"@type\":\"ImageObject\",\"inLanguage\":\"ru-RU\",\"@id\":\"https:\/\/dementsus.ee\/ru\/#\/schema\/person\/image\/\",\"url\":\"https:\/\/secure.gravatar.com\/avatar\/b2f0128e9063b66b5c6e595d8f4c39037d52f729089f1ad5afc34656e1d58a64?s=96&d=mm&r=g\",\"contentUrl\":\"https:\/\/secure.gravatar.com\/avatar\/b2f0128e9063b66b5c6e595d8f4c39037d52f729089f1ad5afc34656e1d58a64?s=96&d=mm&r=g\",\"caption\":\"Kermo\"},\"url\":\"https:\/\/dementsus.ee\/ru\/author\/kermo\/\"}]}<\/script>\n<!-- \/ Yoast SEO plugin. -->","yoast_head_json":{"title":"J\u00f5ulud dementsusega inimese peres - Dementsuse Kompetentsikeskus","robots":{"index":"index","follow":"follow","max-snippet":"max-snippet:-1","max-image-preview":"max-image-preview:large","max-video-preview":"max-video-preview:-1"},"canonical":"https:\/\/dementsus.ee\/ru\/joulud-dementsusega-inimese-peres\/","og_locale":"ru_RU","og_type":"article","og_title":"J\u00f5ulud dementsusega inimese peres - Dementsuse Kompetentsikeskus","og_description":"Naudi j\u00f5ule stressivabalt! P\u00fchad on imeline aeg pere ja s\u00f5prade seltsis. Ka parimad ajad v\u00f5ivad olla r\u00f5huvad ja rasked. Hoolitsedes dementsust p\u00f5deva l\u00e4hedase eest v\u00f5ib tunduda, et k\u00f5ike on liiga palju. Samas m\u00f5ningase planeerimise ja kohandamisega v\u00f5ivad p\u00fchad olla meeldivad ja nauditavad k\u00f5igile. Valmista dementsusega inimene p\u00fchadeks ette. S\u00fcgava dementsuse korral on soovitatav koostada individuaalne [&hellip;]","og_url":"https:\/\/dementsus.ee\/ru\/joulud-dementsusega-inimese-peres\/","og_site_name":"Dementsuse Kompetentsikeskus","article_published_time":"2019-12-23T19:14:23+00:00","og_image":[{"width":593,"height":421,"url":"https:\/\/dementsus.ee\/wp-content\/uploads\/2019\/12\/2019_joulud.jpg","type":"image\/jpeg"}],"author":"Kermo","twitter_card":"summary_large_image","twitter_misc":{"\u041d\u0430\u043f\u0438\u0441\u0430\u043d\u043e \u0430\u0432\u0442\u043e\u0440\u043e\u043c":"Kermo","\u041f\u0440\u0438\u043c\u0435\u0440\u043d\u043e\u0435 \u0432\u0440\u0435\u043c\u044f \u0434\u043b\u044f \u0447\u0442\u0435\u043d\u0438\u044f":"5 \u043c\u0438\u043d\u0443\u0442"},"schema":{"@context":"https:\/\/schema.org","@graph":[{"@type":"Article","@id":"https:\/\/dementsus.ee\/ru\/joulud-dementsusega-inimese-peres\/#article","isPartOf":{"@id":"https:\/\/dementsus.ee\/ru\/joulud-dementsusega-inimese-peres\/"},"author":{"name":"Kermo","@id":"https:\/\/dementsus.ee\/ru\/#\/schema\/person\/dd93d64f20e6c5add626937f6b5931ed"},"headline":"J\u00f5ulud dementsusega inimese peres","datePublished":"2019-12-23T19:14:23+00:00","mainEntityOfPage":{"@id":"https:\/\/dementsus.ee\/ru\/joulud-dementsusega-inimese-peres\/"},"wordCount":1080,"commentCount":0,"publisher":{"@id":"https:\/\/dementsus.ee\/ru\/#organization"},"image":{"@id":"https:\/\/dementsus.ee\/ru\/joulud-dementsusega-inimese-peres\/#primaryimage"},"thumbnailUrl":"https:\/\/dementsus.ee\/wp-content\/uploads\/2019\/12\/2019_joulud.jpg","articleSection":["M\u00e4\u00e4ratlemata"],"inLanguage":"ru-RU"},{"@type":"WebPage","@id":"https:\/\/dementsus.ee\/ru\/joulud-dementsusega-inimese-peres\/","url":"https:\/\/dementsus.ee\/ru\/joulud-dementsusega-inimese-peres\/","name":"J\u00f5ulud dementsusega inimese peres - Dementsuse Kompetentsikeskus","isPartOf":{"@id":"https:\/\/dementsus.ee\/ru\/#website"},"primaryImageOfPage":{"@id":"https:\/\/dementsus.ee\/ru\/joulud-dementsusega-inimese-peres\/#primaryimage"},"image":{"@id":"https:\/\/dementsus.ee\/ru\/joulud-dementsusega-inimese-peres\/#primaryimage"},"thumbnailUrl":"https:\/\/dementsus.ee\/wp-content\/uploads\/2019\/12\/2019_joulud.jpg","datePublished":"2019-12-23T19:14:23+00:00","breadcrumb":{"@id":"https:\/\/dementsus.ee\/ru\/joulud-dementsusega-inimese-peres\/#breadcrumb"},"inLanguage":"ru-RU","potentialAction":[{"@type":"ReadAction","target":["https:\/\/dementsus.ee\/ru\/joulud-dementsusega-inimese-peres\/"]}]},{"@type":"ImageObject","inLanguage":"ru-RU","@id":"https:\/\/dementsus.ee\/ru\/joulud-dementsusega-inimese-peres\/#primaryimage","url":"https:\/\/dementsus.ee\/wp-content\/uploads\/2019\/12\/2019_joulud.jpg","contentUrl":"https:\/\/dementsus.ee\/wp-content\/uploads\/2019\/12\/2019_joulud.jpg","width":593,"height":421},{"@type":"BreadcrumbList","@id":"https:\/\/dementsus.ee\/ru\/joulud-dementsusega-inimese-peres\/#breadcrumb","itemListElement":[{"@type":"ListItem","position":1,"name":"Esileht","item":"https:\/\/dementsus.ee\/ru\/"},{"@type":"ListItem","position":2,"name":"J\u00f5ulud dementsusega inimese peres"}]},{"@type":"WebSite","@id":"https:\/\/dementsus.ee\/ru\/#website","url":"https:\/\/dementsus.ee\/ru\/","name":"Dementsuse Kompetentsikeskus","description":"dementsuse info ja abi","publisher":{"@id":"https:\/\/dementsus.ee\/ru\/#organization"},"potentialAction":[{"@type":"SearchAction","target":{"@type":"EntryPoint","urlTemplate":"https:\/\/dementsus.ee\/ru\/?s={search_term_string}"},"query-input":{"@type":"PropertyValueSpecification","valueRequired":true,"valueName":"search_term_string"}}],"inLanguage":"ru-RU"},{"@type":"Organization","@id":"https:\/\/dementsus.ee\/ru\/#organization","name":"Dementsuse Kompetentsikeskus","url":"https:\/\/dementsus.ee\/ru\/","logo":{"@type":"ImageObject","inLanguage":"ru-RU","@id":"https:\/\/dementsus.ee\/ru\/#\/schema\/logo\/image\/","url":"https:\/\/dementsus.ee\/wp-content\/uploads\/2023\/07\/ED_logo_kodukale.svg","contentUrl":"https:\/\/dementsus.ee\/wp-content\/uploads\/2023\/07\/ED_logo_kodukale.svg","caption":"Dementsuse Kompetentsikeskus"},"image":{"@id":"https:\/\/dementsus.ee\/ru\/#\/schema\/logo\/image\/"}},{"@type":"Person","@id":"https:\/\/dementsus.ee\/ru\/#\/schema\/person\/dd93d64f20e6c5add626937f6b5931ed","name":"Kermo","image":{"@type":"ImageObject","inLanguage":"ru-RU","@id":"https:\/\/dementsus.ee\/ru\/#\/schema\/person\/image\/","url":"https:\/\/secure.gravatar.com\/avatar\/b2f0128e9063b66b5c6e595d8f4c39037d52f729089f1ad5afc34656e1d58a64?s=96&d=mm&r=g","contentUrl":"https:\/\/secure.gravatar.com\/avatar\/b2f0128e9063b66b5c6e595d8f4c39037d52f729089f1ad5afc34656e1d58a64?s=96&d=mm&r=g","caption":"Kermo"},"url":"https:\/\/dementsus.ee\/ru\/author\/kermo\/"}]}},"_links":{"self":[{"href":"https:\/\/dementsus.ee\/ru\/wp-json\/wp\/v2\/posts\/1407","targetHints":{"allow":["GET"]}}],"collection":[{"href":"https:\/\/dementsus.ee\/ru\/wp-json\/wp\/v2\/posts"}],"about":[{"href":"https:\/\/dementsus.ee\/ru\/wp-json\/wp\/v2\/types\/post"}],"author":[{"embeddable":true,"href":"https:\/\/dementsus.ee\/ru\/wp-json\/wp\/v2\/users\/2"}],"replies":[{"embeddable":true,"href":"https:\/\/dementsus.ee\/ru\/wp-json\/wp\/v2\/comments?post=1407"}],"version-history":[{"count":0,"href":"https:\/\/dementsus.ee\/ru\/wp-json\/wp\/v2\/posts\/1407\/revisions"}],"wp:featuredmedia":[{"embeddable":true,"href":"https:\/\/dementsus.ee\/ru\/wp-json\/wp\/v2\/media\/1413"}],"wp:attachment":[{"href":"https:\/\/dementsus.ee\/ru\/wp-json\/wp\/v2\/media?parent=1407"}],"wp:term":[{"taxonomy":"category","embeddable":true,"href":"https:\/\/dementsus.ee\/ru\/wp-json\/wp\/v2\/categories?post=1407"},{"taxonomy":"post_tag","embeddable":true,"href":"https:\/\/dementsus.ee\/ru\/wp-json\/wp\/v2\/tags?post=1407"},{"taxonomy":"autor","embeddable":true,"href":"https:\/\/dementsus.ee\/ru\/wp-json\/wp\/v2\/autor?post=1407"}],"curies":[{"name":"wp","href":"https:\/\/api.w.org\/{rel}","templated":true}]}}