{"id":1629,"date":"2020-01-23T08:25:32","date_gmt":"2020-01-23T08:25:32","guid":{"rendered":"https:\/\/eludementsusega.ee\/?p=1629"},"modified":"2020-01-23T08:25:32","modified_gmt":"2020-01-23T08:25:32","slug":"dementsuse-info-ja-usaldusliin-on-on-1-aastane","status":"publish","type":"post","link":"https:\/\/dementsus.ee\/ru\/dementsuse-info-ja-usaldusliin-on-on-1-aastane\/","title":{"rendered":"Dementsuse info- ja usaldusliin on on 1-aastane!"},"content":{"rendered":"<p><strong>23. jaanuaril t\u00e4itus dementsuse info- ja usaldusliini 644 6440 avamisest 1 aasta. M\u00f6\u00f6dunud aastal said infoliini kaudu abi ja n\u00f5uandeid 370 helistajat, kes on peamiselt dementsust p\u00f5devad inimesed ja nende l\u00e4hedased.\u00a0 \u00a0<\/strong><\/p>\n<p>Sarnaselt 2019. aasta esimese poolega olid k\u00f5ige levinumad teemad, millega infoliini poole p\u00f6\u00f6rduti,<br \/>\n\u00fcldine v\u00e4hene haigusteadlikkus (2019 esimesel poolaastal 38 p\u00f6\u00f6rdumist, teisel poolaastal 42), diagnoosimisega seotud k\u00fcsimused (2019 esimesel poolaastal 41 korral, teisel poolaastal 26 korral) ning haigusega toimetulek (2019 esimesel poolaastal 62, teisel poolaastal 55). 2019. aasta teises pooles m\u00e4rgatavalt v\u00e4henes selliste k\u00f5nede arv, kus on tekkinud probleem teenuse saamisel. Kui aasta esimesel poolel oli selliseid k\u00f5nesid 29, siis aasta teisel poolel oli ainult \u00fcks k\u00f5ne.<\/p>\n<p>2019. aasta esimesel poolel eristus selgelt, et esmasp\u00e4eviti oli helistajaid rohkem (poolaasta kohta 64<br \/>\nk\u00f5net) ning reedeti v\u00e4hem (26 k\u00f5net), siis aasta teises pooles oli erinevatel n\u00e4dalap\u00e4evadel helistajaid<br \/>\nv\u00f5rdsemalt, v\u00e4hem on helistajaid ainult kolmap\u00e4eviti kui infoliin on avatud \u00f5htuti. 2019. aastal tehti esmasp\u00e4evadel kokku 99, teisip\u00e4evadel 68, kolmap\u00e4evadel 66, neljap\u00e4evadel 80 ja reedeti kokku 57 k\u00f5net.<\/p>\n<p>2019. aasta teisel poolel oli infoliinile helistatud k\u00f5ne keskmiseks pikkuseks 11 minutit 29 sekundit. Sama n\u00e4itaja m\u00f6\u00f6dunud aasta esimesel poolel oli 13 min 20 sekundit.<\/p>\n<p>Dementsuse Kompetentsikeskuse info- ja usaldusliin pakub inimesele v\u00f5imalust anon\u00fc\u00fcmseks n\u00f5ustamiseks dementsust puudutavates k\u00fcsimustes. Oma ala eksperdid aitavad dementsuse kahtluse korral v\u00f5i peale deme<span style=\"font-size: 1.125rem;\">ntsuse diagnoosi panemist inimesel, tema l\u00e4hedasel v\u00f5i spetsialistil aru saada haiguse olemusest. Infoliini n\u00f5ustajaga on v\u00f5imalik arutada k\u00f5iki dementsusega seotud k\u00fcsimusi, ka selliseid, mida oma arstilt ei j\u00f5udnud v\u00f5i ei julgenud k\u00fcsida.<\/span><\/p>\n<p>Kuna dementsuse infoliini k\u00f5nesid ei salvestata, siis on infoliini n\u00f5ustajate \u00fcheks t\u00f6\u00f6\u00fclesandeks panna kirja k\u00f5ne l\u00fchikirjeldus. Nende kirjelduste p\u00f5hjal saab anal\u00fc\u00fcsida helistajate vajadusi.<\/p>\n<p>Kui infoliinile helistajal on keerulisem v\u00f5i spetsiifilisem mure, millele telefonin\u00f5ustaja ei saa\u00a0 koheselt vastata, siis inimese n\u00f5usolekul tema kontaktandmed Dementsuse Kompetentsikeskuse spetsialistile, kes kontakteerub inimesega ja p\u00fc\u00fcab leida probleemile lahendust. Sellisel juhul on v\u00f5imalik pakkuda\u00a0 personaalse n\u00f5ustamise teenust.<\/p>\n<p>Infoliini n\u00f5ustajateks on tegevusterapeudid, sotsiaalt\u00f6\u00f6tajad, sotsiaalvaldkonna eksperdid, \u00f5ppej\u00f5ud, hingehoidja ja dementsusega inimeste kogenud l\u00e4hedased. Infoliin vastab ja n\u00f5ustab inimesi eesti ja vene keeles t\u00f6\u00f6p\u00e4eviti 4 tundi p\u00e4evas.<\/p>\n<p>Infoliini arendaja ja projektijuht on Kadi Neubauer. Infoliini meeskonda kuuluvad: Merle Varik, Janika Pael, Angelika Armolik, Hanna-Stiina Heinmets, Liis Niilo, Piret Kuusk\u00fcll, Andrus R\u00fc\u00fctelmaa, Piret Purdelo-Tomingas, Miret Tuur ja Kadi Neubauer.<\/p>\n","protected":false},"excerpt":{"rendered":"<p>23. jaanuaril t\u00e4itus dementsuse info- ja usaldusliini 644 6440 avamisest 1 aasta. M\u00f6\u00f6dunud aastal said infoliini kaudu abi ja n\u00f5uandeid 370 helistajat, kes on peamiselt dementsust p\u00f5devad inimesed ja nende l\u00e4hedased.\u00a0 \u00a0 Sarnaselt 2019. aasta esimese poolega olid k\u00f5ige levinumad teemad, millega infoliini poole p\u00f6\u00f6rduti, \u00fcldine v\u00e4hene haigusteadlikkus (2019 esimesel poolaastal 38 p\u00f6\u00f6rdumist, teisel poolaastal [&hellip;]<\/p>\n","protected":false},"author":2,"featured_media":1633,"comment_status":"open","ping_status":"open","sticky":false,"template":"","format":"standard","meta":{"footnotes":""},"categories":[1],"tags":[],"autor":[],"class_list":["post-1629","post","type-post","status-publish","format-standard","has-post-thumbnail","hentry","category-maaratlemata"],"yoast_head":"<!-- This site is optimized with the Yoast SEO plugin v26.2 - https:\/\/yoast.com\/wordpress\/plugins\/seo\/ -->\n<title>Dementsuse info- ja usaldusliin on on 1-aastane! - Dementsuse Kompetentsikeskus<\/title>\n<meta name=\"robots\" content=\"index, follow, max-snippet:-1, max-image-preview:large, max-video-preview:-1\" \/>\n<link rel=\"canonical\" href=\"https:\/\/dementsus.ee\/ru\/dementsuse-info-ja-usaldusliin-on-on-1-aastane\/\" \/>\n<meta property=\"og:locale\" content=\"ru_RU\" \/>\n<meta property=\"og:type\" content=\"article\" \/>\n<meta property=\"og:title\" content=\"Dementsuse info- ja usaldusliin on on 1-aastane! - Dementsuse Kompetentsikeskus\" \/>\n<meta property=\"og:description\" content=\"23. jaanuaril t\u00e4itus dementsuse info- ja usaldusliini 644 6440 avamisest 1 aasta. M\u00f6\u00f6dunud aastal said infoliini kaudu abi ja n\u00f5uandeid 370 helistajat, kes on peamiselt dementsust p\u00f5devad inimesed ja nende l\u00e4hedased.\u00a0 \u00a0 Sarnaselt 2019. aasta esimese poolega olid k\u00f5ige levinumad teemad, millega infoliini poole p\u00f6\u00f6rduti, \u00fcldine v\u00e4hene haigusteadlikkus (2019 esimesel poolaastal 38 p\u00f6\u00f6rdumist, teisel poolaastal [&hellip;]\" \/>\n<meta property=\"og:url\" content=\"https:\/\/dementsus.ee\/ru\/dementsuse-info-ja-usaldusliin-on-on-1-aastane\/\" \/>\n<meta property=\"og:site_name\" content=\"Dementsuse Kompetentsikeskus\" \/>\n<meta property=\"article:published_time\" content=\"2020-01-23T08:25:32+00:00\" \/>\n<meta property=\"og:image\" content=\"https:\/\/dementsus.ee\/wp-content\/uploads\/2020\/01\/annie-spratt-goholCAVTRs-unsplash.jpg\" \/>\n\t<meta property=\"og:image:width\" content=\"1920\" \/>\n\t<meta property=\"og:image:height\" content=\"1361\" \/>\n\t<meta property=\"og:image:type\" content=\"image\/jpeg\" \/>\n<meta name=\"author\" content=\"Kermo\" \/>\n<meta name=\"twitter:card\" content=\"summary_large_image\" \/>\n<meta name=\"twitter:label1\" content=\"\u041d\u0430\u043f\u0438\u0441\u0430\u043d\u043e \u0430\u0432\u0442\u043e\u0440\u043e\u043c\" \/>\n\t<meta name=\"twitter:data1\" content=\"Kermo\" \/>\n\t<meta name=\"twitter:label2\" content=\"\u041f\u0440\u0438\u043c\u0435\u0440\u043d\u043e\u0435 \u0432\u0440\u0435\u043c\u044f \u0434\u043b\u044f \u0447\u0442\u0435\u043d\u0438\u044f\" \/>\n\t<meta name=\"twitter:data2\" content=\"2 \u043c\u0438\u043d\u0443\u0442\u044b\" \/>\n<script type=\"application\/ld+json\" class=\"yoast-schema-graph\">{\"@context\":\"https:\/\/schema.org\",\"@graph\":[{\"@type\":\"Article\",\"@id\":\"https:\/\/dementsus.ee\/ru\/dementsuse-info-ja-usaldusliin-on-on-1-aastane\/#article\",\"isPartOf\":{\"@id\":\"https:\/\/dementsus.ee\/ru\/dementsuse-info-ja-usaldusliin-on-on-1-aastane\/\"},\"author\":{\"name\":\"Kermo\",\"@id\":\"https:\/\/dementsus.ee\/ru\/#\/schema\/person\/dd93d64f20e6c5add626937f6b5931ed\"},\"headline\":\"Dementsuse info- ja usaldusliin on on 1-aastane!\",\"datePublished\":\"2020-01-23T08:25:32+00:00\",\"mainEntityOfPage\":{\"@id\":\"https:\/\/dementsus.ee\/ru\/dementsuse-info-ja-usaldusliin-on-on-1-aastane\/\"},\"wordCount\":406,\"commentCount\":0,\"publisher\":{\"@id\":\"https:\/\/dementsus.ee\/ru\/#organization\"},\"image\":{\"@id\":\"https:\/\/dementsus.ee\/ru\/dementsuse-info-ja-usaldusliin-on-on-1-aastane\/#primaryimage\"},\"thumbnailUrl\":\"https:\/\/dementsus.ee\/wp-content\/uploads\/2020\/01\/annie-spratt-goholCAVTRs-unsplash.jpg\",\"articleSection\":[\"M\u00e4\u00e4ratlemata\"],\"inLanguage\":\"ru-RU\"},{\"@type\":\"WebPage\",\"@id\":\"https:\/\/dementsus.ee\/ru\/dementsuse-info-ja-usaldusliin-on-on-1-aastane\/\",\"url\":\"https:\/\/dementsus.ee\/ru\/dementsuse-info-ja-usaldusliin-on-on-1-aastane\/\",\"name\":\"Dementsuse info- ja usaldusliin on on 1-aastane! - Dementsuse Kompetentsikeskus\",\"isPartOf\":{\"@id\":\"https:\/\/dementsus.ee\/ru\/#website\"},\"primaryImageOfPage\":{\"@id\":\"https:\/\/dementsus.ee\/ru\/dementsuse-info-ja-usaldusliin-on-on-1-aastane\/#primaryimage\"},\"image\":{\"@id\":\"https:\/\/dementsus.ee\/ru\/dementsuse-info-ja-usaldusliin-on-on-1-aastane\/#primaryimage\"},\"thumbnailUrl\":\"https:\/\/dementsus.ee\/wp-content\/uploads\/2020\/01\/annie-spratt-goholCAVTRs-unsplash.jpg\",\"datePublished\":\"2020-01-23T08:25:32+00:00\",\"breadcrumb\":{\"@id\":\"https:\/\/dementsus.ee\/ru\/dementsuse-info-ja-usaldusliin-on-on-1-aastane\/#breadcrumb\"},\"inLanguage\":\"ru-RU\",\"potentialAction\":[{\"@type\":\"ReadAction\",\"target\":[\"https:\/\/dementsus.ee\/ru\/dementsuse-info-ja-usaldusliin-on-on-1-aastane\/\"]}]},{\"@type\":\"ImageObject\",\"inLanguage\":\"ru-RU\",\"@id\":\"https:\/\/dementsus.ee\/ru\/dementsuse-info-ja-usaldusliin-on-on-1-aastane\/#primaryimage\",\"url\":\"https:\/\/dementsus.ee\/wp-content\/uploads\/2020\/01\/annie-spratt-goholCAVTRs-unsplash.jpg\",\"contentUrl\":\"https:\/\/dementsus.ee\/wp-content\/uploads\/2020\/01\/annie-spratt-goholCAVTRs-unsplash.jpg\",\"width\":1920,\"height\":1361},{\"@type\":\"BreadcrumbList\",\"@id\":\"https:\/\/dementsus.ee\/ru\/dementsuse-info-ja-usaldusliin-on-on-1-aastane\/#breadcrumb\",\"itemListElement\":[{\"@type\":\"ListItem\",\"position\":1,\"name\":\"Esileht\",\"item\":\"https:\/\/dementsus.ee\/ru\/\"},{\"@type\":\"ListItem\",\"position\":2,\"name\":\"Dementsuse info- ja usaldusliin on on 1-aastane!\"}]},{\"@type\":\"WebSite\",\"@id\":\"https:\/\/dementsus.ee\/ru\/#website\",\"url\":\"https:\/\/dementsus.ee\/ru\/\",\"name\":\"Dementsuse Kompetentsikeskus\",\"description\":\"dementsuse info ja abi\",\"publisher\":{\"@id\":\"https:\/\/dementsus.ee\/ru\/#organization\"},\"potentialAction\":[{\"@type\":\"SearchAction\",\"target\":{\"@type\":\"EntryPoint\",\"urlTemplate\":\"https:\/\/dementsus.ee\/ru\/?s={search_term_string}\"},\"query-input\":{\"@type\":\"PropertyValueSpecification\",\"valueRequired\":true,\"valueName\":\"search_term_string\"}}],\"inLanguage\":\"ru-RU\"},{\"@type\":\"Organization\",\"@id\":\"https:\/\/dementsus.ee\/ru\/#organization\",\"name\":\"Dementsuse Kompetentsikeskus\",\"url\":\"https:\/\/dementsus.ee\/ru\/\",\"logo\":{\"@type\":\"ImageObject\",\"inLanguage\":\"ru-RU\",\"@id\":\"https:\/\/dementsus.ee\/ru\/#\/schema\/logo\/image\/\",\"url\":\"https:\/\/dementsus.ee\/wp-content\/uploads\/2023\/07\/ED_logo_kodukale.svg\",\"contentUrl\":\"https:\/\/dementsus.ee\/wp-content\/uploads\/2023\/07\/ED_logo_kodukale.svg\",\"caption\":\"Dementsuse Kompetentsikeskus\"},\"image\":{\"@id\":\"https:\/\/dementsus.ee\/ru\/#\/schema\/logo\/image\/\"}},{\"@type\":\"Person\",\"@id\":\"https:\/\/dementsus.ee\/ru\/#\/schema\/person\/dd93d64f20e6c5add626937f6b5931ed\",\"name\":\"Kermo\",\"image\":{\"@type\":\"ImageObject\",\"inLanguage\":\"ru-RU\",\"@id\":\"https:\/\/dementsus.ee\/ru\/#\/schema\/person\/image\/\",\"url\":\"https:\/\/secure.gravatar.com\/avatar\/b2f0128e9063b66b5c6e595d8f4c39037d52f729089f1ad5afc34656e1d58a64?s=96&d=mm&r=g\",\"contentUrl\":\"https:\/\/secure.gravatar.com\/avatar\/b2f0128e9063b66b5c6e595d8f4c39037d52f729089f1ad5afc34656e1d58a64?s=96&d=mm&r=g\",\"caption\":\"Kermo\"},\"url\":\"https:\/\/dementsus.ee\/ru\/author\/kermo\/\"}]}<\/script>\n<!-- \/ Yoast SEO plugin. -->","yoast_head_json":{"title":"Dementsuse info- ja usaldusliin on on 1-aastane! - Dementsuse Kompetentsikeskus","robots":{"index":"index","follow":"follow","max-snippet":"max-snippet:-1","max-image-preview":"max-image-preview:large","max-video-preview":"max-video-preview:-1"},"canonical":"https:\/\/dementsus.ee\/ru\/dementsuse-info-ja-usaldusliin-on-on-1-aastane\/","og_locale":"ru_RU","og_type":"article","og_title":"Dementsuse info- ja usaldusliin on on 1-aastane! - Dementsuse Kompetentsikeskus","og_description":"23. jaanuaril t\u00e4itus dementsuse info- ja usaldusliini 644 6440 avamisest 1 aasta. M\u00f6\u00f6dunud aastal said infoliini kaudu abi ja n\u00f5uandeid 370 helistajat, kes on peamiselt dementsust p\u00f5devad inimesed ja nende l\u00e4hedased.\u00a0 \u00a0 Sarnaselt 2019. aasta esimese poolega olid k\u00f5ige levinumad teemad, millega infoliini poole p\u00f6\u00f6rduti, \u00fcldine v\u00e4hene haigusteadlikkus (2019 esimesel poolaastal 38 p\u00f6\u00f6rdumist, teisel poolaastal [&hellip;]","og_url":"https:\/\/dementsus.ee\/ru\/dementsuse-info-ja-usaldusliin-on-on-1-aastane\/","og_site_name":"Dementsuse Kompetentsikeskus","article_published_time":"2020-01-23T08:25:32+00:00","og_image":[{"width":1920,"height":1361,"url":"https:\/\/dementsus.ee\/wp-content\/uploads\/2020\/01\/annie-spratt-goholCAVTRs-unsplash.jpg","type":"image\/jpeg"}],"author":"Kermo","twitter_card":"summary_large_image","twitter_misc":{"\u041d\u0430\u043f\u0438\u0441\u0430\u043d\u043e \u0430\u0432\u0442\u043e\u0440\u043e\u043c":"Kermo","\u041f\u0440\u0438\u043c\u0435\u0440\u043d\u043e\u0435 \u0432\u0440\u0435\u043c\u044f \u0434\u043b\u044f \u0447\u0442\u0435\u043d\u0438\u044f":"2 \u043c\u0438\u043d\u0443\u0442\u044b"},"schema":{"@context":"https:\/\/schema.org","@graph":[{"@type":"Article","@id":"https:\/\/dementsus.ee\/ru\/dementsuse-info-ja-usaldusliin-on-on-1-aastane\/#article","isPartOf":{"@id":"https:\/\/dementsus.ee\/ru\/dementsuse-info-ja-usaldusliin-on-on-1-aastane\/"},"author":{"name":"Kermo","@id":"https:\/\/dementsus.ee\/ru\/#\/schema\/person\/dd93d64f20e6c5add626937f6b5931ed"},"headline":"Dementsuse info- ja usaldusliin on on 1-aastane!","datePublished":"2020-01-23T08:25:32+00:00","mainEntityOfPage":{"@id":"https:\/\/dementsus.ee\/ru\/dementsuse-info-ja-usaldusliin-on-on-1-aastane\/"},"wordCount":406,"commentCount":0,"publisher":{"@id":"https:\/\/dementsus.ee\/ru\/#organization"},"image":{"@id":"https:\/\/dementsus.ee\/ru\/dementsuse-info-ja-usaldusliin-on-on-1-aastane\/#primaryimage"},"thumbnailUrl":"https:\/\/dementsus.ee\/wp-content\/uploads\/2020\/01\/annie-spratt-goholCAVTRs-unsplash.jpg","articleSection":["M\u00e4\u00e4ratlemata"],"inLanguage":"ru-RU"},{"@type":"WebPage","@id":"https:\/\/dementsus.ee\/ru\/dementsuse-info-ja-usaldusliin-on-on-1-aastane\/","url":"https:\/\/dementsus.ee\/ru\/dementsuse-info-ja-usaldusliin-on-on-1-aastane\/","name":"Dementsuse info- ja usaldusliin on on 1-aastane! - Dementsuse Kompetentsikeskus","isPartOf":{"@id":"https:\/\/dementsus.ee\/ru\/#website"},"primaryImageOfPage":{"@id":"https:\/\/dementsus.ee\/ru\/dementsuse-info-ja-usaldusliin-on-on-1-aastane\/#primaryimage"},"image":{"@id":"https:\/\/dementsus.ee\/ru\/dementsuse-info-ja-usaldusliin-on-on-1-aastane\/#primaryimage"},"thumbnailUrl":"https:\/\/dementsus.ee\/wp-content\/uploads\/2020\/01\/annie-spratt-goholCAVTRs-unsplash.jpg","datePublished":"2020-01-23T08:25:32+00:00","breadcrumb":{"@id":"https:\/\/dementsus.ee\/ru\/dementsuse-info-ja-usaldusliin-on-on-1-aastane\/#breadcrumb"},"inLanguage":"ru-RU","potentialAction":[{"@type":"ReadAction","target":["https:\/\/dementsus.ee\/ru\/dementsuse-info-ja-usaldusliin-on-on-1-aastane\/"]}]},{"@type":"ImageObject","inLanguage":"ru-RU","@id":"https:\/\/dementsus.ee\/ru\/dementsuse-info-ja-usaldusliin-on-on-1-aastane\/#primaryimage","url":"https:\/\/dementsus.ee\/wp-content\/uploads\/2020\/01\/annie-spratt-goholCAVTRs-unsplash.jpg","contentUrl":"https:\/\/dementsus.ee\/wp-content\/uploads\/2020\/01\/annie-spratt-goholCAVTRs-unsplash.jpg","width":1920,"height":1361},{"@type":"BreadcrumbList","@id":"https:\/\/dementsus.ee\/ru\/dementsuse-info-ja-usaldusliin-on-on-1-aastane\/#breadcrumb","itemListElement":[{"@type":"ListItem","position":1,"name":"Esileht","item":"https:\/\/dementsus.ee\/ru\/"},{"@type":"ListItem","position":2,"name":"Dementsuse info- ja usaldusliin on on 1-aastane!"}]},{"@type":"WebSite","@id":"https:\/\/dementsus.ee\/ru\/#website","url":"https:\/\/dementsus.ee\/ru\/","name":"Dementsuse Kompetentsikeskus","description":"dementsuse info ja abi","publisher":{"@id":"https:\/\/dementsus.ee\/ru\/#organization"},"potentialAction":[{"@type":"SearchAction","target":{"@type":"EntryPoint","urlTemplate":"https:\/\/dementsus.ee\/ru\/?s={search_term_string}"},"query-input":{"@type":"PropertyValueSpecification","valueRequired":true,"valueName":"search_term_string"}}],"inLanguage":"ru-RU"},{"@type":"Organization","@id":"https:\/\/dementsus.ee\/ru\/#organization","name":"Dementsuse Kompetentsikeskus","url":"https:\/\/dementsus.ee\/ru\/","logo":{"@type":"ImageObject","inLanguage":"ru-RU","@id":"https:\/\/dementsus.ee\/ru\/#\/schema\/logo\/image\/","url":"https:\/\/dementsus.ee\/wp-content\/uploads\/2023\/07\/ED_logo_kodukale.svg","contentUrl":"https:\/\/dementsus.ee\/wp-content\/uploads\/2023\/07\/ED_logo_kodukale.svg","caption":"Dementsuse Kompetentsikeskus"},"image":{"@id":"https:\/\/dementsus.ee\/ru\/#\/schema\/logo\/image\/"}},{"@type":"Person","@id":"https:\/\/dementsus.ee\/ru\/#\/schema\/person\/dd93d64f20e6c5add626937f6b5931ed","name":"Kermo","image":{"@type":"ImageObject","inLanguage":"ru-RU","@id":"https:\/\/dementsus.ee\/ru\/#\/schema\/person\/image\/","url":"https:\/\/secure.gravatar.com\/avatar\/b2f0128e9063b66b5c6e595d8f4c39037d52f729089f1ad5afc34656e1d58a64?s=96&d=mm&r=g","contentUrl":"https:\/\/secure.gravatar.com\/avatar\/b2f0128e9063b66b5c6e595d8f4c39037d52f729089f1ad5afc34656e1d58a64?s=96&d=mm&r=g","caption":"Kermo"},"url":"https:\/\/dementsus.ee\/ru\/author\/kermo\/"}]}},"_links":{"self":[{"href":"https:\/\/dementsus.ee\/ru\/wp-json\/wp\/v2\/posts\/1629","targetHints":{"allow":["GET"]}}],"collection":[{"href":"https:\/\/dementsus.ee\/ru\/wp-json\/wp\/v2\/posts"}],"about":[{"href":"https:\/\/dementsus.ee\/ru\/wp-json\/wp\/v2\/types\/post"}],"author":[{"embeddable":true,"href":"https:\/\/dementsus.ee\/ru\/wp-json\/wp\/v2\/users\/2"}],"replies":[{"embeddable":true,"href":"https:\/\/dementsus.ee\/ru\/wp-json\/wp\/v2\/comments?post=1629"}],"version-history":[{"count":0,"href":"https:\/\/dementsus.ee\/ru\/wp-json\/wp\/v2\/posts\/1629\/revisions"}],"wp:featuredmedia":[{"embeddable":true,"href":"https:\/\/dementsus.ee\/ru\/wp-json\/wp\/v2\/media\/1633"}],"wp:attachment":[{"href":"https:\/\/dementsus.ee\/ru\/wp-json\/wp\/v2\/media?parent=1629"}],"wp:term":[{"taxonomy":"category","embeddable":true,"href":"https:\/\/dementsus.ee\/ru\/wp-json\/wp\/v2\/categories?post=1629"},{"taxonomy":"post_tag","embeddable":true,"href":"https:\/\/dementsus.ee\/ru\/wp-json\/wp\/v2\/tags?post=1629"},{"taxonomy":"autor","embeddable":true,"href":"https:\/\/dementsus.ee\/ru\/wp-json\/wp\/v2\/autor?post=1629"}],"curies":[{"name":"wp","href":"https:\/\/api.w.org\/{rel}","templated":true}]}}