{"id":18700,"date":"2024-10-08T12:07:18","date_gmt":"2024-10-08T09:07:18","guid":{"rendered":"https:\/\/dementsus.ee\/?p=18700"},"modified":"2024-10-08T12:11:57","modified_gmt":"2024-10-08T09:11:57","slug":"ajakirjal-sotsiaaltoo-valmis-dementsuseteemaline-erinumber","status":"publish","type":"post","link":"https:\/\/dementsus.ee\/ru\/ajakirjal-sotsiaaltoo-valmis-dementsuseteemaline-erinumber\/","title":{"rendered":"Ajakirjal Sotsiaalt\u00f6\u00f6 valmis dementsuseteemaline erinumber"},"content":{"rendered":"<p><strong><img fetchpriority=\"high\" decoding=\"async\" class=\"alignright wp-image-18701 size-full\" src=\"https:\/\/dementsus.ee\/wp-content\/uploads\/2024\/10\/3-24-tutvustus.png\" alt=\"\" width=\"1760\" height=\"800\" srcset=\"https:\/\/dementsus.ee\/wp-content\/uploads\/2024\/10\/3-24-tutvustus.png 1760w, https:\/\/dementsus.ee\/wp-content\/uploads\/2024\/10\/3-24-tutvustus-300x136.png 300w, https:\/\/dementsus.ee\/wp-content\/uploads\/2024\/10\/3-24-tutvustus-1024x465.png 1024w, https:\/\/dementsus.ee\/wp-content\/uploads\/2024\/10\/3-24-tutvustus-768x349.png 768w, https:\/\/dementsus.ee\/wp-content\/uploads\/2024\/10\/3-24-tutvustus-1536x698.png 1536w, https:\/\/dementsus.ee\/wp-content\/uploads\/2024\/10\/3-24-tutvustus-600x273.png 600w\" sizes=\"(max-width: 1760px) 100vw, 1760px\" \/>Ajakirjal Sotsiaalt\u00f6\u00f6 valmis dementsuseteemaline erinumber<\/strong><\/p>\n<p><strong>Ajakirja septembrinumber (<\/strong><a href=\"https:\/\/www.tai.ee\/et\/valjaanded\/sotsiaaltoo-32024\"><strong>3\/2024<\/strong><\/a><strong>) pakub toetavat lugemist dementsusega inimestega t\u00f6\u00f6tavatele spetsialistidele. K\u00e4sitletakse ka abistajate enesehoiu ja -juhtimisv\u00f5imalusi, t\u00f6\u00f6tajate toetamist ning t\u00f6\u00f6kohap\u00f5hist \u00f5pet. <\/strong><\/p>\n<p>Numbrile on kirjutanud <a href=\"https:\/\/tai.ee\/et\/sotsiaaltoo\/eessona-15\">eess\u00f5na<\/a> Benita kodu juhatuse liige Marilin Vaksman.<\/p>\n<p><a href=\"https:\/\/tai.ee\/et\/sotsiaaltoo\/hooldajad-enn-ja-marge-panevad-hooldekodu-elanikud-isegi-tantsima\">Persoonirubriigis<\/a> on meeleolukas reportaa\u017e Pihlakodu hooldust\u00f6\u00f6tajate, elukaaslaste Enn Oti ja Marge Sumre igap\u00e4evat\u00f6\u00f6st.<\/p>\n<p><strong>Korraldus, huvikaitse<\/strong><\/p>\n<ul>\n<li>Sotsiaalministeeriumi spetsialistid annavad \u00fclevaate, <a href=\"https:\/\/www.tai.ee\/et\/sotsiaaltoo\/kuidas-riik-toetab-dementsusega-inimesi-ja-nende-lahedasi\">kuidas riik toetab dementsusega inimesi ja nende abistajaid<\/a> ning mis suunas teenuste arendamisel liigutakse.<\/li>\n<li>Merle Varik (Tartu tervishoiu k\u00f5rgkool) ja Hanna-Stiina Heinmets (dementsuse kompetentsikeskus) kirjutavad <a href=\"https:\/\/tai.ee\/et\/sotsiaaltoo\/dementsussobralikkuse-kujundamine-eestis-ja-mujal\">dementsuses\u00f5bralikkuse kujundamisest Eestis<\/a>, milleks korraldatakse m\u00e4lukohvikuid, tugigruppe jpm.<\/li>\n<li>Viljandi haigla m\u00e4lukliiniku juhataja dr Eleri Luhamets kirjeldab oma kliiniku n\u00e4itel <a href=\"https:\/\/tai.ee\/et\/sotsiaaltoo\/viljandi-haigla-malukliinik-terviklik-raviteekond-maluhaigustega-inimeste-heaks\">terviklikku raviteekonda m\u00e4luhaigustega inimestele<\/a>.<\/li>\n<li>Chris Ellermaa tutvustab <a href=\"https:\/\/tai.ee\/et\/sotsiaaltoo\/dementsusega-inimestele-vordsemate-voimaluste-loomisel-tahtis-nii-teavitustoo-kui-ka\">MT\u00dc Elu Dementsusega huvikaitsetegevust<\/a> ning toob v\u00e4lja nii Eestis kui ka Euroopas l\u00e4hedaste t\u00f5statatud probleemid.<\/li>\n<li>Kersti Kask sotsiaalkindlustusameti j\u00e4relevalve talitusest jagab t\u00e4helepanekuid <a href=\"https:\/\/tai.ee\/et\/sotsiaaltoo\/millele-tahelepanu-poorata-et-pakkuda-kvaliteetset-hooldust\">\u00fcldhooldusteenuse kvaliteedi parandamise v\u00f5imalustest<\/a>.<\/li>\n<\/ul>\n<p><strong>Metoodika ja uuringud<\/strong><\/p>\n<ul>\n<li>Inimesest l\u00e4htuvat tegevuse planeerimist <a href=\"https:\/\/www.tai.ee\/et\/sotsiaaltoo\/inimesest-lahtuv-tegevuse-planeerimine-aitab-maluhaire-korral-tahendusrikkalt-elada\">minavormis isikuportree meetodi<\/a> abil tutvustab meetodi autor Taina Semi (Soome).<\/li>\n<li><a href=\"https:\/\/www.tai.ee\/et\/sotsiaaltoo\/dementsusega-inimesi-toetavad-kohandatud-keskkond-ja-abivahendid\">Toetavatest keskkonnakohandustest ja abivahenditest<\/a> annab \u00fclevaate tegevusterapeut Liis Kroonm\u00e4e.<\/li>\n<li><a href=\"https:\/\/www.tai.ee\/et\/sotsiaaltoo\/rini-blankers-hoolekanne-peab-olema-asjatundlik-ja-osavotlik\">Dementsuse ja sellest p\u00f5hjustatud k\u00e4itumisprobleemide mitmek\u00fclgse k\u00e4sitluse<\/a> n\u00e4pun\u00e4iteid jagab selle valdkonna ekspert Rini Blankers (Holland).<\/li>\n<li>Piret Salmistu uuris magistrit\u00f6\u00f6s <a href=\"https:\/\/www.tai.ee\/et\/sotsiaaltoo\/intiimsuse-ja-seksuaalsuse-kasitlus-uldhooldusteenusel\">intiimsuse ja seksuaalsuse k\u00e4sitlust \u00fcldhooldusteenusel<\/a>.<\/li>\n<\/ul>\n<p><strong>Asutuste kogemused<\/strong><\/p>\n<ul>\n<li>H\u00e4\u00e4demeeste eakate kodu, Antsla tervisekeskuse ja Avitar O\u00dc esindajad jagavad vestlusringis <a href=\"https:\/\/www.tai.ee\/et\/sotsiaaltoo\/hooldekodud-annavad-endast-parima-et-dementsusega-inimestega-kohaneda\">t\u00f6\u00f6r\u00f5\u00f5me ning -muresid dementsusega inimeste toetamisel<\/a>.<\/li>\n<li>Annaliisa T\u00e4ht arutleb, kuidas on sujunud <a href=\"https:\/\/tai.ee\/et\/sotsiaaltoo\/dementsusega-inimeste-toetamisel-tuleb-olla-loov-ja-avatud-uute-lahenduste-leidmisele\">p\u00e4evakeskuse ja koduteenuse arendamine Haapsalus<\/a> ning mis kogemusi on andnud dementsuse teemaline arenguprogramm.<\/li>\n<li><a href=\"https:\/\/www.tai.ee\/et\/sotsiaaltoo\/lahedasi-kaasates-saame-hoolekandeasutuse-elanikke-koos-toetada\">Koost\u00f6\u00f6st l\u00e4hedastega asutuses elavate inimeste toetamisel<\/a> kirjutab Svetlana Bezgodko (Eakatekodu Lootuse Rand).<\/li>\n<\/ul>\n<p><strong>T\u00f6\u00f6alane tugi<\/strong><\/p>\n<ul>\n<li>Dagmar Narusson (Tartu \u00fclikool) annab <a href=\"https:\/\/www.tai.ee\/et\/sotsiaaltoo\/enesejuhtimine-ja-enesehoid-sotsiaaltoos\">enesejuhtimise ja -hoiu praktilisi soovitusi<\/a>. Artikkel on osa ESTA eetikak\u00e4siraamatust.<\/li>\n<li>Andragoog Lianne Tederi artiklist leiab h\u00e4id <a href=\"https:\/\/tai.ee\/et\/sotsiaaltoo\/tookohal-oppimine-dementsusega-inimeste-teenistuses\">juhtn\u00f6\u00f6re sisekoolitajale ja t\u00f6\u00f6koha\u00f5ppe korraldajale<\/a>.<\/li>\n<li>Keiu Talve (S\u00fcdamekodud) jagab ideid, kuidas toetada t\u00f6\u00f6tajate <a href=\"https:\/\/www.tai.ee\/et\/sotsiaaltoo\/kuidas-saab-tooandja-edendada-hoolekandetootajate-heaolu\">heaolu kvaliteedijuhtimise ja t\u00f6\u00f6keskkonna teadliku kujundamise kaudu<\/a>.<\/li>\n<li><a href=\"https:\/\/www.tai.ee\/et\/sotsiaaltoo\/dementsuse-valdkonna-arenguprogramm-aitab-parandada-teenuse-kvaliteeti\">Dementsuse valdkonna arenguprogrammi<\/a> tutvustab projektijuht Kersti Peterson (tervise arengu instituut).<\/li>\n<\/ul>\n<p>Lisaks leiab numbrist ka teisi uuringute tutvustusi, kogemuslikke ja informatiivseid artikleid.<\/p>\n<p>Number on ilmunud Euroopa Sotsiaalfondi TAT-i \u201ePikaajalise hoolduse k\u00e4ttesaadavuse ja kvaliteedi parandamine\u201c toel.<\/p>\n<p><em>Sotsiaalvaldkonna spetsialistide p\u00e4devust ja erialadevahelist koost\u00f6\u00f6d toetavat ajakirja Sotsiaalt\u00f6\u00f6 annab v\u00e4lja Tervise Arengu Instituut koost\u00f6\u00f6s sotsiaalministeeriumi ja toimetuse kolleegiumi asjatundjatega. <\/em><\/p>\n<p><em>Lisainfo: tel <\/em>5345 2543 <em>(Regina Lind), e-post\u00a0<\/em><a href=\"mailto:ajakiri@tai.ee\"><em>ajakiri@tai.ee<\/em><\/a><em>,\u00a0<\/em><a href=\"http:\/\/www.tai.ee\/sotsiaalt%C3%B6%C3%B6\"><em>www.tai.ee\/sotsiaalt\u00f6\u00f6<\/em><\/a><em>,\u00a0ajakiri\u00a0<\/em><a href=\"http:\/\/www.facebook.com\/ajakiriSotsiaaltoo\"><em>Facebookis<\/em><\/a><em>.<\/em><\/p>\n<p>&nbsp;<\/p>\n<p><i data-olk-copy-source=\"MessageBody\">Artikkel on ilmunud ajakirja Sotsiaalt\u00f6\u00f6 dementsuseteemalises erinumbris (<a href=\"https:\/\/www.tai.ee\/et\/valjaanded\/sotsiaaltoo-32024\" data-auth=\"NotApplicable\" data-linkindex=\"0\">nr3\/20249)<\/a><\/i><\/p>\n<p>&nbsp;<\/p>\n","protected":false},"excerpt":{"rendered":"<p>Ajakirjal Sotsiaalt\u00f6\u00f6 valmis dementsuseteemaline erinumber Ajakirja septembrinumber (3\/2024) pakub toetavat lugemist dementsusega inimestega t\u00f6\u00f6tavatele spetsialistidele. K\u00e4sitletakse ka abistajate enesehoiu ja -juhtimisv\u00f5imalusi, t\u00f6\u00f6tajate toetamist ning t\u00f6\u00f6kohap\u00f5hist \u00f5pet. Numbrile on kirjutanud eess\u00f5na Benita kodu juhatuse liige Marilin Vaksman. Persoonirubriigis on meeleolukas reportaa\u017e Pihlakodu hooldust\u00f6\u00f6tajate, elukaaslaste Enn Oti ja Marge Sumre igap\u00e4evat\u00f6\u00f6st. Korraldus, huvikaitse Sotsiaalministeeriumi spetsialistid annavad \u00fclevaate, [&hellip;]<\/p>\n","protected":false},"author":15,"featured_media":18701,"comment_status":"open","ping_status":"open","sticky":false,"template":"","format":"standard","meta":{"footnotes":""},"categories":[1],"tags":[],"autor":[],"class_list":["post-18700","post","type-post","status-publish","format-standard","has-post-thumbnail","hentry","category-maaratlemata"],"yoast_head":"<!-- This site is optimized with the Yoast SEO plugin v26.2 - https:\/\/yoast.com\/wordpress\/plugins\/seo\/ -->\n<title>Ajakirjal Sotsiaalt\u00f6\u00f6 valmis dementsuseteemaline erinumber - Dementsuse Kompetentsikeskus<\/title>\n<meta name=\"robots\" content=\"index, follow, max-snippet:-1, max-image-preview:large, max-video-preview:-1\" \/>\n<link rel=\"canonical\" href=\"https:\/\/dementsus.ee\/ru\/ajakirjal-sotsiaaltoo-valmis-dementsuseteemaline-erinumber\/\" \/>\n<meta property=\"og:locale\" content=\"ru_RU\" \/>\n<meta property=\"og:type\" content=\"article\" \/>\n<meta property=\"og:title\" content=\"Ajakirjal Sotsiaalt\u00f6\u00f6 valmis dementsuseteemaline erinumber - Dementsuse Kompetentsikeskus\" \/>\n<meta property=\"og:description\" content=\"Ajakirjal Sotsiaalt\u00f6\u00f6 valmis dementsuseteemaline erinumber Ajakirja septembrinumber (3\/2024) pakub toetavat lugemist dementsusega inimestega t\u00f6\u00f6tavatele spetsialistidele. K\u00e4sitletakse ka abistajate enesehoiu ja -juhtimisv\u00f5imalusi, t\u00f6\u00f6tajate toetamist ning t\u00f6\u00f6kohap\u00f5hist \u00f5pet. Numbrile on kirjutanud eess\u00f5na Benita kodu juhatuse liige Marilin Vaksman. Persoonirubriigis on meeleolukas reportaa\u017e Pihlakodu hooldust\u00f6\u00f6tajate, elukaaslaste Enn Oti ja Marge Sumre igap\u00e4evat\u00f6\u00f6st. Korraldus, huvikaitse Sotsiaalministeeriumi spetsialistid annavad \u00fclevaate, [&hellip;]\" \/>\n<meta property=\"og:url\" content=\"https:\/\/dementsus.ee\/ru\/ajakirjal-sotsiaaltoo-valmis-dementsuseteemaline-erinumber\/\" \/>\n<meta property=\"og:site_name\" content=\"Dementsuse Kompetentsikeskus\" \/>\n<meta property=\"article:published_time\" content=\"2024-10-08T09:07:18+00:00\" \/>\n<meta property=\"article:modified_time\" content=\"2024-10-08T09:11:57+00:00\" \/>\n<meta property=\"og:image\" content=\"https:\/\/dementsus.ee\/wp-content\/uploads\/2024\/10\/3-24-tutvustus.png\" \/>\n\t<meta property=\"og:image:width\" content=\"1760\" \/>\n\t<meta property=\"og:image:height\" content=\"800\" \/>\n\t<meta property=\"og:image:type\" content=\"image\/png\" \/>\n<meta name=\"author\" content=\"Ragne Heiste\" \/>\n<meta name=\"twitter:card\" content=\"summary_large_image\" \/>\n<meta name=\"twitter:label1\" content=\"\u041d\u0430\u043f\u0438\u0441\u0430\u043d\u043e \u0430\u0432\u0442\u043e\u0440\u043e\u043c\" \/>\n\t<meta name=\"twitter:data1\" content=\"Ragne Heiste\" \/>\n\t<meta name=\"twitter:label2\" content=\"\u041f\u0440\u0438\u043c\u0435\u0440\u043d\u043e\u0435 \u0432\u0440\u0435\u043c\u044f \u0434\u043b\u044f \u0447\u0442\u0435\u043d\u0438\u044f\" \/>\n\t<meta name=\"twitter:data2\" content=\"3 \u043c\u0438\u043d\u0443\u0442\u044b\" \/>\n<script type=\"application\/ld+json\" class=\"yoast-schema-graph\">{\"@context\":\"https:\/\/schema.org\",\"@graph\":[{\"@type\":\"Article\",\"@id\":\"https:\/\/dementsus.ee\/ru\/ajakirjal-sotsiaaltoo-valmis-dementsuseteemaline-erinumber\/#article\",\"isPartOf\":{\"@id\":\"https:\/\/dementsus.ee\/ru\/ajakirjal-sotsiaaltoo-valmis-dementsuseteemaline-erinumber\/\"},\"author\":{\"name\":\"Ragne Heiste\",\"@id\":\"https:\/\/dementsus.ee\/ru\/#\/schema\/person\/b61d220dad79260c276ba4eebc900400\"},\"headline\":\"Ajakirjal Sotsiaalt\u00f6\u00f6 valmis dementsuseteemaline erinumber\",\"datePublished\":\"2024-10-08T09:07:18+00:00\",\"dateModified\":\"2024-10-08T09:11:57+00:00\",\"mainEntityOfPage\":{\"@id\":\"https:\/\/dementsus.ee\/ru\/ajakirjal-sotsiaaltoo-valmis-dementsuseteemaline-erinumber\/\"},\"wordCount\":410,\"commentCount\":0,\"publisher\":{\"@id\":\"https:\/\/dementsus.ee\/ru\/#organization\"},\"image\":{\"@id\":\"https:\/\/dementsus.ee\/ru\/ajakirjal-sotsiaaltoo-valmis-dementsuseteemaline-erinumber\/#primaryimage\"},\"thumbnailUrl\":\"https:\/\/dementsus.ee\/wp-content\/uploads\/2024\/10\/3-24-tutvustus.png\",\"articleSection\":[\"M\u00e4\u00e4ratlemata\"],\"inLanguage\":\"ru-RU\"},{\"@type\":\"WebPage\",\"@id\":\"https:\/\/dementsus.ee\/ru\/ajakirjal-sotsiaaltoo-valmis-dementsuseteemaline-erinumber\/\",\"url\":\"https:\/\/dementsus.ee\/ru\/ajakirjal-sotsiaaltoo-valmis-dementsuseteemaline-erinumber\/\",\"name\":\"Ajakirjal Sotsiaalt\u00f6\u00f6 valmis dementsuseteemaline erinumber - Dementsuse Kompetentsikeskus\",\"isPartOf\":{\"@id\":\"https:\/\/dementsus.ee\/ru\/#website\"},\"primaryImageOfPage\":{\"@id\":\"https:\/\/dementsus.ee\/ru\/ajakirjal-sotsiaaltoo-valmis-dementsuseteemaline-erinumber\/#primaryimage\"},\"image\":{\"@id\":\"https:\/\/dementsus.ee\/ru\/ajakirjal-sotsiaaltoo-valmis-dementsuseteemaline-erinumber\/#primaryimage\"},\"thumbnailUrl\":\"https:\/\/dementsus.ee\/wp-content\/uploads\/2024\/10\/3-24-tutvustus.png\",\"datePublished\":\"2024-10-08T09:07:18+00:00\",\"dateModified\":\"2024-10-08T09:11:57+00:00\",\"breadcrumb\":{\"@id\":\"https:\/\/dementsus.ee\/ru\/ajakirjal-sotsiaaltoo-valmis-dementsuseteemaline-erinumber\/#breadcrumb\"},\"inLanguage\":\"ru-RU\",\"potentialAction\":[{\"@type\":\"ReadAction\",\"target\":[\"https:\/\/dementsus.ee\/ru\/ajakirjal-sotsiaaltoo-valmis-dementsuseteemaline-erinumber\/\"]}]},{\"@type\":\"ImageObject\",\"inLanguage\":\"ru-RU\",\"@id\":\"https:\/\/dementsus.ee\/ru\/ajakirjal-sotsiaaltoo-valmis-dementsuseteemaline-erinumber\/#primaryimage\",\"url\":\"https:\/\/dementsus.ee\/wp-content\/uploads\/2024\/10\/3-24-tutvustus.png\",\"contentUrl\":\"https:\/\/dementsus.ee\/wp-content\/uploads\/2024\/10\/3-24-tutvustus.png\",\"width\":1760,\"height\":800},{\"@type\":\"BreadcrumbList\",\"@id\":\"https:\/\/dementsus.ee\/ru\/ajakirjal-sotsiaaltoo-valmis-dementsuseteemaline-erinumber\/#breadcrumb\",\"itemListElement\":[{\"@type\":\"ListItem\",\"position\":1,\"name\":\"Esileht\",\"item\":\"https:\/\/dementsus.ee\/ru\/\"},{\"@type\":\"ListItem\",\"position\":2,\"name\":\"Ajakirjal Sotsiaalt\u00f6\u00f6 valmis dementsuseteemaline erinumber\"}]},{\"@type\":\"WebSite\",\"@id\":\"https:\/\/dementsus.ee\/ru\/#website\",\"url\":\"https:\/\/dementsus.ee\/ru\/\",\"name\":\"Dementsuse Kompetentsikeskus\",\"description\":\"dementsuse info ja abi\",\"publisher\":{\"@id\":\"https:\/\/dementsus.ee\/ru\/#organization\"},\"potentialAction\":[{\"@type\":\"SearchAction\",\"target\":{\"@type\":\"EntryPoint\",\"urlTemplate\":\"https:\/\/dementsus.ee\/ru\/?s={search_term_string}\"},\"query-input\":{\"@type\":\"PropertyValueSpecification\",\"valueRequired\":true,\"valueName\":\"search_term_string\"}}],\"inLanguage\":\"ru-RU\"},{\"@type\":\"Organization\",\"@id\":\"https:\/\/dementsus.ee\/ru\/#organization\",\"name\":\"Dementsuse Kompetentsikeskus\",\"url\":\"https:\/\/dementsus.ee\/ru\/\",\"logo\":{\"@type\":\"ImageObject\",\"inLanguage\":\"ru-RU\",\"@id\":\"https:\/\/dementsus.ee\/ru\/#\/schema\/logo\/image\/\",\"url\":\"https:\/\/dementsus.ee\/wp-content\/uploads\/2023\/07\/ED_logo_kodukale.svg\",\"contentUrl\":\"https:\/\/dementsus.ee\/wp-content\/uploads\/2023\/07\/ED_logo_kodukale.svg\",\"caption\":\"Dementsuse Kompetentsikeskus\"},\"image\":{\"@id\":\"https:\/\/dementsus.ee\/ru\/#\/schema\/logo\/image\/\"}},{\"@type\":\"Person\",\"@id\":\"https:\/\/dementsus.ee\/ru\/#\/schema\/person\/b61d220dad79260c276ba4eebc900400\",\"name\":\"Ragne Heiste\",\"image\":{\"@type\":\"ImageObject\",\"inLanguage\":\"ru-RU\",\"@id\":\"https:\/\/dementsus.ee\/ru\/#\/schema\/person\/image\/\",\"url\":\"https:\/\/secure.gravatar.com\/avatar\/7cde9a72bac2fd9241de2d3854317c9226c6b434c5441cf82bfcef7aeed94442?s=96&d=mm&r=g\",\"contentUrl\":\"https:\/\/secure.gravatar.com\/avatar\/7cde9a72bac2fd9241de2d3854317c9226c6b434c5441cf82bfcef7aeed94442?s=96&d=mm&r=g\",\"caption\":\"Ragne Heiste\"},\"url\":\"https:\/\/dementsus.ee\/ru\/author\/ragne\/\"}]}<\/script>\n<!-- \/ Yoast SEO plugin. -->","yoast_head_json":{"title":"Ajakirjal Sotsiaalt\u00f6\u00f6 valmis dementsuseteemaline erinumber - Dementsuse Kompetentsikeskus","robots":{"index":"index","follow":"follow","max-snippet":"max-snippet:-1","max-image-preview":"max-image-preview:large","max-video-preview":"max-video-preview:-1"},"canonical":"https:\/\/dementsus.ee\/ru\/ajakirjal-sotsiaaltoo-valmis-dementsuseteemaline-erinumber\/","og_locale":"ru_RU","og_type":"article","og_title":"Ajakirjal Sotsiaalt\u00f6\u00f6 valmis dementsuseteemaline erinumber - Dementsuse Kompetentsikeskus","og_description":"Ajakirjal Sotsiaalt\u00f6\u00f6 valmis dementsuseteemaline erinumber Ajakirja septembrinumber (3\/2024) pakub toetavat lugemist dementsusega inimestega t\u00f6\u00f6tavatele spetsialistidele. K\u00e4sitletakse ka abistajate enesehoiu ja -juhtimisv\u00f5imalusi, t\u00f6\u00f6tajate toetamist ning t\u00f6\u00f6kohap\u00f5hist \u00f5pet. Numbrile on kirjutanud eess\u00f5na Benita kodu juhatuse liige Marilin Vaksman. Persoonirubriigis on meeleolukas reportaa\u017e Pihlakodu hooldust\u00f6\u00f6tajate, elukaaslaste Enn Oti ja Marge Sumre igap\u00e4evat\u00f6\u00f6st. Korraldus, huvikaitse Sotsiaalministeeriumi spetsialistid annavad \u00fclevaate, [&hellip;]","og_url":"https:\/\/dementsus.ee\/ru\/ajakirjal-sotsiaaltoo-valmis-dementsuseteemaline-erinumber\/","og_site_name":"Dementsuse Kompetentsikeskus","article_published_time":"2024-10-08T09:07:18+00:00","article_modified_time":"2024-10-08T09:11:57+00:00","og_image":[{"width":1760,"height":800,"url":"https:\/\/dementsus.ee\/wp-content\/uploads\/2024\/10\/3-24-tutvustus.png","type":"image\/png"}],"author":"Ragne Heiste","twitter_card":"summary_large_image","twitter_misc":{"\u041d\u0430\u043f\u0438\u0441\u0430\u043d\u043e \u0430\u0432\u0442\u043e\u0440\u043e\u043c":"Ragne Heiste","\u041f\u0440\u0438\u043c\u0435\u0440\u043d\u043e\u0435 \u0432\u0440\u0435\u043c\u044f \u0434\u043b\u044f \u0447\u0442\u0435\u043d\u0438\u044f":"3 \u043c\u0438\u043d\u0443\u0442\u044b"},"schema":{"@context":"https:\/\/schema.org","@graph":[{"@type":"Article","@id":"https:\/\/dementsus.ee\/ru\/ajakirjal-sotsiaaltoo-valmis-dementsuseteemaline-erinumber\/#article","isPartOf":{"@id":"https:\/\/dementsus.ee\/ru\/ajakirjal-sotsiaaltoo-valmis-dementsuseteemaline-erinumber\/"},"author":{"name":"Ragne Heiste","@id":"https:\/\/dementsus.ee\/ru\/#\/schema\/person\/b61d220dad79260c276ba4eebc900400"},"headline":"Ajakirjal Sotsiaalt\u00f6\u00f6 valmis dementsuseteemaline erinumber","datePublished":"2024-10-08T09:07:18+00:00","dateModified":"2024-10-08T09:11:57+00:00","mainEntityOfPage":{"@id":"https:\/\/dementsus.ee\/ru\/ajakirjal-sotsiaaltoo-valmis-dementsuseteemaline-erinumber\/"},"wordCount":410,"commentCount":0,"publisher":{"@id":"https:\/\/dementsus.ee\/ru\/#organization"},"image":{"@id":"https:\/\/dementsus.ee\/ru\/ajakirjal-sotsiaaltoo-valmis-dementsuseteemaline-erinumber\/#primaryimage"},"thumbnailUrl":"https:\/\/dementsus.ee\/wp-content\/uploads\/2024\/10\/3-24-tutvustus.png","articleSection":["M\u00e4\u00e4ratlemata"],"inLanguage":"ru-RU"},{"@type":"WebPage","@id":"https:\/\/dementsus.ee\/ru\/ajakirjal-sotsiaaltoo-valmis-dementsuseteemaline-erinumber\/","url":"https:\/\/dementsus.ee\/ru\/ajakirjal-sotsiaaltoo-valmis-dementsuseteemaline-erinumber\/","name":"Ajakirjal Sotsiaalt\u00f6\u00f6 valmis dementsuseteemaline erinumber - Dementsuse Kompetentsikeskus","isPartOf":{"@id":"https:\/\/dementsus.ee\/ru\/#website"},"primaryImageOfPage":{"@id":"https:\/\/dementsus.ee\/ru\/ajakirjal-sotsiaaltoo-valmis-dementsuseteemaline-erinumber\/#primaryimage"},"image":{"@id":"https:\/\/dementsus.ee\/ru\/ajakirjal-sotsiaaltoo-valmis-dementsuseteemaline-erinumber\/#primaryimage"},"thumbnailUrl":"https:\/\/dementsus.ee\/wp-content\/uploads\/2024\/10\/3-24-tutvustus.png","datePublished":"2024-10-08T09:07:18+00:00","dateModified":"2024-10-08T09:11:57+00:00","breadcrumb":{"@id":"https:\/\/dementsus.ee\/ru\/ajakirjal-sotsiaaltoo-valmis-dementsuseteemaline-erinumber\/#breadcrumb"},"inLanguage":"ru-RU","potentialAction":[{"@type":"ReadAction","target":["https:\/\/dementsus.ee\/ru\/ajakirjal-sotsiaaltoo-valmis-dementsuseteemaline-erinumber\/"]}]},{"@type":"ImageObject","inLanguage":"ru-RU","@id":"https:\/\/dementsus.ee\/ru\/ajakirjal-sotsiaaltoo-valmis-dementsuseteemaline-erinumber\/#primaryimage","url":"https:\/\/dementsus.ee\/wp-content\/uploads\/2024\/10\/3-24-tutvustus.png","contentUrl":"https:\/\/dementsus.ee\/wp-content\/uploads\/2024\/10\/3-24-tutvustus.png","width":1760,"height":800},{"@type":"BreadcrumbList","@id":"https:\/\/dementsus.ee\/ru\/ajakirjal-sotsiaaltoo-valmis-dementsuseteemaline-erinumber\/#breadcrumb","itemListElement":[{"@type":"ListItem","position":1,"name":"Esileht","item":"https:\/\/dementsus.ee\/ru\/"},{"@type":"ListItem","position":2,"name":"Ajakirjal Sotsiaalt\u00f6\u00f6 valmis dementsuseteemaline erinumber"}]},{"@type":"WebSite","@id":"https:\/\/dementsus.ee\/ru\/#website","url":"https:\/\/dementsus.ee\/ru\/","name":"Dementsuse Kompetentsikeskus","description":"dementsuse info ja abi","publisher":{"@id":"https:\/\/dementsus.ee\/ru\/#organization"},"potentialAction":[{"@type":"SearchAction","target":{"@type":"EntryPoint","urlTemplate":"https:\/\/dementsus.ee\/ru\/?s={search_term_string}"},"query-input":{"@type":"PropertyValueSpecification","valueRequired":true,"valueName":"search_term_string"}}],"inLanguage":"ru-RU"},{"@type":"Organization","@id":"https:\/\/dementsus.ee\/ru\/#organization","name":"Dementsuse Kompetentsikeskus","url":"https:\/\/dementsus.ee\/ru\/","logo":{"@type":"ImageObject","inLanguage":"ru-RU","@id":"https:\/\/dementsus.ee\/ru\/#\/schema\/logo\/image\/","url":"https:\/\/dementsus.ee\/wp-content\/uploads\/2023\/07\/ED_logo_kodukale.svg","contentUrl":"https:\/\/dementsus.ee\/wp-content\/uploads\/2023\/07\/ED_logo_kodukale.svg","caption":"Dementsuse Kompetentsikeskus"},"image":{"@id":"https:\/\/dementsus.ee\/ru\/#\/schema\/logo\/image\/"}},{"@type":"Person","@id":"https:\/\/dementsus.ee\/ru\/#\/schema\/person\/b61d220dad79260c276ba4eebc900400","name":"Ragne Heiste","image":{"@type":"ImageObject","inLanguage":"ru-RU","@id":"https:\/\/dementsus.ee\/ru\/#\/schema\/person\/image\/","url":"https:\/\/secure.gravatar.com\/avatar\/7cde9a72bac2fd9241de2d3854317c9226c6b434c5441cf82bfcef7aeed94442?s=96&d=mm&r=g","contentUrl":"https:\/\/secure.gravatar.com\/avatar\/7cde9a72bac2fd9241de2d3854317c9226c6b434c5441cf82bfcef7aeed94442?s=96&d=mm&r=g","caption":"Ragne Heiste"},"url":"https:\/\/dementsus.ee\/ru\/author\/ragne\/"}]}},"_links":{"self":[{"href":"https:\/\/dementsus.ee\/ru\/wp-json\/wp\/v2\/posts\/18700","targetHints":{"allow":["GET"]}}],"collection":[{"href":"https:\/\/dementsus.ee\/ru\/wp-json\/wp\/v2\/posts"}],"about":[{"href":"https:\/\/dementsus.ee\/ru\/wp-json\/wp\/v2\/types\/post"}],"author":[{"embeddable":true,"href":"https:\/\/dementsus.ee\/ru\/wp-json\/wp\/v2\/users\/15"}],"replies":[{"embeddable":true,"href":"https:\/\/dementsus.ee\/ru\/wp-json\/wp\/v2\/comments?post=18700"}],"version-history":[{"count":3,"href":"https:\/\/dementsus.ee\/ru\/wp-json\/wp\/v2\/posts\/18700\/revisions"}],"predecessor-version":[{"id":18706,"href":"https:\/\/dementsus.ee\/ru\/wp-json\/wp\/v2\/posts\/18700\/revisions\/18706"}],"wp:featuredmedia":[{"embeddable":true,"href":"https:\/\/dementsus.ee\/ru\/wp-json\/wp\/v2\/media\/18701"}],"wp:attachment":[{"href":"https:\/\/dementsus.ee\/ru\/wp-json\/wp\/v2\/media?parent=18700"}],"wp:term":[{"taxonomy":"category","embeddable":true,"href":"https:\/\/dementsus.ee\/ru\/wp-json\/wp\/v2\/categories?post=18700"},{"taxonomy":"post_tag","embeddable":true,"href":"https:\/\/dementsus.ee\/ru\/wp-json\/wp\/v2\/tags?post=18700"},{"taxonomy":"autor","embeddable":true,"href":"https:\/\/dementsus.ee\/ru\/wp-json\/wp\/v2\/autor?post=18700"}],"curies":[{"name":"wp","href":"https:\/\/api.w.org\/{rel}","templated":true}]}}