{"id":20718,"date":"2026-01-09T10:07:34","date_gmt":"2026-01-09T08:07:34","guid":{"rendered":"https:\/\/dementsus.ee\/?p=20718"},"modified":"2026-01-09T10:10:33","modified_gmt":"2026-01-09T08:10:33","slug":"virtuaalne-kohtumisnurk-sotsiaal-ja-tervishoiutootajatele-23-jaanuar-2026","status":"publish","type":"post","link":"https:\/\/dementsus.ee\/ru\/virtuaalne-kohtumisnurk-sotsiaal-ja-tervishoiutootajatele-23-jaanuar-2026\/","title":{"rendered":"Virtuaalne kohtumisnurk sotsiaal- ja tervishoiut\u00f6\u00f6tajatele (23. jaanuar 2026)"},"content":{"rendered":"<p><strong><a href=\"https:\/\/dementsus.ee\/wp-content\/uploads\/2025\/05\/canva.png\"><img fetchpriority=\"high\" decoding=\"async\" class=\"wp-image-19562 alignright\" src=\"https:\/\/dementsus.ee\/wp-content\/uploads\/2025\/05\/canva.png\" alt=\"\" width=\"351\" height=\"327\" srcset=\"https:\/\/dementsus.ee\/wp-content\/uploads\/2025\/05\/canva.png 1000w, https:\/\/dementsus.ee\/wp-content\/uploads\/2025\/05\/canva-300x279.png 300w, https:\/\/dementsus.ee\/wp-content\/uploads\/2025\/05\/canva-768x715.png 768w, https:\/\/dementsus.ee\/wp-content\/uploads\/2025\/05\/canva-600x559.png 600w\" sizes=\"(max-width: 351px) 100vw, 351px\" \/><\/a>Sotsiaal- ja tervishoiut\u00f6\u00f6tajad!<\/strong><\/p>\n<p>Olete oodatud virtuaalsesse kohtumisnurka, et arutada dementsusealaseid k\u00fcsimusi, mis looks lahendusi ja kergendaks Teie t\u00f6\u00f6d.<\/p>\n<p><strong>Kohtumisnurk toimub 23. jaanuaril kell 14.00-15.30.<\/strong>\u00a0Sel korral vastavad k\u00fcsimustele\u00a0<strong>Larissa Pivovarova ja<\/strong>\u00a0<strong>Hanna-Stiina Heinmets.<\/strong><\/p>\n<div>\n<p><strong>Kohtumise eksperdid:<\/strong><\/p>\n<ul>\n<li><strong>Larissa Pivovarova (konsultant-\u00f5de)<\/strong>\u00a0\u2013\u00a0<em>t\u00f6\u00f6tas \u00fcle 20 aasta Tallinna Diakooniahaigla statsionaarses \u00f5endusosakonnas med\u00f5ena. Ta on Dementsuse Kompetentsikeskuse ekspert ning annab konsultatsioone nii asutustele kui ka peredele.<\/em><\/li>\n<li><strong>Hanna-Stiina Heinmets (tegevusterapeut) \u2013\u00a0<\/strong><em>pikaajalise kogemusega tegevusterapeut, kes on juhtinud dementsusega inimeste osakonda ja aidanud luua Dementsuse Kompetentsikeskust ja tugigrupis\u00fcsteemi l\u00e4hedastele.<\/em><\/li>\n<\/ul>\n<p>&nbsp;<\/p>\n<p>Ootame k\u00fcsimusi registreerimiselehele v\u00f5i kohtumise ajal.<\/p>\n<p><strong><span class=\"TextRun SCXW136105665 BCX8\" lang=\"ET-EE\" xml:lang=\"ET-EE\" data-contrast=\"auto\"><span class=\"NormalTextRun SCXW136105665 BCX8\">Kohtumisnurk kestab seni, kuni j\u00e4tkub k\u00fcsimusi.<\/span><\/span><\/strong><\/p>\n<p><strong>Palume kohtumisele registreerida\u00a0<a href=\"https:\/\/forms.office.com\/Pages\/ResponsePage.aspx?id=k_4eR-7e8k-B7usuZfI3rGlAWikrletIve7ExoTJ-thUMDZVR0FUSUpYNDdEMzdLWjNHSFJYVjhCRC4u\">SIIN<\/a><\/strong><\/p>\n<p class=\"x_MsoNormal\">Osalemislingi saadame e-posti teel.<\/p>\n<p class=\"x_MsoNormal\"><strong>\u00dcritus on TASUTA!<\/strong><\/p>\n<p>Kohtumised toimuvad \u00fcrituste sarjana koost\u00f6\u00f6s erinevate ekspertidega, et toetada meeskondi ja inimesi, kes pakuvad teenuseid dementsusega inimestele ja nende peredele.<\/p>\n<\/div>\n","protected":false},"excerpt":{"rendered":"<p>Sotsiaal- ja tervishoiut\u00f6\u00f6tajad! Olete oodatud virtuaalsesse kohtumisnurka, et arutada dementsusealaseid k\u00fcsimusi, mis looks lahendusi ja kergendaks Teie t\u00f6\u00f6d. Kohtumisnurk toimub 23. jaanuaril kell 14.00-15.30.\u00a0Sel korral vastavad k\u00fcsimustele\u00a0Larissa Pivovarova ja\u00a0Hanna-Stiina Heinmets. Kohtumise eksperdid: Larissa Pivovarova (konsultant-\u00f5de)\u00a0\u2013\u00a0t\u00f6\u00f6tas \u00fcle 20 aasta Tallinna Diakooniahaigla statsionaarses \u00f5endusosakonnas med\u00f5ena. Ta on Dementsuse Kompetentsikeskuse ekspert ning annab konsultatsioone nii asutustele kui ka [&hellip;]<\/p>\n","protected":false},"author":15,"featured_media":19562,"comment_status":"closed","ping_status":"closed","sticky":false,"template":"","format":"standard","meta":{"footnotes":""},"categories":[1],"tags":[],"autor":[],"class_list":["post-20718","post","type-post","status-publish","format-standard","has-post-thumbnail","hentry","category-maaratlemata"],"yoast_head":"<!-- This site is optimized with the Yoast SEO plugin v26.2 - https:\/\/yoast.com\/wordpress\/plugins\/seo\/ -->\n<title>Virtuaalne kohtumisnurk sotsiaal- ja tervishoiut\u00f6\u00f6tajatele (23. jaanuar 2026) - Dementsuse Kompetentsikeskus<\/title>\n<meta name=\"robots\" content=\"index, follow, max-snippet:-1, max-image-preview:large, max-video-preview:-1\" \/>\n<link rel=\"canonical\" href=\"https:\/\/dementsus.ee\/ru\/virtuaalne-kohtumisnurk-sotsiaal-ja-tervishoiutootajatele-23-jaanuar-2026\/\" \/>\n<meta property=\"og:locale\" content=\"ru_RU\" \/>\n<meta property=\"og:type\" content=\"article\" \/>\n<meta property=\"og:title\" content=\"Virtuaalne kohtumisnurk sotsiaal- ja tervishoiut\u00f6\u00f6tajatele (23. jaanuar 2026) - Dementsuse Kompetentsikeskus\" \/>\n<meta property=\"og:description\" content=\"Sotsiaal- ja tervishoiut\u00f6\u00f6tajad! Olete oodatud virtuaalsesse kohtumisnurka, et arutada dementsusealaseid k\u00fcsimusi, mis looks lahendusi ja kergendaks Teie t\u00f6\u00f6d. Kohtumisnurk toimub 23. jaanuaril kell 14.00-15.30.\u00a0Sel korral vastavad k\u00fcsimustele\u00a0Larissa Pivovarova ja\u00a0Hanna-Stiina Heinmets. Kohtumise eksperdid: Larissa Pivovarova (konsultant-\u00f5de)\u00a0\u2013\u00a0t\u00f6\u00f6tas \u00fcle 20 aasta Tallinna Diakooniahaigla statsionaarses \u00f5endusosakonnas med\u00f5ena. Ta on Dementsuse Kompetentsikeskuse ekspert ning annab konsultatsioone nii asutustele kui ka [&hellip;]\" \/>\n<meta property=\"og:url\" content=\"https:\/\/dementsus.ee\/ru\/virtuaalne-kohtumisnurk-sotsiaal-ja-tervishoiutootajatele-23-jaanuar-2026\/\" \/>\n<meta property=\"og:site_name\" content=\"Dementsuse Kompetentsikeskus\" \/>\n<meta property=\"article:published_time\" content=\"2026-01-09T08:07:34+00:00\" \/>\n<meta property=\"article:modified_time\" content=\"2026-01-09T08:10:33+00:00\" \/>\n<meta property=\"og:image\" content=\"https:\/\/dementsus.ee\/wp-content\/uploads\/2025\/05\/veebi.png\" \/>\n\t<meta property=\"og:image:width\" content=\"1000\" \/>\n\t<meta property=\"og:image:height\" content=\"927\" \/>\n\t<meta property=\"og:image:type\" content=\"image\/png\" \/>\n<meta name=\"author\" content=\"Ragne Heiste\" \/>\n<meta name=\"twitter:card\" content=\"summary_large_image\" \/>\n<meta name=\"twitter:label1\" content=\"\u041d\u0430\u043f\u0438\u0441\u0430\u043d\u043e \u0430\u0432\u0442\u043e\u0440\u043e\u043c\" \/>\n\t<meta name=\"twitter:data1\" content=\"Ragne Heiste\" \/>\n\t<meta name=\"twitter:label2\" content=\"\u041f\u0440\u0438\u043c\u0435\u0440\u043d\u043e\u0435 \u0432\u0440\u0435\u043c\u044f \u0434\u043b\u044f \u0447\u0442\u0435\u043d\u0438\u044f\" \/>\n\t<meta name=\"twitter:data2\" content=\"2 \u043c\u0438\u043d\u0443\u0442\u044b\" \/>\n<script type=\"application\/ld+json\" class=\"yoast-schema-graph\">{\"@context\":\"https:\/\/schema.org\",\"@graph\":[{\"@type\":\"Article\",\"@id\":\"https:\/\/dementsus.ee\/ru\/virtuaalne-kohtumisnurk-sotsiaal-ja-tervishoiutootajatele-23-jaanuar-2026\/#article\",\"isPartOf\":{\"@id\":\"https:\/\/dementsus.ee\/ru\/virtuaalne-kohtumisnurk-sotsiaal-ja-tervishoiutootajatele-23-jaanuar-2026\/\"},\"author\":{\"name\":\"Ragne Heiste\",\"@id\":\"https:\/\/dementsus.ee\/ru\/#\/schema\/person\/b61d220dad79260c276ba4eebc900400\"},\"headline\":\"Virtuaalne kohtumisnurk sotsiaal- ja tervishoiut\u00f6\u00f6tajatele (23. jaanuar 2026)\",\"datePublished\":\"2026-01-09T08:07:34+00:00\",\"dateModified\":\"2026-01-09T08:10:33+00:00\",\"mainEntityOfPage\":{\"@id\":\"https:\/\/dementsus.ee\/ru\/virtuaalne-kohtumisnurk-sotsiaal-ja-tervishoiutootajatele-23-jaanuar-2026\/\"},\"wordCount\":143,\"publisher\":{\"@id\":\"https:\/\/dementsus.ee\/ru\/#organization\"},\"image\":{\"@id\":\"https:\/\/dementsus.ee\/ru\/virtuaalne-kohtumisnurk-sotsiaal-ja-tervishoiutootajatele-23-jaanuar-2026\/#primaryimage\"},\"thumbnailUrl\":\"https:\/\/dementsus.ee\/wp-content\/uploads\/2025\/05\/canva.png\",\"articleSection\":[\"M\u00e4\u00e4ratlemata\"],\"inLanguage\":\"ru-RU\"},{\"@type\":\"WebPage\",\"@id\":\"https:\/\/dementsus.ee\/ru\/virtuaalne-kohtumisnurk-sotsiaal-ja-tervishoiutootajatele-23-jaanuar-2026\/\",\"url\":\"https:\/\/dementsus.ee\/ru\/virtuaalne-kohtumisnurk-sotsiaal-ja-tervishoiutootajatele-23-jaanuar-2026\/\",\"name\":\"Virtuaalne kohtumisnurk sotsiaal- ja tervishoiut\u00f6\u00f6tajatele (23. jaanuar 2026) - Dementsuse Kompetentsikeskus\",\"isPartOf\":{\"@id\":\"https:\/\/dementsus.ee\/ru\/#website\"},\"primaryImageOfPage\":{\"@id\":\"https:\/\/dementsus.ee\/ru\/virtuaalne-kohtumisnurk-sotsiaal-ja-tervishoiutootajatele-23-jaanuar-2026\/#primaryimage\"},\"image\":{\"@id\":\"https:\/\/dementsus.ee\/ru\/virtuaalne-kohtumisnurk-sotsiaal-ja-tervishoiutootajatele-23-jaanuar-2026\/#primaryimage\"},\"thumbnailUrl\":\"https:\/\/dementsus.ee\/wp-content\/uploads\/2025\/05\/canva.png\",\"datePublished\":\"2026-01-09T08:07:34+00:00\",\"dateModified\":\"2026-01-09T08:10:33+00:00\",\"breadcrumb\":{\"@id\":\"https:\/\/dementsus.ee\/ru\/virtuaalne-kohtumisnurk-sotsiaal-ja-tervishoiutootajatele-23-jaanuar-2026\/#breadcrumb\"},\"inLanguage\":\"ru-RU\",\"potentialAction\":[{\"@type\":\"ReadAction\",\"target\":[\"https:\/\/dementsus.ee\/ru\/virtuaalne-kohtumisnurk-sotsiaal-ja-tervishoiutootajatele-23-jaanuar-2026\/\"]}]},{\"@type\":\"ImageObject\",\"inLanguage\":\"ru-RU\",\"@id\":\"https:\/\/dementsus.ee\/ru\/virtuaalne-kohtumisnurk-sotsiaal-ja-tervishoiutootajatele-23-jaanuar-2026\/#primaryimage\",\"url\":\"https:\/\/dementsus.ee\/wp-content\/uploads\/2025\/05\/canva.png\",\"contentUrl\":\"https:\/\/dementsus.ee\/wp-content\/uploads\/2025\/05\/canva.png\",\"width\":1000,\"height\":931},{\"@type\":\"BreadcrumbList\",\"@id\":\"https:\/\/dementsus.ee\/ru\/virtuaalne-kohtumisnurk-sotsiaal-ja-tervishoiutootajatele-23-jaanuar-2026\/#breadcrumb\",\"itemListElement\":[{\"@type\":\"ListItem\",\"position\":1,\"name\":\"Esileht\",\"item\":\"https:\/\/dementsus.ee\/ru\/\"},{\"@type\":\"ListItem\",\"position\":2,\"name\":\"Virtuaalne kohtumisnurk sotsiaal- ja tervishoiut\u00f6\u00f6tajatele (23. jaanuar 2026)\"}]},{\"@type\":\"WebSite\",\"@id\":\"https:\/\/dementsus.ee\/ru\/#website\",\"url\":\"https:\/\/dementsus.ee\/ru\/\",\"name\":\"Dementsuse Kompetentsikeskus\",\"description\":\"dementsuse info ja abi\",\"publisher\":{\"@id\":\"https:\/\/dementsus.ee\/ru\/#organization\"},\"potentialAction\":[{\"@type\":\"SearchAction\",\"target\":{\"@type\":\"EntryPoint\",\"urlTemplate\":\"https:\/\/dementsus.ee\/ru\/?s={search_term_string}\"},\"query-input\":{\"@type\":\"PropertyValueSpecification\",\"valueRequired\":true,\"valueName\":\"search_term_string\"}}],\"inLanguage\":\"ru-RU\"},{\"@type\":\"Organization\",\"@id\":\"https:\/\/dementsus.ee\/ru\/#organization\",\"name\":\"Dementsuse Kompetentsikeskus\",\"url\":\"https:\/\/dementsus.ee\/ru\/\",\"logo\":{\"@type\":\"ImageObject\",\"inLanguage\":\"ru-RU\",\"@id\":\"https:\/\/dementsus.ee\/ru\/#\/schema\/logo\/image\/\",\"url\":\"https:\/\/dementsus.ee\/wp-content\/uploads\/2023\/07\/ED_logo_kodukale.svg\",\"contentUrl\":\"https:\/\/dementsus.ee\/wp-content\/uploads\/2023\/07\/ED_logo_kodukale.svg\",\"caption\":\"Dementsuse Kompetentsikeskus\"},\"image\":{\"@id\":\"https:\/\/dementsus.ee\/ru\/#\/schema\/logo\/image\/\"}},{\"@type\":\"Person\",\"@id\":\"https:\/\/dementsus.ee\/ru\/#\/schema\/person\/b61d220dad79260c276ba4eebc900400\",\"name\":\"Ragne Heiste\",\"image\":{\"@type\":\"ImageObject\",\"inLanguage\":\"ru-RU\",\"@id\":\"https:\/\/dementsus.ee\/ru\/#\/schema\/person\/image\/\",\"url\":\"https:\/\/secure.gravatar.com\/avatar\/7cde9a72bac2fd9241de2d3854317c9226c6b434c5441cf82bfcef7aeed94442?s=96&d=mm&r=g\",\"contentUrl\":\"https:\/\/secure.gravatar.com\/avatar\/7cde9a72bac2fd9241de2d3854317c9226c6b434c5441cf82bfcef7aeed94442?s=96&d=mm&r=g\",\"caption\":\"Ragne Heiste\"},\"url\":\"https:\/\/dementsus.ee\/ru\/author\/ragne\/\"}]}<\/script>\n<!-- \/ Yoast SEO plugin. -->","yoast_head_json":{"title":"Virtuaalne kohtumisnurk sotsiaal- ja tervishoiut\u00f6\u00f6tajatele (23. jaanuar 2026) - Dementsuse Kompetentsikeskus","robots":{"index":"index","follow":"follow","max-snippet":"max-snippet:-1","max-image-preview":"max-image-preview:large","max-video-preview":"max-video-preview:-1"},"canonical":"https:\/\/dementsus.ee\/ru\/virtuaalne-kohtumisnurk-sotsiaal-ja-tervishoiutootajatele-23-jaanuar-2026\/","og_locale":"ru_RU","og_type":"article","og_title":"Virtuaalne kohtumisnurk sotsiaal- ja tervishoiut\u00f6\u00f6tajatele (23. jaanuar 2026) - Dementsuse Kompetentsikeskus","og_description":"Sotsiaal- ja tervishoiut\u00f6\u00f6tajad! Olete oodatud virtuaalsesse kohtumisnurka, et arutada dementsusealaseid k\u00fcsimusi, mis looks lahendusi ja kergendaks Teie t\u00f6\u00f6d. Kohtumisnurk toimub 23. jaanuaril kell 14.00-15.30.\u00a0Sel korral vastavad k\u00fcsimustele\u00a0Larissa Pivovarova ja\u00a0Hanna-Stiina Heinmets. Kohtumise eksperdid: Larissa Pivovarova (konsultant-\u00f5de)\u00a0\u2013\u00a0t\u00f6\u00f6tas \u00fcle 20 aasta Tallinna Diakooniahaigla statsionaarses \u00f5endusosakonnas med\u00f5ena. Ta on Dementsuse Kompetentsikeskuse ekspert ning annab konsultatsioone nii asutustele kui ka [&hellip;]","og_url":"https:\/\/dementsus.ee\/ru\/virtuaalne-kohtumisnurk-sotsiaal-ja-tervishoiutootajatele-23-jaanuar-2026\/","og_site_name":"Dementsuse Kompetentsikeskus","article_published_time":"2026-01-09T08:07:34+00:00","article_modified_time":"2026-01-09T08:10:33+00:00","og_image":[{"width":1000,"height":927,"url":"https:\/\/dementsus.ee\/wp-content\/uploads\/2025\/05\/veebi.png","type":"image\/png"}],"author":"Ragne Heiste","twitter_card":"summary_large_image","twitter_misc":{"\u041d\u0430\u043f\u0438\u0441\u0430\u043d\u043e \u0430\u0432\u0442\u043e\u0440\u043e\u043c":"Ragne Heiste","\u041f\u0440\u0438\u043c\u0435\u0440\u043d\u043e\u0435 \u0432\u0440\u0435\u043c\u044f \u0434\u043b\u044f \u0447\u0442\u0435\u043d\u0438\u044f":"2 \u043c\u0438\u043d\u0443\u0442\u044b"},"schema":{"@context":"https:\/\/schema.org","@graph":[{"@type":"Article","@id":"https:\/\/dementsus.ee\/ru\/virtuaalne-kohtumisnurk-sotsiaal-ja-tervishoiutootajatele-23-jaanuar-2026\/#article","isPartOf":{"@id":"https:\/\/dementsus.ee\/ru\/virtuaalne-kohtumisnurk-sotsiaal-ja-tervishoiutootajatele-23-jaanuar-2026\/"},"author":{"name":"Ragne Heiste","@id":"https:\/\/dementsus.ee\/ru\/#\/schema\/person\/b61d220dad79260c276ba4eebc900400"},"headline":"Virtuaalne kohtumisnurk sotsiaal- ja tervishoiut\u00f6\u00f6tajatele (23. jaanuar 2026)","datePublished":"2026-01-09T08:07:34+00:00","dateModified":"2026-01-09T08:10:33+00:00","mainEntityOfPage":{"@id":"https:\/\/dementsus.ee\/ru\/virtuaalne-kohtumisnurk-sotsiaal-ja-tervishoiutootajatele-23-jaanuar-2026\/"},"wordCount":143,"publisher":{"@id":"https:\/\/dementsus.ee\/ru\/#organization"},"image":{"@id":"https:\/\/dementsus.ee\/ru\/virtuaalne-kohtumisnurk-sotsiaal-ja-tervishoiutootajatele-23-jaanuar-2026\/#primaryimage"},"thumbnailUrl":"https:\/\/dementsus.ee\/wp-content\/uploads\/2025\/05\/canva.png","articleSection":["M\u00e4\u00e4ratlemata"],"inLanguage":"ru-RU"},{"@type":"WebPage","@id":"https:\/\/dementsus.ee\/ru\/virtuaalne-kohtumisnurk-sotsiaal-ja-tervishoiutootajatele-23-jaanuar-2026\/","url":"https:\/\/dementsus.ee\/ru\/virtuaalne-kohtumisnurk-sotsiaal-ja-tervishoiutootajatele-23-jaanuar-2026\/","name":"Virtuaalne kohtumisnurk sotsiaal- ja tervishoiut\u00f6\u00f6tajatele (23. jaanuar 2026) - Dementsuse Kompetentsikeskus","isPartOf":{"@id":"https:\/\/dementsus.ee\/ru\/#website"},"primaryImageOfPage":{"@id":"https:\/\/dementsus.ee\/ru\/virtuaalne-kohtumisnurk-sotsiaal-ja-tervishoiutootajatele-23-jaanuar-2026\/#primaryimage"},"image":{"@id":"https:\/\/dementsus.ee\/ru\/virtuaalne-kohtumisnurk-sotsiaal-ja-tervishoiutootajatele-23-jaanuar-2026\/#primaryimage"},"thumbnailUrl":"https:\/\/dementsus.ee\/wp-content\/uploads\/2025\/05\/canva.png","datePublished":"2026-01-09T08:07:34+00:00","dateModified":"2026-01-09T08:10:33+00:00","breadcrumb":{"@id":"https:\/\/dementsus.ee\/ru\/virtuaalne-kohtumisnurk-sotsiaal-ja-tervishoiutootajatele-23-jaanuar-2026\/#breadcrumb"},"inLanguage":"ru-RU","potentialAction":[{"@type":"ReadAction","target":["https:\/\/dementsus.ee\/ru\/virtuaalne-kohtumisnurk-sotsiaal-ja-tervishoiutootajatele-23-jaanuar-2026\/"]}]},{"@type":"ImageObject","inLanguage":"ru-RU","@id":"https:\/\/dementsus.ee\/ru\/virtuaalne-kohtumisnurk-sotsiaal-ja-tervishoiutootajatele-23-jaanuar-2026\/#primaryimage","url":"https:\/\/dementsus.ee\/wp-content\/uploads\/2025\/05\/canva.png","contentUrl":"https:\/\/dementsus.ee\/wp-content\/uploads\/2025\/05\/canva.png","width":1000,"height":931},{"@type":"BreadcrumbList","@id":"https:\/\/dementsus.ee\/ru\/virtuaalne-kohtumisnurk-sotsiaal-ja-tervishoiutootajatele-23-jaanuar-2026\/#breadcrumb","itemListElement":[{"@type":"ListItem","position":1,"name":"Esileht","item":"https:\/\/dementsus.ee\/ru\/"},{"@type":"ListItem","position":2,"name":"Virtuaalne kohtumisnurk sotsiaal- ja tervishoiut\u00f6\u00f6tajatele (23. jaanuar 2026)"}]},{"@type":"WebSite","@id":"https:\/\/dementsus.ee\/ru\/#website","url":"https:\/\/dementsus.ee\/ru\/","name":"Dementsuse Kompetentsikeskus","description":"dementsuse info ja abi","publisher":{"@id":"https:\/\/dementsus.ee\/ru\/#organization"},"potentialAction":[{"@type":"SearchAction","target":{"@type":"EntryPoint","urlTemplate":"https:\/\/dementsus.ee\/ru\/?s={search_term_string}"},"query-input":{"@type":"PropertyValueSpecification","valueRequired":true,"valueName":"search_term_string"}}],"inLanguage":"ru-RU"},{"@type":"Organization","@id":"https:\/\/dementsus.ee\/ru\/#organization","name":"Dementsuse Kompetentsikeskus","url":"https:\/\/dementsus.ee\/ru\/","logo":{"@type":"ImageObject","inLanguage":"ru-RU","@id":"https:\/\/dementsus.ee\/ru\/#\/schema\/logo\/image\/","url":"https:\/\/dementsus.ee\/wp-content\/uploads\/2023\/07\/ED_logo_kodukale.svg","contentUrl":"https:\/\/dementsus.ee\/wp-content\/uploads\/2023\/07\/ED_logo_kodukale.svg","caption":"Dementsuse Kompetentsikeskus"},"image":{"@id":"https:\/\/dementsus.ee\/ru\/#\/schema\/logo\/image\/"}},{"@type":"Person","@id":"https:\/\/dementsus.ee\/ru\/#\/schema\/person\/b61d220dad79260c276ba4eebc900400","name":"Ragne Heiste","image":{"@type":"ImageObject","inLanguage":"ru-RU","@id":"https:\/\/dementsus.ee\/ru\/#\/schema\/person\/image\/","url":"https:\/\/secure.gravatar.com\/avatar\/7cde9a72bac2fd9241de2d3854317c9226c6b434c5441cf82bfcef7aeed94442?s=96&d=mm&r=g","contentUrl":"https:\/\/secure.gravatar.com\/avatar\/7cde9a72bac2fd9241de2d3854317c9226c6b434c5441cf82bfcef7aeed94442?s=96&d=mm&r=g","caption":"Ragne Heiste"},"url":"https:\/\/dementsus.ee\/ru\/author\/ragne\/"}]}},"_links":{"self":[{"href":"https:\/\/dementsus.ee\/ru\/wp-json\/wp\/v2\/posts\/20718","targetHints":{"allow":["GET"]}}],"collection":[{"href":"https:\/\/dementsus.ee\/ru\/wp-json\/wp\/v2\/posts"}],"about":[{"href":"https:\/\/dementsus.ee\/ru\/wp-json\/wp\/v2\/types\/post"}],"author":[{"embeddable":true,"href":"https:\/\/dementsus.ee\/ru\/wp-json\/wp\/v2\/users\/15"}],"replies":[{"embeddable":true,"href":"https:\/\/dementsus.ee\/ru\/wp-json\/wp\/v2\/comments?post=20718"}],"version-history":[{"count":1,"href":"https:\/\/dementsus.ee\/ru\/wp-json\/wp\/v2\/posts\/20718\/revisions"}],"predecessor-version":[{"id":20719,"href":"https:\/\/dementsus.ee\/ru\/wp-json\/wp\/v2\/posts\/20718\/revisions\/20719"}],"wp:featuredmedia":[{"embeddable":true,"href":"https:\/\/dementsus.ee\/ru\/wp-json\/wp\/v2\/media\/19562"}],"wp:attachment":[{"href":"https:\/\/dementsus.ee\/ru\/wp-json\/wp\/v2\/media?parent=20718"}],"wp:term":[{"taxonomy":"category","embeddable":true,"href":"https:\/\/dementsus.ee\/ru\/wp-json\/wp\/v2\/categories?post=20718"},{"taxonomy":"post_tag","embeddable":true,"href":"https:\/\/dementsus.ee\/ru\/wp-json\/wp\/v2\/tags?post=20718"},{"taxonomy":"autor","embeddable":true,"href":"https:\/\/dementsus.ee\/ru\/wp-json\/wp\/v2\/autor?post=20718"}],"curies":[{"name":"wp","href":"https:\/\/api.w.org\/{rel}","templated":true}]}}