{"id":2125,"date":"2020-04-13T14:49:24","date_gmt":"2020-04-13T14:49:24","guid":{"rendered":"https:\/\/eludementsusega.ee\/?p=2125"},"modified":"2020-04-13T14:49:24","modified_gmt":"2020-04-13T14:49:24","slug":"virtuaalsed-tugigrupid-on-hetkeolukorras-vaga-vaartuslikud","status":"publish","type":"post","link":"https:\/\/dementsus.ee\/ru\/virtuaalsed-tugigrupid-on-hetkeolukorras-vaga-vaartuslikud\/","title":{"rendered":"Virtuaalsed tugigrupid on hetkeolukorras v\u00e4ga v\u00e4\u00e4rtuslikud"},"content":{"rendered":"<p>MT\u00dc Elu Dementsusega koost\u00f6\u00f6s Dementsuse Kompetentsikeskusega on kolme aastaga k\u00e4ima l\u00fckanud 20 dementsusega inimeste l\u00e4hedaste tugigruppi \u00fcle Eesti. \u00a0M\u00e4rtsis alanud eriolukorra t\u00f5ttu oli m\u00f5istlik loobuda ka tugigruppide kohtumistest, et \u00e4ra hoida COVID-19 viirusesse nakatumist. Kriisist tulenevalt toimub inimeste suhtlemine rohkem telefoni ja virtuaalsete suhtluskeskkondade kaudu.<\/p>\n<p>Aprilli teisel n\u00e4dalal algatasime uue ja p\u00f5neva dementsusega inimeste l\u00e4hedastele m\u00f5eldud tugigrupiga Skype\u2019i teel, mis osutus v\u00e4ga edukaks ja positiivseks ettev\u00f5tmiseks. Mitmed inimesed osalesid tugigrupis esmakordselt,\u00a0 virtuaalses kanalis sai jagada oma kogemusi ja n\u00f5uandeid samamoodi nagu tavap\u00e4raseski tugigrupis.<\/p>\n<p>Kuigi teame t\u00f5siasja, et v\u00e4ga paljudel tugigrupiliikmetel ja v\u00f5imalikel abivajajatel puudub interneti ja arvutikasutamise v\u00f5imalus, leidub ehk siiski nende lastel v\u00f5i l\u00e4hedastel see hetk ja seade, mille kaudu saaksime Skype\u2019i teel \u00fchedust v\u00f5tta ja oma muresid ning r\u00f5\u00f5me jagada.<\/p>\n<p>Neile, kellel Skype\u00b4i v\u00f5imalust pole, on avatud info- ja usaldusliin 644 6440 (E,T,N,R 12-16 ja K 16-20) ja alati saab meile kirjutada <a href=\"mailto:info@eludementsusega.ee\">info@eludementsusega.ee<\/a>.<\/p>\n<p>Virtuaalne tugigrupp annab v\u00f5imaluse tuua kokku l\u00e4hedased \u00fcle Eesti, kes seisavad silmitsi sarnaste olukordadega, kus saab jagada omavahel n\u00f5uandeid, nippe ja toetust, kuidas dementsuse s\u00fcndroomiga inimest aidata, toetada, rahustada jne.\u00a0 Samuti jagame omavahel kogemusi ja tuge, kuidas ennast hoida ja turgutada, et tulla vaimselt ja f\u00fc\u00fcsiliselt toime igap\u00e4evase hoolduskoormusega. Kindlasti on oodatud tugigruppi ka need l\u00e4hedased, kellel on need kogemused juba m\u00f6\u00f6das, kuid kes tahavad jagada oma n\u00f5u ja toetust teistele.<\/p>\n<p>Kaks aastat tugigrupis k\u00e4inud Kristeli kommentaar peale virtuaalset tugigruppi: \u00a0\u201eN\u00fc\u00fcd, kui m\u00e4luh\u00e4iretega inimeste l\u00e4hedastel on veel v\u00e4hem v\u00f5imalusi abi ja n\u00f5u otsida kui tavaolukorras, on virtuaalsed tugigrupid v\u00e4ga-v\u00e4ga v\u00e4\u00e4rtuslikud. Suhtlus \u00fcle interneti ei asenda muidugi soojust, mida f\u00fc\u00fcsilises ruumis kokkusaamised annavad. Aga heaks t\u00e4ienduseks v\u00f5iks need olla ka tulevikus. Kindlasti saab virtuaalne tugigrupp asendamatuks inimestele, kelle l\u00e4heduses veel \u00fchtki tugigruppi pole v\u00f5i kes ise kohale minna ei saa\u201c.<\/p>\n<p>Selleks, et virtuaalses tugigrupis osaleda, palume endast m\u00e4rku anda <a href=\"mailto:info@eludementsusega.ee\">info@eludementsusega.ee<\/a>.<\/p>\n<p>Tugigruppi viivad l\u00e4bi MT\u00dc Elu Dementsusega ja Dementsuse Kompetentsikeskuse liikmed.<\/p>\n<p>Tugigrupis osalemine on tasuta!<\/p>\n","protected":false},"excerpt":{"rendered":"<p>MT\u00dc Elu Dementsusega koost\u00f6\u00f6s Dementsuse Kompetentsikeskusega on kolme aastaga k\u00e4ima l\u00fckanud 20 dementsusega inimeste l\u00e4hedaste tugigruppi \u00fcle Eesti. \u00a0M\u00e4rtsis alanud eriolukorra t\u00f5ttu oli m\u00f5istlik loobuda ka tugigruppide kohtumistest, et \u00e4ra hoida COVID-19 viirusesse nakatumist. Kriisist tulenevalt toimub inimeste suhtlemine rohkem telefoni ja virtuaalsete suhtluskeskkondade kaudu. Aprilli teisel n\u00e4dalal algatasime uue ja p\u00f5neva dementsusega inimeste l\u00e4hedastele [&hellip;]<\/p>\n","protected":false},"author":2,"featured_media":1173,"comment_status":"open","ping_status":"open","sticky":false,"template":"","format":"standard","meta":{"footnotes":""},"categories":[1],"tags":[],"autor":[],"class_list":["post-2125","post","type-post","status-publish","format-standard","has-post-thumbnail","hentry","category-maaratlemata"],"yoast_head":"<!-- This site is optimized with the Yoast SEO plugin v26.2 - https:\/\/yoast.com\/wordpress\/plugins\/seo\/ -->\n<title>Virtuaalsed tugigrupid on hetkeolukorras v\u00e4ga v\u00e4\u00e4rtuslikud - Dementsuse Kompetentsikeskus<\/title>\n<meta name=\"robots\" content=\"index, follow, max-snippet:-1, max-image-preview:large, max-video-preview:-1\" \/>\n<link rel=\"canonical\" href=\"https:\/\/dementsus.ee\/ru\/virtuaalsed-tugigrupid-on-hetkeolukorras-vaga-vaartuslikud\/\" \/>\n<meta property=\"og:locale\" content=\"ru_RU\" \/>\n<meta property=\"og:type\" content=\"article\" \/>\n<meta property=\"og:title\" content=\"Virtuaalsed tugigrupid on hetkeolukorras v\u00e4ga v\u00e4\u00e4rtuslikud - Dementsuse Kompetentsikeskus\" \/>\n<meta property=\"og:description\" content=\"MT\u00dc Elu Dementsusega koost\u00f6\u00f6s Dementsuse Kompetentsikeskusega on kolme aastaga k\u00e4ima l\u00fckanud 20 dementsusega inimeste l\u00e4hedaste tugigruppi \u00fcle Eesti. \u00a0M\u00e4rtsis alanud eriolukorra t\u00f5ttu oli m\u00f5istlik loobuda ka tugigruppide kohtumistest, et \u00e4ra hoida COVID-19 viirusesse nakatumist. Kriisist tulenevalt toimub inimeste suhtlemine rohkem telefoni ja virtuaalsete suhtluskeskkondade kaudu. Aprilli teisel n\u00e4dalal algatasime uue ja p\u00f5neva dementsusega inimeste l\u00e4hedastele [&hellip;]\" \/>\n<meta property=\"og:url\" content=\"https:\/\/dementsus.ee\/ru\/virtuaalsed-tugigrupid-on-hetkeolukorras-vaga-vaartuslikud\/\" \/>\n<meta property=\"og:site_name\" content=\"Dementsuse Kompetentsikeskus\" \/>\n<meta property=\"article:published_time\" content=\"2020-04-13T14:49:24+00:00\" \/>\n<meta property=\"og:image\" content=\"https:\/\/dementsus.ee\/wp-content\/uploads\/2019\/10\/uus_logo_ED_fb-profile_600px.png\" \/>\n\t<meta property=\"og:image:width\" content=\"600\" \/>\n\t<meta property=\"og:image:height\" content=\"600\" \/>\n\t<meta property=\"og:image:type\" content=\"image\/png\" \/>\n<meta name=\"author\" content=\"Kermo\" \/>\n<meta name=\"twitter:card\" content=\"summary_large_image\" \/>\n<meta name=\"twitter:label1\" content=\"\u041d\u0430\u043f\u0438\u0441\u0430\u043d\u043e \u0430\u0432\u0442\u043e\u0440\u043e\u043c\" \/>\n\t<meta name=\"twitter:data1\" content=\"Kermo\" \/>\n\t<meta name=\"twitter:label2\" content=\"\u041f\u0440\u0438\u043c\u0435\u0440\u043d\u043e\u0435 \u0432\u0440\u0435\u043c\u044f \u0434\u043b\u044f \u0447\u0442\u0435\u043d\u0438\u044f\" \/>\n\t<meta name=\"twitter:data2\" content=\"2 \u043c\u0438\u043d\u0443\u0442\u044b\" \/>\n<script type=\"application\/ld+json\" class=\"yoast-schema-graph\">{\"@context\":\"https:\/\/schema.org\",\"@graph\":[{\"@type\":\"Article\",\"@id\":\"https:\/\/dementsus.ee\/ru\/virtuaalsed-tugigrupid-on-hetkeolukorras-vaga-vaartuslikud\/#article\",\"isPartOf\":{\"@id\":\"https:\/\/dementsus.ee\/ru\/virtuaalsed-tugigrupid-on-hetkeolukorras-vaga-vaartuslikud\/\"},\"author\":{\"name\":\"Kermo\",\"@id\":\"https:\/\/dementsus.ee\/ru\/#\/schema\/person\/dd93d64f20e6c5add626937f6b5931ed\"},\"headline\":\"Virtuaalsed tugigrupid on hetkeolukorras v\u00e4ga v\u00e4\u00e4rtuslikud\",\"datePublished\":\"2020-04-13T14:49:24+00:00\",\"mainEntityOfPage\":{\"@id\":\"https:\/\/dementsus.ee\/ru\/virtuaalsed-tugigrupid-on-hetkeolukorras-vaga-vaartuslikud\/\"},\"wordCount\":374,\"commentCount\":0,\"publisher\":{\"@id\":\"https:\/\/dementsus.ee\/ru\/#organization\"},\"image\":{\"@id\":\"https:\/\/dementsus.ee\/ru\/virtuaalsed-tugigrupid-on-hetkeolukorras-vaga-vaartuslikud\/#primaryimage\"},\"thumbnailUrl\":\"https:\/\/dementsus.ee\/wp-content\/uploads\/2019\/10\/uus_logo_ED_fb-profile_600px.png\",\"articleSection\":[\"M\u00e4\u00e4ratlemata\"],\"inLanguage\":\"ru-RU\"},{\"@type\":\"WebPage\",\"@id\":\"https:\/\/dementsus.ee\/ru\/virtuaalsed-tugigrupid-on-hetkeolukorras-vaga-vaartuslikud\/\",\"url\":\"https:\/\/dementsus.ee\/ru\/virtuaalsed-tugigrupid-on-hetkeolukorras-vaga-vaartuslikud\/\",\"name\":\"Virtuaalsed tugigrupid on hetkeolukorras v\u00e4ga v\u00e4\u00e4rtuslikud - Dementsuse Kompetentsikeskus\",\"isPartOf\":{\"@id\":\"https:\/\/dementsus.ee\/ru\/#website\"},\"primaryImageOfPage\":{\"@id\":\"https:\/\/dementsus.ee\/ru\/virtuaalsed-tugigrupid-on-hetkeolukorras-vaga-vaartuslikud\/#primaryimage\"},\"image\":{\"@id\":\"https:\/\/dementsus.ee\/ru\/virtuaalsed-tugigrupid-on-hetkeolukorras-vaga-vaartuslikud\/#primaryimage\"},\"thumbnailUrl\":\"https:\/\/dementsus.ee\/wp-content\/uploads\/2019\/10\/uus_logo_ED_fb-profile_600px.png\",\"datePublished\":\"2020-04-13T14:49:24+00:00\",\"breadcrumb\":{\"@id\":\"https:\/\/dementsus.ee\/ru\/virtuaalsed-tugigrupid-on-hetkeolukorras-vaga-vaartuslikud\/#breadcrumb\"},\"inLanguage\":\"ru-RU\",\"potentialAction\":[{\"@type\":\"ReadAction\",\"target\":[\"https:\/\/dementsus.ee\/ru\/virtuaalsed-tugigrupid-on-hetkeolukorras-vaga-vaartuslikud\/\"]}]},{\"@type\":\"ImageObject\",\"inLanguage\":\"ru-RU\",\"@id\":\"https:\/\/dementsus.ee\/ru\/virtuaalsed-tugigrupid-on-hetkeolukorras-vaga-vaartuslikud\/#primaryimage\",\"url\":\"https:\/\/dementsus.ee\/wp-content\/uploads\/2019\/10\/uus_logo_ED_fb-profile_600px.png\",\"contentUrl\":\"https:\/\/dementsus.ee\/wp-content\/uploads\/2019\/10\/uus_logo_ED_fb-profile_600px.png\",\"width\":600,\"height\":600},{\"@type\":\"BreadcrumbList\",\"@id\":\"https:\/\/dementsus.ee\/ru\/virtuaalsed-tugigrupid-on-hetkeolukorras-vaga-vaartuslikud\/#breadcrumb\",\"itemListElement\":[{\"@type\":\"ListItem\",\"position\":1,\"name\":\"Esileht\",\"item\":\"https:\/\/dementsus.ee\/ru\/\"},{\"@type\":\"ListItem\",\"position\":2,\"name\":\"Virtuaalsed tugigrupid on hetkeolukorras v\u00e4ga v\u00e4\u00e4rtuslikud\"}]},{\"@type\":\"WebSite\",\"@id\":\"https:\/\/dementsus.ee\/ru\/#website\",\"url\":\"https:\/\/dementsus.ee\/ru\/\",\"name\":\"Dementsuse Kompetentsikeskus\",\"description\":\"dementsuse info ja abi\",\"publisher\":{\"@id\":\"https:\/\/dementsus.ee\/ru\/#organization\"},\"potentialAction\":[{\"@type\":\"SearchAction\",\"target\":{\"@type\":\"EntryPoint\",\"urlTemplate\":\"https:\/\/dementsus.ee\/ru\/?s={search_term_string}\"},\"query-input\":{\"@type\":\"PropertyValueSpecification\",\"valueRequired\":true,\"valueName\":\"search_term_string\"}}],\"inLanguage\":\"ru-RU\"},{\"@type\":\"Organization\",\"@id\":\"https:\/\/dementsus.ee\/ru\/#organization\",\"name\":\"Dementsuse Kompetentsikeskus\",\"url\":\"https:\/\/dementsus.ee\/ru\/\",\"logo\":{\"@type\":\"ImageObject\",\"inLanguage\":\"ru-RU\",\"@id\":\"https:\/\/dementsus.ee\/ru\/#\/schema\/logo\/image\/\",\"url\":\"https:\/\/dementsus.ee\/wp-content\/uploads\/2023\/07\/ED_logo_kodukale.svg\",\"contentUrl\":\"https:\/\/dementsus.ee\/wp-content\/uploads\/2023\/07\/ED_logo_kodukale.svg\",\"caption\":\"Dementsuse Kompetentsikeskus\"},\"image\":{\"@id\":\"https:\/\/dementsus.ee\/ru\/#\/schema\/logo\/image\/\"}},{\"@type\":\"Person\",\"@id\":\"https:\/\/dementsus.ee\/ru\/#\/schema\/person\/dd93d64f20e6c5add626937f6b5931ed\",\"name\":\"Kermo\",\"image\":{\"@type\":\"ImageObject\",\"inLanguage\":\"ru-RU\",\"@id\":\"https:\/\/dementsus.ee\/ru\/#\/schema\/person\/image\/\",\"url\":\"https:\/\/secure.gravatar.com\/avatar\/b2f0128e9063b66b5c6e595d8f4c39037d52f729089f1ad5afc34656e1d58a64?s=96&d=mm&r=g\",\"contentUrl\":\"https:\/\/secure.gravatar.com\/avatar\/b2f0128e9063b66b5c6e595d8f4c39037d52f729089f1ad5afc34656e1d58a64?s=96&d=mm&r=g\",\"caption\":\"Kermo\"},\"url\":\"https:\/\/dementsus.ee\/ru\/author\/kermo\/\"}]}<\/script>\n<!-- \/ Yoast SEO plugin. -->","yoast_head_json":{"title":"Virtuaalsed tugigrupid on hetkeolukorras v\u00e4ga v\u00e4\u00e4rtuslikud - Dementsuse Kompetentsikeskus","robots":{"index":"index","follow":"follow","max-snippet":"max-snippet:-1","max-image-preview":"max-image-preview:large","max-video-preview":"max-video-preview:-1"},"canonical":"https:\/\/dementsus.ee\/ru\/virtuaalsed-tugigrupid-on-hetkeolukorras-vaga-vaartuslikud\/","og_locale":"ru_RU","og_type":"article","og_title":"Virtuaalsed tugigrupid on hetkeolukorras v\u00e4ga v\u00e4\u00e4rtuslikud - Dementsuse Kompetentsikeskus","og_description":"MT\u00dc Elu Dementsusega koost\u00f6\u00f6s Dementsuse Kompetentsikeskusega on kolme aastaga k\u00e4ima l\u00fckanud 20 dementsusega inimeste l\u00e4hedaste tugigruppi \u00fcle Eesti. \u00a0M\u00e4rtsis alanud eriolukorra t\u00f5ttu oli m\u00f5istlik loobuda ka tugigruppide kohtumistest, et \u00e4ra hoida COVID-19 viirusesse nakatumist. Kriisist tulenevalt toimub inimeste suhtlemine rohkem telefoni ja virtuaalsete suhtluskeskkondade kaudu. Aprilli teisel n\u00e4dalal algatasime uue ja p\u00f5neva dementsusega inimeste l\u00e4hedastele [&hellip;]","og_url":"https:\/\/dementsus.ee\/ru\/virtuaalsed-tugigrupid-on-hetkeolukorras-vaga-vaartuslikud\/","og_site_name":"Dementsuse Kompetentsikeskus","article_published_time":"2020-04-13T14:49:24+00:00","og_image":[{"width":600,"height":600,"url":"https:\/\/dementsus.ee\/wp-content\/uploads\/2019\/10\/uus_logo_ED_fb-profile_600px.png","type":"image\/png"}],"author":"Kermo","twitter_card":"summary_large_image","twitter_misc":{"\u041d\u0430\u043f\u0438\u0441\u0430\u043d\u043e \u0430\u0432\u0442\u043e\u0440\u043e\u043c":"Kermo","\u041f\u0440\u0438\u043c\u0435\u0440\u043d\u043e\u0435 \u0432\u0440\u0435\u043c\u044f \u0434\u043b\u044f \u0447\u0442\u0435\u043d\u0438\u044f":"2 \u043c\u0438\u043d\u0443\u0442\u044b"},"schema":{"@context":"https:\/\/schema.org","@graph":[{"@type":"Article","@id":"https:\/\/dementsus.ee\/ru\/virtuaalsed-tugigrupid-on-hetkeolukorras-vaga-vaartuslikud\/#article","isPartOf":{"@id":"https:\/\/dementsus.ee\/ru\/virtuaalsed-tugigrupid-on-hetkeolukorras-vaga-vaartuslikud\/"},"author":{"name":"Kermo","@id":"https:\/\/dementsus.ee\/ru\/#\/schema\/person\/dd93d64f20e6c5add626937f6b5931ed"},"headline":"Virtuaalsed tugigrupid on hetkeolukorras v\u00e4ga v\u00e4\u00e4rtuslikud","datePublished":"2020-04-13T14:49:24+00:00","mainEntityOfPage":{"@id":"https:\/\/dementsus.ee\/ru\/virtuaalsed-tugigrupid-on-hetkeolukorras-vaga-vaartuslikud\/"},"wordCount":374,"commentCount":0,"publisher":{"@id":"https:\/\/dementsus.ee\/ru\/#organization"},"image":{"@id":"https:\/\/dementsus.ee\/ru\/virtuaalsed-tugigrupid-on-hetkeolukorras-vaga-vaartuslikud\/#primaryimage"},"thumbnailUrl":"https:\/\/dementsus.ee\/wp-content\/uploads\/2019\/10\/uus_logo_ED_fb-profile_600px.png","articleSection":["M\u00e4\u00e4ratlemata"],"inLanguage":"ru-RU"},{"@type":"WebPage","@id":"https:\/\/dementsus.ee\/ru\/virtuaalsed-tugigrupid-on-hetkeolukorras-vaga-vaartuslikud\/","url":"https:\/\/dementsus.ee\/ru\/virtuaalsed-tugigrupid-on-hetkeolukorras-vaga-vaartuslikud\/","name":"Virtuaalsed tugigrupid on hetkeolukorras v\u00e4ga v\u00e4\u00e4rtuslikud - Dementsuse Kompetentsikeskus","isPartOf":{"@id":"https:\/\/dementsus.ee\/ru\/#website"},"primaryImageOfPage":{"@id":"https:\/\/dementsus.ee\/ru\/virtuaalsed-tugigrupid-on-hetkeolukorras-vaga-vaartuslikud\/#primaryimage"},"image":{"@id":"https:\/\/dementsus.ee\/ru\/virtuaalsed-tugigrupid-on-hetkeolukorras-vaga-vaartuslikud\/#primaryimage"},"thumbnailUrl":"https:\/\/dementsus.ee\/wp-content\/uploads\/2019\/10\/uus_logo_ED_fb-profile_600px.png","datePublished":"2020-04-13T14:49:24+00:00","breadcrumb":{"@id":"https:\/\/dementsus.ee\/ru\/virtuaalsed-tugigrupid-on-hetkeolukorras-vaga-vaartuslikud\/#breadcrumb"},"inLanguage":"ru-RU","potentialAction":[{"@type":"ReadAction","target":["https:\/\/dementsus.ee\/ru\/virtuaalsed-tugigrupid-on-hetkeolukorras-vaga-vaartuslikud\/"]}]},{"@type":"ImageObject","inLanguage":"ru-RU","@id":"https:\/\/dementsus.ee\/ru\/virtuaalsed-tugigrupid-on-hetkeolukorras-vaga-vaartuslikud\/#primaryimage","url":"https:\/\/dementsus.ee\/wp-content\/uploads\/2019\/10\/uus_logo_ED_fb-profile_600px.png","contentUrl":"https:\/\/dementsus.ee\/wp-content\/uploads\/2019\/10\/uus_logo_ED_fb-profile_600px.png","width":600,"height":600},{"@type":"BreadcrumbList","@id":"https:\/\/dementsus.ee\/ru\/virtuaalsed-tugigrupid-on-hetkeolukorras-vaga-vaartuslikud\/#breadcrumb","itemListElement":[{"@type":"ListItem","position":1,"name":"Esileht","item":"https:\/\/dementsus.ee\/ru\/"},{"@type":"ListItem","position":2,"name":"Virtuaalsed tugigrupid on hetkeolukorras v\u00e4ga v\u00e4\u00e4rtuslikud"}]},{"@type":"WebSite","@id":"https:\/\/dementsus.ee\/ru\/#website","url":"https:\/\/dementsus.ee\/ru\/","name":"Dementsuse Kompetentsikeskus","description":"dementsuse info ja abi","publisher":{"@id":"https:\/\/dementsus.ee\/ru\/#organization"},"potentialAction":[{"@type":"SearchAction","target":{"@type":"EntryPoint","urlTemplate":"https:\/\/dementsus.ee\/ru\/?s={search_term_string}"},"query-input":{"@type":"PropertyValueSpecification","valueRequired":true,"valueName":"search_term_string"}}],"inLanguage":"ru-RU"},{"@type":"Organization","@id":"https:\/\/dementsus.ee\/ru\/#organization","name":"Dementsuse Kompetentsikeskus","url":"https:\/\/dementsus.ee\/ru\/","logo":{"@type":"ImageObject","inLanguage":"ru-RU","@id":"https:\/\/dementsus.ee\/ru\/#\/schema\/logo\/image\/","url":"https:\/\/dementsus.ee\/wp-content\/uploads\/2023\/07\/ED_logo_kodukale.svg","contentUrl":"https:\/\/dementsus.ee\/wp-content\/uploads\/2023\/07\/ED_logo_kodukale.svg","caption":"Dementsuse Kompetentsikeskus"},"image":{"@id":"https:\/\/dementsus.ee\/ru\/#\/schema\/logo\/image\/"}},{"@type":"Person","@id":"https:\/\/dementsus.ee\/ru\/#\/schema\/person\/dd93d64f20e6c5add626937f6b5931ed","name":"Kermo","image":{"@type":"ImageObject","inLanguage":"ru-RU","@id":"https:\/\/dementsus.ee\/ru\/#\/schema\/person\/image\/","url":"https:\/\/secure.gravatar.com\/avatar\/b2f0128e9063b66b5c6e595d8f4c39037d52f729089f1ad5afc34656e1d58a64?s=96&d=mm&r=g","contentUrl":"https:\/\/secure.gravatar.com\/avatar\/b2f0128e9063b66b5c6e595d8f4c39037d52f729089f1ad5afc34656e1d58a64?s=96&d=mm&r=g","caption":"Kermo"},"url":"https:\/\/dementsus.ee\/ru\/author\/kermo\/"}]}},"_links":{"self":[{"href":"https:\/\/dementsus.ee\/ru\/wp-json\/wp\/v2\/posts\/2125","targetHints":{"allow":["GET"]}}],"collection":[{"href":"https:\/\/dementsus.ee\/ru\/wp-json\/wp\/v2\/posts"}],"about":[{"href":"https:\/\/dementsus.ee\/ru\/wp-json\/wp\/v2\/types\/post"}],"author":[{"embeddable":true,"href":"https:\/\/dementsus.ee\/ru\/wp-json\/wp\/v2\/users\/2"}],"replies":[{"embeddable":true,"href":"https:\/\/dementsus.ee\/ru\/wp-json\/wp\/v2\/comments?post=2125"}],"version-history":[{"count":0,"href":"https:\/\/dementsus.ee\/ru\/wp-json\/wp\/v2\/posts\/2125\/revisions"}],"wp:featuredmedia":[{"embeddable":true,"href":"https:\/\/dementsus.ee\/ru\/wp-json\/wp\/v2\/media\/1173"}],"wp:attachment":[{"href":"https:\/\/dementsus.ee\/ru\/wp-json\/wp\/v2\/media?parent=2125"}],"wp:term":[{"taxonomy":"category","embeddable":true,"href":"https:\/\/dementsus.ee\/ru\/wp-json\/wp\/v2\/categories?post=2125"},{"taxonomy":"post_tag","embeddable":true,"href":"https:\/\/dementsus.ee\/ru\/wp-json\/wp\/v2\/tags?post=2125"},{"taxonomy":"autor","embeddable":true,"href":"https:\/\/dementsus.ee\/ru\/wp-json\/wp\/v2\/autor?post=2125"}],"curies":[{"name":"wp","href":"https:\/\/api.w.org\/{rel}","templated":true}]}}