{"id":2154,"date":"2020-04-29T15:35:25","date_gmt":"2020-04-29T15:35:25","guid":{"rendered":"https:\/\/eludementsusega.ee\/?p=2154"},"modified":"2020-04-29T15:35:25","modified_gmt":"2020-04-29T15:35:25","slug":"maailma-terviseorganisatsiooni-abiga-hinnati-eesti-dementsuse-valdkonna-voimekust","status":"publish","type":"post","link":"https:\/\/dementsus.ee\/ru\/maailma-terviseorganisatsiooni-abiga-hinnati-eesti-dementsuse-valdkonna-voimekust\/","title":{"rendered":"Maailma Terviseorganisatsiooni abiga hinnati Eesti dementsuse valdkonna v\u00f5imekust"},"content":{"rendered":"<p>Eelmisel n\u00e4dalal avaldas Maailma Terviseorganisatsioon (WHO) andmed <a href=\"https:\/\/www.who.int\/docs\/default-source\/mental-health\/dementia\/gdo-country-profiles\/gdo-estonia.pdf?sfvrsn=3df4caba_4&amp;ua=1\" target=\"_blank\" rel=\"noopener noreferrer\">dementsuse valdkonna v\u00f5imekuse kohta Eestis<\/a>. Tegemist on riigipoolse enesehindamisega, mis t\u00e4hendab, et Eesti on t\u00e4itnud WHO koostatud laiap\u00f5hjalise k\u00fcsimustiku.<\/p>\n<p>WHO poolt loodud \u00fclemaailmse <a href=\"https:\/\/www.who.int\/mental_health\/neurology\/dementia\/Global_Observatory\/en\/\" target=\"_blank\" rel=\"noopener noreferrer\">dementsuse andmeseire platvorm<\/a> annab riigiti \u00fclevaate dementsusealasest hetkeolukorrast ja v\u00f5imekusest. Hinnatakse kolme olulist valdkonda: poliitikakujundust, teenuste osutamist ning infos\u00fcsteeme ja teadus-arendusalast v\u00f5imekust. Valdkondade sees hinnatakse omakorda alateemasid (7) ning indikaatoreid (35).<\/p>\n<p>Esmase riikliku dementsuse valdkonna profiili koostamine on aluseks poliitikakujundusele ja meetmete v\u00e4ljat\u00f6\u00f6tamisele antud valdkonnas. Tulemuse p\u00f5hjal saab riik hinnata, mis on h\u00e4sti ja mida on vaja edasi arendada, samuti annab profiil v\u00f5imaluse paigutada ennast v\u00f5rdlusritta teiste riikidega.<\/p>\n<p>Eesti profiili p\u00f5hjal on n\u00e4ha, et arenguruumi on k\u00f5igis seitsmes tegevusvaldkonnas. Eestis on hakatud arendama dementsusealast poliitikakujundust, teadlikkuse ja dementsuss\u00f5bralikkuse teemat, esimesed sammud on tehtud teenuste ja toe pakkumisega dementsusega inimestele ja nende l\u00e4hedastele. Arendamisel on samuti dementsuse ennetuse, diagnoosimise ja raviga seotud tegevusvaldkonnad. V\u00e4ga v\u00e4he on tegeletud dementsusealase statistika kogumisega ning teaduslike valdkonna uuringutega.<\/p>\n<p>Maailma Terviseorganisatsiooni kodulehel on 47 riigi dementsuse valdkonna profiilid.<\/p>\n<p>Sotsiaalministeerium on alustanud dementsuse valdkonna alusp\u00f5him\u00f5tete loomist, kuhu koondatakse praegused ja tulevikus planeeritavad tegevused, kaardistatakse meetmed, anal\u00fc\u00fcsitakse kitsaskohad ja seatakse valdkonna strateegilised eesm\u00e4rgid. Loodav dokument on aluseks pikaajaliste eesm\u00e4rkide seadmisel.<\/p>\n","protected":false},"excerpt":{"rendered":"<p>Eelmisel n\u00e4dalal avaldas Maailma Terviseorganisatsioon (WHO) andmed dementsuse valdkonna v\u00f5imekuse kohta Eestis. Tegemist on riigipoolse enesehindamisega, mis t\u00e4hendab, et Eesti on t\u00e4itnud WHO koostatud laiap\u00f5hjalise k\u00fcsimustiku. WHO poolt loodud \u00fclemaailmse dementsuse andmeseire platvorm annab riigiti \u00fclevaate dementsusealasest hetkeolukorrast ja v\u00f5imekusest. Hinnatakse kolme olulist valdkonda: poliitikakujundust, teenuste osutamist ning infos\u00fcsteeme ja teadus-arendusalast v\u00f5imekust. Valdkondade sees hinnatakse [&hellip;]<\/p>\n","protected":false},"author":2,"featured_media":2156,"comment_status":"open","ping_status":"open","sticky":false,"template":"","format":"standard","meta":{"footnotes":""},"categories":[1],"tags":[],"autor":[],"class_list":["post-2154","post","type-post","status-publish","format-standard","has-post-thumbnail","hentry","category-maaratlemata"],"yoast_head":"<!-- This site is optimized with the Yoast SEO plugin v26.2 - https:\/\/yoast.com\/wordpress\/plugins\/seo\/ -->\n<title>Maailma Terviseorganisatsiooni abiga hinnati Eesti dementsuse valdkonna v\u00f5imekust - Dementsuse Kompetentsikeskus<\/title>\n<meta name=\"robots\" content=\"index, follow, max-snippet:-1, max-image-preview:large, max-video-preview:-1\" \/>\n<link rel=\"canonical\" href=\"https:\/\/dementsus.ee\/ru\/maailma-terviseorganisatsiooni-abiga-hinnati-eesti-dementsuse-valdkonna-voimekust\/\" \/>\n<meta property=\"og:locale\" content=\"ru_RU\" \/>\n<meta property=\"og:type\" content=\"article\" \/>\n<meta property=\"og:title\" content=\"Maailma Terviseorganisatsiooni abiga hinnati Eesti dementsuse valdkonna v\u00f5imekust - Dementsuse Kompetentsikeskus\" \/>\n<meta property=\"og:description\" content=\"Eelmisel n\u00e4dalal avaldas Maailma Terviseorganisatsioon (WHO) andmed dementsuse valdkonna v\u00f5imekuse kohta Eestis. Tegemist on riigipoolse enesehindamisega, mis t\u00e4hendab, et Eesti on t\u00e4itnud WHO koostatud laiap\u00f5hjalise k\u00fcsimustiku. WHO poolt loodud \u00fclemaailmse dementsuse andmeseire platvorm annab riigiti \u00fclevaate dementsusealasest hetkeolukorrast ja v\u00f5imekusest. Hinnatakse kolme olulist valdkonda: poliitikakujundust, teenuste osutamist ning infos\u00fcsteeme ja teadus-arendusalast v\u00f5imekust. Valdkondade sees hinnatakse [&hellip;]\" \/>\n<meta property=\"og:url\" content=\"https:\/\/dementsus.ee\/ru\/maailma-terviseorganisatsiooni-abiga-hinnati-eesti-dementsuse-valdkonna-voimekust\/\" \/>\n<meta property=\"og:site_name\" content=\"Dementsuse Kompetentsikeskus\" \/>\n<meta property=\"article:published_time\" content=\"2020-04-29T15:35:25+00:00\" \/>\n<meta property=\"og:image\" content=\"https:\/\/dementsus.ee\/wp-content\/uploads\/2020\/04\/image005.png\" \/>\n\t<meta property=\"og:image:width\" content=\"702\" \/>\n\t<meta property=\"og:image:height\" content=\"426\" \/>\n\t<meta property=\"og:image:type\" content=\"image\/png\" \/>\n<meta name=\"author\" content=\"Kermo\" \/>\n<meta name=\"twitter:card\" content=\"summary_large_image\" \/>\n<meta name=\"twitter:label1\" content=\"\u041d\u0430\u043f\u0438\u0441\u0430\u043d\u043e \u0430\u0432\u0442\u043e\u0440\u043e\u043c\" \/>\n\t<meta name=\"twitter:data1\" content=\"Kermo\" \/>\n\t<meta name=\"twitter:label2\" content=\"\u041f\u0440\u0438\u043c\u0435\u0440\u043d\u043e\u0435 \u0432\u0440\u0435\u043c\u044f \u0434\u043b\u044f \u0447\u0442\u0435\u043d\u0438\u044f\" \/>\n\t<meta name=\"twitter:data2\" content=\"1 \u043c\u0438\u043d\u0443\u0442\u0430\" \/>\n<script type=\"application\/ld+json\" class=\"yoast-schema-graph\">{\"@context\":\"https:\/\/schema.org\",\"@graph\":[{\"@type\":\"Article\",\"@id\":\"https:\/\/dementsus.ee\/ru\/maailma-terviseorganisatsiooni-abiga-hinnati-eesti-dementsuse-valdkonna-voimekust\/#article\",\"isPartOf\":{\"@id\":\"https:\/\/dementsus.ee\/ru\/maailma-terviseorganisatsiooni-abiga-hinnati-eesti-dementsuse-valdkonna-voimekust\/\"},\"author\":{\"name\":\"Kermo\",\"@id\":\"https:\/\/dementsus.ee\/ru\/#\/schema\/person\/dd93d64f20e6c5add626937f6b5931ed\"},\"headline\":\"Maailma Terviseorganisatsiooni abiga hinnati Eesti dementsuse valdkonna v\u00f5imekust\",\"datePublished\":\"2020-04-29T15:35:25+00:00\",\"mainEntityOfPage\":{\"@id\":\"https:\/\/dementsus.ee\/ru\/maailma-terviseorganisatsiooni-abiga-hinnati-eesti-dementsuse-valdkonna-voimekust\/\"},\"wordCount\":225,\"commentCount\":0,\"publisher\":{\"@id\":\"https:\/\/dementsus.ee\/ru\/#organization\"},\"image\":{\"@id\":\"https:\/\/dementsus.ee\/ru\/maailma-terviseorganisatsiooni-abiga-hinnati-eesti-dementsuse-valdkonna-voimekust\/#primaryimage\"},\"thumbnailUrl\":\"https:\/\/dementsus.ee\/wp-content\/uploads\/2020\/04\/image005.png\",\"articleSection\":[\"M\u00e4\u00e4ratlemata\"],\"inLanguage\":\"ru-RU\"},{\"@type\":\"WebPage\",\"@id\":\"https:\/\/dementsus.ee\/ru\/maailma-terviseorganisatsiooni-abiga-hinnati-eesti-dementsuse-valdkonna-voimekust\/\",\"url\":\"https:\/\/dementsus.ee\/ru\/maailma-terviseorganisatsiooni-abiga-hinnati-eesti-dementsuse-valdkonna-voimekust\/\",\"name\":\"Maailma Terviseorganisatsiooni abiga hinnati Eesti dementsuse valdkonna v\u00f5imekust - Dementsuse Kompetentsikeskus\",\"isPartOf\":{\"@id\":\"https:\/\/dementsus.ee\/ru\/#website\"},\"primaryImageOfPage\":{\"@id\":\"https:\/\/dementsus.ee\/ru\/maailma-terviseorganisatsiooni-abiga-hinnati-eesti-dementsuse-valdkonna-voimekust\/#primaryimage\"},\"image\":{\"@id\":\"https:\/\/dementsus.ee\/ru\/maailma-terviseorganisatsiooni-abiga-hinnati-eesti-dementsuse-valdkonna-voimekust\/#primaryimage\"},\"thumbnailUrl\":\"https:\/\/dementsus.ee\/wp-content\/uploads\/2020\/04\/image005.png\",\"datePublished\":\"2020-04-29T15:35:25+00:00\",\"breadcrumb\":{\"@id\":\"https:\/\/dementsus.ee\/ru\/maailma-terviseorganisatsiooni-abiga-hinnati-eesti-dementsuse-valdkonna-voimekust\/#breadcrumb\"},\"inLanguage\":\"ru-RU\",\"potentialAction\":[{\"@type\":\"ReadAction\",\"target\":[\"https:\/\/dementsus.ee\/ru\/maailma-terviseorganisatsiooni-abiga-hinnati-eesti-dementsuse-valdkonna-voimekust\/\"]}]},{\"@type\":\"ImageObject\",\"inLanguage\":\"ru-RU\",\"@id\":\"https:\/\/dementsus.ee\/ru\/maailma-terviseorganisatsiooni-abiga-hinnati-eesti-dementsuse-valdkonna-voimekust\/#primaryimage\",\"url\":\"https:\/\/dementsus.ee\/wp-content\/uploads\/2020\/04\/image005.png\",\"contentUrl\":\"https:\/\/dementsus.ee\/wp-content\/uploads\/2020\/04\/image005.png\",\"width\":702,\"height\":426},{\"@type\":\"BreadcrumbList\",\"@id\":\"https:\/\/dementsus.ee\/ru\/maailma-terviseorganisatsiooni-abiga-hinnati-eesti-dementsuse-valdkonna-voimekust\/#breadcrumb\",\"itemListElement\":[{\"@type\":\"ListItem\",\"position\":1,\"name\":\"Esileht\",\"item\":\"https:\/\/dementsus.ee\/ru\/\"},{\"@type\":\"ListItem\",\"position\":2,\"name\":\"Maailma Terviseorganisatsiooni abiga hinnati Eesti dementsuse valdkonna v\u00f5imekust\"}]},{\"@type\":\"WebSite\",\"@id\":\"https:\/\/dementsus.ee\/ru\/#website\",\"url\":\"https:\/\/dementsus.ee\/ru\/\",\"name\":\"Dementsuse Kompetentsikeskus\",\"description\":\"dementsuse info ja abi\",\"publisher\":{\"@id\":\"https:\/\/dementsus.ee\/ru\/#organization\"},\"potentialAction\":[{\"@type\":\"SearchAction\",\"target\":{\"@type\":\"EntryPoint\",\"urlTemplate\":\"https:\/\/dementsus.ee\/ru\/?s={search_term_string}\"},\"query-input\":{\"@type\":\"PropertyValueSpecification\",\"valueRequired\":true,\"valueName\":\"search_term_string\"}}],\"inLanguage\":\"ru-RU\"},{\"@type\":\"Organization\",\"@id\":\"https:\/\/dementsus.ee\/ru\/#organization\",\"name\":\"Dementsuse Kompetentsikeskus\",\"url\":\"https:\/\/dementsus.ee\/ru\/\",\"logo\":{\"@type\":\"ImageObject\",\"inLanguage\":\"ru-RU\",\"@id\":\"https:\/\/dementsus.ee\/ru\/#\/schema\/logo\/image\/\",\"url\":\"https:\/\/dementsus.ee\/wp-content\/uploads\/2023\/07\/ED_logo_kodukale.svg\",\"contentUrl\":\"https:\/\/dementsus.ee\/wp-content\/uploads\/2023\/07\/ED_logo_kodukale.svg\",\"caption\":\"Dementsuse Kompetentsikeskus\"},\"image\":{\"@id\":\"https:\/\/dementsus.ee\/ru\/#\/schema\/logo\/image\/\"}},{\"@type\":\"Person\",\"@id\":\"https:\/\/dementsus.ee\/ru\/#\/schema\/person\/dd93d64f20e6c5add626937f6b5931ed\",\"name\":\"Kermo\",\"image\":{\"@type\":\"ImageObject\",\"inLanguage\":\"ru-RU\",\"@id\":\"https:\/\/dementsus.ee\/ru\/#\/schema\/person\/image\/\",\"url\":\"https:\/\/secure.gravatar.com\/avatar\/b2f0128e9063b66b5c6e595d8f4c39037d52f729089f1ad5afc34656e1d58a64?s=96&d=mm&r=g\",\"contentUrl\":\"https:\/\/secure.gravatar.com\/avatar\/b2f0128e9063b66b5c6e595d8f4c39037d52f729089f1ad5afc34656e1d58a64?s=96&d=mm&r=g\",\"caption\":\"Kermo\"},\"url\":\"https:\/\/dementsus.ee\/ru\/author\/kermo\/\"}]}<\/script>\n<!-- \/ Yoast SEO plugin. -->","yoast_head_json":{"title":"Maailma Terviseorganisatsiooni abiga hinnati Eesti dementsuse valdkonna v\u00f5imekust - Dementsuse Kompetentsikeskus","robots":{"index":"index","follow":"follow","max-snippet":"max-snippet:-1","max-image-preview":"max-image-preview:large","max-video-preview":"max-video-preview:-1"},"canonical":"https:\/\/dementsus.ee\/ru\/maailma-terviseorganisatsiooni-abiga-hinnati-eesti-dementsuse-valdkonna-voimekust\/","og_locale":"ru_RU","og_type":"article","og_title":"Maailma Terviseorganisatsiooni abiga hinnati Eesti dementsuse valdkonna v\u00f5imekust - Dementsuse Kompetentsikeskus","og_description":"Eelmisel n\u00e4dalal avaldas Maailma Terviseorganisatsioon (WHO) andmed dementsuse valdkonna v\u00f5imekuse kohta Eestis. Tegemist on riigipoolse enesehindamisega, mis t\u00e4hendab, et Eesti on t\u00e4itnud WHO koostatud laiap\u00f5hjalise k\u00fcsimustiku. WHO poolt loodud \u00fclemaailmse dementsuse andmeseire platvorm annab riigiti \u00fclevaate dementsusealasest hetkeolukorrast ja v\u00f5imekusest. Hinnatakse kolme olulist valdkonda: poliitikakujundust, teenuste osutamist ning infos\u00fcsteeme ja teadus-arendusalast v\u00f5imekust. Valdkondade sees hinnatakse [&hellip;]","og_url":"https:\/\/dementsus.ee\/ru\/maailma-terviseorganisatsiooni-abiga-hinnati-eesti-dementsuse-valdkonna-voimekust\/","og_site_name":"Dementsuse Kompetentsikeskus","article_published_time":"2020-04-29T15:35:25+00:00","og_image":[{"width":702,"height":426,"url":"https:\/\/dementsus.ee\/wp-content\/uploads\/2020\/04\/image005.png","type":"image\/png"}],"author":"Kermo","twitter_card":"summary_large_image","twitter_misc":{"\u041d\u0430\u043f\u0438\u0441\u0430\u043d\u043e \u0430\u0432\u0442\u043e\u0440\u043e\u043c":"Kermo","\u041f\u0440\u0438\u043c\u0435\u0440\u043d\u043e\u0435 \u0432\u0440\u0435\u043c\u044f \u0434\u043b\u044f \u0447\u0442\u0435\u043d\u0438\u044f":"1 \u043c\u0438\u043d\u0443\u0442\u0430"},"schema":{"@context":"https:\/\/schema.org","@graph":[{"@type":"Article","@id":"https:\/\/dementsus.ee\/ru\/maailma-terviseorganisatsiooni-abiga-hinnati-eesti-dementsuse-valdkonna-voimekust\/#article","isPartOf":{"@id":"https:\/\/dementsus.ee\/ru\/maailma-terviseorganisatsiooni-abiga-hinnati-eesti-dementsuse-valdkonna-voimekust\/"},"author":{"name":"Kermo","@id":"https:\/\/dementsus.ee\/ru\/#\/schema\/person\/dd93d64f20e6c5add626937f6b5931ed"},"headline":"Maailma Terviseorganisatsiooni abiga hinnati Eesti dementsuse valdkonna v\u00f5imekust","datePublished":"2020-04-29T15:35:25+00:00","mainEntityOfPage":{"@id":"https:\/\/dementsus.ee\/ru\/maailma-terviseorganisatsiooni-abiga-hinnati-eesti-dementsuse-valdkonna-voimekust\/"},"wordCount":225,"commentCount":0,"publisher":{"@id":"https:\/\/dementsus.ee\/ru\/#organization"},"image":{"@id":"https:\/\/dementsus.ee\/ru\/maailma-terviseorganisatsiooni-abiga-hinnati-eesti-dementsuse-valdkonna-voimekust\/#primaryimage"},"thumbnailUrl":"https:\/\/dementsus.ee\/wp-content\/uploads\/2020\/04\/image005.png","articleSection":["M\u00e4\u00e4ratlemata"],"inLanguage":"ru-RU"},{"@type":"WebPage","@id":"https:\/\/dementsus.ee\/ru\/maailma-terviseorganisatsiooni-abiga-hinnati-eesti-dementsuse-valdkonna-voimekust\/","url":"https:\/\/dementsus.ee\/ru\/maailma-terviseorganisatsiooni-abiga-hinnati-eesti-dementsuse-valdkonna-voimekust\/","name":"Maailma Terviseorganisatsiooni abiga hinnati Eesti dementsuse valdkonna v\u00f5imekust - Dementsuse Kompetentsikeskus","isPartOf":{"@id":"https:\/\/dementsus.ee\/ru\/#website"},"primaryImageOfPage":{"@id":"https:\/\/dementsus.ee\/ru\/maailma-terviseorganisatsiooni-abiga-hinnati-eesti-dementsuse-valdkonna-voimekust\/#primaryimage"},"image":{"@id":"https:\/\/dementsus.ee\/ru\/maailma-terviseorganisatsiooni-abiga-hinnati-eesti-dementsuse-valdkonna-voimekust\/#primaryimage"},"thumbnailUrl":"https:\/\/dementsus.ee\/wp-content\/uploads\/2020\/04\/image005.png","datePublished":"2020-04-29T15:35:25+00:00","breadcrumb":{"@id":"https:\/\/dementsus.ee\/ru\/maailma-terviseorganisatsiooni-abiga-hinnati-eesti-dementsuse-valdkonna-voimekust\/#breadcrumb"},"inLanguage":"ru-RU","potentialAction":[{"@type":"ReadAction","target":["https:\/\/dementsus.ee\/ru\/maailma-terviseorganisatsiooni-abiga-hinnati-eesti-dementsuse-valdkonna-voimekust\/"]}]},{"@type":"ImageObject","inLanguage":"ru-RU","@id":"https:\/\/dementsus.ee\/ru\/maailma-terviseorganisatsiooni-abiga-hinnati-eesti-dementsuse-valdkonna-voimekust\/#primaryimage","url":"https:\/\/dementsus.ee\/wp-content\/uploads\/2020\/04\/image005.png","contentUrl":"https:\/\/dementsus.ee\/wp-content\/uploads\/2020\/04\/image005.png","width":702,"height":426},{"@type":"BreadcrumbList","@id":"https:\/\/dementsus.ee\/ru\/maailma-terviseorganisatsiooni-abiga-hinnati-eesti-dementsuse-valdkonna-voimekust\/#breadcrumb","itemListElement":[{"@type":"ListItem","position":1,"name":"Esileht","item":"https:\/\/dementsus.ee\/ru\/"},{"@type":"ListItem","position":2,"name":"Maailma Terviseorganisatsiooni abiga hinnati Eesti dementsuse valdkonna v\u00f5imekust"}]},{"@type":"WebSite","@id":"https:\/\/dementsus.ee\/ru\/#website","url":"https:\/\/dementsus.ee\/ru\/","name":"Dementsuse Kompetentsikeskus","description":"dementsuse info ja abi","publisher":{"@id":"https:\/\/dementsus.ee\/ru\/#organization"},"potentialAction":[{"@type":"SearchAction","target":{"@type":"EntryPoint","urlTemplate":"https:\/\/dementsus.ee\/ru\/?s={search_term_string}"},"query-input":{"@type":"PropertyValueSpecification","valueRequired":true,"valueName":"search_term_string"}}],"inLanguage":"ru-RU"},{"@type":"Organization","@id":"https:\/\/dementsus.ee\/ru\/#organization","name":"Dementsuse Kompetentsikeskus","url":"https:\/\/dementsus.ee\/ru\/","logo":{"@type":"ImageObject","inLanguage":"ru-RU","@id":"https:\/\/dementsus.ee\/ru\/#\/schema\/logo\/image\/","url":"https:\/\/dementsus.ee\/wp-content\/uploads\/2023\/07\/ED_logo_kodukale.svg","contentUrl":"https:\/\/dementsus.ee\/wp-content\/uploads\/2023\/07\/ED_logo_kodukale.svg","caption":"Dementsuse Kompetentsikeskus"},"image":{"@id":"https:\/\/dementsus.ee\/ru\/#\/schema\/logo\/image\/"}},{"@type":"Person","@id":"https:\/\/dementsus.ee\/ru\/#\/schema\/person\/dd93d64f20e6c5add626937f6b5931ed","name":"Kermo","image":{"@type":"ImageObject","inLanguage":"ru-RU","@id":"https:\/\/dementsus.ee\/ru\/#\/schema\/person\/image\/","url":"https:\/\/secure.gravatar.com\/avatar\/b2f0128e9063b66b5c6e595d8f4c39037d52f729089f1ad5afc34656e1d58a64?s=96&d=mm&r=g","contentUrl":"https:\/\/secure.gravatar.com\/avatar\/b2f0128e9063b66b5c6e595d8f4c39037d52f729089f1ad5afc34656e1d58a64?s=96&d=mm&r=g","caption":"Kermo"},"url":"https:\/\/dementsus.ee\/ru\/author\/kermo\/"}]}},"_links":{"self":[{"href":"https:\/\/dementsus.ee\/ru\/wp-json\/wp\/v2\/posts\/2154","targetHints":{"allow":["GET"]}}],"collection":[{"href":"https:\/\/dementsus.ee\/ru\/wp-json\/wp\/v2\/posts"}],"about":[{"href":"https:\/\/dementsus.ee\/ru\/wp-json\/wp\/v2\/types\/post"}],"author":[{"embeddable":true,"href":"https:\/\/dementsus.ee\/ru\/wp-json\/wp\/v2\/users\/2"}],"replies":[{"embeddable":true,"href":"https:\/\/dementsus.ee\/ru\/wp-json\/wp\/v2\/comments?post=2154"}],"version-history":[{"count":0,"href":"https:\/\/dementsus.ee\/ru\/wp-json\/wp\/v2\/posts\/2154\/revisions"}],"wp:featuredmedia":[{"embeddable":true,"href":"https:\/\/dementsus.ee\/ru\/wp-json\/wp\/v2\/media\/2156"}],"wp:attachment":[{"href":"https:\/\/dementsus.ee\/ru\/wp-json\/wp\/v2\/media?parent=2154"}],"wp:term":[{"taxonomy":"category","embeddable":true,"href":"https:\/\/dementsus.ee\/ru\/wp-json\/wp\/v2\/categories?post=2154"},{"taxonomy":"post_tag","embeddable":true,"href":"https:\/\/dementsus.ee\/ru\/wp-json\/wp\/v2\/tags?post=2154"},{"taxonomy":"autor","embeddable":true,"href":"https:\/\/dementsus.ee\/ru\/wp-json\/wp\/v2\/autor?post=2154"}],"curies":[{"name":"wp","href":"https:\/\/api.w.org\/{rel}","templated":true}]}}