{"id":2562,"date":"2020-07-09T07:56:49","date_gmt":"2020-07-09T07:56:49","guid":{"rendered":"https:\/\/eludementsusega.ee\/?p=2562"},"modified":"2020-07-09T07:56:49","modified_gmt":"2020-07-09T07:56:49","slug":"esimese-poolaasta-eriolukord-kiirendas-virtuaalsete-teenuste-loomist","status":"publish","type":"post","link":"https:\/\/dementsus.ee\/ru\/esimese-poolaasta-eriolukord-kiirendas-virtuaalsete-teenuste-loomist\/","title":{"rendered":"Esimese poolaasta eriolukord kiirendas virtuaalsete teenuste loomist"},"content":{"rendered":"<p><em>Dementsuse Kompetentsikeskuse jaoks t\u00f5i eriolukord vajaduse arendada f\u00fc\u00fcsilises keskkonnas pakutavatele teenustele lisaks virtuaalseid lahendusi \u2013 alustati virtuaalsete tugigruppidega dementsusega inimeste l\u00e4hedastele, \u00e4raj\u00e4\u00e4nud koolituste asemel toimusid esimesed veebiseminarid ning teadmisi dementsusest toodi sihtgrupini kodulehel mugavalt vaadatavate videoloengutena.<\/em><\/p>\n<p><strong><em>\u00dcle Eesti tegutseb 21 dementsusega inimeste l\u00e4hedaste tugigruppi<\/em><\/strong><\/p>\n<p>K\u00e4esoleva aasta alguses avati kolm uut tugigruppi: Viru-Nigula vallas (Kundas), T\u00fcril ja Kohtla-J\u00e4rvel. Tegutsemist j\u00e4tkasid varem loodud tugigrupid Tallinnas (Pirital, N\u00f5mmel, Mustam\u00e4el, Haaberstis ja Lasnam\u00e4el), J\u00f5el\u00e4htmel, Sauel, Keilas, Narvas, Sillam\u00e4el, J\u00f5geval, Tartus, V\u00f5rus, Viljandis, Kuressaares, Haapsalus, P\u00e4rnus ja Raplas. 2020 a. esimesel poolaastal toimus kokku 41 tugigrupi kohtumist (neist 7 virtuaalselt), milles osales 170 inimest. Aprillis ja mais kohtuti Zoomi ja Skype\u00b4i vahendusel, virtuaalsetes tugigruppides osales kokku 18 inimest Eesti erinevatest piirkondadest. Virtuaalne tugigrupp oli heaks v\u00f5imaluseks neile, kes hoolduskoormuse t\u00f5ttu ei ole saanud kodust paariks tunniks \u00e4ra tulla v\u00f5i kelle piirkonnas tugigruppi veel ei ole. Seet\u00f5ttu on plaanis virtuaalse tugigrupiga v\u00e4hemalt kord kuus j\u00e4tkata. Juunis koguneti j\u00e4llegi tavap\u00e4rastes tugigruppides, juulis tugigrupid puhkavad, et augustist j\u00e4lle uue hooga alustada.<\/p>\n<p>Kolme uue tugigrupi avamise eel toimusid seminarid, mille eesm\u00e4rk oli tuua kohalikus kogukonnas kokku sotsiaal- ja tervishoiuvaldkonna spetsialistid ning dementsusega inimeste l\u00e4hedased. Nendel seminaridel osales kokku 61 inimest.<\/p>\n<p><strong><em>Dementsuse info- ja usaldusliini vajatakse igal t\u00f6\u00f6p\u00e4eval<\/em><\/strong><\/p>\n<p>Dementsuse info- ja usaldusliini kaudu vajas esimesel poolaastal n\u00f5ustamist 153 inimest.<\/p>\n<p>Kui 2019. a. eristus selgelt, et k\u00f5ige rohkem tehti infoliinile k\u00f5nesid esmasp\u00e4eviti (aasta jooksul 99 k\u00f5net) ja reedeti oli k\u00f5ige v\u00e4hem helistajaid (aasta jooksul 57), siis 2020. a. esimesel poolaastal oli n\u00e4dalap\u00e4eviti helistajaid peaaegu v\u00f5rdselt, veidi v\u00e4hem helistajaid on olnud ainult teisip\u00e4eviti.<\/p>\n<p>Inimesed on avastanud ka selle, et kolmap\u00e4eviti on infoliin avatud kella 16.00-20.00 ehk paljudel on mugavam infoliinile helistada t\u00f6\u00f6v\u00e4lisel ajal.<\/p>\n<p>Sel aastal on keskmiseks k\u00f5ne kestuseks olnud 14 minutit 45 sekundit (2019. a teisel poolaastal oli see 11 minutit ja 29 sekundit).<\/p>\n<p>Sarnaselt eelmise aastaga on k\u00f5ige levinumad teemad, millega infoliini poole p\u00f6\u00f6rdutakse, haigusega toimetulek, diagnoosimisega seotud k\u00fcsimused ja \u00fcldised k\u00fcsimused dementsusest. Palju on tuntud huvi hooldekodude ja \u00f5endusabi kliinikute kohta, kohalike omavalitsuste, sotsiaalkindlustusameti ja haigekassa poolt pakutavate toetavate teenuste kohta ning p\u00f6\u00f6rdutud on ka juriidiliste k\u00fcsimustega, mis puudutavad puude vormistamist ja eestkoste seadmist.<\/p>\n<p><strong><em>Veebi vahendusel osutati ka muid teenuseid <\/em><\/strong><\/p>\n<p>Ekspertn\u00f5ustamisteenust osutati esimesel poolaastal 28 isikule. Ekspertn\u00f5ustamine on eelk\u00f5ige m\u00f5eldud spetsialistidele, kes vajavad abi ja n\u00f5u dementsusega inimesele sobiliku keskkonna kohandamisel ja sobilike teenuste valikul. Keerulisemate olukordade lahendamiseks sai personaalset n\u00f5ustamist 77 inimest, esmakordselt n\u00f5ustati peresid ka Zoomi vahendusel.<\/p>\n<p>Mai keskel toimus esimene vebinar kliinilistele ps\u00fchholoogidele kerge kognitiivse h\u00e4ire diagnoosimise teemal. Juunis toimus veebiseminar tervishoiu- ja sotsiaalhoolekande valdkonna spetsialistidele ning dementsusega inimeste l\u00e4hedastele, vebinaril r\u00e4\u00e4giti dementsusest ja jagati \u00f5petusi, kuidas dementsusega inimesega paremini suhelda. Veebiseminari j\u00e4lgis 144 inimest.<\/p>\n<p>Esimesel poolaastal on v\u00e4lja t\u00f6\u00f6tatud dementsuses\u00f5braliku asutuse m\u00e4rgise taotlemise kriteeriumid, taotlusprotsess on planeeritud hoolekandeasutustele avada augustis. Samuti on tehtud ettevalmistusi Dementsuse S\u00f5prade liikumise alustamiseks septembris.<\/p>\n<p>Sellel aastal on ilmunud esimene ajakiri \u201eElu Dementsusega\u201c, jaanuaris ilmus tr\u00fckist ka raamat \u201eAlzheimeri t\u00f5bi sinu l\u00e4hedasel\u201c (autorid \u00dc. Linnam\u00e4gi ja M. Varik). Poolaasta l\u00f5pus tr\u00fckiti nii eesti- kui ka venekeelsena voldik \u201eTugigrupid dementsusega inimese l\u00e4hedasele\u201c.<\/p>\n<p>Mais ja juunis filmiti esimesed videoloengud (suhtlemistehnikad dementsusega inimesega, Alzheimeri t\u00f5ve ennetamine, s\u00fcmptomid ja tablettravi), neid saab vaadata kodulehe <a href=\"http:\/\/www.eludementsusega.ee\">www.eludementsusega.ee<\/a> kaudu.<\/p>\n","protected":false},"excerpt":{"rendered":"<p>Dementsuse Kompetentsikeskuse jaoks t\u00f5i eriolukord vajaduse arendada f\u00fc\u00fcsilises keskkonnas pakutavatele teenustele lisaks virtuaalseid lahendusi \u2013 alustati virtuaalsete tugigruppidega dementsusega inimeste l\u00e4hedastele, \u00e4raj\u00e4\u00e4nud koolituste asemel toimusid esimesed veebiseminarid ning teadmisi dementsusest toodi sihtgrupini kodulehel mugavalt vaadatavate videoloengutena. \u00dcle Eesti tegutseb 21 dementsusega inimeste l\u00e4hedaste tugigruppi K\u00e4esoleva aasta alguses avati kolm uut tugigruppi: Viru-Nigula vallas (Kundas), T\u00fcril [&hellip;]<\/p>\n","protected":false},"author":2,"featured_media":812,"comment_status":"open","ping_status":"open","sticky":false,"template":"","format":"standard","meta":{"footnotes":""},"categories":[1],"tags":[],"autor":[],"class_list":["post-2562","post","type-post","status-publish","format-standard","has-post-thumbnail","hentry","category-maaratlemata"],"yoast_head":"<!-- This site is optimized with the Yoast SEO plugin v26.2 - https:\/\/yoast.com\/wordpress\/plugins\/seo\/ -->\n<title>Esimese poolaasta eriolukord kiirendas virtuaalsete teenuste loomist - Dementsuse Kompetentsikeskus<\/title>\n<meta name=\"robots\" content=\"index, follow, max-snippet:-1, max-image-preview:large, max-video-preview:-1\" \/>\n<link rel=\"canonical\" href=\"https:\/\/dementsus.ee\/ru\/esimese-poolaasta-eriolukord-kiirendas-virtuaalsete-teenuste-loomist\/\" \/>\n<meta property=\"og:locale\" content=\"ru_RU\" \/>\n<meta property=\"og:type\" content=\"article\" \/>\n<meta property=\"og:title\" content=\"Esimese poolaasta eriolukord kiirendas virtuaalsete teenuste loomist - Dementsuse Kompetentsikeskus\" \/>\n<meta property=\"og:description\" content=\"Dementsuse Kompetentsikeskuse jaoks t\u00f5i eriolukord vajaduse arendada f\u00fc\u00fcsilises keskkonnas pakutavatele teenustele lisaks virtuaalseid lahendusi \u2013 alustati virtuaalsete tugigruppidega dementsusega inimeste l\u00e4hedastele, \u00e4raj\u00e4\u00e4nud koolituste asemel toimusid esimesed veebiseminarid ning teadmisi dementsusest toodi sihtgrupini kodulehel mugavalt vaadatavate videoloengutena. \u00dcle Eesti tegutseb 21 dementsusega inimeste l\u00e4hedaste tugigruppi K\u00e4esoleva aasta alguses avati kolm uut tugigruppi: Viru-Nigula vallas (Kundas), T\u00fcril [&hellip;]\" \/>\n<meta property=\"og:url\" content=\"https:\/\/dementsus.ee\/ru\/esimese-poolaasta-eriolukord-kiirendas-virtuaalsete-teenuste-loomist\/\" \/>\n<meta property=\"og:site_name\" content=\"Dementsuse Kompetentsikeskus\" \/>\n<meta property=\"article:published_time\" content=\"2020-07-09T07:56:49+00:00\" \/>\n<meta property=\"og:image\" content=\"https:\/\/dementsus.ee\/wp-content\/uploads\/2019\/07\/featured_image.jpg\" \/>\n\t<meta property=\"og:image:width\" content=\"920\" \/>\n\t<meta property=\"og:image:height\" content=\"620\" \/>\n\t<meta property=\"og:image:type\" content=\"image\/jpeg\" \/>\n<meta name=\"author\" content=\"Kermo\" \/>\n<meta name=\"twitter:card\" content=\"summary_large_image\" \/>\n<meta name=\"twitter:label1\" content=\"\u041d\u0430\u043f\u0438\u0441\u0430\u043d\u043e \u0430\u0432\u0442\u043e\u0440\u043e\u043c\" \/>\n\t<meta name=\"twitter:data1\" content=\"Kermo\" \/>\n\t<meta name=\"twitter:label2\" content=\"\u041f\u0440\u0438\u043c\u0435\u0440\u043d\u043e\u0435 \u0432\u0440\u0435\u043c\u044f \u0434\u043b\u044f \u0447\u0442\u0435\u043d\u0438\u044f\" \/>\n\t<meta name=\"twitter:data2\" content=\"3 \u043c\u0438\u043d\u0443\u0442\u044b\" \/>\n<script type=\"application\/ld+json\" class=\"yoast-schema-graph\">{\"@context\":\"https:\/\/schema.org\",\"@graph\":[{\"@type\":\"Article\",\"@id\":\"https:\/\/dementsus.ee\/ru\/esimese-poolaasta-eriolukord-kiirendas-virtuaalsete-teenuste-loomist\/#article\",\"isPartOf\":{\"@id\":\"https:\/\/dementsus.ee\/ru\/esimese-poolaasta-eriolukord-kiirendas-virtuaalsete-teenuste-loomist\/\"},\"author\":{\"name\":\"Kermo\",\"@id\":\"https:\/\/dementsus.ee\/ru\/#\/schema\/person\/dd93d64f20e6c5add626937f6b5931ed\"},\"headline\":\"Esimese poolaasta eriolukord kiirendas virtuaalsete teenuste loomist\",\"datePublished\":\"2020-07-09T07:56:49+00:00\",\"mainEntityOfPage\":{\"@id\":\"https:\/\/dementsus.ee\/ru\/esimese-poolaasta-eriolukord-kiirendas-virtuaalsete-teenuste-loomist\/\"},\"wordCount\":578,\"commentCount\":0,\"publisher\":{\"@id\":\"https:\/\/dementsus.ee\/ru\/#organization\"},\"image\":{\"@id\":\"https:\/\/dementsus.ee\/ru\/esimese-poolaasta-eriolukord-kiirendas-virtuaalsete-teenuste-loomist\/#primaryimage\"},\"thumbnailUrl\":\"https:\/\/dementsus.ee\/wp-content\/uploads\/2019\/07\/featured_image.jpg\",\"articleSection\":[\"M\u00e4\u00e4ratlemata\"],\"inLanguage\":\"ru-RU\"},{\"@type\":\"WebPage\",\"@id\":\"https:\/\/dementsus.ee\/ru\/esimese-poolaasta-eriolukord-kiirendas-virtuaalsete-teenuste-loomist\/\",\"url\":\"https:\/\/dementsus.ee\/ru\/esimese-poolaasta-eriolukord-kiirendas-virtuaalsete-teenuste-loomist\/\",\"name\":\"Esimese poolaasta eriolukord kiirendas virtuaalsete teenuste loomist - Dementsuse Kompetentsikeskus\",\"isPartOf\":{\"@id\":\"https:\/\/dementsus.ee\/ru\/#website\"},\"primaryImageOfPage\":{\"@id\":\"https:\/\/dementsus.ee\/ru\/esimese-poolaasta-eriolukord-kiirendas-virtuaalsete-teenuste-loomist\/#primaryimage\"},\"image\":{\"@id\":\"https:\/\/dementsus.ee\/ru\/esimese-poolaasta-eriolukord-kiirendas-virtuaalsete-teenuste-loomist\/#primaryimage\"},\"thumbnailUrl\":\"https:\/\/dementsus.ee\/wp-content\/uploads\/2019\/07\/featured_image.jpg\",\"datePublished\":\"2020-07-09T07:56:49+00:00\",\"breadcrumb\":{\"@id\":\"https:\/\/dementsus.ee\/ru\/esimese-poolaasta-eriolukord-kiirendas-virtuaalsete-teenuste-loomist\/#breadcrumb\"},\"inLanguage\":\"ru-RU\",\"potentialAction\":[{\"@type\":\"ReadAction\",\"target\":[\"https:\/\/dementsus.ee\/ru\/esimese-poolaasta-eriolukord-kiirendas-virtuaalsete-teenuste-loomist\/\"]}]},{\"@type\":\"ImageObject\",\"inLanguage\":\"ru-RU\",\"@id\":\"https:\/\/dementsus.ee\/ru\/esimese-poolaasta-eriolukord-kiirendas-virtuaalsete-teenuste-loomist\/#primaryimage\",\"url\":\"https:\/\/dementsus.ee\/wp-content\/uploads\/2019\/07\/featured_image.jpg\",\"contentUrl\":\"https:\/\/dementsus.ee\/wp-content\/uploads\/2019\/07\/featured_image.jpg\",\"width\":920,\"height\":620},{\"@type\":\"BreadcrumbList\",\"@id\":\"https:\/\/dementsus.ee\/ru\/esimese-poolaasta-eriolukord-kiirendas-virtuaalsete-teenuste-loomist\/#breadcrumb\",\"itemListElement\":[{\"@type\":\"ListItem\",\"position\":1,\"name\":\"Esileht\",\"item\":\"https:\/\/dementsus.ee\/ru\/\"},{\"@type\":\"ListItem\",\"position\":2,\"name\":\"Esimese poolaasta eriolukord kiirendas virtuaalsete teenuste loomist\"}]},{\"@type\":\"WebSite\",\"@id\":\"https:\/\/dementsus.ee\/ru\/#website\",\"url\":\"https:\/\/dementsus.ee\/ru\/\",\"name\":\"Dementsuse Kompetentsikeskus\",\"description\":\"dementsuse info ja abi\",\"publisher\":{\"@id\":\"https:\/\/dementsus.ee\/ru\/#organization\"},\"potentialAction\":[{\"@type\":\"SearchAction\",\"target\":{\"@type\":\"EntryPoint\",\"urlTemplate\":\"https:\/\/dementsus.ee\/ru\/?s={search_term_string}\"},\"query-input\":{\"@type\":\"PropertyValueSpecification\",\"valueRequired\":true,\"valueName\":\"search_term_string\"}}],\"inLanguage\":\"ru-RU\"},{\"@type\":\"Organization\",\"@id\":\"https:\/\/dementsus.ee\/ru\/#organization\",\"name\":\"Dementsuse Kompetentsikeskus\",\"url\":\"https:\/\/dementsus.ee\/ru\/\",\"logo\":{\"@type\":\"ImageObject\",\"inLanguage\":\"ru-RU\",\"@id\":\"https:\/\/dementsus.ee\/ru\/#\/schema\/logo\/image\/\",\"url\":\"https:\/\/dementsus.ee\/wp-content\/uploads\/2023\/07\/ED_logo_kodukale.svg\",\"contentUrl\":\"https:\/\/dementsus.ee\/wp-content\/uploads\/2023\/07\/ED_logo_kodukale.svg\",\"caption\":\"Dementsuse Kompetentsikeskus\"},\"image\":{\"@id\":\"https:\/\/dementsus.ee\/ru\/#\/schema\/logo\/image\/\"}},{\"@type\":\"Person\",\"@id\":\"https:\/\/dementsus.ee\/ru\/#\/schema\/person\/dd93d64f20e6c5add626937f6b5931ed\",\"name\":\"Kermo\",\"image\":{\"@type\":\"ImageObject\",\"inLanguage\":\"ru-RU\",\"@id\":\"https:\/\/dementsus.ee\/ru\/#\/schema\/person\/image\/\",\"url\":\"https:\/\/secure.gravatar.com\/avatar\/b2f0128e9063b66b5c6e595d8f4c39037d52f729089f1ad5afc34656e1d58a64?s=96&d=mm&r=g\",\"contentUrl\":\"https:\/\/secure.gravatar.com\/avatar\/b2f0128e9063b66b5c6e595d8f4c39037d52f729089f1ad5afc34656e1d58a64?s=96&d=mm&r=g\",\"caption\":\"Kermo\"},\"url\":\"https:\/\/dementsus.ee\/ru\/author\/kermo\/\"}]}<\/script>\n<!-- \/ Yoast SEO plugin. -->","yoast_head_json":{"title":"Esimese poolaasta eriolukord kiirendas virtuaalsete teenuste loomist - Dementsuse Kompetentsikeskus","robots":{"index":"index","follow":"follow","max-snippet":"max-snippet:-1","max-image-preview":"max-image-preview:large","max-video-preview":"max-video-preview:-1"},"canonical":"https:\/\/dementsus.ee\/ru\/esimese-poolaasta-eriolukord-kiirendas-virtuaalsete-teenuste-loomist\/","og_locale":"ru_RU","og_type":"article","og_title":"Esimese poolaasta eriolukord kiirendas virtuaalsete teenuste loomist - Dementsuse Kompetentsikeskus","og_description":"Dementsuse Kompetentsikeskuse jaoks t\u00f5i eriolukord vajaduse arendada f\u00fc\u00fcsilises keskkonnas pakutavatele teenustele lisaks virtuaalseid lahendusi \u2013 alustati virtuaalsete tugigruppidega dementsusega inimeste l\u00e4hedastele, \u00e4raj\u00e4\u00e4nud koolituste asemel toimusid esimesed veebiseminarid ning teadmisi dementsusest toodi sihtgrupini kodulehel mugavalt vaadatavate videoloengutena. \u00dcle Eesti tegutseb 21 dementsusega inimeste l\u00e4hedaste tugigruppi K\u00e4esoleva aasta alguses avati kolm uut tugigruppi: Viru-Nigula vallas (Kundas), T\u00fcril [&hellip;]","og_url":"https:\/\/dementsus.ee\/ru\/esimese-poolaasta-eriolukord-kiirendas-virtuaalsete-teenuste-loomist\/","og_site_name":"Dementsuse Kompetentsikeskus","article_published_time":"2020-07-09T07:56:49+00:00","og_image":[{"width":920,"height":620,"url":"https:\/\/dementsus.ee\/wp-content\/uploads\/2019\/07\/featured_image.jpg","type":"image\/jpeg"}],"author":"Kermo","twitter_card":"summary_large_image","twitter_misc":{"\u041d\u0430\u043f\u0438\u0441\u0430\u043d\u043e \u0430\u0432\u0442\u043e\u0440\u043e\u043c":"Kermo","\u041f\u0440\u0438\u043c\u0435\u0440\u043d\u043e\u0435 \u0432\u0440\u0435\u043c\u044f \u0434\u043b\u044f \u0447\u0442\u0435\u043d\u0438\u044f":"3 \u043c\u0438\u043d\u0443\u0442\u044b"},"schema":{"@context":"https:\/\/schema.org","@graph":[{"@type":"Article","@id":"https:\/\/dementsus.ee\/ru\/esimese-poolaasta-eriolukord-kiirendas-virtuaalsete-teenuste-loomist\/#article","isPartOf":{"@id":"https:\/\/dementsus.ee\/ru\/esimese-poolaasta-eriolukord-kiirendas-virtuaalsete-teenuste-loomist\/"},"author":{"name":"Kermo","@id":"https:\/\/dementsus.ee\/ru\/#\/schema\/person\/dd93d64f20e6c5add626937f6b5931ed"},"headline":"Esimese poolaasta eriolukord kiirendas virtuaalsete teenuste loomist","datePublished":"2020-07-09T07:56:49+00:00","mainEntityOfPage":{"@id":"https:\/\/dementsus.ee\/ru\/esimese-poolaasta-eriolukord-kiirendas-virtuaalsete-teenuste-loomist\/"},"wordCount":578,"commentCount":0,"publisher":{"@id":"https:\/\/dementsus.ee\/ru\/#organization"},"image":{"@id":"https:\/\/dementsus.ee\/ru\/esimese-poolaasta-eriolukord-kiirendas-virtuaalsete-teenuste-loomist\/#primaryimage"},"thumbnailUrl":"https:\/\/dementsus.ee\/wp-content\/uploads\/2019\/07\/featured_image.jpg","articleSection":["M\u00e4\u00e4ratlemata"],"inLanguage":"ru-RU"},{"@type":"WebPage","@id":"https:\/\/dementsus.ee\/ru\/esimese-poolaasta-eriolukord-kiirendas-virtuaalsete-teenuste-loomist\/","url":"https:\/\/dementsus.ee\/ru\/esimese-poolaasta-eriolukord-kiirendas-virtuaalsete-teenuste-loomist\/","name":"Esimese poolaasta eriolukord kiirendas virtuaalsete teenuste loomist - Dementsuse Kompetentsikeskus","isPartOf":{"@id":"https:\/\/dementsus.ee\/ru\/#website"},"primaryImageOfPage":{"@id":"https:\/\/dementsus.ee\/ru\/esimese-poolaasta-eriolukord-kiirendas-virtuaalsete-teenuste-loomist\/#primaryimage"},"image":{"@id":"https:\/\/dementsus.ee\/ru\/esimese-poolaasta-eriolukord-kiirendas-virtuaalsete-teenuste-loomist\/#primaryimage"},"thumbnailUrl":"https:\/\/dementsus.ee\/wp-content\/uploads\/2019\/07\/featured_image.jpg","datePublished":"2020-07-09T07:56:49+00:00","breadcrumb":{"@id":"https:\/\/dementsus.ee\/ru\/esimese-poolaasta-eriolukord-kiirendas-virtuaalsete-teenuste-loomist\/#breadcrumb"},"inLanguage":"ru-RU","potentialAction":[{"@type":"ReadAction","target":["https:\/\/dementsus.ee\/ru\/esimese-poolaasta-eriolukord-kiirendas-virtuaalsete-teenuste-loomist\/"]}]},{"@type":"ImageObject","inLanguage":"ru-RU","@id":"https:\/\/dementsus.ee\/ru\/esimese-poolaasta-eriolukord-kiirendas-virtuaalsete-teenuste-loomist\/#primaryimage","url":"https:\/\/dementsus.ee\/wp-content\/uploads\/2019\/07\/featured_image.jpg","contentUrl":"https:\/\/dementsus.ee\/wp-content\/uploads\/2019\/07\/featured_image.jpg","width":920,"height":620},{"@type":"BreadcrumbList","@id":"https:\/\/dementsus.ee\/ru\/esimese-poolaasta-eriolukord-kiirendas-virtuaalsete-teenuste-loomist\/#breadcrumb","itemListElement":[{"@type":"ListItem","position":1,"name":"Esileht","item":"https:\/\/dementsus.ee\/ru\/"},{"@type":"ListItem","position":2,"name":"Esimese poolaasta eriolukord kiirendas virtuaalsete teenuste loomist"}]},{"@type":"WebSite","@id":"https:\/\/dementsus.ee\/ru\/#website","url":"https:\/\/dementsus.ee\/ru\/","name":"Dementsuse Kompetentsikeskus","description":"dementsuse info ja abi","publisher":{"@id":"https:\/\/dementsus.ee\/ru\/#organization"},"potentialAction":[{"@type":"SearchAction","target":{"@type":"EntryPoint","urlTemplate":"https:\/\/dementsus.ee\/ru\/?s={search_term_string}"},"query-input":{"@type":"PropertyValueSpecification","valueRequired":true,"valueName":"search_term_string"}}],"inLanguage":"ru-RU"},{"@type":"Organization","@id":"https:\/\/dementsus.ee\/ru\/#organization","name":"Dementsuse Kompetentsikeskus","url":"https:\/\/dementsus.ee\/ru\/","logo":{"@type":"ImageObject","inLanguage":"ru-RU","@id":"https:\/\/dementsus.ee\/ru\/#\/schema\/logo\/image\/","url":"https:\/\/dementsus.ee\/wp-content\/uploads\/2023\/07\/ED_logo_kodukale.svg","contentUrl":"https:\/\/dementsus.ee\/wp-content\/uploads\/2023\/07\/ED_logo_kodukale.svg","caption":"Dementsuse Kompetentsikeskus"},"image":{"@id":"https:\/\/dementsus.ee\/ru\/#\/schema\/logo\/image\/"}},{"@type":"Person","@id":"https:\/\/dementsus.ee\/ru\/#\/schema\/person\/dd93d64f20e6c5add626937f6b5931ed","name":"Kermo","image":{"@type":"ImageObject","inLanguage":"ru-RU","@id":"https:\/\/dementsus.ee\/ru\/#\/schema\/person\/image\/","url":"https:\/\/secure.gravatar.com\/avatar\/b2f0128e9063b66b5c6e595d8f4c39037d52f729089f1ad5afc34656e1d58a64?s=96&d=mm&r=g","contentUrl":"https:\/\/secure.gravatar.com\/avatar\/b2f0128e9063b66b5c6e595d8f4c39037d52f729089f1ad5afc34656e1d58a64?s=96&d=mm&r=g","caption":"Kermo"},"url":"https:\/\/dementsus.ee\/ru\/author\/kermo\/"}]}},"_links":{"self":[{"href":"https:\/\/dementsus.ee\/ru\/wp-json\/wp\/v2\/posts\/2562","targetHints":{"allow":["GET"]}}],"collection":[{"href":"https:\/\/dementsus.ee\/ru\/wp-json\/wp\/v2\/posts"}],"about":[{"href":"https:\/\/dementsus.ee\/ru\/wp-json\/wp\/v2\/types\/post"}],"author":[{"embeddable":true,"href":"https:\/\/dementsus.ee\/ru\/wp-json\/wp\/v2\/users\/2"}],"replies":[{"embeddable":true,"href":"https:\/\/dementsus.ee\/ru\/wp-json\/wp\/v2\/comments?post=2562"}],"version-history":[{"count":0,"href":"https:\/\/dementsus.ee\/ru\/wp-json\/wp\/v2\/posts\/2562\/revisions"}],"wp:featuredmedia":[{"embeddable":true,"href":"https:\/\/dementsus.ee\/ru\/wp-json\/wp\/v2\/media\/812"}],"wp:attachment":[{"href":"https:\/\/dementsus.ee\/ru\/wp-json\/wp\/v2\/media?parent=2562"}],"wp:term":[{"taxonomy":"category","embeddable":true,"href":"https:\/\/dementsus.ee\/ru\/wp-json\/wp\/v2\/categories?post=2562"},{"taxonomy":"post_tag","embeddable":true,"href":"https:\/\/dementsus.ee\/ru\/wp-json\/wp\/v2\/tags?post=2562"},{"taxonomy":"autor","embeddable":true,"href":"https:\/\/dementsus.ee\/ru\/wp-json\/wp\/v2\/autor?post=2562"}],"curies":[{"name":"wp","href":"https:\/\/api.w.org\/{rel}","templated":true}]}}