{"id":3001,"date":"2020-10-28T10:37:59","date_gmt":"2020-10-28T10:37:59","guid":{"rendered":"https:\/\/eludementsusega.ee\/?p=3001"},"modified":"2020-10-28T10:37:59","modified_gmt":"2020-10-28T10:37:59","slug":"alzheimeri-konverents-keskendus-dementsusele-muutuvas-maailmas","status":"publish","type":"post","link":"https:\/\/dementsus.ee\/ru\/alzheimeri-konverents-keskendus-dementsusele-muutuvas-maailmas\/","title":{"rendered":"Euroopa olulisim Alzheimeri konverents keskendus dementsusele muutuvas maailmas"},"content":{"rendered":"<p>20.-22. oktoobrini toimus kolmek\u00fcmnes <a href=\"https:\/\/www.alzheimer-europe.org\/Conferences\/30AEC-2020\" target=\"_blank\" rel=\"noopener noreferrer\">Euroopa Alzheimeri konverents \u201eDementsus muutuvas maailmas\u201c<\/a>, mis t\u00f5i virtuaalselt kokku 800 osalejat 42 riigist. \u00a0L\u00e4biva teemana erinevatel plenaariumitel, \u00fcmarlaua aruteludel ja sessioonidel oli COVID-19 pandeemia, mis on dementsusega inimeste ja nende perede isolatsiooni veelgi suurendanud, samas toonud esile ka tehnoloogiate kiire arenguvajaduse. Koroonaviiruse pandeemia on v\u00e4hendanud riikide panust dementsusealastesse uuringutesse, mille tulemusena on neid v\u00e4hendatud v\u00f5i \u00fcldse katkestatud.<\/p>\n<p><em>V\u00e4rvin huuled punaseks, l\u00e4hen koeraga jalutama ja naudin p\u00e4eva <\/em><\/p>\n<p>Euroopa Alzheimeri konverentsil on alati olnud oluline roll dementsusega inimestel, kes esinedes toovad esile vahetud emotsioonid ja vajadused elust dementsusega. Iirlane Helen Rochford-Brennan, kes on juhtinud 6 aastat Euroopa Dementsusega Inimeste T\u00f6\u00f6gruppi (<a href=\"https:\/\/www.alzheimer-europe.org\/Alzheimer-Europe\/Who-we-are\/European-Working-Group-of-People-with-Dementia\" target=\"_blank\" rel=\"noopener noreferrer\">European Working Group of People with Dementia<\/a>), \u00fctles, et \u201edementsusega elavate inimeste inim\u00f5igusi j\u00e4tkuvalt eiratakse, nende h\u00e4\u00e4lt ei v\u00f5eta kuulda. Teame, et pandeemia on dementsusega inimesi puudutanud v\u00e4ga palju: oleme isoleeritud oma kodudesse, sureme hooldekodudes ning ei saa olla koos s\u00f5prade ja perega.\u201c Helen p\u00f6\u00f6rdus osalejate poole sooviga p\u00fc\u00fcda tulevikus teha k\u00f5ik, et sellist situatsiooni enam ei tekiks \u2013 pandeemia ei tohi peatada dementsusealast teavitust\u00f6\u00f6d ning uuringuid ja t\u00f5endusp\u00f5histe strateegiate elluviimist. \u00a0Helen \u00fctles, et loodab, et konverents motiveerib inimesi aktiivsemalt tegutsema, kaasates isolatsioonis dementsusega inimesi uuringutesse ja poliitikasse. \u201eOle see, kes k\u00fcsib, et kuidas ma saan aidata \u2013 ja siis tegutse,\u201c soovitas Helen.\u00a0 Positiivset vaadet julgustas Helen n\u00e4itega enda pandeemiaaegsest elust: \u201etundsin ennast \u00fcksiku ja isoleerituna ning kaotasin suuna. Siis aga kohanesin. N\u00fc\u00fcd v\u00e4rvin huuled punaseks, l\u00e4hen koeraga jalutama ja naudin p\u00e4eva. Pandeemia ajal olen \u00fcletanud selle piiri, et julgen alustada \u00f5ues mulle v\u00f5\u00f5raste inimestega vestlust. P\u00f5hiline kohanemise strateegia, mida saan soovitada, on see, et ole aktiivne, suhtle, kasutades selleks erinevaid v\u00f5imalusi (\u00f5ues, telefoni teel, veebis),\u201c selgitas Helen Rochford-Brennan.<\/p>\n<p><em>Dementsus muutuvas maailmas<\/em><\/p>\n<p>Hooldekodudes on dementsusega inimeste surmade p\u00f5hjustajaks COVID-19 \u00a029-75 protsenti k\u00f5ikidest surmajuhtumistest (statistika on saadud 9-Euroopa riigi andmete p\u00f5hjal). Pandeemia t\u00f5ttu on kiiresti vaja juhendeid ja uusi t\u00f6\u00f6riistu, et aidata spetsialistidel ja asutustel t\u00e4ita pandeemiast tingitud dementsusega inimeste vajadusi ja ootusi. Pandeemia olukorras vajavad erilist t\u00e4helepanu dementsusega inimeste \u00f5igused, tervis ja elukvaliteet. Tehnoloogia v\u00f5ib aidata k\u00fcll leevendada suhtlust isolatsioonis, kuid tihtipeale dementsusega inimene haiguse viimastes faasides ei suuda enam s\u00f5nadega suhelda ning suhtlemine on v\u00f5imalik ainult puudutuste ja kohaloluga.<\/p>\n<p>Esimese konverentsip\u00e4eva \u00fcmarlaua arutelul juhiti t\u00e4helepanu sellele, et pandeemia t\u00f5ttu on mitmed teaduslikud (sh kliinilised) uuringud saanud kannatada suletud laborite ja teadlaste piiratud t\u00f6\u00f6v\u00f5imaluste t\u00f5ttu. Kliinilisi uuringuid on v\u00e4hendatud v\u00f5i \u00fcldse teadmata ajaks seisma pandud, selle tagaj\u00e4rjel kannatab andmekvaliteet. Samuti on olnud reisimispiirangute t\u00f5ttu keeruline kaasata patsienti f\u00fc\u00fcsilistele kohtumistele, mis paljude uuringute puhul on vajalikud.<\/p>\n<p>Pandeemial on suur m\u00f5ju kliiniliste uuringute l\u00e4biviimisele (tavap\u00e4raselt neid enam l\u00e4bi viia ei saa) ning m\u00f5jutatud on kogu praegune teadlaste p\u00f5lvkond \u2013 n\u00e4iteks on stipendiumite jagamine peatatud, kuna uuringuid on peatatud v\u00f5i v\u00e4hendatud.<\/p>\n<p><em>Esimeste raviv\u00f5imalusteni loodetakse j\u00f5uda 2-5 aasta jooksul<\/em><\/p>\n<p>Teise konverentsip\u00e4eva \u00fcheks olulisemaks teemaks oli dementsuse diagnoosimine ja ravi. Prantsuse M\u00e4lukeskuste F\u00f6deratsiooni (<em>the French Federation of Memory Centres<\/em>) president Pierre Krolak-Salmon r\u00e4\u00e4kis diagnoosimisest ja sellej\u00e4rgsest toest, tehes seda erinevate Euroopa Liidu liikmesriikide \u00fchise tegevusprogrammi <a href=\"https:\/\/www.actondementia.eu\/\" target=\"_blank\" rel=\"noopener noreferrer\">&#171;European Joint Action on Dementia<\/a>\u201c p\u00f5hjal. Pierre Krolak-Salmon t\u00f5des, et kogu Euroopas on dementsus j\u00e4tkuvalt esmatasandi poolt aladiagnoositud ning soovitas projekti poolt loodud uusi koolitusprogramme, mis aitavad esmatasandit diagnoosimisel. Iga Euroopa riik v\u00f5ib kasutada \u201eJoint Actioni\u201c uut astmelist ja personaliseeritud diagnoosimise strateegiat.<\/p>\n<p>Neuroloog Edo Richard \u00fctles, et r\u00e4\u00e4kides diagnoosimisest \u201eei tohi unustada, et \u00f5igeaegne diagnoosimine ei ole alati s\u00fcnon\u00fc\u00fcmiks varajasele diagnoosimisele.\u201c Tema esitlus biomarkerist l\u00e4htuvast Alzheimeri t\u00f5ve diagnoosimisest t\u00f5i esile, et h\u00e4gustub konkreetne joon terve ja haige vahel. Diagnostiline t\u00f5en\u00e4osus tekitab eetilisi dilemmasid \u2013 mida patsiendile r\u00e4\u00e4kida ja kas \u00fcldse diagnoosida? Inimeste eluiga t\u00f5useb ja t\u00f5de on, et vanusega on am\u00fcloidi ajus rohkem, aga see ei pruugi dementsuseks areneda. V\u00e4hiravi areng v\u00f5ttis ka 20-30 aastat aega et tulemusteni j\u00f5uda nagu n\u00fc\u00fcd on selleks kulunud dementsuseravi uuringutele ja tulemusteni. Eeldatavalt on esimesed t\u00f5endusp\u00f5hised raviv\u00f5imalused k\u00e4ttesaadavad j\u00e4rgmise 2-5 aasta jooksul.<\/p>\n<p>Kolmas plenaarsessioonil esineja, Simon Lovestone, tutvustas Alzheimeri farmakoloogilise ravi tulemusi viimaste aastate jooksul. \u201eTeraapiate arendamine on v\u00e4ljakutset esitav mitmest aspektist\u201c, \u00fctles ta. \u201eAju on k\u00f5ige v\u00e4hem m\u00f5istetud organ ja haigus on olemuselt keeruline.\u201c\u00a0 Simon t\u00f5des, et kuigi kliinilised uuringud ei ole andnud haigust modifitseerivat ravimit, on aastatepikkuse uurimist\u00f6\u00f6ga saadud tohutuid teadmisi ja k\u00e4imas on paljulubavad tegevused ravi saavutamiseks ning on vaid aja k\u00fcsimus, kui n\u00e4eme teraapiaid, mis peatavad haiguse alguses selle kiiret kulgu ja progresseerumist. Biomarkeritega tehakse kindlaks tau ja am\u00fcloid inimese ajus ning seep\u00e4rast saab \u00f5igeid inimesi \u00f5iges kliinilises uuringus kasutada. Varem ei teatud kellele ja mis koguses ravimit manustada, n\u00fc\u00fcd ei ole inimeste ja ravimi koguse valik enam juhuslik.<\/p>\n<p>Taani Kopenhaageni \u00dclikooli Dementsusuuringute Keskuse esindaja ja neuroloogiaprofessor Gunhild Waldemar jagas Euroopa Neuroloogia Akadeemia (<em>the new European Academy of Neurology<\/em>, l\u00fchend <em>EAN<\/em>) soovitusi dementsuse meditsiiniliste aspektide kohta. \u00a0Dementsusega inimestel on k\u00f5rgendatud risk infektsioonide, alatoitumuse, uriinipidamatuse ja vedelikupuuduse osas, samuti ravimite k\u00f5rvaltoimed, epileptilised krambid ja neurops\u00fchhiaatrilised s\u00fcmptomid, mida tihtipeale ei m\u00e4rgata. Ravi puudulikkus v\u00f5i tervisliku seisundi ebapiisav juhtimine ja kontrollimine v\u00f5ivad halvendada dementsuse s\u00fcmptomeid ning tekitada inimesele valu, viia ta f\u00fc\u00fcsiliste ja ps\u00fchhiaatriliste s\u00fcmptomiteni, hospitaliseerimiseni v\u00f5i isegi l\u00f5ppeda fataalselt. Uus <em>EAN<\/em> juhend \u201e<a href=\"https:\/\/www.eanpages.org\/2020\/07\/27\/new-ean-guideline-on-medical-management-issues-in-dementia\/\" target=\"_blank\" rel=\"noopener noreferrer\">Dementsuse meditsiiniline juhtimine<\/a>\u201c (<em>Medical management issues on dementia<\/em>) loodi multidistsiplinaarse meeskonna poolt eesm\u00e4rgida aidata arste viiel teemal: dementsusega inimeste tervise regulaarne kontroll; kas ja kuidas ravida raskeid ps\u00fchhiaatrilisi s\u00fcmptomeid antips\u00fchhootikumidega; epilepsia ravi; vaskulaarsed riskid ja valu.<\/p>\n<p>Oluline s\u00f5num diagnoosimise ja ravi juures on see, et dementsus on haigus, mida saab ennetada, diagnoosida ja peagi ka ravida. Dementsus ei ole loomulik vananemine. N\u00f5rk koht dementsuse teema ja poliitiliselt tugevama j\u00f5u saamiseks on see, et dementsusega inimene \u00fcldjuhul ei saa enda eest r\u00e4\u00e4kida nagu n\u00e4iteks onkoloogilised patsiendid on seda teinud.<\/p>\n<p><em>Dementsust kaasavate \u00fchiskondade loomine<\/em><\/p>\n<p>Kolmas konverentsi plenaarium arutles dementsust kaasavate \u00fchiskondade loomise teemal. \u00a0<em>Alzheimer Europe<\/em>\u00b4i projektijuht Dianne Gove t\u00f5i v\u00e4lja, et \u00fcldsuse kaasamine t\u00e4hendab, et kaasatakse dementsusega inimesi kogu uuringu jooksul ning tehakse uuringut koos nendega, mitte neile v\u00f5i nendest. Saksamaa Alzheimeri T\u00f5ve Seltsi (<em>Deutsche Alzheimer Gesellschaft<\/em>) direktor Sabine Jansen jagas kogemusi dementsuses\u00f5bralikest haiglatest. Dementsusega inimestel on haigusest tulenevalt v\u00e4ga keeruline haiglas olla, aidata v\u00f5iks see, et ravi- ja hooldusprotsessi kaasatakse palju enam v\u00f5rreldes tavap\u00e4rasega dementsusega inimese l\u00e4hedasi. \u00a0Sabine Jensen t\u00f5des, et kuigi muudatused on v\u00e4ga vajalikud, siis rahaliste v\u00f5imaluste v\u00e4hesuse t\u00f5ttu ei saa haiglad teha vajaminevaid muudatusi infrastruktuuris ja dementsusega inimeste hoolduses.<\/p>\n<p>\u00dchiskonda dementsuses\u00f5bralikumaks muutvatest n\u00e4idetest r\u00e4\u00e4kis Hollandi Tervise-, heaolu- ja spordiministeeriumi (<em>the Ministry of Health, Welfare and Sport<\/em>) esindaja Jacqueline Hoogendam, \u00f6eldes, et \u201eiga dementsusega inimene on v\u00e4\u00e4rtuslik \u00fchiskonna liige ning dementsusega inimeste soove ja vajadusi tuleb kuulda v\u00f5tta, haigusest olenemata on igal dementsusega inimesel s\u00e4ilinud elu jooksul omandatud oskused. Hollandi dementsusestrateegias ongi \u00fcheks eesm\u00e4rgiks see, et dementsusega inimestele pakutakse v\u00f5imalusi kasutada oskusi ja p\u00e4devusi, mis v\u00f5imaldavad olla t\u00e4isv\u00e4\u00e4rtuslik \u00fchiskonna liige.\u201c<\/p>\n<p><em>Ennetusest ja innovatsioonist<\/em><\/p>\n<p>Viimase konverentsip\u00e4eva keskmes olid teemad uuringutest, ennetusest ja innovatsioonist kliiniliste ja hoolduse praktikateni. Neljandal plenaariumil n\u00e4idati dementsuse levimuse trende ning t\u00f5statati k\u00fcsimus, kas ennetusel on levimusele m\u00f5ju. Dementsus muutub p\u00f5lvkondade kaupa ja elanikkonna sees. T\u00f5endid ennetamistegevuste kohta n\u00e4itavad, et esmane ennetamine kogu elanikkonnas on k\u00f5ige t\u00f5husam strateegia, sealhulgas arvestades iga inimese individuaalset riski ning seda teadlikult v\u00e4hendada. Samas pole t\u00f5endeid selle kohta, et dementsuse s\u00f5eluuringud ja varajane avastamine oleksid praegu t\u00f5husad.<\/p>\n<p>Iirimaa Galway \u00d5dede- ja \u00c4mmaemandate kooli juht professor Dympna Casey tutvustas abitehnoloogiaid ja vaatas, milline roll tehnoloogiatel v\u00f5iks dementsuse juures olla. Seltskondlikud robotid nagu n\u00e4iteks <a href=\"https:\/\/us.aibo.com\/\" target=\"_blank\" rel=\"noopener noreferrer\">AIBO koer<\/a>, <a href=\"http:\/\/www.parorobots.com\/\" target=\"_blank\" rel=\"noopener noreferrer\">PARO h\u00fcljes<\/a> v\u00f5i mitmeteks erinevateks tegevusteks m\u00f5eldud robot <a href=\"http:\/\/www.mario-project.eu\/portal\/\" target=\"_blank\" rel=\"noopener noreferrer\">MARIO<\/a>, on toonud helgeid momente dementsusega inimeste p\u00e4eva ning aidanud v\u00e4hendada dementsusega inimese isoleeritust ja \u00fcksindustunnet, seda eriti pandeemia tingimustes. \u00a0Roboteid kasutades on vaja lisaressurssi, et need t\u00f6\u00f6le panna v\u00f5i neis olevaid funktsioone kasutamiseks vahetada.<\/p>\n<p><em>Dementsus Euroopa prioriteediks<\/em><\/p>\n<p>Viienda plenaariumi ja \u00fcmarlaua teemade keskmes oli dementsus kui Euroopa prioriteet. \u00a0Ameerika \u00dchendriikide Alzheimeri \u00dchingu maailmauuringu programmi esindaja Maria Carrillo \u00fctles, et dementsus peab saama kogu maailma prioriteediks ning uuringute ja teadlaste rahastamine peab j\u00e4tkuma, tagada tuleb uuringutes osalejate turvalisus pandeemia tingimustes. Oluline on investeerida parematesse hoolduse mudelite arendamistesse, rahvatervisesse ja ennetusse.<\/p>\n<p>Ka teised plenaariumis osalejad r\u00f5hutasid, et riiklike strateegiate j\u00e4tkusuutlikkus on oluline ning strateegiatesse tuleb tuleb lisada COVID-19-st tulenevad vajadused \u2013 nii see, et dementsusega inimesed on COVID-19 suhtes k\u00f5rgendatud riskigrupis kui ka see, millised on dementsusega inimestele m\u00f5jud pandeemiast tulenevate piirangute t\u00f5ttu ja kuidas negatiivseid m\u00f5jusid v\u00e4hendada.<\/p>\n<p>Euroopa Komisjoni tervise \u2013 ja toiduohutuse peadirektoraadi esindaja Nicoline Tamsma, juhtis t\u00e4helepanu Euroopa Komisjoni panusele Euroopa Liidu tervishoiu programmi (<em>EU Health Programme<\/em>) kaudu, mis on aidanud parandada dementsuse diagnoosimise ja diagnoosij\u00e4rgse toetuse arendamist, samuti hoolduse koordineerimist, asutushooldust ning dementsuses\u00f5bralike kogukondade arendamist Euroopas. Alates 2014. aastast on Horizon-2020 fondist aju-uuringuid rahastatud 3,17 miljardi (sealhulgas neurodegeneratiivsete haiguste uurimist 683 miljoni) euroga.<\/p>\n<p>K\u00f5ik t\u00f5desid, et dementsusega inimesed ja nende l\u00e4hedased ootavad haigusele samamoodi lahendust nagu seda COVID-19 suhtes oodatakse. COVID-19 lahenduseks tegutsevad riigid kiiresti, samamoodi peaks see olema dementsuse lahenduste loomisel. 2015. aastal olid Alzheimeri t\u00f5vega seotud \u00fclemaailmsed kulud 771,81 miljardit eurot, 2050. aastaks t\u00f5usevad need 7,41 triljonile.<\/p>\n<p>Alzheimer Euroopa j\u00e4rgmise aasta konverents \u201eEhitades sildu\u201c toimub 29. novembrist 1. detsembrini Rumeenia pealinnas Bukarestis.<\/p>\n","protected":false},"excerpt":{"rendered":"<p>20.-22. oktoobrini toimus kolmek\u00fcmnes Euroopa Alzheimeri konverents \u201eDementsus muutuvas maailmas\u201c, mis t\u00f5i virtuaalselt kokku 800 osalejat 42 riigist. \u00a0L\u00e4biva teemana erinevatel plenaariumitel, \u00fcmarlaua aruteludel ja sessioonidel oli COVID-19 pandeemia, mis on dementsusega inimeste ja nende perede isolatsiooni veelgi suurendanud, samas toonud esile ka tehnoloogiate kiire arenguvajaduse. Koroonaviiruse pandeemia on v\u00e4hendanud riikide panust dementsusealastesse uuringutesse, mille [&hellip;]<\/p>\n","protected":false},"author":2,"featured_media":0,"comment_status":"open","ping_status":"open","sticky":false,"template":"","format":"standard","meta":{"footnotes":""},"categories":[1],"tags":[],"autor":[],"class_list":["post-3001","post","type-post","status-publish","format-standard","hentry","category-maaratlemata"],"yoast_head":"<!-- This site is optimized with the Yoast SEO plugin v26.2 - https:\/\/yoast.com\/wordpress\/plugins\/seo\/ -->\n<title>Euroopa olulisim Alzheimeri konverents keskendus dementsusele muutuvas maailmas - Dementsuse Kompetentsikeskus<\/title>\n<meta name=\"robots\" content=\"index, follow, max-snippet:-1, max-image-preview:large, max-video-preview:-1\" \/>\n<link rel=\"canonical\" href=\"https:\/\/dementsus.ee\/ru\/alzheimeri-konverents-keskendus-dementsusele-muutuvas-maailmas\/\" \/>\n<meta property=\"og:locale\" content=\"ru_RU\" \/>\n<meta property=\"og:type\" content=\"article\" \/>\n<meta property=\"og:title\" content=\"Euroopa olulisim Alzheimeri konverents keskendus dementsusele muutuvas maailmas - Dementsuse Kompetentsikeskus\" \/>\n<meta property=\"og:description\" content=\"20.-22. oktoobrini toimus kolmek\u00fcmnes Euroopa Alzheimeri konverents \u201eDementsus muutuvas maailmas\u201c, mis t\u00f5i virtuaalselt kokku 800 osalejat 42 riigist. \u00a0L\u00e4biva teemana erinevatel plenaariumitel, \u00fcmarlaua aruteludel ja sessioonidel oli COVID-19 pandeemia, mis on dementsusega inimeste ja nende perede isolatsiooni veelgi suurendanud, samas toonud esile ka tehnoloogiate kiire arenguvajaduse. Koroonaviiruse pandeemia on v\u00e4hendanud riikide panust dementsusealastesse uuringutesse, mille [&hellip;]\" \/>\n<meta property=\"og:url\" content=\"https:\/\/dementsus.ee\/ru\/alzheimeri-konverents-keskendus-dementsusele-muutuvas-maailmas\/\" \/>\n<meta property=\"og:site_name\" content=\"Dementsuse Kompetentsikeskus\" \/>\n<meta property=\"article:published_time\" content=\"2020-10-28T10:37:59+00:00\" \/>\n<meta name=\"author\" content=\"Kermo\" \/>\n<meta name=\"twitter:card\" content=\"summary_large_image\" \/>\n<meta name=\"twitter:label1\" content=\"\u041d\u0430\u043f\u0438\u0441\u0430\u043d\u043e \u0430\u0432\u0442\u043e\u0440\u043e\u043c\" \/>\n\t<meta name=\"twitter:data1\" content=\"Kermo\" \/>\n\t<meta name=\"twitter:label2\" content=\"\u041f\u0440\u0438\u043c\u0435\u0440\u043d\u043e\u0435 \u0432\u0440\u0435\u043c\u044f \u0434\u043b\u044f \u0447\u0442\u0435\u043d\u0438\u044f\" \/>\n\t<meta name=\"twitter:data2\" content=\"8 \u043c\u0438\u043d\u0443\u0442\" \/>\n<script type=\"application\/ld+json\" class=\"yoast-schema-graph\">{\"@context\":\"https:\/\/schema.org\",\"@graph\":[{\"@type\":\"Article\",\"@id\":\"https:\/\/dementsus.ee\/ru\/alzheimeri-konverents-keskendus-dementsusele-muutuvas-maailmas\/#article\",\"isPartOf\":{\"@id\":\"https:\/\/dementsus.ee\/ru\/alzheimeri-konverents-keskendus-dementsusele-muutuvas-maailmas\/\"},\"author\":{\"name\":\"Kermo\",\"@id\":\"https:\/\/dementsus.ee\/ru\/#\/schema\/person\/dd93d64f20e6c5add626937f6b5931ed\"},\"headline\":\"Euroopa olulisim Alzheimeri konverents keskendus dementsusele muutuvas maailmas\",\"datePublished\":\"2020-10-28T10:37:59+00:00\",\"mainEntityOfPage\":{\"@id\":\"https:\/\/dementsus.ee\/ru\/alzheimeri-konverents-keskendus-dementsusele-muutuvas-maailmas\/\"},\"wordCount\":1630,\"commentCount\":0,\"publisher\":{\"@id\":\"https:\/\/dementsus.ee\/ru\/#organization\"},\"articleSection\":[\"M\u00e4\u00e4ratlemata\"],\"inLanguage\":\"ru-RU\"},{\"@type\":\"WebPage\",\"@id\":\"https:\/\/dementsus.ee\/ru\/alzheimeri-konverents-keskendus-dementsusele-muutuvas-maailmas\/\",\"url\":\"https:\/\/dementsus.ee\/ru\/alzheimeri-konverents-keskendus-dementsusele-muutuvas-maailmas\/\",\"name\":\"Euroopa olulisim Alzheimeri konverents keskendus dementsusele muutuvas maailmas - Dementsuse Kompetentsikeskus\",\"isPartOf\":{\"@id\":\"https:\/\/dementsus.ee\/ru\/#website\"},\"datePublished\":\"2020-10-28T10:37:59+00:00\",\"breadcrumb\":{\"@id\":\"https:\/\/dementsus.ee\/ru\/alzheimeri-konverents-keskendus-dementsusele-muutuvas-maailmas\/#breadcrumb\"},\"inLanguage\":\"ru-RU\",\"potentialAction\":[{\"@type\":\"ReadAction\",\"target\":[\"https:\/\/dementsus.ee\/ru\/alzheimeri-konverents-keskendus-dementsusele-muutuvas-maailmas\/\"]}]},{\"@type\":\"BreadcrumbList\",\"@id\":\"https:\/\/dementsus.ee\/ru\/alzheimeri-konverents-keskendus-dementsusele-muutuvas-maailmas\/#breadcrumb\",\"itemListElement\":[{\"@type\":\"ListItem\",\"position\":1,\"name\":\"Esileht\",\"item\":\"https:\/\/dementsus.ee\/ru\/\"},{\"@type\":\"ListItem\",\"position\":2,\"name\":\"Euroopa olulisim Alzheimeri konverents keskendus dementsusele muutuvas maailmas\"}]},{\"@type\":\"WebSite\",\"@id\":\"https:\/\/dementsus.ee\/ru\/#website\",\"url\":\"https:\/\/dementsus.ee\/ru\/\",\"name\":\"Dementsuse Kompetentsikeskus\",\"description\":\"dementsuse info ja abi\",\"publisher\":{\"@id\":\"https:\/\/dementsus.ee\/ru\/#organization\"},\"potentialAction\":[{\"@type\":\"SearchAction\",\"target\":{\"@type\":\"EntryPoint\",\"urlTemplate\":\"https:\/\/dementsus.ee\/ru\/?s={search_term_string}\"},\"query-input\":{\"@type\":\"PropertyValueSpecification\",\"valueRequired\":true,\"valueName\":\"search_term_string\"}}],\"inLanguage\":\"ru-RU\"},{\"@type\":\"Organization\",\"@id\":\"https:\/\/dementsus.ee\/ru\/#organization\",\"name\":\"Dementsuse Kompetentsikeskus\",\"url\":\"https:\/\/dementsus.ee\/ru\/\",\"logo\":{\"@type\":\"ImageObject\",\"inLanguage\":\"ru-RU\",\"@id\":\"https:\/\/dementsus.ee\/ru\/#\/schema\/logo\/image\/\",\"url\":\"https:\/\/dementsus.ee\/wp-content\/uploads\/2023\/07\/ED_logo_kodukale.svg\",\"contentUrl\":\"https:\/\/dementsus.ee\/wp-content\/uploads\/2023\/07\/ED_logo_kodukale.svg\",\"caption\":\"Dementsuse Kompetentsikeskus\"},\"image\":{\"@id\":\"https:\/\/dementsus.ee\/ru\/#\/schema\/logo\/image\/\"}},{\"@type\":\"Person\",\"@id\":\"https:\/\/dementsus.ee\/ru\/#\/schema\/person\/dd93d64f20e6c5add626937f6b5931ed\",\"name\":\"Kermo\",\"image\":{\"@type\":\"ImageObject\",\"inLanguage\":\"ru-RU\",\"@id\":\"https:\/\/dementsus.ee\/ru\/#\/schema\/person\/image\/\",\"url\":\"https:\/\/secure.gravatar.com\/avatar\/b2f0128e9063b66b5c6e595d8f4c39037d52f729089f1ad5afc34656e1d58a64?s=96&d=mm&r=g\",\"contentUrl\":\"https:\/\/secure.gravatar.com\/avatar\/b2f0128e9063b66b5c6e595d8f4c39037d52f729089f1ad5afc34656e1d58a64?s=96&d=mm&r=g\",\"caption\":\"Kermo\"},\"url\":\"https:\/\/dementsus.ee\/ru\/author\/kermo\/\"}]}<\/script>\n<!-- \/ Yoast SEO plugin. -->","yoast_head_json":{"title":"Euroopa olulisim Alzheimeri konverents keskendus dementsusele muutuvas maailmas - Dementsuse Kompetentsikeskus","robots":{"index":"index","follow":"follow","max-snippet":"max-snippet:-1","max-image-preview":"max-image-preview:large","max-video-preview":"max-video-preview:-1"},"canonical":"https:\/\/dementsus.ee\/ru\/alzheimeri-konverents-keskendus-dementsusele-muutuvas-maailmas\/","og_locale":"ru_RU","og_type":"article","og_title":"Euroopa olulisim Alzheimeri konverents keskendus dementsusele muutuvas maailmas - Dementsuse Kompetentsikeskus","og_description":"20.-22. oktoobrini toimus kolmek\u00fcmnes Euroopa Alzheimeri konverents \u201eDementsus muutuvas maailmas\u201c, mis t\u00f5i virtuaalselt kokku 800 osalejat 42 riigist. \u00a0L\u00e4biva teemana erinevatel plenaariumitel, \u00fcmarlaua aruteludel ja sessioonidel oli COVID-19 pandeemia, mis on dementsusega inimeste ja nende perede isolatsiooni veelgi suurendanud, samas toonud esile ka tehnoloogiate kiire arenguvajaduse. Koroonaviiruse pandeemia on v\u00e4hendanud riikide panust dementsusealastesse uuringutesse, mille [&hellip;]","og_url":"https:\/\/dementsus.ee\/ru\/alzheimeri-konverents-keskendus-dementsusele-muutuvas-maailmas\/","og_site_name":"Dementsuse Kompetentsikeskus","article_published_time":"2020-10-28T10:37:59+00:00","author":"Kermo","twitter_card":"summary_large_image","twitter_misc":{"\u041d\u0430\u043f\u0438\u0441\u0430\u043d\u043e \u0430\u0432\u0442\u043e\u0440\u043e\u043c":"Kermo","\u041f\u0440\u0438\u043c\u0435\u0440\u043d\u043e\u0435 \u0432\u0440\u0435\u043c\u044f \u0434\u043b\u044f \u0447\u0442\u0435\u043d\u0438\u044f":"8 \u043c\u0438\u043d\u0443\u0442"},"schema":{"@context":"https:\/\/schema.org","@graph":[{"@type":"Article","@id":"https:\/\/dementsus.ee\/ru\/alzheimeri-konverents-keskendus-dementsusele-muutuvas-maailmas\/#article","isPartOf":{"@id":"https:\/\/dementsus.ee\/ru\/alzheimeri-konverents-keskendus-dementsusele-muutuvas-maailmas\/"},"author":{"name":"Kermo","@id":"https:\/\/dementsus.ee\/ru\/#\/schema\/person\/dd93d64f20e6c5add626937f6b5931ed"},"headline":"Euroopa olulisim Alzheimeri konverents keskendus dementsusele muutuvas maailmas","datePublished":"2020-10-28T10:37:59+00:00","mainEntityOfPage":{"@id":"https:\/\/dementsus.ee\/ru\/alzheimeri-konverents-keskendus-dementsusele-muutuvas-maailmas\/"},"wordCount":1630,"commentCount":0,"publisher":{"@id":"https:\/\/dementsus.ee\/ru\/#organization"},"articleSection":["M\u00e4\u00e4ratlemata"],"inLanguage":"ru-RU"},{"@type":"WebPage","@id":"https:\/\/dementsus.ee\/ru\/alzheimeri-konverents-keskendus-dementsusele-muutuvas-maailmas\/","url":"https:\/\/dementsus.ee\/ru\/alzheimeri-konverents-keskendus-dementsusele-muutuvas-maailmas\/","name":"Euroopa olulisim Alzheimeri konverents keskendus dementsusele muutuvas maailmas - Dementsuse Kompetentsikeskus","isPartOf":{"@id":"https:\/\/dementsus.ee\/ru\/#website"},"datePublished":"2020-10-28T10:37:59+00:00","breadcrumb":{"@id":"https:\/\/dementsus.ee\/ru\/alzheimeri-konverents-keskendus-dementsusele-muutuvas-maailmas\/#breadcrumb"},"inLanguage":"ru-RU","potentialAction":[{"@type":"ReadAction","target":["https:\/\/dementsus.ee\/ru\/alzheimeri-konverents-keskendus-dementsusele-muutuvas-maailmas\/"]}]},{"@type":"BreadcrumbList","@id":"https:\/\/dementsus.ee\/ru\/alzheimeri-konverents-keskendus-dementsusele-muutuvas-maailmas\/#breadcrumb","itemListElement":[{"@type":"ListItem","position":1,"name":"Esileht","item":"https:\/\/dementsus.ee\/ru\/"},{"@type":"ListItem","position":2,"name":"Euroopa olulisim Alzheimeri konverents keskendus dementsusele muutuvas maailmas"}]},{"@type":"WebSite","@id":"https:\/\/dementsus.ee\/ru\/#website","url":"https:\/\/dementsus.ee\/ru\/","name":"Dementsuse Kompetentsikeskus","description":"dementsuse info ja abi","publisher":{"@id":"https:\/\/dementsus.ee\/ru\/#organization"},"potentialAction":[{"@type":"SearchAction","target":{"@type":"EntryPoint","urlTemplate":"https:\/\/dementsus.ee\/ru\/?s={search_term_string}"},"query-input":{"@type":"PropertyValueSpecification","valueRequired":true,"valueName":"search_term_string"}}],"inLanguage":"ru-RU"},{"@type":"Organization","@id":"https:\/\/dementsus.ee\/ru\/#organization","name":"Dementsuse Kompetentsikeskus","url":"https:\/\/dementsus.ee\/ru\/","logo":{"@type":"ImageObject","inLanguage":"ru-RU","@id":"https:\/\/dementsus.ee\/ru\/#\/schema\/logo\/image\/","url":"https:\/\/dementsus.ee\/wp-content\/uploads\/2023\/07\/ED_logo_kodukale.svg","contentUrl":"https:\/\/dementsus.ee\/wp-content\/uploads\/2023\/07\/ED_logo_kodukale.svg","caption":"Dementsuse Kompetentsikeskus"},"image":{"@id":"https:\/\/dementsus.ee\/ru\/#\/schema\/logo\/image\/"}},{"@type":"Person","@id":"https:\/\/dementsus.ee\/ru\/#\/schema\/person\/dd93d64f20e6c5add626937f6b5931ed","name":"Kermo","image":{"@type":"ImageObject","inLanguage":"ru-RU","@id":"https:\/\/dementsus.ee\/ru\/#\/schema\/person\/image\/","url":"https:\/\/secure.gravatar.com\/avatar\/b2f0128e9063b66b5c6e595d8f4c39037d52f729089f1ad5afc34656e1d58a64?s=96&d=mm&r=g","contentUrl":"https:\/\/secure.gravatar.com\/avatar\/b2f0128e9063b66b5c6e595d8f4c39037d52f729089f1ad5afc34656e1d58a64?s=96&d=mm&r=g","caption":"Kermo"},"url":"https:\/\/dementsus.ee\/ru\/author\/kermo\/"}]}},"_links":{"self":[{"href":"https:\/\/dementsus.ee\/ru\/wp-json\/wp\/v2\/posts\/3001","targetHints":{"allow":["GET"]}}],"collection":[{"href":"https:\/\/dementsus.ee\/ru\/wp-json\/wp\/v2\/posts"}],"about":[{"href":"https:\/\/dementsus.ee\/ru\/wp-json\/wp\/v2\/types\/post"}],"author":[{"embeddable":true,"href":"https:\/\/dementsus.ee\/ru\/wp-json\/wp\/v2\/users\/2"}],"replies":[{"embeddable":true,"href":"https:\/\/dementsus.ee\/ru\/wp-json\/wp\/v2\/comments?post=3001"}],"version-history":[{"count":0,"href":"https:\/\/dementsus.ee\/ru\/wp-json\/wp\/v2\/posts\/3001\/revisions"}],"wp:attachment":[{"href":"https:\/\/dementsus.ee\/ru\/wp-json\/wp\/v2\/media?parent=3001"}],"wp:term":[{"taxonomy":"category","embeddable":true,"href":"https:\/\/dementsus.ee\/ru\/wp-json\/wp\/v2\/categories?post=3001"},{"taxonomy":"post_tag","embeddable":true,"href":"https:\/\/dementsus.ee\/ru\/wp-json\/wp\/v2\/tags?post=3001"},{"taxonomy":"autor","embeddable":true,"href":"https:\/\/dementsus.ee\/ru\/wp-json\/wp\/v2\/autor?post=3001"}],"curies":[{"name":"wp","href":"https:\/\/api.w.org\/{rel}","templated":true}]}}