{"id":3040,"date":"2020-11-18T13:40:56","date_gmt":"2020-11-18T13:40:56","guid":{"rendered":"https:\/\/eludementsusega.ee\/?p=3040"},"modified":"2020-11-18T13:40:56","modified_gmt":"2020-11-18T13:40:56","slug":"koeru-hooldekeskus-sai-dementsusesobraliku-asutuse-margise","status":"publish","type":"post","link":"https:\/\/dementsus.ee\/ru\/koeru-hooldekeskus-sai-dementsusesobraliku-asutuse-margise\/","title":{"rendered":"Koeru Hooldekeskus sai dementsuses\u00f5braliku asutuse m\u00e4rgise"},"content":{"rendered":"<figure id=\"attachment_3043\" aria-describedby=\"caption-attachment-3043\" style=\"width: 300px\" class=\"wp-caption alignleft\"><img fetchpriority=\"high\" decoding=\"async\" class=\"wp-image-3043 size-medium\" style=\"font-size: 1.125rem;\" src=\"https:\/\/eludementsusega.ee\/app\/uploads\/2020\/11\/Koeru-pilt-300x225.jpg\" alt=\"Foto: Koeru Hooldekeskus\" width=\"300\" height=\"225\" srcset=\"https:\/\/dementsus.ee\/wp-content\/uploads\/2020\/11\/Koeru-pilt-300x225.jpg 300w, https:\/\/dementsus.ee\/wp-content\/uploads\/2020\/11\/Koeru-pilt-600x450.jpg 600w, https:\/\/dementsus.ee\/wp-content\/uploads\/2020\/11\/Koeru-pilt-1024x768.jpg 1024w, https:\/\/dementsus.ee\/wp-content\/uploads\/2020\/11\/Koeru-pilt-768x576.jpg 768w, https:\/\/dementsus.ee\/wp-content\/uploads\/2020\/11\/Koeru-pilt-1536x1152.jpg 1536w, https:\/\/dementsus.ee\/wp-content\/uploads\/2020\/11\/Koeru-pilt.jpg 2048w\" sizes=\"(max-width: 300px) 100vw, 300px\" \/><figcaption id=\"caption-attachment-3043\" class=\"wp-caption-text\">Foto: Koeru Hooldekeskus<\/figcaption><\/figure>\n<p>De<span style=\"font-size: 1.125rem;\">mentsuse Kompetentsikeskus andis Koeru Hooldekeskusele dementsuses\u00f5braliku asutuse m\u00e4rgise. Hool<\/span><span style=\"font-size: 1.125rem;\">dekeskus parendab j\u00e4rjepidevalt oma keskkonda, arvestades klientide vajadusi, peab oluliseks kodulikku atmosf\u00e4\u00e4ri.\u00a0 Kasutusel on nutikad lahendused turvalisuse tagamiseks, erinevad abivahendid, klientidele on palju tegevusi p\u00e4evasel ajal.<\/span><\/p>\n<p>Palju tegemist on dementsusega inimestel uues aias. H\u00fclgepoeg, kes on p\u00e4ritolult robot, aitab t\u00f5sta tuju, klientide meeli saab eragutada aroomi- ning valgusteraapiaga. K\u00f5ige olulisem on siiski toetav suhtumine klientidesse, koost\u00f6\u00f6 l\u00e4hedastega ja j\u00e4rjepidevalt koolitusi saav personal.<\/p>\n<p>J\u00e4rgmisel aastal pakutakse dementsusega inimestele teenust 50-l teenusekohal senise 36 asemel. Praegu on ehitust\u00f6\u00f6d veel pooleli.<\/p>\n<p>\u00dcldhooldusteenust pakkuvate asutuste dementsuses\u00f5bralikuks olemist tunnustava m\u00e4rgise saamiseks hinnatakse nelja valdkonda: asutuse v\u00e4\u00e4rtused, f\u00fc\u00fcsiline ja sotsiaalne keskkond, tegevused ja \u00fcritused asutuses ning personali p\u00e4devus ja professionaalsus.<\/p>\n<p>M\u00e4rgise saamise tingimused on v\u00e4lja t\u00f6\u00f6tatud koost\u00f6\u00f6s Tervise Arengu Instituudi, Sotsiaalasutuste Juhtide N\u00f5ukoja ning Sotsiaalkindlustusametiga. \u00a0T\u00e4psemat infot m\u00e4rgise tingimuste, eesm\u00e4rkide ja taotlemise kohta leiab\u00a0<a href=\"https:\/\/eludementsusega.ee\/dementsusesobraliku-asutuse-margis\/\" target=\"_blank\" rel=\"noopener noreferrer\">siit.<\/a><\/p>\n<p>Esimese dementsuses\u00f5braliku hoolekandeasutuse m\u00e4rgise sai oktoobris Benita Kodu, Koeru Hooldekeskus on teine dementsuses\u00f5braliku asutuse m\u00e4rgise saaja.<\/p>\n<p>V\u00f5imalus sta\u017eeerida Koeru Hooldekeskuses<\/p>\n<p>Dementsuse Kompetentsikeskusele on Koeru Hooldekeskus koost\u00f6\u00f6partner ka sta\u017eeerimiseks.\u00a0 Sta\u017eeerimine on juba t\u00f6\u00f6tavatele spetsialistidele pakutav praktiline v\u00f5imalus omandada uusi teadmisi, kogemusi v\u00f5i n\u00e4ha oma t\u00f6\u00f6d teisest vaatenurgast. Sta\u017eeerimise eesm\u00e4rk on praktiliste teadmiste ja oskuste omandamine ning kogemuste jagamine t\u00f6\u00f6s hoolekandeteenuste klientidega. \u00dcldisem ja pikaajalisem eesm\u00e4rk on l\u00e4bi erinevate ettev\u00f5tete spetsialistide koost\u00f6\u00f6\u00a0 teenuste kvaliteedi paranemine ja teenuste \u00fchtlasem tase. Sta\u017e\u00f6\u00f6rina on v\u00f5imalik minna hooldekeskuse t\u00f6\u00f6ga tutvuma nii l\u00fchiajaliselt (m\u00f5nest tunnist kuni \u00fche p\u00e4evani) v\u00f5i ka pikemaks perioodiks. Sta\u017eeerimisega seotud kulud (transport, toitlustus vms)\u00a0 katab sta\u017eeerima saatev asutus.\u00a0 Sta\u017eeerimissooviga palun v\u00f5tke \u00fchendust: info@koeruhk.ee\u00a0 v\u00f5i telefonil 55519763<\/p>\n","protected":false},"excerpt":{"rendered":"<p>Dementsuse Kompetentsikeskus andis Koeru Hooldekeskusele dementsuses\u00f5braliku asutuse m\u00e4rgise. Hooldekeskus parendab j\u00e4rjepidevalt oma keskkonda, arvestades klientide vajadusi, peab oluliseks kodulikku atmosf\u00e4\u00e4ri.\u00a0 Kasutusel on nutikad lahendused turvalisuse tagamiseks, erinevad abivahendid, klientidele on palju tegevusi p\u00e4evasel ajal. Palju tegemist on dementsusega inimestel uues aias. H\u00fclgepoeg, kes on p\u00e4ritolult robot, aitab t\u00f5sta tuju, klientide meeli saab eragutada aroomi- ning [&hellip;]<\/p>\n","protected":false},"author":2,"featured_media":0,"comment_status":"open","ping_status":"open","sticky":false,"template":"","format":"standard","meta":{"footnotes":""},"categories":[1],"tags":[],"autor":[],"class_list":["post-3040","post","type-post","status-publish","format-standard","hentry","category-maaratlemata"],"yoast_head":"<!-- This site is optimized with the Yoast SEO plugin v26.2 - https:\/\/yoast.com\/wordpress\/plugins\/seo\/ -->\n<title>Koeru Hooldekeskus sai dementsuses\u00f5braliku asutuse m\u00e4rgise - Dementsuse Kompetentsikeskus<\/title>\n<meta name=\"robots\" content=\"index, follow, max-snippet:-1, max-image-preview:large, max-video-preview:-1\" \/>\n<link rel=\"canonical\" href=\"https:\/\/dementsus.ee\/ru\/koeru-hooldekeskus-sai-dementsusesobraliku-asutuse-margise\/\" \/>\n<meta property=\"og:locale\" content=\"ru_RU\" \/>\n<meta property=\"og:type\" content=\"article\" \/>\n<meta property=\"og:title\" content=\"Koeru Hooldekeskus sai dementsuses\u00f5braliku asutuse m\u00e4rgise - Dementsuse Kompetentsikeskus\" \/>\n<meta property=\"og:description\" content=\"Dementsuse Kompetentsikeskus andis Koeru Hooldekeskusele dementsuses\u00f5braliku asutuse m\u00e4rgise. Hooldekeskus parendab j\u00e4rjepidevalt oma keskkonda, arvestades klientide vajadusi, peab oluliseks kodulikku atmosf\u00e4\u00e4ri.\u00a0 Kasutusel on nutikad lahendused turvalisuse tagamiseks, erinevad abivahendid, klientidele on palju tegevusi p\u00e4evasel ajal. Palju tegemist on dementsusega inimestel uues aias. H\u00fclgepoeg, kes on p\u00e4ritolult robot, aitab t\u00f5sta tuju, klientide meeli saab eragutada aroomi- ning [&hellip;]\" \/>\n<meta property=\"og:url\" content=\"https:\/\/dementsus.ee\/ru\/koeru-hooldekeskus-sai-dementsusesobraliku-asutuse-margise\/\" \/>\n<meta property=\"og:site_name\" content=\"Dementsuse Kompetentsikeskus\" \/>\n<meta property=\"article:published_time\" content=\"2020-11-18T13:40:56+00:00\" \/>\n<meta property=\"og:image\" content=\"https:\/\/eludementsusega.ee\/app\/uploads\/2020\/11\/Koeru-pilt-300x225.jpg\" \/>\n<meta name=\"author\" content=\"Kermo\" \/>\n<meta name=\"twitter:card\" content=\"summary_large_image\" \/>\n<meta name=\"twitter:label1\" content=\"\u041d\u0430\u043f\u0438\u0441\u0430\u043d\u043e \u0430\u0432\u0442\u043e\u0440\u043e\u043c\" \/>\n\t<meta name=\"twitter:data1\" content=\"Kermo\" \/>\n\t<meta name=\"twitter:label2\" content=\"\u041f\u0440\u0438\u043c\u0435\u0440\u043d\u043e\u0435 \u0432\u0440\u0435\u043c\u044f \u0434\u043b\u044f \u0447\u0442\u0435\u043d\u0438\u044f\" \/>\n\t<meta name=\"twitter:data2\" content=\"2 \u043c\u0438\u043d\u0443\u0442\u044b\" \/>\n<script type=\"application\/ld+json\" class=\"yoast-schema-graph\">{\"@context\":\"https:\/\/schema.org\",\"@graph\":[{\"@type\":\"Article\",\"@id\":\"https:\/\/dementsus.ee\/ru\/koeru-hooldekeskus-sai-dementsusesobraliku-asutuse-margise\/#article\",\"isPartOf\":{\"@id\":\"https:\/\/dementsus.ee\/ru\/koeru-hooldekeskus-sai-dementsusesobraliku-asutuse-margise\/\"},\"author\":{\"name\":\"Kermo\",\"@id\":\"https:\/\/dementsus.ee\/ru\/#\/schema\/person\/dd93d64f20e6c5add626937f6b5931ed\"},\"headline\":\"Koeru Hooldekeskus sai dementsuses\u00f5braliku asutuse m\u00e4rgise\",\"datePublished\":\"2020-11-18T13:40:56+00:00\",\"mainEntityOfPage\":{\"@id\":\"https:\/\/dementsus.ee\/ru\/koeru-hooldekeskus-sai-dementsusesobraliku-asutuse-margise\/\"},\"wordCount\":327,\"commentCount\":0,\"publisher\":{\"@id\":\"https:\/\/dementsus.ee\/ru\/#organization\"},\"image\":{\"@id\":\"https:\/\/dementsus.ee\/ru\/koeru-hooldekeskus-sai-dementsusesobraliku-asutuse-margise\/#primaryimage\"},\"thumbnailUrl\":\"https:\/\/eludementsusega.ee\/app\/uploads\/2020\/11\/Koeru-pilt-300x225.jpg\",\"articleSection\":[\"M\u00e4\u00e4ratlemata\"],\"inLanguage\":\"ru-RU\"},{\"@type\":\"WebPage\",\"@id\":\"https:\/\/dementsus.ee\/ru\/koeru-hooldekeskus-sai-dementsusesobraliku-asutuse-margise\/\",\"url\":\"https:\/\/dementsus.ee\/ru\/koeru-hooldekeskus-sai-dementsusesobraliku-asutuse-margise\/\",\"name\":\"Koeru Hooldekeskus sai dementsuses\u00f5braliku asutuse m\u00e4rgise - Dementsuse Kompetentsikeskus\",\"isPartOf\":{\"@id\":\"https:\/\/dementsus.ee\/ru\/#website\"},\"primaryImageOfPage\":{\"@id\":\"https:\/\/dementsus.ee\/ru\/koeru-hooldekeskus-sai-dementsusesobraliku-asutuse-margise\/#primaryimage\"},\"image\":{\"@id\":\"https:\/\/dementsus.ee\/ru\/koeru-hooldekeskus-sai-dementsusesobraliku-asutuse-margise\/#primaryimage\"},\"thumbnailUrl\":\"https:\/\/eludementsusega.ee\/app\/uploads\/2020\/11\/Koeru-pilt-300x225.jpg\",\"datePublished\":\"2020-11-18T13:40:56+00:00\",\"breadcrumb\":{\"@id\":\"https:\/\/dementsus.ee\/ru\/koeru-hooldekeskus-sai-dementsusesobraliku-asutuse-margise\/#breadcrumb\"},\"inLanguage\":\"ru-RU\",\"potentialAction\":[{\"@type\":\"ReadAction\",\"target\":[\"https:\/\/dementsus.ee\/ru\/koeru-hooldekeskus-sai-dementsusesobraliku-asutuse-margise\/\"]}]},{\"@type\":\"ImageObject\",\"inLanguage\":\"ru-RU\",\"@id\":\"https:\/\/dementsus.ee\/ru\/koeru-hooldekeskus-sai-dementsusesobraliku-asutuse-margise\/#primaryimage\",\"url\":\"https:\/\/eludementsusega.ee\/app\/uploads\/2020\/11\/Koeru-pilt-300x225.jpg\",\"contentUrl\":\"https:\/\/eludementsusega.ee\/app\/uploads\/2020\/11\/Koeru-pilt-300x225.jpg\"},{\"@type\":\"BreadcrumbList\",\"@id\":\"https:\/\/dementsus.ee\/ru\/koeru-hooldekeskus-sai-dementsusesobraliku-asutuse-margise\/#breadcrumb\",\"itemListElement\":[{\"@type\":\"ListItem\",\"position\":1,\"name\":\"Esileht\",\"item\":\"https:\/\/dementsus.ee\/ru\/\"},{\"@type\":\"ListItem\",\"position\":2,\"name\":\"Koeru Hooldekeskus sai dementsuses\u00f5braliku asutuse m\u00e4rgise\"}]},{\"@type\":\"WebSite\",\"@id\":\"https:\/\/dementsus.ee\/ru\/#website\",\"url\":\"https:\/\/dementsus.ee\/ru\/\",\"name\":\"Dementsuse Kompetentsikeskus\",\"description\":\"dementsuse info ja abi\",\"publisher\":{\"@id\":\"https:\/\/dementsus.ee\/ru\/#organization\"},\"potentialAction\":[{\"@type\":\"SearchAction\",\"target\":{\"@type\":\"EntryPoint\",\"urlTemplate\":\"https:\/\/dementsus.ee\/ru\/?s={search_term_string}\"},\"query-input\":{\"@type\":\"PropertyValueSpecification\",\"valueRequired\":true,\"valueName\":\"search_term_string\"}}],\"inLanguage\":\"ru-RU\"},{\"@type\":\"Organization\",\"@id\":\"https:\/\/dementsus.ee\/ru\/#organization\",\"name\":\"Dementsuse Kompetentsikeskus\",\"url\":\"https:\/\/dementsus.ee\/ru\/\",\"logo\":{\"@type\":\"ImageObject\",\"inLanguage\":\"ru-RU\",\"@id\":\"https:\/\/dementsus.ee\/ru\/#\/schema\/logo\/image\/\",\"url\":\"https:\/\/dementsus.ee\/wp-content\/uploads\/2023\/07\/ED_logo_kodukale.svg\",\"contentUrl\":\"https:\/\/dementsus.ee\/wp-content\/uploads\/2023\/07\/ED_logo_kodukale.svg\",\"caption\":\"Dementsuse Kompetentsikeskus\"},\"image\":{\"@id\":\"https:\/\/dementsus.ee\/ru\/#\/schema\/logo\/image\/\"}},{\"@type\":\"Person\",\"@id\":\"https:\/\/dementsus.ee\/ru\/#\/schema\/person\/dd93d64f20e6c5add626937f6b5931ed\",\"name\":\"Kermo\",\"image\":{\"@type\":\"ImageObject\",\"inLanguage\":\"ru-RU\",\"@id\":\"https:\/\/dementsus.ee\/ru\/#\/schema\/person\/image\/\",\"url\":\"https:\/\/secure.gravatar.com\/avatar\/b2f0128e9063b66b5c6e595d8f4c39037d52f729089f1ad5afc34656e1d58a64?s=96&d=mm&r=g\",\"contentUrl\":\"https:\/\/secure.gravatar.com\/avatar\/b2f0128e9063b66b5c6e595d8f4c39037d52f729089f1ad5afc34656e1d58a64?s=96&d=mm&r=g\",\"caption\":\"Kermo\"},\"url\":\"https:\/\/dementsus.ee\/ru\/author\/kermo\/\"}]}<\/script>\n<!-- \/ Yoast SEO plugin. -->","yoast_head_json":{"title":"Koeru Hooldekeskus sai dementsuses\u00f5braliku asutuse m\u00e4rgise - Dementsuse Kompetentsikeskus","robots":{"index":"index","follow":"follow","max-snippet":"max-snippet:-1","max-image-preview":"max-image-preview:large","max-video-preview":"max-video-preview:-1"},"canonical":"https:\/\/dementsus.ee\/ru\/koeru-hooldekeskus-sai-dementsusesobraliku-asutuse-margise\/","og_locale":"ru_RU","og_type":"article","og_title":"Koeru Hooldekeskus sai dementsuses\u00f5braliku asutuse m\u00e4rgise - Dementsuse Kompetentsikeskus","og_description":"Dementsuse Kompetentsikeskus andis Koeru Hooldekeskusele dementsuses\u00f5braliku asutuse m\u00e4rgise. Hooldekeskus parendab j\u00e4rjepidevalt oma keskkonda, arvestades klientide vajadusi, peab oluliseks kodulikku atmosf\u00e4\u00e4ri.\u00a0 Kasutusel on nutikad lahendused turvalisuse tagamiseks, erinevad abivahendid, klientidele on palju tegevusi p\u00e4evasel ajal. Palju tegemist on dementsusega inimestel uues aias. H\u00fclgepoeg, kes on p\u00e4ritolult robot, aitab t\u00f5sta tuju, klientide meeli saab eragutada aroomi- ning [&hellip;]","og_url":"https:\/\/dementsus.ee\/ru\/koeru-hooldekeskus-sai-dementsusesobraliku-asutuse-margise\/","og_site_name":"Dementsuse Kompetentsikeskus","article_published_time":"2020-11-18T13:40:56+00:00","og_image":[{"url":"https:\/\/eludementsusega.ee\/app\/uploads\/2020\/11\/Koeru-pilt-300x225.jpg","type":"","width":"","height":""}],"author":"Kermo","twitter_card":"summary_large_image","twitter_misc":{"\u041d\u0430\u043f\u0438\u0441\u0430\u043d\u043e \u0430\u0432\u0442\u043e\u0440\u043e\u043c":"Kermo","\u041f\u0440\u0438\u043c\u0435\u0440\u043d\u043e\u0435 \u0432\u0440\u0435\u043c\u044f \u0434\u043b\u044f \u0447\u0442\u0435\u043d\u0438\u044f":"2 \u043c\u0438\u043d\u0443\u0442\u044b"},"schema":{"@context":"https:\/\/schema.org","@graph":[{"@type":"Article","@id":"https:\/\/dementsus.ee\/ru\/koeru-hooldekeskus-sai-dementsusesobraliku-asutuse-margise\/#article","isPartOf":{"@id":"https:\/\/dementsus.ee\/ru\/koeru-hooldekeskus-sai-dementsusesobraliku-asutuse-margise\/"},"author":{"name":"Kermo","@id":"https:\/\/dementsus.ee\/ru\/#\/schema\/person\/dd93d64f20e6c5add626937f6b5931ed"},"headline":"Koeru Hooldekeskus sai dementsuses\u00f5braliku asutuse m\u00e4rgise","datePublished":"2020-11-18T13:40:56+00:00","mainEntityOfPage":{"@id":"https:\/\/dementsus.ee\/ru\/koeru-hooldekeskus-sai-dementsusesobraliku-asutuse-margise\/"},"wordCount":327,"commentCount":0,"publisher":{"@id":"https:\/\/dementsus.ee\/ru\/#organization"},"image":{"@id":"https:\/\/dementsus.ee\/ru\/koeru-hooldekeskus-sai-dementsusesobraliku-asutuse-margise\/#primaryimage"},"thumbnailUrl":"https:\/\/eludementsusega.ee\/app\/uploads\/2020\/11\/Koeru-pilt-300x225.jpg","articleSection":["M\u00e4\u00e4ratlemata"],"inLanguage":"ru-RU"},{"@type":"WebPage","@id":"https:\/\/dementsus.ee\/ru\/koeru-hooldekeskus-sai-dementsusesobraliku-asutuse-margise\/","url":"https:\/\/dementsus.ee\/ru\/koeru-hooldekeskus-sai-dementsusesobraliku-asutuse-margise\/","name":"Koeru Hooldekeskus sai dementsuses\u00f5braliku asutuse m\u00e4rgise - Dementsuse Kompetentsikeskus","isPartOf":{"@id":"https:\/\/dementsus.ee\/ru\/#website"},"primaryImageOfPage":{"@id":"https:\/\/dementsus.ee\/ru\/koeru-hooldekeskus-sai-dementsusesobraliku-asutuse-margise\/#primaryimage"},"image":{"@id":"https:\/\/dementsus.ee\/ru\/koeru-hooldekeskus-sai-dementsusesobraliku-asutuse-margise\/#primaryimage"},"thumbnailUrl":"https:\/\/eludementsusega.ee\/app\/uploads\/2020\/11\/Koeru-pilt-300x225.jpg","datePublished":"2020-11-18T13:40:56+00:00","breadcrumb":{"@id":"https:\/\/dementsus.ee\/ru\/koeru-hooldekeskus-sai-dementsusesobraliku-asutuse-margise\/#breadcrumb"},"inLanguage":"ru-RU","potentialAction":[{"@type":"ReadAction","target":["https:\/\/dementsus.ee\/ru\/koeru-hooldekeskus-sai-dementsusesobraliku-asutuse-margise\/"]}]},{"@type":"ImageObject","inLanguage":"ru-RU","@id":"https:\/\/dementsus.ee\/ru\/koeru-hooldekeskus-sai-dementsusesobraliku-asutuse-margise\/#primaryimage","url":"https:\/\/eludementsusega.ee\/app\/uploads\/2020\/11\/Koeru-pilt-300x225.jpg","contentUrl":"https:\/\/eludementsusega.ee\/app\/uploads\/2020\/11\/Koeru-pilt-300x225.jpg"},{"@type":"BreadcrumbList","@id":"https:\/\/dementsus.ee\/ru\/koeru-hooldekeskus-sai-dementsusesobraliku-asutuse-margise\/#breadcrumb","itemListElement":[{"@type":"ListItem","position":1,"name":"Esileht","item":"https:\/\/dementsus.ee\/ru\/"},{"@type":"ListItem","position":2,"name":"Koeru Hooldekeskus sai dementsuses\u00f5braliku asutuse m\u00e4rgise"}]},{"@type":"WebSite","@id":"https:\/\/dementsus.ee\/ru\/#website","url":"https:\/\/dementsus.ee\/ru\/","name":"Dementsuse Kompetentsikeskus","description":"dementsuse info ja abi","publisher":{"@id":"https:\/\/dementsus.ee\/ru\/#organization"},"potentialAction":[{"@type":"SearchAction","target":{"@type":"EntryPoint","urlTemplate":"https:\/\/dementsus.ee\/ru\/?s={search_term_string}"},"query-input":{"@type":"PropertyValueSpecification","valueRequired":true,"valueName":"search_term_string"}}],"inLanguage":"ru-RU"},{"@type":"Organization","@id":"https:\/\/dementsus.ee\/ru\/#organization","name":"Dementsuse Kompetentsikeskus","url":"https:\/\/dementsus.ee\/ru\/","logo":{"@type":"ImageObject","inLanguage":"ru-RU","@id":"https:\/\/dementsus.ee\/ru\/#\/schema\/logo\/image\/","url":"https:\/\/dementsus.ee\/wp-content\/uploads\/2023\/07\/ED_logo_kodukale.svg","contentUrl":"https:\/\/dementsus.ee\/wp-content\/uploads\/2023\/07\/ED_logo_kodukale.svg","caption":"Dementsuse Kompetentsikeskus"},"image":{"@id":"https:\/\/dementsus.ee\/ru\/#\/schema\/logo\/image\/"}},{"@type":"Person","@id":"https:\/\/dementsus.ee\/ru\/#\/schema\/person\/dd93d64f20e6c5add626937f6b5931ed","name":"Kermo","image":{"@type":"ImageObject","inLanguage":"ru-RU","@id":"https:\/\/dementsus.ee\/ru\/#\/schema\/person\/image\/","url":"https:\/\/secure.gravatar.com\/avatar\/b2f0128e9063b66b5c6e595d8f4c39037d52f729089f1ad5afc34656e1d58a64?s=96&d=mm&r=g","contentUrl":"https:\/\/secure.gravatar.com\/avatar\/b2f0128e9063b66b5c6e595d8f4c39037d52f729089f1ad5afc34656e1d58a64?s=96&d=mm&r=g","caption":"Kermo"},"url":"https:\/\/dementsus.ee\/ru\/author\/kermo\/"}]}},"_links":{"self":[{"href":"https:\/\/dementsus.ee\/ru\/wp-json\/wp\/v2\/posts\/3040","targetHints":{"allow":["GET"]}}],"collection":[{"href":"https:\/\/dementsus.ee\/ru\/wp-json\/wp\/v2\/posts"}],"about":[{"href":"https:\/\/dementsus.ee\/ru\/wp-json\/wp\/v2\/types\/post"}],"author":[{"embeddable":true,"href":"https:\/\/dementsus.ee\/ru\/wp-json\/wp\/v2\/users\/2"}],"replies":[{"embeddable":true,"href":"https:\/\/dementsus.ee\/ru\/wp-json\/wp\/v2\/comments?post=3040"}],"version-history":[{"count":0,"href":"https:\/\/dementsus.ee\/ru\/wp-json\/wp\/v2\/posts\/3040\/revisions"}],"wp:attachment":[{"href":"https:\/\/dementsus.ee\/ru\/wp-json\/wp\/v2\/media?parent=3040"}],"wp:term":[{"taxonomy":"category","embeddable":true,"href":"https:\/\/dementsus.ee\/ru\/wp-json\/wp\/v2\/categories?post=3040"},{"taxonomy":"post_tag","embeddable":true,"href":"https:\/\/dementsus.ee\/ru\/wp-json\/wp\/v2\/tags?post=3040"},{"taxonomy":"autor","embeddable":true,"href":"https:\/\/dementsus.ee\/ru\/wp-json\/wp\/v2\/autor?post=3040"}],"curies":[{"name":"wp","href":"https:\/\/api.w.org\/{rel}","templated":true}]}}