{"id":3424,"date":"2021-03-23T11:38:13","date_gmt":"2021-03-23T11:38:13","guid":{"rendered":"https:\/\/eludementsusega.ee\/?p=3424"},"modified":"2021-03-23T11:38:13","modified_gmt":"2021-03-23T11:38:13","slug":"viljandi-haigla-hooldekeskuse-hoolekande-osakond-sai-dementsusesobraliku-asutuse-margise","status":"publish","type":"post","link":"https:\/\/dementsus.ee\/ru\/viljandi-haigla-hooldekeskuse-hoolekande-osakond-sai-dementsusesobraliku-asutuse-margise\/","title":{"rendered":"Viljandi Haigla hooldekeskuse hoolekande osakond sai dementsuses\u00f5braliku asutuse m\u00e4rgise"},"content":{"rendered":"<div data-canvas-width=\"566.1920000000003\">22. m\u00e4rtsil sai Viljandi Haigla hooldekeskuse hoolekande osakond dementsuses\u00f5braliku asutuse m\u00e4rgise. J\u00e4mejalas asuv ringmaja on sellest aastast kohandatud just dementsuss\u00fcndroomiga klientidele. Osakonna juht Elena Erm r\u00f5hutas, kui t\u00e4htis on kogu personali austav suhtumine eakatesse inimestesse. Oluliseks peetakse ka meeskonnat\u00f6\u00f6d, et hooldekande osakonnas elavatel inimestel oleks seal hea olla.<\/div>\n<div data-canvas-width=\"540.4813333333336\"><\/div>\n<div data-canvas-width=\"540.4813333333336\">Palju tehakse koost\u00f6\u00f6d l\u00e4hedastega \u2013 olgu selleks v\u00f5i helistamine, et lihtsalt teada anda, et nende armsa memme v\u00f5i taadiga on k\u00f5ik korras. Koroonajal toimuvad kohtumised l\u00e4hedastega tahvelarvuti kaudu. Ringmaja v\u00f5imaldab igap\u00e4evast liikumist nii palju kui vaja on. Samuti saab k\u00e4ia sisehoovis, kus on v\u00f5imalik ka n\u00e4pud mulda panna v\u00f5i lihtsalt jalutada ja istuda.<\/div>\n<div data-canvas-width=\"540.4813333333336\"><\/div>\n<div data-canvas-width=\"540.4813333333336\">\n<figure id=\"attachment_3428\" aria-describedby=\"caption-attachment-3428\" style=\"width: 1024px\" class=\"wp-caption alignnone\"><img fetchpriority=\"high\" decoding=\"async\" class=\"wp-image-3428 size-large\" src=\"https:\/\/eludementsusega.ee\/app\/uploads\/2021\/03\/Viljandi_k-1024x768.jpeg\" alt=\"\" width=\"1024\" height=\"768\" \/><figcaption id=\"caption-attachment-3428\" class=\"wp-caption-text\">Ringmaja sisehoovis on turvaline olla. Foto autor Elena Erm<\/figcaption><\/figure>\n<\/div>\n<div data-canvas-width=\"540.4813333333336\"><\/div>\n<div data-canvas-width=\"601.5680000000002\">Elanikud saavad teha igap\u00e4evaseid tegevusi, mida koduski tehakse \u2013 olgu see lume l\u00fckkamine, tee- v\u00f5i kohvi keetmine, meestele puut\u00f6\u00f6ga nokitsemine. Bussipeatuses on pehmed diivanid, et ootamineoleks mugav. Kohalik kogukond k\u00e4ib t\u00e4htp\u00e4evadel esinemas ja kontserte andmas, hingehoiut\u00f6\u00f6d teeb kohalik kiriku\u00f5petaja.<\/div>\n<div data-canvas-width=\"601.5680000000002\"><\/div>\n<div data-canvas-width=\"601.5680000000002\">\n<figure id=\"attachment_3429\" aria-describedby=\"caption-attachment-3429\" style=\"width: 768px\" class=\"wp-caption alignnone\"><img decoding=\"async\" class=\"wp-image-3429 size-large\" src=\"https:\/\/eludementsusega.ee\/app\/uploads\/2021\/03\/Viljandi1_k-768x1024.jpeg\" alt=\"\" width=\"768\" height=\"1024\" \/><figcaption id=\"caption-attachment-3429\" class=\"wp-caption-text\">Bussi saab oodata m\u00f5nusatel pehmetel diivanitel. Foto autor Elena Erm<\/figcaption><\/figure>\n<\/div>\n<div data-canvas-width=\"550.5866666666668\"><\/div>\n<div data-canvas-width=\"550.5866666666668\">Osakonnas t\u00f6\u00f6tab kaks \u00f5de ja kuna hoolekande osakond kuulub Viljandi Haigla juurde, on ka eriarstiabi vajadusel h\u00e4sti k\u00e4ttesaadav.<\/div>\n<div data-canvas-width=\"550.5866666666668\"><\/div>\n<div data-canvas-width=\"550.5866666666668\">\n<figure id=\"attachment_3430\" aria-describedby=\"caption-attachment-3430\" style=\"width: 1024px\" class=\"wp-caption alignnone\"><img decoding=\"async\" class=\"wp-image-3430 size-large\" src=\"https:\/\/eludementsusega.ee\/app\/uploads\/2021\/03\/Viljandi2_k-1024x768.jpeg\" alt=\"\" width=\"1024\" height=\"768\" \/><figcaption id=\"caption-attachment-3430\" class=\"wp-caption-text\">Kohvikusse minekuks s\u00e4titakse ennast pidulikumalt riidesse ja ka jutud on teised ja elavamad kui muudes ruumides. Foto autor Elena Erm<\/figcaption><\/figure>\n<\/div>\n<div data-canvas-width=\"239.68266666666673\">\n<p>\u00dcldhooldusteenust pakkuvate asutuste dementsuses\u00f5bralikuks olemist tunnustava m\u00e4rgise saamiseks hinnatakse nelja valdkonda: asutuse v\u00e4\u00e4rtused, f\u00fc\u00fcsiline ja sotsiaalne keskkond, tegevused ja \u00fcritused asutuses ning personali p\u00e4devus ja professionaalsus.<\/p>\n<p>Esimese dementsuses\u00f5braliku hoolekandeasutuse m\u00e4rgise said eelmisel aastal Benita Kodu, Koeru Hooldekeskus ja H\u00e4\u00e4demeeste Eakate Kodu. Viljandi Haigla hooldekeskuse hoolekande osakond on neljas m\u00e4rgise saanud asutus.<\/p>\n<\/div>\n<div data-canvas-width=\"239.68266666666673\"><\/div>\n","protected":false},"excerpt":{"rendered":"<p>22. m\u00e4rtsil sai Viljandi Haigla hooldekeskuse hoolekande osakond dementsuses\u00f5braliku asutuse m\u00e4rgise. J\u00e4mejalas asuv ringmaja on sellest aastast kohandatud just dementsuss\u00fcndroomiga klientidele. Osakonna juht Elena Erm r\u00f5hutas, kui t\u00e4htis on kogu personali austav suhtumine eakatesse inimestesse. Oluliseks peetakse ka meeskonnat\u00f6\u00f6d, et hooldekande osakonnas elavatel inimestel oleks seal hea olla. Palju tehakse koost\u00f6\u00f6d l\u00e4hedastega \u2013 olgu selleks [&hellip;]<\/p>\n","protected":false},"author":2,"featured_media":0,"comment_status":"open","ping_status":"open","sticky":false,"template":"","format":"standard","meta":{"footnotes":""},"categories":[1],"tags":[],"autor":[],"class_list":["post-3424","post","type-post","status-publish","format-standard","hentry","category-maaratlemata"],"yoast_head":"<!-- This site is optimized with the Yoast SEO plugin v26.2 - https:\/\/yoast.com\/wordpress\/plugins\/seo\/ -->\n<title>Viljandi Haigla hooldekeskuse hoolekande osakond sai dementsuses\u00f5braliku asutuse m\u00e4rgise - Dementsuse Kompetentsikeskus<\/title>\n<meta name=\"robots\" content=\"index, follow, max-snippet:-1, max-image-preview:large, max-video-preview:-1\" \/>\n<link rel=\"canonical\" href=\"https:\/\/dementsus.ee\/ru\/viljandi-haigla-hooldekeskuse-hoolekande-osakond-sai-dementsusesobraliku-asutuse-margise\/\" \/>\n<meta property=\"og:locale\" content=\"ru_RU\" \/>\n<meta property=\"og:type\" content=\"article\" \/>\n<meta property=\"og:title\" content=\"Viljandi Haigla hooldekeskuse hoolekande osakond sai dementsuses\u00f5braliku asutuse m\u00e4rgise - Dementsuse Kompetentsikeskus\" \/>\n<meta property=\"og:description\" content=\"22. m\u00e4rtsil sai Viljandi Haigla hooldekeskuse hoolekande osakond dementsuses\u00f5braliku asutuse m\u00e4rgise. J\u00e4mejalas asuv ringmaja on sellest aastast kohandatud just dementsuss\u00fcndroomiga klientidele. Osakonna juht Elena Erm r\u00f5hutas, kui t\u00e4htis on kogu personali austav suhtumine eakatesse inimestesse. Oluliseks peetakse ka meeskonnat\u00f6\u00f6d, et hooldekande osakonnas elavatel inimestel oleks seal hea olla. Palju tehakse koost\u00f6\u00f6d l\u00e4hedastega \u2013 olgu selleks [&hellip;]\" \/>\n<meta property=\"og:url\" content=\"https:\/\/dementsus.ee\/ru\/viljandi-haigla-hooldekeskuse-hoolekande-osakond-sai-dementsusesobraliku-asutuse-margise\/\" \/>\n<meta property=\"og:site_name\" content=\"Dementsuse Kompetentsikeskus\" \/>\n<meta property=\"article:published_time\" content=\"2021-03-23T11:38:13+00:00\" \/>\n<meta property=\"og:image\" content=\"https:\/\/eludementsusega.ee\/app\/uploads\/2021\/03\/Viljandi_k-1024x768.jpeg\" \/>\n<meta name=\"author\" content=\"Kermo\" \/>\n<meta name=\"twitter:card\" content=\"summary_large_image\" \/>\n<meta name=\"twitter:label1\" content=\"\u041d\u0430\u043f\u0438\u0441\u0430\u043d\u043e \u0430\u0432\u0442\u043e\u0440\u043e\u043c\" \/>\n\t<meta name=\"twitter:data1\" content=\"Kermo\" \/>\n\t<meta name=\"twitter:label2\" content=\"\u041f\u0440\u0438\u043c\u0435\u0440\u043d\u043e\u0435 \u0432\u0440\u0435\u043c\u044f \u0434\u043b\u044f \u0447\u0442\u0435\u043d\u0438\u044f\" \/>\n\t<meta name=\"twitter:data2\" content=\"2 \u043c\u0438\u043d\u0443\u0442\u044b\" \/>\n<script type=\"application\/ld+json\" class=\"yoast-schema-graph\">{\"@context\":\"https:\/\/schema.org\",\"@graph\":[{\"@type\":\"Article\",\"@id\":\"https:\/\/dementsus.ee\/ru\/viljandi-haigla-hooldekeskuse-hoolekande-osakond-sai-dementsusesobraliku-asutuse-margise\/#article\",\"isPartOf\":{\"@id\":\"https:\/\/dementsus.ee\/ru\/viljandi-haigla-hooldekeskuse-hoolekande-osakond-sai-dementsusesobraliku-asutuse-margise\/\"},\"author\":{\"name\":\"Kermo\",\"@id\":\"https:\/\/dementsus.ee\/ru\/#\/schema\/person\/dd93d64f20e6c5add626937f6b5931ed\"},\"headline\":\"Viljandi Haigla hooldekeskuse hoolekande osakond sai dementsuses\u00f5braliku asutuse m\u00e4rgise\",\"datePublished\":\"2021-03-23T11:38:13+00:00\",\"mainEntityOfPage\":{\"@id\":\"https:\/\/dementsus.ee\/ru\/viljandi-haigla-hooldekeskuse-hoolekande-osakond-sai-dementsusesobraliku-asutuse-margise\/\"},\"wordCount\":320,\"commentCount\":0,\"publisher\":{\"@id\":\"https:\/\/dementsus.ee\/ru\/#organization\"},\"image\":{\"@id\":\"https:\/\/dementsus.ee\/ru\/viljandi-haigla-hooldekeskuse-hoolekande-osakond-sai-dementsusesobraliku-asutuse-margise\/#primaryimage\"},\"thumbnailUrl\":\"https:\/\/eludementsusega.ee\/app\/uploads\/2021\/03\/Viljandi_k-1024x768.jpeg\",\"articleSection\":[\"M\u00e4\u00e4ratlemata\"],\"inLanguage\":\"ru-RU\"},{\"@type\":\"WebPage\",\"@id\":\"https:\/\/dementsus.ee\/ru\/viljandi-haigla-hooldekeskuse-hoolekande-osakond-sai-dementsusesobraliku-asutuse-margise\/\",\"url\":\"https:\/\/dementsus.ee\/ru\/viljandi-haigla-hooldekeskuse-hoolekande-osakond-sai-dementsusesobraliku-asutuse-margise\/\",\"name\":\"Viljandi Haigla hooldekeskuse hoolekande osakond sai dementsuses\u00f5braliku asutuse m\u00e4rgise - Dementsuse Kompetentsikeskus\",\"isPartOf\":{\"@id\":\"https:\/\/dementsus.ee\/ru\/#website\"},\"primaryImageOfPage\":{\"@id\":\"https:\/\/dementsus.ee\/ru\/viljandi-haigla-hooldekeskuse-hoolekande-osakond-sai-dementsusesobraliku-asutuse-margise\/#primaryimage\"},\"image\":{\"@id\":\"https:\/\/dementsus.ee\/ru\/viljandi-haigla-hooldekeskuse-hoolekande-osakond-sai-dementsusesobraliku-asutuse-margise\/#primaryimage\"},\"thumbnailUrl\":\"https:\/\/eludementsusega.ee\/app\/uploads\/2021\/03\/Viljandi_k-1024x768.jpeg\",\"datePublished\":\"2021-03-23T11:38:13+00:00\",\"breadcrumb\":{\"@id\":\"https:\/\/dementsus.ee\/ru\/viljandi-haigla-hooldekeskuse-hoolekande-osakond-sai-dementsusesobraliku-asutuse-margise\/#breadcrumb\"},\"inLanguage\":\"ru-RU\",\"potentialAction\":[{\"@type\":\"ReadAction\",\"target\":[\"https:\/\/dementsus.ee\/ru\/viljandi-haigla-hooldekeskuse-hoolekande-osakond-sai-dementsusesobraliku-asutuse-margise\/\"]}]},{\"@type\":\"ImageObject\",\"inLanguage\":\"ru-RU\",\"@id\":\"https:\/\/dementsus.ee\/ru\/viljandi-haigla-hooldekeskuse-hoolekande-osakond-sai-dementsusesobraliku-asutuse-margise\/#primaryimage\",\"url\":\"https:\/\/eludementsusega.ee\/app\/uploads\/2021\/03\/Viljandi_k-1024x768.jpeg\",\"contentUrl\":\"https:\/\/eludementsusega.ee\/app\/uploads\/2021\/03\/Viljandi_k-1024x768.jpeg\"},{\"@type\":\"BreadcrumbList\",\"@id\":\"https:\/\/dementsus.ee\/ru\/viljandi-haigla-hooldekeskuse-hoolekande-osakond-sai-dementsusesobraliku-asutuse-margise\/#breadcrumb\",\"itemListElement\":[{\"@type\":\"ListItem\",\"position\":1,\"name\":\"Esileht\",\"item\":\"https:\/\/dementsus.ee\/ru\/\"},{\"@type\":\"ListItem\",\"position\":2,\"name\":\"Viljandi Haigla hooldekeskuse hoolekande osakond sai dementsuses\u00f5braliku asutuse m\u00e4rgise\"}]},{\"@type\":\"WebSite\",\"@id\":\"https:\/\/dementsus.ee\/ru\/#website\",\"url\":\"https:\/\/dementsus.ee\/ru\/\",\"name\":\"Dementsuse Kompetentsikeskus\",\"description\":\"dementsuse info ja abi\",\"publisher\":{\"@id\":\"https:\/\/dementsus.ee\/ru\/#organization\"},\"potentialAction\":[{\"@type\":\"SearchAction\",\"target\":{\"@type\":\"EntryPoint\",\"urlTemplate\":\"https:\/\/dementsus.ee\/ru\/?s={search_term_string}\"},\"query-input\":{\"@type\":\"PropertyValueSpecification\",\"valueRequired\":true,\"valueName\":\"search_term_string\"}}],\"inLanguage\":\"ru-RU\"},{\"@type\":\"Organization\",\"@id\":\"https:\/\/dementsus.ee\/ru\/#organization\",\"name\":\"Dementsuse Kompetentsikeskus\",\"url\":\"https:\/\/dementsus.ee\/ru\/\",\"logo\":{\"@type\":\"ImageObject\",\"inLanguage\":\"ru-RU\",\"@id\":\"https:\/\/dementsus.ee\/ru\/#\/schema\/logo\/image\/\",\"url\":\"https:\/\/dementsus.ee\/wp-content\/uploads\/2023\/07\/ED_logo_kodukale.svg\",\"contentUrl\":\"https:\/\/dementsus.ee\/wp-content\/uploads\/2023\/07\/ED_logo_kodukale.svg\",\"caption\":\"Dementsuse Kompetentsikeskus\"},\"image\":{\"@id\":\"https:\/\/dementsus.ee\/ru\/#\/schema\/logo\/image\/\"}},{\"@type\":\"Person\",\"@id\":\"https:\/\/dementsus.ee\/ru\/#\/schema\/person\/dd93d64f20e6c5add626937f6b5931ed\",\"name\":\"Kermo\",\"image\":{\"@type\":\"ImageObject\",\"inLanguage\":\"ru-RU\",\"@id\":\"https:\/\/dementsus.ee\/ru\/#\/schema\/person\/image\/\",\"url\":\"https:\/\/secure.gravatar.com\/avatar\/b2f0128e9063b66b5c6e595d8f4c39037d52f729089f1ad5afc34656e1d58a64?s=96&d=mm&r=g\",\"contentUrl\":\"https:\/\/secure.gravatar.com\/avatar\/b2f0128e9063b66b5c6e595d8f4c39037d52f729089f1ad5afc34656e1d58a64?s=96&d=mm&r=g\",\"caption\":\"Kermo\"},\"url\":\"https:\/\/dementsus.ee\/ru\/author\/kermo\/\"}]}<\/script>\n<!-- \/ Yoast SEO plugin. -->","yoast_head_json":{"title":"Viljandi Haigla hooldekeskuse hoolekande osakond sai dementsuses\u00f5braliku asutuse m\u00e4rgise - Dementsuse Kompetentsikeskus","robots":{"index":"index","follow":"follow","max-snippet":"max-snippet:-1","max-image-preview":"max-image-preview:large","max-video-preview":"max-video-preview:-1"},"canonical":"https:\/\/dementsus.ee\/ru\/viljandi-haigla-hooldekeskuse-hoolekande-osakond-sai-dementsusesobraliku-asutuse-margise\/","og_locale":"ru_RU","og_type":"article","og_title":"Viljandi Haigla hooldekeskuse hoolekande osakond sai dementsuses\u00f5braliku asutuse m\u00e4rgise - Dementsuse Kompetentsikeskus","og_description":"22. m\u00e4rtsil sai Viljandi Haigla hooldekeskuse hoolekande osakond dementsuses\u00f5braliku asutuse m\u00e4rgise. J\u00e4mejalas asuv ringmaja on sellest aastast kohandatud just dementsuss\u00fcndroomiga klientidele. Osakonna juht Elena Erm r\u00f5hutas, kui t\u00e4htis on kogu personali austav suhtumine eakatesse inimestesse. Oluliseks peetakse ka meeskonnat\u00f6\u00f6d, et hooldekande osakonnas elavatel inimestel oleks seal hea olla. Palju tehakse koost\u00f6\u00f6d l\u00e4hedastega \u2013 olgu selleks [&hellip;]","og_url":"https:\/\/dementsus.ee\/ru\/viljandi-haigla-hooldekeskuse-hoolekande-osakond-sai-dementsusesobraliku-asutuse-margise\/","og_site_name":"Dementsuse Kompetentsikeskus","article_published_time":"2021-03-23T11:38:13+00:00","og_image":[{"url":"https:\/\/eludementsusega.ee\/app\/uploads\/2021\/03\/Viljandi_k-1024x768.jpeg","type":"","width":"","height":""}],"author":"Kermo","twitter_card":"summary_large_image","twitter_misc":{"\u041d\u0430\u043f\u0438\u0441\u0430\u043d\u043e \u0430\u0432\u0442\u043e\u0440\u043e\u043c":"Kermo","\u041f\u0440\u0438\u043c\u0435\u0440\u043d\u043e\u0435 \u0432\u0440\u0435\u043c\u044f \u0434\u043b\u044f \u0447\u0442\u0435\u043d\u0438\u044f":"2 \u043c\u0438\u043d\u0443\u0442\u044b"},"schema":{"@context":"https:\/\/schema.org","@graph":[{"@type":"Article","@id":"https:\/\/dementsus.ee\/ru\/viljandi-haigla-hooldekeskuse-hoolekande-osakond-sai-dementsusesobraliku-asutuse-margise\/#article","isPartOf":{"@id":"https:\/\/dementsus.ee\/ru\/viljandi-haigla-hooldekeskuse-hoolekande-osakond-sai-dementsusesobraliku-asutuse-margise\/"},"author":{"name":"Kermo","@id":"https:\/\/dementsus.ee\/ru\/#\/schema\/person\/dd93d64f20e6c5add626937f6b5931ed"},"headline":"Viljandi Haigla hooldekeskuse hoolekande osakond sai dementsuses\u00f5braliku asutuse m\u00e4rgise","datePublished":"2021-03-23T11:38:13+00:00","mainEntityOfPage":{"@id":"https:\/\/dementsus.ee\/ru\/viljandi-haigla-hooldekeskuse-hoolekande-osakond-sai-dementsusesobraliku-asutuse-margise\/"},"wordCount":320,"commentCount":0,"publisher":{"@id":"https:\/\/dementsus.ee\/ru\/#organization"},"image":{"@id":"https:\/\/dementsus.ee\/ru\/viljandi-haigla-hooldekeskuse-hoolekande-osakond-sai-dementsusesobraliku-asutuse-margise\/#primaryimage"},"thumbnailUrl":"https:\/\/eludementsusega.ee\/app\/uploads\/2021\/03\/Viljandi_k-1024x768.jpeg","articleSection":["M\u00e4\u00e4ratlemata"],"inLanguage":"ru-RU"},{"@type":"WebPage","@id":"https:\/\/dementsus.ee\/ru\/viljandi-haigla-hooldekeskuse-hoolekande-osakond-sai-dementsusesobraliku-asutuse-margise\/","url":"https:\/\/dementsus.ee\/ru\/viljandi-haigla-hooldekeskuse-hoolekande-osakond-sai-dementsusesobraliku-asutuse-margise\/","name":"Viljandi Haigla hooldekeskuse hoolekande osakond sai dementsuses\u00f5braliku asutuse m\u00e4rgise - Dementsuse Kompetentsikeskus","isPartOf":{"@id":"https:\/\/dementsus.ee\/ru\/#website"},"primaryImageOfPage":{"@id":"https:\/\/dementsus.ee\/ru\/viljandi-haigla-hooldekeskuse-hoolekande-osakond-sai-dementsusesobraliku-asutuse-margise\/#primaryimage"},"image":{"@id":"https:\/\/dementsus.ee\/ru\/viljandi-haigla-hooldekeskuse-hoolekande-osakond-sai-dementsusesobraliku-asutuse-margise\/#primaryimage"},"thumbnailUrl":"https:\/\/eludementsusega.ee\/app\/uploads\/2021\/03\/Viljandi_k-1024x768.jpeg","datePublished":"2021-03-23T11:38:13+00:00","breadcrumb":{"@id":"https:\/\/dementsus.ee\/ru\/viljandi-haigla-hooldekeskuse-hoolekande-osakond-sai-dementsusesobraliku-asutuse-margise\/#breadcrumb"},"inLanguage":"ru-RU","potentialAction":[{"@type":"ReadAction","target":["https:\/\/dementsus.ee\/ru\/viljandi-haigla-hooldekeskuse-hoolekande-osakond-sai-dementsusesobraliku-asutuse-margise\/"]}]},{"@type":"ImageObject","inLanguage":"ru-RU","@id":"https:\/\/dementsus.ee\/ru\/viljandi-haigla-hooldekeskuse-hoolekande-osakond-sai-dementsusesobraliku-asutuse-margise\/#primaryimage","url":"https:\/\/eludementsusega.ee\/app\/uploads\/2021\/03\/Viljandi_k-1024x768.jpeg","contentUrl":"https:\/\/eludementsusega.ee\/app\/uploads\/2021\/03\/Viljandi_k-1024x768.jpeg"},{"@type":"BreadcrumbList","@id":"https:\/\/dementsus.ee\/ru\/viljandi-haigla-hooldekeskuse-hoolekande-osakond-sai-dementsusesobraliku-asutuse-margise\/#breadcrumb","itemListElement":[{"@type":"ListItem","position":1,"name":"Esileht","item":"https:\/\/dementsus.ee\/ru\/"},{"@type":"ListItem","position":2,"name":"Viljandi Haigla hooldekeskuse hoolekande osakond sai dementsuses\u00f5braliku asutuse m\u00e4rgise"}]},{"@type":"WebSite","@id":"https:\/\/dementsus.ee\/ru\/#website","url":"https:\/\/dementsus.ee\/ru\/","name":"Dementsuse Kompetentsikeskus","description":"dementsuse info ja abi","publisher":{"@id":"https:\/\/dementsus.ee\/ru\/#organization"},"potentialAction":[{"@type":"SearchAction","target":{"@type":"EntryPoint","urlTemplate":"https:\/\/dementsus.ee\/ru\/?s={search_term_string}"},"query-input":{"@type":"PropertyValueSpecification","valueRequired":true,"valueName":"search_term_string"}}],"inLanguage":"ru-RU"},{"@type":"Organization","@id":"https:\/\/dementsus.ee\/ru\/#organization","name":"Dementsuse Kompetentsikeskus","url":"https:\/\/dementsus.ee\/ru\/","logo":{"@type":"ImageObject","inLanguage":"ru-RU","@id":"https:\/\/dementsus.ee\/ru\/#\/schema\/logo\/image\/","url":"https:\/\/dementsus.ee\/wp-content\/uploads\/2023\/07\/ED_logo_kodukale.svg","contentUrl":"https:\/\/dementsus.ee\/wp-content\/uploads\/2023\/07\/ED_logo_kodukale.svg","caption":"Dementsuse Kompetentsikeskus"},"image":{"@id":"https:\/\/dementsus.ee\/ru\/#\/schema\/logo\/image\/"}},{"@type":"Person","@id":"https:\/\/dementsus.ee\/ru\/#\/schema\/person\/dd93d64f20e6c5add626937f6b5931ed","name":"Kermo","image":{"@type":"ImageObject","inLanguage":"ru-RU","@id":"https:\/\/dementsus.ee\/ru\/#\/schema\/person\/image\/","url":"https:\/\/secure.gravatar.com\/avatar\/b2f0128e9063b66b5c6e595d8f4c39037d52f729089f1ad5afc34656e1d58a64?s=96&d=mm&r=g","contentUrl":"https:\/\/secure.gravatar.com\/avatar\/b2f0128e9063b66b5c6e595d8f4c39037d52f729089f1ad5afc34656e1d58a64?s=96&d=mm&r=g","caption":"Kermo"},"url":"https:\/\/dementsus.ee\/ru\/author\/kermo\/"}]}},"_links":{"self":[{"href":"https:\/\/dementsus.ee\/ru\/wp-json\/wp\/v2\/posts\/3424","targetHints":{"allow":["GET"]}}],"collection":[{"href":"https:\/\/dementsus.ee\/ru\/wp-json\/wp\/v2\/posts"}],"about":[{"href":"https:\/\/dementsus.ee\/ru\/wp-json\/wp\/v2\/types\/post"}],"author":[{"embeddable":true,"href":"https:\/\/dementsus.ee\/ru\/wp-json\/wp\/v2\/users\/2"}],"replies":[{"embeddable":true,"href":"https:\/\/dementsus.ee\/ru\/wp-json\/wp\/v2\/comments?post=3424"}],"version-history":[{"count":0,"href":"https:\/\/dementsus.ee\/ru\/wp-json\/wp\/v2\/posts\/3424\/revisions"}],"wp:attachment":[{"href":"https:\/\/dementsus.ee\/ru\/wp-json\/wp\/v2\/media?parent=3424"}],"wp:term":[{"taxonomy":"category","embeddable":true,"href":"https:\/\/dementsus.ee\/ru\/wp-json\/wp\/v2\/categories?post=3424"},{"taxonomy":"post_tag","embeddable":true,"href":"https:\/\/dementsus.ee\/ru\/wp-json\/wp\/v2\/tags?post=3424"},{"taxonomy":"autor","embeddable":true,"href":"https:\/\/dementsus.ee\/ru\/wp-json\/wp\/v2\/autor?post=3424"}],"curies":[{"name":"wp","href":"https:\/\/api.w.org\/{rel}","templated":true}]}}