{"id":3500,"date":"2021-04-12T13:54:52","date_gmt":"2021-04-12T13:54:52","guid":{"rendered":"https:\/\/eludementsusega.ee\/?p=3500"},"modified":"2021-04-12T13:54:52","modified_gmt":"2021-04-12T13:54:52","slug":"uuringud-euroopas-dementsusega-inimestele-tuleb-tagada-nende-oigused-ning-voimaldada-vajaminevad-teenused","status":"publish","type":"post","link":"https:\/\/dementsus.ee\/ru\/uuringud-euroopas-dementsusega-inimestele-tuleb-tagada-nende-oigused-ning-voimaldada-vajaminevad-teenused\/","title":{"rendered":"Uuringud Euroopas: Dementsusega inimestele tuleb tagada nende \u00f5igused ning v\u00f5imaldada vajaminevad teenused"},"content":{"rendered":"<p>M\u00e4rtsis tutvustas Euroopa Alzheimeri \u00fchingute katuseorganisatsioon <em>Alzheimer Europe<\/em> kahte aruannet: esimene neist keskendus dementsusega inimeste \u00f5igustele ja dementsuse teemast tulenevale \u00f5igusruumile, teine aga Euroopa riikide dementsuse poliitikatele, sealhulgas\u00a0 erinevatele teenustele ja nende k\u00e4ttesaadavusele.<\/p>\n<p>Aruandes <a href=\"http:\/\/bit.ly\/AE_Legal_Capacity\" target=\"_blank\" rel=\"noopener\">\u201eTeov\u00f5ime ja otsustus\u00f5igus: teov\u00f5imega seotud eetilised tagaj\u00e4rjed dementsusega inimeste elule\u201c<\/a> vaadatakse juriidilise otsustus\u00f5iguse ja eetiliste aspektide dilemmasid ning probleemkohti.<\/p>\n<p><img fetchpriority=\"high\" decoding=\"async\" class=\"wp-image-3509 alignright\" style=\"font-size: 1.125rem;\" src=\"https:\/\/eludementsusega.ee\/app\/uploads\/2021\/04\/Pilt1-211x300.jpg\" alt=\"\" width=\"278\" height=\"396\" srcset=\"https:\/\/dementsus.ee\/wp-content\/uploads\/2021\/04\/Pilt1-211x300.jpg 211w, https:\/\/dementsus.ee\/wp-content\/uploads\/2021\/04\/Pilt1.jpg 250w\" sizes=\"(max-width: 278px) 100vw, 278px\" \/><\/p>\n<p>Aruandes kajastatakse\u00a0<span style=\"font-size: 1.125rem;\">eestkoste, ravi, hooldus<\/span><span style=\"font-size: 1.125rem;\">e, diagnoosimisel s\u00f5numite edastamise ja edasise hoolduse kavandamise, uuringutes osalemise, sunnimeetmete kohaldamise, Covid-19 tulenevate liikumispiirangute ning p\u00f5h<\/span><span style=\"font-size: 1.125rem;\">i\u00f5iguslikke kodaniku\u2013 ja poliitilise elu erinevaid \u00f5iguslikke tahke.<\/span><\/p>\n<p>T\u00f6\u00f6r\u00fchma v\u00e4lja t\u00f6\u00f6tatud olulised soovitused on j\u00e4rgmised:<\/p>\n<ul>\n<li>eestkoste \u00f5igusruum tuleb \u00fcmber kujundada inimese otsuseid toetavaks. Dementsusega inimeste \u00f5iguste kaitsmisel peab eestkoste olema viimane lahendus kui teised v\u00f5imalused ei ole enam efektiivsed;<\/li>\n<li>toetus otsuste tegemistel peab olema organiseeritud s\u00fcstemaatiliselt ja struktureeritult;<\/li>\n<li>oluline on j\u00e4lgida, kuidas praktikas kasutatakse dementsusega inimeste puhul seadusest tulenevaid tahtevastase kinnipidamise s\u00e4tteid, pigem pakkuda tuge\/toetatud s\u00fcsteemi;<\/li>\n<li>vajalikud on meetmed, et kaitsta dementsusega inimeste \u00f5igusi ja heaolu hoolekandeasutustes, p\u00e4evahoidudes ning mujal, kust dementsusega inimene ei saa vabalt \u00e4ra minna, kuid samas ei ole seaduslikku alust ka tema vabadust seal piirata;<\/li>\n<li>piirangud on \u00f5igustatud ainult ekstreemsituatsioonides, mil dementsusega inimese f\u00fc\u00fcsiline v\u00f5i vaimne heaolu on t\u00f5sises ohus ning piirang on viimane abin\u00f5u, mil ei saa muid sekkumisi kasutada;<\/li>\n<li>riikide valitsustel peab olema kava dementsuse ravi- ja hoolduse teostamiseks COVID-19 pandeemia ajal, vajalikud on juhised, et tuleviku pandeemiate v\u00f5i sarnaste kriiside ajal tagatakse dementsusega inimestele nende \u00f5igused;<\/li>\n<li>inimestele peab j\u00e4\u00e4ma \u00f5igus oma varasemalt v\u00e4ljendatud soovide kehtimiseks kui v\u00e4ljendatu hakkab aeguma ning neil ei ole tervisest tulenevat v\u00f5imekust seda pikendada v\u00f5i anda \u00f5igus \u00fcle nende poolt valitud inimesele;<\/li>\n<li>igal inimesel peab olema v\u00f5imalus saada abi testamendi tegemiseks ning \u00f5igus kaasata sellesse protsessi soovi korral ka oma l\u00e4hikonna liikmeid;<\/li>\n<li>dementsuse diagnoosimine v\u00f5i eestkostemeetme rakendamine ei tohi \u00e4ra v\u00f5tta \u00f5igust valida, abielluda, lahutada, teha testament v\u00f5i koostada oma soovide v\u00e4ljendamise akt.<\/li>\n<\/ul>\n<p>Igasugune \u00f5iguse kaotamine teha otsuseid, nii ametlikke kui mitteametlikke, v\u00f5ib m\u00f5jutada v\u00e4ga palju inimese elu ja heaolu nii ps\u00fchholoogiliselt, emotsionaalselt kui ka praktiliselt. Inim\u00f5igusi tuleb austada ning tagada, et dementsusega inimestele oleks antud v\u00f5imalus osaleda \u00fchiskondlikus- poliitilises-, majanduslikus-, sotsiaalses- ja kultuurielus.<\/p>\n<p><em>Alzheimer Europe<\/em>\u00b4i tegevjuht Jean Georges t\u00f5i aruannet tutvustades v\u00e4lja, et seaduseloojate, tervishoiu- ja sotsiaalhoolekandesektori, notarite ning \u00fcldsuse olulisus on teha koost\u00f6\u00f6d piirangute eemaldamiseks ning \u00a0tagada dementsusega inimestele asjakohane ja \u00f5igeaegne tugi toetamaks nende \u00f5igusi\u00a0 v\u00f5imalikult kaua. \u00a0\u201ePeame looma paindlikud ja inimlikud s\u00fcsteemid ning j\u00e4tma minevikku kunagised arusaamad, traditsioonid ning eelarvamused, mille t\u00f5ttu dementsusega inimesed ei saa teha oma soovidest ja v\u00e4\u00e4rtustest l\u00e4htuvaid otsuseid enda elu kohta&#187;, \u00fctles Jean Georges.<\/p>\n<p><img decoding=\"async\" class=\"wp-image-3510 alignright\" style=\"font-size: 1.125rem;\" src=\"https:\/\/eludementsusega.ee\/app\/uploads\/2021\/04\/teenused-211x300.jpg\" alt=\"\" width=\"250\" height=\"355\" srcset=\"https:\/\/dementsus.ee\/wp-content\/uploads\/2021\/04\/teenused-211x300.jpg 211w, https:\/\/dementsus.ee\/wp-content\/uploads\/2021\/04\/teenused.jpg 246w\" sizes=\"(max-width: 250px) 100vw, 250px\" \/>Teine m\u00e4rtsi<span style=\"font-size: 1.125rem;\">s <\/span>ilmunu<span style=\"font-size: 1.125rem;\">d aru<\/span><span style=\"font-size: 1.125rem;\">anne<\/span><a style=\"font-size: 1.125rem;\" href=\"#_ftn1\" name=\"_ftnref1\">[1]<\/a> <a style=\"font-size: 1.125rem;\" href=\"http:\/\/bit.ly\/DementiaMonitor2020\" target=\"_blank\" rel=\"noopener\">\u201eDementsusest Euroopas 2020\u201c<\/a><span style=\"font-size: 1.125rem;\"> annab \u00fclevaate, kuidas erinevad Euroopa riigid on arendanud dementsuse st<\/span><span style=\"font-size: 1.125rem;\">rateegiaid ning probleemidele lahendusi leidnud. Luubi all on 1<\/span><span style=\"font-size: 1.125rem;\">0 valdkonda, sealh<\/span><span style=\"font-size: 1.125rem;\">ulgas hooldus- ja toetavad teenused, osalemine Euroopa kliinilistes uuringutes, poliitikate kujundamine ja \u00f5iguskaitse.<\/span><\/p>\n<p>Sarnane uuring viidi l\u00e4bi ka 2017. aastal. Kahe uuringu tulemuste v\u00f5rdlusena saab hinnata valdkondade arengut kolme aasta jooksul.<\/p>\n<p>Riikide enda hinnangute p\u00f5hjal peetakse olulisemateks dementsuse valdkonna teenusteks:<\/p>\n<ol>\n<li>hoolduskoordinatsioon\/hoolduse juhtimine<\/li>\n<li>koduabi<\/li>\n<li>mobiilne toitlustamine<\/li>\n<li>p\u00f5iepidamatuse abi<\/li>\n<li>abistavad tehnoloogiad<\/li>\n<li>tele-turvalisus<\/li>\n<li>kodu kohandamine<\/li>\n<li>koduteenus (isiklik h\u00fcgieen, ravimid)<\/li>\n<li>n\u00f5ustamine<\/li>\n<li>tugigrupid dementsusega inimestele<\/li>\n<li>tugigrupid dementsusega inimeste l\u00e4hedastele<\/li>\n<li>hingamisabi kodus<\/li>\n<li>l\u00e4hedastele puhkuse v\u00f5imaldamine<\/li>\n<li>hooldajate koolitus<\/li>\n<li>Alzheimeri kohvikud\/m\u00e4lukohvikud<\/li>\n<li>p\u00e4evahoid<\/li>\n<li>asutushooldus\/\u00f5endusabi hooldus<\/li>\n<li>palliatiivne ravi<\/li>\n<\/ol>\n<p>Olulisemad uuringu j\u00e4reldused:<\/p>\n<ul>\n<li>hooldus- ja toetavad teenused ei ole j\u00e4tkuvalt k\u00e4ttesaadavad, areng v\u00f5rreldes 2017. aastaga on v\u00e4ga v\u00e4ike;<\/li>\n<li>riigid rahastavad vaid teatud osa teenustest, inimeste omavastutus on v\u00e4ga suur;<\/li>\n<li>v\u00f5rreldes 2017. aastaga, on juurde tulnud riike, kes eesm\u00e4rgistavad ja arendavad dementsuse strateegiaid;<\/li>\n<li>Kesk- ja Ida-Euroopa riikide osalus dementsuse kliinilistes uuringutes on j\u00e4tkuvalt v\u00e4ga madal;<\/li>\n<li>dementsusega inimeste ja nende l\u00e4hedaste \u00f5iguste kaitse, eriti t\u00f6\u00f6turul osalemiseks, on j\u00e4tkuvalt ebapiisav;<\/li>\n<li>L\u00e4\u00e4ne- ja Ida-Euroopa riikide vahel on j\u00e4tkuvalt v\u00e4ga suur erinevus, kuidas riikide valitsused dementsusega seotud teemadesse suhtuvad ja neile reageerivad.<\/li>\n<\/ul>\n<p>Uuringu tulemuste p\u00f5hjal saab teha j\u00e4relduse, et dementsuse valdkonna areng on \u00a0olnud tagasihoidlik, kuna enamus vajaminevaid teenuseid on j\u00e4tkuvalt inimestele k\u00e4ttesaamatud. 2050-ndaks aastaks kasvab dementsusega inimeste arv Euroopas 9,78 miljonilt 18,8 miljonini. Dementsusega inimesi ja nende l\u00e4hedasi tuleb toetada kogu haiguse teekonna jooksul, alates diagnoosi saamisest kuni elu l\u00f5puni. Riigid peavad palju rohkem investeerima tervishoiu- ja sotsiaalhoolekande s\u00fcsteemidesse, et pakkuda vajaminevaid teenuseid ning tagada nende j\u00e4tkusuutlikkus.<\/p>\n<p>2008. aastal oli 27 Euroopa Liidu riikides dementsusega seotud kulu 160 miljardit eurot, millest 56% moodustas mitteformaalse hooldusega seotud kulu. \u00dche dementsusega inimese kulu oli hinnanguliselt 22 tuhat eurot aastas. L\u00e4\u00e4ne-Euroopa riikides oli kulu \u00fchele dementsusega inimesele 8 korda k\u00f5rgem v\u00f5rrelduna Ida-Euroopa riikidega.<\/p>\n<p><a href=\"#_ftnref1\" name=\"_ftn1\">[1]<\/a> Eesti uuringus ei osalenud<\/p>\n","protected":false},"excerpt":{"rendered":"<p>M\u00e4rtsis tutvustas Euroopa Alzheimeri \u00fchingute katuseorganisatsioon Alzheimer Europe kahte aruannet: esimene neist keskendus dementsusega inimeste \u00f5igustele ja dementsuse teemast tulenevale \u00f5igusruumile, teine aga Euroopa riikide dementsuse poliitikatele, sealhulgas\u00a0 erinevatele teenustele ja nende k\u00e4ttesaadavusele. Aruandes \u201eTeov\u00f5ime ja otsustus\u00f5igus: teov\u00f5imega seotud eetilised tagaj\u00e4rjed dementsusega inimeste elule\u201c vaadatakse juriidilise otsustus\u00f5iguse ja eetiliste aspektide dilemmasid ning probleemkohti. Aruandes kajastatakse\u00a0eestkoste, [&hellip;]<\/p>\n","protected":false},"author":2,"featured_media":0,"comment_status":"open","ping_status":"open","sticky":false,"template":"","format":"standard","meta":{"footnotes":""},"categories":[1],"tags":[],"autor":[],"class_list":["post-3500","post","type-post","status-publish","format-standard","hentry","category-maaratlemata"],"yoast_head":"<!-- This site is optimized with the Yoast SEO plugin v26.2 - https:\/\/yoast.com\/wordpress\/plugins\/seo\/ -->\n<title>Uuringud Euroopas: Dementsusega inimestele tuleb tagada nende \u00f5igused ning v\u00f5imaldada vajaminevad teenused - Dementsuse Kompetentsikeskus<\/title>\n<meta name=\"robots\" content=\"index, follow, max-snippet:-1, max-image-preview:large, max-video-preview:-1\" \/>\n<link rel=\"canonical\" href=\"https:\/\/dementsus.ee\/ru\/uuringud-euroopas-dementsusega-inimestele-tuleb-tagada-nende-oigused-ning-voimaldada-vajaminevad-teenused\/\" \/>\n<meta property=\"og:locale\" content=\"ru_RU\" \/>\n<meta property=\"og:type\" content=\"article\" \/>\n<meta property=\"og:title\" content=\"Uuringud Euroopas: Dementsusega inimestele tuleb tagada nende \u00f5igused ning v\u00f5imaldada vajaminevad teenused - Dementsuse Kompetentsikeskus\" \/>\n<meta property=\"og:description\" content=\"M\u00e4rtsis tutvustas Euroopa Alzheimeri \u00fchingute katuseorganisatsioon Alzheimer Europe kahte aruannet: esimene neist keskendus dementsusega inimeste \u00f5igustele ja dementsuse teemast tulenevale \u00f5igusruumile, teine aga Euroopa riikide dementsuse poliitikatele, sealhulgas\u00a0 erinevatele teenustele ja nende k\u00e4ttesaadavusele. Aruandes \u201eTeov\u00f5ime ja otsustus\u00f5igus: teov\u00f5imega seotud eetilised tagaj\u00e4rjed dementsusega inimeste elule\u201c vaadatakse juriidilise otsustus\u00f5iguse ja eetiliste aspektide dilemmasid ning probleemkohti. Aruandes kajastatakse\u00a0eestkoste, [&hellip;]\" \/>\n<meta property=\"og:url\" content=\"https:\/\/dementsus.ee\/ru\/uuringud-euroopas-dementsusega-inimestele-tuleb-tagada-nende-oigused-ning-voimaldada-vajaminevad-teenused\/\" \/>\n<meta property=\"og:site_name\" content=\"Dementsuse Kompetentsikeskus\" \/>\n<meta property=\"article:published_time\" content=\"2021-04-12T13:54:52+00:00\" \/>\n<meta property=\"og:image\" content=\"https:\/\/eludementsusega.ee\/app\/uploads\/2021\/04\/Pilt1-211x300.jpg\" \/>\n<meta name=\"author\" content=\"Kermo\" \/>\n<meta name=\"twitter:card\" content=\"summary_large_image\" \/>\n<meta name=\"twitter:label1\" content=\"\u041d\u0430\u043f\u0438\u0441\u0430\u043d\u043e \u0430\u0432\u0442\u043e\u0440\u043e\u043c\" \/>\n\t<meta name=\"twitter:data1\" content=\"Kermo\" \/>\n\t<meta name=\"twitter:label2\" content=\"\u041f\u0440\u0438\u043c\u0435\u0440\u043d\u043e\u0435 \u0432\u0440\u0435\u043c\u044f \u0434\u043b\u044f \u0447\u0442\u0435\u043d\u0438\u044f\" \/>\n\t<meta name=\"twitter:data2\" content=\"4 \u043c\u0438\u043d\u0443\u0442\u044b\" \/>\n<script type=\"application\/ld+json\" class=\"yoast-schema-graph\">{\"@context\":\"https:\/\/schema.org\",\"@graph\":[{\"@type\":\"Article\",\"@id\":\"https:\/\/dementsus.ee\/ru\/uuringud-euroopas-dementsusega-inimestele-tuleb-tagada-nende-oigused-ning-voimaldada-vajaminevad-teenused\/#article\",\"isPartOf\":{\"@id\":\"https:\/\/dementsus.ee\/ru\/uuringud-euroopas-dementsusega-inimestele-tuleb-tagada-nende-oigused-ning-voimaldada-vajaminevad-teenused\/\"},\"author\":{\"name\":\"Kermo\",\"@id\":\"https:\/\/dementsus.ee\/ru\/#\/schema\/person\/dd93d64f20e6c5add626937f6b5931ed\"},\"headline\":\"Uuringud Euroopas: Dementsusega inimestele tuleb tagada nende \u00f5igused ning v\u00f5imaldada vajaminevad teenused\",\"datePublished\":\"2021-04-12T13:54:52+00:00\",\"mainEntityOfPage\":{\"@id\":\"https:\/\/dementsus.ee\/ru\/uuringud-euroopas-dementsusega-inimestele-tuleb-tagada-nende-oigused-ning-voimaldada-vajaminevad-teenused\/\"},\"wordCount\":813,\"commentCount\":0,\"publisher\":{\"@id\":\"https:\/\/dementsus.ee\/ru\/#organization\"},\"image\":{\"@id\":\"https:\/\/dementsus.ee\/ru\/uuringud-euroopas-dementsusega-inimestele-tuleb-tagada-nende-oigused-ning-voimaldada-vajaminevad-teenused\/#primaryimage\"},\"thumbnailUrl\":\"https:\/\/eludementsusega.ee\/app\/uploads\/2021\/04\/Pilt1-211x300.jpg\",\"articleSection\":[\"M\u00e4\u00e4ratlemata\"],\"inLanguage\":\"ru-RU\"},{\"@type\":\"WebPage\",\"@id\":\"https:\/\/dementsus.ee\/ru\/uuringud-euroopas-dementsusega-inimestele-tuleb-tagada-nende-oigused-ning-voimaldada-vajaminevad-teenused\/\",\"url\":\"https:\/\/dementsus.ee\/ru\/uuringud-euroopas-dementsusega-inimestele-tuleb-tagada-nende-oigused-ning-voimaldada-vajaminevad-teenused\/\",\"name\":\"Uuringud Euroopas: Dementsusega inimestele tuleb tagada nende \u00f5igused ning v\u00f5imaldada vajaminevad teenused - Dementsuse Kompetentsikeskus\",\"isPartOf\":{\"@id\":\"https:\/\/dementsus.ee\/ru\/#website\"},\"primaryImageOfPage\":{\"@id\":\"https:\/\/dementsus.ee\/ru\/uuringud-euroopas-dementsusega-inimestele-tuleb-tagada-nende-oigused-ning-voimaldada-vajaminevad-teenused\/#primaryimage\"},\"image\":{\"@id\":\"https:\/\/dementsus.ee\/ru\/uuringud-euroopas-dementsusega-inimestele-tuleb-tagada-nende-oigused-ning-voimaldada-vajaminevad-teenused\/#primaryimage\"},\"thumbnailUrl\":\"https:\/\/eludementsusega.ee\/app\/uploads\/2021\/04\/Pilt1-211x300.jpg\",\"datePublished\":\"2021-04-12T13:54:52+00:00\",\"breadcrumb\":{\"@id\":\"https:\/\/dementsus.ee\/ru\/uuringud-euroopas-dementsusega-inimestele-tuleb-tagada-nende-oigused-ning-voimaldada-vajaminevad-teenused\/#breadcrumb\"},\"inLanguage\":\"ru-RU\",\"potentialAction\":[{\"@type\":\"ReadAction\",\"target\":[\"https:\/\/dementsus.ee\/ru\/uuringud-euroopas-dementsusega-inimestele-tuleb-tagada-nende-oigused-ning-voimaldada-vajaminevad-teenused\/\"]}]},{\"@type\":\"ImageObject\",\"inLanguage\":\"ru-RU\",\"@id\":\"https:\/\/dementsus.ee\/ru\/uuringud-euroopas-dementsusega-inimestele-tuleb-tagada-nende-oigused-ning-voimaldada-vajaminevad-teenused\/#primaryimage\",\"url\":\"https:\/\/eludementsusega.ee\/app\/uploads\/2021\/04\/Pilt1-211x300.jpg\",\"contentUrl\":\"https:\/\/eludementsusega.ee\/app\/uploads\/2021\/04\/Pilt1-211x300.jpg\"},{\"@type\":\"BreadcrumbList\",\"@id\":\"https:\/\/dementsus.ee\/ru\/uuringud-euroopas-dementsusega-inimestele-tuleb-tagada-nende-oigused-ning-voimaldada-vajaminevad-teenused\/#breadcrumb\",\"itemListElement\":[{\"@type\":\"ListItem\",\"position\":1,\"name\":\"Esileht\",\"item\":\"https:\/\/dementsus.ee\/ru\/\"},{\"@type\":\"ListItem\",\"position\":2,\"name\":\"Uuringud Euroopas: Dementsusega inimestele tuleb tagada nende \u00f5igused ning v\u00f5imaldada vajaminevad teenused\"}]},{\"@type\":\"WebSite\",\"@id\":\"https:\/\/dementsus.ee\/ru\/#website\",\"url\":\"https:\/\/dementsus.ee\/ru\/\",\"name\":\"Dementsuse Kompetentsikeskus\",\"description\":\"dementsuse info ja abi\",\"publisher\":{\"@id\":\"https:\/\/dementsus.ee\/ru\/#organization\"},\"potentialAction\":[{\"@type\":\"SearchAction\",\"target\":{\"@type\":\"EntryPoint\",\"urlTemplate\":\"https:\/\/dementsus.ee\/ru\/?s={search_term_string}\"},\"query-input\":{\"@type\":\"PropertyValueSpecification\",\"valueRequired\":true,\"valueName\":\"search_term_string\"}}],\"inLanguage\":\"ru-RU\"},{\"@type\":\"Organization\",\"@id\":\"https:\/\/dementsus.ee\/ru\/#organization\",\"name\":\"Dementsuse Kompetentsikeskus\",\"url\":\"https:\/\/dementsus.ee\/ru\/\",\"logo\":{\"@type\":\"ImageObject\",\"inLanguage\":\"ru-RU\",\"@id\":\"https:\/\/dementsus.ee\/ru\/#\/schema\/logo\/image\/\",\"url\":\"https:\/\/dementsus.ee\/wp-content\/uploads\/2023\/07\/ED_logo_kodukale.svg\",\"contentUrl\":\"https:\/\/dementsus.ee\/wp-content\/uploads\/2023\/07\/ED_logo_kodukale.svg\",\"caption\":\"Dementsuse Kompetentsikeskus\"},\"image\":{\"@id\":\"https:\/\/dementsus.ee\/ru\/#\/schema\/logo\/image\/\"}},{\"@type\":\"Person\",\"@id\":\"https:\/\/dementsus.ee\/ru\/#\/schema\/person\/dd93d64f20e6c5add626937f6b5931ed\",\"name\":\"Kermo\",\"image\":{\"@type\":\"ImageObject\",\"inLanguage\":\"ru-RU\",\"@id\":\"https:\/\/dementsus.ee\/ru\/#\/schema\/person\/image\/\",\"url\":\"https:\/\/secure.gravatar.com\/avatar\/b2f0128e9063b66b5c6e595d8f4c39037d52f729089f1ad5afc34656e1d58a64?s=96&d=mm&r=g\",\"contentUrl\":\"https:\/\/secure.gravatar.com\/avatar\/b2f0128e9063b66b5c6e595d8f4c39037d52f729089f1ad5afc34656e1d58a64?s=96&d=mm&r=g\",\"caption\":\"Kermo\"},\"url\":\"https:\/\/dementsus.ee\/ru\/author\/kermo\/\"}]}<\/script>\n<!-- \/ Yoast SEO plugin. -->","yoast_head_json":{"title":"Uuringud Euroopas: Dementsusega inimestele tuleb tagada nende \u00f5igused ning v\u00f5imaldada vajaminevad teenused - Dementsuse Kompetentsikeskus","robots":{"index":"index","follow":"follow","max-snippet":"max-snippet:-1","max-image-preview":"max-image-preview:large","max-video-preview":"max-video-preview:-1"},"canonical":"https:\/\/dementsus.ee\/ru\/uuringud-euroopas-dementsusega-inimestele-tuleb-tagada-nende-oigused-ning-voimaldada-vajaminevad-teenused\/","og_locale":"ru_RU","og_type":"article","og_title":"Uuringud Euroopas: Dementsusega inimestele tuleb tagada nende \u00f5igused ning v\u00f5imaldada vajaminevad teenused - Dementsuse Kompetentsikeskus","og_description":"M\u00e4rtsis tutvustas Euroopa Alzheimeri \u00fchingute katuseorganisatsioon Alzheimer Europe kahte aruannet: esimene neist keskendus dementsusega inimeste \u00f5igustele ja dementsuse teemast tulenevale \u00f5igusruumile, teine aga Euroopa riikide dementsuse poliitikatele, sealhulgas\u00a0 erinevatele teenustele ja nende k\u00e4ttesaadavusele. Aruandes \u201eTeov\u00f5ime ja otsustus\u00f5igus: teov\u00f5imega seotud eetilised tagaj\u00e4rjed dementsusega inimeste elule\u201c vaadatakse juriidilise otsustus\u00f5iguse ja eetiliste aspektide dilemmasid ning probleemkohti. Aruandes kajastatakse\u00a0eestkoste, [&hellip;]","og_url":"https:\/\/dementsus.ee\/ru\/uuringud-euroopas-dementsusega-inimestele-tuleb-tagada-nende-oigused-ning-voimaldada-vajaminevad-teenused\/","og_site_name":"Dementsuse Kompetentsikeskus","article_published_time":"2021-04-12T13:54:52+00:00","og_image":[{"url":"https:\/\/eludementsusega.ee\/app\/uploads\/2021\/04\/Pilt1-211x300.jpg","type":"","width":"","height":""}],"author":"Kermo","twitter_card":"summary_large_image","twitter_misc":{"\u041d\u0430\u043f\u0438\u0441\u0430\u043d\u043e \u0430\u0432\u0442\u043e\u0440\u043e\u043c":"Kermo","\u041f\u0440\u0438\u043c\u0435\u0440\u043d\u043e\u0435 \u0432\u0440\u0435\u043c\u044f \u0434\u043b\u044f \u0447\u0442\u0435\u043d\u0438\u044f":"4 \u043c\u0438\u043d\u0443\u0442\u044b"},"schema":{"@context":"https:\/\/schema.org","@graph":[{"@type":"Article","@id":"https:\/\/dementsus.ee\/ru\/uuringud-euroopas-dementsusega-inimestele-tuleb-tagada-nende-oigused-ning-voimaldada-vajaminevad-teenused\/#article","isPartOf":{"@id":"https:\/\/dementsus.ee\/ru\/uuringud-euroopas-dementsusega-inimestele-tuleb-tagada-nende-oigused-ning-voimaldada-vajaminevad-teenused\/"},"author":{"name":"Kermo","@id":"https:\/\/dementsus.ee\/ru\/#\/schema\/person\/dd93d64f20e6c5add626937f6b5931ed"},"headline":"Uuringud Euroopas: Dementsusega inimestele tuleb tagada nende \u00f5igused ning v\u00f5imaldada vajaminevad teenused","datePublished":"2021-04-12T13:54:52+00:00","mainEntityOfPage":{"@id":"https:\/\/dementsus.ee\/ru\/uuringud-euroopas-dementsusega-inimestele-tuleb-tagada-nende-oigused-ning-voimaldada-vajaminevad-teenused\/"},"wordCount":813,"commentCount":0,"publisher":{"@id":"https:\/\/dementsus.ee\/ru\/#organization"},"image":{"@id":"https:\/\/dementsus.ee\/ru\/uuringud-euroopas-dementsusega-inimestele-tuleb-tagada-nende-oigused-ning-voimaldada-vajaminevad-teenused\/#primaryimage"},"thumbnailUrl":"https:\/\/eludementsusega.ee\/app\/uploads\/2021\/04\/Pilt1-211x300.jpg","articleSection":["M\u00e4\u00e4ratlemata"],"inLanguage":"ru-RU"},{"@type":"WebPage","@id":"https:\/\/dementsus.ee\/ru\/uuringud-euroopas-dementsusega-inimestele-tuleb-tagada-nende-oigused-ning-voimaldada-vajaminevad-teenused\/","url":"https:\/\/dementsus.ee\/ru\/uuringud-euroopas-dementsusega-inimestele-tuleb-tagada-nende-oigused-ning-voimaldada-vajaminevad-teenused\/","name":"Uuringud Euroopas: Dementsusega inimestele tuleb tagada nende \u00f5igused ning v\u00f5imaldada vajaminevad teenused - Dementsuse Kompetentsikeskus","isPartOf":{"@id":"https:\/\/dementsus.ee\/ru\/#website"},"primaryImageOfPage":{"@id":"https:\/\/dementsus.ee\/ru\/uuringud-euroopas-dementsusega-inimestele-tuleb-tagada-nende-oigused-ning-voimaldada-vajaminevad-teenused\/#primaryimage"},"image":{"@id":"https:\/\/dementsus.ee\/ru\/uuringud-euroopas-dementsusega-inimestele-tuleb-tagada-nende-oigused-ning-voimaldada-vajaminevad-teenused\/#primaryimage"},"thumbnailUrl":"https:\/\/eludementsusega.ee\/app\/uploads\/2021\/04\/Pilt1-211x300.jpg","datePublished":"2021-04-12T13:54:52+00:00","breadcrumb":{"@id":"https:\/\/dementsus.ee\/ru\/uuringud-euroopas-dementsusega-inimestele-tuleb-tagada-nende-oigused-ning-voimaldada-vajaminevad-teenused\/#breadcrumb"},"inLanguage":"ru-RU","potentialAction":[{"@type":"ReadAction","target":["https:\/\/dementsus.ee\/ru\/uuringud-euroopas-dementsusega-inimestele-tuleb-tagada-nende-oigused-ning-voimaldada-vajaminevad-teenused\/"]}]},{"@type":"ImageObject","inLanguage":"ru-RU","@id":"https:\/\/dementsus.ee\/ru\/uuringud-euroopas-dementsusega-inimestele-tuleb-tagada-nende-oigused-ning-voimaldada-vajaminevad-teenused\/#primaryimage","url":"https:\/\/eludementsusega.ee\/app\/uploads\/2021\/04\/Pilt1-211x300.jpg","contentUrl":"https:\/\/eludementsusega.ee\/app\/uploads\/2021\/04\/Pilt1-211x300.jpg"},{"@type":"BreadcrumbList","@id":"https:\/\/dementsus.ee\/ru\/uuringud-euroopas-dementsusega-inimestele-tuleb-tagada-nende-oigused-ning-voimaldada-vajaminevad-teenused\/#breadcrumb","itemListElement":[{"@type":"ListItem","position":1,"name":"Esileht","item":"https:\/\/dementsus.ee\/ru\/"},{"@type":"ListItem","position":2,"name":"Uuringud Euroopas: Dementsusega inimestele tuleb tagada nende \u00f5igused ning v\u00f5imaldada vajaminevad teenused"}]},{"@type":"WebSite","@id":"https:\/\/dementsus.ee\/ru\/#website","url":"https:\/\/dementsus.ee\/ru\/","name":"Dementsuse Kompetentsikeskus","description":"dementsuse info ja abi","publisher":{"@id":"https:\/\/dementsus.ee\/ru\/#organization"},"potentialAction":[{"@type":"SearchAction","target":{"@type":"EntryPoint","urlTemplate":"https:\/\/dementsus.ee\/ru\/?s={search_term_string}"},"query-input":{"@type":"PropertyValueSpecification","valueRequired":true,"valueName":"search_term_string"}}],"inLanguage":"ru-RU"},{"@type":"Organization","@id":"https:\/\/dementsus.ee\/ru\/#organization","name":"Dementsuse Kompetentsikeskus","url":"https:\/\/dementsus.ee\/ru\/","logo":{"@type":"ImageObject","inLanguage":"ru-RU","@id":"https:\/\/dementsus.ee\/ru\/#\/schema\/logo\/image\/","url":"https:\/\/dementsus.ee\/wp-content\/uploads\/2023\/07\/ED_logo_kodukale.svg","contentUrl":"https:\/\/dementsus.ee\/wp-content\/uploads\/2023\/07\/ED_logo_kodukale.svg","caption":"Dementsuse Kompetentsikeskus"},"image":{"@id":"https:\/\/dementsus.ee\/ru\/#\/schema\/logo\/image\/"}},{"@type":"Person","@id":"https:\/\/dementsus.ee\/ru\/#\/schema\/person\/dd93d64f20e6c5add626937f6b5931ed","name":"Kermo","image":{"@type":"ImageObject","inLanguage":"ru-RU","@id":"https:\/\/dementsus.ee\/ru\/#\/schema\/person\/image\/","url":"https:\/\/secure.gravatar.com\/avatar\/b2f0128e9063b66b5c6e595d8f4c39037d52f729089f1ad5afc34656e1d58a64?s=96&d=mm&r=g","contentUrl":"https:\/\/secure.gravatar.com\/avatar\/b2f0128e9063b66b5c6e595d8f4c39037d52f729089f1ad5afc34656e1d58a64?s=96&d=mm&r=g","caption":"Kermo"},"url":"https:\/\/dementsus.ee\/ru\/author\/kermo\/"}]}},"_links":{"self":[{"href":"https:\/\/dementsus.ee\/ru\/wp-json\/wp\/v2\/posts\/3500","targetHints":{"allow":["GET"]}}],"collection":[{"href":"https:\/\/dementsus.ee\/ru\/wp-json\/wp\/v2\/posts"}],"about":[{"href":"https:\/\/dementsus.ee\/ru\/wp-json\/wp\/v2\/types\/post"}],"author":[{"embeddable":true,"href":"https:\/\/dementsus.ee\/ru\/wp-json\/wp\/v2\/users\/2"}],"replies":[{"embeddable":true,"href":"https:\/\/dementsus.ee\/ru\/wp-json\/wp\/v2\/comments?post=3500"}],"version-history":[{"count":0,"href":"https:\/\/dementsus.ee\/ru\/wp-json\/wp\/v2\/posts\/3500\/revisions"}],"wp:attachment":[{"href":"https:\/\/dementsus.ee\/ru\/wp-json\/wp\/v2\/media?parent=3500"}],"wp:term":[{"taxonomy":"category","embeddable":true,"href":"https:\/\/dementsus.ee\/ru\/wp-json\/wp\/v2\/categories?post=3500"},{"taxonomy":"post_tag","embeddable":true,"href":"https:\/\/dementsus.ee\/ru\/wp-json\/wp\/v2\/tags?post=3500"},{"taxonomy":"autor","embeddable":true,"href":"https:\/\/dementsus.ee\/ru\/wp-json\/wp\/v2\/autor?post=3500"}],"curies":[{"name":"wp","href":"https:\/\/api.w.org\/{rel}","templated":true}]}}