{"id":3548,"date":"2021-04-20T06:52:19","date_gmt":"2021-04-20T06:52:19","guid":{"rendered":"https:\/\/eludementsusega.ee\/?p=3548"},"modified":"2021-04-20T06:52:19","modified_gmt":"2021-04-20T06:52:19","slug":"lahedaste-tugigrupp-pakub-tuge-ja-infot","status":"publish","type":"post","link":"https:\/\/dementsus.ee\/ru\/lahedaste-tugigrupp-pakub-tuge-ja-infot\/","title":{"rendered":"L\u00e4hedaste tugigrupp pakub tuge ja infot"},"content":{"rendered":"<p>Eestis oli 2018. aastal hinnanguliselt \u00fcle 22 000 dementsusega inimese. Erinevad eksperdid arvavad, et aastaks 2050 on dementsusega inimeste arv kahe- v\u00f5i isegi kolmekordistunud, ulatudes 35 000 \u2013 55 000 inimeseni. Ja enamikul dementsusega inimestest on nende k\u00f5rval ka pereliikmed, l\u00e4hedased, s\u00f5brad, naabrid &#8212; need, keda dementsuse teema v\u00e4ga l\u00e4hedalt puudutab. Paljud neist inimestest vajavad tuge ja n\u00f5ustamist, kuidas ise toime tulla olukorraga, kui l\u00e4hedane on saanud raske diagnoosi, samuti l\u00e4hedased vajavad n\u00f5u ja nippe, kuidas dementsusega inimest parimal moel abistada ja toetada. \u00a0MT\u00dc Elu Dementsusega koost\u00f6\u00f6s Dementsuse Kompetentsikeskusega on loonud \u00fcle Eesti tugigruppide v\u00f5rgustiku. Tugigrupis arutletakse v\u00e4ljap\u00e4\u00e4smatuna n\u00e4ivate olukordade \u00fcle, jagatakse muresid ja r\u00f5\u00f5me, leitakse uusi kontakte ja s\u00f5pru, v\u00e4hendatakse isolatsiooni, keskendutakse positiivsetele eeskujudele grupis, mis omakorda inspireerib ja annab uut lootust. On t\u00e4heldatud ka seda, et pakkudes teistele liikmetele n\u00f5u ja tuge, hakatakse oma probleemi ka uue nurga alt teadvustama.<\/p>\n<p>Dementsusega inimeste l\u00e4hedaste tugigrupp on eelk\u00f5ige eneseabigrupp, mitte teraapiagrupp. Kui teraapiagruppi juhib professionaal, siis antud tugigruppide eestvedajateks on enamasti MT\u00dc Elu Dementsusega vabatahtlikud, aga v\u00f5ivad olla ka kogemustega grupiliikmed.<\/p>\n<p>Dementsusega inimeste l\u00e4hedaste tugigrupid tegutsevad Eesti 21-s erinevas piirkonnas. Sellel aastal on plaanis avada tugigrupid P\u00f5lva-, Valga- ja Hiiumaal, siis on igas Eesti maakonnas v\u00e4hemalt \u00fcks tegutsev tugigrupp.<\/p>\n<p>Eelmisel aasta alguses alanud koroonakriis m\u00f5jutas v\u00e4ga palju ka MT\u00dc Elu Dementsusega ja Dementsuse Kompetentsikeskuse t\u00f6\u00f6d. Kui enne koroonakriisi puhkemist oli v\u00e4ga oluline, et dementsusega inimeste l\u00e4hedaste tugigrupis osalevad inimesed saaksid oma tugigrupiliikmetega kokku \u00fchisel pinnal, siis alanud pandeemia seda enam ei v\u00f5imaldanud. See oli ajendiks alustada tugigruppide korraldamisega virtuaalselt. Virtuaalse tugigrupi eelisteks saab nimetada seda, et see v\u00f5imaldab tugigrupis osaleda ka nendel inimestel, kes kodust l\u00e4hedase hoolduskoormuse t\u00f5ttu \u00e4ra minna ei saa v\u00f5i kelle piirkonnas ei ole \u00fcldse tugigruppi veel loodud. Samuti on v\u00f5imalik teha ka selliseid kohtumisi, kus osad inimesed tulevad f\u00fc\u00fcsiliselt kokku, kuid samal ajal kodus olevad liikmed saavad ikkagi videosilla vahendusel kohtumisel osaleda.<\/p>\n<p>Arusaadavalt ei ole v\u00f5imalik virtuaalses tugigrupis kokku saada selliselt nagu me tavaliselt oleme harjunud, kus inimesed saavad vahetult oma emotsioone \u00f5lg \u00f5la k\u00f5rval jagada ja tunda \u00fcksteise kohalolekut ja positiivset energiat, kuid kindlasti on virtuaalne tugigrupp v\u00f5imalus neile kes vajavad infot, toetust ja r\u00e4\u00e4kimist sarnases olukorras olevate inimestega.<\/p>\n<p>Selle aasta esimese kolme kuu jooksul on toimunud 15 tugigruppi, \u00fcheksal korral said osalejad kokku f\u00fc\u00fcsilises keskkonnas, millest kolmel korral oli \u00fchendus ka kodus olevate osalejatega ja kuuel korral kohtuti virtuaalses tugigrupis. Ja kui olud v\u00f5imaldavad, siis j\u00e4tkavad tegevust ka tavalised f\u00fc\u00fcsiliste kogunemistega tugigrupid.<\/p>\n<p>Tugigrupiga saab liituda iga\u00fcks, kes soovib teistega oma kogemusi jagada v\u00f5i vajab teiste toetavat \u00f5lga.<\/p>\n<p>J\u00e4rgmised dementsusega inimeste l\u00e4hedaste tugigrupid toimuvad <strong>22. aprillil N\u00f5mmel, <\/strong><strong>28. aprillil Haapsalus <\/strong>ja<strong> Tallinnas Haaberstis<\/strong>. <strong>Veebis toimub j\u00e4rgmine tugigrupp 13. mail<\/strong>. Lisainformatsiooni tugigruppide toimumise kohta leiab kodulehelt: <a href=\"https:\/\/eludementsusega.ee\/sundmused\/\">https:\/\/eludementsusega.ee\/sundmused\/<\/a>.<\/p>\n<p>\u00c4ra j\u00e4\u00e4 oma murega \u00fcksi, ootame Sind tugigruppi! Kui sul on tuttav, kes on oma l\u00e4hedase hooldaja, siis palun jaga talle infot tugigrupi kohta. Tugigrupis osalemine on k\u00f5igile tasuta!<\/p>\n<p>Ja \u00fcks abipalve on meil ka. Otsime oma meeskonda vabatahtlikku, kes oleks n\u00f5us vedama P\u00e4rnu tugigruppi. Kui sa elad P\u00e4rnus v\u00f5i selle l\u00e4hedal ning soovid vabatahtlikuna panustada Eesti dementsuses\u00f5bralikumaks muutmisesse, siis anna palun endast m\u00e4rku.<\/p>\n<p>Kui kerkib k\u00fcsimusi tugigruppide v\u00f5i dementsuse teemal, v\u00f5ib helistada <strong>dementsuse info- ja usaldusliinile 644 6440<\/strong> (E, T, N, R 12-16 ja K 16-20) v\u00f5i <strong>kirjutada <a href=\"mailto:info@eludementsusega.ee\">info@eludementsusega.ee<\/a><\/strong>.<\/p>\n","protected":false},"excerpt":{"rendered":"<p>Eestis oli 2018. aastal hinnanguliselt \u00fcle 22 000 dementsusega inimese. Erinevad eksperdid arvavad, et aastaks 2050 on dementsusega inimeste arv kahe- v\u00f5i isegi kolmekordistunud, ulatudes 35 000 \u2013 55 000 inimeseni. Ja enamikul dementsusega inimestest on nende k\u00f5rval ka pereliikmed, l\u00e4hedased, s\u00f5brad, naabrid &#8212; need, keda dementsuse teema v\u00e4ga l\u00e4hedalt puudutab. Paljud neist inimestest vajavad [&hellip;]<\/p>\n","protected":false},"author":2,"featured_media":0,"comment_status":"open","ping_status":"open","sticky":false,"template":"","format":"standard","meta":{"footnotes":""},"categories":[1],"tags":[],"autor":[],"class_list":["post-3548","post","type-post","status-publish","format-standard","hentry","category-maaratlemata"],"yoast_head":"<!-- This site is optimized with the Yoast SEO plugin v26.2 - https:\/\/yoast.com\/wordpress\/plugins\/seo\/ -->\n<title>L\u00e4hedaste tugigrupp pakub tuge ja infot - Dementsuse Kompetentsikeskus<\/title>\n<meta name=\"robots\" content=\"index, follow, max-snippet:-1, max-image-preview:large, max-video-preview:-1\" \/>\n<link rel=\"canonical\" href=\"https:\/\/dementsus.ee\/ru\/lahedaste-tugigrupp-pakub-tuge-ja-infot\/\" \/>\n<meta property=\"og:locale\" content=\"ru_RU\" \/>\n<meta property=\"og:type\" content=\"article\" \/>\n<meta property=\"og:title\" content=\"L\u00e4hedaste tugigrupp pakub tuge ja infot - Dementsuse Kompetentsikeskus\" \/>\n<meta property=\"og:description\" content=\"Eestis oli 2018. aastal hinnanguliselt \u00fcle 22 000 dementsusega inimese. Erinevad eksperdid arvavad, et aastaks 2050 on dementsusega inimeste arv kahe- v\u00f5i isegi kolmekordistunud, ulatudes 35 000 \u2013 55 000 inimeseni. Ja enamikul dementsusega inimestest on nende k\u00f5rval ka pereliikmed, l\u00e4hedased, s\u00f5brad, naabrid &#8212; need, keda dementsuse teema v\u00e4ga l\u00e4hedalt puudutab. Paljud neist inimestest vajavad [&hellip;]\" \/>\n<meta property=\"og:url\" content=\"https:\/\/dementsus.ee\/ru\/lahedaste-tugigrupp-pakub-tuge-ja-infot\/\" \/>\n<meta property=\"og:site_name\" content=\"Dementsuse Kompetentsikeskus\" \/>\n<meta property=\"article:published_time\" content=\"2021-04-20T06:52:19+00:00\" \/>\n<meta name=\"author\" content=\"Kermo\" \/>\n<meta name=\"twitter:card\" content=\"summary_large_image\" \/>\n<meta name=\"twitter:label1\" content=\"\u041d\u0430\u043f\u0438\u0441\u0430\u043d\u043e \u0430\u0432\u0442\u043e\u0440\u043e\u043c\" \/>\n\t<meta name=\"twitter:data1\" content=\"Kermo\" \/>\n\t<meta name=\"twitter:label2\" content=\"\u041f\u0440\u0438\u043c\u0435\u0440\u043d\u043e\u0435 \u0432\u0440\u0435\u043c\u044f \u0434\u043b\u044f \u0447\u0442\u0435\u043d\u0438\u044f\" \/>\n\t<meta name=\"twitter:data2\" content=\"3 \u043c\u0438\u043d\u0443\u0442\u044b\" \/>\n<script type=\"application\/ld+json\" class=\"yoast-schema-graph\">{\"@context\":\"https:\/\/schema.org\",\"@graph\":[{\"@type\":\"Article\",\"@id\":\"https:\/\/dementsus.ee\/ru\/lahedaste-tugigrupp-pakub-tuge-ja-infot\/#article\",\"isPartOf\":{\"@id\":\"https:\/\/dementsus.ee\/ru\/lahedaste-tugigrupp-pakub-tuge-ja-infot\/\"},\"author\":{\"name\":\"Kermo\",\"@id\":\"https:\/\/dementsus.ee\/ru\/#\/schema\/person\/dd93d64f20e6c5add626937f6b5931ed\"},\"headline\":\"L\u00e4hedaste tugigrupp pakub tuge ja infot\",\"datePublished\":\"2021-04-20T06:52:19+00:00\",\"mainEntityOfPage\":{\"@id\":\"https:\/\/dementsus.ee\/ru\/lahedaste-tugigrupp-pakub-tuge-ja-infot\/\"},\"wordCount\":593,\"commentCount\":0,\"publisher\":{\"@id\":\"https:\/\/dementsus.ee\/ru\/#organization\"},\"articleSection\":[\"M\u00e4\u00e4ratlemata\"],\"inLanguage\":\"ru-RU\"},{\"@type\":\"WebPage\",\"@id\":\"https:\/\/dementsus.ee\/ru\/lahedaste-tugigrupp-pakub-tuge-ja-infot\/\",\"url\":\"https:\/\/dementsus.ee\/ru\/lahedaste-tugigrupp-pakub-tuge-ja-infot\/\",\"name\":\"L\u00e4hedaste tugigrupp pakub tuge ja infot - Dementsuse Kompetentsikeskus\",\"isPartOf\":{\"@id\":\"https:\/\/dementsus.ee\/ru\/#website\"},\"datePublished\":\"2021-04-20T06:52:19+00:00\",\"breadcrumb\":{\"@id\":\"https:\/\/dementsus.ee\/ru\/lahedaste-tugigrupp-pakub-tuge-ja-infot\/#breadcrumb\"},\"inLanguage\":\"ru-RU\",\"potentialAction\":[{\"@type\":\"ReadAction\",\"target\":[\"https:\/\/dementsus.ee\/ru\/lahedaste-tugigrupp-pakub-tuge-ja-infot\/\"]}]},{\"@type\":\"BreadcrumbList\",\"@id\":\"https:\/\/dementsus.ee\/ru\/lahedaste-tugigrupp-pakub-tuge-ja-infot\/#breadcrumb\",\"itemListElement\":[{\"@type\":\"ListItem\",\"position\":1,\"name\":\"Esileht\",\"item\":\"https:\/\/dementsus.ee\/ru\/\"},{\"@type\":\"ListItem\",\"position\":2,\"name\":\"L\u00e4hedaste tugigrupp pakub tuge ja infot\"}]},{\"@type\":\"WebSite\",\"@id\":\"https:\/\/dementsus.ee\/ru\/#website\",\"url\":\"https:\/\/dementsus.ee\/ru\/\",\"name\":\"Dementsuse Kompetentsikeskus\",\"description\":\"dementsuse info ja abi\",\"publisher\":{\"@id\":\"https:\/\/dementsus.ee\/ru\/#organization\"},\"potentialAction\":[{\"@type\":\"SearchAction\",\"target\":{\"@type\":\"EntryPoint\",\"urlTemplate\":\"https:\/\/dementsus.ee\/ru\/?s={search_term_string}\"},\"query-input\":{\"@type\":\"PropertyValueSpecification\",\"valueRequired\":true,\"valueName\":\"search_term_string\"}}],\"inLanguage\":\"ru-RU\"},{\"@type\":\"Organization\",\"@id\":\"https:\/\/dementsus.ee\/ru\/#organization\",\"name\":\"Dementsuse Kompetentsikeskus\",\"url\":\"https:\/\/dementsus.ee\/ru\/\",\"logo\":{\"@type\":\"ImageObject\",\"inLanguage\":\"ru-RU\",\"@id\":\"https:\/\/dementsus.ee\/ru\/#\/schema\/logo\/image\/\",\"url\":\"https:\/\/dementsus.ee\/wp-content\/uploads\/2023\/07\/ED_logo_kodukale.svg\",\"contentUrl\":\"https:\/\/dementsus.ee\/wp-content\/uploads\/2023\/07\/ED_logo_kodukale.svg\",\"caption\":\"Dementsuse Kompetentsikeskus\"},\"image\":{\"@id\":\"https:\/\/dementsus.ee\/ru\/#\/schema\/logo\/image\/\"}},{\"@type\":\"Person\",\"@id\":\"https:\/\/dementsus.ee\/ru\/#\/schema\/person\/dd93d64f20e6c5add626937f6b5931ed\",\"name\":\"Kermo\",\"image\":{\"@type\":\"ImageObject\",\"inLanguage\":\"ru-RU\",\"@id\":\"https:\/\/dementsus.ee\/ru\/#\/schema\/person\/image\/\",\"url\":\"https:\/\/secure.gravatar.com\/avatar\/b2f0128e9063b66b5c6e595d8f4c39037d52f729089f1ad5afc34656e1d58a64?s=96&d=mm&r=g\",\"contentUrl\":\"https:\/\/secure.gravatar.com\/avatar\/b2f0128e9063b66b5c6e595d8f4c39037d52f729089f1ad5afc34656e1d58a64?s=96&d=mm&r=g\",\"caption\":\"Kermo\"},\"url\":\"https:\/\/dementsus.ee\/ru\/author\/kermo\/\"}]}<\/script>\n<!-- \/ Yoast SEO plugin. -->","yoast_head_json":{"title":"L\u00e4hedaste tugigrupp pakub tuge ja infot - Dementsuse Kompetentsikeskus","robots":{"index":"index","follow":"follow","max-snippet":"max-snippet:-1","max-image-preview":"max-image-preview:large","max-video-preview":"max-video-preview:-1"},"canonical":"https:\/\/dementsus.ee\/ru\/lahedaste-tugigrupp-pakub-tuge-ja-infot\/","og_locale":"ru_RU","og_type":"article","og_title":"L\u00e4hedaste tugigrupp pakub tuge ja infot - Dementsuse Kompetentsikeskus","og_description":"Eestis oli 2018. aastal hinnanguliselt \u00fcle 22 000 dementsusega inimese. Erinevad eksperdid arvavad, et aastaks 2050 on dementsusega inimeste arv kahe- v\u00f5i isegi kolmekordistunud, ulatudes 35 000 \u2013 55 000 inimeseni. Ja enamikul dementsusega inimestest on nende k\u00f5rval ka pereliikmed, l\u00e4hedased, s\u00f5brad, naabrid &#8212; need, keda dementsuse teema v\u00e4ga l\u00e4hedalt puudutab. Paljud neist inimestest vajavad [&hellip;]","og_url":"https:\/\/dementsus.ee\/ru\/lahedaste-tugigrupp-pakub-tuge-ja-infot\/","og_site_name":"Dementsuse Kompetentsikeskus","article_published_time":"2021-04-20T06:52:19+00:00","author":"Kermo","twitter_card":"summary_large_image","twitter_misc":{"\u041d\u0430\u043f\u0438\u0441\u0430\u043d\u043e \u0430\u0432\u0442\u043e\u0440\u043e\u043c":"Kermo","\u041f\u0440\u0438\u043c\u0435\u0440\u043d\u043e\u0435 \u0432\u0440\u0435\u043c\u044f \u0434\u043b\u044f \u0447\u0442\u0435\u043d\u0438\u044f":"3 \u043c\u0438\u043d\u0443\u0442\u044b"},"schema":{"@context":"https:\/\/schema.org","@graph":[{"@type":"Article","@id":"https:\/\/dementsus.ee\/ru\/lahedaste-tugigrupp-pakub-tuge-ja-infot\/#article","isPartOf":{"@id":"https:\/\/dementsus.ee\/ru\/lahedaste-tugigrupp-pakub-tuge-ja-infot\/"},"author":{"name":"Kermo","@id":"https:\/\/dementsus.ee\/ru\/#\/schema\/person\/dd93d64f20e6c5add626937f6b5931ed"},"headline":"L\u00e4hedaste tugigrupp pakub tuge ja infot","datePublished":"2021-04-20T06:52:19+00:00","mainEntityOfPage":{"@id":"https:\/\/dementsus.ee\/ru\/lahedaste-tugigrupp-pakub-tuge-ja-infot\/"},"wordCount":593,"commentCount":0,"publisher":{"@id":"https:\/\/dementsus.ee\/ru\/#organization"},"articleSection":["M\u00e4\u00e4ratlemata"],"inLanguage":"ru-RU"},{"@type":"WebPage","@id":"https:\/\/dementsus.ee\/ru\/lahedaste-tugigrupp-pakub-tuge-ja-infot\/","url":"https:\/\/dementsus.ee\/ru\/lahedaste-tugigrupp-pakub-tuge-ja-infot\/","name":"L\u00e4hedaste tugigrupp pakub tuge ja infot - Dementsuse Kompetentsikeskus","isPartOf":{"@id":"https:\/\/dementsus.ee\/ru\/#website"},"datePublished":"2021-04-20T06:52:19+00:00","breadcrumb":{"@id":"https:\/\/dementsus.ee\/ru\/lahedaste-tugigrupp-pakub-tuge-ja-infot\/#breadcrumb"},"inLanguage":"ru-RU","potentialAction":[{"@type":"ReadAction","target":["https:\/\/dementsus.ee\/ru\/lahedaste-tugigrupp-pakub-tuge-ja-infot\/"]}]},{"@type":"BreadcrumbList","@id":"https:\/\/dementsus.ee\/ru\/lahedaste-tugigrupp-pakub-tuge-ja-infot\/#breadcrumb","itemListElement":[{"@type":"ListItem","position":1,"name":"Esileht","item":"https:\/\/dementsus.ee\/ru\/"},{"@type":"ListItem","position":2,"name":"L\u00e4hedaste tugigrupp pakub tuge ja infot"}]},{"@type":"WebSite","@id":"https:\/\/dementsus.ee\/ru\/#website","url":"https:\/\/dementsus.ee\/ru\/","name":"Dementsuse Kompetentsikeskus","description":"dementsuse info ja abi","publisher":{"@id":"https:\/\/dementsus.ee\/ru\/#organization"},"potentialAction":[{"@type":"SearchAction","target":{"@type":"EntryPoint","urlTemplate":"https:\/\/dementsus.ee\/ru\/?s={search_term_string}"},"query-input":{"@type":"PropertyValueSpecification","valueRequired":true,"valueName":"search_term_string"}}],"inLanguage":"ru-RU"},{"@type":"Organization","@id":"https:\/\/dementsus.ee\/ru\/#organization","name":"Dementsuse Kompetentsikeskus","url":"https:\/\/dementsus.ee\/ru\/","logo":{"@type":"ImageObject","inLanguage":"ru-RU","@id":"https:\/\/dementsus.ee\/ru\/#\/schema\/logo\/image\/","url":"https:\/\/dementsus.ee\/wp-content\/uploads\/2023\/07\/ED_logo_kodukale.svg","contentUrl":"https:\/\/dementsus.ee\/wp-content\/uploads\/2023\/07\/ED_logo_kodukale.svg","caption":"Dementsuse Kompetentsikeskus"},"image":{"@id":"https:\/\/dementsus.ee\/ru\/#\/schema\/logo\/image\/"}},{"@type":"Person","@id":"https:\/\/dementsus.ee\/ru\/#\/schema\/person\/dd93d64f20e6c5add626937f6b5931ed","name":"Kermo","image":{"@type":"ImageObject","inLanguage":"ru-RU","@id":"https:\/\/dementsus.ee\/ru\/#\/schema\/person\/image\/","url":"https:\/\/secure.gravatar.com\/avatar\/b2f0128e9063b66b5c6e595d8f4c39037d52f729089f1ad5afc34656e1d58a64?s=96&d=mm&r=g","contentUrl":"https:\/\/secure.gravatar.com\/avatar\/b2f0128e9063b66b5c6e595d8f4c39037d52f729089f1ad5afc34656e1d58a64?s=96&d=mm&r=g","caption":"Kermo"},"url":"https:\/\/dementsus.ee\/ru\/author\/kermo\/"}]}},"_links":{"self":[{"href":"https:\/\/dementsus.ee\/ru\/wp-json\/wp\/v2\/posts\/3548","targetHints":{"allow":["GET"]}}],"collection":[{"href":"https:\/\/dementsus.ee\/ru\/wp-json\/wp\/v2\/posts"}],"about":[{"href":"https:\/\/dementsus.ee\/ru\/wp-json\/wp\/v2\/types\/post"}],"author":[{"embeddable":true,"href":"https:\/\/dementsus.ee\/ru\/wp-json\/wp\/v2\/users\/2"}],"replies":[{"embeddable":true,"href":"https:\/\/dementsus.ee\/ru\/wp-json\/wp\/v2\/comments?post=3548"}],"version-history":[{"count":0,"href":"https:\/\/dementsus.ee\/ru\/wp-json\/wp\/v2\/posts\/3548\/revisions"}],"wp:attachment":[{"href":"https:\/\/dementsus.ee\/ru\/wp-json\/wp\/v2\/media?parent=3548"}],"wp:term":[{"taxonomy":"category","embeddable":true,"href":"https:\/\/dementsus.ee\/ru\/wp-json\/wp\/v2\/categories?post=3548"},{"taxonomy":"post_tag","embeddable":true,"href":"https:\/\/dementsus.ee\/ru\/wp-json\/wp\/v2\/tags?post=3548"},{"taxonomy":"autor","embeddable":true,"href":"https:\/\/dementsus.ee\/ru\/wp-json\/wp\/v2\/autor?post=3548"}],"curies":[{"name":"wp","href":"https:\/\/api.w.org\/{rel}","templated":true}]}}