{"id":3847,"date":"2021-07-07T08:25:25","date_gmt":"2021-07-07T08:25:25","guid":{"rendered":"https:\/\/eludementsusega.ee\/?p=3847"},"modified":"2021-07-07T08:25:25","modified_gmt":"2021-07-07T08:25:25","slug":"terapeutiline-aiandus","status":"publish","type":"post","link":"https:\/\/dementsus.ee\/ru\/terapeutiline-aiandus\/","title":{"rendered":"Terapeutiline aiandus"},"content":{"rendered":"<p><img fetchpriority=\"high\" decoding=\"async\" class=\"alignright size-medium wp-image-3853\" src=\"https:\/\/eludementsusega.ee\/app\/uploads\/2021\/07\/197321816_753071828694594_5824142808746722241_n-2-300x300.jpg\" alt=\"\" width=\"300\" height=\"300\" srcset=\"https:\/\/dementsus.ee\/wp-content\/uploads\/2021\/07\/197321816_753071828694594_5824142808746722241_n-2-300x300.jpg 300w, https:\/\/dementsus.ee\/wp-content\/uploads\/2021\/07\/197321816_753071828694594_5824142808746722241_n-2-100x100.jpg 100w, https:\/\/dementsus.ee\/wp-content\/uploads\/2021\/07\/197321816_753071828694594_5824142808746722241_n-2-600x600.jpg 600w, https:\/\/dementsus.ee\/wp-content\/uploads\/2021\/07\/197321816_753071828694594_5824142808746722241_n-2-1024x1024.jpg 1024w, https:\/\/dementsus.ee\/wp-content\/uploads\/2021\/07\/197321816_753071828694594_5824142808746722241_n-2-150x150.jpg 150w, https:\/\/dementsus.ee\/wp-content\/uploads\/2021\/07\/197321816_753071828694594_5824142808746722241_n-2-768x768.jpg 768w, https:\/\/dementsus.ee\/wp-content\/uploads\/2021\/07\/197321816_753071828694594_5824142808746722241_n-2-1536x1536.jpg 1536w, https:\/\/dementsus.ee\/wp-content\/uploads\/2021\/07\/197321816_753071828694594_5824142808746722241_n-2.jpg 1969w\" sizes=\"(max-width: 300px) 100vw, 300px\" \/>Terapeutilise aianduse eesm\u00e4rk on inimese vaimse ja f\u00fc\u00fcsilise heaolu suurendamine l\u00e4bi aktiivse v\u00f5i passiivse kaasatuse aiandustegvustesse. Terapeutilise aianduse programme tehakse nii tervishoiu-, rehabilitatsiooni- kui hoolekandeasutustes, aga ka eesm\u00e4rgiga liita kogukonda v\u00f5i kaasata haavatavamaid \u00fchiskonnaliikmeid.\u00a0 Terapeutilise aianduse programmi l\u00e4bi viiv inimene peaks omama vastavat v\u00e4lja\u00f5pet ja teadmisi.<\/p>\n<p><strong>Aiandustegevuste m\u00f5ju\u00a0 kerge kognitiivse h\u00e4ire v\u00f5i dementsusega inimesele <\/strong><\/p>\n<p>Vaimse tervise h\u00e4iretega inimeste toetamisel on aianduse kasutamisel pikk ajalugu. On leitud, et aiandusega tegelemine soodustab vaimset ja f\u00fc\u00fcsilist heaolu \u2013 tegemist on eksperimentaalse \u00f5ppimisega, kus j\u00f5utakse k\u00e4ega katsutavate tulemusteni. On t\u00e4heldatud, et aiandusega tegelemine v\u00e4hendab depressiooni ja \u00e4revust, parendab emotsionaalset heaolu ja f\u00fc\u00fcsilist tervist. Aiandus on k\u00e4ttesaadav ning tegevuste valik on v\u00e4ga lai, mis annab v\u00f5imaluse leida sobiv l\u00e4henemine igale inimesele, Aiategevused on sobilikud olenemata inimese east v\u00f5i v\u00f5imetest, neid saab l\u00e4bi viia nii \u00f5ue- kui ka tubastes tingimustes ning see kutsub esile varasemaid m\u00e4lestusi ja n.\u00f6 unustatud oskusi.<\/p>\n<p>Siiski, vaatamata positiivsetele m\u00f5judele, millega aiandust seostatakse, v\u00f5ib kognitiivne h\u00e4ire olla ka piiranguks sellistes tegevustes osalemisel. Keskendumish\u00e4ired, raskused tegevuses p\u00fcsimisel, madal f\u00fc\u00fcsiline v\u00f5imekus, agressioon ja tahtlik v\u00f5i mittetahtlik keskkonna l\u00f5hkumine v\u00f5ivad p\u00e4rssida\u00a0 inimeste osalemist ja kaasamist aiandustegevustesse. Nende riskide maandamiseks tuleb oma tegevus hoolega l\u00e4bi m\u00f5elda alustades kasutatavate taimede valikust ning l\u00f5petades keskkonna sobilikkuse ja personali valmisoleku hindamisega.<\/p>\n<p><strong>Ka Eestis on v\u00f5imalik terapeutilise aiandusega tegeleda <\/strong><\/p>\n<p><img decoding=\"async\" class=\"alignleft size-medium wp-image-3858\" src=\"https:\/\/eludementsusega.ee\/app\/uploads\/2021\/07\/IMG_20210617_103751-225x300.jpg\" alt=\"\" width=\"225\" height=\"300\" \/>Tallinna kogukonnaaedades eelmisel aastal alguse saanud terapeutilise aianduse grupid toimuvad ka sel aastal ning ootame oma Laagna, Mustam\u00e4e ja Ameerika kogukonnaaedade peenarde vahele liituma uusi huvilisi.<\/p>\n<p>Tegu on toredate igan\u00e4dalaste kohtumistega, kus saab veeta aega v\u00e4rskes \u00f5hus kesk rohelust, \u00f5ppida paremini tundma taimemaailma ning suhelda ja tegutseda koos teiste kogukonnaliikmetega. Lisaks aiandustegevustele on igal kohtumisel ka lisategevus, mis on \u00fcht- v\u00f5i teistpidi aiataimede ja loodusega seotud. T\u00e4psem ajakava on v\u00e4lja toodud artikli l\u00f5pus.<\/p>\n<p>Tavaliselt on grupi suuruseks kuni 10 inimest ning enamasti on osalejateks \u00fcmbruskaudsed elanikud. Seni on noorim osaleja olnud 8-aastane ja vanim 87-aastane ehk seltskond on kirju ning iga\u00fchel on oma ainulaadne panus grupi toimimisse. Kuna osalejaid on nii eesti- kui v\u00f5\u00f5rkeelseid, siis suhtleme p\u00f5hiliselt nii eesti kui vene keeles. Valmisolek on suhelda ka inglise keeles.<\/p>\n<p>Osalema on oodatud k\u00f5ik olenemata vanusest v\u00f5i kogemusest ja osalemine on tasuta, kuid oluline on oma osalemissoovist ette teada anda. Nii on kindel, et k\u00f5ik mahuvad \u00e4ra ning k\u00f5igile jagub tegevust ja materjale.<\/p>\n<p><strong>Juulikuiste kohtumiste ajakava Tallinnas<\/strong><\/p>\n<p><strong>Laagna aed (V\u00f5ru 11) kell 18:00 <\/strong><\/p>\n<p>7.07 Valmistame taimepressi taimede kuivatamiseks. <img decoding=\"async\" class=\"alignright size-medium wp-image-3857\" src=\"https:\/\/eludementsusega.ee\/app\/uploads\/2021\/07\/IMG_20210603_115922-300x225.jpg\" alt=\"\" width=\"300\" height=\"225\" \/>Korjame ilusaid \u00f5isi ja lehti, mida pressi vahele kuivama panna. Hiljem saame neid kasutada paberi valmistamisel.<\/p>\n<p>14.07 R\u00e4\u00e4gime ravimtaimedest, kuidas neid korjata ja s\u00e4ilitada. Tuvastame aias kasvavaid ravimtaimi ja teeme taimeteed. R\u00e4\u00e4gime kuulsast raviseenest mustast p\u00e4ssikust ja proovime musta p\u00e4ssiku teed.<\/p>\n<p>21.07 Valmistame vanapaberist uue omap\u00e4rase paberi. V\u00f5imalus teha seemnepaberit v\u00f5i kaunistada oma paberit kuivatatud taimedega.<\/p>\n<p>28.07 Tutvume eeterlike \u00f5lidega ja r\u00e4\u00e4gime, kuidas kasutada neid enese ja aia eest hoolitsemisel. Teeme k\u00e4emassaa\u017ei ning valmistame l\u00f5hnakotikese riidekappi.<\/p>\n<p><strong>Mustam\u00e4e aed (Ehitajate tee 82) kell 10:00 <\/strong><\/p>\n<p>8.07 Valmistame taimepressi taimede kuivatamiseks. <img loading=\"lazy\" decoding=\"async\" class=\"alignright size-medium wp-image-3851\" src=\"https:\/\/eludementsusega.ee\/app\/uploads\/2021\/07\/117988278_4290981084276561_5840739204222536318_n-300x225.jpg\" alt=\"\" width=\"300\" height=\"225\" srcset=\"https:\/\/dementsus.ee\/wp-content\/uploads\/2021\/07\/117988278_4290981084276561_5840739204222536318_n-300x225.jpg 300w, https:\/\/dementsus.ee\/wp-content\/uploads\/2021\/07\/117988278_4290981084276561_5840739204222536318_n-600x450.jpg 600w, https:\/\/dementsus.ee\/wp-content\/uploads\/2021\/07\/117988278_4290981084276561_5840739204222536318_n-1024x768.jpg 1024w, https:\/\/dementsus.ee\/wp-content\/uploads\/2021\/07\/117988278_4290981084276561_5840739204222536318_n-768x576.jpg 768w, https:\/\/dementsus.ee\/wp-content\/uploads\/2021\/07\/117988278_4290981084276561_5840739204222536318_n-1536x1152.jpg 1536w, https:\/\/dementsus.ee\/wp-content\/uploads\/2021\/07\/117988278_4290981084276561_5840739204222536318_n.jpg 2048w\" sizes=\"(max-width: 300px) 100vw, 300px\" \/>Korjame ilusaid \u00f5isi ja lehti, mida pressi vahele kuivama panna. Hiljem saame neid kasutada paberi valmistamisel.<\/p>\n<p>15.07 R\u00e4\u00e4gime ravimtaimedest, kuidas neid korjata ja s\u00e4ilitada. Tuvastame aias kasvavaid ravimtaimi ja teeme taimeteed. R\u00e4\u00e4gime kuulsast raviseenest mustast p\u00e4ssikust ja proovime musta p\u00e4ssiku teed.<\/p>\n<p>22.07 Valmistame vanapaberist uue omap\u00e4rase paberi. V\u00f5imalus teha seemnepaberit v\u00f5i kaunistada oma paberit kuivatatud taimedega.<\/p>\n<p>29.07 Tutvume eeterlike \u00f5lidega ja r\u00e4\u00e4gime, kuidas kasutada neid enese ja aia eest hoolitsemisel. Teeme k\u00e4emassaa\u017ei ning valmistame l\u00f5hnakotikese riidekappi.<\/p>\n<p><strong>Ameerika aed (Koidu 80) kell 17:00 <\/strong><\/p>\n<p>8.07. \u00dcksteise ja aiaga tutvumine. <img loading=\"lazy\" decoding=\"async\" class=\"alignright size-medium wp-image-3855\" src=\"https:\/\/eludementsusega.ee\/app\/uploads\/2021\/07\/IMG_20200731_111301-300x225.jpg\" alt=\"\" width=\"300\" height=\"225\" \/>Peenra rajamine istutuskasti (seemnete k\u00fclvamine, taimede istutamine, kastmine). Teeme hooajalistest saadustest v\u00e4ikese sn\u00e4ki ja joogipoolise seltskonnas nautimiseks.<\/p>\n<p>22.07. Taimed tervise ja ilu heaks. Ravimtaimed, nende korjamine, tee ja teiste saaduste valmistamine. Tutvume eeterlike \u00f5lidega ja r\u00e4\u00e4gime, kuidas kasutada neid enese ja aia eest hoolitsemisel. Teeme k\u00e4emassaa\u017ei ning valmistame l\u00f5hnakotikese riidekappi.<\/p>\n<p>Terapeutilise aianduse grupiga liitumiseks v\u00f5tke, palun, \u00fchendust:<\/p>\n<p>Ella Kari<\/p>\n<p>56096030<\/p>\n<p>ella.kari@hotmail.com<\/p>\n<p>Kohtumisteni aias!<\/p>\n","protected":false},"excerpt":{"rendered":"<p>Terapeutilise aianduse eesm\u00e4rk on inimese vaimse ja f\u00fc\u00fcsilise heaolu suurendamine l\u00e4bi aktiivse v\u00f5i passiivse kaasatuse aiandustegvustesse. Terapeutilise aianduse programme tehakse nii tervishoiu-, rehabilitatsiooni- kui hoolekandeasutustes, aga ka eesm\u00e4rgiga liita kogukonda v\u00f5i kaasata haavatavamaid \u00fchiskonnaliikmeid.\u00a0 Terapeutilise aianduse programmi l\u00e4bi viiv inimene peaks omama vastavat v\u00e4lja\u00f5pet ja teadmisi. Aiandustegevuste m\u00f5ju\u00a0 kerge kognitiivse h\u00e4ire v\u00f5i dementsusega inimesele Vaimse [&hellip;]<\/p>\n","protected":false},"author":2,"featured_media":0,"comment_status":"open","ping_status":"open","sticky":false,"template":"","format":"standard","meta":{"footnotes":""},"categories":[1],"tags":[],"autor":[],"class_list":["post-3847","post","type-post","status-publish","format-standard","hentry","category-maaratlemata"],"yoast_head":"<!-- This site is optimized with the Yoast SEO plugin v26.2 - https:\/\/yoast.com\/wordpress\/plugins\/seo\/ -->\n<title>Terapeutiline aiandus - Dementsuse Kompetentsikeskus<\/title>\n<meta name=\"robots\" content=\"index, follow, max-snippet:-1, max-image-preview:large, max-video-preview:-1\" \/>\n<link rel=\"canonical\" href=\"https:\/\/dementsus.ee\/ru\/terapeutiline-aiandus\/\" \/>\n<meta property=\"og:locale\" content=\"ru_RU\" \/>\n<meta property=\"og:type\" content=\"article\" \/>\n<meta property=\"og:title\" content=\"Terapeutiline aiandus - Dementsuse Kompetentsikeskus\" \/>\n<meta property=\"og:description\" content=\"Terapeutilise aianduse eesm\u00e4rk on inimese vaimse ja f\u00fc\u00fcsilise heaolu suurendamine l\u00e4bi aktiivse v\u00f5i passiivse kaasatuse aiandustegvustesse. Terapeutilise aianduse programme tehakse nii tervishoiu-, rehabilitatsiooni- kui hoolekandeasutustes, aga ka eesm\u00e4rgiga liita kogukonda v\u00f5i kaasata haavatavamaid \u00fchiskonnaliikmeid.\u00a0 Terapeutilise aianduse programmi l\u00e4bi viiv inimene peaks omama vastavat v\u00e4lja\u00f5pet ja teadmisi. Aiandustegevuste m\u00f5ju\u00a0 kerge kognitiivse h\u00e4ire v\u00f5i dementsusega inimesele Vaimse [&hellip;]\" \/>\n<meta property=\"og:url\" content=\"https:\/\/dementsus.ee\/ru\/terapeutiline-aiandus\/\" \/>\n<meta property=\"og:site_name\" content=\"Dementsuse Kompetentsikeskus\" \/>\n<meta property=\"article:published_time\" content=\"2021-07-07T08:25:25+00:00\" \/>\n<meta property=\"og:image\" content=\"https:\/\/eludementsusega.ee\/app\/uploads\/2021\/07\/197321816_753071828694594_5824142808746722241_n-2-300x300.jpg\" \/>\n<meta name=\"author\" content=\"Kermo\" \/>\n<meta name=\"twitter:card\" content=\"summary_large_image\" \/>\n<meta name=\"twitter:label1\" content=\"\u041d\u0430\u043f\u0438\u0441\u0430\u043d\u043e \u0430\u0432\u0442\u043e\u0440\u043e\u043c\" \/>\n\t<meta name=\"twitter:data1\" content=\"Kermo\" \/>\n\t<meta name=\"twitter:label2\" content=\"\u041f\u0440\u0438\u043c\u0435\u0440\u043d\u043e\u0435 \u0432\u0440\u0435\u043c\u044f \u0434\u043b\u044f \u0447\u0442\u0435\u043d\u0438\u044f\" \/>\n\t<meta name=\"twitter:data2\" content=\"3 \u043c\u0438\u043d\u0443\u0442\u044b\" \/>\n<script type=\"application\/ld+json\" class=\"yoast-schema-graph\">{\"@context\":\"https:\/\/schema.org\",\"@graph\":[{\"@type\":\"Article\",\"@id\":\"https:\/\/dementsus.ee\/ru\/terapeutiline-aiandus\/#article\",\"isPartOf\":{\"@id\":\"https:\/\/dementsus.ee\/ru\/terapeutiline-aiandus\/\"},\"author\":{\"name\":\"Kermo\",\"@id\":\"https:\/\/dementsus.ee\/ru\/#\/schema\/person\/dd93d64f20e6c5add626937f6b5931ed\"},\"headline\":\"Terapeutiline aiandus\",\"datePublished\":\"2021-07-07T08:25:25+00:00\",\"mainEntityOfPage\":{\"@id\":\"https:\/\/dementsus.ee\/ru\/terapeutiline-aiandus\/\"},\"wordCount\":699,\"commentCount\":0,\"publisher\":{\"@id\":\"https:\/\/dementsus.ee\/ru\/#organization\"},\"image\":{\"@id\":\"https:\/\/dementsus.ee\/ru\/terapeutiline-aiandus\/#primaryimage\"},\"thumbnailUrl\":\"https:\/\/eludementsusega.ee\/app\/uploads\/2021\/07\/197321816_753071828694594_5824142808746722241_n-2-300x300.jpg\",\"articleSection\":[\"M\u00e4\u00e4ratlemata\"],\"inLanguage\":\"ru-RU\"},{\"@type\":\"WebPage\",\"@id\":\"https:\/\/dementsus.ee\/ru\/terapeutiline-aiandus\/\",\"url\":\"https:\/\/dementsus.ee\/ru\/terapeutiline-aiandus\/\",\"name\":\"Terapeutiline aiandus - Dementsuse Kompetentsikeskus\",\"isPartOf\":{\"@id\":\"https:\/\/dementsus.ee\/ru\/#website\"},\"primaryImageOfPage\":{\"@id\":\"https:\/\/dementsus.ee\/ru\/terapeutiline-aiandus\/#primaryimage\"},\"image\":{\"@id\":\"https:\/\/dementsus.ee\/ru\/terapeutiline-aiandus\/#primaryimage\"},\"thumbnailUrl\":\"https:\/\/eludementsusega.ee\/app\/uploads\/2021\/07\/197321816_753071828694594_5824142808746722241_n-2-300x300.jpg\",\"datePublished\":\"2021-07-07T08:25:25+00:00\",\"breadcrumb\":{\"@id\":\"https:\/\/dementsus.ee\/ru\/terapeutiline-aiandus\/#breadcrumb\"},\"inLanguage\":\"ru-RU\",\"potentialAction\":[{\"@type\":\"ReadAction\",\"target\":[\"https:\/\/dementsus.ee\/ru\/terapeutiline-aiandus\/\"]}]},{\"@type\":\"ImageObject\",\"inLanguage\":\"ru-RU\",\"@id\":\"https:\/\/dementsus.ee\/ru\/terapeutiline-aiandus\/#primaryimage\",\"url\":\"https:\/\/eludementsusega.ee\/app\/uploads\/2021\/07\/197321816_753071828694594_5824142808746722241_n-2-300x300.jpg\",\"contentUrl\":\"https:\/\/eludementsusega.ee\/app\/uploads\/2021\/07\/197321816_753071828694594_5824142808746722241_n-2-300x300.jpg\"},{\"@type\":\"BreadcrumbList\",\"@id\":\"https:\/\/dementsus.ee\/ru\/terapeutiline-aiandus\/#breadcrumb\",\"itemListElement\":[{\"@type\":\"ListItem\",\"position\":1,\"name\":\"Esileht\",\"item\":\"https:\/\/dementsus.ee\/ru\/\"},{\"@type\":\"ListItem\",\"position\":2,\"name\":\"Terapeutiline aiandus\"}]},{\"@type\":\"WebSite\",\"@id\":\"https:\/\/dementsus.ee\/ru\/#website\",\"url\":\"https:\/\/dementsus.ee\/ru\/\",\"name\":\"Dementsuse Kompetentsikeskus\",\"description\":\"dementsuse info ja abi\",\"publisher\":{\"@id\":\"https:\/\/dementsus.ee\/ru\/#organization\"},\"potentialAction\":[{\"@type\":\"SearchAction\",\"target\":{\"@type\":\"EntryPoint\",\"urlTemplate\":\"https:\/\/dementsus.ee\/ru\/?s={search_term_string}\"},\"query-input\":{\"@type\":\"PropertyValueSpecification\",\"valueRequired\":true,\"valueName\":\"search_term_string\"}}],\"inLanguage\":\"ru-RU\"},{\"@type\":\"Organization\",\"@id\":\"https:\/\/dementsus.ee\/ru\/#organization\",\"name\":\"Dementsuse Kompetentsikeskus\",\"url\":\"https:\/\/dementsus.ee\/ru\/\",\"logo\":{\"@type\":\"ImageObject\",\"inLanguage\":\"ru-RU\",\"@id\":\"https:\/\/dementsus.ee\/ru\/#\/schema\/logo\/image\/\",\"url\":\"https:\/\/dementsus.ee\/wp-content\/uploads\/2023\/07\/ED_logo_kodukale.svg\",\"contentUrl\":\"https:\/\/dementsus.ee\/wp-content\/uploads\/2023\/07\/ED_logo_kodukale.svg\",\"caption\":\"Dementsuse Kompetentsikeskus\"},\"image\":{\"@id\":\"https:\/\/dementsus.ee\/ru\/#\/schema\/logo\/image\/\"}},{\"@type\":\"Person\",\"@id\":\"https:\/\/dementsus.ee\/ru\/#\/schema\/person\/dd93d64f20e6c5add626937f6b5931ed\",\"name\":\"Kermo\",\"image\":{\"@type\":\"ImageObject\",\"inLanguage\":\"ru-RU\",\"@id\":\"https:\/\/dementsus.ee\/ru\/#\/schema\/person\/image\/\",\"url\":\"https:\/\/secure.gravatar.com\/avatar\/b2f0128e9063b66b5c6e595d8f4c39037d52f729089f1ad5afc34656e1d58a64?s=96&d=mm&r=g\",\"contentUrl\":\"https:\/\/secure.gravatar.com\/avatar\/b2f0128e9063b66b5c6e595d8f4c39037d52f729089f1ad5afc34656e1d58a64?s=96&d=mm&r=g\",\"caption\":\"Kermo\"},\"url\":\"https:\/\/dementsus.ee\/ru\/author\/kermo\/\"}]}<\/script>\n<!-- \/ Yoast SEO plugin. -->","yoast_head_json":{"title":"Terapeutiline aiandus - Dementsuse Kompetentsikeskus","robots":{"index":"index","follow":"follow","max-snippet":"max-snippet:-1","max-image-preview":"max-image-preview:large","max-video-preview":"max-video-preview:-1"},"canonical":"https:\/\/dementsus.ee\/ru\/terapeutiline-aiandus\/","og_locale":"ru_RU","og_type":"article","og_title":"Terapeutiline aiandus - Dementsuse Kompetentsikeskus","og_description":"Terapeutilise aianduse eesm\u00e4rk on inimese vaimse ja f\u00fc\u00fcsilise heaolu suurendamine l\u00e4bi aktiivse v\u00f5i passiivse kaasatuse aiandustegvustesse. Terapeutilise aianduse programme tehakse nii tervishoiu-, rehabilitatsiooni- kui hoolekandeasutustes, aga ka eesm\u00e4rgiga liita kogukonda v\u00f5i kaasata haavatavamaid \u00fchiskonnaliikmeid.\u00a0 Terapeutilise aianduse programmi l\u00e4bi viiv inimene peaks omama vastavat v\u00e4lja\u00f5pet ja teadmisi. Aiandustegevuste m\u00f5ju\u00a0 kerge kognitiivse h\u00e4ire v\u00f5i dementsusega inimesele Vaimse [&hellip;]","og_url":"https:\/\/dementsus.ee\/ru\/terapeutiline-aiandus\/","og_site_name":"Dementsuse Kompetentsikeskus","article_published_time":"2021-07-07T08:25:25+00:00","og_image":[{"url":"https:\/\/eludementsusega.ee\/app\/uploads\/2021\/07\/197321816_753071828694594_5824142808746722241_n-2-300x300.jpg","type":"","width":"","height":""}],"author":"Kermo","twitter_card":"summary_large_image","twitter_misc":{"\u041d\u0430\u043f\u0438\u0441\u0430\u043d\u043e \u0430\u0432\u0442\u043e\u0440\u043e\u043c":"Kermo","\u041f\u0440\u0438\u043c\u0435\u0440\u043d\u043e\u0435 \u0432\u0440\u0435\u043c\u044f \u0434\u043b\u044f \u0447\u0442\u0435\u043d\u0438\u044f":"3 \u043c\u0438\u043d\u0443\u0442\u044b"},"schema":{"@context":"https:\/\/schema.org","@graph":[{"@type":"Article","@id":"https:\/\/dementsus.ee\/ru\/terapeutiline-aiandus\/#article","isPartOf":{"@id":"https:\/\/dementsus.ee\/ru\/terapeutiline-aiandus\/"},"author":{"name":"Kermo","@id":"https:\/\/dementsus.ee\/ru\/#\/schema\/person\/dd93d64f20e6c5add626937f6b5931ed"},"headline":"Terapeutiline aiandus","datePublished":"2021-07-07T08:25:25+00:00","mainEntityOfPage":{"@id":"https:\/\/dementsus.ee\/ru\/terapeutiline-aiandus\/"},"wordCount":699,"commentCount":0,"publisher":{"@id":"https:\/\/dementsus.ee\/ru\/#organization"},"image":{"@id":"https:\/\/dementsus.ee\/ru\/terapeutiline-aiandus\/#primaryimage"},"thumbnailUrl":"https:\/\/eludementsusega.ee\/app\/uploads\/2021\/07\/197321816_753071828694594_5824142808746722241_n-2-300x300.jpg","articleSection":["M\u00e4\u00e4ratlemata"],"inLanguage":"ru-RU"},{"@type":"WebPage","@id":"https:\/\/dementsus.ee\/ru\/terapeutiline-aiandus\/","url":"https:\/\/dementsus.ee\/ru\/terapeutiline-aiandus\/","name":"Terapeutiline aiandus - Dementsuse Kompetentsikeskus","isPartOf":{"@id":"https:\/\/dementsus.ee\/ru\/#website"},"primaryImageOfPage":{"@id":"https:\/\/dementsus.ee\/ru\/terapeutiline-aiandus\/#primaryimage"},"image":{"@id":"https:\/\/dementsus.ee\/ru\/terapeutiline-aiandus\/#primaryimage"},"thumbnailUrl":"https:\/\/eludementsusega.ee\/app\/uploads\/2021\/07\/197321816_753071828694594_5824142808746722241_n-2-300x300.jpg","datePublished":"2021-07-07T08:25:25+00:00","breadcrumb":{"@id":"https:\/\/dementsus.ee\/ru\/terapeutiline-aiandus\/#breadcrumb"},"inLanguage":"ru-RU","potentialAction":[{"@type":"ReadAction","target":["https:\/\/dementsus.ee\/ru\/terapeutiline-aiandus\/"]}]},{"@type":"ImageObject","inLanguage":"ru-RU","@id":"https:\/\/dementsus.ee\/ru\/terapeutiline-aiandus\/#primaryimage","url":"https:\/\/eludementsusega.ee\/app\/uploads\/2021\/07\/197321816_753071828694594_5824142808746722241_n-2-300x300.jpg","contentUrl":"https:\/\/eludementsusega.ee\/app\/uploads\/2021\/07\/197321816_753071828694594_5824142808746722241_n-2-300x300.jpg"},{"@type":"BreadcrumbList","@id":"https:\/\/dementsus.ee\/ru\/terapeutiline-aiandus\/#breadcrumb","itemListElement":[{"@type":"ListItem","position":1,"name":"Esileht","item":"https:\/\/dementsus.ee\/ru\/"},{"@type":"ListItem","position":2,"name":"Terapeutiline aiandus"}]},{"@type":"WebSite","@id":"https:\/\/dementsus.ee\/ru\/#website","url":"https:\/\/dementsus.ee\/ru\/","name":"Dementsuse Kompetentsikeskus","description":"dementsuse info ja abi","publisher":{"@id":"https:\/\/dementsus.ee\/ru\/#organization"},"potentialAction":[{"@type":"SearchAction","target":{"@type":"EntryPoint","urlTemplate":"https:\/\/dementsus.ee\/ru\/?s={search_term_string}"},"query-input":{"@type":"PropertyValueSpecification","valueRequired":true,"valueName":"search_term_string"}}],"inLanguage":"ru-RU"},{"@type":"Organization","@id":"https:\/\/dementsus.ee\/ru\/#organization","name":"Dementsuse Kompetentsikeskus","url":"https:\/\/dementsus.ee\/ru\/","logo":{"@type":"ImageObject","inLanguage":"ru-RU","@id":"https:\/\/dementsus.ee\/ru\/#\/schema\/logo\/image\/","url":"https:\/\/dementsus.ee\/wp-content\/uploads\/2023\/07\/ED_logo_kodukale.svg","contentUrl":"https:\/\/dementsus.ee\/wp-content\/uploads\/2023\/07\/ED_logo_kodukale.svg","caption":"Dementsuse Kompetentsikeskus"},"image":{"@id":"https:\/\/dementsus.ee\/ru\/#\/schema\/logo\/image\/"}},{"@type":"Person","@id":"https:\/\/dementsus.ee\/ru\/#\/schema\/person\/dd93d64f20e6c5add626937f6b5931ed","name":"Kermo","image":{"@type":"ImageObject","inLanguage":"ru-RU","@id":"https:\/\/dementsus.ee\/ru\/#\/schema\/person\/image\/","url":"https:\/\/secure.gravatar.com\/avatar\/b2f0128e9063b66b5c6e595d8f4c39037d52f729089f1ad5afc34656e1d58a64?s=96&d=mm&r=g","contentUrl":"https:\/\/secure.gravatar.com\/avatar\/b2f0128e9063b66b5c6e595d8f4c39037d52f729089f1ad5afc34656e1d58a64?s=96&d=mm&r=g","caption":"Kermo"},"url":"https:\/\/dementsus.ee\/ru\/author\/kermo\/"}]}},"_links":{"self":[{"href":"https:\/\/dementsus.ee\/ru\/wp-json\/wp\/v2\/posts\/3847","targetHints":{"allow":["GET"]}}],"collection":[{"href":"https:\/\/dementsus.ee\/ru\/wp-json\/wp\/v2\/posts"}],"about":[{"href":"https:\/\/dementsus.ee\/ru\/wp-json\/wp\/v2\/types\/post"}],"author":[{"embeddable":true,"href":"https:\/\/dementsus.ee\/ru\/wp-json\/wp\/v2\/users\/2"}],"replies":[{"embeddable":true,"href":"https:\/\/dementsus.ee\/ru\/wp-json\/wp\/v2\/comments?post=3847"}],"version-history":[{"count":0,"href":"https:\/\/dementsus.ee\/ru\/wp-json\/wp\/v2\/posts\/3847\/revisions"}],"wp:attachment":[{"href":"https:\/\/dementsus.ee\/ru\/wp-json\/wp\/v2\/media?parent=3847"}],"wp:term":[{"taxonomy":"category","embeddable":true,"href":"https:\/\/dementsus.ee\/ru\/wp-json\/wp\/v2\/categories?post=3847"},{"taxonomy":"post_tag","embeddable":true,"href":"https:\/\/dementsus.ee\/ru\/wp-json\/wp\/v2\/tags?post=3847"},{"taxonomy":"autor","embeddable":true,"href":"https:\/\/dementsus.ee\/ru\/wp-json\/wp\/v2\/autor?post=3847"}],"curies":[{"name":"wp","href":"https:\/\/api.w.org\/{rel}","templated":true}]}}