{"id":3862,"date":"2021-07-07T14:47:00","date_gmt":"2021-07-07T14:47:00","guid":{"rendered":"https:\/\/eludementsusega.ee\/?p=3862"},"modified":"2021-07-07T14:47:00","modified_gmt":"2021-07-07T14:47:00","slug":"hiiumaal-alustas-tegevust-dementsusega-inimeste-lahedaste-tugigrupp","status":"publish","type":"post","link":"https:\/\/dementsus.ee\/ru\/hiiumaal-alustas-tegevust-dementsusega-inimeste-lahedaste-tugigrupp\/","title":{"rendered":"Hiiumaal alustas tegevust dementsusega inimeste l\u00e4hedaste tugigrupp"},"content":{"rendered":"<p>\u00dcle terve Eesti tegutseb juba 22 tugigruppi dementsusega inimeste l\u00e4hedastele, viimane neist sai hoo sisse 20. mail Hiiumaal.<\/p>\n<p>Nagu ka varasemalt uutes kohtades, nii ka Hiiumaal, alustasime p\u00e4eva seminariga,<img fetchpriority=\"high\" decoding=\"async\" class=\"alignright size-medium wp-image-3871\" src=\"https:\/\/eludementsusega.ee\/app\/uploads\/2021\/07\/20210520_151801-2-1-300x225.jpg\" alt=\"\" width=\"300\" height=\"225\" \/> kus Hanna-Stiina Heinmets Dementsuse Kompetentsikeskuse n\u00f5ustaja esines ettekandega dementsusest ja sellega toimetulemisest, Kadi Neubauer, kes on tugigruppide projektijuht, tutvustas kompetentsikeskuse tegemisi ja s\u00f5na sai ka Hiiumaa Vallavalitsuse sotsiaalt\u00f6\u00f6spetsialist Kairi Priit, tema tutvustas Hiiumaal pakutavaid sotsiaaltoetusi ja -teenuseid. Saali kogunenud inimesed kuulasid huviga ning esitasid esinejatele k\u00fcsimusi.<\/p>\n<p><img decoding=\"async\" class=\"alignleft size-medium wp-image-3868\" src=\"https:\/\/eludementsusega.ee\/app\/uploads\/2021\/07\/20210520_130140-2-1-229x300.jpg\" alt=\"\" width=\"229\" height=\"300\" \/>Peale seminari kogunes l\u00e4hedastele m\u00f5eldud tugigrupp. Seekord ei olnud veel l\u00e4hedasi v\u00e4ga palju, kuid tutvustusringis selgus, et paljud inimesed, kes t\u00f6\u00f6alaselt puutuvad kokku dementsusega inimestega, et neil on oma lugu ka eraeluliselt. Vahetati kogemusi ning jagati kordaminekuid ja muresid, mis igap\u00e4evaelu saadavad.<\/p>\n<p>Lahkudes olid inimesed r\u00f5\u00f5msad, et said j\u00e4lle silmast silma kohtuda ja uusi tutvusi sobitada ning kinnitati, et s\u00fcgisel tuleb kindlasti selliste \u00fcritustega j\u00e4tkata.<\/p>\n","protected":false},"excerpt":{"rendered":"<p>\u00dcle terve Eesti tegutseb juba 22 tugigruppi dementsusega inimeste l\u00e4hedastele, viimane neist sai hoo sisse 20. mail Hiiumaal. Nagu ka varasemalt uutes kohtades, nii ka Hiiumaal, alustasime p\u00e4eva seminariga, kus Hanna-Stiina Heinmets Dementsuse Kompetentsikeskuse n\u00f5ustaja esines ettekandega dementsusest ja sellega toimetulemisest, Kadi Neubauer, kes on tugigruppide projektijuht, tutvustas kompetentsikeskuse tegemisi ja s\u00f5na sai ka Hiiumaa [&hellip;]<\/p>\n","protected":false},"author":2,"featured_media":0,"comment_status":"open","ping_status":"open","sticky":false,"template":"","format":"standard","meta":{"footnotes":""},"categories":[1],"tags":[],"autor":[],"class_list":["post-3862","post","type-post","status-publish","format-standard","hentry","category-maaratlemata"],"yoast_head":"<!-- This site is optimized with the Yoast SEO plugin v26.2 - https:\/\/yoast.com\/wordpress\/plugins\/seo\/ -->\n<title>Hiiumaal alustas tegevust dementsusega inimeste l\u00e4hedaste tugigrupp - Dementsuse Kompetentsikeskus<\/title>\n<meta name=\"robots\" content=\"index, follow, max-snippet:-1, max-image-preview:large, max-video-preview:-1\" \/>\n<link rel=\"canonical\" href=\"https:\/\/dementsus.ee\/ru\/hiiumaal-alustas-tegevust-dementsusega-inimeste-lahedaste-tugigrupp\/\" \/>\n<meta property=\"og:locale\" content=\"ru_RU\" \/>\n<meta property=\"og:type\" content=\"article\" \/>\n<meta property=\"og:title\" content=\"Hiiumaal alustas tegevust dementsusega inimeste l\u00e4hedaste tugigrupp - Dementsuse Kompetentsikeskus\" \/>\n<meta property=\"og:description\" content=\"\u00dcle terve Eesti tegutseb juba 22 tugigruppi dementsusega inimeste l\u00e4hedastele, viimane neist sai hoo sisse 20. mail Hiiumaal. Nagu ka varasemalt uutes kohtades, nii ka Hiiumaal, alustasime p\u00e4eva seminariga, kus Hanna-Stiina Heinmets Dementsuse Kompetentsikeskuse n\u00f5ustaja esines ettekandega dementsusest ja sellega toimetulemisest, Kadi Neubauer, kes on tugigruppide projektijuht, tutvustas kompetentsikeskuse tegemisi ja s\u00f5na sai ka Hiiumaa [&hellip;]\" \/>\n<meta property=\"og:url\" content=\"https:\/\/dementsus.ee\/ru\/hiiumaal-alustas-tegevust-dementsusega-inimeste-lahedaste-tugigrupp\/\" \/>\n<meta property=\"og:site_name\" content=\"Dementsuse Kompetentsikeskus\" \/>\n<meta property=\"article:published_time\" content=\"2021-07-07T14:47:00+00:00\" \/>\n<meta property=\"og:image\" content=\"https:\/\/eludementsusega.ee\/app\/uploads\/2021\/07\/20210520_151801-2-1-300x225.jpg\" \/>\n<meta name=\"author\" content=\"Kermo\" \/>\n<meta name=\"twitter:card\" content=\"summary_large_image\" \/>\n<meta name=\"twitter:label1\" content=\"\u041d\u0430\u043f\u0438\u0441\u0430\u043d\u043e \u0430\u0432\u0442\u043e\u0440\u043e\u043c\" \/>\n\t<meta name=\"twitter:data1\" content=\"Kermo\" \/>\n\t<meta name=\"twitter:label2\" content=\"\u041f\u0440\u0438\u043c\u0435\u0440\u043d\u043e\u0435 \u0432\u0440\u0435\u043c\u044f \u0434\u043b\u044f \u0447\u0442\u0435\u043d\u0438\u044f\" \/>\n\t<meta name=\"twitter:data2\" content=\"1 \u043c\u0438\u043d\u0443\u0442\u0430\" \/>\n<script type=\"application\/ld+json\" class=\"yoast-schema-graph\">{\"@context\":\"https:\/\/schema.org\",\"@graph\":[{\"@type\":\"Article\",\"@id\":\"https:\/\/dementsus.ee\/ru\/hiiumaal-alustas-tegevust-dementsusega-inimeste-lahedaste-tugigrupp\/#article\",\"isPartOf\":{\"@id\":\"https:\/\/dementsus.ee\/ru\/hiiumaal-alustas-tegevust-dementsusega-inimeste-lahedaste-tugigrupp\/\"},\"author\":{\"name\":\"Kermo\",\"@id\":\"https:\/\/dementsus.ee\/ru\/#\/schema\/person\/dd93d64f20e6c5add626937f6b5931ed\"},\"headline\":\"Hiiumaal alustas tegevust dementsusega inimeste l\u00e4hedaste tugigrupp\",\"datePublished\":\"2021-07-07T14:47:00+00:00\",\"mainEntityOfPage\":{\"@id\":\"https:\/\/dementsus.ee\/ru\/hiiumaal-alustas-tegevust-dementsusega-inimeste-lahedaste-tugigrupp\/\"},\"wordCount\":162,\"commentCount\":0,\"publisher\":{\"@id\":\"https:\/\/dementsus.ee\/ru\/#organization\"},\"image\":{\"@id\":\"https:\/\/dementsus.ee\/ru\/hiiumaal-alustas-tegevust-dementsusega-inimeste-lahedaste-tugigrupp\/#primaryimage\"},\"thumbnailUrl\":\"https:\/\/eludementsusega.ee\/app\/uploads\/2021\/07\/20210520_151801-2-1-300x225.jpg\",\"articleSection\":[\"M\u00e4\u00e4ratlemata\"],\"inLanguage\":\"ru-RU\"},{\"@type\":\"WebPage\",\"@id\":\"https:\/\/dementsus.ee\/ru\/hiiumaal-alustas-tegevust-dementsusega-inimeste-lahedaste-tugigrupp\/\",\"url\":\"https:\/\/dementsus.ee\/ru\/hiiumaal-alustas-tegevust-dementsusega-inimeste-lahedaste-tugigrupp\/\",\"name\":\"Hiiumaal alustas tegevust dementsusega inimeste l\u00e4hedaste tugigrupp - Dementsuse Kompetentsikeskus\",\"isPartOf\":{\"@id\":\"https:\/\/dementsus.ee\/ru\/#website\"},\"primaryImageOfPage\":{\"@id\":\"https:\/\/dementsus.ee\/ru\/hiiumaal-alustas-tegevust-dementsusega-inimeste-lahedaste-tugigrupp\/#primaryimage\"},\"image\":{\"@id\":\"https:\/\/dementsus.ee\/ru\/hiiumaal-alustas-tegevust-dementsusega-inimeste-lahedaste-tugigrupp\/#primaryimage\"},\"thumbnailUrl\":\"https:\/\/eludementsusega.ee\/app\/uploads\/2021\/07\/20210520_151801-2-1-300x225.jpg\",\"datePublished\":\"2021-07-07T14:47:00+00:00\",\"breadcrumb\":{\"@id\":\"https:\/\/dementsus.ee\/ru\/hiiumaal-alustas-tegevust-dementsusega-inimeste-lahedaste-tugigrupp\/#breadcrumb\"},\"inLanguage\":\"ru-RU\",\"potentialAction\":[{\"@type\":\"ReadAction\",\"target\":[\"https:\/\/dementsus.ee\/ru\/hiiumaal-alustas-tegevust-dementsusega-inimeste-lahedaste-tugigrupp\/\"]}]},{\"@type\":\"ImageObject\",\"inLanguage\":\"ru-RU\",\"@id\":\"https:\/\/dementsus.ee\/ru\/hiiumaal-alustas-tegevust-dementsusega-inimeste-lahedaste-tugigrupp\/#primaryimage\",\"url\":\"https:\/\/eludementsusega.ee\/app\/uploads\/2021\/07\/20210520_151801-2-1-300x225.jpg\",\"contentUrl\":\"https:\/\/eludementsusega.ee\/app\/uploads\/2021\/07\/20210520_151801-2-1-300x225.jpg\"},{\"@type\":\"BreadcrumbList\",\"@id\":\"https:\/\/dementsus.ee\/ru\/hiiumaal-alustas-tegevust-dementsusega-inimeste-lahedaste-tugigrupp\/#breadcrumb\",\"itemListElement\":[{\"@type\":\"ListItem\",\"position\":1,\"name\":\"Esileht\",\"item\":\"https:\/\/dementsus.ee\/ru\/\"},{\"@type\":\"ListItem\",\"position\":2,\"name\":\"Hiiumaal alustas tegevust dementsusega inimeste l\u00e4hedaste tugigrupp\"}]},{\"@type\":\"WebSite\",\"@id\":\"https:\/\/dementsus.ee\/ru\/#website\",\"url\":\"https:\/\/dementsus.ee\/ru\/\",\"name\":\"Dementsuse Kompetentsikeskus\",\"description\":\"dementsuse info ja abi\",\"publisher\":{\"@id\":\"https:\/\/dementsus.ee\/ru\/#organization\"},\"potentialAction\":[{\"@type\":\"SearchAction\",\"target\":{\"@type\":\"EntryPoint\",\"urlTemplate\":\"https:\/\/dementsus.ee\/ru\/?s={search_term_string}\"},\"query-input\":{\"@type\":\"PropertyValueSpecification\",\"valueRequired\":true,\"valueName\":\"search_term_string\"}}],\"inLanguage\":\"ru-RU\"},{\"@type\":\"Organization\",\"@id\":\"https:\/\/dementsus.ee\/ru\/#organization\",\"name\":\"Dementsuse Kompetentsikeskus\",\"url\":\"https:\/\/dementsus.ee\/ru\/\",\"logo\":{\"@type\":\"ImageObject\",\"inLanguage\":\"ru-RU\",\"@id\":\"https:\/\/dementsus.ee\/ru\/#\/schema\/logo\/image\/\",\"url\":\"https:\/\/dementsus.ee\/wp-content\/uploads\/2023\/07\/ED_logo_kodukale.svg\",\"contentUrl\":\"https:\/\/dementsus.ee\/wp-content\/uploads\/2023\/07\/ED_logo_kodukale.svg\",\"caption\":\"Dementsuse Kompetentsikeskus\"},\"image\":{\"@id\":\"https:\/\/dementsus.ee\/ru\/#\/schema\/logo\/image\/\"}},{\"@type\":\"Person\",\"@id\":\"https:\/\/dementsus.ee\/ru\/#\/schema\/person\/dd93d64f20e6c5add626937f6b5931ed\",\"name\":\"Kermo\",\"image\":{\"@type\":\"ImageObject\",\"inLanguage\":\"ru-RU\",\"@id\":\"https:\/\/dementsus.ee\/ru\/#\/schema\/person\/image\/\",\"url\":\"https:\/\/secure.gravatar.com\/avatar\/b2f0128e9063b66b5c6e595d8f4c39037d52f729089f1ad5afc34656e1d58a64?s=96&d=mm&r=g\",\"contentUrl\":\"https:\/\/secure.gravatar.com\/avatar\/b2f0128e9063b66b5c6e595d8f4c39037d52f729089f1ad5afc34656e1d58a64?s=96&d=mm&r=g\",\"caption\":\"Kermo\"},\"url\":\"https:\/\/dementsus.ee\/ru\/author\/kermo\/\"}]}<\/script>\n<!-- \/ Yoast SEO plugin. -->","yoast_head_json":{"title":"Hiiumaal alustas tegevust dementsusega inimeste l\u00e4hedaste tugigrupp - Dementsuse Kompetentsikeskus","robots":{"index":"index","follow":"follow","max-snippet":"max-snippet:-1","max-image-preview":"max-image-preview:large","max-video-preview":"max-video-preview:-1"},"canonical":"https:\/\/dementsus.ee\/ru\/hiiumaal-alustas-tegevust-dementsusega-inimeste-lahedaste-tugigrupp\/","og_locale":"ru_RU","og_type":"article","og_title":"Hiiumaal alustas tegevust dementsusega inimeste l\u00e4hedaste tugigrupp - Dementsuse Kompetentsikeskus","og_description":"\u00dcle terve Eesti tegutseb juba 22 tugigruppi dementsusega inimeste l\u00e4hedastele, viimane neist sai hoo sisse 20. mail Hiiumaal. Nagu ka varasemalt uutes kohtades, nii ka Hiiumaal, alustasime p\u00e4eva seminariga, kus Hanna-Stiina Heinmets Dementsuse Kompetentsikeskuse n\u00f5ustaja esines ettekandega dementsusest ja sellega toimetulemisest, Kadi Neubauer, kes on tugigruppide projektijuht, tutvustas kompetentsikeskuse tegemisi ja s\u00f5na sai ka Hiiumaa [&hellip;]","og_url":"https:\/\/dementsus.ee\/ru\/hiiumaal-alustas-tegevust-dementsusega-inimeste-lahedaste-tugigrupp\/","og_site_name":"Dementsuse Kompetentsikeskus","article_published_time":"2021-07-07T14:47:00+00:00","og_image":[{"url":"https:\/\/eludementsusega.ee\/app\/uploads\/2021\/07\/20210520_151801-2-1-300x225.jpg","type":"","width":"","height":""}],"author":"Kermo","twitter_card":"summary_large_image","twitter_misc":{"\u041d\u0430\u043f\u0438\u0441\u0430\u043d\u043e \u0430\u0432\u0442\u043e\u0440\u043e\u043c":"Kermo","\u041f\u0440\u0438\u043c\u0435\u0440\u043d\u043e\u0435 \u0432\u0440\u0435\u043c\u044f \u0434\u043b\u044f \u0447\u0442\u0435\u043d\u0438\u044f":"1 \u043c\u0438\u043d\u0443\u0442\u0430"},"schema":{"@context":"https:\/\/schema.org","@graph":[{"@type":"Article","@id":"https:\/\/dementsus.ee\/ru\/hiiumaal-alustas-tegevust-dementsusega-inimeste-lahedaste-tugigrupp\/#article","isPartOf":{"@id":"https:\/\/dementsus.ee\/ru\/hiiumaal-alustas-tegevust-dementsusega-inimeste-lahedaste-tugigrupp\/"},"author":{"name":"Kermo","@id":"https:\/\/dementsus.ee\/ru\/#\/schema\/person\/dd93d64f20e6c5add626937f6b5931ed"},"headline":"Hiiumaal alustas tegevust dementsusega inimeste l\u00e4hedaste tugigrupp","datePublished":"2021-07-07T14:47:00+00:00","mainEntityOfPage":{"@id":"https:\/\/dementsus.ee\/ru\/hiiumaal-alustas-tegevust-dementsusega-inimeste-lahedaste-tugigrupp\/"},"wordCount":162,"commentCount":0,"publisher":{"@id":"https:\/\/dementsus.ee\/ru\/#organization"},"image":{"@id":"https:\/\/dementsus.ee\/ru\/hiiumaal-alustas-tegevust-dementsusega-inimeste-lahedaste-tugigrupp\/#primaryimage"},"thumbnailUrl":"https:\/\/eludementsusega.ee\/app\/uploads\/2021\/07\/20210520_151801-2-1-300x225.jpg","articleSection":["M\u00e4\u00e4ratlemata"],"inLanguage":"ru-RU"},{"@type":"WebPage","@id":"https:\/\/dementsus.ee\/ru\/hiiumaal-alustas-tegevust-dementsusega-inimeste-lahedaste-tugigrupp\/","url":"https:\/\/dementsus.ee\/ru\/hiiumaal-alustas-tegevust-dementsusega-inimeste-lahedaste-tugigrupp\/","name":"Hiiumaal alustas tegevust dementsusega inimeste l\u00e4hedaste tugigrupp - Dementsuse Kompetentsikeskus","isPartOf":{"@id":"https:\/\/dementsus.ee\/ru\/#website"},"primaryImageOfPage":{"@id":"https:\/\/dementsus.ee\/ru\/hiiumaal-alustas-tegevust-dementsusega-inimeste-lahedaste-tugigrupp\/#primaryimage"},"image":{"@id":"https:\/\/dementsus.ee\/ru\/hiiumaal-alustas-tegevust-dementsusega-inimeste-lahedaste-tugigrupp\/#primaryimage"},"thumbnailUrl":"https:\/\/eludementsusega.ee\/app\/uploads\/2021\/07\/20210520_151801-2-1-300x225.jpg","datePublished":"2021-07-07T14:47:00+00:00","breadcrumb":{"@id":"https:\/\/dementsus.ee\/ru\/hiiumaal-alustas-tegevust-dementsusega-inimeste-lahedaste-tugigrupp\/#breadcrumb"},"inLanguage":"ru-RU","potentialAction":[{"@type":"ReadAction","target":["https:\/\/dementsus.ee\/ru\/hiiumaal-alustas-tegevust-dementsusega-inimeste-lahedaste-tugigrupp\/"]}]},{"@type":"ImageObject","inLanguage":"ru-RU","@id":"https:\/\/dementsus.ee\/ru\/hiiumaal-alustas-tegevust-dementsusega-inimeste-lahedaste-tugigrupp\/#primaryimage","url":"https:\/\/eludementsusega.ee\/app\/uploads\/2021\/07\/20210520_151801-2-1-300x225.jpg","contentUrl":"https:\/\/eludementsusega.ee\/app\/uploads\/2021\/07\/20210520_151801-2-1-300x225.jpg"},{"@type":"BreadcrumbList","@id":"https:\/\/dementsus.ee\/ru\/hiiumaal-alustas-tegevust-dementsusega-inimeste-lahedaste-tugigrupp\/#breadcrumb","itemListElement":[{"@type":"ListItem","position":1,"name":"Esileht","item":"https:\/\/dementsus.ee\/ru\/"},{"@type":"ListItem","position":2,"name":"Hiiumaal alustas tegevust dementsusega inimeste l\u00e4hedaste tugigrupp"}]},{"@type":"WebSite","@id":"https:\/\/dementsus.ee\/ru\/#website","url":"https:\/\/dementsus.ee\/ru\/","name":"Dementsuse Kompetentsikeskus","description":"dementsuse info ja abi","publisher":{"@id":"https:\/\/dementsus.ee\/ru\/#organization"},"potentialAction":[{"@type":"SearchAction","target":{"@type":"EntryPoint","urlTemplate":"https:\/\/dementsus.ee\/ru\/?s={search_term_string}"},"query-input":{"@type":"PropertyValueSpecification","valueRequired":true,"valueName":"search_term_string"}}],"inLanguage":"ru-RU"},{"@type":"Organization","@id":"https:\/\/dementsus.ee\/ru\/#organization","name":"Dementsuse Kompetentsikeskus","url":"https:\/\/dementsus.ee\/ru\/","logo":{"@type":"ImageObject","inLanguage":"ru-RU","@id":"https:\/\/dementsus.ee\/ru\/#\/schema\/logo\/image\/","url":"https:\/\/dementsus.ee\/wp-content\/uploads\/2023\/07\/ED_logo_kodukale.svg","contentUrl":"https:\/\/dementsus.ee\/wp-content\/uploads\/2023\/07\/ED_logo_kodukale.svg","caption":"Dementsuse Kompetentsikeskus"},"image":{"@id":"https:\/\/dementsus.ee\/ru\/#\/schema\/logo\/image\/"}},{"@type":"Person","@id":"https:\/\/dementsus.ee\/ru\/#\/schema\/person\/dd93d64f20e6c5add626937f6b5931ed","name":"Kermo","image":{"@type":"ImageObject","inLanguage":"ru-RU","@id":"https:\/\/dementsus.ee\/ru\/#\/schema\/person\/image\/","url":"https:\/\/secure.gravatar.com\/avatar\/b2f0128e9063b66b5c6e595d8f4c39037d52f729089f1ad5afc34656e1d58a64?s=96&d=mm&r=g","contentUrl":"https:\/\/secure.gravatar.com\/avatar\/b2f0128e9063b66b5c6e595d8f4c39037d52f729089f1ad5afc34656e1d58a64?s=96&d=mm&r=g","caption":"Kermo"},"url":"https:\/\/dementsus.ee\/ru\/author\/kermo\/"}]}},"_links":{"self":[{"href":"https:\/\/dementsus.ee\/ru\/wp-json\/wp\/v2\/posts\/3862","targetHints":{"allow":["GET"]}}],"collection":[{"href":"https:\/\/dementsus.ee\/ru\/wp-json\/wp\/v2\/posts"}],"about":[{"href":"https:\/\/dementsus.ee\/ru\/wp-json\/wp\/v2\/types\/post"}],"author":[{"embeddable":true,"href":"https:\/\/dementsus.ee\/ru\/wp-json\/wp\/v2\/users\/2"}],"replies":[{"embeddable":true,"href":"https:\/\/dementsus.ee\/ru\/wp-json\/wp\/v2\/comments?post=3862"}],"version-history":[{"count":0,"href":"https:\/\/dementsus.ee\/ru\/wp-json\/wp\/v2\/posts\/3862\/revisions"}],"wp:attachment":[{"href":"https:\/\/dementsus.ee\/ru\/wp-json\/wp\/v2\/media?parent=3862"}],"wp:term":[{"taxonomy":"category","embeddable":true,"href":"https:\/\/dementsus.ee\/ru\/wp-json\/wp\/v2\/categories?post=3862"},{"taxonomy":"post_tag","embeddable":true,"href":"https:\/\/dementsus.ee\/ru\/wp-json\/wp\/v2\/tags?post=3862"},{"taxonomy":"autor","embeddable":true,"href":"https:\/\/dementsus.ee\/ru\/wp-json\/wp\/v2\/autor?post=3862"}],"curies":[{"name":"wp","href":"https:\/\/api.w.org\/{rel}","templated":true}]}}