{"id":3977,"date":"2021-09-21T17:10:41","date_gmt":"2021-09-21T17:10:41","guid":{"rendered":"https:\/\/eludementsusega.ee\/?p=3977"},"modified":"2021-09-21T17:10:41","modified_gmt":"2021-09-21T17:10:41","slug":"peagi-suureneb-oluliselt-inimeste-vajadus-ja-surve-dementsuse-diagoosimiseks","status":"publish","type":"post","link":"https:\/\/dementsus.ee\/ru\/peagi-suureneb-oluliselt-inimeste-vajadus-ja-surve-dementsuse-diagoosimiseks\/","title":{"rendered":"Peagi suureneb oluliselt inimeste vajadus ja surve dementsuse diagoosimiseks"},"content":{"rendered":"<p>75 protsenti dementsuse juhtumitest on diagnoosimata ehk globaalselt ei ole dementsuse diagnoosi 41 miljonil inimesel, selgus t\u00e4na, rahvusvahelisel Alzheimeri p\u00e4eval <em>Alzheimer\u00b4s Disease Internationali<\/em>\u00a0(edaspidi ADI) pressikonverentsil, kus tutvustati aruannet <a href=\"https:\/\/www.alzint.org\/u\/World-Alzheimer-Report-2021.pdf\" target=\"_blank\" rel=\"noopener\">\u201cDementsuse diagnoosimise teekond\u201d<\/a> Diagnoosimise \u00fcheks takistuseks on tervishoiut\u00f6\u00f6tajate endi arvamus: 30 protsenti arstidest arvas, et diagnoosida ei ole m\u00f5tet, kuna niikuinii ei ole midagi teha. 90 protsenti arstidest t\u00f5des, et Covid-19 t\u00f5ttu diagnoosimine hilineb v\u00f5i venib, ainult 30 protsenti dementsusega inimestest \u00fctles, et nad on saanud pandeemia ajal arstiabi. \u00a0Aruanne toob esile, et peagi seisavad tervishoius\u00fcsteemid silmitsi suure dementsuse diagnoosimise n\u00f5udlusega, kuna tulemas on uued ravimid ning arenemas t\u00e4psemad dementsuse testimise v\u00f5imalused.<\/p>\n<p>Sellest aastast on uus Alzheimeri t\u00f5ve ravim kasutusel Ameerika \u00dchendriikides ning ka teistes riikides taotletakse luba ravimi <em>aducanumab<\/em> kasutamiseks varajase Alzheimeri t\u00f5vega patsientide ravis. \u00a0Diagnoosita aga ei teki v\u00f5imalustki uute raviv\u00f5imaluste kasutamiseks, kirjutatakse ADI pressiteates.<\/p>\n<p>L\u00e4hiaastatel muutuvad dementsuse diagnoosimiseks m\u00f5eldud vere biomarkerite testid k\u00e4ttesaadavaks. Need testid muudavad diagnoosi t\u00e4psemaks kui kunagi varem ning ootus diagnoosimisele veelgi kasvab.<\/p>\n<p>Aruandes t\u00f5detakse, et v\u00e4ga madala dementsuse diagnoosimise p\u00f5hjuseks on stigmatiseeritus, v\u00e4hene teadlikkus dementsusest, napp dementsusspetsiifiliste p\u00e4devustega spetsialistide arv ja kesised diagnoosimisv\u00f5imalused.\u00a0 Olukorda parandaks see, kui igal riigil oleks oma dementsuse strateegia, milles on tegevused spetsialistide s\u00fcsteemseks koolituseks ja dignoosimisv\u00f5imaluste arendamiseks.<\/p>\n<p>Aruande koostamiseks tehtud k\u00fcsitluses vastas neljast arstist kolm, et diagnoosi otsivate inimeste arv on kasvutrendis, p\u00f5hjuseks toodi enim \u00fchiskondade vananemist. ADI r\u00f5hutab, et \u00fchiskonnad peavad valmistuma \u00fche suurenevaks diagnoosimise vajaduseks. Dementsusega inimestel on \u00f5igus teada oma diagnoosi, et nad saaksid planeerida oma edasist elu.<\/p>\n<p>Pressikonverentsil esines kanadalane Roger Marple, kes r\u00e4\u00e4kis enda elust dementsusega. Ta r\u00e4\u00e4kis loo perekonnast, kus otsustati, et ema dementsusele viitavaid s\u00fcmptome diagnoosima ei hakata, kuna ravi ei ole. Kuid \u00fchel hetkel vajas ema arstiabi ning selgus, et tal ei olegi dementsus, on hoopis ajukasvaja, mida oleks saanud ravida, kui esmaste s\u00fcmptomite ilmnemisel oleks pere p\u00f6\u00f6rdunud arsti poole. Roger t\u00f5i v\u00e4lja diagnoosimise olulisuse selle aspekti, et alati ei pruugigi dementsusele viitavad s\u00fcmptomid t\u00e4hendada dementsust, aga hirmust selle haiguse ees ei p\u00f6\u00f6rdutagi arsti poole. Roger Marple r\u00e4\u00e4kis ka sellest, et tegelikult on igal ajahetkel midagi v\u00f5imalik teha, et dementsusega paremini elada. Onkoloogilisi haigusi diagnoosides ei saada arstid patsienti artikabinetist v\u00e4lja, \u00f6eldes, et kohtume poole aasta v\u00f5i aasta p\u00e4rast, ilma, et mingeid vahepealseid v\u00f5imalusi ei pakutaks.<\/p>\n<p>Kanada McGilli \u00dclikooli professor Jos\u00e9 a Morais \u00fctles aruannet tutvustades, et madala teadlikkuse t\u00f5ttu on keeruline patsiendil ja tema l\u00e4hedasel informatsiooni vastu v\u00f5tta. Olulised on s\u00f5numid, mida arst dementsusega inimesele ja tema perele edastab. Aruandest tulenevad soovitused arstile:<\/p>\n<ul>\n<li>k\u00fcsi dementsusega inimese ja ta l\u00e4hedaste k\u00e4est, mida nad tahavad teada;<\/li>\n<li>aruta patsiendiga tema raviplaani ja terviseseisundit;<\/li>\n<li>tutvusta ja seleta lahti dementsuse erinevad faasid;<\/li>\n<li>r\u00e4\u00e4gi ohutusest kodus ja v\u00e4ljaspool kodu;<\/li>\n<li>soovita, et enne, kui patsiendi haigus s\u00fcveneb ja ta ise seda enam teha ei saa, tuleb korraldada k\u00f5ik juriidilised k\u00fcsimused tulevikuks;<\/li>\n<li>suuna dementsusega inimene ja tema l\u00e4hedane erinevate abi v\u00f5imalusteni, mida pakuvad organisatsioonid v\u00f5i riigiasutused.<\/li>\n<\/ul>\n<p>Claire Webster t\u00f5i v\u00e4lja, kui oluline on dementsusega inimese ja tema l\u00e4hedase teadlikkus haigusest. V\u00e4hene teadlikkus m\u00f5jutab diagnoosi saamist ning teadlikkusel on otsene m\u00f5ju hoolduse kvaliteedile ning dementsusega inimese ja tema hooldaja turvatundele.<\/p>\n<p>314 lehek\u00fcljeline aruanne annab hea \u00fclevaate k\u00f5ikidest dementsuse diagnoosimisega seotud erinevatest aspektidest.<\/p>\n<p>ADI j\u00e4rgmine aruanne, mida koostama hakatakse ning mida esitletakse aasta p\u00e4rast, annab \u00fclevaate dementsuse diagnoosimisj\u00e4rgsetest tegevustest ning ravi- ja hooldusteekonnast.<\/p>\n<p>Vastavalt Maailma Terviseorganisatsiooni <a href=\"https:\/\/www.who.int\/news-room\/fact-sheets\/detail\/dementia\" target=\"_blank\" rel=\"noopener\">statistikale<\/a> on dementsus enim surma p\u00f5hjustavate haiguste hulgas seitsmendal kohal.<\/p>\n<p>Eestis elab hinnanguliselt \u00fcle 22 tuhande dementsusega inimese.<\/p>\n","protected":false},"excerpt":{"rendered":"<p>75 protsenti dementsuse juhtumitest on diagnoosimata ehk globaalselt ei ole dementsuse diagnoosi 41 miljonil inimesel, selgus t\u00e4na, rahvusvahelisel Alzheimeri p\u00e4eval Alzheimer\u00b4s Disease Internationali\u00a0(edaspidi ADI) pressikonverentsil, kus tutvustati aruannet \u201cDementsuse diagnoosimise teekond\u201d Diagnoosimise \u00fcheks takistuseks on tervishoiut\u00f6\u00f6tajate endi arvamus: 30 protsenti arstidest arvas, et diagnoosida ei ole m\u00f5tet, kuna niikuinii ei ole midagi teha. 90 protsenti [&hellip;]<\/p>\n","protected":false},"author":2,"featured_media":0,"comment_status":"open","ping_status":"open","sticky":false,"template":"","format":"standard","meta":{"footnotes":""},"categories":[1],"tags":[],"autor":[],"class_list":["post-3977","post","type-post","status-publish","format-standard","hentry","category-maaratlemata"],"yoast_head":"<!-- This site is optimized with the Yoast SEO plugin v26.2 - https:\/\/yoast.com\/wordpress\/plugins\/seo\/ -->\n<title>Peagi suureneb oluliselt inimeste vajadus ja surve dementsuse diagoosimiseks - Dementsuse Kompetentsikeskus<\/title>\n<meta name=\"robots\" content=\"index, follow, max-snippet:-1, max-image-preview:large, max-video-preview:-1\" \/>\n<link rel=\"canonical\" href=\"https:\/\/dementsus.ee\/ru\/peagi-suureneb-oluliselt-inimeste-vajadus-ja-surve-dementsuse-diagoosimiseks\/\" \/>\n<meta property=\"og:locale\" content=\"ru_RU\" \/>\n<meta property=\"og:type\" content=\"article\" \/>\n<meta property=\"og:title\" content=\"Peagi suureneb oluliselt inimeste vajadus ja surve dementsuse diagoosimiseks - Dementsuse Kompetentsikeskus\" \/>\n<meta property=\"og:description\" content=\"75 protsenti dementsuse juhtumitest on diagnoosimata ehk globaalselt ei ole dementsuse diagnoosi 41 miljonil inimesel, selgus t\u00e4na, rahvusvahelisel Alzheimeri p\u00e4eval Alzheimer\u00b4s Disease Internationali\u00a0(edaspidi ADI) pressikonverentsil, kus tutvustati aruannet \u201cDementsuse diagnoosimise teekond\u201d Diagnoosimise \u00fcheks takistuseks on tervishoiut\u00f6\u00f6tajate endi arvamus: 30 protsenti arstidest arvas, et diagnoosida ei ole m\u00f5tet, kuna niikuinii ei ole midagi teha. 90 protsenti [&hellip;]\" \/>\n<meta property=\"og:url\" content=\"https:\/\/dementsus.ee\/ru\/peagi-suureneb-oluliselt-inimeste-vajadus-ja-surve-dementsuse-diagoosimiseks\/\" \/>\n<meta property=\"og:site_name\" content=\"Dementsuse Kompetentsikeskus\" \/>\n<meta property=\"article:published_time\" content=\"2021-09-21T17:10:41+00:00\" \/>\n<meta name=\"author\" content=\"Kermo\" \/>\n<meta name=\"twitter:card\" content=\"summary_large_image\" \/>\n<meta name=\"twitter:label1\" content=\"\u041d\u0430\u043f\u0438\u0441\u0430\u043d\u043e \u0430\u0432\u0442\u043e\u0440\u043e\u043c\" \/>\n\t<meta name=\"twitter:data1\" content=\"Kermo\" \/>\n\t<meta name=\"twitter:label2\" content=\"\u041f\u0440\u0438\u043c\u0435\u0440\u043d\u043e\u0435 \u0432\u0440\u0435\u043c\u044f \u0434\u043b\u044f \u0447\u0442\u0435\u043d\u0438\u044f\" \/>\n\t<meta name=\"twitter:data2\" content=\"3 \u043c\u0438\u043d\u0443\u0442\u044b\" \/>\n<script type=\"application\/ld+json\" class=\"yoast-schema-graph\">{\"@context\":\"https:\/\/schema.org\",\"@graph\":[{\"@type\":\"Article\",\"@id\":\"https:\/\/dementsus.ee\/ru\/peagi-suureneb-oluliselt-inimeste-vajadus-ja-surve-dementsuse-diagoosimiseks\/#article\",\"isPartOf\":{\"@id\":\"https:\/\/dementsus.ee\/ru\/peagi-suureneb-oluliselt-inimeste-vajadus-ja-surve-dementsuse-diagoosimiseks\/\"},\"author\":{\"name\":\"Kermo\",\"@id\":\"https:\/\/dementsus.ee\/ru\/#\/schema\/person\/dd93d64f20e6c5add626937f6b5931ed\"},\"headline\":\"Peagi suureneb oluliselt inimeste vajadus ja surve dementsuse diagoosimiseks\",\"datePublished\":\"2021-09-21T17:10:41+00:00\",\"mainEntityOfPage\":{\"@id\":\"https:\/\/dementsus.ee\/ru\/peagi-suureneb-oluliselt-inimeste-vajadus-ja-surve-dementsuse-diagoosimiseks\/\"},\"wordCount\":630,\"commentCount\":0,\"publisher\":{\"@id\":\"https:\/\/dementsus.ee\/ru\/#organization\"},\"articleSection\":[\"M\u00e4\u00e4ratlemata\"],\"inLanguage\":\"ru-RU\"},{\"@type\":\"WebPage\",\"@id\":\"https:\/\/dementsus.ee\/ru\/peagi-suureneb-oluliselt-inimeste-vajadus-ja-surve-dementsuse-diagoosimiseks\/\",\"url\":\"https:\/\/dementsus.ee\/ru\/peagi-suureneb-oluliselt-inimeste-vajadus-ja-surve-dementsuse-diagoosimiseks\/\",\"name\":\"Peagi suureneb oluliselt inimeste vajadus ja surve dementsuse diagoosimiseks - Dementsuse Kompetentsikeskus\",\"isPartOf\":{\"@id\":\"https:\/\/dementsus.ee\/ru\/#website\"},\"datePublished\":\"2021-09-21T17:10:41+00:00\",\"breadcrumb\":{\"@id\":\"https:\/\/dementsus.ee\/ru\/peagi-suureneb-oluliselt-inimeste-vajadus-ja-surve-dementsuse-diagoosimiseks\/#breadcrumb\"},\"inLanguage\":\"ru-RU\",\"potentialAction\":[{\"@type\":\"ReadAction\",\"target\":[\"https:\/\/dementsus.ee\/ru\/peagi-suureneb-oluliselt-inimeste-vajadus-ja-surve-dementsuse-diagoosimiseks\/\"]}]},{\"@type\":\"BreadcrumbList\",\"@id\":\"https:\/\/dementsus.ee\/ru\/peagi-suureneb-oluliselt-inimeste-vajadus-ja-surve-dementsuse-diagoosimiseks\/#breadcrumb\",\"itemListElement\":[{\"@type\":\"ListItem\",\"position\":1,\"name\":\"Esileht\",\"item\":\"https:\/\/dementsus.ee\/ru\/\"},{\"@type\":\"ListItem\",\"position\":2,\"name\":\"Peagi suureneb oluliselt inimeste vajadus ja surve dementsuse diagoosimiseks\"}]},{\"@type\":\"WebSite\",\"@id\":\"https:\/\/dementsus.ee\/ru\/#website\",\"url\":\"https:\/\/dementsus.ee\/ru\/\",\"name\":\"Dementsuse Kompetentsikeskus\",\"description\":\"dementsuse info ja abi\",\"publisher\":{\"@id\":\"https:\/\/dementsus.ee\/ru\/#organization\"},\"potentialAction\":[{\"@type\":\"SearchAction\",\"target\":{\"@type\":\"EntryPoint\",\"urlTemplate\":\"https:\/\/dementsus.ee\/ru\/?s={search_term_string}\"},\"query-input\":{\"@type\":\"PropertyValueSpecification\",\"valueRequired\":true,\"valueName\":\"search_term_string\"}}],\"inLanguage\":\"ru-RU\"},{\"@type\":\"Organization\",\"@id\":\"https:\/\/dementsus.ee\/ru\/#organization\",\"name\":\"Dementsuse Kompetentsikeskus\",\"url\":\"https:\/\/dementsus.ee\/ru\/\",\"logo\":{\"@type\":\"ImageObject\",\"inLanguage\":\"ru-RU\",\"@id\":\"https:\/\/dementsus.ee\/ru\/#\/schema\/logo\/image\/\",\"url\":\"https:\/\/dementsus.ee\/wp-content\/uploads\/2023\/07\/ED_logo_kodukale.svg\",\"contentUrl\":\"https:\/\/dementsus.ee\/wp-content\/uploads\/2023\/07\/ED_logo_kodukale.svg\",\"caption\":\"Dementsuse Kompetentsikeskus\"},\"image\":{\"@id\":\"https:\/\/dementsus.ee\/ru\/#\/schema\/logo\/image\/\"}},{\"@type\":\"Person\",\"@id\":\"https:\/\/dementsus.ee\/ru\/#\/schema\/person\/dd93d64f20e6c5add626937f6b5931ed\",\"name\":\"Kermo\",\"image\":{\"@type\":\"ImageObject\",\"inLanguage\":\"ru-RU\",\"@id\":\"https:\/\/dementsus.ee\/ru\/#\/schema\/person\/image\/\",\"url\":\"https:\/\/secure.gravatar.com\/avatar\/b2f0128e9063b66b5c6e595d8f4c39037d52f729089f1ad5afc34656e1d58a64?s=96&d=mm&r=g\",\"contentUrl\":\"https:\/\/secure.gravatar.com\/avatar\/b2f0128e9063b66b5c6e595d8f4c39037d52f729089f1ad5afc34656e1d58a64?s=96&d=mm&r=g\",\"caption\":\"Kermo\"},\"url\":\"https:\/\/dementsus.ee\/ru\/author\/kermo\/\"}]}<\/script>\n<!-- \/ Yoast SEO plugin. -->","yoast_head_json":{"title":"Peagi suureneb oluliselt inimeste vajadus ja surve dementsuse diagoosimiseks - Dementsuse Kompetentsikeskus","robots":{"index":"index","follow":"follow","max-snippet":"max-snippet:-1","max-image-preview":"max-image-preview:large","max-video-preview":"max-video-preview:-1"},"canonical":"https:\/\/dementsus.ee\/ru\/peagi-suureneb-oluliselt-inimeste-vajadus-ja-surve-dementsuse-diagoosimiseks\/","og_locale":"ru_RU","og_type":"article","og_title":"Peagi suureneb oluliselt inimeste vajadus ja surve dementsuse diagoosimiseks - Dementsuse Kompetentsikeskus","og_description":"75 protsenti dementsuse juhtumitest on diagnoosimata ehk globaalselt ei ole dementsuse diagnoosi 41 miljonil inimesel, selgus t\u00e4na, rahvusvahelisel Alzheimeri p\u00e4eval Alzheimer\u00b4s Disease Internationali\u00a0(edaspidi ADI) pressikonverentsil, kus tutvustati aruannet \u201cDementsuse diagnoosimise teekond\u201d Diagnoosimise \u00fcheks takistuseks on tervishoiut\u00f6\u00f6tajate endi arvamus: 30 protsenti arstidest arvas, et diagnoosida ei ole m\u00f5tet, kuna niikuinii ei ole midagi teha. 90 protsenti [&hellip;]","og_url":"https:\/\/dementsus.ee\/ru\/peagi-suureneb-oluliselt-inimeste-vajadus-ja-surve-dementsuse-diagoosimiseks\/","og_site_name":"Dementsuse Kompetentsikeskus","article_published_time":"2021-09-21T17:10:41+00:00","author":"Kermo","twitter_card":"summary_large_image","twitter_misc":{"\u041d\u0430\u043f\u0438\u0441\u0430\u043d\u043e \u0430\u0432\u0442\u043e\u0440\u043e\u043c":"Kermo","\u041f\u0440\u0438\u043c\u0435\u0440\u043d\u043e\u0435 \u0432\u0440\u0435\u043c\u044f \u0434\u043b\u044f \u0447\u0442\u0435\u043d\u0438\u044f":"3 \u043c\u0438\u043d\u0443\u0442\u044b"},"schema":{"@context":"https:\/\/schema.org","@graph":[{"@type":"Article","@id":"https:\/\/dementsus.ee\/ru\/peagi-suureneb-oluliselt-inimeste-vajadus-ja-surve-dementsuse-diagoosimiseks\/#article","isPartOf":{"@id":"https:\/\/dementsus.ee\/ru\/peagi-suureneb-oluliselt-inimeste-vajadus-ja-surve-dementsuse-diagoosimiseks\/"},"author":{"name":"Kermo","@id":"https:\/\/dementsus.ee\/ru\/#\/schema\/person\/dd93d64f20e6c5add626937f6b5931ed"},"headline":"Peagi suureneb oluliselt inimeste vajadus ja surve dementsuse diagoosimiseks","datePublished":"2021-09-21T17:10:41+00:00","mainEntityOfPage":{"@id":"https:\/\/dementsus.ee\/ru\/peagi-suureneb-oluliselt-inimeste-vajadus-ja-surve-dementsuse-diagoosimiseks\/"},"wordCount":630,"commentCount":0,"publisher":{"@id":"https:\/\/dementsus.ee\/ru\/#organization"},"articleSection":["M\u00e4\u00e4ratlemata"],"inLanguage":"ru-RU"},{"@type":"WebPage","@id":"https:\/\/dementsus.ee\/ru\/peagi-suureneb-oluliselt-inimeste-vajadus-ja-surve-dementsuse-diagoosimiseks\/","url":"https:\/\/dementsus.ee\/ru\/peagi-suureneb-oluliselt-inimeste-vajadus-ja-surve-dementsuse-diagoosimiseks\/","name":"Peagi suureneb oluliselt inimeste vajadus ja surve dementsuse diagoosimiseks - Dementsuse Kompetentsikeskus","isPartOf":{"@id":"https:\/\/dementsus.ee\/ru\/#website"},"datePublished":"2021-09-21T17:10:41+00:00","breadcrumb":{"@id":"https:\/\/dementsus.ee\/ru\/peagi-suureneb-oluliselt-inimeste-vajadus-ja-surve-dementsuse-diagoosimiseks\/#breadcrumb"},"inLanguage":"ru-RU","potentialAction":[{"@type":"ReadAction","target":["https:\/\/dementsus.ee\/ru\/peagi-suureneb-oluliselt-inimeste-vajadus-ja-surve-dementsuse-diagoosimiseks\/"]}]},{"@type":"BreadcrumbList","@id":"https:\/\/dementsus.ee\/ru\/peagi-suureneb-oluliselt-inimeste-vajadus-ja-surve-dementsuse-diagoosimiseks\/#breadcrumb","itemListElement":[{"@type":"ListItem","position":1,"name":"Esileht","item":"https:\/\/dementsus.ee\/ru\/"},{"@type":"ListItem","position":2,"name":"Peagi suureneb oluliselt inimeste vajadus ja surve dementsuse diagoosimiseks"}]},{"@type":"WebSite","@id":"https:\/\/dementsus.ee\/ru\/#website","url":"https:\/\/dementsus.ee\/ru\/","name":"Dementsuse Kompetentsikeskus","description":"dementsuse info ja abi","publisher":{"@id":"https:\/\/dementsus.ee\/ru\/#organization"},"potentialAction":[{"@type":"SearchAction","target":{"@type":"EntryPoint","urlTemplate":"https:\/\/dementsus.ee\/ru\/?s={search_term_string}"},"query-input":{"@type":"PropertyValueSpecification","valueRequired":true,"valueName":"search_term_string"}}],"inLanguage":"ru-RU"},{"@type":"Organization","@id":"https:\/\/dementsus.ee\/ru\/#organization","name":"Dementsuse Kompetentsikeskus","url":"https:\/\/dementsus.ee\/ru\/","logo":{"@type":"ImageObject","inLanguage":"ru-RU","@id":"https:\/\/dementsus.ee\/ru\/#\/schema\/logo\/image\/","url":"https:\/\/dementsus.ee\/wp-content\/uploads\/2023\/07\/ED_logo_kodukale.svg","contentUrl":"https:\/\/dementsus.ee\/wp-content\/uploads\/2023\/07\/ED_logo_kodukale.svg","caption":"Dementsuse Kompetentsikeskus"},"image":{"@id":"https:\/\/dementsus.ee\/ru\/#\/schema\/logo\/image\/"}},{"@type":"Person","@id":"https:\/\/dementsus.ee\/ru\/#\/schema\/person\/dd93d64f20e6c5add626937f6b5931ed","name":"Kermo","image":{"@type":"ImageObject","inLanguage":"ru-RU","@id":"https:\/\/dementsus.ee\/ru\/#\/schema\/person\/image\/","url":"https:\/\/secure.gravatar.com\/avatar\/b2f0128e9063b66b5c6e595d8f4c39037d52f729089f1ad5afc34656e1d58a64?s=96&d=mm&r=g","contentUrl":"https:\/\/secure.gravatar.com\/avatar\/b2f0128e9063b66b5c6e595d8f4c39037d52f729089f1ad5afc34656e1d58a64?s=96&d=mm&r=g","caption":"Kermo"},"url":"https:\/\/dementsus.ee\/ru\/author\/kermo\/"}]}},"_links":{"self":[{"href":"https:\/\/dementsus.ee\/ru\/wp-json\/wp\/v2\/posts\/3977","targetHints":{"allow":["GET"]}}],"collection":[{"href":"https:\/\/dementsus.ee\/ru\/wp-json\/wp\/v2\/posts"}],"about":[{"href":"https:\/\/dementsus.ee\/ru\/wp-json\/wp\/v2\/types\/post"}],"author":[{"embeddable":true,"href":"https:\/\/dementsus.ee\/ru\/wp-json\/wp\/v2\/users\/2"}],"replies":[{"embeddable":true,"href":"https:\/\/dementsus.ee\/ru\/wp-json\/wp\/v2\/comments?post=3977"}],"version-history":[{"count":0,"href":"https:\/\/dementsus.ee\/ru\/wp-json\/wp\/v2\/posts\/3977\/revisions"}],"wp:attachment":[{"href":"https:\/\/dementsus.ee\/ru\/wp-json\/wp\/v2\/media?parent=3977"}],"wp:term":[{"taxonomy":"category","embeddable":true,"href":"https:\/\/dementsus.ee\/ru\/wp-json\/wp\/v2\/categories?post=3977"},{"taxonomy":"post_tag","embeddable":true,"href":"https:\/\/dementsus.ee\/ru\/wp-json\/wp\/v2\/tags?post=3977"},{"taxonomy":"autor","embeddable":true,"href":"https:\/\/dementsus.ee\/ru\/wp-json\/wp\/v2\/autor?post=3977"}],"curies":[{"name":"wp","href":"https:\/\/api.w.org\/{rel}","templated":true}]}}