{"id":4007,"date":"2021-10-08T06:39:54","date_gmt":"2021-10-08T06:39:54","guid":{"rendered":"https:\/\/eludementsusega.ee\/?p=4007"},"modified":"2021-10-08T06:39:54","modified_gmt":"2021-10-08T06:39:54","slug":"polvas-alustas-tood-dementsusega-inimeste-lahedastele-moeldud-tugigrupp","status":"publish","type":"post","link":"https:\/\/dementsus.ee\/ru\/polvas-alustas-tood-dementsusega-inimeste-lahedastele-moeldud-tugigrupp\/","title":{"rendered":"P\u00f5lvas alustas t\u00f6\u00f6d dementsusega inimeste l\u00e4hedastele m\u00f5eldud tugigrupp"},"content":{"rendered":"<p>Kui me 14. septembril P\u00f5lva P\u00e4evakeskuse uksest sisenesime, siis v\u00f5ttis meid vastu pirukate l\u00f5hn. Nagu oleks maale vanaema juurde j\u00f5udnud! Kuid P\u00f5lvas ei k\u00e4inud me niisama k\u00fclas, vaid ikka inimestega suhtlemas.<\/p>\n<p>Sellele p\u00e4evale oli planeeritud esimene dementsusega inimeste l\u00e4hedaste tugigrupp P\u00f5lvas ja enne tugigrupi kohtumist ka k\u00f5ikidele huvilistele m\u00f5eldud seminar. <img fetchpriority=\"high\" decoding=\"async\" class=\"alignright size-medium wp-image-4011\" src=\"https:\/\/eludementsusega.ee\/app\/uploads\/2021\/10\/TG_Polva_seminar-300x225.jpg\" alt=\"\" width=\"300\" height=\"225\" srcset=\"https:\/\/dementsus.ee\/wp-content\/uploads\/2021\/10\/TG_Polva_seminar-300x225.jpg 300w, https:\/\/dementsus.ee\/wp-content\/uploads\/2021\/10\/TG_Polva_seminar-600x450.jpg 600w, https:\/\/dementsus.ee\/wp-content\/uploads\/2021\/10\/TG_Polva_seminar-768x576.jpg 768w, https:\/\/dementsus.ee\/wp-content\/uploads\/2021\/10\/TG_Polva_seminar.jpg 774w\" sizes=\"(max-width: 300px) 100vw, 300px\" \/>Kohale olid tulnud nii l\u00e4hedased, kellel on kodus hooldada dementsusega pereliige, koduhooldust\u00f6\u00f6tajad, sotsiaalt\u00f6\u00f6tajad, kui ka lihtsalt huvilised, kes tahtsid oma teadmisi selles vallas laiendada.<\/p>\n<p>Seminaril r\u00e4\u00e4kis Hanna-Stiina Heinmets dementsusest, selle s\u00fcmptomitest ja toimetulekust. Kadi Neubauer tutvustas kompetentsikeskuse teenuseid ja tegevusi. Kohaletulnud inimesed said esitada esinejatele k\u00fcsimusi ning kodus lugemiseks kaasa v\u00f5tta infomaterjale.<\/p>\n<p><img decoding=\"async\" class=\"alignleft size-medium wp-image-4009\" src=\"https:\/\/eludementsusega.ee\/app\/uploads\/2021\/10\/TG_polva_infomaterjalid-300x225.jpg\" alt=\"\" width=\"300\" height=\"225\" srcset=\"https:\/\/dementsus.ee\/wp-content\/uploads\/2021\/10\/TG_polva_infomaterjalid-300x225.jpg 300w, https:\/\/dementsus.ee\/wp-content\/uploads\/2021\/10\/TG_polva_infomaterjalid.jpg 537w\" sizes=\"(max-width: 300px) 100vw, 300px\" \/>Peale seminari kogunes l\u00e4hedastele m\u00f5eldud tugigrupp, kus osalesid peale l\u00e4hedaste aga ka kohalikud spetsialistid ja MT\u00dc Elu Dementsusega liikmed. L\u00e4hedastel avanes v\u00f5imalus jagada oma muresid teistega, k\u00fcsida n\u00f5u ja soovitusi. Kui esialgu tundus tugigrupis osalemine m\u00f5nedele l\u00e4hedastele hirmu\u00e4ratav, siis kohtumise l\u00f5puks olid k\u00f5ik veendunud, et tegemist oli v\u00e4ga vajaliku \u00fcritusega. Osalejad lubasid, et r\u00e4\u00e4givad \u00a0tugigrupist ka teistele l\u00e4hedastele ja tuttavatele, kellel on oma pereliikmete hooldamisel tekkinud sarnaseid k\u00fcsimusi.<\/p>\n<p>Seega tegutseb n\u00fc\u00fcd Eestis juba 23 tugigruppi dementsusega inimeste l\u00e4hedastele.<\/p>\n<p>&nbsp;<\/p>\n<p>K\u00f5ik P\u00f5lva maakonna l\u00e4hedased, kes tunnevad, et nad vajavad tuge, m\u00f5istmist, kogemuste vahetamist, tunnet, et sa ei ole maailmas \u00fcksi, olete oodatud j\u00e4rgmisesse P\u00f5lva tugigruppi, mis toimub <strong>3. novembril kell 15.00 P\u00f5lva P\u00e4evakeskuses <\/strong>(Uus tn 2, P\u00f5lva). Tugigrupis osalemisest palume ette teavitada helistades telefonil 517 7822 v\u00f5i kirjutades aadressile paevakeskus@polva.ee.<\/p>\n","protected":false},"excerpt":{"rendered":"<p>Kui me 14. septembril P\u00f5lva P\u00e4evakeskuse uksest sisenesime, siis v\u00f5ttis meid vastu pirukate l\u00f5hn. Nagu oleks maale vanaema juurde j\u00f5udnud! Kuid P\u00f5lvas ei k\u00e4inud me niisama k\u00fclas, vaid ikka inimestega suhtlemas. Sellele p\u00e4evale oli planeeritud esimene dementsusega inimeste l\u00e4hedaste tugigrupp P\u00f5lvas ja enne tugigrupi kohtumist ka k\u00f5ikidele huvilistele m\u00f5eldud seminar. Kohale olid tulnud nii l\u00e4hedased, [&hellip;]<\/p>\n","protected":false},"author":2,"featured_media":0,"comment_status":"open","ping_status":"open","sticky":false,"template":"","format":"standard","meta":{"footnotes":""},"categories":[1],"tags":[],"autor":[],"class_list":["post-4007","post","type-post","status-publish","format-standard","hentry","category-maaratlemata"],"yoast_head":"<!-- This site is optimized with the Yoast SEO plugin v26.2 - https:\/\/yoast.com\/wordpress\/plugins\/seo\/ -->\n<title>P\u00f5lvas alustas t\u00f6\u00f6d dementsusega inimeste l\u00e4hedastele m\u00f5eldud tugigrupp - Dementsuse Kompetentsikeskus<\/title>\n<meta name=\"robots\" content=\"index, follow, max-snippet:-1, max-image-preview:large, max-video-preview:-1\" \/>\n<link rel=\"canonical\" href=\"https:\/\/dementsus.ee\/ru\/polvas-alustas-tood-dementsusega-inimeste-lahedastele-moeldud-tugigrupp\/\" \/>\n<meta property=\"og:locale\" content=\"ru_RU\" \/>\n<meta property=\"og:type\" content=\"article\" \/>\n<meta property=\"og:title\" content=\"P\u00f5lvas alustas t\u00f6\u00f6d dementsusega inimeste l\u00e4hedastele m\u00f5eldud tugigrupp - Dementsuse Kompetentsikeskus\" \/>\n<meta property=\"og:description\" content=\"Kui me 14. septembril P\u00f5lva P\u00e4evakeskuse uksest sisenesime, siis v\u00f5ttis meid vastu pirukate l\u00f5hn. Nagu oleks maale vanaema juurde j\u00f5udnud! Kuid P\u00f5lvas ei k\u00e4inud me niisama k\u00fclas, vaid ikka inimestega suhtlemas. Sellele p\u00e4evale oli planeeritud esimene dementsusega inimeste l\u00e4hedaste tugigrupp P\u00f5lvas ja enne tugigrupi kohtumist ka k\u00f5ikidele huvilistele m\u00f5eldud seminar. Kohale olid tulnud nii l\u00e4hedased, [&hellip;]\" \/>\n<meta property=\"og:url\" content=\"https:\/\/dementsus.ee\/ru\/polvas-alustas-tood-dementsusega-inimeste-lahedastele-moeldud-tugigrupp\/\" \/>\n<meta property=\"og:site_name\" content=\"Dementsuse Kompetentsikeskus\" \/>\n<meta property=\"article:published_time\" content=\"2021-10-08T06:39:54+00:00\" \/>\n<meta property=\"og:image\" content=\"https:\/\/eludementsusega.ee\/app\/uploads\/2021\/10\/TG_Polva_seminar-300x225.jpg\" \/>\n<meta name=\"author\" content=\"Kermo\" \/>\n<meta name=\"twitter:card\" content=\"summary_large_image\" \/>\n<meta name=\"twitter:label1\" content=\"\u041d\u0430\u043f\u0438\u0441\u0430\u043d\u043e \u0430\u0432\u0442\u043e\u0440\u043e\u043c\" \/>\n\t<meta name=\"twitter:data1\" content=\"Kermo\" \/>\n\t<meta name=\"twitter:label2\" content=\"\u041f\u0440\u0438\u043c\u0435\u0440\u043d\u043e\u0435 \u0432\u0440\u0435\u043c\u044f \u0434\u043b\u044f \u0447\u0442\u0435\u043d\u0438\u044f\" \/>\n\t<meta name=\"twitter:data2\" content=\"1 \u043c\u0438\u043d\u0443\u0442\u0430\" \/>\n<script type=\"application\/ld+json\" class=\"yoast-schema-graph\">{\"@context\":\"https:\/\/schema.org\",\"@graph\":[{\"@type\":\"Article\",\"@id\":\"https:\/\/dementsus.ee\/ru\/polvas-alustas-tood-dementsusega-inimeste-lahedastele-moeldud-tugigrupp\/#article\",\"isPartOf\":{\"@id\":\"https:\/\/dementsus.ee\/ru\/polvas-alustas-tood-dementsusega-inimeste-lahedastele-moeldud-tugigrupp\/\"},\"author\":{\"name\":\"Kermo\",\"@id\":\"https:\/\/dementsus.ee\/ru\/#\/schema\/person\/dd93d64f20e6c5add626937f6b5931ed\"},\"headline\":\"P\u00f5lvas alustas t\u00f6\u00f6d dementsusega inimeste l\u00e4hedastele m\u00f5eldud tugigrupp\",\"datePublished\":\"2021-10-08T06:39:54+00:00\",\"mainEntityOfPage\":{\"@id\":\"https:\/\/dementsus.ee\/ru\/polvas-alustas-tood-dementsusega-inimeste-lahedastele-moeldud-tugigrupp\/\"},\"wordCount\":286,\"commentCount\":0,\"publisher\":{\"@id\":\"https:\/\/dementsus.ee\/ru\/#organization\"},\"image\":{\"@id\":\"https:\/\/dementsus.ee\/ru\/polvas-alustas-tood-dementsusega-inimeste-lahedastele-moeldud-tugigrupp\/#primaryimage\"},\"thumbnailUrl\":\"https:\/\/eludementsusega.ee\/app\/uploads\/2021\/10\/TG_Polva_seminar-300x225.jpg\",\"articleSection\":[\"M\u00e4\u00e4ratlemata\"],\"inLanguage\":\"ru-RU\"},{\"@type\":\"WebPage\",\"@id\":\"https:\/\/dementsus.ee\/ru\/polvas-alustas-tood-dementsusega-inimeste-lahedastele-moeldud-tugigrupp\/\",\"url\":\"https:\/\/dementsus.ee\/ru\/polvas-alustas-tood-dementsusega-inimeste-lahedastele-moeldud-tugigrupp\/\",\"name\":\"P\u00f5lvas alustas t\u00f6\u00f6d dementsusega inimeste l\u00e4hedastele m\u00f5eldud tugigrupp - Dementsuse Kompetentsikeskus\",\"isPartOf\":{\"@id\":\"https:\/\/dementsus.ee\/ru\/#website\"},\"primaryImageOfPage\":{\"@id\":\"https:\/\/dementsus.ee\/ru\/polvas-alustas-tood-dementsusega-inimeste-lahedastele-moeldud-tugigrupp\/#primaryimage\"},\"image\":{\"@id\":\"https:\/\/dementsus.ee\/ru\/polvas-alustas-tood-dementsusega-inimeste-lahedastele-moeldud-tugigrupp\/#primaryimage\"},\"thumbnailUrl\":\"https:\/\/eludementsusega.ee\/app\/uploads\/2021\/10\/TG_Polva_seminar-300x225.jpg\",\"datePublished\":\"2021-10-08T06:39:54+00:00\",\"breadcrumb\":{\"@id\":\"https:\/\/dementsus.ee\/ru\/polvas-alustas-tood-dementsusega-inimeste-lahedastele-moeldud-tugigrupp\/#breadcrumb\"},\"inLanguage\":\"ru-RU\",\"potentialAction\":[{\"@type\":\"ReadAction\",\"target\":[\"https:\/\/dementsus.ee\/ru\/polvas-alustas-tood-dementsusega-inimeste-lahedastele-moeldud-tugigrupp\/\"]}]},{\"@type\":\"ImageObject\",\"inLanguage\":\"ru-RU\",\"@id\":\"https:\/\/dementsus.ee\/ru\/polvas-alustas-tood-dementsusega-inimeste-lahedastele-moeldud-tugigrupp\/#primaryimage\",\"url\":\"https:\/\/eludementsusega.ee\/app\/uploads\/2021\/10\/TG_Polva_seminar-300x225.jpg\",\"contentUrl\":\"https:\/\/eludementsusega.ee\/app\/uploads\/2021\/10\/TG_Polva_seminar-300x225.jpg\"},{\"@type\":\"BreadcrumbList\",\"@id\":\"https:\/\/dementsus.ee\/ru\/polvas-alustas-tood-dementsusega-inimeste-lahedastele-moeldud-tugigrupp\/#breadcrumb\",\"itemListElement\":[{\"@type\":\"ListItem\",\"position\":1,\"name\":\"Esileht\",\"item\":\"https:\/\/dementsus.ee\/ru\/\"},{\"@type\":\"ListItem\",\"position\":2,\"name\":\"P\u00f5lvas alustas t\u00f6\u00f6d dementsusega inimeste l\u00e4hedastele m\u00f5eldud tugigrupp\"}]},{\"@type\":\"WebSite\",\"@id\":\"https:\/\/dementsus.ee\/ru\/#website\",\"url\":\"https:\/\/dementsus.ee\/ru\/\",\"name\":\"Dementsuse Kompetentsikeskus\",\"description\":\"dementsuse info ja abi\",\"publisher\":{\"@id\":\"https:\/\/dementsus.ee\/ru\/#organization\"},\"potentialAction\":[{\"@type\":\"SearchAction\",\"target\":{\"@type\":\"EntryPoint\",\"urlTemplate\":\"https:\/\/dementsus.ee\/ru\/?s={search_term_string}\"},\"query-input\":{\"@type\":\"PropertyValueSpecification\",\"valueRequired\":true,\"valueName\":\"search_term_string\"}}],\"inLanguage\":\"ru-RU\"},{\"@type\":\"Organization\",\"@id\":\"https:\/\/dementsus.ee\/ru\/#organization\",\"name\":\"Dementsuse Kompetentsikeskus\",\"url\":\"https:\/\/dementsus.ee\/ru\/\",\"logo\":{\"@type\":\"ImageObject\",\"inLanguage\":\"ru-RU\",\"@id\":\"https:\/\/dementsus.ee\/ru\/#\/schema\/logo\/image\/\",\"url\":\"https:\/\/dementsus.ee\/wp-content\/uploads\/2023\/07\/ED_logo_kodukale.svg\",\"contentUrl\":\"https:\/\/dementsus.ee\/wp-content\/uploads\/2023\/07\/ED_logo_kodukale.svg\",\"caption\":\"Dementsuse Kompetentsikeskus\"},\"image\":{\"@id\":\"https:\/\/dementsus.ee\/ru\/#\/schema\/logo\/image\/\"}},{\"@type\":\"Person\",\"@id\":\"https:\/\/dementsus.ee\/ru\/#\/schema\/person\/dd93d64f20e6c5add626937f6b5931ed\",\"name\":\"Kermo\",\"image\":{\"@type\":\"ImageObject\",\"inLanguage\":\"ru-RU\",\"@id\":\"https:\/\/dementsus.ee\/ru\/#\/schema\/person\/image\/\",\"url\":\"https:\/\/secure.gravatar.com\/avatar\/b2f0128e9063b66b5c6e595d8f4c39037d52f729089f1ad5afc34656e1d58a64?s=96&d=mm&r=g\",\"contentUrl\":\"https:\/\/secure.gravatar.com\/avatar\/b2f0128e9063b66b5c6e595d8f4c39037d52f729089f1ad5afc34656e1d58a64?s=96&d=mm&r=g\",\"caption\":\"Kermo\"},\"url\":\"https:\/\/dementsus.ee\/ru\/author\/kermo\/\"}]}<\/script>\n<!-- \/ Yoast SEO plugin. -->","yoast_head_json":{"title":"P\u00f5lvas alustas t\u00f6\u00f6d dementsusega inimeste l\u00e4hedastele m\u00f5eldud tugigrupp - Dementsuse Kompetentsikeskus","robots":{"index":"index","follow":"follow","max-snippet":"max-snippet:-1","max-image-preview":"max-image-preview:large","max-video-preview":"max-video-preview:-1"},"canonical":"https:\/\/dementsus.ee\/ru\/polvas-alustas-tood-dementsusega-inimeste-lahedastele-moeldud-tugigrupp\/","og_locale":"ru_RU","og_type":"article","og_title":"P\u00f5lvas alustas t\u00f6\u00f6d dementsusega inimeste l\u00e4hedastele m\u00f5eldud tugigrupp - Dementsuse Kompetentsikeskus","og_description":"Kui me 14. septembril P\u00f5lva P\u00e4evakeskuse uksest sisenesime, siis v\u00f5ttis meid vastu pirukate l\u00f5hn. Nagu oleks maale vanaema juurde j\u00f5udnud! Kuid P\u00f5lvas ei k\u00e4inud me niisama k\u00fclas, vaid ikka inimestega suhtlemas. Sellele p\u00e4evale oli planeeritud esimene dementsusega inimeste l\u00e4hedaste tugigrupp P\u00f5lvas ja enne tugigrupi kohtumist ka k\u00f5ikidele huvilistele m\u00f5eldud seminar. Kohale olid tulnud nii l\u00e4hedased, [&hellip;]","og_url":"https:\/\/dementsus.ee\/ru\/polvas-alustas-tood-dementsusega-inimeste-lahedastele-moeldud-tugigrupp\/","og_site_name":"Dementsuse Kompetentsikeskus","article_published_time":"2021-10-08T06:39:54+00:00","og_image":[{"url":"https:\/\/eludementsusega.ee\/app\/uploads\/2021\/10\/TG_Polva_seminar-300x225.jpg","type":"","width":"","height":""}],"author":"Kermo","twitter_card":"summary_large_image","twitter_misc":{"\u041d\u0430\u043f\u0438\u0441\u0430\u043d\u043e \u0430\u0432\u0442\u043e\u0440\u043e\u043c":"Kermo","\u041f\u0440\u0438\u043c\u0435\u0440\u043d\u043e\u0435 \u0432\u0440\u0435\u043c\u044f \u0434\u043b\u044f \u0447\u0442\u0435\u043d\u0438\u044f":"1 \u043c\u0438\u043d\u0443\u0442\u0430"},"schema":{"@context":"https:\/\/schema.org","@graph":[{"@type":"Article","@id":"https:\/\/dementsus.ee\/ru\/polvas-alustas-tood-dementsusega-inimeste-lahedastele-moeldud-tugigrupp\/#article","isPartOf":{"@id":"https:\/\/dementsus.ee\/ru\/polvas-alustas-tood-dementsusega-inimeste-lahedastele-moeldud-tugigrupp\/"},"author":{"name":"Kermo","@id":"https:\/\/dementsus.ee\/ru\/#\/schema\/person\/dd93d64f20e6c5add626937f6b5931ed"},"headline":"P\u00f5lvas alustas t\u00f6\u00f6d dementsusega inimeste l\u00e4hedastele m\u00f5eldud tugigrupp","datePublished":"2021-10-08T06:39:54+00:00","mainEntityOfPage":{"@id":"https:\/\/dementsus.ee\/ru\/polvas-alustas-tood-dementsusega-inimeste-lahedastele-moeldud-tugigrupp\/"},"wordCount":286,"commentCount":0,"publisher":{"@id":"https:\/\/dementsus.ee\/ru\/#organization"},"image":{"@id":"https:\/\/dementsus.ee\/ru\/polvas-alustas-tood-dementsusega-inimeste-lahedastele-moeldud-tugigrupp\/#primaryimage"},"thumbnailUrl":"https:\/\/eludementsusega.ee\/app\/uploads\/2021\/10\/TG_Polva_seminar-300x225.jpg","articleSection":["M\u00e4\u00e4ratlemata"],"inLanguage":"ru-RU"},{"@type":"WebPage","@id":"https:\/\/dementsus.ee\/ru\/polvas-alustas-tood-dementsusega-inimeste-lahedastele-moeldud-tugigrupp\/","url":"https:\/\/dementsus.ee\/ru\/polvas-alustas-tood-dementsusega-inimeste-lahedastele-moeldud-tugigrupp\/","name":"P\u00f5lvas alustas t\u00f6\u00f6d dementsusega inimeste l\u00e4hedastele m\u00f5eldud tugigrupp - Dementsuse Kompetentsikeskus","isPartOf":{"@id":"https:\/\/dementsus.ee\/ru\/#website"},"primaryImageOfPage":{"@id":"https:\/\/dementsus.ee\/ru\/polvas-alustas-tood-dementsusega-inimeste-lahedastele-moeldud-tugigrupp\/#primaryimage"},"image":{"@id":"https:\/\/dementsus.ee\/ru\/polvas-alustas-tood-dementsusega-inimeste-lahedastele-moeldud-tugigrupp\/#primaryimage"},"thumbnailUrl":"https:\/\/eludementsusega.ee\/app\/uploads\/2021\/10\/TG_Polva_seminar-300x225.jpg","datePublished":"2021-10-08T06:39:54+00:00","breadcrumb":{"@id":"https:\/\/dementsus.ee\/ru\/polvas-alustas-tood-dementsusega-inimeste-lahedastele-moeldud-tugigrupp\/#breadcrumb"},"inLanguage":"ru-RU","potentialAction":[{"@type":"ReadAction","target":["https:\/\/dementsus.ee\/ru\/polvas-alustas-tood-dementsusega-inimeste-lahedastele-moeldud-tugigrupp\/"]}]},{"@type":"ImageObject","inLanguage":"ru-RU","@id":"https:\/\/dementsus.ee\/ru\/polvas-alustas-tood-dementsusega-inimeste-lahedastele-moeldud-tugigrupp\/#primaryimage","url":"https:\/\/eludementsusega.ee\/app\/uploads\/2021\/10\/TG_Polva_seminar-300x225.jpg","contentUrl":"https:\/\/eludementsusega.ee\/app\/uploads\/2021\/10\/TG_Polva_seminar-300x225.jpg"},{"@type":"BreadcrumbList","@id":"https:\/\/dementsus.ee\/ru\/polvas-alustas-tood-dementsusega-inimeste-lahedastele-moeldud-tugigrupp\/#breadcrumb","itemListElement":[{"@type":"ListItem","position":1,"name":"Esileht","item":"https:\/\/dementsus.ee\/ru\/"},{"@type":"ListItem","position":2,"name":"P\u00f5lvas alustas t\u00f6\u00f6d dementsusega inimeste l\u00e4hedastele m\u00f5eldud tugigrupp"}]},{"@type":"WebSite","@id":"https:\/\/dementsus.ee\/ru\/#website","url":"https:\/\/dementsus.ee\/ru\/","name":"Dementsuse Kompetentsikeskus","description":"dementsuse info ja abi","publisher":{"@id":"https:\/\/dementsus.ee\/ru\/#organization"},"potentialAction":[{"@type":"SearchAction","target":{"@type":"EntryPoint","urlTemplate":"https:\/\/dementsus.ee\/ru\/?s={search_term_string}"},"query-input":{"@type":"PropertyValueSpecification","valueRequired":true,"valueName":"search_term_string"}}],"inLanguage":"ru-RU"},{"@type":"Organization","@id":"https:\/\/dementsus.ee\/ru\/#organization","name":"Dementsuse Kompetentsikeskus","url":"https:\/\/dementsus.ee\/ru\/","logo":{"@type":"ImageObject","inLanguage":"ru-RU","@id":"https:\/\/dementsus.ee\/ru\/#\/schema\/logo\/image\/","url":"https:\/\/dementsus.ee\/wp-content\/uploads\/2023\/07\/ED_logo_kodukale.svg","contentUrl":"https:\/\/dementsus.ee\/wp-content\/uploads\/2023\/07\/ED_logo_kodukale.svg","caption":"Dementsuse Kompetentsikeskus"},"image":{"@id":"https:\/\/dementsus.ee\/ru\/#\/schema\/logo\/image\/"}},{"@type":"Person","@id":"https:\/\/dementsus.ee\/ru\/#\/schema\/person\/dd93d64f20e6c5add626937f6b5931ed","name":"Kermo","image":{"@type":"ImageObject","inLanguage":"ru-RU","@id":"https:\/\/dementsus.ee\/ru\/#\/schema\/person\/image\/","url":"https:\/\/secure.gravatar.com\/avatar\/b2f0128e9063b66b5c6e595d8f4c39037d52f729089f1ad5afc34656e1d58a64?s=96&d=mm&r=g","contentUrl":"https:\/\/secure.gravatar.com\/avatar\/b2f0128e9063b66b5c6e595d8f4c39037d52f729089f1ad5afc34656e1d58a64?s=96&d=mm&r=g","caption":"Kermo"},"url":"https:\/\/dementsus.ee\/ru\/author\/kermo\/"}]}},"_links":{"self":[{"href":"https:\/\/dementsus.ee\/ru\/wp-json\/wp\/v2\/posts\/4007","targetHints":{"allow":["GET"]}}],"collection":[{"href":"https:\/\/dementsus.ee\/ru\/wp-json\/wp\/v2\/posts"}],"about":[{"href":"https:\/\/dementsus.ee\/ru\/wp-json\/wp\/v2\/types\/post"}],"author":[{"embeddable":true,"href":"https:\/\/dementsus.ee\/ru\/wp-json\/wp\/v2\/users\/2"}],"replies":[{"embeddable":true,"href":"https:\/\/dementsus.ee\/ru\/wp-json\/wp\/v2\/comments?post=4007"}],"version-history":[{"count":0,"href":"https:\/\/dementsus.ee\/ru\/wp-json\/wp\/v2\/posts\/4007\/revisions"}],"wp:attachment":[{"href":"https:\/\/dementsus.ee\/ru\/wp-json\/wp\/v2\/media?parent=4007"}],"wp:term":[{"taxonomy":"category","embeddable":true,"href":"https:\/\/dementsus.ee\/ru\/wp-json\/wp\/v2\/categories?post=4007"},{"taxonomy":"post_tag","embeddable":true,"href":"https:\/\/dementsus.ee\/ru\/wp-json\/wp\/v2\/tags?post=4007"},{"taxonomy":"autor","embeddable":true,"href":"https:\/\/dementsus.ee\/ru\/wp-json\/wp\/v2\/autor?post=4007"}],"curies":[{"name":"wp","href":"https:\/\/api.w.org\/{rel}","templated":true}]}}