{"id":4033,"date":"2021-10-13T15:51:10","date_gmt":"2021-10-13T15:51:10","guid":{"rendered":"https:\/\/eludementsusega.ee\/?p=4033"},"modified":"2021-10-13T15:51:10","modified_gmt":"2021-10-13T15:51:10","slug":"loodusteraapia-koolitused-loodus-kui-tervendaja-toetaja-olemise-kergendaja","status":"publish","type":"post","link":"https:\/\/dementsus.ee\/ru\/loodusteraapia-koolitused-loodus-kui-tervendaja-toetaja-olemise-kergendaja\/","title":{"rendered":"Loodusteraapia koolitused: loodus kui tervendaja, toetaja, olemise kergendaja"},"content":{"rendered":"<p>Kuna koroonapandeemia ajal kehtivad piirangud eelk\u00f5ige siseruumides viibimise kohta, siis otsustas Dementsuse Kompetentsikeskus korraldada tugigrupijuhtidele kaks loodusteraapia koolitust, mis k\u00e4sitlesid looduse m\u00f5ju inimestele ja kuidas loodus toetab tugigruppide l\u00e4biviimisel, et nii l\u00e4bi looduse oleks v\u00f5imalus tugigruppe l\u00e4bi viia ka \u00f5es.<img fetchpriority=\"high\" decoding=\"async\" class=\"alignright size-medium wp-image-4028\" src=\"https:\/\/eludementsusega.ee\/app\/uploads\/2021\/10\/TGkoolitus_1_3-300x225.jpg\" alt=\"\" width=\"300\" height=\"225\" srcset=\"https:\/\/dementsus.ee\/wp-content\/uploads\/2021\/10\/TGkoolitus_1_3-300x225.jpg 300w, https:\/\/dementsus.ee\/wp-content\/uploads\/2021\/10\/TGkoolitus_1_3-600x450.jpg 600w, https:\/\/dementsus.ee\/wp-content\/uploads\/2021\/10\/TGkoolitus_1_3-768x576.jpg 768w, https:\/\/dementsus.ee\/wp-content\/uploads\/2021\/10\/TGkoolitus_1_3.jpg 960w\" sizes=\"(max-width: 300px) 100vw, 300px\" \/><\/p>\n<p>Esimene koolitusp\u00e4ev toimus suvel, kui v\u00e4ljas oli kaunis p\u00e4ikesepaisteline ilm, kuid see-eest oli palju h\u00e4irivaid putukaid. Teine koolitusp\u00e4ev toimus septembri keskel, kui ilmad olid juba sombusemad ja \u00a0jahedamad, kuid metsaalune oli kaunilt metsaandidega kaunistatud.<\/p>\n<p>M\u00f5lemal korral algas koolitus k\u00f5igepealt ikkagi teooriast. Metsas on k\u00fcll k\u00f5ik k\u00e4inud, kuid p\u00f5hiliste teemade kordamine tundus k\u00f5igile oluline. <img decoding=\"async\" class=\"alignleft size-medium wp-image-4031\" src=\"https:\/\/eludementsusega.ee\/app\/uploads\/2021\/10\/TGkoolitus_2_7-300x225.jpg\" alt=\"\" width=\"300\" height=\"225\" srcset=\"https:\/\/dementsus.ee\/wp-content\/uploads\/2021\/10\/TGkoolitus_2_7-300x225.jpg 300w, https:\/\/dementsus.ee\/wp-content\/uploads\/2021\/10\/TGkoolitus_2_7-600x450.jpg 600w, https:\/\/dementsus.ee\/wp-content\/uploads\/2021\/10\/TGkoolitus_2_7-768x576.jpg 768w, https:\/\/dementsus.ee\/wp-content\/uploads\/2021\/10\/TGkoolitus_2_7.jpg 960w\" sizes=\"(max-width: 300px) 100vw, 300px\" \/>R\u00e4\u00e4kisime erinevatest aastaaegadest ja \u00f6\u00f6p\u00e4eva osadest, millised on nende plussid ja miinused. Kuidas m\u00f5jub inimesele p\u00e4ikesevalgus ja mis saab siis, kui p\u00e4ikest on v\u00e4he. Tuletasime meelde, et oluline on ennast looduses maandada, kas siis paljajalu ringi liikudes, maapinnal lamades, paljak\u00e4si peenraid rohides v\u00f5i puid kallistades.<\/p>\n<p>Arutasime, kuidas v\u00f5ib m\u00f5juda looduses viibimine dementsusega inimestele, mida tuleks nendega loodusesse minnes silmas pidada. Mis saab siis, kui inimene ei p\u00e4\u00e4se \u00f5ue ning on oma elukohta \u201eaheldatud\u201c.<\/p>\n<p>Samuti k\u00e4sitlesime antud teemat ka dementsusega inimeste l\u00e4hedasete-pereliikmete vaatevinklist, kui nad j\u00f5uavad looduse r\u00fcppe. Mis tunne neil v\u00f5ib olla, kas see aitab neil pingetest vabaneda?<img decoding=\"async\" class=\"alignright size-medium wp-image-4032\" src=\"https:\/\/eludementsusega.ee\/app\/uploads\/2021\/10\/TGkoolitus_2_2-300x225.jpg\" alt=\"\" width=\"300\" height=\"225\" srcset=\"https:\/\/dementsus.ee\/wp-content\/uploads\/2021\/10\/TGkoolitus_2_2-300x225.jpg 300w, https:\/\/dementsus.ee\/wp-content\/uploads\/2021\/10\/TGkoolitus_2_2.jpg 537w\" sizes=\"(max-width: 300px) 100vw, 300px\" \/><\/p>\n<p>K\u00e4isime ka ise metsas ja seal olles saime tunda, kuidas m\u00f5jub looduses viibimine inimesele, mida tuleks looduses m\u00e4rgata ning kas ja kuidas v\u00f5iks pargis v\u00f5i metsas tugigruppi l\u00e4bi viia. Tegime ka erinevaid harjutusi, et paremini m\u00e4rgata looduses toimuvat. Koolitaja juhtis t\u00e4helepanu ka ohtudele, mis v\u00f5ivad looduses olijaid tabada ning pani k\u00f5igile s\u00fcdamele, et enne tugigrupi l\u00e4biviimist looduses tuleks v\u00e4ljavalitud koht vahetult enne kohtumist veelkord \u00fcle vaadata ja k\u00f5ik detailid l\u00e4bi m\u00f5elda.<\/p>\n<p><img loading=\"lazy\" decoding=\"async\" class=\"alignleft size-medium wp-image-4029\" src=\"https:\/\/eludementsusega.ee\/app\/uploads\/2021\/10\/TGkoolitus_1_6-300x225.jpg\" alt=\"\" width=\"300\" height=\"225\" srcset=\"https:\/\/dementsus.ee\/wp-content\/uploads\/2021\/10\/TGkoolitus_1_6-300x225.jpg 300w, https:\/\/dementsus.ee\/wp-content\/uploads\/2021\/10\/TGkoolitus_1_6-600x450.jpg 600w, https:\/\/dementsus.ee\/wp-content\/uploads\/2021\/10\/TGkoolitus_1_6-768x576.jpg 768w, https:\/\/dementsus.ee\/wp-content\/uploads\/2021\/10\/TGkoolitus_1_6.jpg 960w\" sizes=\"(max-width: 300px) 100vw, 300px\" \/>Annaliisa T\u00e4ht, kes on Haapsalu tugigrupi juht, kirjutas peale koolitusel osalemist j\u00e4rgmised read:<\/p>\n<p>\u201eLooduses aja maha v\u00f5tmine annab hetki vaadata enda sisse ja suunata pilk tagasi kuidagi olulistele asjadele, mis igap\u00e4eva virr-varris kipuvad ununema.<\/p>\n<p>Loodusteraapia koolitus meenutas just seda ja samas andis ideid, kuidas oma grupiliikmeid \u00fcksp\u00e4ev viia sellesse samasse kohta metsas ja endas, kus igap\u00e4evastest raskustest korraks eemale astuda, neid t\u00f5lgendada endale l\u00e4bi looduse ja v\u00f5tta kaasa natuke metsarahu. Me tuhiseme l\u00e4bi elu meeletul kiirusel &#8212; seda juba t\u00e4iesti tavalises igap\u00e4evases r\u00fctmis. Omastehooldajal on see r\u00fctm veelgi kiirem &#8212; tulles metsa v\u00f5i loodusesse ilma m\u00f5tteta sealt l\u00e4bi joosta, tekitas v\u00e4hemalt minus nii hea tunde. Lihtsalt peatad oma kaks jalga, uurid mis su sees toimub ja kirjeldad seda l\u00e4bi looduse. Ma arvan, et see v\u00f5iks olla v\u00f5tmeks omastehooldajatele, et paremini aru saada ja kirjeldada vabamalt, mida nad p\u00e4riselt l\u00e4bi elavad ja tunnevad.<\/p>\n<p>Tugigrupijuhina \u00f5ppisin n\u00e4gema loodust t\u00f6\u00f6riistana ja ise m\u00f5istma, et loodust tuleb kuulata, vaadata ja oma kaks jalga korraks peatada.&#187;<\/p>\n<p>Loodusteraapia koolitus on juba &#171;kandnud vilja&#187; &#8212; esimene julge tugigrupp oli Pirita tugigrupp, kes oktoobri alguses k\u00e4is Pirita park-metsas s\u00fcgist nautimas. Koolituse korraldajad loodavad, et Pirita tugigrupil on j\u00e4rgijaid ning sellel aastal ei pea koroonapiirangute t\u00f5ttu me olema nii palju arvuti taga, vaid vajadusel saame tugigruppe korraldada ka vabas looduses.<\/p>\n<p>&nbsp;<\/p>\n","protected":false},"excerpt":{"rendered":"<p>Kuna koroonapandeemia ajal kehtivad piirangud eelk\u00f5ige siseruumides viibimise kohta, siis otsustas Dementsuse Kompetentsikeskus korraldada tugigrupijuhtidele kaks loodusteraapia koolitust, mis k\u00e4sitlesid looduse m\u00f5ju inimestele ja kuidas loodus toetab tugigruppide l\u00e4biviimisel, et nii l\u00e4bi looduse oleks v\u00f5imalus tugigruppe l\u00e4bi viia ka \u00f5es. Esimene koolitusp\u00e4ev toimus suvel, kui v\u00e4ljas oli kaunis p\u00e4ikesepaisteline ilm, kuid see-eest oli palju h\u00e4irivaid [&hellip;]<\/p>\n","protected":false},"author":2,"featured_media":0,"comment_status":"open","ping_status":"open","sticky":false,"template":"","format":"standard","meta":{"footnotes":""},"categories":[1],"tags":[],"autor":[],"class_list":["post-4033","post","type-post","status-publish","format-standard","hentry","category-maaratlemata"],"yoast_head":"<!-- This site is optimized with the Yoast SEO plugin v26.2 - https:\/\/yoast.com\/wordpress\/plugins\/seo\/ -->\n<title>Loodusteraapia koolitused: loodus kui tervendaja, toetaja, olemise kergendaja - Dementsuse Kompetentsikeskus<\/title>\n<meta name=\"robots\" content=\"index, follow, max-snippet:-1, max-image-preview:large, max-video-preview:-1\" \/>\n<link rel=\"canonical\" href=\"https:\/\/dementsus.ee\/ru\/loodusteraapia-koolitused-loodus-kui-tervendaja-toetaja-olemise-kergendaja\/\" \/>\n<meta property=\"og:locale\" content=\"ru_RU\" \/>\n<meta property=\"og:type\" content=\"article\" \/>\n<meta property=\"og:title\" content=\"Loodusteraapia koolitused: loodus kui tervendaja, toetaja, olemise kergendaja - Dementsuse Kompetentsikeskus\" \/>\n<meta property=\"og:description\" content=\"Kuna koroonapandeemia ajal kehtivad piirangud eelk\u00f5ige siseruumides viibimise kohta, siis otsustas Dementsuse Kompetentsikeskus korraldada tugigrupijuhtidele kaks loodusteraapia koolitust, mis k\u00e4sitlesid looduse m\u00f5ju inimestele ja kuidas loodus toetab tugigruppide l\u00e4biviimisel, et nii l\u00e4bi looduse oleks v\u00f5imalus tugigruppe l\u00e4bi viia ka \u00f5es. Esimene koolitusp\u00e4ev toimus suvel, kui v\u00e4ljas oli kaunis p\u00e4ikesepaisteline ilm, kuid see-eest oli palju h\u00e4irivaid [&hellip;]\" \/>\n<meta property=\"og:url\" content=\"https:\/\/dementsus.ee\/ru\/loodusteraapia-koolitused-loodus-kui-tervendaja-toetaja-olemise-kergendaja\/\" \/>\n<meta property=\"og:site_name\" content=\"Dementsuse Kompetentsikeskus\" \/>\n<meta property=\"article:published_time\" content=\"2021-10-13T15:51:10+00:00\" \/>\n<meta property=\"og:image\" content=\"https:\/\/eludementsusega.ee\/app\/uploads\/2021\/10\/TGkoolitus_1_3-300x225.jpg\" \/>\n<meta name=\"author\" content=\"Kermo\" \/>\n<meta name=\"twitter:card\" content=\"summary_large_image\" \/>\n<meta name=\"twitter:label1\" content=\"\u041d\u0430\u043f\u0438\u0441\u0430\u043d\u043e \u0430\u0432\u0442\u043e\u0440\u043e\u043c\" \/>\n\t<meta name=\"twitter:data1\" content=\"Kermo\" \/>\n\t<meta name=\"twitter:label2\" content=\"\u041f\u0440\u0438\u043c\u0435\u0440\u043d\u043e\u0435 \u0432\u0440\u0435\u043c\u044f \u0434\u043b\u044f \u0447\u0442\u0435\u043d\u0438\u044f\" \/>\n\t<meta name=\"twitter:data2\" content=\"3 \u043c\u0438\u043d\u0443\u0442\u044b\" \/>\n<script type=\"application\/ld+json\" class=\"yoast-schema-graph\">{\"@context\":\"https:\/\/schema.org\",\"@graph\":[{\"@type\":\"Article\",\"@id\":\"https:\/\/dementsus.ee\/ru\/loodusteraapia-koolitused-loodus-kui-tervendaja-toetaja-olemise-kergendaja\/#article\",\"isPartOf\":{\"@id\":\"https:\/\/dementsus.ee\/ru\/loodusteraapia-koolitused-loodus-kui-tervendaja-toetaja-olemise-kergendaja\/\"},\"author\":{\"name\":\"Kermo\",\"@id\":\"https:\/\/dementsus.ee\/ru\/#\/schema\/person\/dd93d64f20e6c5add626937f6b5931ed\"},\"headline\":\"Loodusteraapia koolitused: loodus kui tervendaja, toetaja, olemise kergendaja\",\"datePublished\":\"2021-10-13T15:51:10+00:00\",\"mainEntityOfPage\":{\"@id\":\"https:\/\/dementsus.ee\/ru\/loodusteraapia-koolitused-loodus-kui-tervendaja-toetaja-olemise-kergendaja\/\"},\"wordCount\":563,\"commentCount\":0,\"publisher\":{\"@id\":\"https:\/\/dementsus.ee\/ru\/#organization\"},\"image\":{\"@id\":\"https:\/\/dementsus.ee\/ru\/loodusteraapia-koolitused-loodus-kui-tervendaja-toetaja-olemise-kergendaja\/#primaryimage\"},\"thumbnailUrl\":\"https:\/\/eludementsusega.ee\/app\/uploads\/2021\/10\/TGkoolitus_1_3-300x225.jpg\",\"articleSection\":[\"M\u00e4\u00e4ratlemata\"],\"inLanguage\":\"ru-RU\"},{\"@type\":\"WebPage\",\"@id\":\"https:\/\/dementsus.ee\/ru\/loodusteraapia-koolitused-loodus-kui-tervendaja-toetaja-olemise-kergendaja\/\",\"url\":\"https:\/\/dementsus.ee\/ru\/loodusteraapia-koolitused-loodus-kui-tervendaja-toetaja-olemise-kergendaja\/\",\"name\":\"Loodusteraapia koolitused: loodus kui tervendaja, toetaja, olemise kergendaja - Dementsuse Kompetentsikeskus\",\"isPartOf\":{\"@id\":\"https:\/\/dementsus.ee\/ru\/#website\"},\"primaryImageOfPage\":{\"@id\":\"https:\/\/dementsus.ee\/ru\/loodusteraapia-koolitused-loodus-kui-tervendaja-toetaja-olemise-kergendaja\/#primaryimage\"},\"image\":{\"@id\":\"https:\/\/dementsus.ee\/ru\/loodusteraapia-koolitused-loodus-kui-tervendaja-toetaja-olemise-kergendaja\/#primaryimage\"},\"thumbnailUrl\":\"https:\/\/eludementsusega.ee\/app\/uploads\/2021\/10\/TGkoolitus_1_3-300x225.jpg\",\"datePublished\":\"2021-10-13T15:51:10+00:00\",\"breadcrumb\":{\"@id\":\"https:\/\/dementsus.ee\/ru\/loodusteraapia-koolitused-loodus-kui-tervendaja-toetaja-olemise-kergendaja\/#breadcrumb\"},\"inLanguage\":\"ru-RU\",\"potentialAction\":[{\"@type\":\"ReadAction\",\"target\":[\"https:\/\/dementsus.ee\/ru\/loodusteraapia-koolitused-loodus-kui-tervendaja-toetaja-olemise-kergendaja\/\"]}]},{\"@type\":\"ImageObject\",\"inLanguage\":\"ru-RU\",\"@id\":\"https:\/\/dementsus.ee\/ru\/loodusteraapia-koolitused-loodus-kui-tervendaja-toetaja-olemise-kergendaja\/#primaryimage\",\"url\":\"https:\/\/eludementsusega.ee\/app\/uploads\/2021\/10\/TGkoolitus_1_3-300x225.jpg\",\"contentUrl\":\"https:\/\/eludementsusega.ee\/app\/uploads\/2021\/10\/TGkoolitus_1_3-300x225.jpg\"},{\"@type\":\"BreadcrumbList\",\"@id\":\"https:\/\/dementsus.ee\/ru\/loodusteraapia-koolitused-loodus-kui-tervendaja-toetaja-olemise-kergendaja\/#breadcrumb\",\"itemListElement\":[{\"@type\":\"ListItem\",\"position\":1,\"name\":\"Esileht\",\"item\":\"https:\/\/dementsus.ee\/ru\/\"},{\"@type\":\"ListItem\",\"position\":2,\"name\":\"Loodusteraapia koolitused: loodus kui tervendaja, toetaja, olemise kergendaja\"}]},{\"@type\":\"WebSite\",\"@id\":\"https:\/\/dementsus.ee\/ru\/#website\",\"url\":\"https:\/\/dementsus.ee\/ru\/\",\"name\":\"Dementsuse Kompetentsikeskus\",\"description\":\"dementsuse info ja abi\",\"publisher\":{\"@id\":\"https:\/\/dementsus.ee\/ru\/#organization\"},\"potentialAction\":[{\"@type\":\"SearchAction\",\"target\":{\"@type\":\"EntryPoint\",\"urlTemplate\":\"https:\/\/dementsus.ee\/ru\/?s={search_term_string}\"},\"query-input\":{\"@type\":\"PropertyValueSpecification\",\"valueRequired\":true,\"valueName\":\"search_term_string\"}}],\"inLanguage\":\"ru-RU\"},{\"@type\":\"Organization\",\"@id\":\"https:\/\/dementsus.ee\/ru\/#organization\",\"name\":\"Dementsuse Kompetentsikeskus\",\"url\":\"https:\/\/dementsus.ee\/ru\/\",\"logo\":{\"@type\":\"ImageObject\",\"inLanguage\":\"ru-RU\",\"@id\":\"https:\/\/dementsus.ee\/ru\/#\/schema\/logo\/image\/\",\"url\":\"https:\/\/dementsus.ee\/wp-content\/uploads\/2023\/07\/ED_logo_kodukale.svg\",\"contentUrl\":\"https:\/\/dementsus.ee\/wp-content\/uploads\/2023\/07\/ED_logo_kodukale.svg\",\"caption\":\"Dementsuse Kompetentsikeskus\"},\"image\":{\"@id\":\"https:\/\/dementsus.ee\/ru\/#\/schema\/logo\/image\/\"}},{\"@type\":\"Person\",\"@id\":\"https:\/\/dementsus.ee\/ru\/#\/schema\/person\/dd93d64f20e6c5add626937f6b5931ed\",\"name\":\"Kermo\",\"image\":{\"@type\":\"ImageObject\",\"inLanguage\":\"ru-RU\",\"@id\":\"https:\/\/dementsus.ee\/ru\/#\/schema\/person\/image\/\",\"url\":\"https:\/\/secure.gravatar.com\/avatar\/b2f0128e9063b66b5c6e595d8f4c39037d52f729089f1ad5afc34656e1d58a64?s=96&d=mm&r=g\",\"contentUrl\":\"https:\/\/secure.gravatar.com\/avatar\/b2f0128e9063b66b5c6e595d8f4c39037d52f729089f1ad5afc34656e1d58a64?s=96&d=mm&r=g\",\"caption\":\"Kermo\"},\"url\":\"https:\/\/dementsus.ee\/ru\/author\/kermo\/\"}]}<\/script>\n<!-- \/ Yoast SEO plugin. -->","yoast_head_json":{"title":"Loodusteraapia koolitused: loodus kui tervendaja, toetaja, olemise kergendaja - Dementsuse Kompetentsikeskus","robots":{"index":"index","follow":"follow","max-snippet":"max-snippet:-1","max-image-preview":"max-image-preview:large","max-video-preview":"max-video-preview:-1"},"canonical":"https:\/\/dementsus.ee\/ru\/loodusteraapia-koolitused-loodus-kui-tervendaja-toetaja-olemise-kergendaja\/","og_locale":"ru_RU","og_type":"article","og_title":"Loodusteraapia koolitused: loodus kui tervendaja, toetaja, olemise kergendaja - Dementsuse Kompetentsikeskus","og_description":"Kuna koroonapandeemia ajal kehtivad piirangud eelk\u00f5ige siseruumides viibimise kohta, siis otsustas Dementsuse Kompetentsikeskus korraldada tugigrupijuhtidele kaks loodusteraapia koolitust, mis k\u00e4sitlesid looduse m\u00f5ju inimestele ja kuidas loodus toetab tugigruppide l\u00e4biviimisel, et nii l\u00e4bi looduse oleks v\u00f5imalus tugigruppe l\u00e4bi viia ka \u00f5es. Esimene koolitusp\u00e4ev toimus suvel, kui v\u00e4ljas oli kaunis p\u00e4ikesepaisteline ilm, kuid see-eest oli palju h\u00e4irivaid [&hellip;]","og_url":"https:\/\/dementsus.ee\/ru\/loodusteraapia-koolitused-loodus-kui-tervendaja-toetaja-olemise-kergendaja\/","og_site_name":"Dementsuse Kompetentsikeskus","article_published_time":"2021-10-13T15:51:10+00:00","og_image":[{"url":"https:\/\/eludementsusega.ee\/app\/uploads\/2021\/10\/TGkoolitus_1_3-300x225.jpg","type":"","width":"","height":""}],"author":"Kermo","twitter_card":"summary_large_image","twitter_misc":{"\u041d\u0430\u043f\u0438\u0441\u0430\u043d\u043e \u0430\u0432\u0442\u043e\u0440\u043e\u043c":"Kermo","\u041f\u0440\u0438\u043c\u0435\u0440\u043d\u043e\u0435 \u0432\u0440\u0435\u043c\u044f \u0434\u043b\u044f \u0447\u0442\u0435\u043d\u0438\u044f":"3 \u043c\u0438\u043d\u0443\u0442\u044b"},"schema":{"@context":"https:\/\/schema.org","@graph":[{"@type":"Article","@id":"https:\/\/dementsus.ee\/ru\/loodusteraapia-koolitused-loodus-kui-tervendaja-toetaja-olemise-kergendaja\/#article","isPartOf":{"@id":"https:\/\/dementsus.ee\/ru\/loodusteraapia-koolitused-loodus-kui-tervendaja-toetaja-olemise-kergendaja\/"},"author":{"name":"Kermo","@id":"https:\/\/dementsus.ee\/ru\/#\/schema\/person\/dd93d64f20e6c5add626937f6b5931ed"},"headline":"Loodusteraapia koolitused: loodus kui tervendaja, toetaja, olemise kergendaja","datePublished":"2021-10-13T15:51:10+00:00","mainEntityOfPage":{"@id":"https:\/\/dementsus.ee\/ru\/loodusteraapia-koolitused-loodus-kui-tervendaja-toetaja-olemise-kergendaja\/"},"wordCount":563,"commentCount":0,"publisher":{"@id":"https:\/\/dementsus.ee\/ru\/#organization"},"image":{"@id":"https:\/\/dementsus.ee\/ru\/loodusteraapia-koolitused-loodus-kui-tervendaja-toetaja-olemise-kergendaja\/#primaryimage"},"thumbnailUrl":"https:\/\/eludementsusega.ee\/app\/uploads\/2021\/10\/TGkoolitus_1_3-300x225.jpg","articleSection":["M\u00e4\u00e4ratlemata"],"inLanguage":"ru-RU"},{"@type":"WebPage","@id":"https:\/\/dementsus.ee\/ru\/loodusteraapia-koolitused-loodus-kui-tervendaja-toetaja-olemise-kergendaja\/","url":"https:\/\/dementsus.ee\/ru\/loodusteraapia-koolitused-loodus-kui-tervendaja-toetaja-olemise-kergendaja\/","name":"Loodusteraapia koolitused: loodus kui tervendaja, toetaja, olemise kergendaja - Dementsuse Kompetentsikeskus","isPartOf":{"@id":"https:\/\/dementsus.ee\/ru\/#website"},"primaryImageOfPage":{"@id":"https:\/\/dementsus.ee\/ru\/loodusteraapia-koolitused-loodus-kui-tervendaja-toetaja-olemise-kergendaja\/#primaryimage"},"image":{"@id":"https:\/\/dementsus.ee\/ru\/loodusteraapia-koolitused-loodus-kui-tervendaja-toetaja-olemise-kergendaja\/#primaryimage"},"thumbnailUrl":"https:\/\/eludementsusega.ee\/app\/uploads\/2021\/10\/TGkoolitus_1_3-300x225.jpg","datePublished":"2021-10-13T15:51:10+00:00","breadcrumb":{"@id":"https:\/\/dementsus.ee\/ru\/loodusteraapia-koolitused-loodus-kui-tervendaja-toetaja-olemise-kergendaja\/#breadcrumb"},"inLanguage":"ru-RU","potentialAction":[{"@type":"ReadAction","target":["https:\/\/dementsus.ee\/ru\/loodusteraapia-koolitused-loodus-kui-tervendaja-toetaja-olemise-kergendaja\/"]}]},{"@type":"ImageObject","inLanguage":"ru-RU","@id":"https:\/\/dementsus.ee\/ru\/loodusteraapia-koolitused-loodus-kui-tervendaja-toetaja-olemise-kergendaja\/#primaryimage","url":"https:\/\/eludementsusega.ee\/app\/uploads\/2021\/10\/TGkoolitus_1_3-300x225.jpg","contentUrl":"https:\/\/eludementsusega.ee\/app\/uploads\/2021\/10\/TGkoolitus_1_3-300x225.jpg"},{"@type":"BreadcrumbList","@id":"https:\/\/dementsus.ee\/ru\/loodusteraapia-koolitused-loodus-kui-tervendaja-toetaja-olemise-kergendaja\/#breadcrumb","itemListElement":[{"@type":"ListItem","position":1,"name":"Esileht","item":"https:\/\/dementsus.ee\/ru\/"},{"@type":"ListItem","position":2,"name":"Loodusteraapia koolitused: loodus kui tervendaja, toetaja, olemise kergendaja"}]},{"@type":"WebSite","@id":"https:\/\/dementsus.ee\/ru\/#website","url":"https:\/\/dementsus.ee\/ru\/","name":"Dementsuse Kompetentsikeskus","description":"dementsuse info ja abi","publisher":{"@id":"https:\/\/dementsus.ee\/ru\/#organization"},"potentialAction":[{"@type":"SearchAction","target":{"@type":"EntryPoint","urlTemplate":"https:\/\/dementsus.ee\/ru\/?s={search_term_string}"},"query-input":{"@type":"PropertyValueSpecification","valueRequired":true,"valueName":"search_term_string"}}],"inLanguage":"ru-RU"},{"@type":"Organization","@id":"https:\/\/dementsus.ee\/ru\/#organization","name":"Dementsuse Kompetentsikeskus","url":"https:\/\/dementsus.ee\/ru\/","logo":{"@type":"ImageObject","inLanguage":"ru-RU","@id":"https:\/\/dementsus.ee\/ru\/#\/schema\/logo\/image\/","url":"https:\/\/dementsus.ee\/wp-content\/uploads\/2023\/07\/ED_logo_kodukale.svg","contentUrl":"https:\/\/dementsus.ee\/wp-content\/uploads\/2023\/07\/ED_logo_kodukale.svg","caption":"Dementsuse Kompetentsikeskus"},"image":{"@id":"https:\/\/dementsus.ee\/ru\/#\/schema\/logo\/image\/"}},{"@type":"Person","@id":"https:\/\/dementsus.ee\/ru\/#\/schema\/person\/dd93d64f20e6c5add626937f6b5931ed","name":"Kermo","image":{"@type":"ImageObject","inLanguage":"ru-RU","@id":"https:\/\/dementsus.ee\/ru\/#\/schema\/person\/image\/","url":"https:\/\/secure.gravatar.com\/avatar\/b2f0128e9063b66b5c6e595d8f4c39037d52f729089f1ad5afc34656e1d58a64?s=96&d=mm&r=g","contentUrl":"https:\/\/secure.gravatar.com\/avatar\/b2f0128e9063b66b5c6e595d8f4c39037d52f729089f1ad5afc34656e1d58a64?s=96&d=mm&r=g","caption":"Kermo"},"url":"https:\/\/dementsus.ee\/ru\/author\/kermo\/"}]}},"_links":{"self":[{"href":"https:\/\/dementsus.ee\/ru\/wp-json\/wp\/v2\/posts\/4033","targetHints":{"allow":["GET"]}}],"collection":[{"href":"https:\/\/dementsus.ee\/ru\/wp-json\/wp\/v2\/posts"}],"about":[{"href":"https:\/\/dementsus.ee\/ru\/wp-json\/wp\/v2\/types\/post"}],"author":[{"embeddable":true,"href":"https:\/\/dementsus.ee\/ru\/wp-json\/wp\/v2\/users\/2"}],"replies":[{"embeddable":true,"href":"https:\/\/dementsus.ee\/ru\/wp-json\/wp\/v2\/comments?post=4033"}],"version-history":[{"count":0,"href":"https:\/\/dementsus.ee\/ru\/wp-json\/wp\/v2\/posts\/4033\/revisions"}],"wp:attachment":[{"href":"https:\/\/dementsus.ee\/ru\/wp-json\/wp\/v2\/media?parent=4033"}],"wp:term":[{"taxonomy":"category","embeddable":true,"href":"https:\/\/dementsus.ee\/ru\/wp-json\/wp\/v2\/categories?post=4033"},{"taxonomy":"post_tag","embeddable":true,"href":"https:\/\/dementsus.ee\/ru\/wp-json\/wp\/v2\/tags?post=4033"},{"taxonomy":"autor","embeddable":true,"href":"https:\/\/dementsus.ee\/ru\/wp-json\/wp\/v2\/autor?post=4033"}],"curies":[{"name":"wp","href":"https:\/\/api.w.org\/{rel}","templated":true}]}}