{"id":4061,"date":"2021-10-27T11:15:48","date_gmt":"2021-10-27T11:15:48","guid":{"rendered":"https:\/\/eludementsusega.ee\/?p=4061"},"modified":"2021-10-27T11:15:48","modified_gmt":"2021-10-27T11:15:48","slug":"loodus-mojub-hasti-dementsusega-inimesele","status":"publish","type":"post","link":"https:\/\/dementsus.ee\/ru\/loodus-mojub-hasti-dementsusega-inimesele\/","title":{"rendered":"Looduses viibimine t\u00f5stab dementsusega inimeste heaolu"},"content":{"rendered":"<p>F\u00fc\u00fcsiliselt ja vaimselt terved inimesed saavad iseseisvalt otsustada, mida teha, kuhu minna ja kellega suhelda. Dementsusega inimesed aga on sunnitud j\u00e4rk-j\u00e4rgult loobuma iseseisvast elust. Haiguse t\u00f5ttu ei suuda nad enam paljusid otsuseid ise teha ja oma elu kontrollida. Nad j\u00e4\u00e4vad tubaseks, suhtlemist ja liikumist on v\u00e4hem, piiratud on vabas \u00f5hus ja looduses liikumine.<\/p>\n<p>Inimene on looduse osa ja looduses viibimine on meeldiv, loomulik ja tuttav. Looduses ei ole kunagi keegi kellestki erinev, sest me k\u00f5ik oleme \u00fchtviisi osakesed loodusest. Loodus ei anna kunagi hinnanguid ja seal on ruumi k\u00f5igi jaoks. Loodus annab energiat ja j\u00f5udu, et olla v\u00f5imalikult heas vaimses ja f\u00fc\u00fcsilises seisundis.<\/p>\n<p>\u00dcmbritsev sotsiaalne keskkond m\u00e4\u00e4rab tihti selle, kus dementsusega inimene elab, kellega suhtleb ja mil m\u00e4\u00e4ral saab tegutseda ja liikuda. \u00c4\u00e4rmiselt t\u00e4htis on luua turvaline ja kodune keskkond, mis lubaks dementsusega inimesel v\u00f5imalikult palju tegutseda, liikuda just t\u00e4pselt nii palju, kui ta ise soovib ja suudab. Looduse elemendid tubases keskkonnas loovad turvalise ja rahuliku atmosf\u00e4\u00e4ri. \u00dcks loodusmaal palatiseinal v\u00f5ib v\u00e4ga palju paremaks muuta kliendi elu, kes maali vaadates v\u00f5ib minna m\u00f5tter\u00e4nnakule. Potitaimede ja nende \u00f5ite ilu imetlemine teeb meid r\u00f5\u00f5msamaks. Samuti tuttavad ja rahustavad loodusehelid ja -l\u00f5hnad<span style=\"font-family: 'Open Sans', -apple-system, BlinkMacSystemFont, 'Segoe UI', Roboto, 'Helvetica Neue', Arial, 'Noto Sans', sans-serif; font-size: 1.125rem;\"> nagu niidetud muru v\u00f5i piparm\u00fcnt toovad meelde lapsep\u00f5lvem\u00e4lestusi. Aina populaarsemaks muutub loomateraapia, sest loomad jagavad puhtaid ja siiraid emotsioone, mida me v\u00e4ga vajame.<\/span><\/p>\n<p>Loodus m\u00f5jutab k\u00f5iki meie meeli. Inimesed, kes elavad maal v\u00f5i piirkondades, kus mets v\u00f5i veekogu on l\u00e4heduses, on \u00f5nnelikud inimesed, kuid ka linnaruumis leidub parke ja kogukonna aedu. Aina rohkem rajavad ka hooldekodud oma hoonete \u00fcmber turvalisi aedu, kus kliendid ja l\u00e4hedased saavad viibida, tegutseda ja nautida k\u00f5igi oma meeltega seda, mida loodus meile pakub.<\/p>\n<p>Aias v\u00f5i pargis istumine on nauditav, see m\u00f5jub positiivselt k\u00f5igile meeltele. Inimesed tunnevad r\u00f5\u00f5mu lihtsalt p\u00e4ikese k\u00e4es istumisest, linnulaulust ja puude liikumisest. Looduses olemine l\u00f5\u00f5gastab ja h\u00f5lbustab s\u00f5nalist v\u00e4ljendust, mis omakorda tagab parema enesetunde ja aitab kaasa koost\u00f6\u00f6le ka teistes igap\u00e4evaelu tegevustes.<\/p>\n<p>Loodus rahuldab meie vajadusi m\u00f5tisklemiseks, taastumiseks, t\u00e4helepanu k\u00f5rvale juhtimiseks. Loodus elukeskkonnas v\u00e4hendab rahutut ja t\u00f5rjuvat k\u00e4itumist s\u00fcgava dementsusega inimestel.<\/p>\n<p>Samuti on looduses hea p\u00fchenduda loovatele tegevustele nagu maalimine, meisterdamine, aiandus, mis omakorda aktiveerib m\u00f5lema ajupoolkera omavahelist koost\u00f6\u00f6d.<\/p>\n<p>Kindlasti on oluline j\u00e4lgida, et \u00fcmbritsevas keskkonnas ei oleks m\u00fcrgiseid taimi, mida v\u00f5ivad s\u00fcgava dementsusega inimesed suhu pista. M\u00fcrgised taimed on piibeleht ja piibelehe marjad, s\u00fcgiskrookus, jugapuu ja selle marjad, k\u00e4oking, harilik luuderohi, ussilakk, n\u00e4siniin, verev s\u00f5rmk\u00fcbar, karuputk, lumeroos, kalla, koralltomat.<\/p>\n<p>Artiklis on kasutatud allikana raamatut G. Chalton (2007) \u201eDesign for Nature in\u00a0 Dementia Care\u201c.<\/p>\n","protected":false},"excerpt":{"rendered":"<p>F\u00fc\u00fcsiliselt ja vaimselt terved inimesed saavad iseseisvalt otsustada, mida teha, kuhu minna ja kellega suhelda. Dementsusega inimesed aga on sunnitud j\u00e4rk-j\u00e4rgult loobuma iseseisvast elust. Haiguse t\u00f5ttu ei suuda nad enam paljusid otsuseid ise teha ja oma elu kontrollida. Nad j\u00e4\u00e4vad tubaseks, suhtlemist ja liikumist on v\u00e4hem, piiratud on vabas \u00f5hus ja looduses liikumine. Inimene on [&hellip;]<\/p>\n","protected":false},"author":2,"featured_media":0,"comment_status":"open","ping_status":"open","sticky":false,"template":"","format":"standard","meta":{"footnotes":""},"categories":[1],"tags":[],"autor":[],"class_list":["post-4061","post","type-post","status-publish","format-standard","hentry","category-maaratlemata"],"yoast_head":"<!-- This site is optimized with the Yoast SEO plugin v26.2 - https:\/\/yoast.com\/wordpress\/plugins\/seo\/ -->\n<title>Looduses viibimine t\u00f5stab dementsusega inimeste heaolu - Dementsuse Kompetentsikeskus<\/title>\n<meta name=\"robots\" content=\"index, follow, max-snippet:-1, max-image-preview:large, max-video-preview:-1\" \/>\n<link rel=\"canonical\" href=\"https:\/\/dementsus.ee\/ru\/loodus-mojub-hasti-dementsusega-inimesele\/\" \/>\n<meta property=\"og:locale\" content=\"ru_RU\" \/>\n<meta property=\"og:type\" content=\"article\" \/>\n<meta property=\"og:title\" content=\"Looduses viibimine t\u00f5stab dementsusega inimeste heaolu - Dementsuse Kompetentsikeskus\" \/>\n<meta property=\"og:description\" content=\"F\u00fc\u00fcsiliselt ja vaimselt terved inimesed saavad iseseisvalt otsustada, mida teha, kuhu minna ja kellega suhelda. Dementsusega inimesed aga on sunnitud j\u00e4rk-j\u00e4rgult loobuma iseseisvast elust. Haiguse t\u00f5ttu ei suuda nad enam paljusid otsuseid ise teha ja oma elu kontrollida. Nad j\u00e4\u00e4vad tubaseks, suhtlemist ja liikumist on v\u00e4hem, piiratud on vabas \u00f5hus ja looduses liikumine. Inimene on [&hellip;]\" \/>\n<meta property=\"og:url\" content=\"https:\/\/dementsus.ee\/ru\/loodus-mojub-hasti-dementsusega-inimesele\/\" \/>\n<meta property=\"og:site_name\" content=\"Dementsuse Kompetentsikeskus\" \/>\n<meta property=\"article:published_time\" content=\"2021-10-27T11:15:48+00:00\" \/>\n<meta name=\"author\" content=\"Kermo\" \/>\n<meta name=\"twitter:card\" content=\"summary_large_image\" \/>\n<meta name=\"twitter:label1\" content=\"\u041d\u0430\u043f\u0438\u0441\u0430\u043d\u043e \u0430\u0432\u0442\u043e\u0440\u043e\u043c\" \/>\n\t<meta name=\"twitter:data1\" content=\"Kermo\" \/>\n\t<meta name=\"twitter:label2\" content=\"\u041f\u0440\u0438\u043c\u0435\u0440\u043d\u043e\u0435 \u0432\u0440\u0435\u043c\u044f \u0434\u043b\u044f \u0447\u0442\u0435\u043d\u0438\u044f\" \/>\n\t<meta name=\"twitter:data2\" content=\"2 \u043c\u0438\u043d\u0443\u0442\u044b\" \/>\n<script type=\"application\/ld+json\" class=\"yoast-schema-graph\">{\"@context\":\"https:\/\/schema.org\",\"@graph\":[{\"@type\":\"Article\",\"@id\":\"https:\/\/dementsus.ee\/ru\/loodus-mojub-hasti-dementsusega-inimesele\/#article\",\"isPartOf\":{\"@id\":\"https:\/\/dementsus.ee\/ru\/loodus-mojub-hasti-dementsusega-inimesele\/\"},\"author\":{\"name\":\"Kermo\",\"@id\":\"https:\/\/dementsus.ee\/ru\/#\/schema\/person\/dd93d64f20e6c5add626937f6b5931ed\"},\"headline\":\"Looduses viibimine t\u00f5stab dementsusega inimeste heaolu\",\"datePublished\":\"2021-10-27T11:15:48+00:00\",\"mainEntityOfPage\":{\"@id\":\"https:\/\/dementsus.ee\/ru\/loodus-mojub-hasti-dementsusega-inimesele\/\"},\"wordCount\":475,\"commentCount\":0,\"publisher\":{\"@id\":\"https:\/\/dementsus.ee\/ru\/#organization\"},\"articleSection\":[\"M\u00e4\u00e4ratlemata\"],\"inLanguage\":\"ru-RU\"},{\"@type\":\"WebPage\",\"@id\":\"https:\/\/dementsus.ee\/ru\/loodus-mojub-hasti-dementsusega-inimesele\/\",\"url\":\"https:\/\/dementsus.ee\/ru\/loodus-mojub-hasti-dementsusega-inimesele\/\",\"name\":\"Looduses viibimine t\u00f5stab dementsusega inimeste heaolu - Dementsuse Kompetentsikeskus\",\"isPartOf\":{\"@id\":\"https:\/\/dementsus.ee\/ru\/#website\"},\"datePublished\":\"2021-10-27T11:15:48+00:00\",\"breadcrumb\":{\"@id\":\"https:\/\/dementsus.ee\/ru\/loodus-mojub-hasti-dementsusega-inimesele\/#breadcrumb\"},\"inLanguage\":\"ru-RU\",\"potentialAction\":[{\"@type\":\"ReadAction\",\"target\":[\"https:\/\/dementsus.ee\/ru\/loodus-mojub-hasti-dementsusega-inimesele\/\"]}]},{\"@type\":\"BreadcrumbList\",\"@id\":\"https:\/\/dementsus.ee\/ru\/loodus-mojub-hasti-dementsusega-inimesele\/#breadcrumb\",\"itemListElement\":[{\"@type\":\"ListItem\",\"position\":1,\"name\":\"Esileht\",\"item\":\"https:\/\/dementsus.ee\/ru\/\"},{\"@type\":\"ListItem\",\"position\":2,\"name\":\"Looduses viibimine t\u00f5stab dementsusega inimeste heaolu\"}]},{\"@type\":\"WebSite\",\"@id\":\"https:\/\/dementsus.ee\/ru\/#website\",\"url\":\"https:\/\/dementsus.ee\/ru\/\",\"name\":\"Dementsuse Kompetentsikeskus\",\"description\":\"dementsuse info ja abi\",\"publisher\":{\"@id\":\"https:\/\/dementsus.ee\/ru\/#organization\"},\"potentialAction\":[{\"@type\":\"SearchAction\",\"target\":{\"@type\":\"EntryPoint\",\"urlTemplate\":\"https:\/\/dementsus.ee\/ru\/?s={search_term_string}\"},\"query-input\":{\"@type\":\"PropertyValueSpecification\",\"valueRequired\":true,\"valueName\":\"search_term_string\"}}],\"inLanguage\":\"ru-RU\"},{\"@type\":\"Organization\",\"@id\":\"https:\/\/dementsus.ee\/ru\/#organization\",\"name\":\"Dementsuse Kompetentsikeskus\",\"url\":\"https:\/\/dementsus.ee\/ru\/\",\"logo\":{\"@type\":\"ImageObject\",\"inLanguage\":\"ru-RU\",\"@id\":\"https:\/\/dementsus.ee\/ru\/#\/schema\/logo\/image\/\",\"url\":\"https:\/\/dementsus.ee\/wp-content\/uploads\/2023\/07\/ED_logo_kodukale.svg\",\"contentUrl\":\"https:\/\/dementsus.ee\/wp-content\/uploads\/2023\/07\/ED_logo_kodukale.svg\",\"caption\":\"Dementsuse Kompetentsikeskus\"},\"image\":{\"@id\":\"https:\/\/dementsus.ee\/ru\/#\/schema\/logo\/image\/\"}},{\"@type\":\"Person\",\"@id\":\"https:\/\/dementsus.ee\/ru\/#\/schema\/person\/dd93d64f20e6c5add626937f6b5931ed\",\"name\":\"Kermo\",\"image\":{\"@type\":\"ImageObject\",\"inLanguage\":\"ru-RU\",\"@id\":\"https:\/\/dementsus.ee\/ru\/#\/schema\/person\/image\/\",\"url\":\"https:\/\/secure.gravatar.com\/avatar\/b2f0128e9063b66b5c6e595d8f4c39037d52f729089f1ad5afc34656e1d58a64?s=96&d=mm&r=g\",\"contentUrl\":\"https:\/\/secure.gravatar.com\/avatar\/b2f0128e9063b66b5c6e595d8f4c39037d52f729089f1ad5afc34656e1d58a64?s=96&d=mm&r=g\",\"caption\":\"Kermo\"},\"url\":\"https:\/\/dementsus.ee\/ru\/author\/kermo\/\"}]}<\/script>\n<!-- \/ Yoast SEO plugin. -->","yoast_head_json":{"title":"Looduses viibimine t\u00f5stab dementsusega inimeste heaolu - Dementsuse Kompetentsikeskus","robots":{"index":"index","follow":"follow","max-snippet":"max-snippet:-1","max-image-preview":"max-image-preview:large","max-video-preview":"max-video-preview:-1"},"canonical":"https:\/\/dementsus.ee\/ru\/loodus-mojub-hasti-dementsusega-inimesele\/","og_locale":"ru_RU","og_type":"article","og_title":"Looduses viibimine t\u00f5stab dementsusega inimeste heaolu - Dementsuse Kompetentsikeskus","og_description":"F\u00fc\u00fcsiliselt ja vaimselt terved inimesed saavad iseseisvalt otsustada, mida teha, kuhu minna ja kellega suhelda. Dementsusega inimesed aga on sunnitud j\u00e4rk-j\u00e4rgult loobuma iseseisvast elust. Haiguse t\u00f5ttu ei suuda nad enam paljusid otsuseid ise teha ja oma elu kontrollida. Nad j\u00e4\u00e4vad tubaseks, suhtlemist ja liikumist on v\u00e4hem, piiratud on vabas \u00f5hus ja looduses liikumine. Inimene on [&hellip;]","og_url":"https:\/\/dementsus.ee\/ru\/loodus-mojub-hasti-dementsusega-inimesele\/","og_site_name":"Dementsuse Kompetentsikeskus","article_published_time":"2021-10-27T11:15:48+00:00","author":"Kermo","twitter_card":"summary_large_image","twitter_misc":{"\u041d\u0430\u043f\u0438\u0441\u0430\u043d\u043e \u0430\u0432\u0442\u043e\u0440\u043e\u043c":"Kermo","\u041f\u0440\u0438\u043c\u0435\u0440\u043d\u043e\u0435 \u0432\u0440\u0435\u043c\u044f \u0434\u043b\u044f \u0447\u0442\u0435\u043d\u0438\u044f":"2 \u043c\u0438\u043d\u0443\u0442\u044b"},"schema":{"@context":"https:\/\/schema.org","@graph":[{"@type":"Article","@id":"https:\/\/dementsus.ee\/ru\/loodus-mojub-hasti-dementsusega-inimesele\/#article","isPartOf":{"@id":"https:\/\/dementsus.ee\/ru\/loodus-mojub-hasti-dementsusega-inimesele\/"},"author":{"name":"Kermo","@id":"https:\/\/dementsus.ee\/ru\/#\/schema\/person\/dd93d64f20e6c5add626937f6b5931ed"},"headline":"Looduses viibimine t\u00f5stab dementsusega inimeste heaolu","datePublished":"2021-10-27T11:15:48+00:00","mainEntityOfPage":{"@id":"https:\/\/dementsus.ee\/ru\/loodus-mojub-hasti-dementsusega-inimesele\/"},"wordCount":475,"commentCount":0,"publisher":{"@id":"https:\/\/dementsus.ee\/ru\/#organization"},"articleSection":["M\u00e4\u00e4ratlemata"],"inLanguage":"ru-RU"},{"@type":"WebPage","@id":"https:\/\/dementsus.ee\/ru\/loodus-mojub-hasti-dementsusega-inimesele\/","url":"https:\/\/dementsus.ee\/ru\/loodus-mojub-hasti-dementsusega-inimesele\/","name":"Looduses viibimine t\u00f5stab dementsusega inimeste heaolu - Dementsuse Kompetentsikeskus","isPartOf":{"@id":"https:\/\/dementsus.ee\/ru\/#website"},"datePublished":"2021-10-27T11:15:48+00:00","breadcrumb":{"@id":"https:\/\/dementsus.ee\/ru\/loodus-mojub-hasti-dementsusega-inimesele\/#breadcrumb"},"inLanguage":"ru-RU","potentialAction":[{"@type":"ReadAction","target":["https:\/\/dementsus.ee\/ru\/loodus-mojub-hasti-dementsusega-inimesele\/"]}]},{"@type":"BreadcrumbList","@id":"https:\/\/dementsus.ee\/ru\/loodus-mojub-hasti-dementsusega-inimesele\/#breadcrumb","itemListElement":[{"@type":"ListItem","position":1,"name":"Esileht","item":"https:\/\/dementsus.ee\/ru\/"},{"@type":"ListItem","position":2,"name":"Looduses viibimine t\u00f5stab dementsusega inimeste heaolu"}]},{"@type":"WebSite","@id":"https:\/\/dementsus.ee\/ru\/#website","url":"https:\/\/dementsus.ee\/ru\/","name":"Dementsuse Kompetentsikeskus","description":"dementsuse info ja abi","publisher":{"@id":"https:\/\/dementsus.ee\/ru\/#organization"},"potentialAction":[{"@type":"SearchAction","target":{"@type":"EntryPoint","urlTemplate":"https:\/\/dementsus.ee\/ru\/?s={search_term_string}"},"query-input":{"@type":"PropertyValueSpecification","valueRequired":true,"valueName":"search_term_string"}}],"inLanguage":"ru-RU"},{"@type":"Organization","@id":"https:\/\/dementsus.ee\/ru\/#organization","name":"Dementsuse Kompetentsikeskus","url":"https:\/\/dementsus.ee\/ru\/","logo":{"@type":"ImageObject","inLanguage":"ru-RU","@id":"https:\/\/dementsus.ee\/ru\/#\/schema\/logo\/image\/","url":"https:\/\/dementsus.ee\/wp-content\/uploads\/2023\/07\/ED_logo_kodukale.svg","contentUrl":"https:\/\/dementsus.ee\/wp-content\/uploads\/2023\/07\/ED_logo_kodukale.svg","caption":"Dementsuse Kompetentsikeskus"},"image":{"@id":"https:\/\/dementsus.ee\/ru\/#\/schema\/logo\/image\/"}},{"@type":"Person","@id":"https:\/\/dementsus.ee\/ru\/#\/schema\/person\/dd93d64f20e6c5add626937f6b5931ed","name":"Kermo","image":{"@type":"ImageObject","inLanguage":"ru-RU","@id":"https:\/\/dementsus.ee\/ru\/#\/schema\/person\/image\/","url":"https:\/\/secure.gravatar.com\/avatar\/b2f0128e9063b66b5c6e595d8f4c39037d52f729089f1ad5afc34656e1d58a64?s=96&d=mm&r=g","contentUrl":"https:\/\/secure.gravatar.com\/avatar\/b2f0128e9063b66b5c6e595d8f4c39037d52f729089f1ad5afc34656e1d58a64?s=96&d=mm&r=g","caption":"Kermo"},"url":"https:\/\/dementsus.ee\/ru\/author\/kermo\/"}]}},"_links":{"self":[{"href":"https:\/\/dementsus.ee\/ru\/wp-json\/wp\/v2\/posts\/4061","targetHints":{"allow":["GET"]}}],"collection":[{"href":"https:\/\/dementsus.ee\/ru\/wp-json\/wp\/v2\/posts"}],"about":[{"href":"https:\/\/dementsus.ee\/ru\/wp-json\/wp\/v2\/types\/post"}],"author":[{"embeddable":true,"href":"https:\/\/dementsus.ee\/ru\/wp-json\/wp\/v2\/users\/2"}],"replies":[{"embeddable":true,"href":"https:\/\/dementsus.ee\/ru\/wp-json\/wp\/v2\/comments?post=4061"}],"version-history":[{"count":0,"href":"https:\/\/dementsus.ee\/ru\/wp-json\/wp\/v2\/posts\/4061\/revisions"}],"wp:attachment":[{"href":"https:\/\/dementsus.ee\/ru\/wp-json\/wp\/v2\/media?parent=4061"}],"wp:term":[{"taxonomy":"category","embeddable":true,"href":"https:\/\/dementsus.ee\/ru\/wp-json\/wp\/v2\/categories?post=4061"},{"taxonomy":"post_tag","embeddable":true,"href":"https:\/\/dementsus.ee\/ru\/wp-json\/wp\/v2\/tags?post=4061"},{"taxonomy":"autor","embeddable":true,"href":"https:\/\/dementsus.ee\/ru\/wp-json\/wp\/v2\/autor?post=4061"}],"curies":[{"name":"wp","href":"https:\/\/api.w.org\/{rel}","templated":true}]}}