{"id":4068,"date":"2021-10-28T07:47:17","date_gmt":"2021-10-28T07:47:17","guid":{"rendered":"https:\/\/eludementsusega.ee\/?p=4068"},"modified":"2021-10-28T07:47:17","modified_gmt":"2021-10-28T07:47:17","slug":"alates-2022-aastast-jatkab-dementsuse-kompetentsikeskus-koeru-hooldekeskuse-all","status":"publish","type":"post","link":"https:\/\/dementsus.ee\/ru\/alates-2022-aastast-jatkab-dementsuse-kompetentsikeskus-koeru-hooldekeskuse-all\/","title":{"rendered":"Alates 2022. aastast j\u00e4tkab Dementsuse Kompetentsikeskus Koeru Hooldekeskuses"},"content":{"rendered":"<p>Dementsuse Kompetentsikeskus loodi 2018. aastal Sotsiaalministeeriumi korraldatud riigihanke v\u00f5itnud partneritega, kelleks olid MT\u00dc Elu Dementsusega, SA Viljandi haigla, SA EELK Diakooniahaigla ja Tartu Tervishoiu K\u00f5rgkool.<\/p>\n<p>Detsembris 2021 l\u00f5peb nelja-aastane hankeleping. Hankelepingu l\u00f5ppemine ei t\u00e4henda, et kompetentsikeskus kaob. Vastupidi \u2013 n\u00e4eme, et tagamaks tegevuste j\u00e4rjepidevus ja dementsuse valdkonna terviklik areng, ei ole enam m\u00f5istlik nn projektip\u00f5hine l\u00e4henemine. Sestap j\u00e4tkab Dementsuse Kompetentsikeskus alates 2022. aastast nii nagu t\u00e4na, k\u00fcll aga muutub selle juriidiline vorm \u2013 keskuse juhtimine ja tegevused viiakse riigi sihtasutuse Koeru Hooldekeskus juurde.<\/p>\n<p>Koeru Hooldekeskusel on valmisolek ja suutlikkus kompetentsikeskuse rolli t\u00e4itmiseks \u2013 hooldekeskuses on t\u00e4naseks v\u00e4lja arendatud dementsuse valdkonna \u00f5ppe- ja arenduskeskus, mille eesm\u00e4rk on t\u00f5sta Eestis teadlikkust ja kompetentsi dementsuss\u00f5braliku hoolduse pakkumisel ja keskkonna kohandamisel. K\u00e4esoleval juhul on tegemist olemasoleva arenduskeskuse v\u00e4lja kujundamisega senisest laiap\u00f5hjalisemaks kompetentsikeskuseks. Seega ei ole p\u00f5hjust muretseda, et tegevused v\u00f5iksid edaspidi j\u00e4\u00e4da vaid asutusp\u00f5hise hoolduse keskseks.<\/p>\n<p>Konkurss kompetentsikeskuse juhi leidmiseks kuulutatakse v\u00e4lja l\u00e4hiajal. Eesm\u00e4rk on luua eraldiseisev \u00fcksus, mis t\u00e4idab Dementsuse Kompetentsikeskuse rolli ja \u00fclesandeid. Tegevus tugineb j\u00e4tkuvalt haridus-, teadus- ja arendusasutuste, tervishoiu- ja hoolekandeteenust pakkuvate jt asutuste ning avaliku sektori (kohaliku omavalitsuse, riigi) vahelisel koost\u00f6\u00f6l. \u00dchtlasi j\u00e4tkuvad senised kompetentsikeskuse tegevused: n\u00f5ustamisteenuseid, koolitused, seminarid, konverentsid, tugigruppide tegevuse koordineerimine jms. Samuti on keskuse rolliks olla dementsuse valdkonna koost\u00f6\u00f6v\u00f5rgustiku arendaja ja eestvedaja ning keskendub veelgi enam just valdkonna terviklikule arendamisele.<\/p>\n<p>T\u00e4na edukalt toimiva sihtasutuse arendamine dementsuse kompetentsikeskuseks on t\u00f5husaim v\u00f5imalus vajaliku eesm\u00e4rgi \u2013 parandada dementsusega inimeste ja nende l\u00e4hedaste toimetulekut ja elukvaliteeti ning aidata kaasa dementsuse valdkonna terviklikule arengule Eestis \u2013 t\u00e4itmiseks ja j\u00e4rk-j\u00e4rguliseks edasi arendamiseks.<\/p>\n","protected":false},"excerpt":{"rendered":"<p>Dementsuse Kompetentsikeskus loodi 2018. aastal Sotsiaalministeeriumi korraldatud riigihanke v\u00f5itnud partneritega, kelleks olid MT\u00dc Elu Dementsusega, SA Viljandi haigla, SA EELK Diakooniahaigla ja Tartu Tervishoiu K\u00f5rgkool. Detsembris 2021 l\u00f5peb nelja-aastane hankeleping. Hankelepingu l\u00f5ppemine ei t\u00e4henda, et kompetentsikeskus kaob. Vastupidi \u2013 n\u00e4eme, et tagamaks tegevuste j\u00e4rjepidevus ja dementsuse valdkonna terviklik areng, ei ole enam m\u00f5istlik nn projektip\u00f5hine [&hellip;]<\/p>\n","protected":false},"author":2,"featured_media":0,"comment_status":"open","ping_status":"open","sticky":false,"template":"","format":"standard","meta":{"footnotes":""},"categories":[9],"tags":[],"autor":[],"class_list":["post-4068","post","type-post","status-publish","format-standard","hentry","category-uudised"],"yoast_head":"<!-- This site is optimized with the Yoast SEO plugin v26.2 - https:\/\/yoast.com\/wordpress\/plugins\/seo\/ -->\n<title>Alates 2022. aastast j\u00e4tkab Dementsuse Kompetentsikeskus Koeru Hooldekeskuses - Dementsuse Kompetentsikeskus<\/title>\n<meta name=\"description\" content=\"Alates 2022. aastast j\u00e4tkab Dementsuse Kompetentsikeskus Koeru Hooldekeskuses. Dementsuse Kompetentsikeskus loodi 2018. aastal Sotsiaalministeeriumi korraldatud riigihanke v\u00f5itnud partneritega, kelleks olid MT\u00dc Elu Dementsusega, SA Viljandi haigla, SA EELK Diakooniahaigla ja Tartu Tervishoiu K\u00f5rgkool.\" \/>\n<meta name=\"robots\" content=\"index, follow, max-snippet:-1, max-image-preview:large, max-video-preview:-1\" \/>\n<link rel=\"canonical\" href=\"https:\/\/dementsus.ee\/ru\/alates-2022-aastast-jatkab-dementsuse-kompetentsikeskus-koeru-hooldekeskuse-all\/\" \/>\n<meta property=\"og:locale\" content=\"ru_RU\" \/>\n<meta property=\"og:type\" content=\"article\" \/>\n<meta property=\"og:title\" content=\"Alates 2022. aastast j\u00e4tkab Dementsuse Kompetentsikeskus Koeru Hooldekeskuses - Dementsuse Kompetentsikeskus\" \/>\n<meta property=\"og:description\" content=\"Alates 2022. aastast j\u00e4tkab Dementsuse Kompetentsikeskus Koeru Hooldekeskuses. Dementsuse Kompetentsikeskus loodi 2018. aastal Sotsiaalministeeriumi korraldatud riigihanke v\u00f5itnud partneritega, kelleks olid MT\u00dc Elu Dementsusega, SA Viljandi haigla, SA EELK Diakooniahaigla ja Tartu Tervishoiu K\u00f5rgkool.\" \/>\n<meta property=\"og:url\" content=\"https:\/\/dementsus.ee\/ru\/alates-2022-aastast-jatkab-dementsuse-kompetentsikeskus-koeru-hooldekeskuse-all\/\" \/>\n<meta property=\"og:site_name\" content=\"Dementsuse Kompetentsikeskus\" \/>\n<meta property=\"article:published_time\" content=\"2021-10-28T07:47:17+00:00\" \/>\n<meta name=\"author\" content=\"Kermo\" \/>\n<meta name=\"twitter:card\" content=\"summary_large_image\" \/>\n<meta name=\"twitter:label1\" content=\"\u041d\u0430\u043f\u0438\u0441\u0430\u043d\u043e \u0430\u0432\u0442\u043e\u0440\u043e\u043c\" \/>\n\t<meta name=\"twitter:data1\" content=\"Kermo\" \/>\n\t<meta name=\"twitter:label2\" content=\"\u041f\u0440\u0438\u043c\u0435\u0440\u043d\u043e\u0435 \u0432\u0440\u0435\u043c\u044f \u0434\u043b\u044f \u0447\u0442\u0435\u043d\u0438\u044f\" \/>\n\t<meta name=\"twitter:data2\" content=\"1 \u043c\u0438\u043d\u0443\u0442\u0430\" \/>\n<script type=\"application\/ld+json\" class=\"yoast-schema-graph\">{\"@context\":\"https:\/\/schema.org\",\"@graph\":[{\"@type\":\"Article\",\"@id\":\"https:\/\/dementsus.ee\/ru\/alates-2022-aastast-jatkab-dementsuse-kompetentsikeskus-koeru-hooldekeskuse-all\/#article\",\"isPartOf\":{\"@id\":\"https:\/\/dementsus.ee\/ru\/alates-2022-aastast-jatkab-dementsuse-kompetentsikeskus-koeru-hooldekeskuse-all\/\"},\"author\":{\"name\":\"Kermo\",\"@id\":\"https:\/\/dementsus.ee\/ru\/#\/schema\/person\/dd93d64f20e6c5add626937f6b5931ed\"},\"headline\":\"Alates 2022. aastast j\u00e4tkab Dementsuse Kompetentsikeskus Koeru Hooldekeskuses\",\"datePublished\":\"2021-10-28T07:47:17+00:00\",\"mainEntityOfPage\":{\"@id\":\"https:\/\/dementsus.ee\/ru\/alates-2022-aastast-jatkab-dementsuse-kompetentsikeskus-koeru-hooldekeskuse-all\/\"},\"wordCount\":294,\"commentCount\":0,\"publisher\":{\"@id\":\"https:\/\/dementsus.ee\/ru\/#organization\"},\"articleSection\":[\"Uudised\"],\"inLanguage\":\"ru-RU\"},{\"@type\":\"WebPage\",\"@id\":\"https:\/\/dementsus.ee\/ru\/alates-2022-aastast-jatkab-dementsuse-kompetentsikeskus-koeru-hooldekeskuse-all\/\",\"url\":\"https:\/\/dementsus.ee\/ru\/alates-2022-aastast-jatkab-dementsuse-kompetentsikeskus-koeru-hooldekeskuse-all\/\",\"name\":\"Alates 2022. aastast j\u00e4tkab Dementsuse Kompetentsikeskus Koeru Hooldekeskuses - Dementsuse Kompetentsikeskus\",\"isPartOf\":{\"@id\":\"https:\/\/dementsus.ee\/ru\/#website\"},\"datePublished\":\"2021-10-28T07:47:17+00:00\",\"description\":\"Alates 2022. aastast j\u00e4tkab Dementsuse Kompetentsikeskus Koeru Hooldekeskuses. Dementsuse Kompetentsikeskus loodi 2018. aastal Sotsiaalministeeriumi korraldatud riigihanke v\u00f5itnud partneritega, kelleks olid MT\u00dc Elu Dementsusega, SA Viljandi haigla, SA EELK Diakooniahaigla ja Tartu Tervishoiu K\u00f5rgkool.\",\"breadcrumb\":{\"@id\":\"https:\/\/dementsus.ee\/ru\/alates-2022-aastast-jatkab-dementsuse-kompetentsikeskus-koeru-hooldekeskuse-all\/#breadcrumb\"},\"inLanguage\":\"ru-RU\",\"potentialAction\":[{\"@type\":\"ReadAction\",\"target\":[\"https:\/\/dementsus.ee\/ru\/alates-2022-aastast-jatkab-dementsuse-kompetentsikeskus-koeru-hooldekeskuse-all\/\"]}]},{\"@type\":\"BreadcrumbList\",\"@id\":\"https:\/\/dementsus.ee\/ru\/alates-2022-aastast-jatkab-dementsuse-kompetentsikeskus-koeru-hooldekeskuse-all\/#breadcrumb\",\"itemListElement\":[{\"@type\":\"ListItem\",\"position\":1,\"name\":\"Esileht\",\"item\":\"https:\/\/dementsus.ee\/ru\/\"},{\"@type\":\"ListItem\",\"position\":2,\"name\":\"Alates 2022. aastast j\u00e4tkab Dementsuse Kompetentsikeskus Koeru Hooldekeskuses\"}]},{\"@type\":\"WebSite\",\"@id\":\"https:\/\/dementsus.ee\/ru\/#website\",\"url\":\"https:\/\/dementsus.ee\/ru\/\",\"name\":\"Dementsuse Kompetentsikeskus\",\"description\":\"dementsuse info ja abi\",\"publisher\":{\"@id\":\"https:\/\/dementsus.ee\/ru\/#organization\"},\"potentialAction\":[{\"@type\":\"SearchAction\",\"target\":{\"@type\":\"EntryPoint\",\"urlTemplate\":\"https:\/\/dementsus.ee\/ru\/?s={search_term_string}\"},\"query-input\":{\"@type\":\"PropertyValueSpecification\",\"valueRequired\":true,\"valueName\":\"search_term_string\"}}],\"inLanguage\":\"ru-RU\"},{\"@type\":\"Organization\",\"@id\":\"https:\/\/dementsus.ee\/ru\/#organization\",\"name\":\"Dementsuse Kompetentsikeskus\",\"url\":\"https:\/\/dementsus.ee\/ru\/\",\"logo\":{\"@type\":\"ImageObject\",\"inLanguage\":\"ru-RU\",\"@id\":\"https:\/\/dementsus.ee\/ru\/#\/schema\/logo\/image\/\",\"url\":\"https:\/\/dementsus.ee\/wp-content\/uploads\/2023\/07\/ED_logo_kodukale.svg\",\"contentUrl\":\"https:\/\/dementsus.ee\/wp-content\/uploads\/2023\/07\/ED_logo_kodukale.svg\",\"caption\":\"Dementsuse Kompetentsikeskus\"},\"image\":{\"@id\":\"https:\/\/dementsus.ee\/ru\/#\/schema\/logo\/image\/\"}},{\"@type\":\"Person\",\"@id\":\"https:\/\/dementsus.ee\/ru\/#\/schema\/person\/dd93d64f20e6c5add626937f6b5931ed\",\"name\":\"Kermo\",\"image\":{\"@type\":\"ImageObject\",\"inLanguage\":\"ru-RU\",\"@id\":\"https:\/\/dementsus.ee\/ru\/#\/schema\/person\/image\/\",\"url\":\"https:\/\/secure.gravatar.com\/avatar\/b2f0128e9063b66b5c6e595d8f4c39037d52f729089f1ad5afc34656e1d58a64?s=96&d=mm&r=g\",\"contentUrl\":\"https:\/\/secure.gravatar.com\/avatar\/b2f0128e9063b66b5c6e595d8f4c39037d52f729089f1ad5afc34656e1d58a64?s=96&d=mm&r=g\",\"caption\":\"Kermo\"},\"url\":\"https:\/\/dementsus.ee\/ru\/author\/kermo\/\"}]}<\/script>\n<!-- \/ Yoast SEO plugin. -->","yoast_head_json":{"title":"Alates 2022. aastast j\u00e4tkab Dementsuse Kompetentsikeskus Koeru Hooldekeskuses - Dementsuse Kompetentsikeskus","description":"Alates 2022. aastast j\u00e4tkab Dementsuse Kompetentsikeskus Koeru Hooldekeskuses. Dementsuse Kompetentsikeskus loodi 2018. aastal Sotsiaalministeeriumi korraldatud riigihanke v\u00f5itnud partneritega, kelleks olid MT\u00dc Elu Dementsusega, SA Viljandi haigla, SA EELK Diakooniahaigla ja Tartu Tervishoiu K\u00f5rgkool.","robots":{"index":"index","follow":"follow","max-snippet":"max-snippet:-1","max-image-preview":"max-image-preview:large","max-video-preview":"max-video-preview:-1"},"canonical":"https:\/\/dementsus.ee\/ru\/alates-2022-aastast-jatkab-dementsuse-kompetentsikeskus-koeru-hooldekeskuse-all\/","og_locale":"ru_RU","og_type":"article","og_title":"Alates 2022. aastast j\u00e4tkab Dementsuse Kompetentsikeskus Koeru Hooldekeskuses - Dementsuse Kompetentsikeskus","og_description":"Alates 2022. aastast j\u00e4tkab Dementsuse Kompetentsikeskus Koeru Hooldekeskuses. Dementsuse Kompetentsikeskus loodi 2018. aastal Sotsiaalministeeriumi korraldatud riigihanke v\u00f5itnud partneritega, kelleks olid MT\u00dc Elu Dementsusega, SA Viljandi haigla, SA EELK Diakooniahaigla ja Tartu Tervishoiu K\u00f5rgkool.","og_url":"https:\/\/dementsus.ee\/ru\/alates-2022-aastast-jatkab-dementsuse-kompetentsikeskus-koeru-hooldekeskuse-all\/","og_site_name":"Dementsuse Kompetentsikeskus","article_published_time":"2021-10-28T07:47:17+00:00","author":"Kermo","twitter_card":"summary_large_image","twitter_misc":{"\u041d\u0430\u043f\u0438\u0441\u0430\u043d\u043e \u0430\u0432\u0442\u043e\u0440\u043e\u043c":"Kermo","\u041f\u0440\u0438\u043c\u0435\u0440\u043d\u043e\u0435 \u0432\u0440\u0435\u043c\u044f \u0434\u043b\u044f \u0447\u0442\u0435\u043d\u0438\u044f":"1 \u043c\u0438\u043d\u0443\u0442\u0430"},"schema":{"@context":"https:\/\/schema.org","@graph":[{"@type":"Article","@id":"https:\/\/dementsus.ee\/ru\/alates-2022-aastast-jatkab-dementsuse-kompetentsikeskus-koeru-hooldekeskuse-all\/#article","isPartOf":{"@id":"https:\/\/dementsus.ee\/ru\/alates-2022-aastast-jatkab-dementsuse-kompetentsikeskus-koeru-hooldekeskuse-all\/"},"author":{"name":"Kermo","@id":"https:\/\/dementsus.ee\/ru\/#\/schema\/person\/dd93d64f20e6c5add626937f6b5931ed"},"headline":"Alates 2022. aastast j\u00e4tkab Dementsuse Kompetentsikeskus Koeru Hooldekeskuses","datePublished":"2021-10-28T07:47:17+00:00","mainEntityOfPage":{"@id":"https:\/\/dementsus.ee\/ru\/alates-2022-aastast-jatkab-dementsuse-kompetentsikeskus-koeru-hooldekeskuse-all\/"},"wordCount":294,"commentCount":0,"publisher":{"@id":"https:\/\/dementsus.ee\/ru\/#organization"},"articleSection":["Uudised"],"inLanguage":"ru-RU"},{"@type":"WebPage","@id":"https:\/\/dementsus.ee\/ru\/alates-2022-aastast-jatkab-dementsuse-kompetentsikeskus-koeru-hooldekeskuse-all\/","url":"https:\/\/dementsus.ee\/ru\/alates-2022-aastast-jatkab-dementsuse-kompetentsikeskus-koeru-hooldekeskuse-all\/","name":"Alates 2022. aastast j\u00e4tkab Dementsuse Kompetentsikeskus Koeru Hooldekeskuses - Dementsuse Kompetentsikeskus","isPartOf":{"@id":"https:\/\/dementsus.ee\/ru\/#website"},"datePublished":"2021-10-28T07:47:17+00:00","description":"Alates 2022. aastast j\u00e4tkab Dementsuse Kompetentsikeskus Koeru Hooldekeskuses. Dementsuse Kompetentsikeskus loodi 2018. aastal Sotsiaalministeeriumi korraldatud riigihanke v\u00f5itnud partneritega, kelleks olid MT\u00dc Elu Dementsusega, SA Viljandi haigla, SA EELK Diakooniahaigla ja Tartu Tervishoiu K\u00f5rgkool.","breadcrumb":{"@id":"https:\/\/dementsus.ee\/ru\/alates-2022-aastast-jatkab-dementsuse-kompetentsikeskus-koeru-hooldekeskuse-all\/#breadcrumb"},"inLanguage":"ru-RU","potentialAction":[{"@type":"ReadAction","target":["https:\/\/dementsus.ee\/ru\/alates-2022-aastast-jatkab-dementsuse-kompetentsikeskus-koeru-hooldekeskuse-all\/"]}]},{"@type":"BreadcrumbList","@id":"https:\/\/dementsus.ee\/ru\/alates-2022-aastast-jatkab-dementsuse-kompetentsikeskus-koeru-hooldekeskuse-all\/#breadcrumb","itemListElement":[{"@type":"ListItem","position":1,"name":"Esileht","item":"https:\/\/dementsus.ee\/ru\/"},{"@type":"ListItem","position":2,"name":"Alates 2022. aastast j\u00e4tkab Dementsuse Kompetentsikeskus Koeru Hooldekeskuses"}]},{"@type":"WebSite","@id":"https:\/\/dementsus.ee\/ru\/#website","url":"https:\/\/dementsus.ee\/ru\/","name":"Dementsuse Kompetentsikeskus","description":"dementsuse info ja abi","publisher":{"@id":"https:\/\/dementsus.ee\/ru\/#organization"},"potentialAction":[{"@type":"SearchAction","target":{"@type":"EntryPoint","urlTemplate":"https:\/\/dementsus.ee\/ru\/?s={search_term_string}"},"query-input":{"@type":"PropertyValueSpecification","valueRequired":true,"valueName":"search_term_string"}}],"inLanguage":"ru-RU"},{"@type":"Organization","@id":"https:\/\/dementsus.ee\/ru\/#organization","name":"Dementsuse Kompetentsikeskus","url":"https:\/\/dementsus.ee\/ru\/","logo":{"@type":"ImageObject","inLanguage":"ru-RU","@id":"https:\/\/dementsus.ee\/ru\/#\/schema\/logo\/image\/","url":"https:\/\/dementsus.ee\/wp-content\/uploads\/2023\/07\/ED_logo_kodukale.svg","contentUrl":"https:\/\/dementsus.ee\/wp-content\/uploads\/2023\/07\/ED_logo_kodukale.svg","caption":"Dementsuse Kompetentsikeskus"},"image":{"@id":"https:\/\/dementsus.ee\/ru\/#\/schema\/logo\/image\/"}},{"@type":"Person","@id":"https:\/\/dementsus.ee\/ru\/#\/schema\/person\/dd93d64f20e6c5add626937f6b5931ed","name":"Kermo","image":{"@type":"ImageObject","inLanguage":"ru-RU","@id":"https:\/\/dementsus.ee\/ru\/#\/schema\/person\/image\/","url":"https:\/\/secure.gravatar.com\/avatar\/b2f0128e9063b66b5c6e595d8f4c39037d52f729089f1ad5afc34656e1d58a64?s=96&d=mm&r=g","contentUrl":"https:\/\/secure.gravatar.com\/avatar\/b2f0128e9063b66b5c6e595d8f4c39037d52f729089f1ad5afc34656e1d58a64?s=96&d=mm&r=g","caption":"Kermo"},"url":"https:\/\/dementsus.ee\/ru\/author\/kermo\/"}]}},"_links":{"self":[{"href":"https:\/\/dementsus.ee\/ru\/wp-json\/wp\/v2\/posts\/4068","targetHints":{"allow":["GET"]}}],"collection":[{"href":"https:\/\/dementsus.ee\/ru\/wp-json\/wp\/v2\/posts"}],"about":[{"href":"https:\/\/dementsus.ee\/ru\/wp-json\/wp\/v2\/types\/post"}],"author":[{"embeddable":true,"href":"https:\/\/dementsus.ee\/ru\/wp-json\/wp\/v2\/users\/2"}],"replies":[{"embeddable":true,"href":"https:\/\/dementsus.ee\/ru\/wp-json\/wp\/v2\/comments?post=4068"}],"version-history":[{"count":0,"href":"https:\/\/dementsus.ee\/ru\/wp-json\/wp\/v2\/posts\/4068\/revisions"}],"wp:attachment":[{"href":"https:\/\/dementsus.ee\/ru\/wp-json\/wp\/v2\/media?parent=4068"}],"wp:term":[{"taxonomy":"category","embeddable":true,"href":"https:\/\/dementsus.ee\/ru\/wp-json\/wp\/v2\/categories?post=4068"},{"taxonomy":"post_tag","embeddable":true,"href":"https:\/\/dementsus.ee\/ru\/wp-json\/wp\/v2\/tags?post=4068"},{"taxonomy":"autor","embeddable":true,"href":"https:\/\/dementsus.ee\/ru\/wp-json\/wp\/v2\/autor?post=4068"}],"curies":[{"name":"wp","href":"https:\/\/api.w.org\/{rel}","templated":true}]}}