{"id":4211,"date":"2022-01-18T09:38:12","date_gmt":"2022-01-18T09:38:12","guid":{"rendered":"https:\/\/dementsus.ee\/?p=4211"},"modified":"2023-10-26T12:39:24","modified_gmt":"2023-10-26T09:39:24","slug":"dementsuse-valditavaid-riskitegureid-on-oluline-mojutada-nii-uhiskonna-kui-ka-isiku-tasandil","status":"publish","type":"post","link":"https:\/\/dementsus.ee\/ru\/dementsuse-valditavaid-riskitegureid-on-oluline-mojutada-nii-uhiskonna-kui-ka-isiku-tasandil\/","title":{"rendered":"Dementsuse v\u00e4lditavaid riskitegureid on oluline teada ja m\u00f5jutada"},"content":{"rendered":"<figure id=\"attachment_3662\" aria-describedby=\"caption-attachment-3662\" style=\"width: 332px\" class=\"wp-caption alignright\"><img fetchpriority=\"high\" decoding=\"async\" class=\"wp-image-3662\" src=\"https:\/\/dementsus.ee\/app\/uploads\/2021\/06\/joel_film-300x162.jpg\" alt=\"\" width=\"332\" height=\"179\" srcset=\"https:\/\/dementsus.ee\/wp-content\/uploads\/2021\/06\/joel_film-300x162.jpg 300w, https:\/\/dementsus.ee\/wp-content\/uploads\/2021\/06\/joel_film-600x324.jpg 600w, https:\/\/dementsus.ee\/wp-content\/uploads\/2021\/06\/joel_film-1024x553.jpg 1024w, https:\/\/dementsus.ee\/wp-content\/uploads\/2021\/06\/joel_film-768x415.jpg 768w, https:\/\/dementsus.ee\/wp-content\/uploads\/2021\/06\/joel_film-1536x830.jpg 1536w, https:\/\/dementsus.ee\/wp-content\/uploads\/2021\/06\/joel_film.jpg 2048w\" sizes=\"(max-width: 332px) 100vw, 332px\" \/><figcaption id=\"caption-attachment-3662\" class=\"wp-caption-text\"><span style=\"font-size: 8pt;\">Dementsuse Kompetentsikeskus<\/span><\/figcaption><\/figure>\n<p style=\"text-align: left;\">Ajakiri <a href=\"https:\/\/eestiarst.ee\/news\/aastaks-2050-kolmekordistub-dementsete-inimeste-arv-maailmas\/\">&#171;Eesti arst&#187;<\/a> kirjutab, et aastaks 2050 kolmekordistub dementsusega inimeste arv maailmas, mist\u00f5ttu on \u00fclimalt vajalik dementsuse v\u00e4lditavaid riskitegureid teada ja m\u00f5jutada.<\/p>\n<p style=\"text-align: left;\"><span style=\"font-size: 1.125rem;\">Artiklis viidatakse Global Burden of Disease uurimisgrupi, mille tegevust koordineerisid USAs Seattle\u2019is paikneva Washingtoni \u00fclikooli teadlased, koostatud dementsuse levimuse prognoosile 2050. aastaks 635 seni avaldatud epidemioloogilise uurimuse baasil.<\/span><\/p>\n<p style=\"text-align: justify;\">L\u00e4himinevikus on dementsusega inimeste arv maailmas pidevalt suurenenud, aastatel 1990\u20132016 117 % v\u00f5rra. Selle peamiseks p\u00f5hjuseks on rahvastiku juurdekasv ning eluea pikenemine, mist\u00f5ttu kasvab ka eakate inimeste arv, maailma rahvastik vananeb. Vanusega on paratamatult seotud kognitiivse v\u00f5imekuse langus. Prognoosi kohaselt j\u00e4tkuvad kirjeldatud demograafilised protsessid j\u00e4rjest suurenevas mahus. Enam kasvab dementsusega naiste arv, naiste ja meeste suhe saab eeldatavasti olema 1,69.<\/p>\n<p style=\"text-align: justify;\">Uuringutega on v\u00e4lja selgitatud mitmed dementsuse m\u00f5jutatavad riskitegurid \u2013 suitsetamine, rasvumine, arteriaalne h\u00fcpertensioon, diabeet, v\u00e4heliikuv eluviis, madal haridustase. Prognoosi kohaselt on 2050. aastaks loetletud riskitegurid dementsuse p\u00f5hjuseks 7 miljonil inimesel.<\/p>\n<p style=\"text-align: justify;\">Teadlaste\u00a0prognoosi arvestades tuleb senisest t\u00f5husamalt hakata selgitama ja juurutama meetmeid dementsuse v\u00e4lditavate riskitegurite m\u00f5jutamiseks nii \u00fchiskonna kui ka isiku tasandil.<\/p>\n","protected":false},"excerpt":{"rendered":"<p>Ajakiri &#171;Eesti arst&#187; kirjutab, et aastaks 2050 kolmekordistub dementsusega inimeste arv maailmas, mist\u00f5ttu on \u00fclimalt vajalik dementsuse v\u00e4lditavaid riskitegureid teada ja m\u00f5jutada. Artiklis viidatakse Global Burden of Disease uurimisgrupi, mille tegevust koordineerisid USAs Seattle\u2019is paikneva Washingtoni \u00fclikooli teadlased, koostatud dementsuse levimuse prognoosile 2050. aastaks 635 seni avaldatud epidemioloogilise uurimuse baasil. L\u00e4himinevikus on dementsusega inimeste arv [&hellip;]<\/p>\n","protected":false},"author":2,"featured_media":3662,"comment_status":"open","ping_status":"open","sticky":false,"template":"","format":"standard","meta":{"footnotes":""},"categories":[9],"tags":[],"autor":[],"class_list":["post-4211","post","type-post","status-publish","format-standard","has-post-thumbnail","hentry","category-uudised"],"yoast_head":"<!-- This site is optimized with the Yoast SEO plugin v26.2 - https:\/\/yoast.com\/wordpress\/plugins\/seo\/ -->\n<title>Dementsuse v\u00e4lditavaid riskitegureid on oluline teada ja m\u00f5jutada<\/title>\n<meta name=\"description\" content=\"Dementsuse v\u00e4lditavaid riskitegureid on oluline teada ja m\u00f5jutada. Ajakiri &quot;Eesti arst&quot; kirjutab, et aastaks 2050 kolmekordistub dementsusega inimeste arv maailmas, mist\u00f5ttu on \u00fclimalt vajalik dementsuse v\u00e4lditavaid riskitegureid teada ja m\u00f5jutada. Uuringutega on v\u00e4lja selgitatud mitmed dementsuse m\u00f5jutatavad riskitegurid.\" \/>\n<meta name=\"robots\" content=\"index, follow, max-snippet:-1, max-image-preview:large, max-video-preview:-1\" \/>\n<link rel=\"canonical\" href=\"https:\/\/dementsus.ee\/ru\/dementsuse-valditavaid-riskitegureid-on-oluline-mojutada-nii-uhiskonna-kui-ka-isiku-tasandil\/\" \/>\n<meta property=\"og:locale\" content=\"ru_RU\" \/>\n<meta property=\"og:type\" content=\"article\" \/>\n<meta property=\"og:title\" content=\"Dementsuse v\u00e4lditavaid riskitegureid on oluline teada ja m\u00f5jutada\" \/>\n<meta property=\"og:description\" content=\"Dementsuse v\u00e4lditavaid riskitegureid on oluline teada ja m\u00f5jutada. Ajakiri &quot;Eesti arst&quot; kirjutab, et aastaks 2050 kolmekordistub dementsusega inimeste arv maailmas, mist\u00f5ttu on \u00fclimalt vajalik dementsuse v\u00e4lditavaid riskitegureid teada ja m\u00f5jutada. Uuringutega on v\u00e4lja selgitatud mitmed dementsuse m\u00f5jutatavad riskitegurid.\" \/>\n<meta property=\"og:url\" content=\"https:\/\/dementsus.ee\/ru\/dementsuse-valditavaid-riskitegureid-on-oluline-mojutada-nii-uhiskonna-kui-ka-isiku-tasandil\/\" \/>\n<meta property=\"og:site_name\" content=\"Dementsuse Kompetentsikeskus\" \/>\n<meta property=\"article:published_time\" content=\"2022-01-18T09:38:12+00:00\" \/>\n<meta property=\"article:modified_time\" content=\"2023-10-26T09:39:24+00:00\" \/>\n<meta property=\"og:image\" content=\"https:\/\/dementsus.ee\/wp-content\/uploads\/2021\/06\/joel_film.jpg\" \/>\n\t<meta property=\"og:image:width\" content=\"2048\" \/>\n\t<meta property=\"og:image:height\" content=\"1106\" \/>\n\t<meta property=\"og:image:type\" content=\"image\/jpeg\" \/>\n<meta name=\"author\" content=\"Kermo\" \/>\n<meta name=\"twitter:card\" content=\"summary_large_image\" \/>\n<meta name=\"twitter:label1\" content=\"\u041d\u0430\u043f\u0438\u0441\u0430\u043d\u043e \u0430\u0432\u0442\u043e\u0440\u043e\u043c\" \/>\n\t<meta name=\"twitter:data1\" content=\"Kermo\" \/>\n\t<meta name=\"twitter:label2\" content=\"\u041f\u0440\u0438\u043c\u0435\u0440\u043d\u043e\u0435 \u0432\u0440\u0435\u043c\u044f \u0434\u043b\u044f \u0447\u0442\u0435\u043d\u0438\u044f\" \/>\n\t<meta name=\"twitter:data2\" content=\"2 \u043c\u0438\u043d\u0443\u0442\u044b\" \/>\n<script type=\"application\/ld+json\" class=\"yoast-schema-graph\">{\"@context\":\"https:\/\/schema.org\",\"@graph\":[{\"@type\":\"Article\",\"@id\":\"https:\/\/dementsus.ee\/ru\/dementsuse-valditavaid-riskitegureid-on-oluline-mojutada-nii-uhiskonna-kui-ka-isiku-tasandil\/#article\",\"isPartOf\":{\"@id\":\"https:\/\/dementsus.ee\/ru\/dementsuse-valditavaid-riskitegureid-on-oluline-mojutada-nii-uhiskonna-kui-ka-isiku-tasandil\/\"},\"author\":{\"name\":\"Kermo\",\"@id\":\"https:\/\/dementsus.ee\/ru\/#\/schema\/person\/dd93d64f20e6c5add626937f6b5931ed\"},\"headline\":\"Dementsuse v\u00e4lditavaid riskitegureid on oluline teada ja m\u00f5jutada\",\"datePublished\":\"2022-01-18T09:38:12+00:00\",\"dateModified\":\"2023-10-26T09:39:24+00:00\",\"mainEntityOfPage\":{\"@id\":\"https:\/\/dementsus.ee\/ru\/dementsuse-valditavaid-riskitegureid-on-oluline-mojutada-nii-uhiskonna-kui-ka-isiku-tasandil\/\"},\"wordCount\":189,\"commentCount\":0,\"publisher\":{\"@id\":\"https:\/\/dementsus.ee\/ru\/#organization\"},\"image\":{\"@id\":\"https:\/\/dementsus.ee\/ru\/dementsuse-valditavaid-riskitegureid-on-oluline-mojutada-nii-uhiskonna-kui-ka-isiku-tasandil\/#primaryimage\"},\"thumbnailUrl\":\"https:\/\/dementsus.ee\/wp-content\/uploads\/2021\/06\/joel_film.jpg\",\"articleSection\":[\"Uudised\"],\"inLanguage\":\"ru-RU\"},{\"@type\":\"WebPage\",\"@id\":\"https:\/\/dementsus.ee\/ru\/dementsuse-valditavaid-riskitegureid-on-oluline-mojutada-nii-uhiskonna-kui-ka-isiku-tasandil\/\",\"url\":\"https:\/\/dementsus.ee\/ru\/dementsuse-valditavaid-riskitegureid-on-oluline-mojutada-nii-uhiskonna-kui-ka-isiku-tasandil\/\",\"name\":\"Dementsuse v\u00e4lditavaid riskitegureid on oluline teada ja m\u00f5jutada\",\"isPartOf\":{\"@id\":\"https:\/\/dementsus.ee\/ru\/#website\"},\"primaryImageOfPage\":{\"@id\":\"https:\/\/dementsus.ee\/ru\/dementsuse-valditavaid-riskitegureid-on-oluline-mojutada-nii-uhiskonna-kui-ka-isiku-tasandil\/#primaryimage\"},\"image\":{\"@id\":\"https:\/\/dementsus.ee\/ru\/dementsuse-valditavaid-riskitegureid-on-oluline-mojutada-nii-uhiskonna-kui-ka-isiku-tasandil\/#primaryimage\"},\"thumbnailUrl\":\"https:\/\/dementsus.ee\/wp-content\/uploads\/2021\/06\/joel_film.jpg\",\"datePublished\":\"2022-01-18T09:38:12+00:00\",\"dateModified\":\"2023-10-26T09:39:24+00:00\",\"description\":\"Dementsuse v\u00e4lditavaid riskitegureid on oluline teada ja m\u00f5jutada. Ajakiri \\\"Eesti arst\\\" kirjutab, et aastaks 2050 kolmekordistub dementsusega inimeste arv maailmas, mist\u00f5ttu on \u00fclimalt vajalik dementsuse v\u00e4lditavaid riskitegureid teada ja m\u00f5jutada. Uuringutega on v\u00e4lja selgitatud mitmed dementsuse m\u00f5jutatavad riskitegurid.\",\"breadcrumb\":{\"@id\":\"https:\/\/dementsus.ee\/ru\/dementsuse-valditavaid-riskitegureid-on-oluline-mojutada-nii-uhiskonna-kui-ka-isiku-tasandil\/#breadcrumb\"},\"inLanguage\":\"ru-RU\",\"potentialAction\":[{\"@type\":\"ReadAction\",\"target\":[\"https:\/\/dementsus.ee\/ru\/dementsuse-valditavaid-riskitegureid-on-oluline-mojutada-nii-uhiskonna-kui-ka-isiku-tasandil\/\"]}]},{\"@type\":\"ImageObject\",\"inLanguage\":\"ru-RU\",\"@id\":\"https:\/\/dementsus.ee\/ru\/dementsuse-valditavaid-riskitegureid-on-oluline-mojutada-nii-uhiskonna-kui-ka-isiku-tasandil\/#primaryimage\",\"url\":\"https:\/\/dementsus.ee\/wp-content\/uploads\/2021\/06\/joel_film.jpg\",\"contentUrl\":\"https:\/\/dementsus.ee\/wp-content\/uploads\/2021\/06\/joel_film.jpg\",\"width\":2048,\"height\":1106,\"caption\":\"Dementsuse Kompetentsikeskus\"},{\"@type\":\"BreadcrumbList\",\"@id\":\"https:\/\/dementsus.ee\/ru\/dementsuse-valditavaid-riskitegureid-on-oluline-mojutada-nii-uhiskonna-kui-ka-isiku-tasandil\/#breadcrumb\",\"itemListElement\":[{\"@type\":\"ListItem\",\"position\":1,\"name\":\"Esileht\",\"item\":\"https:\/\/dementsus.ee\/ru\/\"},{\"@type\":\"ListItem\",\"position\":2,\"name\":\"Dementsuse v\u00e4lditavaid riskitegureid on oluline teada ja m\u00f5jutada\"}]},{\"@type\":\"WebSite\",\"@id\":\"https:\/\/dementsus.ee\/ru\/#website\",\"url\":\"https:\/\/dementsus.ee\/ru\/\",\"name\":\"Dementsuse Kompetentsikeskus\",\"description\":\"dementsuse info ja abi\",\"publisher\":{\"@id\":\"https:\/\/dementsus.ee\/ru\/#organization\"},\"potentialAction\":[{\"@type\":\"SearchAction\",\"target\":{\"@type\":\"EntryPoint\",\"urlTemplate\":\"https:\/\/dementsus.ee\/ru\/?s={search_term_string}\"},\"query-input\":{\"@type\":\"PropertyValueSpecification\",\"valueRequired\":true,\"valueName\":\"search_term_string\"}}],\"inLanguage\":\"ru-RU\"},{\"@type\":\"Organization\",\"@id\":\"https:\/\/dementsus.ee\/ru\/#organization\",\"name\":\"Dementsuse Kompetentsikeskus\",\"url\":\"https:\/\/dementsus.ee\/ru\/\",\"logo\":{\"@type\":\"ImageObject\",\"inLanguage\":\"ru-RU\",\"@id\":\"https:\/\/dementsus.ee\/ru\/#\/schema\/logo\/image\/\",\"url\":\"https:\/\/dementsus.ee\/wp-content\/uploads\/2023\/07\/ED_logo_kodukale.svg\",\"contentUrl\":\"https:\/\/dementsus.ee\/wp-content\/uploads\/2023\/07\/ED_logo_kodukale.svg\",\"caption\":\"Dementsuse Kompetentsikeskus\"},\"image\":{\"@id\":\"https:\/\/dementsus.ee\/ru\/#\/schema\/logo\/image\/\"}},{\"@type\":\"Person\",\"@id\":\"https:\/\/dementsus.ee\/ru\/#\/schema\/person\/dd93d64f20e6c5add626937f6b5931ed\",\"name\":\"Kermo\",\"image\":{\"@type\":\"ImageObject\",\"inLanguage\":\"ru-RU\",\"@id\":\"https:\/\/dementsus.ee\/ru\/#\/schema\/person\/image\/\",\"url\":\"https:\/\/secure.gravatar.com\/avatar\/b2f0128e9063b66b5c6e595d8f4c39037d52f729089f1ad5afc34656e1d58a64?s=96&d=mm&r=g\",\"contentUrl\":\"https:\/\/secure.gravatar.com\/avatar\/b2f0128e9063b66b5c6e595d8f4c39037d52f729089f1ad5afc34656e1d58a64?s=96&d=mm&r=g\",\"caption\":\"Kermo\"},\"url\":\"https:\/\/dementsus.ee\/ru\/author\/kermo\/\"}]}<\/script>\n<!-- \/ Yoast SEO plugin. -->","yoast_head_json":{"title":"Dementsuse v\u00e4lditavaid riskitegureid on oluline teada ja m\u00f5jutada","description":"Dementsuse v\u00e4lditavaid riskitegureid on oluline teada ja m\u00f5jutada. Ajakiri \"Eesti arst\" kirjutab, et aastaks 2050 kolmekordistub dementsusega inimeste arv maailmas, mist\u00f5ttu on \u00fclimalt vajalik dementsuse v\u00e4lditavaid riskitegureid teada ja m\u00f5jutada. Uuringutega on v\u00e4lja selgitatud mitmed dementsuse m\u00f5jutatavad riskitegurid.","robots":{"index":"index","follow":"follow","max-snippet":"max-snippet:-1","max-image-preview":"max-image-preview:large","max-video-preview":"max-video-preview:-1"},"canonical":"https:\/\/dementsus.ee\/ru\/dementsuse-valditavaid-riskitegureid-on-oluline-mojutada-nii-uhiskonna-kui-ka-isiku-tasandil\/","og_locale":"ru_RU","og_type":"article","og_title":"Dementsuse v\u00e4lditavaid riskitegureid on oluline teada ja m\u00f5jutada","og_description":"Dementsuse v\u00e4lditavaid riskitegureid on oluline teada ja m\u00f5jutada. Ajakiri \"Eesti arst\" kirjutab, et aastaks 2050 kolmekordistub dementsusega inimeste arv maailmas, mist\u00f5ttu on \u00fclimalt vajalik dementsuse v\u00e4lditavaid riskitegureid teada ja m\u00f5jutada. Uuringutega on v\u00e4lja selgitatud mitmed dementsuse m\u00f5jutatavad riskitegurid.","og_url":"https:\/\/dementsus.ee\/ru\/dementsuse-valditavaid-riskitegureid-on-oluline-mojutada-nii-uhiskonna-kui-ka-isiku-tasandil\/","og_site_name":"Dementsuse Kompetentsikeskus","article_published_time":"2022-01-18T09:38:12+00:00","article_modified_time":"2023-10-26T09:39:24+00:00","og_image":[{"width":2048,"height":1106,"url":"https:\/\/dementsus.ee\/wp-content\/uploads\/2021\/06\/joel_film.jpg","type":"image\/jpeg"}],"author":"Kermo","twitter_card":"summary_large_image","twitter_misc":{"\u041d\u0430\u043f\u0438\u0441\u0430\u043d\u043e \u0430\u0432\u0442\u043e\u0440\u043e\u043c":"Kermo","\u041f\u0440\u0438\u043c\u0435\u0440\u043d\u043e\u0435 \u0432\u0440\u0435\u043c\u044f \u0434\u043b\u044f \u0447\u0442\u0435\u043d\u0438\u044f":"2 \u043c\u0438\u043d\u0443\u0442\u044b"},"schema":{"@context":"https:\/\/schema.org","@graph":[{"@type":"Article","@id":"https:\/\/dementsus.ee\/ru\/dementsuse-valditavaid-riskitegureid-on-oluline-mojutada-nii-uhiskonna-kui-ka-isiku-tasandil\/#article","isPartOf":{"@id":"https:\/\/dementsus.ee\/ru\/dementsuse-valditavaid-riskitegureid-on-oluline-mojutada-nii-uhiskonna-kui-ka-isiku-tasandil\/"},"author":{"name":"Kermo","@id":"https:\/\/dementsus.ee\/ru\/#\/schema\/person\/dd93d64f20e6c5add626937f6b5931ed"},"headline":"Dementsuse v\u00e4lditavaid riskitegureid on oluline teada ja m\u00f5jutada","datePublished":"2022-01-18T09:38:12+00:00","dateModified":"2023-10-26T09:39:24+00:00","mainEntityOfPage":{"@id":"https:\/\/dementsus.ee\/ru\/dementsuse-valditavaid-riskitegureid-on-oluline-mojutada-nii-uhiskonna-kui-ka-isiku-tasandil\/"},"wordCount":189,"commentCount":0,"publisher":{"@id":"https:\/\/dementsus.ee\/ru\/#organization"},"image":{"@id":"https:\/\/dementsus.ee\/ru\/dementsuse-valditavaid-riskitegureid-on-oluline-mojutada-nii-uhiskonna-kui-ka-isiku-tasandil\/#primaryimage"},"thumbnailUrl":"https:\/\/dementsus.ee\/wp-content\/uploads\/2021\/06\/joel_film.jpg","articleSection":["Uudised"],"inLanguage":"ru-RU"},{"@type":"WebPage","@id":"https:\/\/dementsus.ee\/ru\/dementsuse-valditavaid-riskitegureid-on-oluline-mojutada-nii-uhiskonna-kui-ka-isiku-tasandil\/","url":"https:\/\/dementsus.ee\/ru\/dementsuse-valditavaid-riskitegureid-on-oluline-mojutada-nii-uhiskonna-kui-ka-isiku-tasandil\/","name":"Dementsuse v\u00e4lditavaid riskitegureid on oluline teada ja m\u00f5jutada","isPartOf":{"@id":"https:\/\/dementsus.ee\/ru\/#website"},"primaryImageOfPage":{"@id":"https:\/\/dementsus.ee\/ru\/dementsuse-valditavaid-riskitegureid-on-oluline-mojutada-nii-uhiskonna-kui-ka-isiku-tasandil\/#primaryimage"},"image":{"@id":"https:\/\/dementsus.ee\/ru\/dementsuse-valditavaid-riskitegureid-on-oluline-mojutada-nii-uhiskonna-kui-ka-isiku-tasandil\/#primaryimage"},"thumbnailUrl":"https:\/\/dementsus.ee\/wp-content\/uploads\/2021\/06\/joel_film.jpg","datePublished":"2022-01-18T09:38:12+00:00","dateModified":"2023-10-26T09:39:24+00:00","description":"Dementsuse v\u00e4lditavaid riskitegureid on oluline teada ja m\u00f5jutada. Ajakiri \"Eesti arst\" kirjutab, et aastaks 2050 kolmekordistub dementsusega inimeste arv maailmas, mist\u00f5ttu on \u00fclimalt vajalik dementsuse v\u00e4lditavaid riskitegureid teada ja m\u00f5jutada. Uuringutega on v\u00e4lja selgitatud mitmed dementsuse m\u00f5jutatavad riskitegurid.","breadcrumb":{"@id":"https:\/\/dementsus.ee\/ru\/dementsuse-valditavaid-riskitegureid-on-oluline-mojutada-nii-uhiskonna-kui-ka-isiku-tasandil\/#breadcrumb"},"inLanguage":"ru-RU","potentialAction":[{"@type":"ReadAction","target":["https:\/\/dementsus.ee\/ru\/dementsuse-valditavaid-riskitegureid-on-oluline-mojutada-nii-uhiskonna-kui-ka-isiku-tasandil\/"]}]},{"@type":"ImageObject","inLanguage":"ru-RU","@id":"https:\/\/dementsus.ee\/ru\/dementsuse-valditavaid-riskitegureid-on-oluline-mojutada-nii-uhiskonna-kui-ka-isiku-tasandil\/#primaryimage","url":"https:\/\/dementsus.ee\/wp-content\/uploads\/2021\/06\/joel_film.jpg","contentUrl":"https:\/\/dementsus.ee\/wp-content\/uploads\/2021\/06\/joel_film.jpg","width":2048,"height":1106,"caption":"Dementsuse Kompetentsikeskus"},{"@type":"BreadcrumbList","@id":"https:\/\/dementsus.ee\/ru\/dementsuse-valditavaid-riskitegureid-on-oluline-mojutada-nii-uhiskonna-kui-ka-isiku-tasandil\/#breadcrumb","itemListElement":[{"@type":"ListItem","position":1,"name":"Esileht","item":"https:\/\/dementsus.ee\/ru\/"},{"@type":"ListItem","position":2,"name":"Dementsuse v\u00e4lditavaid riskitegureid on oluline teada ja m\u00f5jutada"}]},{"@type":"WebSite","@id":"https:\/\/dementsus.ee\/ru\/#website","url":"https:\/\/dementsus.ee\/ru\/","name":"Dementsuse Kompetentsikeskus","description":"dementsuse info ja abi","publisher":{"@id":"https:\/\/dementsus.ee\/ru\/#organization"},"potentialAction":[{"@type":"SearchAction","target":{"@type":"EntryPoint","urlTemplate":"https:\/\/dementsus.ee\/ru\/?s={search_term_string}"},"query-input":{"@type":"PropertyValueSpecification","valueRequired":true,"valueName":"search_term_string"}}],"inLanguage":"ru-RU"},{"@type":"Organization","@id":"https:\/\/dementsus.ee\/ru\/#organization","name":"Dementsuse Kompetentsikeskus","url":"https:\/\/dementsus.ee\/ru\/","logo":{"@type":"ImageObject","inLanguage":"ru-RU","@id":"https:\/\/dementsus.ee\/ru\/#\/schema\/logo\/image\/","url":"https:\/\/dementsus.ee\/wp-content\/uploads\/2023\/07\/ED_logo_kodukale.svg","contentUrl":"https:\/\/dementsus.ee\/wp-content\/uploads\/2023\/07\/ED_logo_kodukale.svg","caption":"Dementsuse Kompetentsikeskus"},"image":{"@id":"https:\/\/dementsus.ee\/ru\/#\/schema\/logo\/image\/"}},{"@type":"Person","@id":"https:\/\/dementsus.ee\/ru\/#\/schema\/person\/dd93d64f20e6c5add626937f6b5931ed","name":"Kermo","image":{"@type":"ImageObject","inLanguage":"ru-RU","@id":"https:\/\/dementsus.ee\/ru\/#\/schema\/person\/image\/","url":"https:\/\/secure.gravatar.com\/avatar\/b2f0128e9063b66b5c6e595d8f4c39037d52f729089f1ad5afc34656e1d58a64?s=96&d=mm&r=g","contentUrl":"https:\/\/secure.gravatar.com\/avatar\/b2f0128e9063b66b5c6e595d8f4c39037d52f729089f1ad5afc34656e1d58a64?s=96&d=mm&r=g","caption":"Kermo"},"url":"https:\/\/dementsus.ee\/ru\/author\/kermo\/"}]}},"_links":{"self":[{"href":"https:\/\/dementsus.ee\/ru\/wp-json\/wp\/v2\/posts\/4211","targetHints":{"allow":["GET"]}}],"collection":[{"href":"https:\/\/dementsus.ee\/ru\/wp-json\/wp\/v2\/posts"}],"about":[{"href":"https:\/\/dementsus.ee\/ru\/wp-json\/wp\/v2\/types\/post"}],"author":[{"embeddable":true,"href":"https:\/\/dementsus.ee\/ru\/wp-json\/wp\/v2\/users\/2"}],"replies":[{"embeddable":true,"href":"https:\/\/dementsus.ee\/ru\/wp-json\/wp\/v2\/comments?post=4211"}],"version-history":[{"count":1,"href":"https:\/\/dementsus.ee\/ru\/wp-json\/wp\/v2\/posts\/4211\/revisions"}],"predecessor-version":[{"id":11537,"href":"https:\/\/dementsus.ee\/ru\/wp-json\/wp\/v2\/posts\/4211\/revisions\/11537"}],"wp:featuredmedia":[{"embeddable":true,"href":"https:\/\/dementsus.ee\/ru\/wp-json\/wp\/v2\/media\/3662"}],"wp:attachment":[{"href":"https:\/\/dementsus.ee\/ru\/wp-json\/wp\/v2\/media?parent=4211"}],"wp:term":[{"taxonomy":"category","embeddable":true,"href":"https:\/\/dementsus.ee\/ru\/wp-json\/wp\/v2\/categories?post=4211"},{"taxonomy":"post_tag","embeddable":true,"href":"https:\/\/dementsus.ee\/ru\/wp-json\/wp\/v2\/tags?post=4211"},{"taxonomy":"autor","embeddable":true,"href":"https:\/\/dementsus.ee\/ru\/wp-json\/wp\/v2\/autor?post=4211"}],"curies":[{"name":"wp","href":"https:\/\/api.w.org\/{rel}","templated":true}]}}