{"id":4990,"date":"2022-10-02T12:52:24","date_gmt":"2022-10-02T09:52:24","guid":{"rendered":"https:\/\/dementsus.ee\/?p=4990"},"modified":"2023-10-25T23:06:28","modified_gmt":"2023-10-25T20:06:28","slug":"rahvusvaheline-alzheimeri-uhing-avaldas-raporti","status":"publish","type":"post","link":"https:\/\/dementsus.ee\/ru\/rahvusvaheline-alzheimeri-uhing-avaldas-raporti\/","title":{"rendered":"Rahvusvaheline Alzheimeri \u00fching avaldas raporti"},"content":{"rendered":"<div dir=\"auto\">V\u00e4rske rahvusvaheline raport kinnitab, et dementsusega inimesed ja nende l\u00e4hedased vajavad rohkem tuge. Raport keskendub vajadusele oluliselt parandada maailmas dementsusega elava 55 miljoni inimese diagnoosij\u00e4rgse ravi, hoolduse ja toetavate teenuste k\u00e4ttesaadavust ning alustada realistliku plaani koostamist, kuidas ravida, hooldada ja toetada aastal 2050 maailmas elavat ligi 139 miljonit dementsusega inimest.<\/div>\n<div dir=\"auto\"><span class=\"fxk3tzhb b2rh1bv3 gh55jysx m8h3af8h ewco64xe kjdc1dyq ms56khn7 bq6c9xl4 eohcrkr5 akh3l2rg\"><img decoding=\"async\" src=\"https:\/\/static.xx.fbcdn.net\/images\/emoji.php\/v9\/t5\/1.5\/16\/1f4cc.png\" alt=\"\ud83d\udccc\" width=\"16\" height=\"16\" \/><\/span>Loe Maailma Alzheimeri raporti kohta l\u00e4hemalt: <a class=\"qi72231t nu7423ey n3hqoq4p r86q59rh b3qcqh3k fq87ekyn bdao358l fsf7x5fv rse6dlih s5oniofx m8h3af8h l7ghb35v kjdc1dyq kmwttqpk srn514ro oxkhqvkx rl78xhln nch0832m cr00lzj9 rn8ck1ys s3jn8y49 icdlwmnq cxfqmxzd ezidihy3\" tabindex=\"0\" role=\"link\" href=\"https:\/\/www.alzint.org\/u\/World-Alzheimer-Report-2022.pdf?fbclid=IwAR0LNNqKoClhUunHPSv3OE-1in1Es9MszPiRjw2mM3M6j2YvgPtvJ5kz01g\" target=\"_blank\" rel=\"nofollow noopener\">https:\/\/www.alzint.org\/u\/World-Alzheimer-Report-2022.pdf<\/a><\/div>\n<div dir=\"auto\"><span class=\"fxk3tzhb b2rh1bv3 gh55jysx m8h3af8h ewco64xe kjdc1dyq ms56khn7 bq6c9xl4 eohcrkr5 akh3l2rg\"><img decoding=\"async\" src=\"https:\/\/static.xx.fbcdn.net\/images\/emoji.php\/v9\/t5\/1.5\/16\/1f4cc.png\" alt=\"\ud83d\udccc\" width=\"16\" height=\"16\" \/><\/span>Loe ka, mida kirjutab Chris Ellermaa MT\u00dcst Elu Dementsusega Alzheimeri uuringust: <a class=\"qi72231t nu7423ey n3hqoq4p r86q59rh b3qcqh3k fq87ekyn bdao358l fsf7x5fv rse6dlih s5oniofx m8h3af8h l7ghb35v kjdc1dyq kmwttqpk srn514ro oxkhqvkx rl78xhln nch0832m cr00lzj9 rn8ck1ys s3jn8y49 icdlwmnq cxfqmxzd ezidihy3\" tabindex=\"0\" role=\"link\" href=\"https:\/\/bit.ly\/3LZVNsL?fbclid=IwAR04rpD-BkZgTctLw41HEbBXSr2BGCgdov7_gsfQq94ff19NCd-vnEmq8aI\" target=\"_blank\" rel=\"nofollow noopener\">https:\/\/bit.ly\/3LZVNsL<\/a><\/div>\n","protected":false},"excerpt":{"rendered":"<p>V\u00e4rske rahvusvaheline raport kinnitab, et dementsusega inimesed ja nende l\u00e4hedased vajavad rohkem tuge. Raport keskendub vajadusele oluliselt parandada maailmas dementsusega elava 55 miljoni inimese diagnoosij\u00e4rgse ravi, hoolduse ja toetavate teenuste k\u00e4ttesaadavust ning alustada realistliku plaani koostamist, kuidas ravida, hooldada ja toetada aastal 2050 maailmas elavat ligi 139 miljonit dementsusega inimest. Loe Maailma Alzheimeri raporti kohta [&hellip;]<\/p>\n","protected":false},"author":2,"featured_media":4991,"comment_status":"open","ping_status":"open","sticky":false,"template":"","format":"standard","meta":{"footnotes":""},"categories":[9],"tags":[],"autor":[],"class_list":["post-4990","post","type-post","status-publish","format-standard","has-post-thumbnail","hentry","category-uudised"],"yoast_head":"<!-- This site is optimized with the Yoast SEO plugin v26.2 - https:\/\/yoast.com\/wordpress\/plugins\/seo\/ -->\n<title>Rahvusvaheline Alzheimeri \u00fching avaldas raporti -<\/title>\n<meta name=\"description\" content=\"V\u00e4rske rahvusvaheline raport kinnitab, et dementsusega inimesed ja nende l\u00e4hedased vajavad rohkem tuge. Raport keskendub vajadusele oluliselt parandada maailmas dementsusega elava 55 miljoni inimese diagnoosij\u00e4rgse ravi, hoolduse ja toetavate teenuste k\u00e4ttesaadavust ning alustada realistliku plaani koostamist, kuidas ravida, hooldada ja toetada aastal 2050 maailmas elavat ligi 139 miljonit dementsusega inimest.\" \/>\n<meta name=\"robots\" content=\"index, follow, max-snippet:-1, max-image-preview:large, max-video-preview:-1\" \/>\n<link rel=\"canonical\" href=\"https:\/\/dementsus.ee\/ru\/rahvusvaheline-alzheimeri-uhing-avaldas-raporti\/\" \/>\n<meta property=\"og:locale\" content=\"ru_RU\" \/>\n<meta property=\"og:type\" content=\"article\" \/>\n<meta property=\"og:title\" content=\"Rahvusvaheline Alzheimeri \u00fching avaldas raporti -\" \/>\n<meta property=\"og:description\" content=\"V\u00e4rske rahvusvaheline raport kinnitab, et dementsusega inimesed ja nende l\u00e4hedased vajavad rohkem tuge. Raport keskendub vajadusele oluliselt parandada maailmas dementsusega elava 55 miljoni inimese diagnoosij\u00e4rgse ravi, hoolduse ja toetavate teenuste k\u00e4ttesaadavust ning alustada realistliku plaani koostamist, kuidas ravida, hooldada ja toetada aastal 2050 maailmas elavat ligi 139 miljonit dementsusega inimest.\" \/>\n<meta property=\"og:url\" content=\"https:\/\/dementsus.ee\/ru\/rahvusvaheline-alzheimeri-uhing-avaldas-raporti\/\" \/>\n<meta property=\"og:site_name\" content=\"Dementsuse Kompetentsikeskus\" \/>\n<meta property=\"article:published_time\" content=\"2022-10-02T09:52:24+00:00\" \/>\n<meta property=\"article:modified_time\" content=\"2023-10-25T20:06:28+00:00\" \/>\n<meta property=\"og:image\" content=\"https:\/\/dementsus.ee\/wp-content\/uploads\/2022\/10\/Hoiva.png\" \/>\n\t<meta property=\"og:image:width\" content=\"1186\" \/>\n\t<meta property=\"og:image:height\" content=\"688\" \/>\n\t<meta property=\"og:image:type\" content=\"image\/png\" \/>\n<meta name=\"author\" content=\"Kermo\" \/>\n<meta name=\"twitter:card\" content=\"summary_large_image\" \/>\n<meta name=\"twitter:label1\" content=\"\u041d\u0430\u043f\u0438\u0441\u0430\u043d\u043e \u0430\u0432\u0442\u043e\u0440\u043e\u043c\" \/>\n\t<meta name=\"twitter:data1\" content=\"Kermo\" \/>\n\t<meta name=\"twitter:label2\" content=\"\u041f\u0440\u0438\u043c\u0435\u0440\u043d\u043e\u0435 \u0432\u0440\u0435\u043c\u044f \u0434\u043b\u044f \u0447\u0442\u0435\u043d\u0438\u044f\" \/>\n\t<meta name=\"twitter:data2\" content=\"1 \u043c\u0438\u043d\u0443\u0442\u0430\" \/>\n<script type=\"application\/ld+json\" class=\"yoast-schema-graph\">{\"@context\":\"https:\/\/schema.org\",\"@graph\":[{\"@type\":\"Article\",\"@id\":\"https:\/\/dementsus.ee\/ru\/rahvusvaheline-alzheimeri-uhing-avaldas-raporti\/#article\",\"isPartOf\":{\"@id\":\"https:\/\/dementsus.ee\/ru\/rahvusvaheline-alzheimeri-uhing-avaldas-raporti\/\"},\"author\":{\"name\":\"Kermo\",\"@id\":\"https:\/\/dementsus.ee\/ru\/#\/schema\/person\/dd93d64f20e6c5add626937f6b5931ed\"},\"headline\":\"Rahvusvaheline Alzheimeri \u00fching avaldas raporti\",\"datePublished\":\"2022-10-02T09:52:24+00:00\",\"dateModified\":\"2023-10-25T20:06:28+00:00\",\"mainEntityOfPage\":{\"@id\":\"https:\/\/dementsus.ee\/ru\/rahvusvaheline-alzheimeri-uhing-avaldas-raporti\/\"},\"wordCount\":86,\"commentCount\":0,\"publisher\":{\"@id\":\"https:\/\/dementsus.ee\/ru\/#organization\"},\"image\":{\"@id\":\"https:\/\/dementsus.ee\/ru\/rahvusvaheline-alzheimeri-uhing-avaldas-raporti\/#primaryimage\"},\"thumbnailUrl\":\"https:\/\/dementsus.ee\/wp-content\/uploads\/2022\/10\/Hoiva.png\",\"articleSection\":[\"Uudised\"],\"inLanguage\":\"ru-RU\"},{\"@type\":\"WebPage\",\"@id\":\"https:\/\/dementsus.ee\/ru\/rahvusvaheline-alzheimeri-uhing-avaldas-raporti\/\",\"url\":\"https:\/\/dementsus.ee\/ru\/rahvusvaheline-alzheimeri-uhing-avaldas-raporti\/\",\"name\":\"Rahvusvaheline Alzheimeri \u00fching avaldas raporti -\",\"isPartOf\":{\"@id\":\"https:\/\/dementsus.ee\/ru\/#website\"},\"primaryImageOfPage\":{\"@id\":\"https:\/\/dementsus.ee\/ru\/rahvusvaheline-alzheimeri-uhing-avaldas-raporti\/#primaryimage\"},\"image\":{\"@id\":\"https:\/\/dementsus.ee\/ru\/rahvusvaheline-alzheimeri-uhing-avaldas-raporti\/#primaryimage\"},\"thumbnailUrl\":\"https:\/\/dementsus.ee\/wp-content\/uploads\/2022\/10\/Hoiva.png\",\"datePublished\":\"2022-10-02T09:52:24+00:00\",\"dateModified\":\"2023-10-25T20:06:28+00:00\",\"description\":\"V\u00e4rske rahvusvaheline raport kinnitab, et dementsusega inimesed ja nende l\u00e4hedased vajavad rohkem tuge. Raport keskendub vajadusele oluliselt parandada maailmas dementsusega elava 55 miljoni inimese diagnoosij\u00e4rgse ravi, hoolduse ja toetavate teenuste k\u00e4ttesaadavust ning alustada realistliku plaani koostamist, kuidas ravida, hooldada ja toetada aastal 2050 maailmas elavat ligi 139 miljonit dementsusega inimest.\",\"breadcrumb\":{\"@id\":\"https:\/\/dementsus.ee\/ru\/rahvusvaheline-alzheimeri-uhing-avaldas-raporti\/#breadcrumb\"},\"inLanguage\":\"ru-RU\",\"potentialAction\":[{\"@type\":\"ReadAction\",\"target\":[\"https:\/\/dementsus.ee\/ru\/rahvusvaheline-alzheimeri-uhing-avaldas-raporti\/\"]}]},{\"@type\":\"ImageObject\",\"inLanguage\":\"ru-RU\",\"@id\":\"https:\/\/dementsus.ee\/ru\/rahvusvaheline-alzheimeri-uhing-avaldas-raporti\/#primaryimage\",\"url\":\"https:\/\/dementsus.ee\/wp-content\/uploads\/2022\/10\/Hoiva.png\",\"contentUrl\":\"https:\/\/dementsus.ee\/wp-content\/uploads\/2022\/10\/Hoiva.png\",\"width\":1186,\"height\":688},{\"@type\":\"BreadcrumbList\",\"@id\":\"https:\/\/dementsus.ee\/ru\/rahvusvaheline-alzheimeri-uhing-avaldas-raporti\/#breadcrumb\",\"itemListElement\":[{\"@type\":\"ListItem\",\"position\":1,\"name\":\"Esileht\",\"item\":\"https:\/\/dementsus.ee\/ru\/\"},{\"@type\":\"ListItem\",\"position\":2,\"name\":\"Rahvusvaheline Alzheimeri \u00fching avaldas raporti\"}]},{\"@type\":\"WebSite\",\"@id\":\"https:\/\/dementsus.ee\/ru\/#website\",\"url\":\"https:\/\/dementsus.ee\/ru\/\",\"name\":\"Dementsuse Kompetentsikeskus\",\"description\":\"dementsuse info ja abi\",\"publisher\":{\"@id\":\"https:\/\/dementsus.ee\/ru\/#organization\"},\"potentialAction\":[{\"@type\":\"SearchAction\",\"target\":{\"@type\":\"EntryPoint\",\"urlTemplate\":\"https:\/\/dementsus.ee\/ru\/?s={search_term_string}\"},\"query-input\":{\"@type\":\"PropertyValueSpecification\",\"valueRequired\":true,\"valueName\":\"search_term_string\"}}],\"inLanguage\":\"ru-RU\"},{\"@type\":\"Organization\",\"@id\":\"https:\/\/dementsus.ee\/ru\/#organization\",\"name\":\"Dementsuse Kompetentsikeskus\",\"url\":\"https:\/\/dementsus.ee\/ru\/\",\"logo\":{\"@type\":\"ImageObject\",\"inLanguage\":\"ru-RU\",\"@id\":\"https:\/\/dementsus.ee\/ru\/#\/schema\/logo\/image\/\",\"url\":\"https:\/\/dementsus.ee\/wp-content\/uploads\/2023\/07\/ED_logo_kodukale.svg\",\"contentUrl\":\"https:\/\/dementsus.ee\/wp-content\/uploads\/2023\/07\/ED_logo_kodukale.svg\",\"caption\":\"Dementsuse Kompetentsikeskus\"},\"image\":{\"@id\":\"https:\/\/dementsus.ee\/ru\/#\/schema\/logo\/image\/\"}},{\"@type\":\"Person\",\"@id\":\"https:\/\/dementsus.ee\/ru\/#\/schema\/person\/dd93d64f20e6c5add626937f6b5931ed\",\"name\":\"Kermo\",\"image\":{\"@type\":\"ImageObject\",\"inLanguage\":\"ru-RU\",\"@id\":\"https:\/\/dementsus.ee\/ru\/#\/schema\/person\/image\/\",\"url\":\"https:\/\/secure.gravatar.com\/avatar\/b2f0128e9063b66b5c6e595d8f4c39037d52f729089f1ad5afc34656e1d58a64?s=96&d=mm&r=g\",\"contentUrl\":\"https:\/\/secure.gravatar.com\/avatar\/b2f0128e9063b66b5c6e595d8f4c39037d52f729089f1ad5afc34656e1d58a64?s=96&d=mm&r=g\",\"caption\":\"Kermo\"},\"url\":\"https:\/\/dementsus.ee\/ru\/author\/kermo\/\"}]}<\/script>\n<!-- \/ Yoast SEO plugin. -->","yoast_head_json":{"title":"Rahvusvaheline Alzheimeri \u00fching avaldas raporti -","description":"V\u00e4rske rahvusvaheline raport kinnitab, et dementsusega inimesed ja nende l\u00e4hedased vajavad rohkem tuge. Raport keskendub vajadusele oluliselt parandada maailmas dementsusega elava 55 miljoni inimese diagnoosij\u00e4rgse ravi, hoolduse ja toetavate teenuste k\u00e4ttesaadavust ning alustada realistliku plaani koostamist, kuidas ravida, hooldada ja toetada aastal 2050 maailmas elavat ligi 139 miljonit dementsusega inimest.","robots":{"index":"index","follow":"follow","max-snippet":"max-snippet:-1","max-image-preview":"max-image-preview:large","max-video-preview":"max-video-preview:-1"},"canonical":"https:\/\/dementsus.ee\/ru\/rahvusvaheline-alzheimeri-uhing-avaldas-raporti\/","og_locale":"ru_RU","og_type":"article","og_title":"Rahvusvaheline Alzheimeri \u00fching avaldas raporti -","og_description":"V\u00e4rske rahvusvaheline raport kinnitab, et dementsusega inimesed ja nende l\u00e4hedased vajavad rohkem tuge. Raport keskendub vajadusele oluliselt parandada maailmas dementsusega elava 55 miljoni inimese diagnoosij\u00e4rgse ravi, hoolduse ja toetavate teenuste k\u00e4ttesaadavust ning alustada realistliku plaani koostamist, kuidas ravida, hooldada ja toetada aastal 2050 maailmas elavat ligi 139 miljonit dementsusega inimest.","og_url":"https:\/\/dementsus.ee\/ru\/rahvusvaheline-alzheimeri-uhing-avaldas-raporti\/","og_site_name":"Dementsuse Kompetentsikeskus","article_published_time":"2022-10-02T09:52:24+00:00","article_modified_time":"2023-10-25T20:06:28+00:00","og_image":[{"width":1186,"height":688,"url":"https:\/\/dementsus.ee\/wp-content\/uploads\/2022\/10\/Hoiva.png","type":"image\/png"}],"author":"Kermo","twitter_card":"summary_large_image","twitter_misc":{"\u041d\u0430\u043f\u0438\u0441\u0430\u043d\u043e \u0430\u0432\u0442\u043e\u0440\u043e\u043c":"Kermo","\u041f\u0440\u0438\u043c\u0435\u0440\u043d\u043e\u0435 \u0432\u0440\u0435\u043c\u044f \u0434\u043b\u044f \u0447\u0442\u0435\u043d\u0438\u044f":"1 \u043c\u0438\u043d\u0443\u0442\u0430"},"schema":{"@context":"https:\/\/schema.org","@graph":[{"@type":"Article","@id":"https:\/\/dementsus.ee\/ru\/rahvusvaheline-alzheimeri-uhing-avaldas-raporti\/#article","isPartOf":{"@id":"https:\/\/dementsus.ee\/ru\/rahvusvaheline-alzheimeri-uhing-avaldas-raporti\/"},"author":{"name":"Kermo","@id":"https:\/\/dementsus.ee\/ru\/#\/schema\/person\/dd93d64f20e6c5add626937f6b5931ed"},"headline":"Rahvusvaheline Alzheimeri \u00fching avaldas raporti","datePublished":"2022-10-02T09:52:24+00:00","dateModified":"2023-10-25T20:06:28+00:00","mainEntityOfPage":{"@id":"https:\/\/dementsus.ee\/ru\/rahvusvaheline-alzheimeri-uhing-avaldas-raporti\/"},"wordCount":86,"commentCount":0,"publisher":{"@id":"https:\/\/dementsus.ee\/ru\/#organization"},"image":{"@id":"https:\/\/dementsus.ee\/ru\/rahvusvaheline-alzheimeri-uhing-avaldas-raporti\/#primaryimage"},"thumbnailUrl":"https:\/\/dementsus.ee\/wp-content\/uploads\/2022\/10\/Hoiva.png","articleSection":["Uudised"],"inLanguage":"ru-RU"},{"@type":"WebPage","@id":"https:\/\/dementsus.ee\/ru\/rahvusvaheline-alzheimeri-uhing-avaldas-raporti\/","url":"https:\/\/dementsus.ee\/ru\/rahvusvaheline-alzheimeri-uhing-avaldas-raporti\/","name":"Rahvusvaheline Alzheimeri \u00fching avaldas raporti -","isPartOf":{"@id":"https:\/\/dementsus.ee\/ru\/#website"},"primaryImageOfPage":{"@id":"https:\/\/dementsus.ee\/ru\/rahvusvaheline-alzheimeri-uhing-avaldas-raporti\/#primaryimage"},"image":{"@id":"https:\/\/dementsus.ee\/ru\/rahvusvaheline-alzheimeri-uhing-avaldas-raporti\/#primaryimage"},"thumbnailUrl":"https:\/\/dementsus.ee\/wp-content\/uploads\/2022\/10\/Hoiva.png","datePublished":"2022-10-02T09:52:24+00:00","dateModified":"2023-10-25T20:06:28+00:00","description":"V\u00e4rske rahvusvaheline raport kinnitab, et dementsusega inimesed ja nende l\u00e4hedased vajavad rohkem tuge. Raport keskendub vajadusele oluliselt parandada maailmas dementsusega elava 55 miljoni inimese diagnoosij\u00e4rgse ravi, hoolduse ja toetavate teenuste k\u00e4ttesaadavust ning alustada realistliku plaani koostamist, kuidas ravida, hooldada ja toetada aastal 2050 maailmas elavat ligi 139 miljonit dementsusega inimest.","breadcrumb":{"@id":"https:\/\/dementsus.ee\/ru\/rahvusvaheline-alzheimeri-uhing-avaldas-raporti\/#breadcrumb"},"inLanguage":"ru-RU","potentialAction":[{"@type":"ReadAction","target":["https:\/\/dementsus.ee\/ru\/rahvusvaheline-alzheimeri-uhing-avaldas-raporti\/"]}]},{"@type":"ImageObject","inLanguage":"ru-RU","@id":"https:\/\/dementsus.ee\/ru\/rahvusvaheline-alzheimeri-uhing-avaldas-raporti\/#primaryimage","url":"https:\/\/dementsus.ee\/wp-content\/uploads\/2022\/10\/Hoiva.png","contentUrl":"https:\/\/dementsus.ee\/wp-content\/uploads\/2022\/10\/Hoiva.png","width":1186,"height":688},{"@type":"BreadcrumbList","@id":"https:\/\/dementsus.ee\/ru\/rahvusvaheline-alzheimeri-uhing-avaldas-raporti\/#breadcrumb","itemListElement":[{"@type":"ListItem","position":1,"name":"Esileht","item":"https:\/\/dementsus.ee\/ru\/"},{"@type":"ListItem","position":2,"name":"Rahvusvaheline Alzheimeri \u00fching avaldas raporti"}]},{"@type":"WebSite","@id":"https:\/\/dementsus.ee\/ru\/#website","url":"https:\/\/dementsus.ee\/ru\/","name":"Dementsuse Kompetentsikeskus","description":"dementsuse info ja abi","publisher":{"@id":"https:\/\/dementsus.ee\/ru\/#organization"},"potentialAction":[{"@type":"SearchAction","target":{"@type":"EntryPoint","urlTemplate":"https:\/\/dementsus.ee\/ru\/?s={search_term_string}"},"query-input":{"@type":"PropertyValueSpecification","valueRequired":true,"valueName":"search_term_string"}}],"inLanguage":"ru-RU"},{"@type":"Organization","@id":"https:\/\/dementsus.ee\/ru\/#organization","name":"Dementsuse Kompetentsikeskus","url":"https:\/\/dementsus.ee\/ru\/","logo":{"@type":"ImageObject","inLanguage":"ru-RU","@id":"https:\/\/dementsus.ee\/ru\/#\/schema\/logo\/image\/","url":"https:\/\/dementsus.ee\/wp-content\/uploads\/2023\/07\/ED_logo_kodukale.svg","contentUrl":"https:\/\/dementsus.ee\/wp-content\/uploads\/2023\/07\/ED_logo_kodukale.svg","caption":"Dementsuse Kompetentsikeskus"},"image":{"@id":"https:\/\/dementsus.ee\/ru\/#\/schema\/logo\/image\/"}},{"@type":"Person","@id":"https:\/\/dementsus.ee\/ru\/#\/schema\/person\/dd93d64f20e6c5add626937f6b5931ed","name":"Kermo","image":{"@type":"ImageObject","inLanguage":"ru-RU","@id":"https:\/\/dementsus.ee\/ru\/#\/schema\/person\/image\/","url":"https:\/\/secure.gravatar.com\/avatar\/b2f0128e9063b66b5c6e595d8f4c39037d52f729089f1ad5afc34656e1d58a64?s=96&d=mm&r=g","contentUrl":"https:\/\/secure.gravatar.com\/avatar\/b2f0128e9063b66b5c6e595d8f4c39037d52f729089f1ad5afc34656e1d58a64?s=96&d=mm&r=g","caption":"Kermo"},"url":"https:\/\/dementsus.ee\/ru\/author\/kermo\/"}]}},"_links":{"self":[{"href":"https:\/\/dementsus.ee\/ru\/wp-json\/wp\/v2\/posts\/4990","targetHints":{"allow":["GET"]}}],"collection":[{"href":"https:\/\/dementsus.ee\/ru\/wp-json\/wp\/v2\/posts"}],"about":[{"href":"https:\/\/dementsus.ee\/ru\/wp-json\/wp\/v2\/types\/post"}],"author":[{"embeddable":true,"href":"https:\/\/dementsus.ee\/ru\/wp-json\/wp\/v2\/users\/2"}],"replies":[{"embeddable":true,"href":"https:\/\/dementsus.ee\/ru\/wp-json\/wp\/v2\/comments?post=4990"}],"version-history":[{"count":1,"href":"https:\/\/dementsus.ee\/ru\/wp-json\/wp\/v2\/posts\/4990\/revisions"}],"predecessor-version":[{"id":11517,"href":"https:\/\/dementsus.ee\/ru\/wp-json\/wp\/v2\/posts\/4990\/revisions\/11517"}],"wp:featuredmedia":[{"embeddable":true,"href":"https:\/\/dementsus.ee\/ru\/wp-json\/wp\/v2\/media\/4991"}],"wp:attachment":[{"href":"https:\/\/dementsus.ee\/ru\/wp-json\/wp\/v2\/media?parent=4990"}],"wp:term":[{"taxonomy":"category","embeddable":true,"href":"https:\/\/dementsus.ee\/ru\/wp-json\/wp\/v2\/categories?post=4990"},{"taxonomy":"post_tag","embeddable":true,"href":"https:\/\/dementsus.ee\/ru\/wp-json\/wp\/v2\/tags?post=4990"},{"taxonomy":"autor","embeddable":true,"href":"https:\/\/dementsus.ee\/ru\/wp-json\/wp\/v2\/autor?post=4990"}],"curies":[{"name":"wp","href":"https:\/\/api.w.org\/{rel}","templated":true}]}}