{"id":4993,"date":"2022-10-03T12:51:35","date_gmt":"2022-10-03T09:51:35","guid":{"rendered":"https:\/\/dementsus.ee\/?p=4993"},"modified":"2023-10-25T23:04:30","modified_gmt":"2023-10-25T20:04:30","slug":"konverentsi-dementsusega-inimese-teekond-ja-teekaaslased-saab-nuud-jarele-vaadata-veebis","status":"publish","type":"post","link":"https:\/\/dementsus.ee\/ru\/konverentsi-dementsusega-inimese-teekond-ja-teekaaslased-saab-nuud-jarele-vaadata-veebis\/","title":{"rendered":"Konverentsi \u201eDementsusega inimese teekond ja teekaaslased\u201c saab n\u00fc\u00fcd j\u00e4rele vaadata veebis"},"content":{"rendered":"<div dir=\"auto\" style=\"text-align: justify;\"><img fetchpriority=\"high\" decoding=\"async\" class=\"wp-image-5001 alignright\" src=\"https:\/\/dementsus.ee\/app\/uploads\/2022\/10\/DSC_4515-scaled.jpg\" alt=\"\" width=\"254\" height=\"304\" \/>Septembrikuus t\u00e4histati rahvusvaheliselt Alzheimeri p\u00e4eva. Selle raames korraldas Dementsuse Kompetentsikeskus \u00fcle Eesti seminare \u201cM\u00e4rka m\u00e4luh\u00e4irega inimest\u201d, mis toimusid J\u00f5geval, J\u00f5hvis, Hiiumaal, Raplas ja Viljandis. Lisaks toimusid veel Dementsuse S\u00f5prade infotunnid ning septembrikuud j\u00e4i l\u00f5petama konverents \u201eDementsusega inimese teekond ja teekaaslased\u201c, mis leidis aset P\u00e4rnus Estonia Resort Hotel &amp; Spa konverentsikeskuses 28. septembril 2022.<\/div>\n<div dir=\"auto\" style=\"text-align: justify;\">Kui seminaridele olid oodatud k\u00f5ik, keda dementsuse teema puudutab, siis konverentsile ootasime osalema just spetsialiste &#8212; dementsusega inimeste igap\u00e4evaelu toetajaid. Suur t\u00e4nu k\u00f5igile, kes osalesid!<\/div>\n<div dir=\"auto\" style=\"text-align: justify;\">Konverentsi eesm\u00e4rk oli n\u00e4idata l\u00e4bi erinevate vaatenurkade dementsusega inimese ja tema l\u00e4hedase elu Eestis ning v\u00f5imaldada spetsialistidel l\u00e4bi oma kogemuste jagamise leida lahendusi probleemsetele kohtadele.<\/div>\n<div dir=\"auto\" style=\"text-align: justify;\">Konverentsip\u00e4eva juhatas sisse Dementsuse Kompetentsikeskuse juht Pipi-Liis Siemann, kes andis \u00fcle soojad tervituss\u00f5nad k\u00f5igile osalejatele ning seej\u00e4rel tegi sissejuhatava ettekande teemal \u201cDementsusega inimese teekond\u201d, milles kirjeldas dementsusega inimese ja tema l\u00e4hedaste enimesinevaid ohuk<span style=\"font-size: 1.125rem;\">o<\/span><span style=\"font-size: 1.125rem;\">hti ning lahendamist vajavaid olukordi ning arutles, milline v\u00f5iks olla helgem teekond dementsusega inimese elus. <\/span><\/div>\n<p><img decoding=\"async\" class=\"wp-image-4997 alignleft\" style=\"font-size: 1.125rem;\" src=\"https:\/\/dementsus.ee\/app\/uploads\/2022\/10\/DSC_4635-scaled.jpg\" alt=\"\" width=\"431\" height=\"274\" \/><\/p>\n<div dir=\"auto\" style=\"text-align: justify;\">Seej\u00e4rel k\u00f5neles SA Viljandi Haigla sisearst Eleri Luhamets, kes tegi ettekande teemal \u201eSA Viljandi Haigla m\u00e4lukliiniku tulevikuplaanid\u201c.<\/div>\n<div dir=\"auto\" style=\"text-align: justify;\">Argo Soolep Tallinna Tervishoiu K\u00f5rgkoolist ja Eduard Ristoja Terviseametist k\u00f5nelesid hooldusdefitsiidist ja \u00fcksildusest, kus t\u00f5statasid k\u00fcsimuse, kas vajame sotsiaalset kiirabi? Sellele j\u00e4rgnes paneelarutelu teemal \u201cDementsusega inimene ohutult kodus ja \u00fchiskonnas\u201d, kus erinevatel ohutusteemadel- kuidas ja kes peaks selle tagama, arutlesid Ingrid Alt, perearst; Chris Ellermaa, l\u00e4hedaste esindaja MT\u00dcst Elu Dementsusega; Maarika Kurrikoff, Tartu Linnavalitsuse hoolekandeteenistuse juhataja; Marju Metsaots, L\u00e4\u00e4ne p\u00e4\u00e4stekeskuse ennetusb\u00fcroo ennetuspartner ja Alar Abel, P\u00f5hja-P\u00e4rnumaa valla piirkonnapolitseinik. <span style=\"font-size: 1.125rem;\">Paneelarutelu juhtis <\/span><span style=\"font-size: 1.125rem;\">Hanna-Stiina Hein<\/span><span style=\"font-size: 1.125rem;\">mets, tegevusterapeut ja koolitaja. Kuulajaid liigutas ja pani s\u00fcgavalt m\u00f5tlema filosoofiadoktori Merle Variku ettekanne teemal \u201cElu koos dementsusega l\u00e4hedasega\u201d, milles ettekandja t\u00f5i v\u00e4lja dementsusega inimeste l\u00e4hedaste <\/span><span style=\"font-size: 1.125rem;\">vaa<\/span><span style=\"font-size: 1.125rem;\">tenurki ja kogemuslugusid. <\/span>Konverentsip\u00e4eva teises pooles toimusid t\u00f6\u00f6toad ning nende esitlused ja arutelu. Osalejad arutlesid t\u00f6\u00f6tub<span style=\"font-size: 1.125rem;\">ades <\/span><span style=\"font-size: 1.125rem;\">ajutervise hoidmine ja m\u00e4lukeskuste loomise vajaduse \u00fcle ning dementsusega inimeste m\u00e4rkamise, toetavate teenuste disaini \u00fcle. Toodi nii h\u00e4id kui kahjuks ka halbu n\u00e4iteid, mille tulemusena said kirja soovitused ja lahendusk\u00e4igud, mida edaspidi t\u00f6\u00f6s kasutada.<\/span><\/div>\n<div dir=\"auto\" style=\"text-align: justify;\">Konverentsi \u201eDementsu<span style=\"font-size: 1.125rem;\">sega inimese teekond ja teekaaslased\u201c ettekandeid saab j\u00e4rele vaadata siit: <\/span><a class=\"qi72231t nu7423ey n3hqoq4p r86q59rh b3qcqh3k fq87ekyn bdao358l fsf7x5fv rse6dlih s5oniofx m8h3af8h l7ghb35v kjdc1dyq kmwttqpk srn514ro oxkhqvkx rl78xhln nch0832m cr00lzj9 rn8ck1ys s3jn8y49 icdlwmnq cxfqmxzd ezidihy3\" style=\"font-size: 1.125rem;\" tabindex=\"0\" role=\"link\" href=\"https:\/\/vimeo.com\/755761650?fbclid=IwAR0fmo3rlytjsSBGJ3qNQ3ET8W5wBVgVOPMCOerGUIIXcnWgpo_7RF3xSes\" target=\"_blank\" rel=\"nofollow noopener\">https:\/\/vimeo.com\/755761650<\/a><br \/>\nT\u00f6\u00f6tubades said osaleda vaid konverentsil f\u00fc\u00fcsiliselt osalenud ning t\u00f6\u00f6tubade kokkuv\u00f5tetega saab tutvuda varsti ilmuva ajakirja vahendusel.<br \/>\nKonverentsi pildigalerii on leitav\u00a0<a href=\"https:\/\/photos.google.com\/share\/AF1QipMAIFeqP7ocK_oxLNxcx_QOxRLHmgQ4gmpYpcN0ZCjOrNfN1btyKruY83b-UYvJOw?pli=1&amp;key=VThDOHpWZFdmMml0em1nS0NTRWRnbm1OSk5ZcmpB\"> SIIT<\/a><br \/>\nFotod: Teet Reier<\/div>\n","protected":false},"excerpt":{"rendered":"<p>Septembrikuus t\u00e4histati rahvusvaheliselt Alzheimeri p\u00e4eva. Selle raames korraldas Dementsuse Kompetentsikeskus \u00fcle Eesti seminare \u201cM\u00e4rka m\u00e4luh\u00e4irega inimest\u201d, mis toimusid J\u00f5geval, J\u00f5hvis, Hiiumaal, Raplas ja Viljandis. Lisaks toimusid veel Dementsuse S\u00f5prade infotunnid ning septembrikuud j\u00e4i l\u00f5petama konverents \u201eDementsusega inimese teekond ja teekaaslased\u201c, mis leidis aset P\u00e4rnus Estonia Resort Hotel &amp; Spa konverentsikeskuses 28. septembril 2022. Kui seminaridele [&hellip;]<\/p>\n","protected":false},"author":2,"featured_media":4997,"comment_status":"open","ping_status":"open","sticky":false,"template":"","format":"standard","meta":{"footnotes":""},"categories":[9],"tags":[],"autor":[],"class_list":["post-4993","post","type-post","status-publish","format-standard","has-post-thumbnail","hentry","category-uudised"],"yoast_head":"<!-- This site is optimized with the Yoast SEO plugin v26.2 - https:\/\/yoast.com\/wordpress\/plugins\/seo\/ -->\n<title>Konverentsi \u201eDementsusega inimese teekond ja teekaaslased\u201c saab n\u00fc\u00fcd j\u00e4rele vaadata veebis - Dementsuse Kompetentsikeskus<\/title>\n<meta name=\"robots\" content=\"index, follow, max-snippet:-1, max-image-preview:large, max-video-preview:-1\" \/>\n<link rel=\"canonical\" href=\"https:\/\/dementsus.ee\/ru\/konverentsi-dementsusega-inimese-teekond-ja-teekaaslased-saab-nuud-jarele-vaadata-veebis\/\" \/>\n<meta property=\"og:locale\" content=\"ru_RU\" \/>\n<meta property=\"og:type\" content=\"article\" \/>\n<meta property=\"og:title\" content=\"Konverentsi \u201eDementsusega inimese teekond ja teekaaslased\u201c saab n\u00fc\u00fcd j\u00e4rele vaadata veebis - Dementsuse Kompetentsikeskus\" \/>\n<meta property=\"og:description\" content=\"Septembrikuus t\u00e4histati rahvusvaheliselt Alzheimeri p\u00e4eva. Selle raames korraldas Dementsuse Kompetentsikeskus \u00fcle Eesti seminare \u201cM\u00e4rka m\u00e4luh\u00e4irega inimest\u201d, mis toimusid J\u00f5geval, J\u00f5hvis, Hiiumaal, Raplas ja Viljandis. Lisaks toimusid veel Dementsuse S\u00f5prade infotunnid ning septembrikuud j\u00e4i l\u00f5petama konverents \u201eDementsusega inimese teekond ja teekaaslased\u201c, mis leidis aset P\u00e4rnus Estonia Resort Hotel &amp; Spa konverentsikeskuses 28. septembril 2022. Kui seminaridele [&hellip;]\" \/>\n<meta property=\"og:url\" content=\"https:\/\/dementsus.ee\/ru\/konverentsi-dementsusega-inimese-teekond-ja-teekaaslased-saab-nuud-jarele-vaadata-veebis\/\" \/>\n<meta property=\"og:site_name\" content=\"Dementsuse Kompetentsikeskus\" \/>\n<meta property=\"article:published_time\" content=\"2022-10-03T09:51:35+00:00\" \/>\n<meta property=\"article:modified_time\" content=\"2023-10-25T20:04:30+00:00\" \/>\n<meta property=\"og:image\" content=\"https:\/\/dementsus.ee\/wp-content\/uploads\/2022\/10\/DSC_4635-scaled-1.jpg\" \/>\n\t<meta property=\"og:image:width\" content=\"2048\" \/>\n\t<meta property=\"og:image:height\" content=\"1302\" \/>\n\t<meta property=\"og:image:type\" content=\"image\/jpeg\" \/>\n<meta name=\"author\" content=\"Kermo\" \/>\n<meta name=\"twitter:card\" content=\"summary_large_image\" \/>\n<meta name=\"twitter:label1\" content=\"\u041d\u0430\u043f\u0438\u0441\u0430\u043d\u043e \u0430\u0432\u0442\u043e\u0440\u043e\u043c\" \/>\n\t<meta name=\"twitter:data1\" content=\"Kermo\" \/>\n\t<meta name=\"twitter:label2\" content=\"\u041f\u0440\u0438\u043c\u0435\u0440\u043d\u043e\u0435 \u0432\u0440\u0435\u043c\u044f \u0434\u043b\u044f \u0447\u0442\u0435\u043d\u0438\u044f\" \/>\n\t<meta name=\"twitter:data2\" content=\"3 \u043c\u0438\u043d\u0443\u0442\u044b\" \/>\n<script type=\"application\/ld+json\" class=\"yoast-schema-graph\">{\"@context\":\"https:\/\/schema.org\",\"@graph\":[{\"@type\":\"Article\",\"@id\":\"https:\/\/dementsus.ee\/ru\/konverentsi-dementsusega-inimese-teekond-ja-teekaaslased-saab-nuud-jarele-vaadata-veebis\/#article\",\"isPartOf\":{\"@id\":\"https:\/\/dementsus.ee\/ru\/konverentsi-dementsusega-inimese-teekond-ja-teekaaslased-saab-nuud-jarele-vaadata-veebis\/\"},\"author\":{\"name\":\"Kermo\",\"@id\":\"https:\/\/dementsus.ee\/ru\/#\/schema\/person\/dd93d64f20e6c5add626937f6b5931ed\"},\"headline\":\"Konverentsi \u201eDementsusega inimese teekond ja teekaaslased\u201c saab n\u00fc\u00fcd j\u00e4rele vaadata veebis\",\"datePublished\":\"2022-10-03T09:51:35+00:00\",\"dateModified\":\"2023-10-25T20:04:30+00:00\",\"mainEntityOfPage\":{\"@id\":\"https:\/\/dementsus.ee\/ru\/konverentsi-dementsusega-inimese-teekond-ja-teekaaslased-saab-nuud-jarele-vaadata-veebis\/\"},\"wordCount\":428,\"commentCount\":0,\"publisher\":{\"@id\":\"https:\/\/dementsus.ee\/ru\/#organization\"},\"image\":{\"@id\":\"https:\/\/dementsus.ee\/ru\/konverentsi-dementsusega-inimese-teekond-ja-teekaaslased-saab-nuud-jarele-vaadata-veebis\/#primaryimage\"},\"thumbnailUrl\":\"https:\/\/dementsus.ee\/wp-content\/uploads\/2022\/10\/DSC_4635-scaled-1.jpg\",\"articleSection\":[\"Uudised\"],\"inLanguage\":\"ru-RU\"},{\"@type\":\"WebPage\",\"@id\":\"https:\/\/dementsus.ee\/ru\/konverentsi-dementsusega-inimese-teekond-ja-teekaaslased-saab-nuud-jarele-vaadata-veebis\/\",\"url\":\"https:\/\/dementsus.ee\/ru\/konverentsi-dementsusega-inimese-teekond-ja-teekaaslased-saab-nuud-jarele-vaadata-veebis\/\",\"name\":\"Konverentsi \u201eDementsusega inimese teekond ja teekaaslased\u201c saab n\u00fc\u00fcd j\u00e4rele vaadata veebis - Dementsuse Kompetentsikeskus\",\"isPartOf\":{\"@id\":\"https:\/\/dementsus.ee\/ru\/#website\"},\"primaryImageOfPage\":{\"@id\":\"https:\/\/dementsus.ee\/ru\/konverentsi-dementsusega-inimese-teekond-ja-teekaaslased-saab-nuud-jarele-vaadata-veebis\/#primaryimage\"},\"image\":{\"@id\":\"https:\/\/dementsus.ee\/ru\/konverentsi-dementsusega-inimese-teekond-ja-teekaaslased-saab-nuud-jarele-vaadata-veebis\/#primaryimage\"},\"thumbnailUrl\":\"https:\/\/dementsus.ee\/wp-content\/uploads\/2022\/10\/DSC_4635-scaled-1.jpg\",\"datePublished\":\"2022-10-03T09:51:35+00:00\",\"dateModified\":\"2023-10-25T20:04:30+00:00\",\"breadcrumb\":{\"@id\":\"https:\/\/dementsus.ee\/ru\/konverentsi-dementsusega-inimese-teekond-ja-teekaaslased-saab-nuud-jarele-vaadata-veebis\/#breadcrumb\"},\"inLanguage\":\"ru-RU\",\"potentialAction\":[{\"@type\":\"ReadAction\",\"target\":[\"https:\/\/dementsus.ee\/ru\/konverentsi-dementsusega-inimese-teekond-ja-teekaaslased-saab-nuud-jarele-vaadata-veebis\/\"]}]},{\"@type\":\"ImageObject\",\"inLanguage\":\"ru-RU\",\"@id\":\"https:\/\/dementsus.ee\/ru\/konverentsi-dementsusega-inimese-teekond-ja-teekaaslased-saab-nuud-jarele-vaadata-veebis\/#primaryimage\",\"url\":\"https:\/\/dementsus.ee\/wp-content\/uploads\/2022\/10\/DSC_4635-scaled-1.jpg\",\"contentUrl\":\"https:\/\/dementsus.ee\/wp-content\/uploads\/2022\/10\/DSC_4635-scaled-1.jpg\",\"width\":2048,\"height\":1302},{\"@type\":\"BreadcrumbList\",\"@id\":\"https:\/\/dementsus.ee\/ru\/konverentsi-dementsusega-inimese-teekond-ja-teekaaslased-saab-nuud-jarele-vaadata-veebis\/#breadcrumb\",\"itemListElement\":[{\"@type\":\"ListItem\",\"position\":1,\"name\":\"Esileht\",\"item\":\"https:\/\/dementsus.ee\/ru\/\"},{\"@type\":\"ListItem\",\"position\":2,\"name\":\"Konverentsi \u201eDementsusega inimese teekond ja teekaaslased\u201c saab n\u00fc\u00fcd j\u00e4rele vaadata veebis\"}]},{\"@type\":\"WebSite\",\"@id\":\"https:\/\/dementsus.ee\/ru\/#website\",\"url\":\"https:\/\/dementsus.ee\/ru\/\",\"name\":\"Dementsuse Kompetentsikeskus\",\"description\":\"dementsuse info ja abi\",\"publisher\":{\"@id\":\"https:\/\/dementsus.ee\/ru\/#organization\"},\"potentialAction\":[{\"@type\":\"SearchAction\",\"target\":{\"@type\":\"EntryPoint\",\"urlTemplate\":\"https:\/\/dementsus.ee\/ru\/?s={search_term_string}\"},\"query-input\":{\"@type\":\"PropertyValueSpecification\",\"valueRequired\":true,\"valueName\":\"search_term_string\"}}],\"inLanguage\":\"ru-RU\"},{\"@type\":\"Organization\",\"@id\":\"https:\/\/dementsus.ee\/ru\/#organization\",\"name\":\"Dementsuse Kompetentsikeskus\",\"url\":\"https:\/\/dementsus.ee\/ru\/\",\"logo\":{\"@type\":\"ImageObject\",\"inLanguage\":\"ru-RU\",\"@id\":\"https:\/\/dementsus.ee\/ru\/#\/schema\/logo\/image\/\",\"url\":\"https:\/\/dementsus.ee\/wp-content\/uploads\/2023\/07\/ED_logo_kodukale.svg\",\"contentUrl\":\"https:\/\/dementsus.ee\/wp-content\/uploads\/2023\/07\/ED_logo_kodukale.svg\",\"caption\":\"Dementsuse Kompetentsikeskus\"},\"image\":{\"@id\":\"https:\/\/dementsus.ee\/ru\/#\/schema\/logo\/image\/\"}},{\"@type\":\"Person\",\"@id\":\"https:\/\/dementsus.ee\/ru\/#\/schema\/person\/dd93d64f20e6c5add626937f6b5931ed\",\"name\":\"Kermo\",\"image\":{\"@type\":\"ImageObject\",\"inLanguage\":\"ru-RU\",\"@id\":\"https:\/\/dementsus.ee\/ru\/#\/schema\/person\/image\/\",\"url\":\"https:\/\/secure.gravatar.com\/avatar\/b2f0128e9063b66b5c6e595d8f4c39037d52f729089f1ad5afc34656e1d58a64?s=96&d=mm&r=g\",\"contentUrl\":\"https:\/\/secure.gravatar.com\/avatar\/b2f0128e9063b66b5c6e595d8f4c39037d52f729089f1ad5afc34656e1d58a64?s=96&d=mm&r=g\",\"caption\":\"Kermo\"},\"url\":\"https:\/\/dementsus.ee\/ru\/author\/kermo\/\"}]}<\/script>\n<!-- \/ Yoast SEO plugin. -->","yoast_head_json":{"title":"Konverentsi \u201eDementsusega inimese teekond ja teekaaslased\u201c saab n\u00fc\u00fcd j\u00e4rele vaadata veebis - Dementsuse Kompetentsikeskus","robots":{"index":"index","follow":"follow","max-snippet":"max-snippet:-1","max-image-preview":"max-image-preview:large","max-video-preview":"max-video-preview:-1"},"canonical":"https:\/\/dementsus.ee\/ru\/konverentsi-dementsusega-inimese-teekond-ja-teekaaslased-saab-nuud-jarele-vaadata-veebis\/","og_locale":"ru_RU","og_type":"article","og_title":"Konverentsi \u201eDementsusega inimese teekond ja teekaaslased\u201c saab n\u00fc\u00fcd j\u00e4rele vaadata veebis - Dementsuse Kompetentsikeskus","og_description":"Septembrikuus t\u00e4histati rahvusvaheliselt Alzheimeri p\u00e4eva. Selle raames korraldas Dementsuse Kompetentsikeskus \u00fcle Eesti seminare \u201cM\u00e4rka m\u00e4luh\u00e4irega inimest\u201d, mis toimusid J\u00f5geval, J\u00f5hvis, Hiiumaal, Raplas ja Viljandis. Lisaks toimusid veel Dementsuse S\u00f5prade infotunnid ning septembrikuud j\u00e4i l\u00f5petama konverents \u201eDementsusega inimese teekond ja teekaaslased\u201c, mis leidis aset P\u00e4rnus Estonia Resort Hotel &amp; Spa konverentsikeskuses 28. septembril 2022. Kui seminaridele [&hellip;]","og_url":"https:\/\/dementsus.ee\/ru\/konverentsi-dementsusega-inimese-teekond-ja-teekaaslased-saab-nuud-jarele-vaadata-veebis\/","og_site_name":"Dementsuse Kompetentsikeskus","article_published_time":"2022-10-03T09:51:35+00:00","article_modified_time":"2023-10-25T20:04:30+00:00","og_image":[{"width":2048,"height":1302,"url":"https:\/\/dementsus.ee\/wp-content\/uploads\/2022\/10\/DSC_4635-scaled-1.jpg","type":"image\/jpeg"}],"author":"Kermo","twitter_card":"summary_large_image","twitter_misc":{"\u041d\u0430\u043f\u0438\u0441\u0430\u043d\u043e \u0430\u0432\u0442\u043e\u0440\u043e\u043c":"Kermo","\u041f\u0440\u0438\u043c\u0435\u0440\u043d\u043e\u0435 \u0432\u0440\u0435\u043c\u044f \u0434\u043b\u044f \u0447\u0442\u0435\u043d\u0438\u044f":"3 \u043c\u0438\u043d\u0443\u0442\u044b"},"schema":{"@context":"https:\/\/schema.org","@graph":[{"@type":"Article","@id":"https:\/\/dementsus.ee\/ru\/konverentsi-dementsusega-inimese-teekond-ja-teekaaslased-saab-nuud-jarele-vaadata-veebis\/#article","isPartOf":{"@id":"https:\/\/dementsus.ee\/ru\/konverentsi-dementsusega-inimese-teekond-ja-teekaaslased-saab-nuud-jarele-vaadata-veebis\/"},"author":{"name":"Kermo","@id":"https:\/\/dementsus.ee\/ru\/#\/schema\/person\/dd93d64f20e6c5add626937f6b5931ed"},"headline":"Konverentsi \u201eDementsusega inimese teekond ja teekaaslased\u201c saab n\u00fc\u00fcd j\u00e4rele vaadata veebis","datePublished":"2022-10-03T09:51:35+00:00","dateModified":"2023-10-25T20:04:30+00:00","mainEntityOfPage":{"@id":"https:\/\/dementsus.ee\/ru\/konverentsi-dementsusega-inimese-teekond-ja-teekaaslased-saab-nuud-jarele-vaadata-veebis\/"},"wordCount":428,"commentCount":0,"publisher":{"@id":"https:\/\/dementsus.ee\/ru\/#organization"},"image":{"@id":"https:\/\/dementsus.ee\/ru\/konverentsi-dementsusega-inimese-teekond-ja-teekaaslased-saab-nuud-jarele-vaadata-veebis\/#primaryimage"},"thumbnailUrl":"https:\/\/dementsus.ee\/wp-content\/uploads\/2022\/10\/DSC_4635-scaled-1.jpg","articleSection":["Uudised"],"inLanguage":"ru-RU"},{"@type":"WebPage","@id":"https:\/\/dementsus.ee\/ru\/konverentsi-dementsusega-inimese-teekond-ja-teekaaslased-saab-nuud-jarele-vaadata-veebis\/","url":"https:\/\/dementsus.ee\/ru\/konverentsi-dementsusega-inimese-teekond-ja-teekaaslased-saab-nuud-jarele-vaadata-veebis\/","name":"Konverentsi \u201eDementsusega inimese teekond ja teekaaslased\u201c saab n\u00fc\u00fcd j\u00e4rele vaadata veebis - Dementsuse Kompetentsikeskus","isPartOf":{"@id":"https:\/\/dementsus.ee\/ru\/#website"},"primaryImageOfPage":{"@id":"https:\/\/dementsus.ee\/ru\/konverentsi-dementsusega-inimese-teekond-ja-teekaaslased-saab-nuud-jarele-vaadata-veebis\/#primaryimage"},"image":{"@id":"https:\/\/dementsus.ee\/ru\/konverentsi-dementsusega-inimese-teekond-ja-teekaaslased-saab-nuud-jarele-vaadata-veebis\/#primaryimage"},"thumbnailUrl":"https:\/\/dementsus.ee\/wp-content\/uploads\/2022\/10\/DSC_4635-scaled-1.jpg","datePublished":"2022-10-03T09:51:35+00:00","dateModified":"2023-10-25T20:04:30+00:00","breadcrumb":{"@id":"https:\/\/dementsus.ee\/ru\/konverentsi-dementsusega-inimese-teekond-ja-teekaaslased-saab-nuud-jarele-vaadata-veebis\/#breadcrumb"},"inLanguage":"ru-RU","potentialAction":[{"@type":"ReadAction","target":["https:\/\/dementsus.ee\/ru\/konverentsi-dementsusega-inimese-teekond-ja-teekaaslased-saab-nuud-jarele-vaadata-veebis\/"]}]},{"@type":"ImageObject","inLanguage":"ru-RU","@id":"https:\/\/dementsus.ee\/ru\/konverentsi-dementsusega-inimese-teekond-ja-teekaaslased-saab-nuud-jarele-vaadata-veebis\/#primaryimage","url":"https:\/\/dementsus.ee\/wp-content\/uploads\/2022\/10\/DSC_4635-scaled-1.jpg","contentUrl":"https:\/\/dementsus.ee\/wp-content\/uploads\/2022\/10\/DSC_4635-scaled-1.jpg","width":2048,"height":1302},{"@type":"BreadcrumbList","@id":"https:\/\/dementsus.ee\/ru\/konverentsi-dementsusega-inimese-teekond-ja-teekaaslased-saab-nuud-jarele-vaadata-veebis\/#breadcrumb","itemListElement":[{"@type":"ListItem","position":1,"name":"Esileht","item":"https:\/\/dementsus.ee\/ru\/"},{"@type":"ListItem","position":2,"name":"Konverentsi \u201eDementsusega inimese teekond ja teekaaslased\u201c saab n\u00fc\u00fcd j\u00e4rele vaadata veebis"}]},{"@type":"WebSite","@id":"https:\/\/dementsus.ee\/ru\/#website","url":"https:\/\/dementsus.ee\/ru\/","name":"Dementsuse Kompetentsikeskus","description":"dementsuse info ja abi","publisher":{"@id":"https:\/\/dementsus.ee\/ru\/#organization"},"potentialAction":[{"@type":"SearchAction","target":{"@type":"EntryPoint","urlTemplate":"https:\/\/dementsus.ee\/ru\/?s={search_term_string}"},"query-input":{"@type":"PropertyValueSpecification","valueRequired":true,"valueName":"search_term_string"}}],"inLanguage":"ru-RU"},{"@type":"Organization","@id":"https:\/\/dementsus.ee\/ru\/#organization","name":"Dementsuse Kompetentsikeskus","url":"https:\/\/dementsus.ee\/ru\/","logo":{"@type":"ImageObject","inLanguage":"ru-RU","@id":"https:\/\/dementsus.ee\/ru\/#\/schema\/logo\/image\/","url":"https:\/\/dementsus.ee\/wp-content\/uploads\/2023\/07\/ED_logo_kodukale.svg","contentUrl":"https:\/\/dementsus.ee\/wp-content\/uploads\/2023\/07\/ED_logo_kodukale.svg","caption":"Dementsuse Kompetentsikeskus"},"image":{"@id":"https:\/\/dementsus.ee\/ru\/#\/schema\/logo\/image\/"}},{"@type":"Person","@id":"https:\/\/dementsus.ee\/ru\/#\/schema\/person\/dd93d64f20e6c5add626937f6b5931ed","name":"Kermo","image":{"@type":"ImageObject","inLanguage":"ru-RU","@id":"https:\/\/dementsus.ee\/ru\/#\/schema\/person\/image\/","url":"https:\/\/secure.gravatar.com\/avatar\/b2f0128e9063b66b5c6e595d8f4c39037d52f729089f1ad5afc34656e1d58a64?s=96&d=mm&r=g","contentUrl":"https:\/\/secure.gravatar.com\/avatar\/b2f0128e9063b66b5c6e595d8f4c39037d52f729089f1ad5afc34656e1d58a64?s=96&d=mm&r=g","caption":"Kermo"},"url":"https:\/\/dementsus.ee\/ru\/author\/kermo\/"}]}},"_links":{"self":[{"href":"https:\/\/dementsus.ee\/ru\/wp-json\/wp\/v2\/posts\/4993","targetHints":{"allow":["GET"]}}],"collection":[{"href":"https:\/\/dementsus.ee\/ru\/wp-json\/wp\/v2\/posts"}],"about":[{"href":"https:\/\/dementsus.ee\/ru\/wp-json\/wp\/v2\/types\/post"}],"author":[{"embeddable":true,"href":"https:\/\/dementsus.ee\/ru\/wp-json\/wp\/v2\/users\/2"}],"replies":[{"embeddable":true,"href":"https:\/\/dementsus.ee\/ru\/wp-json\/wp\/v2\/comments?post=4993"}],"version-history":[{"count":1,"href":"https:\/\/dementsus.ee\/ru\/wp-json\/wp\/v2\/posts\/4993\/revisions"}],"predecessor-version":[{"id":11516,"href":"https:\/\/dementsus.ee\/ru\/wp-json\/wp\/v2\/posts\/4993\/revisions\/11516"}],"wp:featuredmedia":[{"embeddable":true,"href":"https:\/\/dementsus.ee\/ru\/wp-json\/wp\/v2\/media\/4997"}],"wp:attachment":[{"href":"https:\/\/dementsus.ee\/ru\/wp-json\/wp\/v2\/media?parent=4993"}],"wp:term":[{"taxonomy":"category","embeddable":true,"href":"https:\/\/dementsus.ee\/ru\/wp-json\/wp\/v2\/categories?post=4993"},{"taxonomy":"post_tag","embeddable":true,"href":"https:\/\/dementsus.ee\/ru\/wp-json\/wp\/v2\/tags?post=4993"},{"taxonomy":"autor","embeddable":true,"href":"https:\/\/dementsus.ee\/ru\/wp-json\/wp\/v2\/autor?post=4993"}],"curies":[{"name":"wp","href":"https:\/\/api.w.org\/{rel}","templated":true}]}}